{"id":1494,"date":"2024-09-03T08:00:54","date_gmt":"2024-09-03T14:00:54","guid":{"rendered":"https:\/\/www.nexoinformativo.mx\/?p=1494"},"modified":"2024-09-03T12:44:03","modified_gmt":"2024-09-03T18:44:03","slug":"aparatoso-accidente-en-acceso-a-los-cues-dos-vehiculos-volcados-y-sin-lesionados","status":"publish","type":"post","link":"https:\/\/www.nexoinformativo.mx\/index.php\/2024\/09\/03\/aparatoso-accidente-en-acceso-a-los-cues-dos-vehiculos-volcados-y-sin-lesionados\/","title":{"rendered":"Aparatoso accidente en acceso a Los Cues, dos veh\u00edculos volcados sin lesionados"},"content":{"rendered":"<p style=\"text-align: justify;\">Un accidente automovil\u00edstico se registr\u00f3 en la carretera 57, en el acceso a Los Cues, cerca del Parque Industrial Bernardo Quintana, donde dos veh\u00edculos terminaron volcados debido a las condiciones del camino. Afortunadamente, no se reportaron personas lesionadas.<\/p>\n<p>&nbsp;<\/p>\n<p style=\"text-align: justify;\">El incidente ocurri\u00f3 cuando ambos conductores tomaron una curva y sus veh\u00edculos derraparon debido a la tierra que arrastr\u00f3 la lluvia, lo que provoc\u00f3 la p\u00e9rdida de control y la posterior volcadura de los autom\u00f3viles. Este tipo de situaciones se incrementan durante la temporada de lluvias, por lo que se recomienda extremar precauciones.<\/p>\n<p>&nbsp;<\/p>\n<p style=\"text-align: justify;\">Al lugar del accidente acudi\u00f3 personal de Protecci\u00f3n Civil de El Marqu\u00e9s, quienes valoraron a tres personas implicadas en el accidente. Afortunadamente, ninguna de ellas requiri\u00f3 traslado m\u00e9dico, ya que no presentaron lesiones graves.<\/p>\n<p>&nbsp;<\/p>\n<p style=\"text-align: justify;\">Elementos de la Polic\u00eda Estatal tambi\u00e9n se presentaron en el lugar para colocar se\u00f1alamientos de seguridad y evitar m\u00e1s incidentes en la zona. Las autoridades reiteran a los automovilistas la importancia de conducir con precauci\u00f3n, especialmente en condiciones de lluvia, cuando la carretera puede volverse resbaladiza y peligrosa.<\/p>\n<p>&nbsp;<\/p>\n<p style=\"text-align: justify;\">Este tipo de incidentes resalta la necesidad de mantener una conducci\u00f3n defensiva y estar siempre alerta ante posibles obst\u00e1culos en la v\u00eda. Las autoridades locales contin\u00faan exhortando a la ciudadan\u00eda a manejar con responsabilidad y a reducir la velocidad en tramos de carretera donde el clima y las condiciones del terreno pueden representar un riesgo.<\/p>\n","protected":false},"excerpt":{"rendered":"<p>Un accidente automovil\u00edstico se registr\u00f3 en la carretera 57, en el acceso a Los Cues, cerca del Parque Industrial Bernardo Quintana, donde dos veh\u00edculos terminaron volcados debido a las condiciones del camino. Afortunadamente, no se reportaron personas lesionadas.<\/p>\n","protected":false},"author":3,"featured_media":1495,"comment_status":"open","ping_status":"open","sticky":false,"template":"","format":"standard","meta":{"footnotes":""},"categories":[65,58],"tags":[451,449,154,151,450],"class_list":["post-1494","post","type-post","status-publish","format-standard","has-post-thumbnail","hentry","category-municipios","category-ultima-hora","tag-conduceconcuidad","tag-precaucionalconducir","tag-proteccioncivil","tag-seguridadvial","tag-temporadadelluvias"],"yoast_head":"<!-- This site is optimized with the Yoast SEO plugin v25.0 - https:\/\/yoast.com\/wordpress\/plugins\/seo\/ -->\n<title>Aparatoso accidente en acceso a Los Cues, dos veh\u00edculos volcados sin lesionados | Nexo Informativo Santiago de Quer\u00e9taro<\/title>\n<meta name=\"description\" content=\"Aparatoso accidente en acceso a Los Cues, dos veh\u00edculos volcados sin lesionados\" \/>\n<meta name=\"robots\" content=\"index, follow, max-snippet:-1, max-image-preview:large, max-video-preview:-1\" \/>\n<link rel=\"canonical\" href=\"https:\/\/www.nexoinformativo.mx\/index.php\/2024\/09\/03\/aparatoso-accidente-en-acceso-a-los-cues-dos-vehiculos-volcados-y-sin-lesionados\/\" \/>\n<meta property=\"og:locale\" content=\"es_MX\" \/>\n<meta property=\"og:type\" content=\"article\" \/>\n<meta property=\"og:title\" content=\"Aparatoso accidente en acceso a Los Cues, dos veh\u00edculos volcados sin lesionados | Nexo Informativo Santiago de Quer\u00e9taro\" \/>\n<meta property=\"og:description\" content=\"Aparatoso accidente en acceso a Los Cues, dos veh\u00edculos volcados sin lesionados\" \/>\n<meta property=\"og:url\" content=\"https:\/\/www.nexoinformativo.mx\/index.php\/2024\/09\/03\/aparatoso-accidente-en-acceso-a-los-cues-dos-vehiculos-volcados-y-sin-lesionados\/\" \/>\n<meta property=\"og:site_name\" content=\"Nexo Informativo Santiago de Quer\u00e9taro\" \/>\n<meta property=\"article:publisher\" content=\"https:\/\/www.facebook.com\/people\/Nexo-Informativo\/61564066885511\/\" \/>\n<meta property=\"article:published_time\" content=\"2024-09-03T14:00:54+00:00\" \/>\n<meta property=\"article:modified_time\" content=\"2024-09-03T18:44:03+00:00\" \/>\n<meta property=\"og:image\" content=\"https:\/\/www.nexoinformativo.mx\/wp-content\/uploads\/2024\/09\/PHOTO-2024-09-03-09-35-47-e1725383844422.jpg\" \/>\n\t<meta property=\"og:image:width\" content=\"800\" \/>\n\t<meta property=\"og:image:height\" content=\"513\" \/>\n\t<meta property=\"og:image:type\" content=\"image\/jpeg\" \/>\n<meta name=\"author\" content=\"Nexo Informativo\" \/>\n<meta name=\"twitter:card\" content=\"summary_large_image\" \/>\n<meta name=\"twitter:label1\" content=\"Escrito por\" \/>\n\t<meta name=\"twitter:data1\" content=\"Nexo Informativo\" \/>\n\t<meta name=\"twitter:label2\" content=\"Tiempo de lectura\" \/>\n\t<meta name=\"twitter:data2\" content=\"2 minutos\" \/>\n<script type=\"application\/ld+json\" class=\"yoast-schema-graph\">{\"@context\":\"https:\/\/schema.org\",\"@graph\":[{\"@type\":\"Article\",\"@id\":\"https:\/\/www.nexoinformativo.mx\/index.php\/2024\/09\/03\/aparatoso-accidente-en-acceso-a-los-cues-dos-vehiculos-volcados-y-sin-lesionados\/#article\",\"isPartOf\":{\"@id\":\"https:\/\/www.nexoinformativo.mx\/index.php\/2024\/09\/03\/aparatoso-accidente-en-acceso-a-los-cues-dos-vehiculos-volcados-y-sin-lesionados\/\"},\"author\":{\"name\":\"Nexo Informativo\",\"@id\":\"https:\/\/www.nexoinformativo.mx\/#\/schema\/person\/7749d380ba08c8ca00d7bc76fd907b7d\"},\"headline\":\"Aparatoso accidente en acceso a Los Cues, dos veh\u00edculos volcados sin lesionados\",\"datePublished\":\"2024-09-03T14:00:54+00:00\",\"dateModified\":\"2024-09-03T18:44:03+00:00\",\"mainEntityOfPage\":{\"@id\":\"https:\/\/www.nexoinformativo.mx\/index.php\/2024\/09\/03\/aparatoso-accidente-en-acceso-a-los-cues-dos-vehiculos-volcados-y-sin-lesionados\/\"},\"wordCount\":262,\"commentCount\":0,\"publisher\":{\"@id\":\"https:\/\/www.nexoinformativo.mx\/#organization\"},\"image\":{\"@id\":\"https:\/\/www.nexoinformativo.mx\/index.php\/2024\/09\/03\/aparatoso-accidente-en-acceso-a-los-cues-dos-vehiculos-volcados-y-sin-lesionados\/#primaryimage\"},\"thumbnailUrl\":\"https:\/\/www.nexoinformativo.mx\/wp-content\/uploads\/2024\/09\/PHOTO-2024-09-03-09-35-47-e1725383844422.jpg\",\"keywords\":[\"ConduceConCuidad\",\"Precauci\u00f3nAlConducir\",\"proteccioncivil\",\"seguridadvial\",\"TemporadaDeLluvias\"],\"articleSection\":[\"Municipios\",\"\u00daltima Hora\"],\"inLanguage\":\"es\",\"potentialAction\":[{\"@type\":\"CommentAction\",\"name\":\"Comment\",\"target\":[\"https:\/\/www.nexoinformativo.mx\/index.php\/2024\/09\/03\/aparatoso-accidente-en-acceso-a-los-cues-dos-vehiculos-volcados-y-sin-lesionados\/#respond\"]}]},{\"@type\":\"WebPage\",\"@id\":\"https:\/\/www.nexoinformativo.mx\/index.php\/2024\/09\/03\/aparatoso-accidente-en-acceso-a-los-cues-dos-vehiculos-volcados-y-sin-lesionados\/\",\"url\":\"https:\/\/www.nexoinformativo.mx\/index.php\/2024\/09\/03\/aparatoso-accidente-en-acceso-a-los-cues-dos-vehiculos-volcados-y-sin-lesionados\/\",\"name\":\"Aparatoso accidente en acceso a Los Cues, dos veh\u00edculos volcados sin lesionados | Nexo Informativo Santiago de Quer\u00e9taro\",\"isPartOf\":{\"@id\":\"https:\/\/www.nexoinformativo.mx\/#website\"},\"primaryImageOfPage\":{\"@id\":\"https:\/\/www.nexoinformativo.mx\/index.php\/2024\/09\/03\/aparatoso-accidente-en-acceso-a-los-cues-dos-vehiculos-volcados-y-sin-lesionados\/#primaryimage\"},\"image\":{\"@id\":\"https:\/\/www.nexoinformativo.mx\/index.php\/2024\/09\/03\/aparatoso-accidente-en-acceso-a-los-cues-dos-vehiculos-volcados-y-sin-lesionados\/#primaryimage\"},\"thumbnailUrl\":\"https:\/\/www.nexoinformativo.mx\/wp-content\/uploads\/2024\/09\/PHOTO-2024-09-03-09-35-47-e1725383844422.jpg\",\"datePublished\":\"2024-09-03T14:00:54+00:00\",\"dateModified\":\"2024-09-03T18:44:03+00:00\",\"description\":\"Aparatoso accidente en acceso a Los Cues, dos veh\u00edculos volcados sin lesionados\",\"breadcrumb\":{\"@id\":\"https:\/\/www.nexoinformativo.mx\/index.php\/2024\/09\/03\/aparatoso-accidente-en-acceso-a-los-cues-dos-vehiculos-volcados-y-sin-lesionados\/#breadcrumb\"},\"inLanguage\":\"es\",\"potentialAction\":[{\"@type\":\"ReadAction\",\"target\":[\"https:\/\/www.nexoinformativo.mx\/index.php\/2024\/09\/03\/aparatoso-accidente-en-acceso-a-los-cues-dos-vehiculos-volcados-y-sin-lesionados\/\"]}]},{\"@type\":\"ImageObject\",\"inLanguage\":\"es\",\"@id\":\"https:\/\/www.nexoinformativo.mx\/index.php\/2024\/09\/03\/aparatoso-accidente-en-acceso-a-los-cues-dos-vehiculos-volcados-y-sin-lesionados\/#primaryimage\",\"url\":\"https:\/\/www.nexoinformativo.mx\/wp-content\/uploads\/2024\/09\/PHOTO-2024-09-03-09-35-47-e1725383844422.jpg\",\"contentUrl\":\"https:\/\/www.nexoinformativo.mx\/wp-content\/uploads\/2024\/09\/PHOTO-2024-09-03-09-35-47-e1725383844422.jpg\",\"width\":800,\"height\":513},{\"@type\":\"BreadcrumbList\",\"@id\":\"https:\/\/www.nexoinformativo.mx\/index.php\/2024\/09\/03\/aparatoso-accidente-en-acceso-a-los-cues-dos-vehiculos-volcados-y-sin-lesionados\/#breadcrumb\",\"itemListElement\":[{\"@type\":\"ListItem\",\"position\":1,\"name\":\"Inicio\",\"item\":\"https:\/\/www.nexoinformativo.mx\/\"},{\"@type\":\"ListItem\",\"position\":2,\"name\":\"Aparatoso accidente en acceso a Los Cues, dos veh\u00edculos volcados sin lesionados\"}]},{\"@type\":\"WebSite\",\"@id\":\"https:\/\/www.nexoinformativo.mx\/#website\",\"url\":\"https:\/\/www.nexoinformativo.mx\/\",\"name\":\"Nexo Informativo Santiago de Quer\u00e9taro\",\"description\":\"Explora NexoInformativo y convi\u00e9rtete en parte de una comunidad que valora el conocimiento y la verdad. Tu nexoinformativo es tu puente hacia una comprensi\u00f3n m\u00e1s profunda del mundo que te rodea.\",\"publisher\":{\"@id\":\"https:\/\/www.nexoinformativo.mx\/#organization\"},\"potentialAction\":[{\"@type\":\"SearchAction\",\"target\":{\"@type\":\"EntryPoint\",\"urlTemplate\":\"https:\/\/www.nexoinformativo.mx\/?s={search_term_string}\"},\"query-input\":{\"@type\":\"PropertyValueSpecification\",\"valueRequired\":true,\"valueName\":\"search_term_string\"}}],\"inLanguage\":\"es\"},{\"@type\":\"Organization\",\"@id\":\"https:\/\/www.nexoinformativo.mx\/#organization\",\"name\":\"Nexo Informativo Santiago de Quer\u00e9taro\",\"url\":\"https:\/\/www.nexoinformativo.mx\/\",\"logo\":{\"@type\":\"ImageObject\",\"inLanguage\":\"es\",\"@id\":\"https:\/\/www.nexoinformativo.mx\/#\/schema\/logo\/image\/\",\"url\":\"https:\/\/www.nexoinformativo.mx\/wp-content\/uploads\/2024\/07\/nexoi-trasparente-2.png\",\"contentUrl\":\"https:\/\/www.nexoinformativo.mx\/wp-content\/uploads\/2024\/07\/nexoi-trasparente-2.png\",\"width\":816,\"height\":339,\"caption\":\"Nexo Informativo Santiago de Quer\u00e9taro\"},\"image\":{\"@id\":\"https:\/\/www.nexoinformativo.mx\/#\/schema\/logo\/image\/\"},\"sameAs\":[\"https:\/\/www.facebook.com\/people\/Nexo-Informativo\/61564066885511\/\"]},{\"@type\":\"Person\",\"@id\":\"https:\/\/www.nexoinformativo.mx\/#\/schema\/person\/7749d380ba08c8ca00d7bc76fd907b7d\",\"name\":\"Nexo Informativo\",\"image\":{\"@type\":\"ImageObject\",\"inLanguage\":\"es\",\"@id\":\"https:\/\/www.nexoinformativo.mx\/#\/schema\/person\/image\/\",\"url\":\"https:\/\/secure.gravatar.com\/avatar\/dde2928154642a13d95f87ddf1ea9718fe2b46760a005c53e41ff5ad610704e6?s=96&d=mm&r=g\",\"contentUrl\":\"https:\/\/secure.gravatar.com\/avatar\/dde2928154642a13d95f87ddf1ea9718fe2b46760a005c53e41ff5ad610704e6?s=96&d=mm&r=g\",\"caption\":\"Nexo Informativo\"},\"url\":\"https:\/\/www.nexoinformativo.mx\/index.php\/author\/edicion\/\"}]}<\/script>\n<!-- \/ Yoast SEO plugin. -->","yoast_head_json":{"title":"Aparatoso accidente en acceso a Los Cues, dos veh\u00edculos volcados sin lesionados | Nexo Informativo Santiago de Quer\u00e9taro","description":"Aparatoso accidente en acceso a Los Cues, dos veh\u00edculos volcados sin lesionados","robots":{"index":"index","follow":"follow","max-snippet":"max-snippet:-1","max-image-preview":"max-image-preview:large","max-video-preview":"max-video-preview:-1"},"canonical":"https:\/\/www.nexoinformativo.mx\/index.php\/2024\/09\/03\/aparatoso-accidente-en-acceso-a-los-cues-dos-vehiculos-volcados-y-sin-lesionados\/","og_locale":"es_MX","og_type":"article","og_title":"Aparatoso accidente en acceso a Los Cues, dos veh\u00edculos volcados sin lesionados | Nexo Informativo Santiago de Quer\u00e9taro","og_description":"Aparatoso accidente en acceso a Los Cues, dos veh\u00edculos volcados sin lesionados","og_url":"https:\/\/www.nexoinformativo.mx\/index.php\/2024\/09\/03\/aparatoso-accidente-en-acceso-a-los-cues-dos-vehiculos-volcados-y-sin-lesionados\/","og_site_name":"Nexo Informativo Santiago de Quer\u00e9taro","article_publisher":"https:\/\/www.facebook.com\/people\/Nexo-Informativo\/61564066885511\/","article_published_time":"2024-09-03T14:00:54+00:00","article_modified_time":"2024-09-03T18:44:03+00:00","og_image":[{"width":800,"height":513,"url":"https:\/\/www.nexoinformativo.mx\/wp-content\/uploads\/2024\/09\/PHOTO-2024-09-03-09-35-47-e1725383844422.jpg","type":"image\/jpeg"}],"author":"Nexo Informativo","twitter_card":"summary_large_image","twitter_misc":{"Escrito por":"Nexo Informativo","Tiempo de lectura":"2 minutos"},"schema":{"@context":"https:\/\/schema.org","@graph":[{"@type":"Article","@id":"https:\/\/www.nexoinformativo.mx\/index.php\/2024\/09\/03\/aparatoso-accidente-en-acceso-a-los-cues-dos-vehiculos-volcados-y-sin-lesionados\/#article","isPartOf":{"@id":"https:\/\/www.nexoinformativo.mx\/index.php\/2024\/09\/03\/aparatoso-accidente-en-acceso-a-los-cues-dos-vehiculos-volcados-y-sin-lesionados\/"},"author":{"name":"Nexo Informativo","@id":"https:\/\/www.nexoinformativo.mx\/#\/schema\/person\/7749d380ba08c8ca00d7bc76fd907b7d"},"headline":"Aparatoso accidente en acceso a Los Cues, dos veh\u00edculos volcados sin lesionados","datePublished":"2024-09-03T14:00:54+00:00","dateModified":"2024-09-03T18:44:03+00:00","mainEntityOfPage":{"@id":"https:\/\/www.nexoinformativo.mx\/index.php\/2024\/09\/03\/aparatoso-accidente-en-acceso-a-los-cues-dos-vehiculos-volcados-y-sin-lesionados\/"},"wordCount":262,"commentCount":0,"publisher":{"@id":"https:\/\/www.nexoinformativo.mx\/#organization"},"image":{"@id":"https:\/\/www.nexoinformativo.mx\/index.php\/2024\/09\/03\/aparatoso-accidente-en-acceso-a-los-cues-dos-vehiculos-volcados-y-sin-lesionados\/#primaryimage"},"thumbnailUrl":"https:\/\/www.nexoinformativo.mx\/wp-content\/uploads\/2024\/09\/PHOTO-2024-09-03-09-35-47-e1725383844422.jpg","keywords":["ConduceConCuidad","Precauci\u00f3nAlConducir","proteccioncivil","seguridadvial","TemporadaDeLluvias"],"articleSection":["Municipios","\u00daltima Hora"],"inLanguage":"es","potentialAction":[{"@type":"CommentAction","name":"Comment","target":["https:\/\/www.nexoinformativo.mx\/index.php\/2024\/09\/03\/aparatoso-accidente-en-acceso-a-los-cues-dos-vehiculos-volcados-y-sin-lesionados\/#respond"]}]},{"@type":"WebPage","@id":"https:\/\/www.nexoinformativo.mx\/index.php\/2024\/09\/03\/aparatoso-accidente-en-acceso-a-los-cues-dos-vehiculos-volcados-y-sin-lesionados\/","url":"https:\/\/www.nexoinformativo.mx\/index.php\/2024\/09\/03\/aparatoso-accidente-en-acceso-a-los-cues-dos-vehiculos-volcados-y-sin-lesionados\/","name":"Aparatoso accidente en acceso a Los Cues, dos veh\u00edculos volcados sin lesionados | Nexo Informativo Santiago de Quer\u00e9taro","isPartOf":{"@id":"https:\/\/www.nexoinformativo.mx\/#website"},"primaryImageOfPage":{"@id":"https:\/\/www.nexoinformativo.mx\/index.php\/2024\/09\/03\/aparatoso-accidente-en-acceso-a-los-cues-dos-vehiculos-volcados-y-sin-lesionados\/#primaryimage"},"image":{"@id":"https:\/\/www.nexoinformativo.mx\/index.php\/2024\/09\/03\/aparatoso-accidente-en-acceso-a-los-cues-dos-vehiculos-volcados-y-sin-lesionados\/#primaryimage"},"thumbnailUrl":"https:\/\/www.nexoinformativo.mx\/wp-content\/uploads\/2024\/09\/PHOTO-2024-09-03-09-35-47-e1725383844422.jpg","datePublished":"2024-09-03T14:00:54+00:00","dateModified":"2024-09-03T18:44:03+00:00","description":"Aparatoso accidente en acceso a Los Cues, dos veh\u00edculos volcados sin lesionados","breadcrumb":{"@id":"https:\/\/www.nexoinformativo.mx\/index.php\/2024\/09\/03\/aparatoso-accidente-en-acceso-a-los-cues-dos-vehiculos-volcados-y-sin-lesionados\/#breadcrumb"},"inLanguage":"es","potentialAction":[{"@type":"ReadAction","target":["https:\/\/www.nexoinformativo.mx\/index.php\/2024\/09\/03\/aparatoso-accidente-en-acceso-a-los-cues-dos-vehiculos-volcados-y-sin-lesionados\/"]}]},{"@type":"ImageObject","inLanguage":"es","@id":"https:\/\/www.nexoinformativo.mx\/index.php\/2024\/09\/03\/aparatoso-accidente-en-acceso-a-los-cues-dos-vehiculos-volcados-y-sin-lesionados\/#primaryimage","url":"https:\/\/www.nexoinformativo.mx\/wp-content\/uploads\/2024\/09\/PHOTO-2024-09-03-09-35-47-e1725383844422.jpg","contentUrl":"https:\/\/www.nexoinformativo.mx\/wp-content\/uploads\/2024\/09\/PHOTO-2024-09-03-09-35-47-e1725383844422.jpg","width":800,"height":513},{"@type":"BreadcrumbList","@id":"https:\/\/www.nexoinformativo.mx\/index.php\/2024\/09\/03\/aparatoso-accidente-en-acceso-a-los-cues-dos-vehiculos-volcados-y-sin-lesionados\/#breadcrumb","itemListElement":[{"@type":"ListItem","position":1,"name":"Inicio","item":"https:\/\/www.nexoinformativo.mx\/"},{"@type":"ListItem","position":2,"name":"Aparatoso accidente en acceso a Los Cues, dos veh\u00edculos volcados sin lesionados"}]},{"@type":"WebSite","@id":"https:\/\/www.nexoinformativo.mx\/#website","url":"https:\/\/www.nexoinformativo.mx\/","name":"Nexo Informativo Santiago de Quer\u00e9taro","description":"Explora NexoInformativo y convi\u00e9rtete en parte de una comunidad que valora el conocimiento y la verdad. Tu nexoinformativo es tu puente hacia una comprensi\u00f3n m\u00e1s profunda del mundo que te rodea.","publisher":{"@id":"https:\/\/www.nexoinformativo.mx\/#organization"},"potentialAction":[{"@type":"SearchAction","target":{"@type":"EntryPoint","urlTemplate":"https:\/\/www.nexoinformativo.mx\/?s={search_term_string}"},"query-input":{"@type":"PropertyValueSpecification","valueRequired":true,"valueName":"search_term_string"}}],"inLanguage":"es"},{"@type":"Organization","@id":"https:\/\/www.nexoinformativo.mx\/#organization","name":"Nexo Informativo Santiago de Quer\u00e9taro","url":"https:\/\/www.nexoinformativo.mx\/","logo":{"@type":"ImageObject","inLanguage":"es","@id":"https:\/\/www.nexoinformativo.mx\/#\/schema\/logo\/image\/","url":"https:\/\/www.nexoinformativo.mx\/wp-content\/uploads\/2024\/07\/nexoi-trasparente-2.png","contentUrl":"https:\/\/www.nexoinformativo.mx\/wp-content\/uploads\/2024\/07\/nexoi-trasparente-2.png","width":816,"height":339,"caption":"Nexo Informativo Santiago de Quer\u00e9taro"},"image":{"@id":"https:\/\/www.nexoinformativo.mx\/#\/schema\/logo\/image\/"},"sameAs":["https:\/\/www.facebook.com\/people\/Nexo-Informativo\/61564066885511\/"]},{"@type":"Person","@id":"https:\/\/www.nexoinformativo.mx\/#\/schema\/person\/7749d380ba08c8ca00d7bc76fd907b7d","name":"Nexo Informativo","image":{"@type":"ImageObject","inLanguage":"es","@id":"https:\/\/www.nexoinformativo.mx\/#\/schema\/person\/image\/","url":"https:\/\/secure.gravatar.com\/avatar\/dde2928154642a13d95f87ddf1ea9718fe2b46760a005c53e41ff5ad610704e6?s=96&d=mm&r=g","contentUrl":"https:\/\/secure.gravatar.com\/avatar\/dde2928154642a13d95f87ddf1ea9718fe2b46760a005c53e41ff5ad610704e6?s=96&d=mm&r=g","caption":"Nexo Informativo"},"url":"https:\/\/www.nexoinformativo.mx\/index.php\/author\/edicion\/"}]}},"_links":{"self":[{"href":"https:\/\/www.nexoinformativo.mx\/index.php\/wp-json\/wp\/v2\/posts\/1494","targetHints":{"allow":["GET"]}}],"collection":[{"href":"https:\/\/www.nexoinformativo.mx\/index.php\/wp-json\/wp\/v2\/posts"}],"about":[{"href":"https:\/\/www.nexoinformativo.mx\/index.php\/wp-json\/wp\/v2\/types\/post"}],"author":[{"embeddable":true,"href":"https:\/\/www.nexoinformativo.mx\/index.php\/wp-json\/wp\/v2\/users\/3"}],"replies":[{"embeddable":true,"href":"https:\/\/www.nexoinformativo.mx\/index.php\/wp-json\/wp\/v2\/comments?post=1494"}],"version-history":[{"count":4,"href":"https:\/\/www.nexoinformativo.mx\/index.php\/wp-json\/wp\/v2\/posts\/1494\/revisions"}],"predecessor-version":[{"id":1524,"href":"https:\/\/www.nexoinformativo.mx\/index.php\/wp-json\/wp\/v2\/posts\/1494\/revisions\/1524"}],"wp:featuredmedia":[{"embeddable":true,"href":"https:\/\/www.nexoinformativo.mx\/index.php\/wp-json\/wp\/v2\/media\/1495"}],"wp:attachment":[{"href":"https:\/\/www.nexoinformativo.mx\/index.php\/wp-json\/wp\/v2\/media?parent=1494"}],"wp:term":[{"taxonomy":"category","embeddable":true,"href":"https:\/\/www.nexoinformativo.mx\/index.php\/wp-json\/wp\/v2\/categories?post=1494"},{"taxonomy":"post_tag","embeddable":true,"href":"https:\/\/www.nexoinformativo.mx\/index.php\/wp-json\/wp\/v2\/tags?post=1494"}],"curies":[{"name":"wp","href":"https:\/\/api.w.org\/{rel}","templated":true}]}}