{"id":14943,"date":"2025-05-14T07:30:19","date_gmt":"2025-05-14T13:30:19","guid":{"rendered":"https:\/\/www.nexoinformativo.mx\/?p=14943"},"modified":"2025-05-14T13:38:54","modified_gmt":"2025-05-14T19:38:54","slug":"mexico-y-eu-hacen-alianza-contra-la-plaga-para-derrotar-al-gusano-barrenador-y-reactivar-exportacion-ganadera","status":"publish","type":"post","link":"https:\/\/www.nexoinformativo.mx\/index.php\/2025\/05\/14\/mexico-y-eu-hacen-alianza-contra-la-plaga-para-derrotar-al-gusano-barrenador-y-reactivar-exportacion-ganadera\/","title":{"rendered":"M\u00e9xico y EU hacen alianza contra la plaga para derrotar al gusano barrenador y reactivar exportaci\u00f3n ganadera"},"content":{"rendered":"<p style=\"text-align: justify;\" data-sourcepos=\"3:1-3:401\">M\u00e9xico y Estados Unidos intensifican su colaboraci\u00f3n para combatir el gusano barrenador del ganado (GBG), con el objetivo primordial de lograr la reapertura de la frontera para la exportaci\u00f3n de ganado entre ambos pa\u00edses en un plazo de 15 d\u00edas.<\/p>\n<\/p>\n<p>&nbsp;<\/p>\n<p style=\"text-align: justify;\" data-sourcepos=\"3:1-3:401\">As\u00ed lo inform\u00f3 el secretario de Agricultura y Desarrollo Rural, Julio Berdegu\u00e9. Enfatiz\u00f3 el di\u00e1logo permanente y el cumplimiento al cien por ciento de los acuerdos con las contrapartes estadounidenses.<\/p>\n<\/p>\n<p>&nbsp;<\/p>\n<p style=\"text-align: justify;\" data-sourcepos=\"3:1-3:401\">Subray\u00f3 que M\u00e9xico ha actuado con responsabilidad desde antes de la detecci\u00f3n del GBG en territorio nacional, implementando medidas preventivas desde 2023, tras la reaparici\u00f3n de la plaga en Panam\u00e1.<\/p>\n<\/p>\n<p>&nbsp;<\/p>\n<p style=\"text-align: justify;\" data-sourcepos=\"7:1-7:359\">El titular de AGRICULTURA detall\u00f3 las acciones emprendidas, que incluyen el refuerzo de la inspecci\u00f3n en aeropuertos, aduanas y la frontera sur desde junio de 2023, as\u00ed como una campa\u00f1a de capacitaci\u00f3n para veterinarios activada en mayo de 2024.<\/p>\n<\/p>\n<p>&nbsp;<\/p>\n<p style=\"text-align: justify;\" data-sourcepos=\"7:1-7:359\">Berdegu\u00e9 resalt\u00f3 la instalaci\u00f3n de Puntos de Verificaci\u00f3n e Inspecci\u00f3n (PVIF) en Chiapas a partir de octubre de 2024, lo que permiti\u00f3 detectar el primer caso de GBG en noviembre.<\/p>\n<\/p>\n<p>&nbsp;<\/p>\n<p style=\"text-align: justify;\" data-sourcepos=\"9:1-9:327\">A la fecha, el Senasica ha revisado m\u00e1s de 9 mil 700 cargamentos de ganado, sumando m\u00e1s de 610 mil animales, para evitar la propagaci\u00f3n de la plaga.<\/p>\n<\/p>\n<p>&nbsp;<\/p>\n<p style=\"text-align: justify;\" data-sourcepos=\"11:1-11:430\">Como medida para inhibir la reproducci\u00f3n del gusano, se han dispersado cerca de mil millones de moscas est\u00e9riles provenientes de la planta del USDA en Panam\u00e1.<\/p>\n<\/p>\n<p>&nbsp;<\/p>\n<p style=\"text-align: justify;\" data-sourcepos=\"11:1-11:430\">Adem\u00e1s, se acord\u00f3 con Estados Unidos reforzar el control de la movilizaci\u00f3n de ganado y realizar un rastreo epidemiol\u00f3gico exhaustivo desde el Golfo de M\u00e9xico hasta el Pac\u00edfico, abarcando Veracruz, Oaxaca y el sur de Guerrero, inspeccionando todos los ranchos en la zona.<\/p>\n<\/p>\n<p>&nbsp;<\/p>\n<p style=\"text-align: justify;\" data-sourcepos=\"15:1-15:262\">Desde julio de 2024, se ha llevado a cabo una amplia campa\u00f1a de difusi\u00f3n y capacitaci\u00f3n, alcanzando a m\u00e1s de 60 mil productores y 9 mil veterinarios. Se han distribuido m\u00e1s de 120 mil sobres de medicamento y 150 mil kits para la recolecci\u00f3n de muestras de larva.<\/p>\n<\/p>\n<p>&nbsp;<\/p>\n<p style=\"text-align: justify;\" data-sourcepos=\"17:1-17:245\">Finalmente, el secretario destac\u00f3 el compromiso del Gobierno de M\u00e9xico con el sector productivo y los acuerdos alcanzados con gobernadores y l\u00edderes ganaderos para reforzar la campa\u00f1a contra el GBG mediante un di\u00e1logo y colaboraci\u00f3n permanentes.<\/p>\n<\/p>\n<p>&nbsp;<\/p>\n<p style=\"text-align: center;\" data-sourcepos=\"17:1-17:245\"><em><strong>\u00a1Informaci\u00f3n que transforma!<\/strong><\/em><\/p>\n","protected":false},"excerpt":{"rendered":"<p>M\u00e9xico y Estados Unidos intensifican su colaboraci\u00f3n para combatir el gusano barrenador del ganado (GBG), con el objetivo primordial de lograr la reapertura de la frontera para la exportaci\u00f3n de ganado entre ambos pa\u00edses en un plazo de 15 d\u00edas.<\/p>\n","protected":false},"author":3,"featured_media":14944,"comment_status":"open","ping_status":"open","sticky":false,"template":"","format":"standard","meta":{"footnotes":""},"categories":[88,58],"tags":[4451,2042,4398,4452],"class_list":["post-14943","post","type-post","status-publish","format-standard","has-post-thumbnail","hentry","category-nacional","category-ultima-hora","tag-exportacionganadera","tag-gusanobarrenador","tag-mexicoeua","tag-sanidadanimal"],"yoast_head":"<!-- This site is optimized with the Yoast SEO plugin v25.0 - https:\/\/yoast.com\/wordpress\/plugins\/seo\/ -->\n<title>M\u00e9xico y EU hacen alianza contra la plaga para derrotar al gusano barrenador y reactivar exportaci\u00f3n ganadera | Nexo Informativo Santiago de Quer\u00e9taro<\/title>\n<meta name=\"description\" content=\"M\u00e9xico y EU hacen alianza contra la plaga para derrotar al gusano barrenador y reactivar exportaci\u00f3n ganadera\" \/>\n<meta name=\"robots\" content=\"index, follow, max-snippet:-1, max-image-preview:large, max-video-preview:-1\" \/>\n<link rel=\"canonical\" href=\"https:\/\/www.nexoinformativo.mx\/index.php\/2025\/05\/14\/mexico-y-eu-hacen-alianza-contra-la-plaga-para-derrotar-al-gusano-barrenador-y-reactivar-exportacion-ganadera\/\" \/>\n<meta property=\"og:locale\" content=\"es_MX\" \/>\n<meta property=\"og:type\" content=\"article\" \/>\n<meta property=\"og:title\" content=\"M\u00e9xico y EU hacen alianza contra la plaga para derrotar al gusano barrenador y reactivar exportaci\u00f3n ganadera | Nexo Informativo Santiago de Quer\u00e9taro\" \/>\n<meta property=\"og:description\" content=\"M\u00e9xico y EU hacen alianza contra la plaga para derrotar al gusano barrenador y reactivar exportaci\u00f3n ganadera\" \/>\n<meta property=\"og:url\" content=\"https:\/\/www.nexoinformativo.mx\/index.php\/2025\/05\/14\/mexico-y-eu-hacen-alianza-contra-la-plaga-para-derrotar-al-gusano-barrenador-y-reactivar-exportacion-ganadera\/\" \/>\n<meta property=\"og:site_name\" content=\"Nexo Informativo Santiago de Quer\u00e9taro\" \/>\n<meta property=\"article:publisher\" content=\"https:\/\/www.facebook.com\/people\/Nexo-Informativo\/61564066885511\/\" \/>\n<meta property=\"article:published_time\" content=\"2025-05-14T13:30:19+00:00\" \/>\n<meta property=\"article:modified_time\" content=\"2025-05-14T19:38:54+00:00\" \/>\n<meta property=\"og:image\" content=\"https:\/\/www.nexoinformativo.mx\/wp-content\/uploads\/2025\/05\/IMG_3052.jpg\" \/>\n\t<meta property=\"og:image:width\" content=\"650\" \/>\n\t<meta property=\"og:image:height\" content=\"380\" \/>\n\t<meta property=\"og:image:type\" content=\"image\/jpeg\" \/>\n<meta name=\"author\" content=\"Nexo Informativo\" \/>\n<meta name=\"twitter:card\" content=\"summary_large_image\" \/>\n<meta name=\"twitter:label1\" content=\"Escrito por\" \/>\n\t<meta name=\"twitter:data1\" content=\"Nexo Informativo\" \/>\n\t<meta name=\"twitter:label2\" content=\"Tiempo de lectura\" \/>\n\t<meta name=\"twitter:data2\" content=\"2 minutos\" \/>\n<script type=\"application\/ld+json\" class=\"yoast-schema-graph\">{\"@context\":\"https:\/\/schema.org\",\"@graph\":[{\"@type\":\"Article\",\"@id\":\"https:\/\/www.nexoinformativo.mx\/index.php\/2025\/05\/14\/mexico-y-eu-hacen-alianza-contra-la-plaga-para-derrotar-al-gusano-barrenador-y-reactivar-exportacion-ganadera\/#article\",\"isPartOf\":{\"@id\":\"https:\/\/www.nexoinformativo.mx\/index.php\/2025\/05\/14\/mexico-y-eu-hacen-alianza-contra-la-plaga-para-derrotar-al-gusano-barrenador-y-reactivar-exportacion-ganadera\/\"},\"author\":{\"name\":\"Nexo Informativo\",\"@id\":\"https:\/\/www.nexoinformativo.mx\/#\/schema\/person\/7749d380ba08c8ca00d7bc76fd907b7d\"},\"headline\":\"M\u00e9xico y EU hacen alianza contra la plaga para derrotar al gusano barrenador y reactivar exportaci\u00f3n ganadera\",\"datePublished\":\"2025-05-14T13:30:19+00:00\",\"dateModified\":\"2025-05-14T19:38:54+00:00\",\"mainEntityOfPage\":{\"@id\":\"https:\/\/www.nexoinformativo.mx\/index.php\/2025\/05\/14\/mexico-y-eu-hacen-alianza-contra-la-plaga-para-derrotar-al-gusano-barrenador-y-reactivar-exportacion-ganadera\/\"},\"wordCount\":406,\"commentCount\":0,\"publisher\":{\"@id\":\"https:\/\/www.nexoinformativo.mx\/#organization\"},\"image\":{\"@id\":\"https:\/\/www.nexoinformativo.mx\/index.php\/2025\/05\/14\/mexico-y-eu-hacen-alianza-contra-la-plaga-para-derrotar-al-gusano-barrenador-y-reactivar-exportacion-ganadera\/#primaryimage\"},\"thumbnailUrl\":\"https:\/\/www.nexoinformativo.mx\/wp-content\/uploads\/2025\/05\/IMG_3052.jpg\",\"keywords\":[\"Exportaci\u00f3nGanadera\",\"GusanoBarrenador\",\"M\u00e9xicoEUA\",\"SanidadAnimal\"],\"articleSection\":[\"Nacional\",\"\u00daltima Hora\"],\"inLanguage\":\"es\",\"potentialAction\":[{\"@type\":\"CommentAction\",\"name\":\"Comment\",\"target\":[\"https:\/\/www.nexoinformativo.mx\/index.php\/2025\/05\/14\/mexico-y-eu-hacen-alianza-contra-la-plaga-para-derrotar-al-gusano-barrenador-y-reactivar-exportacion-ganadera\/#respond\"]}]},{\"@type\":\"WebPage\",\"@id\":\"https:\/\/www.nexoinformativo.mx\/index.php\/2025\/05\/14\/mexico-y-eu-hacen-alianza-contra-la-plaga-para-derrotar-al-gusano-barrenador-y-reactivar-exportacion-ganadera\/\",\"url\":\"https:\/\/www.nexoinformativo.mx\/index.php\/2025\/05\/14\/mexico-y-eu-hacen-alianza-contra-la-plaga-para-derrotar-al-gusano-barrenador-y-reactivar-exportacion-ganadera\/\",\"name\":\"M\u00e9xico y EU hacen alianza contra la plaga para derrotar al gusano barrenador y reactivar exportaci\u00f3n ganadera | Nexo Informativo Santiago de Quer\u00e9taro\",\"isPartOf\":{\"@id\":\"https:\/\/www.nexoinformativo.mx\/#website\"},\"primaryImageOfPage\":{\"@id\":\"https:\/\/www.nexoinformativo.mx\/index.php\/2025\/05\/14\/mexico-y-eu-hacen-alianza-contra-la-plaga-para-derrotar-al-gusano-barrenador-y-reactivar-exportacion-ganadera\/#primaryimage\"},\"image\":{\"@id\":\"https:\/\/www.nexoinformativo.mx\/index.php\/2025\/05\/14\/mexico-y-eu-hacen-alianza-contra-la-plaga-para-derrotar-al-gusano-barrenador-y-reactivar-exportacion-ganadera\/#primaryimage\"},\"thumbnailUrl\":\"https:\/\/www.nexoinformativo.mx\/wp-content\/uploads\/2025\/05\/IMG_3052.jpg\",\"datePublished\":\"2025-05-14T13:30:19+00:00\",\"dateModified\":\"2025-05-14T19:38:54+00:00\",\"description\":\"M\u00e9xico y EU hacen alianza contra la plaga para derrotar al gusano barrenador y reactivar exportaci\u00f3n ganadera\",\"breadcrumb\":{\"@id\":\"https:\/\/www.nexoinformativo.mx\/index.php\/2025\/05\/14\/mexico-y-eu-hacen-alianza-contra-la-plaga-para-derrotar-al-gusano-barrenador-y-reactivar-exportacion-ganadera\/#breadcrumb\"},\"inLanguage\":\"es\",\"potentialAction\":[{\"@type\":\"ReadAction\",\"target\":[\"https:\/\/www.nexoinformativo.mx\/index.php\/2025\/05\/14\/mexico-y-eu-hacen-alianza-contra-la-plaga-para-derrotar-al-gusano-barrenador-y-reactivar-exportacion-ganadera\/\"]}]},{\"@type\":\"ImageObject\",\"inLanguage\":\"es\",\"@id\":\"https:\/\/www.nexoinformativo.mx\/index.php\/2025\/05\/14\/mexico-y-eu-hacen-alianza-contra-la-plaga-para-derrotar-al-gusano-barrenador-y-reactivar-exportacion-ganadera\/#primaryimage\",\"url\":\"https:\/\/www.nexoinformativo.mx\/wp-content\/uploads\/2025\/05\/IMG_3052.jpg\",\"contentUrl\":\"https:\/\/www.nexoinformativo.mx\/wp-content\/uploads\/2025\/05\/IMG_3052.jpg\",\"width\":650,\"height\":380},{\"@type\":\"BreadcrumbList\",\"@id\":\"https:\/\/www.nexoinformativo.mx\/index.php\/2025\/05\/14\/mexico-y-eu-hacen-alianza-contra-la-plaga-para-derrotar-al-gusano-barrenador-y-reactivar-exportacion-ganadera\/#breadcrumb\",\"itemListElement\":[{\"@type\":\"ListItem\",\"position\":1,\"name\":\"Inicio\",\"item\":\"https:\/\/www.nexoinformativo.mx\/\"},{\"@type\":\"ListItem\",\"position\":2,\"name\":\"M\u00e9xico y EU hacen alianza contra la plaga para derrotar al gusano barrenador y reactivar exportaci\u00f3n ganadera\"}]},{\"@type\":\"WebSite\",\"@id\":\"https:\/\/www.nexoinformativo.mx\/#website\",\"url\":\"https:\/\/www.nexoinformativo.mx\/\",\"name\":\"Nexo Informativo Santiago de Quer\u00e9taro\",\"description\":\"Explora NexoInformativo y convi\u00e9rtete en parte de una comunidad que valora el conocimiento y la verdad. Tu nexoinformativo es tu puente hacia una comprensi\u00f3n m\u00e1s profunda del mundo que te rodea.\",\"publisher\":{\"@id\":\"https:\/\/www.nexoinformativo.mx\/#organization\"},\"potentialAction\":[{\"@type\":\"SearchAction\",\"target\":{\"@type\":\"EntryPoint\",\"urlTemplate\":\"https:\/\/www.nexoinformativo.mx\/?s={search_term_string}\"},\"query-input\":{\"@type\":\"PropertyValueSpecification\",\"valueRequired\":true,\"valueName\":\"search_term_string\"}}],\"inLanguage\":\"es\"},{\"@type\":\"Organization\",\"@id\":\"https:\/\/www.nexoinformativo.mx\/#organization\",\"name\":\"Nexo Informativo Santiago de Quer\u00e9taro\",\"url\":\"https:\/\/www.nexoinformativo.mx\/\",\"logo\":{\"@type\":\"ImageObject\",\"inLanguage\":\"es\",\"@id\":\"https:\/\/www.nexoinformativo.mx\/#\/schema\/logo\/image\/\",\"url\":\"https:\/\/www.nexoinformativo.mx\/wp-content\/uploads\/2024\/07\/nexoi-trasparente-2.png\",\"contentUrl\":\"https:\/\/www.nexoinformativo.mx\/wp-content\/uploads\/2024\/07\/nexoi-trasparente-2.png\",\"width\":816,\"height\":339,\"caption\":\"Nexo Informativo Santiago de Quer\u00e9taro\"},\"image\":{\"@id\":\"https:\/\/www.nexoinformativo.mx\/#\/schema\/logo\/image\/\"},\"sameAs\":[\"https:\/\/www.facebook.com\/people\/Nexo-Informativo\/61564066885511\/\"]},{\"@type\":\"Person\",\"@id\":\"https:\/\/www.nexoinformativo.mx\/#\/schema\/person\/7749d380ba08c8ca00d7bc76fd907b7d\",\"name\":\"Nexo Informativo\",\"image\":{\"@type\":\"ImageObject\",\"inLanguage\":\"es\",\"@id\":\"https:\/\/www.nexoinformativo.mx\/#\/schema\/person\/image\/\",\"url\":\"https:\/\/secure.gravatar.com\/avatar\/dde2928154642a13d95f87ddf1ea9718fe2b46760a005c53e41ff5ad610704e6?s=96&d=mm&r=g\",\"contentUrl\":\"https:\/\/secure.gravatar.com\/avatar\/dde2928154642a13d95f87ddf1ea9718fe2b46760a005c53e41ff5ad610704e6?s=96&d=mm&r=g\",\"caption\":\"Nexo Informativo\"},\"url\":\"https:\/\/www.nexoinformativo.mx\/index.php\/author\/edicion\/\"}]}<\/script>\n<!-- \/ Yoast SEO plugin. -->","yoast_head_json":{"title":"M\u00e9xico y EU hacen alianza contra la plaga para derrotar al gusano barrenador y reactivar exportaci\u00f3n ganadera | Nexo Informativo Santiago de Quer\u00e9taro","description":"M\u00e9xico y EU hacen alianza contra la plaga para derrotar al gusano barrenador y reactivar exportaci\u00f3n ganadera","robots":{"index":"index","follow":"follow","max-snippet":"max-snippet:-1","max-image-preview":"max-image-preview:large","max-video-preview":"max-video-preview:-1"},"canonical":"https:\/\/www.nexoinformativo.mx\/index.php\/2025\/05\/14\/mexico-y-eu-hacen-alianza-contra-la-plaga-para-derrotar-al-gusano-barrenador-y-reactivar-exportacion-ganadera\/","og_locale":"es_MX","og_type":"article","og_title":"M\u00e9xico y EU hacen alianza contra la plaga para derrotar al gusano barrenador y reactivar exportaci\u00f3n ganadera | Nexo Informativo Santiago de Quer\u00e9taro","og_description":"M\u00e9xico y EU hacen alianza contra la plaga para derrotar al gusano barrenador y reactivar exportaci\u00f3n ganadera","og_url":"https:\/\/www.nexoinformativo.mx\/index.php\/2025\/05\/14\/mexico-y-eu-hacen-alianza-contra-la-plaga-para-derrotar-al-gusano-barrenador-y-reactivar-exportacion-ganadera\/","og_site_name":"Nexo Informativo Santiago de Quer\u00e9taro","article_publisher":"https:\/\/www.facebook.com\/people\/Nexo-Informativo\/61564066885511\/","article_published_time":"2025-05-14T13:30:19+00:00","article_modified_time":"2025-05-14T19:38:54+00:00","og_image":[{"width":650,"height":380,"url":"https:\/\/www.nexoinformativo.mx\/wp-content\/uploads\/2025\/05\/IMG_3052.jpg","type":"image\/jpeg"}],"author":"Nexo Informativo","twitter_card":"summary_large_image","twitter_misc":{"Escrito por":"Nexo Informativo","Tiempo de lectura":"2 minutos"},"schema":{"@context":"https:\/\/schema.org","@graph":[{"@type":"Article","@id":"https:\/\/www.nexoinformativo.mx\/index.php\/2025\/05\/14\/mexico-y-eu-hacen-alianza-contra-la-plaga-para-derrotar-al-gusano-barrenador-y-reactivar-exportacion-ganadera\/#article","isPartOf":{"@id":"https:\/\/www.nexoinformativo.mx\/index.php\/2025\/05\/14\/mexico-y-eu-hacen-alianza-contra-la-plaga-para-derrotar-al-gusano-barrenador-y-reactivar-exportacion-ganadera\/"},"author":{"name":"Nexo Informativo","@id":"https:\/\/www.nexoinformativo.mx\/#\/schema\/person\/7749d380ba08c8ca00d7bc76fd907b7d"},"headline":"M\u00e9xico y EU hacen alianza contra la plaga para derrotar al gusano barrenador y reactivar exportaci\u00f3n ganadera","datePublished":"2025-05-14T13:30:19+00:00","dateModified":"2025-05-14T19:38:54+00:00","mainEntityOfPage":{"@id":"https:\/\/www.nexoinformativo.mx\/index.php\/2025\/05\/14\/mexico-y-eu-hacen-alianza-contra-la-plaga-para-derrotar-al-gusano-barrenador-y-reactivar-exportacion-ganadera\/"},"wordCount":406,"commentCount":0,"publisher":{"@id":"https:\/\/www.nexoinformativo.mx\/#organization"},"image":{"@id":"https:\/\/www.nexoinformativo.mx\/index.php\/2025\/05\/14\/mexico-y-eu-hacen-alianza-contra-la-plaga-para-derrotar-al-gusano-barrenador-y-reactivar-exportacion-ganadera\/#primaryimage"},"thumbnailUrl":"https:\/\/www.nexoinformativo.mx\/wp-content\/uploads\/2025\/05\/IMG_3052.jpg","keywords":["Exportaci\u00f3nGanadera","GusanoBarrenador","M\u00e9xicoEUA","SanidadAnimal"],"articleSection":["Nacional","\u00daltima Hora"],"inLanguage":"es","potentialAction":[{"@type":"CommentAction","name":"Comment","target":["https:\/\/www.nexoinformativo.mx\/index.php\/2025\/05\/14\/mexico-y-eu-hacen-alianza-contra-la-plaga-para-derrotar-al-gusano-barrenador-y-reactivar-exportacion-ganadera\/#respond"]}]},{"@type":"WebPage","@id":"https:\/\/www.nexoinformativo.mx\/index.php\/2025\/05\/14\/mexico-y-eu-hacen-alianza-contra-la-plaga-para-derrotar-al-gusano-barrenador-y-reactivar-exportacion-ganadera\/","url":"https:\/\/www.nexoinformativo.mx\/index.php\/2025\/05\/14\/mexico-y-eu-hacen-alianza-contra-la-plaga-para-derrotar-al-gusano-barrenador-y-reactivar-exportacion-ganadera\/","name":"M\u00e9xico y EU hacen alianza contra la plaga para derrotar al gusano barrenador y reactivar exportaci\u00f3n ganadera | Nexo Informativo Santiago de Quer\u00e9taro","isPartOf":{"@id":"https:\/\/www.nexoinformativo.mx\/#website"},"primaryImageOfPage":{"@id":"https:\/\/www.nexoinformativo.mx\/index.php\/2025\/05\/14\/mexico-y-eu-hacen-alianza-contra-la-plaga-para-derrotar-al-gusano-barrenador-y-reactivar-exportacion-ganadera\/#primaryimage"},"image":{"@id":"https:\/\/www.nexoinformativo.mx\/index.php\/2025\/05\/14\/mexico-y-eu-hacen-alianza-contra-la-plaga-para-derrotar-al-gusano-barrenador-y-reactivar-exportacion-ganadera\/#primaryimage"},"thumbnailUrl":"https:\/\/www.nexoinformativo.mx\/wp-content\/uploads\/2025\/05\/IMG_3052.jpg","datePublished":"2025-05-14T13:30:19+00:00","dateModified":"2025-05-14T19:38:54+00:00","description":"M\u00e9xico y EU hacen alianza contra la plaga para derrotar al gusano barrenador y reactivar exportaci\u00f3n ganadera","breadcrumb":{"@id":"https:\/\/www.nexoinformativo.mx\/index.php\/2025\/05\/14\/mexico-y-eu-hacen-alianza-contra-la-plaga-para-derrotar-al-gusano-barrenador-y-reactivar-exportacion-ganadera\/#breadcrumb"},"inLanguage":"es","potentialAction":[{"@type":"ReadAction","target":["https:\/\/www.nexoinformativo.mx\/index.php\/2025\/05\/14\/mexico-y-eu-hacen-alianza-contra-la-plaga-para-derrotar-al-gusano-barrenador-y-reactivar-exportacion-ganadera\/"]}]},{"@type":"ImageObject","inLanguage":"es","@id":"https:\/\/www.nexoinformativo.mx\/index.php\/2025\/05\/14\/mexico-y-eu-hacen-alianza-contra-la-plaga-para-derrotar-al-gusano-barrenador-y-reactivar-exportacion-ganadera\/#primaryimage","url":"https:\/\/www.nexoinformativo.mx\/wp-content\/uploads\/2025\/05\/IMG_3052.jpg","contentUrl":"https:\/\/www.nexoinformativo.mx\/wp-content\/uploads\/2025\/05\/IMG_3052.jpg","width":650,"height":380},{"@type":"BreadcrumbList","@id":"https:\/\/www.nexoinformativo.mx\/index.php\/2025\/05\/14\/mexico-y-eu-hacen-alianza-contra-la-plaga-para-derrotar-al-gusano-barrenador-y-reactivar-exportacion-ganadera\/#breadcrumb","itemListElement":[{"@type":"ListItem","position":1,"name":"Inicio","item":"https:\/\/www.nexoinformativo.mx\/"},{"@type":"ListItem","position":2,"name":"M\u00e9xico y EU hacen alianza contra la plaga para derrotar al gusano barrenador y reactivar exportaci\u00f3n ganadera"}]},{"@type":"WebSite","@id":"https:\/\/www.nexoinformativo.mx\/#website","url":"https:\/\/www.nexoinformativo.mx\/","name":"Nexo Informativo Santiago de Quer\u00e9taro","description":"Explora NexoInformativo y convi\u00e9rtete en parte de una comunidad que valora el conocimiento y la verdad. Tu nexoinformativo es tu puente hacia una comprensi\u00f3n m\u00e1s profunda del mundo que te rodea.","publisher":{"@id":"https:\/\/www.nexoinformativo.mx\/#organization"},"potentialAction":[{"@type":"SearchAction","target":{"@type":"EntryPoint","urlTemplate":"https:\/\/www.nexoinformativo.mx\/?s={search_term_string}"},"query-input":{"@type":"PropertyValueSpecification","valueRequired":true,"valueName":"search_term_string"}}],"inLanguage":"es"},{"@type":"Organization","@id":"https:\/\/www.nexoinformativo.mx\/#organization","name":"Nexo Informativo Santiago de Quer\u00e9taro","url":"https:\/\/www.nexoinformativo.mx\/","logo":{"@type":"ImageObject","inLanguage":"es","@id":"https:\/\/www.nexoinformativo.mx\/#\/schema\/logo\/image\/","url":"https:\/\/www.nexoinformativo.mx\/wp-content\/uploads\/2024\/07\/nexoi-trasparente-2.png","contentUrl":"https:\/\/www.nexoinformativo.mx\/wp-content\/uploads\/2024\/07\/nexoi-trasparente-2.png","width":816,"height":339,"caption":"Nexo Informativo Santiago de Quer\u00e9taro"},"image":{"@id":"https:\/\/www.nexoinformativo.mx\/#\/schema\/logo\/image\/"},"sameAs":["https:\/\/www.facebook.com\/people\/Nexo-Informativo\/61564066885511\/"]},{"@type":"Person","@id":"https:\/\/www.nexoinformativo.mx\/#\/schema\/person\/7749d380ba08c8ca00d7bc76fd907b7d","name":"Nexo Informativo","image":{"@type":"ImageObject","inLanguage":"es","@id":"https:\/\/www.nexoinformativo.mx\/#\/schema\/person\/image\/","url":"https:\/\/secure.gravatar.com\/avatar\/dde2928154642a13d95f87ddf1ea9718fe2b46760a005c53e41ff5ad610704e6?s=96&d=mm&r=g","contentUrl":"https:\/\/secure.gravatar.com\/avatar\/dde2928154642a13d95f87ddf1ea9718fe2b46760a005c53e41ff5ad610704e6?s=96&d=mm&r=g","caption":"Nexo Informativo"},"url":"https:\/\/www.nexoinformativo.mx\/index.php\/author\/edicion\/"}]}},"_links":{"self":[{"href":"https:\/\/www.nexoinformativo.mx\/index.php\/wp-json\/wp\/v2\/posts\/14943","targetHints":{"allow":["GET"]}}],"collection":[{"href":"https:\/\/www.nexoinformativo.mx\/index.php\/wp-json\/wp\/v2\/posts"}],"about":[{"href":"https:\/\/www.nexoinformativo.mx\/index.php\/wp-json\/wp\/v2\/types\/post"}],"author":[{"embeddable":true,"href":"https:\/\/www.nexoinformativo.mx\/index.php\/wp-json\/wp\/v2\/users\/3"}],"replies":[{"embeddable":true,"href":"https:\/\/www.nexoinformativo.mx\/index.php\/wp-json\/wp\/v2\/comments?post=14943"}],"version-history":[{"count":4,"href":"https:\/\/www.nexoinformativo.mx\/index.php\/wp-json\/wp\/v2\/posts\/14943\/revisions"}],"predecessor-version":[{"id":14948,"href":"https:\/\/www.nexoinformativo.mx\/index.php\/wp-json\/wp\/v2\/posts\/14943\/revisions\/14948"}],"wp:featuredmedia":[{"embeddable":true,"href":"https:\/\/www.nexoinformativo.mx\/index.php\/wp-json\/wp\/v2\/media\/14944"}],"wp:attachment":[{"href":"https:\/\/www.nexoinformativo.mx\/index.php\/wp-json\/wp\/v2\/media?parent=14943"}],"wp:term":[{"taxonomy":"category","embeddable":true,"href":"https:\/\/www.nexoinformativo.mx\/index.php\/wp-json\/wp\/v2\/categories?post=14943"},{"taxonomy":"post_tag","embeddable":true,"href":"https:\/\/www.nexoinformativo.mx\/index.php\/wp-json\/wp\/v2\/tags?post=14943"}],"curies":[{"name":"wp","href":"https:\/\/api.w.org\/{rel}","templated":true}]}}