{"id":14949,"date":"2025-05-14T08:00:06","date_gmt":"2025-05-14T14:00:06","guid":{"rendered":"https:\/\/www.nexoinformativo.mx\/?p=14949"},"modified":"2025-05-14T13:46:39","modified_gmt":"2025-05-14T19:46:39","slug":"impulso-global-para-ellas-mujer-exporta-mx-abre-puertas-a-empresarias-mexicanas","status":"publish","type":"post","link":"https:\/\/www.nexoinformativo.mx\/index.php\/2025\/05\/14\/impulso-global-para-ellas-mujer-exporta-mx-abre-puertas-a-empresarias-mexicanas\/","title":{"rendered":"Impulso Global para ellas &#8220;Mujer Exporta MX&#8221; abre puertas a empresarias Mexicanas"},"content":{"rendered":"<p style=\"text-align: justify;\" data-sourcepos=\"3:1-3:427\">El Gobierno de M\u00e9xico, a trav\u00e9s de la Secretar\u00eda de Econom\u00eda y en colaboraci\u00f3n con diversas instituciones, inaugur\u00f3 la sexta edici\u00f3n del programa <strong>&#8220;Mujer Exporta MX&#8221;<\/strong>.<\/p>\n<p>&nbsp;<\/p>\n<p style=\"text-align: justify;\" data-sourcepos=\"3:1-3:427\">Esta iniciativa clave busca fortalecer la inclusi\u00f3n de empresarias mexicanas en el comercio internacional, reafirmando el compromiso con la igualdad de g\u00e9nero en la econom\u00eda.<\/p>\n<p>&nbsp;<\/p>\n<p style=\"text-align: justify;\" data-sourcepos=\"5:1-5:473\">En esta edici\u00f3n, los mercados objetivo son Alemania, Canad\u00e1 y Estados Unidos, con un enfoque en sectores estrat\u00e9gicos como el textil y agro alimentos, \u00e1reas con un alto potencial de crecimiento a nivel mundial.<\/p>\n<p>&nbsp;<\/p>\n<p style=\"text-align: justify;\" data-sourcepos=\"5:1-5:473\">El programa ofrecer\u00e1 una rueda virtual de negocios para conectar a las <strong>MIPYMES<\/strong> lideradas por mujeres con compradores internacionales, adem\u00e1s de una capacitaci\u00f3n integral en temas de exportaci\u00f3n, digitalizaci\u00f3n, posicionamiento global y normativas internacionales.<\/p>\n<p>&nbsp;<\/p>\n<p style=\"text-align: justify;\" data-sourcepos=\"7:1-7:471\">Autoridades de la Secretar\u00eda de Econom\u00eda destacaron que <strong>&#8220;Mujer Exporta MX&#8221;<\/strong> es fundamental en la pol\u00edtica industrial y comercial del pa\u00eds, al promover condiciones equitativas para que las empresas lideradas por mujeres accedan y compitan exitosamente en los mercados internacionales.<\/p>\n<p>&nbsp;<\/p>\n<p style=\"text-align: justify;\" data-sourcepos=\"7:1-7:471\">Esta sexta edici\u00f3n consolida la colaboraci\u00f3n entre el sector p\u00fablico, el sector privado y organismos multilaterales, una alianza estrat\u00e9gica que ha impulsado el programa desde sus inicios.<\/p>\n<p>&nbsp;<\/p>\n<p style=\"text-align: justify;\" data-sourcepos=\"9:1-9:302\">Instituciones como el Banco Interamericano de Desarrollo y ConnectAmericas participan activamente, junto con la Secretar\u00eda de Relaciones Exteriores, la Secretar\u00eda de Hacienda y Cr\u00e9dito P\u00fablico, la Secretar\u00eda de Cultura, la Secretar\u00eda del Bienestar y aliados clave como Meta, CONCANACO, ANAM y SENASICA.<\/p>\n<p>&nbsp;<\/p>\n<p style=\"text-align: justify;\" data-sourcepos=\"13:1-13:464\">&#8220;Mujer Exporta MX&#8221; refleja el compromiso del gobierno de M\u00e9xico con un modelo de desarrollo m\u00e1s inclusivo, justo y competitivo, donde el talento femenino ocupa un lugar central.<\/p>\n<p>&nbsp;<\/p>\n<p style=\"text-align: justify;\" data-sourcepos=\"13:1-13:464\">Desde su lanzamiento, el programa ha permitido que m\u00e1s de 500 mujeres mexicanas exporten sus productos a m\u00e1s de 30 pa\u00edses, incluyendo la Uni\u00f3n Europea, Australia, Jap\u00f3n, Chile y Costa Rica, ampliando sus oportunidades de negocio y consolidando su presencia en el comercio internacional.<\/p>\n<p>&nbsp;<\/p>\n<p style=\"text-align: center;\" data-sourcepos=\"13:1-13:464\"><em><strong>\u00a1Informaci\u00f3n que transforma!<\/strong><\/em><\/p>\n","protected":false},"excerpt":{"rendered":"<p>El Gobierno de M\u00e9xico, a trav\u00e9s de la Secretar\u00eda de Econom\u00eda y en colaboraci\u00f3n con diversas instituciones, inaugur\u00f3 la sexta edici\u00f3n del programa &#8220;Mujer Exporta MX&#8221;.<\/p>\n","protected":false},"author":3,"featured_media":14950,"comment_status":"open","ping_status":"open","sticky":false,"template":"","format":"standard","meta":{"footnotes":""},"categories":[5,88,58],"tags":[1491,4454,3389,4453],"class_list":["post-14949","post","type-post","status-publish","format-standard","has-post-thumbnail","hentry","category-economia","category-nacional","category-ultima-hora","tag-comerciointernacional","tag-empresariasmexicanas","tag-hechoenmexico","tag-mujerexportamx"],"yoast_head":"<!-- This site is optimized with the Yoast SEO plugin v25.0 - https:\/\/yoast.com\/wordpress\/plugins\/seo\/ -->\n<title>Impulso Global para ellas &quot;Mujer Exporta MX&quot; abre puertas a empresarias Mexicanas | Nexo Informativo Santiago de Quer\u00e9taro<\/title>\n<meta name=\"description\" content=\"Impulso Global para ellas &quot;Mujer Exporta MX&quot; abre puertas a empresarias Mexicanas\" \/>\n<meta name=\"robots\" content=\"index, follow, max-snippet:-1, max-image-preview:large, max-video-preview:-1\" \/>\n<link rel=\"canonical\" href=\"https:\/\/www.nexoinformativo.mx\/index.php\/2025\/05\/14\/impulso-global-para-ellas-mujer-exporta-mx-abre-puertas-a-empresarias-mexicanas\/\" \/>\n<meta property=\"og:locale\" content=\"es_MX\" \/>\n<meta property=\"og:type\" content=\"article\" \/>\n<meta property=\"og:title\" content=\"Impulso Global para ellas &quot;Mujer Exporta MX&quot; abre puertas a empresarias Mexicanas | Nexo Informativo Santiago de Quer\u00e9taro\" \/>\n<meta property=\"og:description\" content=\"Impulso Global para ellas &quot;Mujer Exporta MX&quot; abre puertas a empresarias Mexicanas\" \/>\n<meta property=\"og:url\" content=\"https:\/\/www.nexoinformativo.mx\/index.php\/2025\/05\/14\/impulso-global-para-ellas-mujer-exporta-mx-abre-puertas-a-empresarias-mexicanas\/\" \/>\n<meta property=\"og:site_name\" content=\"Nexo Informativo Santiago de Quer\u00e9taro\" \/>\n<meta property=\"article:publisher\" content=\"https:\/\/www.facebook.com\/people\/Nexo-Informativo\/61564066885511\/\" \/>\n<meta property=\"article:published_time\" content=\"2025-05-14T14:00:06+00:00\" \/>\n<meta property=\"article:modified_time\" content=\"2025-05-14T19:46:39+00:00\" \/>\n<meta property=\"og:image\" content=\"https:\/\/www.nexoinformativo.mx\/wp-content\/uploads\/2025\/05\/PHOTO-2025-05-14-13-44-44-e1747251942861.jpg\" \/>\n\t<meta property=\"og:image:width\" content=\"800\" \/>\n\t<meta property=\"og:image:height\" content=\"544\" \/>\n\t<meta property=\"og:image:type\" content=\"image\/jpeg\" \/>\n<meta name=\"author\" content=\"Nexo Informativo\" \/>\n<meta name=\"twitter:card\" content=\"summary_large_image\" \/>\n<meta name=\"twitter:label1\" content=\"Escrito por\" \/>\n\t<meta name=\"twitter:data1\" content=\"Nexo Informativo\" \/>\n\t<meta name=\"twitter:label2\" content=\"Tiempo de lectura\" \/>\n\t<meta name=\"twitter:data2\" content=\"2 minutos\" \/>\n<script type=\"application\/ld+json\" class=\"yoast-schema-graph\">{\"@context\":\"https:\/\/schema.org\",\"@graph\":[{\"@type\":\"Article\",\"@id\":\"https:\/\/www.nexoinformativo.mx\/index.php\/2025\/05\/14\/impulso-global-para-ellas-mujer-exporta-mx-abre-puertas-a-empresarias-mexicanas\/#article\",\"isPartOf\":{\"@id\":\"https:\/\/www.nexoinformativo.mx\/index.php\/2025\/05\/14\/impulso-global-para-ellas-mujer-exporta-mx-abre-puertas-a-empresarias-mexicanas\/\"},\"author\":{\"name\":\"Nexo Informativo\",\"@id\":\"https:\/\/www.nexoinformativo.mx\/#\/schema\/person\/7749d380ba08c8ca00d7bc76fd907b7d\"},\"headline\":\"Impulso Global para ellas &#8220;Mujer Exporta MX&#8221; abre puertas a empresarias Mexicanas\",\"datePublished\":\"2025-05-14T14:00:06+00:00\",\"dateModified\":\"2025-05-14T19:46:39+00:00\",\"mainEntityOfPage\":{\"@id\":\"https:\/\/www.nexoinformativo.mx\/index.php\/2025\/05\/14\/impulso-global-para-ellas-mujer-exporta-mx-abre-puertas-a-empresarias-mexicanas\/\"},\"wordCount\":359,\"commentCount\":0,\"publisher\":{\"@id\":\"https:\/\/www.nexoinformativo.mx\/#organization\"},\"image\":{\"@id\":\"https:\/\/www.nexoinformativo.mx\/index.php\/2025\/05\/14\/impulso-global-para-ellas-mujer-exporta-mx-abre-puertas-a-empresarias-mexicanas\/#primaryimage\"},\"thumbnailUrl\":\"https:\/\/www.nexoinformativo.mx\/wp-content\/uploads\/2025\/05\/PHOTO-2025-05-14-13-44-44-e1747251942861.jpg\",\"keywords\":[\"ComercioInternacional\",\"EmpresariasMexicanas\",\"HechoEnM\u00e9xico\",\"MujerExportaMX\"],\"articleSection\":[\"Econom\u00eda\",\"Nacional\",\"\u00daltima Hora\"],\"inLanguage\":\"es\",\"potentialAction\":[{\"@type\":\"CommentAction\",\"name\":\"Comment\",\"target\":[\"https:\/\/www.nexoinformativo.mx\/index.php\/2025\/05\/14\/impulso-global-para-ellas-mujer-exporta-mx-abre-puertas-a-empresarias-mexicanas\/#respond\"]}]},{\"@type\":\"WebPage\",\"@id\":\"https:\/\/www.nexoinformativo.mx\/index.php\/2025\/05\/14\/impulso-global-para-ellas-mujer-exporta-mx-abre-puertas-a-empresarias-mexicanas\/\",\"url\":\"https:\/\/www.nexoinformativo.mx\/index.php\/2025\/05\/14\/impulso-global-para-ellas-mujer-exporta-mx-abre-puertas-a-empresarias-mexicanas\/\",\"name\":\"Impulso Global para ellas \\\"Mujer Exporta MX\\\" abre puertas a empresarias Mexicanas | Nexo Informativo Santiago de Quer\u00e9taro\",\"isPartOf\":{\"@id\":\"https:\/\/www.nexoinformativo.mx\/#website\"},\"primaryImageOfPage\":{\"@id\":\"https:\/\/www.nexoinformativo.mx\/index.php\/2025\/05\/14\/impulso-global-para-ellas-mujer-exporta-mx-abre-puertas-a-empresarias-mexicanas\/#primaryimage\"},\"image\":{\"@id\":\"https:\/\/www.nexoinformativo.mx\/index.php\/2025\/05\/14\/impulso-global-para-ellas-mujer-exporta-mx-abre-puertas-a-empresarias-mexicanas\/#primaryimage\"},\"thumbnailUrl\":\"https:\/\/www.nexoinformativo.mx\/wp-content\/uploads\/2025\/05\/PHOTO-2025-05-14-13-44-44-e1747251942861.jpg\",\"datePublished\":\"2025-05-14T14:00:06+00:00\",\"dateModified\":\"2025-05-14T19:46:39+00:00\",\"description\":\"Impulso Global para ellas \\\"Mujer Exporta MX\\\" abre puertas a empresarias Mexicanas\",\"breadcrumb\":{\"@id\":\"https:\/\/www.nexoinformativo.mx\/index.php\/2025\/05\/14\/impulso-global-para-ellas-mujer-exporta-mx-abre-puertas-a-empresarias-mexicanas\/#breadcrumb\"},\"inLanguage\":\"es\",\"potentialAction\":[{\"@type\":\"ReadAction\",\"target\":[\"https:\/\/www.nexoinformativo.mx\/index.php\/2025\/05\/14\/impulso-global-para-ellas-mujer-exporta-mx-abre-puertas-a-empresarias-mexicanas\/\"]}]},{\"@type\":\"ImageObject\",\"inLanguage\":\"es\",\"@id\":\"https:\/\/www.nexoinformativo.mx\/index.php\/2025\/05\/14\/impulso-global-para-ellas-mujer-exporta-mx-abre-puertas-a-empresarias-mexicanas\/#primaryimage\",\"url\":\"https:\/\/www.nexoinformativo.mx\/wp-content\/uploads\/2025\/05\/PHOTO-2025-05-14-13-44-44-e1747251942861.jpg\",\"contentUrl\":\"https:\/\/www.nexoinformativo.mx\/wp-content\/uploads\/2025\/05\/PHOTO-2025-05-14-13-44-44-e1747251942861.jpg\",\"width\":800,\"height\":544},{\"@type\":\"BreadcrumbList\",\"@id\":\"https:\/\/www.nexoinformativo.mx\/index.php\/2025\/05\/14\/impulso-global-para-ellas-mujer-exporta-mx-abre-puertas-a-empresarias-mexicanas\/#breadcrumb\",\"itemListElement\":[{\"@type\":\"ListItem\",\"position\":1,\"name\":\"Inicio\",\"item\":\"https:\/\/www.nexoinformativo.mx\/\"},{\"@type\":\"ListItem\",\"position\":2,\"name\":\"Impulso Global para ellas &#8220;Mujer Exporta MX&#8221; abre puertas a empresarias Mexicanas\"}]},{\"@type\":\"WebSite\",\"@id\":\"https:\/\/www.nexoinformativo.mx\/#website\",\"url\":\"https:\/\/www.nexoinformativo.mx\/\",\"name\":\"Nexo Informativo Santiago de Quer\u00e9taro\",\"description\":\"Explora NexoInformativo y convi\u00e9rtete en parte de una comunidad que valora el conocimiento y la verdad. Tu nexoinformativo es tu puente hacia una comprensi\u00f3n m\u00e1s profunda del mundo que te rodea.\",\"publisher\":{\"@id\":\"https:\/\/www.nexoinformativo.mx\/#organization\"},\"potentialAction\":[{\"@type\":\"SearchAction\",\"target\":{\"@type\":\"EntryPoint\",\"urlTemplate\":\"https:\/\/www.nexoinformativo.mx\/?s={search_term_string}\"},\"query-input\":{\"@type\":\"PropertyValueSpecification\",\"valueRequired\":true,\"valueName\":\"search_term_string\"}}],\"inLanguage\":\"es\"},{\"@type\":\"Organization\",\"@id\":\"https:\/\/www.nexoinformativo.mx\/#organization\",\"name\":\"Nexo Informativo Santiago de Quer\u00e9taro\",\"url\":\"https:\/\/www.nexoinformativo.mx\/\",\"logo\":{\"@type\":\"ImageObject\",\"inLanguage\":\"es\",\"@id\":\"https:\/\/www.nexoinformativo.mx\/#\/schema\/logo\/image\/\",\"url\":\"https:\/\/www.nexoinformativo.mx\/wp-content\/uploads\/2024\/07\/nexoi-trasparente-2.png\",\"contentUrl\":\"https:\/\/www.nexoinformativo.mx\/wp-content\/uploads\/2024\/07\/nexoi-trasparente-2.png\",\"width\":816,\"height\":339,\"caption\":\"Nexo Informativo Santiago de Quer\u00e9taro\"},\"image\":{\"@id\":\"https:\/\/www.nexoinformativo.mx\/#\/schema\/logo\/image\/\"},\"sameAs\":[\"https:\/\/www.facebook.com\/people\/Nexo-Informativo\/61564066885511\/\"]},{\"@type\":\"Person\",\"@id\":\"https:\/\/www.nexoinformativo.mx\/#\/schema\/person\/7749d380ba08c8ca00d7bc76fd907b7d\",\"name\":\"Nexo Informativo\",\"image\":{\"@type\":\"ImageObject\",\"inLanguage\":\"es\",\"@id\":\"https:\/\/www.nexoinformativo.mx\/#\/schema\/person\/image\/\",\"url\":\"https:\/\/secure.gravatar.com\/avatar\/dde2928154642a13d95f87ddf1ea9718fe2b46760a005c53e41ff5ad610704e6?s=96&d=mm&r=g\",\"contentUrl\":\"https:\/\/secure.gravatar.com\/avatar\/dde2928154642a13d95f87ddf1ea9718fe2b46760a005c53e41ff5ad610704e6?s=96&d=mm&r=g\",\"caption\":\"Nexo Informativo\"},\"url\":\"https:\/\/www.nexoinformativo.mx\/index.php\/author\/edicion\/\"}]}<\/script>\n<!-- \/ Yoast SEO plugin. -->","yoast_head_json":{"title":"Impulso Global para ellas \"Mujer Exporta MX\" abre puertas a empresarias Mexicanas | Nexo Informativo Santiago de Quer\u00e9taro","description":"Impulso Global para ellas \"Mujer Exporta MX\" abre puertas a empresarias Mexicanas","robots":{"index":"index","follow":"follow","max-snippet":"max-snippet:-1","max-image-preview":"max-image-preview:large","max-video-preview":"max-video-preview:-1"},"canonical":"https:\/\/www.nexoinformativo.mx\/index.php\/2025\/05\/14\/impulso-global-para-ellas-mujer-exporta-mx-abre-puertas-a-empresarias-mexicanas\/","og_locale":"es_MX","og_type":"article","og_title":"Impulso Global para ellas \"Mujer Exporta MX\" abre puertas a empresarias Mexicanas | Nexo Informativo Santiago de Quer\u00e9taro","og_description":"Impulso Global para ellas \"Mujer Exporta MX\" abre puertas a empresarias Mexicanas","og_url":"https:\/\/www.nexoinformativo.mx\/index.php\/2025\/05\/14\/impulso-global-para-ellas-mujer-exporta-mx-abre-puertas-a-empresarias-mexicanas\/","og_site_name":"Nexo Informativo Santiago de Quer\u00e9taro","article_publisher":"https:\/\/www.facebook.com\/people\/Nexo-Informativo\/61564066885511\/","article_published_time":"2025-05-14T14:00:06+00:00","article_modified_time":"2025-05-14T19:46:39+00:00","og_image":[{"width":800,"height":544,"url":"https:\/\/www.nexoinformativo.mx\/wp-content\/uploads\/2025\/05\/PHOTO-2025-05-14-13-44-44-e1747251942861.jpg","type":"image\/jpeg"}],"author":"Nexo Informativo","twitter_card":"summary_large_image","twitter_misc":{"Escrito por":"Nexo Informativo","Tiempo de lectura":"2 minutos"},"schema":{"@context":"https:\/\/schema.org","@graph":[{"@type":"Article","@id":"https:\/\/www.nexoinformativo.mx\/index.php\/2025\/05\/14\/impulso-global-para-ellas-mujer-exporta-mx-abre-puertas-a-empresarias-mexicanas\/#article","isPartOf":{"@id":"https:\/\/www.nexoinformativo.mx\/index.php\/2025\/05\/14\/impulso-global-para-ellas-mujer-exporta-mx-abre-puertas-a-empresarias-mexicanas\/"},"author":{"name":"Nexo Informativo","@id":"https:\/\/www.nexoinformativo.mx\/#\/schema\/person\/7749d380ba08c8ca00d7bc76fd907b7d"},"headline":"Impulso Global para ellas &#8220;Mujer Exporta MX&#8221; abre puertas a empresarias Mexicanas","datePublished":"2025-05-14T14:00:06+00:00","dateModified":"2025-05-14T19:46:39+00:00","mainEntityOfPage":{"@id":"https:\/\/www.nexoinformativo.mx\/index.php\/2025\/05\/14\/impulso-global-para-ellas-mujer-exporta-mx-abre-puertas-a-empresarias-mexicanas\/"},"wordCount":359,"commentCount":0,"publisher":{"@id":"https:\/\/www.nexoinformativo.mx\/#organization"},"image":{"@id":"https:\/\/www.nexoinformativo.mx\/index.php\/2025\/05\/14\/impulso-global-para-ellas-mujer-exporta-mx-abre-puertas-a-empresarias-mexicanas\/#primaryimage"},"thumbnailUrl":"https:\/\/www.nexoinformativo.mx\/wp-content\/uploads\/2025\/05\/PHOTO-2025-05-14-13-44-44-e1747251942861.jpg","keywords":["ComercioInternacional","EmpresariasMexicanas","HechoEnM\u00e9xico","MujerExportaMX"],"articleSection":["Econom\u00eda","Nacional","\u00daltima Hora"],"inLanguage":"es","potentialAction":[{"@type":"CommentAction","name":"Comment","target":["https:\/\/www.nexoinformativo.mx\/index.php\/2025\/05\/14\/impulso-global-para-ellas-mujer-exporta-mx-abre-puertas-a-empresarias-mexicanas\/#respond"]}]},{"@type":"WebPage","@id":"https:\/\/www.nexoinformativo.mx\/index.php\/2025\/05\/14\/impulso-global-para-ellas-mujer-exporta-mx-abre-puertas-a-empresarias-mexicanas\/","url":"https:\/\/www.nexoinformativo.mx\/index.php\/2025\/05\/14\/impulso-global-para-ellas-mujer-exporta-mx-abre-puertas-a-empresarias-mexicanas\/","name":"Impulso Global para ellas \"Mujer Exporta MX\" abre puertas a empresarias Mexicanas | Nexo Informativo Santiago de Quer\u00e9taro","isPartOf":{"@id":"https:\/\/www.nexoinformativo.mx\/#website"},"primaryImageOfPage":{"@id":"https:\/\/www.nexoinformativo.mx\/index.php\/2025\/05\/14\/impulso-global-para-ellas-mujer-exporta-mx-abre-puertas-a-empresarias-mexicanas\/#primaryimage"},"image":{"@id":"https:\/\/www.nexoinformativo.mx\/index.php\/2025\/05\/14\/impulso-global-para-ellas-mujer-exporta-mx-abre-puertas-a-empresarias-mexicanas\/#primaryimage"},"thumbnailUrl":"https:\/\/www.nexoinformativo.mx\/wp-content\/uploads\/2025\/05\/PHOTO-2025-05-14-13-44-44-e1747251942861.jpg","datePublished":"2025-05-14T14:00:06+00:00","dateModified":"2025-05-14T19:46:39+00:00","description":"Impulso Global para ellas \"Mujer Exporta MX\" abre puertas a empresarias Mexicanas","breadcrumb":{"@id":"https:\/\/www.nexoinformativo.mx\/index.php\/2025\/05\/14\/impulso-global-para-ellas-mujer-exporta-mx-abre-puertas-a-empresarias-mexicanas\/#breadcrumb"},"inLanguage":"es","potentialAction":[{"@type":"ReadAction","target":["https:\/\/www.nexoinformativo.mx\/index.php\/2025\/05\/14\/impulso-global-para-ellas-mujer-exporta-mx-abre-puertas-a-empresarias-mexicanas\/"]}]},{"@type":"ImageObject","inLanguage":"es","@id":"https:\/\/www.nexoinformativo.mx\/index.php\/2025\/05\/14\/impulso-global-para-ellas-mujer-exporta-mx-abre-puertas-a-empresarias-mexicanas\/#primaryimage","url":"https:\/\/www.nexoinformativo.mx\/wp-content\/uploads\/2025\/05\/PHOTO-2025-05-14-13-44-44-e1747251942861.jpg","contentUrl":"https:\/\/www.nexoinformativo.mx\/wp-content\/uploads\/2025\/05\/PHOTO-2025-05-14-13-44-44-e1747251942861.jpg","width":800,"height":544},{"@type":"BreadcrumbList","@id":"https:\/\/www.nexoinformativo.mx\/index.php\/2025\/05\/14\/impulso-global-para-ellas-mujer-exporta-mx-abre-puertas-a-empresarias-mexicanas\/#breadcrumb","itemListElement":[{"@type":"ListItem","position":1,"name":"Inicio","item":"https:\/\/www.nexoinformativo.mx\/"},{"@type":"ListItem","position":2,"name":"Impulso Global para ellas &#8220;Mujer Exporta MX&#8221; abre puertas a empresarias Mexicanas"}]},{"@type":"WebSite","@id":"https:\/\/www.nexoinformativo.mx\/#website","url":"https:\/\/www.nexoinformativo.mx\/","name":"Nexo Informativo Santiago de Quer\u00e9taro","description":"Explora NexoInformativo y convi\u00e9rtete en parte de una comunidad que valora el conocimiento y la verdad. Tu nexoinformativo es tu puente hacia una comprensi\u00f3n m\u00e1s profunda del mundo que te rodea.","publisher":{"@id":"https:\/\/www.nexoinformativo.mx\/#organization"},"potentialAction":[{"@type":"SearchAction","target":{"@type":"EntryPoint","urlTemplate":"https:\/\/www.nexoinformativo.mx\/?s={search_term_string}"},"query-input":{"@type":"PropertyValueSpecification","valueRequired":true,"valueName":"search_term_string"}}],"inLanguage":"es"},{"@type":"Organization","@id":"https:\/\/www.nexoinformativo.mx\/#organization","name":"Nexo Informativo Santiago de Quer\u00e9taro","url":"https:\/\/www.nexoinformativo.mx\/","logo":{"@type":"ImageObject","inLanguage":"es","@id":"https:\/\/www.nexoinformativo.mx\/#\/schema\/logo\/image\/","url":"https:\/\/www.nexoinformativo.mx\/wp-content\/uploads\/2024\/07\/nexoi-trasparente-2.png","contentUrl":"https:\/\/www.nexoinformativo.mx\/wp-content\/uploads\/2024\/07\/nexoi-trasparente-2.png","width":816,"height":339,"caption":"Nexo Informativo Santiago de Quer\u00e9taro"},"image":{"@id":"https:\/\/www.nexoinformativo.mx\/#\/schema\/logo\/image\/"},"sameAs":["https:\/\/www.facebook.com\/people\/Nexo-Informativo\/61564066885511\/"]},{"@type":"Person","@id":"https:\/\/www.nexoinformativo.mx\/#\/schema\/person\/7749d380ba08c8ca00d7bc76fd907b7d","name":"Nexo Informativo","image":{"@type":"ImageObject","inLanguage":"es","@id":"https:\/\/www.nexoinformativo.mx\/#\/schema\/person\/image\/","url":"https:\/\/secure.gravatar.com\/avatar\/dde2928154642a13d95f87ddf1ea9718fe2b46760a005c53e41ff5ad610704e6?s=96&d=mm&r=g","contentUrl":"https:\/\/secure.gravatar.com\/avatar\/dde2928154642a13d95f87ddf1ea9718fe2b46760a005c53e41ff5ad610704e6?s=96&d=mm&r=g","caption":"Nexo Informativo"},"url":"https:\/\/www.nexoinformativo.mx\/index.php\/author\/edicion\/"}]}},"_links":{"self":[{"href":"https:\/\/www.nexoinformativo.mx\/index.php\/wp-json\/wp\/v2\/posts\/14949","targetHints":{"allow":["GET"]}}],"collection":[{"href":"https:\/\/www.nexoinformativo.mx\/index.php\/wp-json\/wp\/v2\/posts"}],"about":[{"href":"https:\/\/www.nexoinformativo.mx\/index.php\/wp-json\/wp\/v2\/types\/post"}],"author":[{"embeddable":true,"href":"https:\/\/www.nexoinformativo.mx\/index.php\/wp-json\/wp\/v2\/users\/3"}],"replies":[{"embeddable":true,"href":"https:\/\/www.nexoinformativo.mx\/index.php\/wp-json\/wp\/v2\/comments?post=14949"}],"version-history":[{"count":3,"href":"https:\/\/www.nexoinformativo.mx\/index.php\/wp-json\/wp\/v2\/posts\/14949\/revisions"}],"predecessor-version":[{"id":14953,"href":"https:\/\/www.nexoinformativo.mx\/index.php\/wp-json\/wp\/v2\/posts\/14949\/revisions\/14953"}],"wp:featuredmedia":[{"embeddable":true,"href":"https:\/\/www.nexoinformativo.mx\/index.php\/wp-json\/wp\/v2\/media\/14950"}],"wp:attachment":[{"href":"https:\/\/www.nexoinformativo.mx\/index.php\/wp-json\/wp\/v2\/media?parent=14949"}],"wp:term":[{"taxonomy":"category","embeddable":true,"href":"https:\/\/www.nexoinformativo.mx\/index.php\/wp-json\/wp\/v2\/categories?post=14949"},{"taxonomy":"post_tag","embeddable":true,"href":"https:\/\/www.nexoinformativo.mx\/index.php\/wp-json\/wp\/v2\/tags?post=14949"}],"curies":[{"name":"wp","href":"https:\/\/api.w.org\/{rel}","templated":true}]}}