{"id":14954,"date":"2025-05-14T08:30:54","date_gmt":"2025-05-14T14:30:54","guid":{"rendered":"https:\/\/www.nexoinformativo.mx\/?p=14954"},"modified":"2025-05-14T13:52:50","modified_gmt":"2025-05-14T19:52:50","slug":"marcelo-ebrard-impulsa-estrategia-para-convertirse-en-lider-de-semiconductores","status":"publish","type":"post","link":"https:\/\/www.nexoinformativo.mx\/index.php\/2025\/05\/14\/marcelo-ebrard-impulsa-estrategia-para-convertirse-en-lider-de-semiconductores\/","title":{"rendered":"Marcelo Ebrard impulsa estrategia para convertir a M\u00e9xico en l\u00edder de semiconductores"},"content":{"rendered":"<p style=\"text-align: justify;\" data-sourcepos=\"3:1-3:341\">El secretario de Econom\u00eda, Marcelo Ebrard, presidi\u00f3 una reuni\u00f3n clave de seguimiento del <strong>Plan Maestro de Semiconductores 2024-2030,<\/strong> marcando un avance significativo en el objetivo de consolidar al pa\u00eds como un actor principal en la industria global de semiconductores.<\/p>\n<p>&nbsp;<\/p>\n<p style=\"text-align: justify;\" data-sourcepos=\"5:1-5:453\">Durante el encuentro, se revel\u00f3 que ya se han alcanzado 16 de las 30 metas propuestas en octubre pasado, resaltando la importancia del Foro de Cooperaci\u00f3n de Semiconductores para la articulaci\u00f3n de estrategias entre el sector p\u00fablico y privado.<\/p>\n<p>&nbsp;<\/p>\n<p style=\"text-align: justify;\" data-sourcepos=\"5:1-5:453\">Se discutieron medidas cruciales para optimizar permisos de importaci\u00f3n, devoluciones fiscales y fortalecer la cadena de suministro, elementos clave para atraer inversi\u00f3n y fomentar el crecimiento del sector.<\/p>\n<p>&nbsp;<\/p>\n<p style=\"text-align: justify;\" data-sourcepos=\"7:1-7:459\">El Plan M\u00e9xico ya est\u00e1 mostrando los primeros impactos positivos de esta ambiciosa iniciativa, demostrando el compromiso del pa\u00eds con la integraci\u00f3n de soluciones innovadoras.<\/p>\n<p>&nbsp;<\/p>\n<p style=\"text-align: justify;\" data-sourcepos=\"7:1-7:459\">La Embajada de Estados Unidos reafirm\u00f3 su inter\u00e9s en impulsar el proyecto, comprometi\u00e9ndose a cumplir los objetivos planteados. Adem\u00e1s, se ratific\u00f3 el inter\u00e9s continuo de M\u00e9xico en fomentar la inversi\u00f3n y crear un entorno favorable para el desarrollo de esta industria de vanguardia.<\/p>\n<p>&nbsp;<\/p>\n<p style=\"text-align: justify;\" data-sourcepos=\"9:1-9:416\">Una propuesta ambiciosa fue establecer un cap\u00edtulo espec\u00edfico para semiconductores dentro del Tratado entre M\u00e9xico, Estados Unidos y Canad\u00e1 (T-MEC), con la visi\u00f3n de atraer inversiones de los grandes centros de producci\u00f3n a nivel mundial.<\/p>\n<p>&nbsp;<\/p>\n<p style=\"text-align: justify;\" data-sourcepos=\"11:1-11:292\">Empresas l\u00edderes como Cisco, Foxconn, Skyworks, Qualcomm e IBM, junto con la CANIETI y el CCE, han manifestado su firme compromiso con esta iniciativa, participando activamente en la construcci\u00f3n de estrategias para potenciar la proveedur\u00eda local y la cadena de semiconductores de alto valor.<\/p>\n<p>&nbsp;<\/p>\n<p style=\"text-align: justify;\" data-sourcepos=\"13:1-13:343\">Un momento significativo fue la entrega oficial del sello <strong>&#8220;Hecho en M\u00e9xico&#8221;<\/strong> a Circuify Semiconductors por el secretario Marcelo Ebrard. Esta empresa, orgullosamente fundada por ingenieros mexicanos de alta especialidad, se dedica al dise\u00f1o de semiconductores de hasta tres nan\u00f3metros, demostrando el talento nacional.<\/p>\n<p>&nbsp;<\/p>\n<p style=\"text-align: justify;\" data-sourcepos=\"15:1-15:243\">Con estos avances M\u00e9xico se posiciona cada vez m\u00e1s como un destino estrat\u00e9gico para la industria de semiconductores, impulsando la innovaci\u00f3n y consolidando alianzas clave para fortalecer su papel en el escenario tecnol\u00f3gico global.<\/p>\n<p>&nbsp;<\/p>\n<p style=\"text-align: center;\" data-sourcepos=\"15:1-15:243\"><em><strong>\u00a1Informaci\u00f3n que transforma!<\/strong><\/em><\/p>\n","protected":false},"excerpt":{"rendered":"<p>El secretario de Econom\u00eda, Marcelo Ebrard, presidi\u00f3 una reuni\u00f3n clave de seguimiento del Plan Maestro de Semiconductores 2024-2030, marcando un avance significativo en el objetivo de consolidar al pa\u00eds como un actor principal en la industria global de semiconductores.<\/p>\n","protected":false},"author":3,"featured_media":14955,"comment_status":"open","ping_status":"open","sticky":false,"template":"","format":"standard","meta":{"footnotes":""},"categories":[5,88,58],"tags":[3389,3141,4455,4456],"class_list":["post-14954","post","type-post","status-publish","format-standard","has-post-thumbnail","hentry","category-economia","category-nacional","category-ultima-hora","tag-hechoenmexico","tag-planmaestro","tag-semiconductoresmx","tag-tecnologiamexico"],"yoast_head":"<!-- This site is optimized with the Yoast SEO plugin v25.0 - https:\/\/yoast.com\/wordpress\/plugins\/seo\/ -->\n<title>Marcelo Ebrard impulsa estrategia para convertir a M\u00e9xico en l\u00edder de semiconductores | Nexo Informativo Santiago de Quer\u00e9taro<\/title>\n<meta name=\"description\" content=\"Marcelo Ebrard impulsa estrategia para convertir a M\u00e9xico en l\u00edder de semiconductores\" \/>\n<meta name=\"robots\" content=\"index, follow, max-snippet:-1, max-image-preview:large, max-video-preview:-1\" \/>\n<link rel=\"canonical\" href=\"https:\/\/www.nexoinformativo.mx\/index.php\/2025\/05\/14\/marcelo-ebrard-impulsa-estrategia-para-convertirse-en-lider-de-semiconductores\/\" \/>\n<meta property=\"og:locale\" content=\"es_MX\" \/>\n<meta property=\"og:type\" content=\"article\" \/>\n<meta property=\"og:title\" content=\"Marcelo Ebrard impulsa estrategia para convertir a M\u00e9xico en l\u00edder de semiconductores | Nexo Informativo Santiago de Quer\u00e9taro\" \/>\n<meta property=\"og:description\" content=\"Marcelo Ebrard impulsa estrategia para convertir a M\u00e9xico en l\u00edder de semiconductores\" \/>\n<meta property=\"og:url\" content=\"https:\/\/www.nexoinformativo.mx\/index.php\/2025\/05\/14\/marcelo-ebrard-impulsa-estrategia-para-convertirse-en-lider-de-semiconductores\/\" \/>\n<meta property=\"og:site_name\" content=\"Nexo Informativo Santiago de Quer\u00e9taro\" \/>\n<meta property=\"article:publisher\" content=\"https:\/\/www.facebook.com\/people\/Nexo-Informativo\/61564066885511\/\" \/>\n<meta property=\"article:published_time\" content=\"2025-05-14T14:30:54+00:00\" \/>\n<meta property=\"article:modified_time\" content=\"2025-05-14T19:52:50+00:00\" \/>\n<meta property=\"og:image\" content=\"https:\/\/www.nexoinformativo.mx\/wp-content\/uploads\/2025\/05\/IMG_3056-scaled-e1747252260598.jpg\" \/>\n\t<meta property=\"og:image:width\" content=\"800\" \/>\n\t<meta property=\"og:image:height\" content=\"533\" \/>\n\t<meta property=\"og:image:type\" content=\"image\/jpeg\" \/>\n<meta name=\"author\" content=\"Nexo Informativo\" \/>\n<meta name=\"twitter:card\" content=\"summary_large_image\" \/>\n<meta name=\"twitter:label1\" content=\"Escrito por\" \/>\n\t<meta name=\"twitter:data1\" content=\"Nexo Informativo\" \/>\n\t<meta name=\"twitter:label2\" content=\"Tiempo de lectura\" \/>\n\t<meta name=\"twitter:data2\" content=\"2 minutos\" \/>\n<script type=\"application\/ld+json\" class=\"yoast-schema-graph\">{\"@context\":\"https:\/\/schema.org\",\"@graph\":[{\"@type\":\"Article\",\"@id\":\"https:\/\/www.nexoinformativo.mx\/index.php\/2025\/05\/14\/marcelo-ebrard-impulsa-estrategia-para-convertirse-en-lider-de-semiconductores\/#article\",\"isPartOf\":{\"@id\":\"https:\/\/www.nexoinformativo.mx\/index.php\/2025\/05\/14\/marcelo-ebrard-impulsa-estrategia-para-convertirse-en-lider-de-semiconductores\/\"},\"author\":{\"name\":\"Nexo Informativo\",\"@id\":\"https:\/\/www.nexoinformativo.mx\/#\/schema\/person\/7749d380ba08c8ca00d7bc76fd907b7d\"},\"headline\":\"Marcelo Ebrard impulsa estrategia para convertir a M\u00e9xico en l\u00edder de semiconductores\",\"datePublished\":\"2025-05-14T14:30:54+00:00\",\"dateModified\":\"2025-05-14T19:52:50+00:00\",\"mainEntityOfPage\":{\"@id\":\"https:\/\/www.nexoinformativo.mx\/index.php\/2025\/05\/14\/marcelo-ebrard-impulsa-estrategia-para-convertirse-en-lider-de-semiconductores\/\"},\"wordCount\":389,\"commentCount\":0,\"publisher\":{\"@id\":\"https:\/\/www.nexoinformativo.mx\/#organization\"},\"image\":{\"@id\":\"https:\/\/www.nexoinformativo.mx\/index.php\/2025\/05\/14\/marcelo-ebrard-impulsa-estrategia-para-convertirse-en-lider-de-semiconductores\/#primaryimage\"},\"thumbnailUrl\":\"https:\/\/www.nexoinformativo.mx\/wp-content\/uploads\/2025\/05\/IMG_3056-scaled-e1747252260598.jpg\",\"keywords\":[\"HechoEnM\u00e9xico\",\"PlanMaestro\",\"SemiconductoresMX\",\"Tecnolog\u00edaM\u00e9xico\"],\"articleSection\":[\"Econom\u00eda\",\"Nacional\",\"\u00daltima Hora\"],\"inLanguage\":\"es\",\"potentialAction\":[{\"@type\":\"CommentAction\",\"name\":\"Comment\",\"target\":[\"https:\/\/www.nexoinformativo.mx\/index.php\/2025\/05\/14\/marcelo-ebrard-impulsa-estrategia-para-convertirse-en-lider-de-semiconductores\/#respond\"]}]},{\"@type\":\"WebPage\",\"@id\":\"https:\/\/www.nexoinformativo.mx\/index.php\/2025\/05\/14\/marcelo-ebrard-impulsa-estrategia-para-convertirse-en-lider-de-semiconductores\/\",\"url\":\"https:\/\/www.nexoinformativo.mx\/index.php\/2025\/05\/14\/marcelo-ebrard-impulsa-estrategia-para-convertirse-en-lider-de-semiconductores\/\",\"name\":\"Marcelo Ebrard impulsa estrategia para convertir a M\u00e9xico en l\u00edder de semiconductores | Nexo Informativo Santiago de Quer\u00e9taro\",\"isPartOf\":{\"@id\":\"https:\/\/www.nexoinformativo.mx\/#website\"},\"primaryImageOfPage\":{\"@id\":\"https:\/\/www.nexoinformativo.mx\/index.php\/2025\/05\/14\/marcelo-ebrard-impulsa-estrategia-para-convertirse-en-lider-de-semiconductores\/#primaryimage\"},\"image\":{\"@id\":\"https:\/\/www.nexoinformativo.mx\/index.php\/2025\/05\/14\/marcelo-ebrard-impulsa-estrategia-para-convertirse-en-lider-de-semiconductores\/#primaryimage\"},\"thumbnailUrl\":\"https:\/\/www.nexoinformativo.mx\/wp-content\/uploads\/2025\/05\/IMG_3056-scaled-e1747252260598.jpg\",\"datePublished\":\"2025-05-14T14:30:54+00:00\",\"dateModified\":\"2025-05-14T19:52:50+00:00\",\"description\":\"Marcelo Ebrard impulsa estrategia para convertir a M\u00e9xico en l\u00edder de semiconductores\",\"breadcrumb\":{\"@id\":\"https:\/\/www.nexoinformativo.mx\/index.php\/2025\/05\/14\/marcelo-ebrard-impulsa-estrategia-para-convertirse-en-lider-de-semiconductores\/#breadcrumb\"},\"inLanguage\":\"es\",\"potentialAction\":[{\"@type\":\"ReadAction\",\"target\":[\"https:\/\/www.nexoinformativo.mx\/index.php\/2025\/05\/14\/marcelo-ebrard-impulsa-estrategia-para-convertirse-en-lider-de-semiconductores\/\"]}]},{\"@type\":\"ImageObject\",\"inLanguage\":\"es\",\"@id\":\"https:\/\/www.nexoinformativo.mx\/index.php\/2025\/05\/14\/marcelo-ebrard-impulsa-estrategia-para-convertirse-en-lider-de-semiconductores\/#primaryimage\",\"url\":\"https:\/\/www.nexoinformativo.mx\/wp-content\/uploads\/2025\/05\/IMG_3056-scaled-e1747252260598.jpg\",\"contentUrl\":\"https:\/\/www.nexoinformativo.mx\/wp-content\/uploads\/2025\/05\/IMG_3056-scaled-e1747252260598.jpg\",\"width\":800,\"height\":533},{\"@type\":\"BreadcrumbList\",\"@id\":\"https:\/\/www.nexoinformativo.mx\/index.php\/2025\/05\/14\/marcelo-ebrard-impulsa-estrategia-para-convertirse-en-lider-de-semiconductores\/#breadcrumb\",\"itemListElement\":[{\"@type\":\"ListItem\",\"position\":1,\"name\":\"Inicio\",\"item\":\"https:\/\/www.nexoinformativo.mx\/\"},{\"@type\":\"ListItem\",\"position\":2,\"name\":\"Marcelo Ebrard impulsa estrategia para convertir a M\u00e9xico en l\u00edder de semiconductores\"}]},{\"@type\":\"WebSite\",\"@id\":\"https:\/\/www.nexoinformativo.mx\/#website\",\"url\":\"https:\/\/www.nexoinformativo.mx\/\",\"name\":\"Nexo Informativo Santiago de Quer\u00e9taro\",\"description\":\"Explora NexoInformativo y convi\u00e9rtete en parte de una comunidad que valora el conocimiento y la verdad. Tu nexoinformativo es tu puente hacia una comprensi\u00f3n m\u00e1s profunda del mundo que te rodea.\",\"publisher\":{\"@id\":\"https:\/\/www.nexoinformativo.mx\/#organization\"},\"potentialAction\":[{\"@type\":\"SearchAction\",\"target\":{\"@type\":\"EntryPoint\",\"urlTemplate\":\"https:\/\/www.nexoinformativo.mx\/?s={search_term_string}\"},\"query-input\":{\"@type\":\"PropertyValueSpecification\",\"valueRequired\":true,\"valueName\":\"search_term_string\"}}],\"inLanguage\":\"es\"},{\"@type\":\"Organization\",\"@id\":\"https:\/\/www.nexoinformativo.mx\/#organization\",\"name\":\"Nexo Informativo Santiago de Quer\u00e9taro\",\"url\":\"https:\/\/www.nexoinformativo.mx\/\",\"logo\":{\"@type\":\"ImageObject\",\"inLanguage\":\"es\",\"@id\":\"https:\/\/www.nexoinformativo.mx\/#\/schema\/logo\/image\/\",\"url\":\"https:\/\/www.nexoinformativo.mx\/wp-content\/uploads\/2024\/07\/nexoi-trasparente-2.png\",\"contentUrl\":\"https:\/\/www.nexoinformativo.mx\/wp-content\/uploads\/2024\/07\/nexoi-trasparente-2.png\",\"width\":816,\"height\":339,\"caption\":\"Nexo Informativo Santiago de Quer\u00e9taro\"},\"image\":{\"@id\":\"https:\/\/www.nexoinformativo.mx\/#\/schema\/logo\/image\/\"},\"sameAs\":[\"https:\/\/www.facebook.com\/people\/Nexo-Informativo\/61564066885511\/\"]},{\"@type\":\"Person\",\"@id\":\"https:\/\/www.nexoinformativo.mx\/#\/schema\/person\/7749d380ba08c8ca00d7bc76fd907b7d\",\"name\":\"Nexo Informativo\",\"image\":{\"@type\":\"ImageObject\",\"inLanguage\":\"es\",\"@id\":\"https:\/\/www.nexoinformativo.mx\/#\/schema\/person\/image\/\",\"url\":\"https:\/\/secure.gravatar.com\/avatar\/dde2928154642a13d95f87ddf1ea9718fe2b46760a005c53e41ff5ad610704e6?s=96&d=mm&r=g\",\"contentUrl\":\"https:\/\/secure.gravatar.com\/avatar\/dde2928154642a13d95f87ddf1ea9718fe2b46760a005c53e41ff5ad610704e6?s=96&d=mm&r=g\",\"caption\":\"Nexo Informativo\"},\"url\":\"https:\/\/www.nexoinformativo.mx\/index.php\/author\/edicion\/\"}]}<\/script>\n<!-- \/ Yoast SEO plugin. -->","yoast_head_json":{"title":"Marcelo Ebrard impulsa estrategia para convertir a M\u00e9xico en l\u00edder de semiconductores | Nexo Informativo Santiago de Quer\u00e9taro","description":"Marcelo Ebrard impulsa estrategia para convertir a M\u00e9xico en l\u00edder de semiconductores","robots":{"index":"index","follow":"follow","max-snippet":"max-snippet:-1","max-image-preview":"max-image-preview:large","max-video-preview":"max-video-preview:-1"},"canonical":"https:\/\/www.nexoinformativo.mx\/index.php\/2025\/05\/14\/marcelo-ebrard-impulsa-estrategia-para-convertirse-en-lider-de-semiconductores\/","og_locale":"es_MX","og_type":"article","og_title":"Marcelo Ebrard impulsa estrategia para convertir a M\u00e9xico en l\u00edder de semiconductores | Nexo Informativo Santiago de Quer\u00e9taro","og_description":"Marcelo Ebrard impulsa estrategia para convertir a M\u00e9xico en l\u00edder de semiconductores","og_url":"https:\/\/www.nexoinformativo.mx\/index.php\/2025\/05\/14\/marcelo-ebrard-impulsa-estrategia-para-convertirse-en-lider-de-semiconductores\/","og_site_name":"Nexo Informativo Santiago de Quer\u00e9taro","article_publisher":"https:\/\/www.facebook.com\/people\/Nexo-Informativo\/61564066885511\/","article_published_time":"2025-05-14T14:30:54+00:00","article_modified_time":"2025-05-14T19:52:50+00:00","og_image":[{"width":800,"height":533,"url":"https:\/\/www.nexoinformativo.mx\/wp-content\/uploads\/2025\/05\/IMG_3056-scaled-e1747252260598.jpg","type":"image\/jpeg"}],"author":"Nexo Informativo","twitter_card":"summary_large_image","twitter_misc":{"Escrito por":"Nexo Informativo","Tiempo de lectura":"2 minutos"},"schema":{"@context":"https:\/\/schema.org","@graph":[{"@type":"Article","@id":"https:\/\/www.nexoinformativo.mx\/index.php\/2025\/05\/14\/marcelo-ebrard-impulsa-estrategia-para-convertirse-en-lider-de-semiconductores\/#article","isPartOf":{"@id":"https:\/\/www.nexoinformativo.mx\/index.php\/2025\/05\/14\/marcelo-ebrard-impulsa-estrategia-para-convertirse-en-lider-de-semiconductores\/"},"author":{"name":"Nexo Informativo","@id":"https:\/\/www.nexoinformativo.mx\/#\/schema\/person\/7749d380ba08c8ca00d7bc76fd907b7d"},"headline":"Marcelo Ebrard impulsa estrategia para convertir a M\u00e9xico en l\u00edder de semiconductores","datePublished":"2025-05-14T14:30:54+00:00","dateModified":"2025-05-14T19:52:50+00:00","mainEntityOfPage":{"@id":"https:\/\/www.nexoinformativo.mx\/index.php\/2025\/05\/14\/marcelo-ebrard-impulsa-estrategia-para-convertirse-en-lider-de-semiconductores\/"},"wordCount":389,"commentCount":0,"publisher":{"@id":"https:\/\/www.nexoinformativo.mx\/#organization"},"image":{"@id":"https:\/\/www.nexoinformativo.mx\/index.php\/2025\/05\/14\/marcelo-ebrard-impulsa-estrategia-para-convertirse-en-lider-de-semiconductores\/#primaryimage"},"thumbnailUrl":"https:\/\/www.nexoinformativo.mx\/wp-content\/uploads\/2025\/05\/IMG_3056-scaled-e1747252260598.jpg","keywords":["HechoEnM\u00e9xico","PlanMaestro","SemiconductoresMX","Tecnolog\u00edaM\u00e9xico"],"articleSection":["Econom\u00eda","Nacional","\u00daltima Hora"],"inLanguage":"es","potentialAction":[{"@type":"CommentAction","name":"Comment","target":["https:\/\/www.nexoinformativo.mx\/index.php\/2025\/05\/14\/marcelo-ebrard-impulsa-estrategia-para-convertirse-en-lider-de-semiconductores\/#respond"]}]},{"@type":"WebPage","@id":"https:\/\/www.nexoinformativo.mx\/index.php\/2025\/05\/14\/marcelo-ebrard-impulsa-estrategia-para-convertirse-en-lider-de-semiconductores\/","url":"https:\/\/www.nexoinformativo.mx\/index.php\/2025\/05\/14\/marcelo-ebrard-impulsa-estrategia-para-convertirse-en-lider-de-semiconductores\/","name":"Marcelo Ebrard impulsa estrategia para convertir a M\u00e9xico en l\u00edder de semiconductores | Nexo Informativo Santiago de Quer\u00e9taro","isPartOf":{"@id":"https:\/\/www.nexoinformativo.mx\/#website"},"primaryImageOfPage":{"@id":"https:\/\/www.nexoinformativo.mx\/index.php\/2025\/05\/14\/marcelo-ebrard-impulsa-estrategia-para-convertirse-en-lider-de-semiconductores\/#primaryimage"},"image":{"@id":"https:\/\/www.nexoinformativo.mx\/index.php\/2025\/05\/14\/marcelo-ebrard-impulsa-estrategia-para-convertirse-en-lider-de-semiconductores\/#primaryimage"},"thumbnailUrl":"https:\/\/www.nexoinformativo.mx\/wp-content\/uploads\/2025\/05\/IMG_3056-scaled-e1747252260598.jpg","datePublished":"2025-05-14T14:30:54+00:00","dateModified":"2025-05-14T19:52:50+00:00","description":"Marcelo Ebrard impulsa estrategia para convertir a M\u00e9xico en l\u00edder de semiconductores","breadcrumb":{"@id":"https:\/\/www.nexoinformativo.mx\/index.php\/2025\/05\/14\/marcelo-ebrard-impulsa-estrategia-para-convertirse-en-lider-de-semiconductores\/#breadcrumb"},"inLanguage":"es","potentialAction":[{"@type":"ReadAction","target":["https:\/\/www.nexoinformativo.mx\/index.php\/2025\/05\/14\/marcelo-ebrard-impulsa-estrategia-para-convertirse-en-lider-de-semiconductores\/"]}]},{"@type":"ImageObject","inLanguage":"es","@id":"https:\/\/www.nexoinformativo.mx\/index.php\/2025\/05\/14\/marcelo-ebrard-impulsa-estrategia-para-convertirse-en-lider-de-semiconductores\/#primaryimage","url":"https:\/\/www.nexoinformativo.mx\/wp-content\/uploads\/2025\/05\/IMG_3056-scaled-e1747252260598.jpg","contentUrl":"https:\/\/www.nexoinformativo.mx\/wp-content\/uploads\/2025\/05\/IMG_3056-scaled-e1747252260598.jpg","width":800,"height":533},{"@type":"BreadcrumbList","@id":"https:\/\/www.nexoinformativo.mx\/index.php\/2025\/05\/14\/marcelo-ebrard-impulsa-estrategia-para-convertirse-en-lider-de-semiconductores\/#breadcrumb","itemListElement":[{"@type":"ListItem","position":1,"name":"Inicio","item":"https:\/\/www.nexoinformativo.mx\/"},{"@type":"ListItem","position":2,"name":"Marcelo Ebrard impulsa estrategia para convertir a M\u00e9xico en l\u00edder de semiconductores"}]},{"@type":"WebSite","@id":"https:\/\/www.nexoinformativo.mx\/#website","url":"https:\/\/www.nexoinformativo.mx\/","name":"Nexo Informativo Santiago de Quer\u00e9taro","description":"Explora NexoInformativo y convi\u00e9rtete en parte de una comunidad que valora el conocimiento y la verdad. Tu nexoinformativo es tu puente hacia una comprensi\u00f3n m\u00e1s profunda del mundo que te rodea.","publisher":{"@id":"https:\/\/www.nexoinformativo.mx\/#organization"},"potentialAction":[{"@type":"SearchAction","target":{"@type":"EntryPoint","urlTemplate":"https:\/\/www.nexoinformativo.mx\/?s={search_term_string}"},"query-input":{"@type":"PropertyValueSpecification","valueRequired":true,"valueName":"search_term_string"}}],"inLanguage":"es"},{"@type":"Organization","@id":"https:\/\/www.nexoinformativo.mx\/#organization","name":"Nexo Informativo Santiago de Quer\u00e9taro","url":"https:\/\/www.nexoinformativo.mx\/","logo":{"@type":"ImageObject","inLanguage":"es","@id":"https:\/\/www.nexoinformativo.mx\/#\/schema\/logo\/image\/","url":"https:\/\/www.nexoinformativo.mx\/wp-content\/uploads\/2024\/07\/nexoi-trasparente-2.png","contentUrl":"https:\/\/www.nexoinformativo.mx\/wp-content\/uploads\/2024\/07\/nexoi-trasparente-2.png","width":816,"height":339,"caption":"Nexo Informativo Santiago de Quer\u00e9taro"},"image":{"@id":"https:\/\/www.nexoinformativo.mx\/#\/schema\/logo\/image\/"},"sameAs":["https:\/\/www.facebook.com\/people\/Nexo-Informativo\/61564066885511\/"]},{"@type":"Person","@id":"https:\/\/www.nexoinformativo.mx\/#\/schema\/person\/7749d380ba08c8ca00d7bc76fd907b7d","name":"Nexo Informativo","image":{"@type":"ImageObject","inLanguage":"es","@id":"https:\/\/www.nexoinformativo.mx\/#\/schema\/person\/image\/","url":"https:\/\/secure.gravatar.com\/avatar\/dde2928154642a13d95f87ddf1ea9718fe2b46760a005c53e41ff5ad610704e6?s=96&d=mm&r=g","contentUrl":"https:\/\/secure.gravatar.com\/avatar\/dde2928154642a13d95f87ddf1ea9718fe2b46760a005c53e41ff5ad610704e6?s=96&d=mm&r=g","caption":"Nexo Informativo"},"url":"https:\/\/www.nexoinformativo.mx\/index.php\/author\/edicion\/"}]}},"_links":{"self":[{"href":"https:\/\/www.nexoinformativo.mx\/index.php\/wp-json\/wp\/v2\/posts\/14954","targetHints":{"allow":["GET"]}}],"collection":[{"href":"https:\/\/www.nexoinformativo.mx\/index.php\/wp-json\/wp\/v2\/posts"}],"about":[{"href":"https:\/\/www.nexoinformativo.mx\/index.php\/wp-json\/wp\/v2\/types\/post"}],"author":[{"embeddable":true,"href":"https:\/\/www.nexoinformativo.mx\/index.php\/wp-json\/wp\/v2\/users\/3"}],"replies":[{"embeddable":true,"href":"https:\/\/www.nexoinformativo.mx\/index.php\/wp-json\/wp\/v2\/comments?post=14954"}],"version-history":[{"count":4,"href":"https:\/\/www.nexoinformativo.mx\/index.php\/wp-json\/wp\/v2\/posts\/14954\/revisions"}],"predecessor-version":[{"id":14958,"href":"https:\/\/www.nexoinformativo.mx\/index.php\/wp-json\/wp\/v2\/posts\/14954\/revisions\/14958"}],"wp:featuredmedia":[{"embeddable":true,"href":"https:\/\/www.nexoinformativo.mx\/index.php\/wp-json\/wp\/v2\/media\/14955"}],"wp:attachment":[{"href":"https:\/\/www.nexoinformativo.mx\/index.php\/wp-json\/wp\/v2\/media?parent=14954"}],"wp:term":[{"taxonomy":"category","embeddable":true,"href":"https:\/\/www.nexoinformativo.mx\/index.php\/wp-json\/wp\/v2\/categories?post=14954"},{"taxonomy":"post_tag","embeddable":true,"href":"https:\/\/www.nexoinformativo.mx\/index.php\/wp-json\/wp\/v2\/tags?post=14954"}],"curies":[{"name":"wp","href":"https:\/\/api.w.org\/{rel}","templated":true}]}}