{"id":14960,"date":"2025-05-14T09:00:01","date_gmt":"2025-05-14T15:00:01","guid":{"rendered":"https:\/\/www.nexoinformativo.mx\/?p=14960"},"modified":"2025-05-14T14:02:09","modified_gmt":"2025-05-14T20:02:09","slug":"gobernador-kuri-lidera-entrega-de-insecticida-para-dar-batalla-contra-dengue-chikungunya-y-zika","status":"publish","type":"post","link":"https:\/\/www.nexoinformativo.mx\/index.php\/2025\/05\/14\/gobernador-kuri-lidera-entrega-de-insecticida-para-dar-batalla-contra-dengue-chikungunya-y-zika\/","title":{"rendered":"Gobierno de Quer\u00e9taro lidera entrega de insecticida para dar batalla contra dengue, chikungunya y zika"},"content":{"rendered":"<p style=\"text-align: justify;\" data-sourcepos=\"3:1-3:494\">El gobernador Mauricio Kuri encabez\u00f3 la entrega de un importante lote de insecticida a brigadistas en el municipio de Jalpan de Serra, reforzando la estrategia estatal para el control del dengue, chikungunya y zika.<\/p>\n<p>&nbsp;<\/p>\n<p style=\"text-align: justify;\" data-sourcepos=\"3:1-3:494\">Esta acci\u00f3n, combinada con una vigilancia epidemiol\u00f3gica constante, busca proteger la salud p\u00fablica de la entidad ante un panorama nacional preocupante.<\/p>\n<p>&nbsp;<\/p>\n<p style=\"text-align: justify;\" data-sourcepos=\"5:1-5:502\">La secretaria de Salud, Mar\u00eda Martina P\u00e9rez, destac\u00f3 la relevancia de esta entrega en Jalpan de Serra, especialmente considerando que a nivel nacional se han reportado m\u00e1s de tres mil 200 casos de dengue y 18 defunciones hasta el 5 de mayo.<\/p>\n<p>&nbsp;<\/p>\n<p style=\"text-align: justify;\" data-sourcepos=\"5:1-5:502\">En Quer\u00e9taro, al 9 de mayo, se han confirmado 15 casos de dengue, cuatro de ellos en este municipio. Si bien la mayor\u00eda no han sido graves, cuatro pacientes presentaron signos de alarma, lo que subraya la necesidad de una respuesta oportuna y coordinada.<\/p>\n<p>&nbsp;<\/p>\n<p style=\"text-align: justify;\" data-sourcepos=\"7:1-7:353\">P\u00e9rez Rend\u00f3n record\u00f3 que 2024 fue un a\u00f1o at\u00edpico para el dengue en Quer\u00e9taro, cerrando con dos mil 847 casos confirmados, superando con creces el r\u00e9cord hist\u00f3rico de 373 casos en 2020.<\/p>\n<p>&nbsp;<\/p>\n<p style=\"text-align: justify;\" data-sourcepos=\"11:1-11:240\">Asimismo, resalt\u00f3 el papel crucial de los municipios en esta lucha, cuya participaci\u00f3n activa en las labores de descacharrizaci\u00f3n y la adquisici\u00f3n de insecticidas son fundamentales para combatir la propagaci\u00f3n del vector de manera efectiva.<\/p>\n<p>&nbsp;<\/p>\n<p style=\"text-align: justify;\" data-sourcepos=\"13:1-13:214\">P\u00e9rez Rend\u00f3n aprovech\u00f3 para reconocer la dedicaci\u00f3n del personal del Programa de Vectores, cuyo trabajo diario, a menudo en condiciones dif\u00edciles y zonas remotas, es un ejemplo de entrega y servicio a la comunidad.<\/p>\n<p>&nbsp;<\/p>\n<p style=\"text-align: justify;\" data-sourcepos=\"15:1-15:388\">El responsable estatal del Programa Vectores, Genaro Domingo, detall\u00f3 las acciones coordinadas, que incluyen el bloqueo del mosquito transmisor en los hogares de los pacientes y sus alrededores y tratamiento con larvicida de dep\u00f3sitos de agua, el rociado intradomiciliario residual, la fumigaci\u00f3n intradomiciliaria y la nebulizaci\u00f3n ambiental con veh\u00edculos equipados.<\/p>\n<p>&nbsp;<\/p>\n<p style=\"text-align: justify;\" data-sourcepos=\"17:1-17:206\">El alcalde de Jalpan de Serra, Rub\u00e9n Hern\u00e1ndez, destac\u00f3 las campa\u00f1as implementadas por su administraci\u00f3n y agradeci\u00f3 el apoyo del gobierno estatal para continuar mitigando los criaderos de mosquitos.<\/p>\n<p>&nbsp;<\/p>\n<p style=\"text-align: center;\" data-sourcepos=\"17:1-17:206\"><em><strong>\u00a1Informaci\u00f3n que transforma!<\/strong><\/em><\/p>\n","protected":false},"excerpt":{"rendered":"<p>brigadistas en el municipio de Jalpan de Serra, reforzando la estrategia estatal para el control del dengue, chikungunya y zika.<\/p>\n","protected":false},"author":3,"featured_media":14961,"comment_status":"open","ping_status":"open","sticky":false,"template":"","format":"standard","meta":{"footnotes":""},"categories":[65,58],"tags":[4459,4458,4457,4448],"class_list":["post-14960","post","type-post","status-publish","format-standard","has-post-thumbnail","hentry","category-municipios","category-ultima-hora","tag-kurigobierno","tag-mosquitocero","tag-queretarocontraeldengue","tag-saludqro"],"yoast_head":"<!-- This site is optimized with the Yoast SEO plugin v25.0 - https:\/\/yoast.com\/wordpress\/plugins\/seo\/ -->\n<title>Gobierno de Quer\u00e9taro lidera entrega de insecticida para dar batalla contra dengue, chikungunya y zika | Nexo Informativo Santiago de Quer\u00e9taro<\/title>\n<meta name=\"description\" content=\"Gobierno de Quer\u00e9taro lidera entrega de insecticida para dar batalla contra dengue, chikungunya y Zika\" \/>\n<meta name=\"robots\" content=\"index, follow, max-snippet:-1, max-image-preview:large, max-video-preview:-1\" \/>\n<link rel=\"canonical\" href=\"https:\/\/www.nexoinformativo.mx\/index.php\/2025\/05\/14\/gobernador-kuri-lidera-entrega-de-insecticida-para-dar-batalla-contra-dengue-chikungunya-y-zika\/\" \/>\n<meta property=\"og:locale\" content=\"es_MX\" \/>\n<meta property=\"og:type\" content=\"article\" \/>\n<meta property=\"og:title\" content=\"Gobierno de Quer\u00e9taro lidera entrega de insecticida para dar batalla contra dengue, chikungunya y zika | Nexo Informativo Santiago de Quer\u00e9taro\" \/>\n<meta property=\"og:description\" content=\"Gobierno de Quer\u00e9taro lidera entrega de insecticida para dar batalla contra dengue, chikungunya y Zika\" \/>\n<meta property=\"og:url\" content=\"https:\/\/www.nexoinformativo.mx\/index.php\/2025\/05\/14\/gobernador-kuri-lidera-entrega-de-insecticida-para-dar-batalla-contra-dengue-chikungunya-y-zika\/\" \/>\n<meta property=\"og:site_name\" content=\"Nexo Informativo Santiago de Quer\u00e9taro\" \/>\n<meta property=\"article:publisher\" content=\"https:\/\/www.facebook.com\/people\/Nexo-Informativo\/61564066885511\/\" \/>\n<meta property=\"article:published_time\" content=\"2025-05-14T15:00:01+00:00\" \/>\n<meta property=\"article:modified_time\" content=\"2025-05-14T20:02:09+00:00\" \/>\n<meta property=\"og:image\" content=\"https:\/\/www.nexoinformativo.mx\/wp-content\/uploads\/2025\/05\/71_273_47899_586151038_IMG_5600-e1747252719756.jpg\" \/>\n\t<meta property=\"og:image:width\" content=\"799\" \/>\n\t<meta property=\"og:image:height\" content=\"744\" \/>\n\t<meta property=\"og:image:type\" content=\"image\/jpeg\" \/>\n<meta name=\"author\" content=\"Nexo Informativo\" \/>\n<meta name=\"twitter:card\" content=\"summary_large_image\" \/>\n<meta name=\"twitter:label1\" content=\"Escrito por\" \/>\n\t<meta name=\"twitter:data1\" content=\"Nexo Informativo\" \/>\n\t<meta name=\"twitter:label2\" content=\"Tiempo de lectura\" \/>\n\t<meta name=\"twitter:data2\" content=\"2 minutos\" \/>\n<script type=\"application\/ld+json\" class=\"yoast-schema-graph\">{\"@context\":\"https:\/\/schema.org\",\"@graph\":[{\"@type\":\"Article\",\"@id\":\"https:\/\/www.nexoinformativo.mx\/index.php\/2025\/05\/14\/gobernador-kuri-lidera-entrega-de-insecticida-para-dar-batalla-contra-dengue-chikungunya-y-zika\/#article\",\"isPartOf\":{\"@id\":\"https:\/\/www.nexoinformativo.mx\/index.php\/2025\/05\/14\/gobernador-kuri-lidera-entrega-de-insecticida-para-dar-batalla-contra-dengue-chikungunya-y-zika\/\"},\"author\":{\"name\":\"Nexo Informativo\",\"@id\":\"https:\/\/www.nexoinformativo.mx\/#\/schema\/person\/7749d380ba08c8ca00d7bc76fd907b7d\"},\"headline\":\"Gobierno de Quer\u00e9taro lidera entrega de insecticida para dar batalla contra dengue, chikungunya y zika\",\"datePublished\":\"2025-05-14T15:00:01+00:00\",\"dateModified\":\"2025-05-14T20:02:09+00:00\",\"mainEntityOfPage\":{\"@id\":\"https:\/\/www.nexoinformativo.mx\/index.php\/2025\/05\/14\/gobernador-kuri-lidera-entrega-de-insecticida-para-dar-batalla-contra-dengue-chikungunya-y-zika\/\"},\"wordCount\":372,\"commentCount\":0,\"publisher\":{\"@id\":\"https:\/\/www.nexoinformativo.mx\/#organization\"},\"image\":{\"@id\":\"https:\/\/www.nexoinformativo.mx\/index.php\/2025\/05\/14\/gobernador-kuri-lidera-entrega-de-insecticida-para-dar-batalla-contra-dengue-chikungunya-y-zika\/#primaryimage\"},\"thumbnailUrl\":\"https:\/\/www.nexoinformativo.mx\/wp-content\/uploads\/2025\/05\/71_273_47899_586151038_IMG_5600-e1747252719756.jpg\",\"keywords\":[\"KuriGobierno\",\"MosquitoCero\",\"Quer\u00e9taroContraElDengue\",\"SaludQro\"],\"articleSection\":[\"Municipios\",\"\u00daltima Hora\"],\"inLanguage\":\"es\",\"potentialAction\":[{\"@type\":\"CommentAction\",\"name\":\"Comment\",\"target\":[\"https:\/\/www.nexoinformativo.mx\/index.php\/2025\/05\/14\/gobernador-kuri-lidera-entrega-de-insecticida-para-dar-batalla-contra-dengue-chikungunya-y-zika\/#respond\"]}]},{\"@type\":\"WebPage\",\"@id\":\"https:\/\/www.nexoinformativo.mx\/index.php\/2025\/05\/14\/gobernador-kuri-lidera-entrega-de-insecticida-para-dar-batalla-contra-dengue-chikungunya-y-zika\/\",\"url\":\"https:\/\/www.nexoinformativo.mx\/index.php\/2025\/05\/14\/gobernador-kuri-lidera-entrega-de-insecticida-para-dar-batalla-contra-dengue-chikungunya-y-zika\/\",\"name\":\"Gobierno de Quer\u00e9taro lidera entrega de insecticida para dar batalla contra dengue, chikungunya y zika | Nexo Informativo Santiago de Quer\u00e9taro\",\"isPartOf\":{\"@id\":\"https:\/\/www.nexoinformativo.mx\/#website\"},\"primaryImageOfPage\":{\"@id\":\"https:\/\/www.nexoinformativo.mx\/index.php\/2025\/05\/14\/gobernador-kuri-lidera-entrega-de-insecticida-para-dar-batalla-contra-dengue-chikungunya-y-zika\/#primaryimage\"},\"image\":{\"@id\":\"https:\/\/www.nexoinformativo.mx\/index.php\/2025\/05\/14\/gobernador-kuri-lidera-entrega-de-insecticida-para-dar-batalla-contra-dengue-chikungunya-y-zika\/#primaryimage\"},\"thumbnailUrl\":\"https:\/\/www.nexoinformativo.mx\/wp-content\/uploads\/2025\/05\/71_273_47899_586151038_IMG_5600-e1747252719756.jpg\",\"datePublished\":\"2025-05-14T15:00:01+00:00\",\"dateModified\":\"2025-05-14T20:02:09+00:00\",\"description\":\"Gobierno de Quer\u00e9taro lidera entrega de insecticida para dar batalla contra dengue, chikungunya y Zika\",\"breadcrumb\":{\"@id\":\"https:\/\/www.nexoinformativo.mx\/index.php\/2025\/05\/14\/gobernador-kuri-lidera-entrega-de-insecticida-para-dar-batalla-contra-dengue-chikungunya-y-zika\/#breadcrumb\"},\"inLanguage\":\"es\",\"potentialAction\":[{\"@type\":\"ReadAction\",\"target\":[\"https:\/\/www.nexoinformativo.mx\/index.php\/2025\/05\/14\/gobernador-kuri-lidera-entrega-de-insecticida-para-dar-batalla-contra-dengue-chikungunya-y-zika\/\"]}]},{\"@type\":\"ImageObject\",\"inLanguage\":\"es\",\"@id\":\"https:\/\/www.nexoinformativo.mx\/index.php\/2025\/05\/14\/gobernador-kuri-lidera-entrega-de-insecticida-para-dar-batalla-contra-dengue-chikungunya-y-zika\/#primaryimage\",\"url\":\"https:\/\/www.nexoinformativo.mx\/wp-content\/uploads\/2025\/05\/71_273_47899_586151038_IMG_5600-e1747252719756.jpg\",\"contentUrl\":\"https:\/\/www.nexoinformativo.mx\/wp-content\/uploads\/2025\/05\/71_273_47899_586151038_IMG_5600-e1747252719756.jpg\",\"width\":799,\"height\":744},{\"@type\":\"BreadcrumbList\",\"@id\":\"https:\/\/www.nexoinformativo.mx\/index.php\/2025\/05\/14\/gobernador-kuri-lidera-entrega-de-insecticida-para-dar-batalla-contra-dengue-chikungunya-y-zika\/#breadcrumb\",\"itemListElement\":[{\"@type\":\"ListItem\",\"position\":1,\"name\":\"Inicio\",\"item\":\"https:\/\/www.nexoinformativo.mx\/\"},{\"@type\":\"ListItem\",\"position\":2,\"name\":\"Gobierno de Quer\u00e9taro lidera entrega de insecticida para dar batalla contra dengue, chikungunya y zika\"}]},{\"@type\":\"WebSite\",\"@id\":\"https:\/\/www.nexoinformativo.mx\/#website\",\"url\":\"https:\/\/www.nexoinformativo.mx\/\",\"name\":\"Nexo Informativo Santiago de Quer\u00e9taro\",\"description\":\"Explora NexoInformativo y convi\u00e9rtete en parte de una comunidad que valora el conocimiento y la verdad. Tu nexoinformativo es tu puente hacia una comprensi\u00f3n m\u00e1s profunda del mundo que te rodea.\",\"publisher\":{\"@id\":\"https:\/\/www.nexoinformativo.mx\/#organization\"},\"potentialAction\":[{\"@type\":\"SearchAction\",\"target\":{\"@type\":\"EntryPoint\",\"urlTemplate\":\"https:\/\/www.nexoinformativo.mx\/?s={search_term_string}\"},\"query-input\":{\"@type\":\"PropertyValueSpecification\",\"valueRequired\":true,\"valueName\":\"search_term_string\"}}],\"inLanguage\":\"es\"},{\"@type\":\"Organization\",\"@id\":\"https:\/\/www.nexoinformativo.mx\/#organization\",\"name\":\"Nexo Informativo Santiago de Quer\u00e9taro\",\"url\":\"https:\/\/www.nexoinformativo.mx\/\",\"logo\":{\"@type\":\"ImageObject\",\"inLanguage\":\"es\",\"@id\":\"https:\/\/www.nexoinformativo.mx\/#\/schema\/logo\/image\/\",\"url\":\"https:\/\/www.nexoinformativo.mx\/wp-content\/uploads\/2024\/07\/nexoi-trasparente-2.png\",\"contentUrl\":\"https:\/\/www.nexoinformativo.mx\/wp-content\/uploads\/2024\/07\/nexoi-trasparente-2.png\",\"width\":816,\"height\":339,\"caption\":\"Nexo Informativo Santiago de Quer\u00e9taro\"},\"image\":{\"@id\":\"https:\/\/www.nexoinformativo.mx\/#\/schema\/logo\/image\/\"},\"sameAs\":[\"https:\/\/www.facebook.com\/people\/Nexo-Informativo\/61564066885511\/\"]},{\"@type\":\"Person\",\"@id\":\"https:\/\/www.nexoinformativo.mx\/#\/schema\/person\/7749d380ba08c8ca00d7bc76fd907b7d\",\"name\":\"Nexo Informativo\",\"image\":{\"@type\":\"ImageObject\",\"inLanguage\":\"es\",\"@id\":\"https:\/\/www.nexoinformativo.mx\/#\/schema\/person\/image\/\",\"url\":\"https:\/\/secure.gravatar.com\/avatar\/dde2928154642a13d95f87ddf1ea9718fe2b46760a005c53e41ff5ad610704e6?s=96&d=mm&r=g\",\"contentUrl\":\"https:\/\/secure.gravatar.com\/avatar\/dde2928154642a13d95f87ddf1ea9718fe2b46760a005c53e41ff5ad610704e6?s=96&d=mm&r=g\",\"caption\":\"Nexo Informativo\"},\"url\":\"https:\/\/www.nexoinformativo.mx\/index.php\/author\/edicion\/\"}]}<\/script>\n<!-- \/ Yoast SEO plugin. -->","yoast_head_json":{"title":"Gobierno de Quer\u00e9taro lidera entrega de insecticida para dar batalla contra dengue, chikungunya y zika | Nexo Informativo Santiago de Quer\u00e9taro","description":"Gobierno de Quer\u00e9taro lidera entrega de insecticida para dar batalla contra dengue, chikungunya y Zika","robots":{"index":"index","follow":"follow","max-snippet":"max-snippet:-1","max-image-preview":"max-image-preview:large","max-video-preview":"max-video-preview:-1"},"canonical":"https:\/\/www.nexoinformativo.mx\/index.php\/2025\/05\/14\/gobernador-kuri-lidera-entrega-de-insecticida-para-dar-batalla-contra-dengue-chikungunya-y-zika\/","og_locale":"es_MX","og_type":"article","og_title":"Gobierno de Quer\u00e9taro lidera entrega de insecticida para dar batalla contra dengue, chikungunya y zika | Nexo Informativo Santiago de Quer\u00e9taro","og_description":"Gobierno de Quer\u00e9taro lidera entrega de insecticida para dar batalla contra dengue, chikungunya y Zika","og_url":"https:\/\/www.nexoinformativo.mx\/index.php\/2025\/05\/14\/gobernador-kuri-lidera-entrega-de-insecticida-para-dar-batalla-contra-dengue-chikungunya-y-zika\/","og_site_name":"Nexo Informativo Santiago de Quer\u00e9taro","article_publisher":"https:\/\/www.facebook.com\/people\/Nexo-Informativo\/61564066885511\/","article_published_time":"2025-05-14T15:00:01+00:00","article_modified_time":"2025-05-14T20:02:09+00:00","og_image":[{"width":799,"height":744,"url":"https:\/\/www.nexoinformativo.mx\/wp-content\/uploads\/2025\/05\/71_273_47899_586151038_IMG_5600-e1747252719756.jpg","type":"image\/jpeg"}],"author":"Nexo Informativo","twitter_card":"summary_large_image","twitter_misc":{"Escrito por":"Nexo Informativo","Tiempo de lectura":"2 minutos"},"schema":{"@context":"https:\/\/schema.org","@graph":[{"@type":"Article","@id":"https:\/\/www.nexoinformativo.mx\/index.php\/2025\/05\/14\/gobernador-kuri-lidera-entrega-de-insecticida-para-dar-batalla-contra-dengue-chikungunya-y-zika\/#article","isPartOf":{"@id":"https:\/\/www.nexoinformativo.mx\/index.php\/2025\/05\/14\/gobernador-kuri-lidera-entrega-de-insecticida-para-dar-batalla-contra-dengue-chikungunya-y-zika\/"},"author":{"name":"Nexo Informativo","@id":"https:\/\/www.nexoinformativo.mx\/#\/schema\/person\/7749d380ba08c8ca00d7bc76fd907b7d"},"headline":"Gobierno de Quer\u00e9taro lidera entrega de insecticida para dar batalla contra dengue, chikungunya y zika","datePublished":"2025-05-14T15:00:01+00:00","dateModified":"2025-05-14T20:02:09+00:00","mainEntityOfPage":{"@id":"https:\/\/www.nexoinformativo.mx\/index.php\/2025\/05\/14\/gobernador-kuri-lidera-entrega-de-insecticida-para-dar-batalla-contra-dengue-chikungunya-y-zika\/"},"wordCount":372,"commentCount":0,"publisher":{"@id":"https:\/\/www.nexoinformativo.mx\/#organization"},"image":{"@id":"https:\/\/www.nexoinformativo.mx\/index.php\/2025\/05\/14\/gobernador-kuri-lidera-entrega-de-insecticida-para-dar-batalla-contra-dengue-chikungunya-y-zika\/#primaryimage"},"thumbnailUrl":"https:\/\/www.nexoinformativo.mx\/wp-content\/uploads\/2025\/05\/71_273_47899_586151038_IMG_5600-e1747252719756.jpg","keywords":["KuriGobierno","MosquitoCero","Quer\u00e9taroContraElDengue","SaludQro"],"articleSection":["Municipios","\u00daltima Hora"],"inLanguage":"es","potentialAction":[{"@type":"CommentAction","name":"Comment","target":["https:\/\/www.nexoinformativo.mx\/index.php\/2025\/05\/14\/gobernador-kuri-lidera-entrega-de-insecticida-para-dar-batalla-contra-dengue-chikungunya-y-zika\/#respond"]}]},{"@type":"WebPage","@id":"https:\/\/www.nexoinformativo.mx\/index.php\/2025\/05\/14\/gobernador-kuri-lidera-entrega-de-insecticida-para-dar-batalla-contra-dengue-chikungunya-y-zika\/","url":"https:\/\/www.nexoinformativo.mx\/index.php\/2025\/05\/14\/gobernador-kuri-lidera-entrega-de-insecticida-para-dar-batalla-contra-dengue-chikungunya-y-zika\/","name":"Gobierno de Quer\u00e9taro lidera entrega de insecticida para dar batalla contra dengue, chikungunya y zika | Nexo Informativo Santiago de Quer\u00e9taro","isPartOf":{"@id":"https:\/\/www.nexoinformativo.mx\/#website"},"primaryImageOfPage":{"@id":"https:\/\/www.nexoinformativo.mx\/index.php\/2025\/05\/14\/gobernador-kuri-lidera-entrega-de-insecticida-para-dar-batalla-contra-dengue-chikungunya-y-zika\/#primaryimage"},"image":{"@id":"https:\/\/www.nexoinformativo.mx\/index.php\/2025\/05\/14\/gobernador-kuri-lidera-entrega-de-insecticida-para-dar-batalla-contra-dengue-chikungunya-y-zika\/#primaryimage"},"thumbnailUrl":"https:\/\/www.nexoinformativo.mx\/wp-content\/uploads\/2025\/05\/71_273_47899_586151038_IMG_5600-e1747252719756.jpg","datePublished":"2025-05-14T15:00:01+00:00","dateModified":"2025-05-14T20:02:09+00:00","description":"Gobierno de Quer\u00e9taro lidera entrega de insecticida para dar batalla contra dengue, chikungunya y Zika","breadcrumb":{"@id":"https:\/\/www.nexoinformativo.mx\/index.php\/2025\/05\/14\/gobernador-kuri-lidera-entrega-de-insecticida-para-dar-batalla-contra-dengue-chikungunya-y-zika\/#breadcrumb"},"inLanguage":"es","potentialAction":[{"@type":"ReadAction","target":["https:\/\/www.nexoinformativo.mx\/index.php\/2025\/05\/14\/gobernador-kuri-lidera-entrega-de-insecticida-para-dar-batalla-contra-dengue-chikungunya-y-zika\/"]}]},{"@type":"ImageObject","inLanguage":"es","@id":"https:\/\/www.nexoinformativo.mx\/index.php\/2025\/05\/14\/gobernador-kuri-lidera-entrega-de-insecticida-para-dar-batalla-contra-dengue-chikungunya-y-zika\/#primaryimage","url":"https:\/\/www.nexoinformativo.mx\/wp-content\/uploads\/2025\/05\/71_273_47899_586151038_IMG_5600-e1747252719756.jpg","contentUrl":"https:\/\/www.nexoinformativo.mx\/wp-content\/uploads\/2025\/05\/71_273_47899_586151038_IMG_5600-e1747252719756.jpg","width":799,"height":744},{"@type":"BreadcrumbList","@id":"https:\/\/www.nexoinformativo.mx\/index.php\/2025\/05\/14\/gobernador-kuri-lidera-entrega-de-insecticida-para-dar-batalla-contra-dengue-chikungunya-y-zika\/#breadcrumb","itemListElement":[{"@type":"ListItem","position":1,"name":"Inicio","item":"https:\/\/www.nexoinformativo.mx\/"},{"@type":"ListItem","position":2,"name":"Gobierno de Quer\u00e9taro lidera entrega de insecticida para dar batalla contra dengue, chikungunya y zika"}]},{"@type":"WebSite","@id":"https:\/\/www.nexoinformativo.mx\/#website","url":"https:\/\/www.nexoinformativo.mx\/","name":"Nexo Informativo Santiago de Quer\u00e9taro","description":"Explora NexoInformativo y convi\u00e9rtete en parte de una comunidad que valora el conocimiento y la verdad. Tu nexoinformativo es tu puente hacia una comprensi\u00f3n m\u00e1s profunda del mundo que te rodea.","publisher":{"@id":"https:\/\/www.nexoinformativo.mx\/#organization"},"potentialAction":[{"@type":"SearchAction","target":{"@type":"EntryPoint","urlTemplate":"https:\/\/www.nexoinformativo.mx\/?s={search_term_string}"},"query-input":{"@type":"PropertyValueSpecification","valueRequired":true,"valueName":"search_term_string"}}],"inLanguage":"es"},{"@type":"Organization","@id":"https:\/\/www.nexoinformativo.mx\/#organization","name":"Nexo Informativo Santiago de Quer\u00e9taro","url":"https:\/\/www.nexoinformativo.mx\/","logo":{"@type":"ImageObject","inLanguage":"es","@id":"https:\/\/www.nexoinformativo.mx\/#\/schema\/logo\/image\/","url":"https:\/\/www.nexoinformativo.mx\/wp-content\/uploads\/2024\/07\/nexoi-trasparente-2.png","contentUrl":"https:\/\/www.nexoinformativo.mx\/wp-content\/uploads\/2024\/07\/nexoi-trasparente-2.png","width":816,"height":339,"caption":"Nexo Informativo Santiago de Quer\u00e9taro"},"image":{"@id":"https:\/\/www.nexoinformativo.mx\/#\/schema\/logo\/image\/"},"sameAs":["https:\/\/www.facebook.com\/people\/Nexo-Informativo\/61564066885511\/"]},{"@type":"Person","@id":"https:\/\/www.nexoinformativo.mx\/#\/schema\/person\/7749d380ba08c8ca00d7bc76fd907b7d","name":"Nexo Informativo","image":{"@type":"ImageObject","inLanguage":"es","@id":"https:\/\/www.nexoinformativo.mx\/#\/schema\/person\/image\/","url":"https:\/\/secure.gravatar.com\/avatar\/dde2928154642a13d95f87ddf1ea9718fe2b46760a005c53e41ff5ad610704e6?s=96&d=mm&r=g","contentUrl":"https:\/\/secure.gravatar.com\/avatar\/dde2928154642a13d95f87ddf1ea9718fe2b46760a005c53e41ff5ad610704e6?s=96&d=mm&r=g","caption":"Nexo Informativo"},"url":"https:\/\/www.nexoinformativo.mx\/index.php\/author\/edicion\/"}]}},"_links":{"self":[{"href":"https:\/\/www.nexoinformativo.mx\/index.php\/wp-json\/wp\/v2\/posts\/14960","targetHints":{"allow":["GET"]}}],"collection":[{"href":"https:\/\/www.nexoinformativo.mx\/index.php\/wp-json\/wp\/v2\/posts"}],"about":[{"href":"https:\/\/www.nexoinformativo.mx\/index.php\/wp-json\/wp\/v2\/types\/post"}],"author":[{"embeddable":true,"href":"https:\/\/www.nexoinformativo.mx\/index.php\/wp-json\/wp\/v2\/users\/3"}],"replies":[{"embeddable":true,"href":"https:\/\/www.nexoinformativo.mx\/index.php\/wp-json\/wp\/v2\/comments?post=14960"}],"version-history":[{"count":5,"href":"https:\/\/www.nexoinformativo.mx\/index.php\/wp-json\/wp\/v2\/posts\/14960\/revisions"}],"predecessor-version":[{"id":14968,"href":"https:\/\/www.nexoinformativo.mx\/index.php\/wp-json\/wp\/v2\/posts\/14960\/revisions\/14968"}],"wp:featuredmedia":[{"embeddable":true,"href":"https:\/\/www.nexoinformativo.mx\/index.php\/wp-json\/wp\/v2\/media\/14961"}],"wp:attachment":[{"href":"https:\/\/www.nexoinformativo.mx\/index.php\/wp-json\/wp\/v2\/media?parent=14960"}],"wp:term":[{"taxonomy":"category","embeddable":true,"href":"https:\/\/www.nexoinformativo.mx\/index.php\/wp-json\/wp\/v2\/categories?post=14960"},{"taxonomy":"post_tag","embeddable":true,"href":"https:\/\/www.nexoinformativo.mx\/index.php\/wp-json\/wp\/v2\/tags?post=14960"}],"curies":[{"name":"wp","href":"https:\/\/api.w.org\/{rel}","templated":true}]}}