{"id":14969,"date":"2025-05-14T09:30:39","date_gmt":"2025-05-14T15:30:39","guid":{"rendered":"https:\/\/www.nexoinformativo.mx\/?p=14969"},"modified":"2025-05-14T14:13:55","modified_gmt":"2025-05-14T20:13:55","slug":"sedif-arranca-programa-de-ayuda-alimentaria-en-la-sierra-queretana-para-los-mas-vulnerables","status":"publish","type":"post","link":"https:\/\/www.nexoinformativo.mx\/index.php\/2025\/05\/14\/sedif-arranca-programa-de-ayuda-alimentaria-en-la-sierra-queretana-para-los-mas-vulnerables\/","title":{"rendered":"SEDIF arranca programa de ayuda alimentaria en la Sierra Queretana para los mas vulnerables"},"content":{"rendered":"<p style=\"text-align: justify;\" data-sourcepos=\"3:1-3:350\">La presidenta del Patronato del Sistema Estatal DIF, Car Herrera de Kuri, dio inicio a la entrega regional de Apoyos Alimentarios a Grupos Vulnerables 2025, beneficiando de manera directa a 250 familias de los municipios de Arroyo Seco, Jalpan de Serra, Pinal de Amoles y Landa de Matamoros.<\/p>\n<\/p>\n<p>&nbsp;<\/p>\n<p style=\"text-align: justify;\" data-sourcepos=\"5:1-5:315\">En un emotivo evento realizado en el auditorio de la delegaci\u00f3n de Conc\u00e1, Car Herrera destac\u00f3 el compromiso del DIF Estatal de atender y escuchar a quienes m\u00e1s lo necesitan. Subray\u00f3 que la misi\u00f3n primordial es velar por las familias y los sectores desprotegidos, brind\u00e1ndoles apoyos esenciales como la alimentaci\u00f3n.<\/p>\n<\/p>\n<p>&nbsp;<\/p>\n<p style=\"text-align: justify;\" data-sourcepos=\"7:1-7:387\">&#8220;Cada dos meses estar\u00e1n recibiendo la despensa en la puerta de su casa. Este programa recorre los 18 municipios del estado y contribuye a llevar la asistencia social al siguiente nivel&#8221; enfatiz\u00f3 la Presidenta del SEDIF.<\/p>\n<\/p>\n<p>&nbsp;<\/p>\n<p style=\"text-align: justify;\" data-sourcepos=\"9:1-9:311\">Asimismo, resalt\u00f3 el invaluable apoyo del gobernador Mauricio Kuri, la colaboraci\u00f3n activa de los Ayuntamientos y, especialmente, la coordinaci\u00f3n con los Sistemas DIF Municipales, quienes act\u00faan como un puente crucial para que los apoyos alimentarios lleguen directamente a las comunidades que m\u00e1s lo requieren.<\/p>\n<\/p>\n<p>&nbsp;<\/p>\n<p style=\"text-align: justify;\" data-sourcepos=\"11:1-11:233\">El alcalde de Arroyo Seco, Fernando S\u00e1nchez Gil, reconoci\u00f3 la sensibilidad y calidez del DIF Estatal, agradeciendo el respaldo brindado a los habitantes de la Sierra Gorda Queretana y, en particular, a los ciudadanos de su municipio.<\/p>\n<\/p>\n<p>&nbsp;<\/p>\n<p style=\"text-align: justify;\" data-sourcepos=\"13:1-13:293\">Por su parte, el director general del SEDIF, \u00d3scar G\u00f3mez Niembro, inform\u00f3 que estas entregas forman parte de una s\u00f3lida Red de Distribuci\u00f3n. Destac\u00f3 que, en lo que va de la administraci\u00f3n estatal, cerca de 24 mil personas se han beneficiado con la distribuci\u00f3n de 70 mil paquetes alimentarios.<\/p>\n<\/p>\n<p>&nbsp;<\/p>\n<p style=\"text-align: justify;\" data-sourcepos=\"15:1-15:204\">En el evento tambi\u00e9n estuvieron presentes diversas autoridades estatales y municipales, reafirmando el compromiso del gobierno de Quer\u00e9taro con el bienestar de las familias en situaci\u00f3n de vulnerabilidad.<\/p>\n<\/p>\n<p>&nbsp;<\/p>\n<p style=\"text-align: center;\" data-sourcepos=\"15:1-15:204\"><em><strong>\u00a1Informaci\u00f3n que transforma!<\/strong><\/em><\/p>\n","protected":false},"excerpt":{"rendered":"<p>La presidenta del Patronato del Sistema Estatal DIF, Car Herrera de Kuri, dio inicio a la entrega regional de Apoyos Alimentarios a Grupos Vulnerables 2025, beneficiando de manera directa a 250 familias de los municipios de Arroyo Seco, Jalpan de Serra, Pinal de Amoles y Landa de Matamoros.<\/p>\n","protected":false},"author":3,"featured_media":14970,"comment_status":"open","ping_status":"open","sticky":false,"template":"","format":"standard","meta":{"footnotes":""},"categories":[65,58],"tags":[4461,4007,4460,1545],"class_list":["post-14969","post","type-post","status-publish","format-standard","has-post-thumbnail","hentry","category-municipios","category-ultima-hora","tag-apoyosalimentariosqro","tag-carherrera","tag-sedifcontigo","tag-sierragorda"],"yoast_head":"<!-- This site is optimized with the Yoast SEO plugin v25.0 - https:\/\/yoast.com\/wordpress\/plugins\/seo\/ -->\n<title>SEDIF arranca programa de ayuda alimentaria en la Sierra Queretana para los mas vulnerables | Nexo Informativo Santiago de Quer\u00e9taro<\/title>\n<meta name=\"description\" content=\"SEDIF arranca programa de ayuda alimentaria en la Sierra Queretana para los mas vulnerables\" \/>\n<meta name=\"robots\" content=\"index, follow, max-snippet:-1, max-image-preview:large, max-video-preview:-1\" \/>\n<link rel=\"canonical\" href=\"https:\/\/www.nexoinformativo.mx\/index.php\/2025\/05\/14\/sedif-arranca-programa-de-ayuda-alimentaria-en-la-sierra-queretana-para-los-mas-vulnerables\/\" \/>\n<meta property=\"og:locale\" content=\"es_MX\" \/>\n<meta property=\"og:type\" content=\"article\" \/>\n<meta property=\"og:title\" content=\"SEDIF arranca programa de ayuda alimentaria en la Sierra Queretana para los mas vulnerables | Nexo Informativo Santiago de Quer\u00e9taro\" \/>\n<meta property=\"og:description\" content=\"SEDIF arranca programa de ayuda alimentaria en la Sierra Queretana para los mas vulnerables\" \/>\n<meta property=\"og:url\" content=\"https:\/\/www.nexoinformativo.mx\/index.php\/2025\/05\/14\/sedif-arranca-programa-de-ayuda-alimentaria-en-la-sierra-queretana-para-los-mas-vulnerables\/\" \/>\n<meta property=\"og:site_name\" content=\"Nexo Informativo Santiago de Quer\u00e9taro\" \/>\n<meta property=\"article:publisher\" content=\"https:\/\/www.facebook.com\/people\/Nexo-Informativo\/61564066885511\/\" \/>\n<meta property=\"article:published_time\" content=\"2025-05-14T15:30:39+00:00\" \/>\n<meta property=\"article:modified_time\" content=\"2025-05-14T20:13:55+00:00\" \/>\n<meta property=\"og:image\" content=\"https:\/\/www.nexoinformativo.mx\/wp-content\/uploads\/2025\/05\/PHOTO-2025-05-14-13-06-59-e1747253583379.jpg\" \/>\n\t<meta property=\"og:image:width\" content=\"800\" \/>\n\t<meta property=\"og:image:height\" content=\"540\" \/>\n\t<meta property=\"og:image:type\" content=\"image\/jpeg\" \/>\n<meta name=\"author\" content=\"Nexo Informativo\" \/>\n<meta name=\"twitter:card\" content=\"summary_large_image\" \/>\n<meta name=\"twitter:label1\" content=\"Escrito por\" \/>\n\t<meta name=\"twitter:data1\" content=\"Nexo Informativo\" \/>\n\t<meta name=\"twitter:label2\" content=\"Tiempo de lectura\" \/>\n\t<meta name=\"twitter:data2\" content=\"2 minutos\" \/>\n<script type=\"application\/ld+json\" class=\"yoast-schema-graph\">{\"@context\":\"https:\/\/schema.org\",\"@graph\":[{\"@type\":\"Article\",\"@id\":\"https:\/\/www.nexoinformativo.mx\/index.php\/2025\/05\/14\/sedif-arranca-programa-de-ayuda-alimentaria-en-la-sierra-queretana-para-los-mas-vulnerables\/#article\",\"isPartOf\":{\"@id\":\"https:\/\/www.nexoinformativo.mx\/index.php\/2025\/05\/14\/sedif-arranca-programa-de-ayuda-alimentaria-en-la-sierra-queretana-para-los-mas-vulnerables\/\"},\"author\":{\"name\":\"Nexo Informativo\",\"@id\":\"https:\/\/www.nexoinformativo.mx\/#\/schema\/person\/7749d380ba08c8ca00d7bc76fd907b7d\"},\"headline\":\"SEDIF arranca programa de ayuda alimentaria en la Sierra Queretana para los mas vulnerables\",\"datePublished\":\"2025-05-14T15:30:39+00:00\",\"dateModified\":\"2025-05-14T20:13:55+00:00\",\"mainEntityOfPage\":{\"@id\":\"https:\/\/www.nexoinformativo.mx\/index.php\/2025\/05\/14\/sedif-arranca-programa-de-ayuda-alimentaria-en-la-sierra-queretana-para-los-mas-vulnerables\/\"},\"wordCount\":331,\"commentCount\":0,\"publisher\":{\"@id\":\"https:\/\/www.nexoinformativo.mx\/#organization\"},\"image\":{\"@id\":\"https:\/\/www.nexoinformativo.mx\/index.php\/2025\/05\/14\/sedif-arranca-programa-de-ayuda-alimentaria-en-la-sierra-queretana-para-los-mas-vulnerables\/#primaryimage\"},\"thumbnailUrl\":\"https:\/\/www.nexoinformativo.mx\/wp-content\/uploads\/2025\/05\/PHOTO-2025-05-14-13-06-59-e1747253583379.jpg\",\"keywords\":[\"ApoyosAlimentariosQro\",\"CarHerrera\",\"SEDIFContigo\",\"SierraGorda\"],\"articleSection\":[\"Municipios\",\"\u00daltima Hora\"],\"inLanguage\":\"es\",\"potentialAction\":[{\"@type\":\"CommentAction\",\"name\":\"Comment\",\"target\":[\"https:\/\/www.nexoinformativo.mx\/index.php\/2025\/05\/14\/sedif-arranca-programa-de-ayuda-alimentaria-en-la-sierra-queretana-para-los-mas-vulnerables\/#respond\"]}]},{\"@type\":\"WebPage\",\"@id\":\"https:\/\/www.nexoinformativo.mx\/index.php\/2025\/05\/14\/sedif-arranca-programa-de-ayuda-alimentaria-en-la-sierra-queretana-para-los-mas-vulnerables\/\",\"url\":\"https:\/\/www.nexoinformativo.mx\/index.php\/2025\/05\/14\/sedif-arranca-programa-de-ayuda-alimentaria-en-la-sierra-queretana-para-los-mas-vulnerables\/\",\"name\":\"SEDIF arranca programa de ayuda alimentaria en la Sierra Queretana para los mas vulnerables | Nexo Informativo Santiago de Quer\u00e9taro\",\"isPartOf\":{\"@id\":\"https:\/\/www.nexoinformativo.mx\/#website\"},\"primaryImageOfPage\":{\"@id\":\"https:\/\/www.nexoinformativo.mx\/index.php\/2025\/05\/14\/sedif-arranca-programa-de-ayuda-alimentaria-en-la-sierra-queretana-para-los-mas-vulnerables\/#primaryimage\"},\"image\":{\"@id\":\"https:\/\/www.nexoinformativo.mx\/index.php\/2025\/05\/14\/sedif-arranca-programa-de-ayuda-alimentaria-en-la-sierra-queretana-para-los-mas-vulnerables\/#primaryimage\"},\"thumbnailUrl\":\"https:\/\/www.nexoinformativo.mx\/wp-content\/uploads\/2025\/05\/PHOTO-2025-05-14-13-06-59-e1747253583379.jpg\",\"datePublished\":\"2025-05-14T15:30:39+00:00\",\"dateModified\":\"2025-05-14T20:13:55+00:00\",\"description\":\"SEDIF arranca programa de ayuda alimentaria en la Sierra Queretana para los mas vulnerables\",\"breadcrumb\":{\"@id\":\"https:\/\/www.nexoinformativo.mx\/index.php\/2025\/05\/14\/sedif-arranca-programa-de-ayuda-alimentaria-en-la-sierra-queretana-para-los-mas-vulnerables\/#breadcrumb\"},\"inLanguage\":\"es\",\"potentialAction\":[{\"@type\":\"ReadAction\",\"target\":[\"https:\/\/www.nexoinformativo.mx\/index.php\/2025\/05\/14\/sedif-arranca-programa-de-ayuda-alimentaria-en-la-sierra-queretana-para-los-mas-vulnerables\/\"]}]},{\"@type\":\"ImageObject\",\"inLanguage\":\"es\",\"@id\":\"https:\/\/www.nexoinformativo.mx\/index.php\/2025\/05\/14\/sedif-arranca-programa-de-ayuda-alimentaria-en-la-sierra-queretana-para-los-mas-vulnerables\/#primaryimage\",\"url\":\"https:\/\/www.nexoinformativo.mx\/wp-content\/uploads\/2025\/05\/PHOTO-2025-05-14-13-06-59-e1747253583379.jpg\",\"contentUrl\":\"https:\/\/www.nexoinformativo.mx\/wp-content\/uploads\/2025\/05\/PHOTO-2025-05-14-13-06-59-e1747253583379.jpg\",\"width\":800,\"height\":540},{\"@type\":\"BreadcrumbList\",\"@id\":\"https:\/\/www.nexoinformativo.mx\/index.php\/2025\/05\/14\/sedif-arranca-programa-de-ayuda-alimentaria-en-la-sierra-queretana-para-los-mas-vulnerables\/#breadcrumb\",\"itemListElement\":[{\"@type\":\"ListItem\",\"position\":1,\"name\":\"Inicio\",\"item\":\"https:\/\/www.nexoinformativo.mx\/\"},{\"@type\":\"ListItem\",\"position\":2,\"name\":\"SEDIF arranca programa de ayuda alimentaria en la Sierra Queretana para los mas vulnerables\"}]},{\"@type\":\"WebSite\",\"@id\":\"https:\/\/www.nexoinformativo.mx\/#website\",\"url\":\"https:\/\/www.nexoinformativo.mx\/\",\"name\":\"Nexo Informativo Santiago de Quer\u00e9taro\",\"description\":\"Explora NexoInformativo y convi\u00e9rtete en parte de una comunidad que valora el conocimiento y la verdad. Tu nexoinformativo es tu puente hacia una comprensi\u00f3n m\u00e1s profunda del mundo que te rodea.\",\"publisher\":{\"@id\":\"https:\/\/www.nexoinformativo.mx\/#organization\"},\"potentialAction\":[{\"@type\":\"SearchAction\",\"target\":{\"@type\":\"EntryPoint\",\"urlTemplate\":\"https:\/\/www.nexoinformativo.mx\/?s={search_term_string}\"},\"query-input\":{\"@type\":\"PropertyValueSpecification\",\"valueRequired\":true,\"valueName\":\"search_term_string\"}}],\"inLanguage\":\"es\"},{\"@type\":\"Organization\",\"@id\":\"https:\/\/www.nexoinformativo.mx\/#organization\",\"name\":\"Nexo Informativo Santiago de Quer\u00e9taro\",\"url\":\"https:\/\/www.nexoinformativo.mx\/\",\"logo\":{\"@type\":\"ImageObject\",\"inLanguage\":\"es\",\"@id\":\"https:\/\/www.nexoinformativo.mx\/#\/schema\/logo\/image\/\",\"url\":\"https:\/\/www.nexoinformativo.mx\/wp-content\/uploads\/2024\/07\/nexoi-trasparente-2.png\",\"contentUrl\":\"https:\/\/www.nexoinformativo.mx\/wp-content\/uploads\/2024\/07\/nexoi-trasparente-2.png\",\"width\":816,\"height\":339,\"caption\":\"Nexo Informativo Santiago de Quer\u00e9taro\"},\"image\":{\"@id\":\"https:\/\/www.nexoinformativo.mx\/#\/schema\/logo\/image\/\"},\"sameAs\":[\"https:\/\/www.facebook.com\/people\/Nexo-Informativo\/61564066885511\/\"]},{\"@type\":\"Person\",\"@id\":\"https:\/\/www.nexoinformativo.mx\/#\/schema\/person\/7749d380ba08c8ca00d7bc76fd907b7d\",\"name\":\"Nexo Informativo\",\"image\":{\"@type\":\"ImageObject\",\"inLanguage\":\"es\",\"@id\":\"https:\/\/www.nexoinformativo.mx\/#\/schema\/person\/image\/\",\"url\":\"https:\/\/secure.gravatar.com\/avatar\/dde2928154642a13d95f87ddf1ea9718fe2b46760a005c53e41ff5ad610704e6?s=96&d=mm&r=g\",\"contentUrl\":\"https:\/\/secure.gravatar.com\/avatar\/dde2928154642a13d95f87ddf1ea9718fe2b46760a005c53e41ff5ad610704e6?s=96&d=mm&r=g\",\"caption\":\"Nexo Informativo\"},\"url\":\"https:\/\/www.nexoinformativo.mx\/index.php\/author\/edicion\/\"}]}<\/script>\n<!-- \/ Yoast SEO plugin. -->","yoast_head_json":{"title":"SEDIF arranca programa de ayuda alimentaria en la Sierra Queretana para los mas vulnerables | Nexo Informativo Santiago de Quer\u00e9taro","description":"SEDIF arranca programa de ayuda alimentaria en la Sierra Queretana para los mas vulnerables","robots":{"index":"index","follow":"follow","max-snippet":"max-snippet:-1","max-image-preview":"max-image-preview:large","max-video-preview":"max-video-preview:-1"},"canonical":"https:\/\/www.nexoinformativo.mx\/index.php\/2025\/05\/14\/sedif-arranca-programa-de-ayuda-alimentaria-en-la-sierra-queretana-para-los-mas-vulnerables\/","og_locale":"es_MX","og_type":"article","og_title":"SEDIF arranca programa de ayuda alimentaria en la Sierra Queretana para los mas vulnerables | Nexo Informativo Santiago de Quer\u00e9taro","og_description":"SEDIF arranca programa de ayuda alimentaria en la Sierra Queretana para los mas vulnerables","og_url":"https:\/\/www.nexoinformativo.mx\/index.php\/2025\/05\/14\/sedif-arranca-programa-de-ayuda-alimentaria-en-la-sierra-queretana-para-los-mas-vulnerables\/","og_site_name":"Nexo Informativo Santiago de Quer\u00e9taro","article_publisher":"https:\/\/www.facebook.com\/people\/Nexo-Informativo\/61564066885511\/","article_published_time":"2025-05-14T15:30:39+00:00","article_modified_time":"2025-05-14T20:13:55+00:00","og_image":[{"width":800,"height":540,"url":"https:\/\/www.nexoinformativo.mx\/wp-content\/uploads\/2025\/05\/PHOTO-2025-05-14-13-06-59-e1747253583379.jpg","type":"image\/jpeg"}],"author":"Nexo Informativo","twitter_card":"summary_large_image","twitter_misc":{"Escrito por":"Nexo Informativo","Tiempo de lectura":"2 minutos"},"schema":{"@context":"https:\/\/schema.org","@graph":[{"@type":"Article","@id":"https:\/\/www.nexoinformativo.mx\/index.php\/2025\/05\/14\/sedif-arranca-programa-de-ayuda-alimentaria-en-la-sierra-queretana-para-los-mas-vulnerables\/#article","isPartOf":{"@id":"https:\/\/www.nexoinformativo.mx\/index.php\/2025\/05\/14\/sedif-arranca-programa-de-ayuda-alimentaria-en-la-sierra-queretana-para-los-mas-vulnerables\/"},"author":{"name":"Nexo Informativo","@id":"https:\/\/www.nexoinformativo.mx\/#\/schema\/person\/7749d380ba08c8ca00d7bc76fd907b7d"},"headline":"SEDIF arranca programa de ayuda alimentaria en la Sierra Queretana para los mas vulnerables","datePublished":"2025-05-14T15:30:39+00:00","dateModified":"2025-05-14T20:13:55+00:00","mainEntityOfPage":{"@id":"https:\/\/www.nexoinformativo.mx\/index.php\/2025\/05\/14\/sedif-arranca-programa-de-ayuda-alimentaria-en-la-sierra-queretana-para-los-mas-vulnerables\/"},"wordCount":331,"commentCount":0,"publisher":{"@id":"https:\/\/www.nexoinformativo.mx\/#organization"},"image":{"@id":"https:\/\/www.nexoinformativo.mx\/index.php\/2025\/05\/14\/sedif-arranca-programa-de-ayuda-alimentaria-en-la-sierra-queretana-para-los-mas-vulnerables\/#primaryimage"},"thumbnailUrl":"https:\/\/www.nexoinformativo.mx\/wp-content\/uploads\/2025\/05\/PHOTO-2025-05-14-13-06-59-e1747253583379.jpg","keywords":["ApoyosAlimentariosQro","CarHerrera","SEDIFContigo","SierraGorda"],"articleSection":["Municipios","\u00daltima Hora"],"inLanguage":"es","potentialAction":[{"@type":"CommentAction","name":"Comment","target":["https:\/\/www.nexoinformativo.mx\/index.php\/2025\/05\/14\/sedif-arranca-programa-de-ayuda-alimentaria-en-la-sierra-queretana-para-los-mas-vulnerables\/#respond"]}]},{"@type":"WebPage","@id":"https:\/\/www.nexoinformativo.mx\/index.php\/2025\/05\/14\/sedif-arranca-programa-de-ayuda-alimentaria-en-la-sierra-queretana-para-los-mas-vulnerables\/","url":"https:\/\/www.nexoinformativo.mx\/index.php\/2025\/05\/14\/sedif-arranca-programa-de-ayuda-alimentaria-en-la-sierra-queretana-para-los-mas-vulnerables\/","name":"SEDIF arranca programa de ayuda alimentaria en la Sierra Queretana para los mas vulnerables | Nexo Informativo Santiago de Quer\u00e9taro","isPartOf":{"@id":"https:\/\/www.nexoinformativo.mx\/#website"},"primaryImageOfPage":{"@id":"https:\/\/www.nexoinformativo.mx\/index.php\/2025\/05\/14\/sedif-arranca-programa-de-ayuda-alimentaria-en-la-sierra-queretana-para-los-mas-vulnerables\/#primaryimage"},"image":{"@id":"https:\/\/www.nexoinformativo.mx\/index.php\/2025\/05\/14\/sedif-arranca-programa-de-ayuda-alimentaria-en-la-sierra-queretana-para-los-mas-vulnerables\/#primaryimage"},"thumbnailUrl":"https:\/\/www.nexoinformativo.mx\/wp-content\/uploads\/2025\/05\/PHOTO-2025-05-14-13-06-59-e1747253583379.jpg","datePublished":"2025-05-14T15:30:39+00:00","dateModified":"2025-05-14T20:13:55+00:00","description":"SEDIF arranca programa de ayuda alimentaria en la Sierra Queretana para los mas vulnerables","breadcrumb":{"@id":"https:\/\/www.nexoinformativo.mx\/index.php\/2025\/05\/14\/sedif-arranca-programa-de-ayuda-alimentaria-en-la-sierra-queretana-para-los-mas-vulnerables\/#breadcrumb"},"inLanguage":"es","potentialAction":[{"@type":"ReadAction","target":["https:\/\/www.nexoinformativo.mx\/index.php\/2025\/05\/14\/sedif-arranca-programa-de-ayuda-alimentaria-en-la-sierra-queretana-para-los-mas-vulnerables\/"]}]},{"@type":"ImageObject","inLanguage":"es","@id":"https:\/\/www.nexoinformativo.mx\/index.php\/2025\/05\/14\/sedif-arranca-programa-de-ayuda-alimentaria-en-la-sierra-queretana-para-los-mas-vulnerables\/#primaryimage","url":"https:\/\/www.nexoinformativo.mx\/wp-content\/uploads\/2025\/05\/PHOTO-2025-05-14-13-06-59-e1747253583379.jpg","contentUrl":"https:\/\/www.nexoinformativo.mx\/wp-content\/uploads\/2025\/05\/PHOTO-2025-05-14-13-06-59-e1747253583379.jpg","width":800,"height":540},{"@type":"BreadcrumbList","@id":"https:\/\/www.nexoinformativo.mx\/index.php\/2025\/05\/14\/sedif-arranca-programa-de-ayuda-alimentaria-en-la-sierra-queretana-para-los-mas-vulnerables\/#breadcrumb","itemListElement":[{"@type":"ListItem","position":1,"name":"Inicio","item":"https:\/\/www.nexoinformativo.mx\/"},{"@type":"ListItem","position":2,"name":"SEDIF arranca programa de ayuda alimentaria en la Sierra Queretana para los mas vulnerables"}]},{"@type":"WebSite","@id":"https:\/\/www.nexoinformativo.mx\/#website","url":"https:\/\/www.nexoinformativo.mx\/","name":"Nexo Informativo Santiago de Quer\u00e9taro","description":"Explora NexoInformativo y convi\u00e9rtete en parte de una comunidad que valora el conocimiento y la verdad. Tu nexoinformativo es tu puente hacia una comprensi\u00f3n m\u00e1s profunda del mundo que te rodea.","publisher":{"@id":"https:\/\/www.nexoinformativo.mx\/#organization"},"potentialAction":[{"@type":"SearchAction","target":{"@type":"EntryPoint","urlTemplate":"https:\/\/www.nexoinformativo.mx\/?s={search_term_string}"},"query-input":{"@type":"PropertyValueSpecification","valueRequired":true,"valueName":"search_term_string"}}],"inLanguage":"es"},{"@type":"Organization","@id":"https:\/\/www.nexoinformativo.mx\/#organization","name":"Nexo Informativo Santiago de Quer\u00e9taro","url":"https:\/\/www.nexoinformativo.mx\/","logo":{"@type":"ImageObject","inLanguage":"es","@id":"https:\/\/www.nexoinformativo.mx\/#\/schema\/logo\/image\/","url":"https:\/\/www.nexoinformativo.mx\/wp-content\/uploads\/2024\/07\/nexoi-trasparente-2.png","contentUrl":"https:\/\/www.nexoinformativo.mx\/wp-content\/uploads\/2024\/07\/nexoi-trasparente-2.png","width":816,"height":339,"caption":"Nexo Informativo Santiago de Quer\u00e9taro"},"image":{"@id":"https:\/\/www.nexoinformativo.mx\/#\/schema\/logo\/image\/"},"sameAs":["https:\/\/www.facebook.com\/people\/Nexo-Informativo\/61564066885511\/"]},{"@type":"Person","@id":"https:\/\/www.nexoinformativo.mx\/#\/schema\/person\/7749d380ba08c8ca00d7bc76fd907b7d","name":"Nexo Informativo","image":{"@type":"ImageObject","inLanguage":"es","@id":"https:\/\/www.nexoinformativo.mx\/#\/schema\/person\/image\/","url":"https:\/\/secure.gravatar.com\/avatar\/dde2928154642a13d95f87ddf1ea9718fe2b46760a005c53e41ff5ad610704e6?s=96&d=mm&r=g","contentUrl":"https:\/\/secure.gravatar.com\/avatar\/dde2928154642a13d95f87ddf1ea9718fe2b46760a005c53e41ff5ad610704e6?s=96&d=mm&r=g","caption":"Nexo Informativo"},"url":"https:\/\/www.nexoinformativo.mx\/index.php\/author\/edicion\/"}]}},"_links":{"self":[{"href":"https:\/\/www.nexoinformativo.mx\/index.php\/wp-json\/wp\/v2\/posts\/14969","targetHints":{"allow":["GET"]}}],"collection":[{"href":"https:\/\/www.nexoinformativo.mx\/index.php\/wp-json\/wp\/v2\/posts"}],"about":[{"href":"https:\/\/www.nexoinformativo.mx\/index.php\/wp-json\/wp\/v2\/types\/post"}],"author":[{"embeddable":true,"href":"https:\/\/www.nexoinformativo.mx\/index.php\/wp-json\/wp\/v2\/users\/3"}],"replies":[{"embeddable":true,"href":"https:\/\/www.nexoinformativo.mx\/index.php\/wp-json\/wp\/v2\/comments?post=14969"}],"version-history":[{"count":3,"href":"https:\/\/www.nexoinformativo.mx\/index.php\/wp-json\/wp\/v2\/posts\/14969\/revisions"}],"predecessor-version":[{"id":14973,"href":"https:\/\/www.nexoinformativo.mx\/index.php\/wp-json\/wp\/v2\/posts\/14969\/revisions\/14973"}],"wp:featuredmedia":[{"embeddable":true,"href":"https:\/\/www.nexoinformativo.mx\/index.php\/wp-json\/wp\/v2\/media\/14970"}],"wp:attachment":[{"href":"https:\/\/www.nexoinformativo.mx\/index.php\/wp-json\/wp\/v2\/media?parent=14969"}],"wp:term":[{"taxonomy":"category","embeddable":true,"href":"https:\/\/www.nexoinformativo.mx\/index.php\/wp-json\/wp\/v2\/categories?post=14969"},{"taxonomy":"post_tag","embeddable":true,"href":"https:\/\/www.nexoinformativo.mx\/index.php\/wp-json\/wp\/v2\/tags?post=14969"}],"curies":[{"name":"wp","href":"https:\/\/api.w.org\/{rel}","templated":true}]}}