{"id":14987,"date":"2025-05-14T12:00:20","date_gmt":"2025-05-14T18:00:20","guid":{"rendered":"https:\/\/www.nexoinformativo.mx\/?p=14987"},"modified":"2025-05-14T14:45:49","modified_gmt":"2025-05-14T20:45:49","slug":"felifer-macias-lleva-resultados-tangibles-a-montenegro-mas-deporte-mejor-entorno-y-apoyos-para-familias","status":"publish","type":"post","link":"https:\/\/www.nexoinformativo.mx\/index.php\/2025\/05\/14\/felifer-macias-lleva-resultados-tangibles-a-montenegro-mas-deporte-mejor-entorno-y-apoyos-para-familias\/","title":{"rendered":"Felifer Mac\u00edas lleva resultados tangibles a Montenegro m\u00e1s deporte, mejor entorno y apoyos para familias"},"content":{"rendered":"<p style=\"text-align: justify;\" data-sourcepos=\"3:1-3:481\">El presidente municipal de Quer\u00e9taro, Felifer Mac\u00edas, visit\u00f3 la comunidad de Montenegro, en la delegaci\u00f3n Santa Rosa J\u00e1uregui, como parte de su programa <strong>&#8220;Alcalde en Acci\u00f3n&#8221;<\/strong>, donde entreg\u00f3 resultados concretos que impactan positivamente la vida de las familias.<\/p>\n<\/p>\n<p>&nbsp;<\/p>\n<p style=\"text-align: justify;\" data-sourcepos=\"3:1-3:481\">En un recorrido por la zona, escuch\u00f3 las necesidades de los ciudadanos y constat\u00f3 los avances logrados en infraestructura educativa, entorno urbano y calidad de vida.<\/p>\n<\/p>\n<p>&nbsp;<\/p>\n<p style=\"text-align: justify;\" data-sourcepos=\"5:1-5:411\">Felifer Mac\u00edas reafirm\u00f3 su compromiso de &#8220;<strong>emparejar la cancha&#8221;<\/strong> en Santa Rosa J\u00e1uregui, destacando la construcci\u00f3n de una nueva cancha deportiva y la rehabilitaci\u00f3n integral del Centro de Desarrollo Comunitario de Montenegro.<\/p>\n<\/p>\n<p>&nbsp;<\/p>\n<p style=\"text-align: justify;\" data-sourcepos=\"7:1-7:360\">El alcalde record\u00f3 que Santa Rosa J\u00e1uregui ya cuenta con transporte comunitario gratuito para m\u00e1s de 20 localidades, beneficiando a cerca de 2 mil personas diariamente. Adem\u00e1s, se implement\u00f3 el programa de apoyo econ\u00f3mico directo <strong>&#8220;El Extra&#8221;<\/strong>, otorgando mil pesos mensuales a quienes m\u00e1s lo necesitan, respondiendo a las demandas m\u00e1s apremiantes de la poblaci\u00f3n.<\/p>\n<\/p>\n<p>&nbsp;<\/p>\n<p style=\"text-align: justify;\" data-sourcepos=\"11:1-11:340\">Asimismo, se rehabilit\u00f3 el Centro de Desarrollo Comunitario de Montenegro con una inversi\u00f3n de 4.5 millones de pesos, renovando el auditorio, los sanitarios, la red el\u00e9ctrica, la iluminaci\u00f3n, la barda perimetral y el port\u00f3n de acceso, ofreciendo ahora un espacio digno para las actividades sociales, culturales y deportivas de la comunidad.<\/p>\n<\/p>\n<p>&nbsp;<\/p>\n<p style=\"text-align: justify;\" data-sourcepos=\"15:1-15:382\">Adem\u00e1s, se llevaron a cabo trabajos de embellecimiento y seguridad, como el borrado de graffiti, la construcci\u00f3n y pintado de topes, la se\u00f1alizaci\u00f3n de pasos peatonales, la reparaci\u00f3n de baches, el retiro de veh\u00edculos abandonados, la instalaci\u00f3n de nomenclatura y la atenci\u00f3n a personas en situaci\u00f3n de calle por parte del Instituto Municipal de Derechos Humanos e Inclusi\u00f3n Social.<\/p>\n<\/p>\n<p>&nbsp;<\/p>\n<p style=\"text-align: justify;\" data-sourcepos=\"17:1-17:412\"><strong>&#8220;Yo s\u00e9 que hay muchas necesidades, yo s\u00e9 que hay muchas deudas pendientes para Santa Rosa y para Montenegro, pero por lo menos en estos primeros cinco meses que llegu\u00e9 de presidente municipal, hoy ya le metimos lo que muchos a\u00f1os no se hab\u00eda hecho aqu\u00ed. &#8220;,<\/strong> expres\u00f3 el alcalde Felifer Mac\u00edas.<\/p>\n<\/p>\n<p>&nbsp;<\/p>\n<p style=\"text-align: center;\" data-sourcepos=\"17:1-17:412\"><em><strong>\u00a1Informaci\u00f3n que transforma!<\/strong><\/em><\/p>\n","protected":false},"excerpt":{"rendered":"<p>El presidente municipal de Quer\u00e9taro, Felifer Mac\u00edas, visit\u00f3 la comunidad de Montenegro, en la delegaci\u00f3n Santa Rosa J\u00e1uregui, como parte de su programa &#8220;Alcalde en Acci\u00f3n&#8221;, donde entreg\u00f3 resultados concretos que impactan positivamente la vida de las familias.<\/p>\n","protected":false},"author":3,"featured_media":14988,"comment_status":"open","ping_status":"open","sticky":false,"template":"","format":"standard","meta":{"footnotes":""},"categories":[65,58],"tags":[1501,1000,4467,575],"class_list":["post-14987","post","type-post","status-publish","format-standard","has-post-thumbnail","hentry","category-municipios","category-ultima-hora","tag-alcaldeenaccion","tag-felifermacias","tag-obrasqro","tag-santarosajauregui"],"yoast_head":"<!-- This site is optimized with the Yoast SEO plugin v25.0 - https:\/\/yoast.com\/wordpress\/plugins\/seo\/ -->\n<title>Felifer Mac\u00edas lleva resultados tangibles a Montenegro m\u00e1s deporte, mejor entorno y apoyos para familias | Nexo Informativo Santiago de Quer\u00e9taro<\/title>\n<meta name=\"description\" content=\"Felifer Mac\u00edas lleva resultados tangibles a Montenegro m\u00e1s deporte, mejor entorno y apoyos para familias\" \/>\n<meta name=\"robots\" content=\"index, follow, max-snippet:-1, max-image-preview:large, max-video-preview:-1\" \/>\n<link rel=\"canonical\" href=\"https:\/\/www.nexoinformativo.mx\/index.php\/2025\/05\/14\/felifer-macias-lleva-resultados-tangibles-a-montenegro-mas-deporte-mejor-entorno-y-apoyos-para-familias\/\" \/>\n<meta property=\"og:locale\" content=\"es_MX\" \/>\n<meta property=\"og:type\" content=\"article\" \/>\n<meta property=\"og:title\" content=\"Felifer Mac\u00edas lleva resultados tangibles a Montenegro m\u00e1s deporte, mejor entorno y apoyos para familias | Nexo Informativo Santiago de Quer\u00e9taro\" \/>\n<meta property=\"og:description\" content=\"Felifer Mac\u00edas lleva resultados tangibles a Montenegro m\u00e1s deporte, mejor entorno y apoyos para familias\" \/>\n<meta property=\"og:url\" content=\"https:\/\/www.nexoinformativo.mx\/index.php\/2025\/05\/14\/felifer-macias-lleva-resultados-tangibles-a-montenegro-mas-deporte-mejor-entorno-y-apoyos-para-familias\/\" \/>\n<meta property=\"og:site_name\" content=\"Nexo Informativo Santiago de Quer\u00e9taro\" \/>\n<meta property=\"article:publisher\" content=\"https:\/\/www.facebook.com\/people\/Nexo-Informativo\/61564066885511\/\" \/>\n<meta property=\"article:published_time\" content=\"2025-05-14T18:00:20+00:00\" \/>\n<meta property=\"article:modified_time\" content=\"2025-05-14T20:45:49+00:00\" \/>\n<meta property=\"og:image\" content=\"https:\/\/www.nexoinformativo.mx\/wp-content\/uploads\/2025\/05\/PHOTO-2025-05-14-09-22-04-e1747255449218.jpg\" \/>\n\t<meta property=\"og:image:width\" content=\"800\" \/>\n\t<meta property=\"og:image:height\" content=\"533\" \/>\n\t<meta property=\"og:image:type\" content=\"image\/jpeg\" \/>\n<meta name=\"author\" content=\"Nexo Informativo\" \/>\n<meta name=\"twitter:card\" content=\"summary_large_image\" \/>\n<meta name=\"twitter:label1\" content=\"Escrito por\" \/>\n\t<meta name=\"twitter:data1\" content=\"Nexo Informativo\" \/>\n\t<meta name=\"twitter:label2\" content=\"Tiempo de lectura\" \/>\n\t<meta name=\"twitter:data2\" content=\"2 minutos\" \/>\n<script type=\"application\/ld+json\" class=\"yoast-schema-graph\">{\"@context\":\"https:\/\/schema.org\",\"@graph\":[{\"@type\":\"Article\",\"@id\":\"https:\/\/www.nexoinformativo.mx\/index.php\/2025\/05\/14\/felifer-macias-lleva-resultados-tangibles-a-montenegro-mas-deporte-mejor-entorno-y-apoyos-para-familias\/#article\",\"isPartOf\":{\"@id\":\"https:\/\/www.nexoinformativo.mx\/index.php\/2025\/05\/14\/felifer-macias-lleva-resultados-tangibles-a-montenegro-mas-deporte-mejor-entorno-y-apoyos-para-familias\/\"},\"author\":{\"name\":\"Nexo Informativo\",\"@id\":\"https:\/\/www.nexoinformativo.mx\/#\/schema\/person\/7749d380ba08c8ca00d7bc76fd907b7d\"},\"headline\":\"Felifer Mac\u00edas lleva resultados tangibles a Montenegro m\u00e1s deporte, mejor entorno y apoyos para familias\",\"datePublished\":\"2025-05-14T18:00:20+00:00\",\"dateModified\":\"2025-05-14T20:45:49+00:00\",\"mainEntityOfPage\":{\"@id\":\"https:\/\/www.nexoinformativo.mx\/index.php\/2025\/05\/14\/felifer-macias-lleva-resultados-tangibles-a-montenegro-mas-deporte-mejor-entorno-y-apoyos-para-familias\/\"},\"wordCount\":370,\"commentCount\":0,\"publisher\":{\"@id\":\"https:\/\/www.nexoinformativo.mx\/#organization\"},\"image\":{\"@id\":\"https:\/\/www.nexoinformativo.mx\/index.php\/2025\/05\/14\/felifer-macias-lleva-resultados-tangibles-a-montenegro-mas-deporte-mejor-entorno-y-apoyos-para-familias\/#primaryimage\"},\"thumbnailUrl\":\"https:\/\/www.nexoinformativo.mx\/wp-content\/uploads\/2025\/05\/PHOTO-2025-05-14-09-22-04-e1747255449218.jpg\",\"keywords\":[\"AlcaldeEnAcci\u00f3n\",\"FeliferMac\u00edas\",\"ObrasQro\",\"SantaRosaJ\u00e1uregui\"],\"articleSection\":[\"Municipios\",\"\u00daltima Hora\"],\"inLanguage\":\"es\",\"potentialAction\":[{\"@type\":\"CommentAction\",\"name\":\"Comment\",\"target\":[\"https:\/\/www.nexoinformativo.mx\/index.php\/2025\/05\/14\/felifer-macias-lleva-resultados-tangibles-a-montenegro-mas-deporte-mejor-entorno-y-apoyos-para-familias\/#respond\"]}]},{\"@type\":\"WebPage\",\"@id\":\"https:\/\/www.nexoinformativo.mx\/index.php\/2025\/05\/14\/felifer-macias-lleva-resultados-tangibles-a-montenegro-mas-deporte-mejor-entorno-y-apoyos-para-familias\/\",\"url\":\"https:\/\/www.nexoinformativo.mx\/index.php\/2025\/05\/14\/felifer-macias-lleva-resultados-tangibles-a-montenegro-mas-deporte-mejor-entorno-y-apoyos-para-familias\/\",\"name\":\"Felifer Mac\u00edas lleva resultados tangibles a Montenegro m\u00e1s deporte, mejor entorno y apoyos para familias | Nexo Informativo Santiago de Quer\u00e9taro\",\"isPartOf\":{\"@id\":\"https:\/\/www.nexoinformativo.mx\/#website\"},\"primaryImageOfPage\":{\"@id\":\"https:\/\/www.nexoinformativo.mx\/index.php\/2025\/05\/14\/felifer-macias-lleva-resultados-tangibles-a-montenegro-mas-deporte-mejor-entorno-y-apoyos-para-familias\/#primaryimage\"},\"image\":{\"@id\":\"https:\/\/www.nexoinformativo.mx\/index.php\/2025\/05\/14\/felifer-macias-lleva-resultados-tangibles-a-montenegro-mas-deporte-mejor-entorno-y-apoyos-para-familias\/#primaryimage\"},\"thumbnailUrl\":\"https:\/\/www.nexoinformativo.mx\/wp-content\/uploads\/2025\/05\/PHOTO-2025-05-14-09-22-04-e1747255449218.jpg\",\"datePublished\":\"2025-05-14T18:00:20+00:00\",\"dateModified\":\"2025-05-14T20:45:49+00:00\",\"description\":\"Felifer Mac\u00edas lleva resultados tangibles a Montenegro m\u00e1s deporte, mejor entorno y apoyos para familias\",\"breadcrumb\":{\"@id\":\"https:\/\/www.nexoinformativo.mx\/index.php\/2025\/05\/14\/felifer-macias-lleva-resultados-tangibles-a-montenegro-mas-deporte-mejor-entorno-y-apoyos-para-familias\/#breadcrumb\"},\"inLanguage\":\"es\",\"potentialAction\":[{\"@type\":\"ReadAction\",\"target\":[\"https:\/\/www.nexoinformativo.mx\/index.php\/2025\/05\/14\/felifer-macias-lleva-resultados-tangibles-a-montenegro-mas-deporte-mejor-entorno-y-apoyos-para-familias\/\"]}]},{\"@type\":\"ImageObject\",\"inLanguage\":\"es\",\"@id\":\"https:\/\/www.nexoinformativo.mx\/index.php\/2025\/05\/14\/felifer-macias-lleva-resultados-tangibles-a-montenegro-mas-deporte-mejor-entorno-y-apoyos-para-familias\/#primaryimage\",\"url\":\"https:\/\/www.nexoinformativo.mx\/wp-content\/uploads\/2025\/05\/PHOTO-2025-05-14-09-22-04-e1747255449218.jpg\",\"contentUrl\":\"https:\/\/www.nexoinformativo.mx\/wp-content\/uploads\/2025\/05\/PHOTO-2025-05-14-09-22-04-e1747255449218.jpg\",\"width\":800,\"height\":533},{\"@type\":\"BreadcrumbList\",\"@id\":\"https:\/\/www.nexoinformativo.mx\/index.php\/2025\/05\/14\/felifer-macias-lleva-resultados-tangibles-a-montenegro-mas-deporte-mejor-entorno-y-apoyos-para-familias\/#breadcrumb\",\"itemListElement\":[{\"@type\":\"ListItem\",\"position\":1,\"name\":\"Inicio\",\"item\":\"https:\/\/www.nexoinformativo.mx\/\"},{\"@type\":\"ListItem\",\"position\":2,\"name\":\"Felifer Mac\u00edas lleva resultados tangibles a Montenegro m\u00e1s deporte, mejor entorno y apoyos para familias\"}]},{\"@type\":\"WebSite\",\"@id\":\"https:\/\/www.nexoinformativo.mx\/#website\",\"url\":\"https:\/\/www.nexoinformativo.mx\/\",\"name\":\"Nexo Informativo Santiago de Quer\u00e9taro\",\"description\":\"Explora NexoInformativo y convi\u00e9rtete en parte de una comunidad que valora el conocimiento y la verdad. Tu nexoinformativo es tu puente hacia una comprensi\u00f3n m\u00e1s profunda del mundo que te rodea.\",\"publisher\":{\"@id\":\"https:\/\/www.nexoinformativo.mx\/#organization\"},\"potentialAction\":[{\"@type\":\"SearchAction\",\"target\":{\"@type\":\"EntryPoint\",\"urlTemplate\":\"https:\/\/www.nexoinformativo.mx\/?s={search_term_string}\"},\"query-input\":{\"@type\":\"PropertyValueSpecification\",\"valueRequired\":true,\"valueName\":\"search_term_string\"}}],\"inLanguage\":\"es\"},{\"@type\":\"Organization\",\"@id\":\"https:\/\/www.nexoinformativo.mx\/#organization\",\"name\":\"Nexo Informativo Santiago de Quer\u00e9taro\",\"url\":\"https:\/\/www.nexoinformativo.mx\/\",\"logo\":{\"@type\":\"ImageObject\",\"inLanguage\":\"es\",\"@id\":\"https:\/\/www.nexoinformativo.mx\/#\/schema\/logo\/image\/\",\"url\":\"https:\/\/www.nexoinformativo.mx\/wp-content\/uploads\/2024\/07\/nexoi-trasparente-2.png\",\"contentUrl\":\"https:\/\/www.nexoinformativo.mx\/wp-content\/uploads\/2024\/07\/nexoi-trasparente-2.png\",\"width\":816,\"height\":339,\"caption\":\"Nexo Informativo Santiago de Quer\u00e9taro\"},\"image\":{\"@id\":\"https:\/\/www.nexoinformativo.mx\/#\/schema\/logo\/image\/\"},\"sameAs\":[\"https:\/\/www.facebook.com\/people\/Nexo-Informativo\/61564066885511\/\"]},{\"@type\":\"Person\",\"@id\":\"https:\/\/www.nexoinformativo.mx\/#\/schema\/person\/7749d380ba08c8ca00d7bc76fd907b7d\",\"name\":\"Nexo Informativo\",\"image\":{\"@type\":\"ImageObject\",\"inLanguage\":\"es\",\"@id\":\"https:\/\/www.nexoinformativo.mx\/#\/schema\/person\/image\/\",\"url\":\"https:\/\/secure.gravatar.com\/avatar\/dde2928154642a13d95f87ddf1ea9718fe2b46760a005c53e41ff5ad610704e6?s=96&d=mm&r=g\",\"contentUrl\":\"https:\/\/secure.gravatar.com\/avatar\/dde2928154642a13d95f87ddf1ea9718fe2b46760a005c53e41ff5ad610704e6?s=96&d=mm&r=g\",\"caption\":\"Nexo Informativo\"},\"url\":\"https:\/\/www.nexoinformativo.mx\/index.php\/author\/edicion\/\"}]}<\/script>\n<!-- \/ Yoast SEO plugin. -->","yoast_head_json":{"title":"Felifer Mac\u00edas lleva resultados tangibles a Montenegro m\u00e1s deporte, mejor entorno y apoyos para familias | Nexo Informativo Santiago de Quer\u00e9taro","description":"Felifer Mac\u00edas lleva resultados tangibles a Montenegro m\u00e1s deporte, mejor entorno y apoyos para familias","robots":{"index":"index","follow":"follow","max-snippet":"max-snippet:-1","max-image-preview":"max-image-preview:large","max-video-preview":"max-video-preview:-1"},"canonical":"https:\/\/www.nexoinformativo.mx\/index.php\/2025\/05\/14\/felifer-macias-lleva-resultados-tangibles-a-montenegro-mas-deporte-mejor-entorno-y-apoyos-para-familias\/","og_locale":"es_MX","og_type":"article","og_title":"Felifer Mac\u00edas lleva resultados tangibles a Montenegro m\u00e1s deporte, mejor entorno y apoyos para familias | Nexo Informativo Santiago de Quer\u00e9taro","og_description":"Felifer Mac\u00edas lleva resultados tangibles a Montenegro m\u00e1s deporte, mejor entorno y apoyos para familias","og_url":"https:\/\/www.nexoinformativo.mx\/index.php\/2025\/05\/14\/felifer-macias-lleva-resultados-tangibles-a-montenegro-mas-deporte-mejor-entorno-y-apoyos-para-familias\/","og_site_name":"Nexo Informativo Santiago de Quer\u00e9taro","article_publisher":"https:\/\/www.facebook.com\/people\/Nexo-Informativo\/61564066885511\/","article_published_time":"2025-05-14T18:00:20+00:00","article_modified_time":"2025-05-14T20:45:49+00:00","og_image":[{"width":800,"height":533,"url":"https:\/\/www.nexoinformativo.mx\/wp-content\/uploads\/2025\/05\/PHOTO-2025-05-14-09-22-04-e1747255449218.jpg","type":"image\/jpeg"}],"author":"Nexo Informativo","twitter_card":"summary_large_image","twitter_misc":{"Escrito por":"Nexo Informativo","Tiempo de lectura":"2 minutos"},"schema":{"@context":"https:\/\/schema.org","@graph":[{"@type":"Article","@id":"https:\/\/www.nexoinformativo.mx\/index.php\/2025\/05\/14\/felifer-macias-lleva-resultados-tangibles-a-montenegro-mas-deporte-mejor-entorno-y-apoyos-para-familias\/#article","isPartOf":{"@id":"https:\/\/www.nexoinformativo.mx\/index.php\/2025\/05\/14\/felifer-macias-lleva-resultados-tangibles-a-montenegro-mas-deporte-mejor-entorno-y-apoyos-para-familias\/"},"author":{"name":"Nexo Informativo","@id":"https:\/\/www.nexoinformativo.mx\/#\/schema\/person\/7749d380ba08c8ca00d7bc76fd907b7d"},"headline":"Felifer Mac\u00edas lleva resultados tangibles a Montenegro m\u00e1s deporte, mejor entorno y apoyos para familias","datePublished":"2025-05-14T18:00:20+00:00","dateModified":"2025-05-14T20:45:49+00:00","mainEntityOfPage":{"@id":"https:\/\/www.nexoinformativo.mx\/index.php\/2025\/05\/14\/felifer-macias-lleva-resultados-tangibles-a-montenegro-mas-deporte-mejor-entorno-y-apoyos-para-familias\/"},"wordCount":370,"commentCount":0,"publisher":{"@id":"https:\/\/www.nexoinformativo.mx\/#organization"},"image":{"@id":"https:\/\/www.nexoinformativo.mx\/index.php\/2025\/05\/14\/felifer-macias-lleva-resultados-tangibles-a-montenegro-mas-deporte-mejor-entorno-y-apoyos-para-familias\/#primaryimage"},"thumbnailUrl":"https:\/\/www.nexoinformativo.mx\/wp-content\/uploads\/2025\/05\/PHOTO-2025-05-14-09-22-04-e1747255449218.jpg","keywords":["AlcaldeEnAcci\u00f3n","FeliferMac\u00edas","ObrasQro","SantaRosaJ\u00e1uregui"],"articleSection":["Municipios","\u00daltima Hora"],"inLanguage":"es","potentialAction":[{"@type":"CommentAction","name":"Comment","target":["https:\/\/www.nexoinformativo.mx\/index.php\/2025\/05\/14\/felifer-macias-lleva-resultados-tangibles-a-montenegro-mas-deporte-mejor-entorno-y-apoyos-para-familias\/#respond"]}]},{"@type":"WebPage","@id":"https:\/\/www.nexoinformativo.mx\/index.php\/2025\/05\/14\/felifer-macias-lleva-resultados-tangibles-a-montenegro-mas-deporte-mejor-entorno-y-apoyos-para-familias\/","url":"https:\/\/www.nexoinformativo.mx\/index.php\/2025\/05\/14\/felifer-macias-lleva-resultados-tangibles-a-montenegro-mas-deporte-mejor-entorno-y-apoyos-para-familias\/","name":"Felifer Mac\u00edas lleva resultados tangibles a Montenegro m\u00e1s deporte, mejor entorno y apoyos para familias | Nexo Informativo Santiago de Quer\u00e9taro","isPartOf":{"@id":"https:\/\/www.nexoinformativo.mx\/#website"},"primaryImageOfPage":{"@id":"https:\/\/www.nexoinformativo.mx\/index.php\/2025\/05\/14\/felifer-macias-lleva-resultados-tangibles-a-montenegro-mas-deporte-mejor-entorno-y-apoyos-para-familias\/#primaryimage"},"image":{"@id":"https:\/\/www.nexoinformativo.mx\/index.php\/2025\/05\/14\/felifer-macias-lleva-resultados-tangibles-a-montenegro-mas-deporte-mejor-entorno-y-apoyos-para-familias\/#primaryimage"},"thumbnailUrl":"https:\/\/www.nexoinformativo.mx\/wp-content\/uploads\/2025\/05\/PHOTO-2025-05-14-09-22-04-e1747255449218.jpg","datePublished":"2025-05-14T18:00:20+00:00","dateModified":"2025-05-14T20:45:49+00:00","description":"Felifer Mac\u00edas lleva resultados tangibles a Montenegro m\u00e1s deporte, mejor entorno y apoyos para familias","breadcrumb":{"@id":"https:\/\/www.nexoinformativo.mx\/index.php\/2025\/05\/14\/felifer-macias-lleva-resultados-tangibles-a-montenegro-mas-deporte-mejor-entorno-y-apoyos-para-familias\/#breadcrumb"},"inLanguage":"es","potentialAction":[{"@type":"ReadAction","target":["https:\/\/www.nexoinformativo.mx\/index.php\/2025\/05\/14\/felifer-macias-lleva-resultados-tangibles-a-montenegro-mas-deporte-mejor-entorno-y-apoyos-para-familias\/"]}]},{"@type":"ImageObject","inLanguage":"es","@id":"https:\/\/www.nexoinformativo.mx\/index.php\/2025\/05\/14\/felifer-macias-lleva-resultados-tangibles-a-montenegro-mas-deporte-mejor-entorno-y-apoyos-para-familias\/#primaryimage","url":"https:\/\/www.nexoinformativo.mx\/wp-content\/uploads\/2025\/05\/PHOTO-2025-05-14-09-22-04-e1747255449218.jpg","contentUrl":"https:\/\/www.nexoinformativo.mx\/wp-content\/uploads\/2025\/05\/PHOTO-2025-05-14-09-22-04-e1747255449218.jpg","width":800,"height":533},{"@type":"BreadcrumbList","@id":"https:\/\/www.nexoinformativo.mx\/index.php\/2025\/05\/14\/felifer-macias-lleva-resultados-tangibles-a-montenegro-mas-deporte-mejor-entorno-y-apoyos-para-familias\/#breadcrumb","itemListElement":[{"@type":"ListItem","position":1,"name":"Inicio","item":"https:\/\/www.nexoinformativo.mx\/"},{"@type":"ListItem","position":2,"name":"Felifer Mac\u00edas lleva resultados tangibles a Montenegro m\u00e1s deporte, mejor entorno y apoyos para familias"}]},{"@type":"WebSite","@id":"https:\/\/www.nexoinformativo.mx\/#website","url":"https:\/\/www.nexoinformativo.mx\/","name":"Nexo Informativo Santiago de Quer\u00e9taro","description":"Explora NexoInformativo y convi\u00e9rtete en parte de una comunidad que valora el conocimiento y la verdad. Tu nexoinformativo es tu puente hacia una comprensi\u00f3n m\u00e1s profunda del mundo que te rodea.","publisher":{"@id":"https:\/\/www.nexoinformativo.mx\/#organization"},"potentialAction":[{"@type":"SearchAction","target":{"@type":"EntryPoint","urlTemplate":"https:\/\/www.nexoinformativo.mx\/?s={search_term_string}"},"query-input":{"@type":"PropertyValueSpecification","valueRequired":true,"valueName":"search_term_string"}}],"inLanguage":"es"},{"@type":"Organization","@id":"https:\/\/www.nexoinformativo.mx\/#organization","name":"Nexo Informativo Santiago de Quer\u00e9taro","url":"https:\/\/www.nexoinformativo.mx\/","logo":{"@type":"ImageObject","inLanguage":"es","@id":"https:\/\/www.nexoinformativo.mx\/#\/schema\/logo\/image\/","url":"https:\/\/www.nexoinformativo.mx\/wp-content\/uploads\/2024\/07\/nexoi-trasparente-2.png","contentUrl":"https:\/\/www.nexoinformativo.mx\/wp-content\/uploads\/2024\/07\/nexoi-trasparente-2.png","width":816,"height":339,"caption":"Nexo Informativo Santiago de Quer\u00e9taro"},"image":{"@id":"https:\/\/www.nexoinformativo.mx\/#\/schema\/logo\/image\/"},"sameAs":["https:\/\/www.facebook.com\/people\/Nexo-Informativo\/61564066885511\/"]},{"@type":"Person","@id":"https:\/\/www.nexoinformativo.mx\/#\/schema\/person\/7749d380ba08c8ca00d7bc76fd907b7d","name":"Nexo Informativo","image":{"@type":"ImageObject","inLanguage":"es","@id":"https:\/\/www.nexoinformativo.mx\/#\/schema\/person\/image\/","url":"https:\/\/secure.gravatar.com\/avatar\/dde2928154642a13d95f87ddf1ea9718fe2b46760a005c53e41ff5ad610704e6?s=96&d=mm&r=g","contentUrl":"https:\/\/secure.gravatar.com\/avatar\/dde2928154642a13d95f87ddf1ea9718fe2b46760a005c53e41ff5ad610704e6?s=96&d=mm&r=g","caption":"Nexo Informativo"},"url":"https:\/\/www.nexoinformativo.mx\/index.php\/author\/edicion\/"}]}},"_links":{"self":[{"href":"https:\/\/www.nexoinformativo.mx\/index.php\/wp-json\/wp\/v2\/posts\/14987","targetHints":{"allow":["GET"]}}],"collection":[{"href":"https:\/\/www.nexoinformativo.mx\/index.php\/wp-json\/wp\/v2\/posts"}],"about":[{"href":"https:\/\/www.nexoinformativo.mx\/index.php\/wp-json\/wp\/v2\/types\/post"}],"author":[{"embeddable":true,"href":"https:\/\/www.nexoinformativo.mx\/index.php\/wp-json\/wp\/v2\/users\/3"}],"replies":[{"embeddable":true,"href":"https:\/\/www.nexoinformativo.mx\/index.php\/wp-json\/wp\/v2\/comments?post=14987"}],"version-history":[{"count":3,"href":"https:\/\/www.nexoinformativo.mx\/index.php\/wp-json\/wp\/v2\/posts\/14987\/revisions"}],"predecessor-version":[{"id":14991,"href":"https:\/\/www.nexoinformativo.mx\/index.php\/wp-json\/wp\/v2\/posts\/14987\/revisions\/14991"}],"wp:featuredmedia":[{"embeddable":true,"href":"https:\/\/www.nexoinformativo.mx\/index.php\/wp-json\/wp\/v2\/media\/14988"}],"wp:attachment":[{"href":"https:\/\/www.nexoinformativo.mx\/index.php\/wp-json\/wp\/v2\/media?parent=14987"}],"wp:term":[{"taxonomy":"category","embeddable":true,"href":"https:\/\/www.nexoinformativo.mx\/index.php\/wp-json\/wp\/v2\/categories?post=14987"},{"taxonomy":"post_tag","embeddable":true,"href":"https:\/\/www.nexoinformativo.mx\/index.php\/wp-json\/wp\/v2\/tags?post=14987"}],"curies":[{"name":"wp","href":"https:\/\/api.w.org\/{rel}","templated":true}]}}