{"id":14992,"date":"2025-05-14T13:00:02","date_gmt":"2025-05-14T19:00:02","guid":{"rendered":"https:\/\/www.nexoinformativo.mx\/?p=14992"},"modified":"2025-05-14T14:50:25","modified_gmt":"2025-05-14T20:50:25","slug":"queretaro-responde-a-la-sequia-kuri-despliega-millonaria-ayuda-para-el-campo","status":"publish","type":"post","link":"https:\/\/www.nexoinformativo.mx\/index.php\/2025\/05\/14\/queretaro-responde-a-la-sequia-kuri-despliega-millonaria-ayuda-para-el-campo\/","title":{"rendered":"Quer\u00e9taro responde a la sequ\u00eda Kuri despliega millonaria ayuda para el campo"},"content":{"rendered":"<p style=\"text-align: justify;\" data-sourcepos=\"3:1-3:441\">El gobernador Mauricio Kuri encabez\u00f3 en Landa de Matamoros el arranque regional de la Estrategia para Contingencias Agropecuarias 2025, una inversi\u00f3n de 74.7 millones de pesos destinada a mitigar los severos efectos de la sequ\u00eda que azota la entidad.<\/p>\n<\/p>\n<p>&nbsp;<\/p>\n<p style=\"text-align: justify;\" data-sourcepos=\"3:1-3:441\">Productores de Landa, Jalpan, Pinal de Amoles y Arroyo Seco recibieron los primeros certificados de apoyo. Estos recursos beneficiar\u00e1n a m\u00e1s de 25 mil 800 productores de los 18 municipios del estado.<\/p>\n<\/p>\n<p>&nbsp;<\/p>\n<p style=\"text-align: justify;\" data-sourcepos=\"5:1-5:393\">La estrategia integral incluye la entrega de pacas de forraje, semillas para cultivos resistentes a la sequ\u00eda, suplementos para la apicultura y acuicultura, cisternas de 10 mil litros, viajes de agua para el ganado y remolques tipo pipa para las asociaciones ganaderas de la Sierra y el Semidesierto.<\/p>\n<\/p>\n<p>&nbsp;<\/p>\n<p style=\"text-align: justify;\" data-sourcepos=\"7:1-7:393\">El secretario de Desarrollo Agropecuario (SEDEA), Rosendo Anaya Aguilar, destac\u00f3 el compromiso del gobernador Kuri para atender las problem\u00e1ticas del campo, trabajando de cerca con alcaldes y asociaciones ganaderas para dise\u00f1ar estrategias efectivas.<\/p>\n<\/p>\n<p>&nbsp;<\/p>\n<p style=\"text-align: justify;\" data-sourcepos=\"7:1-7:393\">&#8220;El dinero hay que utilizarlo para que los productores del campo sigan produciendo los alimentos que consumimos todas las familias&#8221;, enfatiz\u00f3.<\/p>\n<\/p>\n<p>&nbsp;<\/p>\n<p style=\"text-align: justify;\" data-sourcepos=\"9:1-9:295\">Aunque se vislumbran algunas lluvias, Anaya Aguilar reconoci\u00f3 que a\u00fan no son suficientes, asegurando que el gobernador mantiene su apoyo constante al sector. La presidenta municipal de Landa de Matamoros, Yunuen Araceli, agradeci\u00f3 los apoyos y reafirm\u00f3 el trabajo conjunto con el estado.<\/p>\n<\/p>\n<p>&nbsp;<\/p>\n<p style=\"text-align: justify;\" data-sourcepos=\"11:1-11:349\">El secretario de Desarrollo Social, Luis Nava, transmiti\u00f3 tranquilidad a los productores, asegurando el respaldo del gobierno estatal para superar la sequ\u00eda.<\/p>\n<\/p>\n<p>&nbsp;<\/p>\n<p style=\"text-align: justify;\" data-sourcepos=\"11:1-11:349\">Por su parte, el presidente de la Uni\u00f3n Ganadera Regional de Quer\u00e9taro (UGRQ), Romualdo Moreno Guti\u00e9rrez, agradeci\u00f3 la cercan\u00eda y el apoyo del gobernador desde el inicio de la crisis h\u00eddrica.<\/p>\n<\/p>\n<p>&nbsp;<\/p>\n<p style=\"text-align: center;\" data-sourcepos=\"11:1-11:349\"><em><strong>\u00a1Informaci\u00f3n que transforma!<\/strong><\/em><\/p>\n","protected":false},"excerpt":{"rendered":"<p>El gobernador Mauricio Kuri encabez\u00f3 en Landa de Matamoros el arranque regional de la Estrategia para Contingencias Agropecuarias 2025, una inversi\u00f3n de 74.7 millones de pesos destinada a mitigar los severos efectos de la sequ\u00eda que azota la entidad.<\/p>\n","protected":false},"author":3,"featured_media":14993,"comment_status":"open","ping_status":"open","sticky":false,"template":"","format":"standard","meta":{"footnotes":""},"categories":[65,58],"tags":[4469,4471,4470,4468],"class_list":["post-14992","post","type-post","status-publish","format-standard","has-post-thumbnail","hentry","category-municipios","category-ultima-hora","tag-apoyocampoqro","tag-estrategiaagropecuaria","tag-kuriconelcampo","tag-sequiaqro"],"yoast_head":"<!-- This site is optimized with the Yoast SEO plugin v25.0 - https:\/\/yoast.com\/wordpress\/plugins\/seo\/ -->\n<title>Quer\u00e9taro responde a la sequ\u00eda Kuri despliega millonaria ayuda para el campo | Nexo Informativo Santiago de Quer\u00e9taro<\/title>\n<meta name=\"description\" content=\"Quer\u00e9taro responde a la sequ\u00eda Kuri despliega millonaria ayuda para el campo\" \/>\n<meta name=\"robots\" content=\"index, follow, max-snippet:-1, max-image-preview:large, max-video-preview:-1\" \/>\n<link rel=\"canonical\" href=\"https:\/\/www.nexoinformativo.mx\/index.php\/2025\/05\/14\/queretaro-responde-a-la-sequia-kuri-despliega-millonaria-ayuda-para-el-campo\/\" \/>\n<meta property=\"og:locale\" content=\"es_MX\" \/>\n<meta property=\"og:type\" content=\"article\" \/>\n<meta property=\"og:title\" content=\"Quer\u00e9taro responde a la sequ\u00eda Kuri despliega millonaria ayuda para el campo | Nexo Informativo Santiago de Quer\u00e9taro\" \/>\n<meta property=\"og:description\" content=\"Quer\u00e9taro responde a la sequ\u00eda Kuri despliega millonaria ayuda para el campo\" \/>\n<meta property=\"og:url\" content=\"https:\/\/www.nexoinformativo.mx\/index.php\/2025\/05\/14\/queretaro-responde-a-la-sequia-kuri-despliega-millonaria-ayuda-para-el-campo\/\" \/>\n<meta property=\"og:site_name\" content=\"Nexo Informativo Santiago de Quer\u00e9taro\" \/>\n<meta property=\"article:publisher\" content=\"https:\/\/www.facebook.com\/people\/Nexo-Informativo\/61564066885511\/\" \/>\n<meta property=\"article:published_time\" content=\"2025-05-14T19:00:02+00:00\" \/>\n<meta property=\"article:modified_time\" content=\"2025-05-14T20:50:25+00:00\" \/>\n<meta property=\"og:image\" content=\"https:\/\/www.nexoinformativo.mx\/wp-content\/uploads\/2025\/05\/PHOTO-2025-05-14-09-25-08-e1747255773316.jpg\" \/>\n\t<meta property=\"og:image:width\" content=\"800\" \/>\n\t<meta property=\"og:image:height\" content=\"534\" \/>\n\t<meta property=\"og:image:type\" content=\"image\/jpeg\" \/>\n<meta name=\"author\" content=\"Nexo Informativo\" \/>\n<meta name=\"twitter:card\" content=\"summary_large_image\" \/>\n<meta name=\"twitter:label1\" content=\"Escrito por\" \/>\n\t<meta name=\"twitter:data1\" content=\"Nexo Informativo\" \/>\n\t<meta name=\"twitter:label2\" content=\"Tiempo de lectura\" \/>\n\t<meta name=\"twitter:data2\" content=\"2 minutos\" \/>\n<script type=\"application\/ld+json\" class=\"yoast-schema-graph\">{\"@context\":\"https:\/\/schema.org\",\"@graph\":[{\"@type\":\"Article\",\"@id\":\"https:\/\/www.nexoinformativo.mx\/index.php\/2025\/05\/14\/queretaro-responde-a-la-sequia-kuri-despliega-millonaria-ayuda-para-el-campo\/#article\",\"isPartOf\":{\"@id\":\"https:\/\/www.nexoinformativo.mx\/index.php\/2025\/05\/14\/queretaro-responde-a-la-sequia-kuri-despliega-millonaria-ayuda-para-el-campo\/\"},\"author\":{\"name\":\"Nexo Informativo\",\"@id\":\"https:\/\/www.nexoinformativo.mx\/#\/schema\/person\/7749d380ba08c8ca00d7bc76fd907b7d\"},\"headline\":\"Quer\u00e9taro responde a la sequ\u00eda Kuri despliega millonaria ayuda para el campo\",\"datePublished\":\"2025-05-14T19:00:02+00:00\",\"dateModified\":\"2025-05-14T20:50:25+00:00\",\"mainEntityOfPage\":{\"@id\":\"https:\/\/www.nexoinformativo.mx\/index.php\/2025\/05\/14\/queretaro-responde-a-la-sequia-kuri-despliega-millonaria-ayuda-para-el-campo\/\"},\"wordCount\":303,\"commentCount\":0,\"publisher\":{\"@id\":\"https:\/\/www.nexoinformativo.mx\/#organization\"},\"image\":{\"@id\":\"https:\/\/www.nexoinformativo.mx\/index.php\/2025\/05\/14\/queretaro-responde-a-la-sequia-kuri-despliega-millonaria-ayuda-para-el-campo\/#primaryimage\"},\"thumbnailUrl\":\"https:\/\/www.nexoinformativo.mx\/wp-content\/uploads\/2025\/05\/PHOTO-2025-05-14-09-25-08-e1747255773316.jpg\",\"keywords\":[\"ApoyoCampoQro\",\"EstrategiaAgropecuaria\",\"KuriConElCampo\",\"Sequ\u00edaQro\"],\"articleSection\":[\"Municipios\",\"\u00daltima Hora\"],\"inLanguage\":\"es\",\"potentialAction\":[{\"@type\":\"CommentAction\",\"name\":\"Comment\",\"target\":[\"https:\/\/www.nexoinformativo.mx\/index.php\/2025\/05\/14\/queretaro-responde-a-la-sequia-kuri-despliega-millonaria-ayuda-para-el-campo\/#respond\"]}]},{\"@type\":\"WebPage\",\"@id\":\"https:\/\/www.nexoinformativo.mx\/index.php\/2025\/05\/14\/queretaro-responde-a-la-sequia-kuri-despliega-millonaria-ayuda-para-el-campo\/\",\"url\":\"https:\/\/www.nexoinformativo.mx\/index.php\/2025\/05\/14\/queretaro-responde-a-la-sequia-kuri-despliega-millonaria-ayuda-para-el-campo\/\",\"name\":\"Quer\u00e9taro responde a la sequ\u00eda Kuri despliega millonaria ayuda para el campo | Nexo Informativo Santiago de Quer\u00e9taro\",\"isPartOf\":{\"@id\":\"https:\/\/www.nexoinformativo.mx\/#website\"},\"primaryImageOfPage\":{\"@id\":\"https:\/\/www.nexoinformativo.mx\/index.php\/2025\/05\/14\/queretaro-responde-a-la-sequia-kuri-despliega-millonaria-ayuda-para-el-campo\/#primaryimage\"},\"image\":{\"@id\":\"https:\/\/www.nexoinformativo.mx\/index.php\/2025\/05\/14\/queretaro-responde-a-la-sequia-kuri-despliega-millonaria-ayuda-para-el-campo\/#primaryimage\"},\"thumbnailUrl\":\"https:\/\/www.nexoinformativo.mx\/wp-content\/uploads\/2025\/05\/PHOTO-2025-05-14-09-25-08-e1747255773316.jpg\",\"datePublished\":\"2025-05-14T19:00:02+00:00\",\"dateModified\":\"2025-05-14T20:50:25+00:00\",\"description\":\"Quer\u00e9taro responde a la sequ\u00eda Kuri despliega millonaria ayuda para el campo\",\"breadcrumb\":{\"@id\":\"https:\/\/www.nexoinformativo.mx\/index.php\/2025\/05\/14\/queretaro-responde-a-la-sequia-kuri-despliega-millonaria-ayuda-para-el-campo\/#breadcrumb\"},\"inLanguage\":\"es\",\"potentialAction\":[{\"@type\":\"ReadAction\",\"target\":[\"https:\/\/www.nexoinformativo.mx\/index.php\/2025\/05\/14\/queretaro-responde-a-la-sequia-kuri-despliega-millonaria-ayuda-para-el-campo\/\"]}]},{\"@type\":\"ImageObject\",\"inLanguage\":\"es\",\"@id\":\"https:\/\/www.nexoinformativo.mx\/index.php\/2025\/05\/14\/queretaro-responde-a-la-sequia-kuri-despliega-millonaria-ayuda-para-el-campo\/#primaryimage\",\"url\":\"https:\/\/www.nexoinformativo.mx\/wp-content\/uploads\/2025\/05\/PHOTO-2025-05-14-09-25-08-e1747255773316.jpg\",\"contentUrl\":\"https:\/\/www.nexoinformativo.mx\/wp-content\/uploads\/2025\/05\/PHOTO-2025-05-14-09-25-08-e1747255773316.jpg\",\"width\":800,\"height\":534},{\"@type\":\"BreadcrumbList\",\"@id\":\"https:\/\/www.nexoinformativo.mx\/index.php\/2025\/05\/14\/queretaro-responde-a-la-sequia-kuri-despliega-millonaria-ayuda-para-el-campo\/#breadcrumb\",\"itemListElement\":[{\"@type\":\"ListItem\",\"position\":1,\"name\":\"Inicio\",\"item\":\"https:\/\/www.nexoinformativo.mx\/\"},{\"@type\":\"ListItem\",\"position\":2,\"name\":\"Quer\u00e9taro responde a la sequ\u00eda Kuri despliega millonaria ayuda para el campo\"}]},{\"@type\":\"WebSite\",\"@id\":\"https:\/\/www.nexoinformativo.mx\/#website\",\"url\":\"https:\/\/www.nexoinformativo.mx\/\",\"name\":\"Nexo Informativo Santiago de Quer\u00e9taro\",\"description\":\"Explora NexoInformativo y convi\u00e9rtete en parte de una comunidad que valora el conocimiento y la verdad. Tu nexoinformativo es tu puente hacia una comprensi\u00f3n m\u00e1s profunda del mundo que te rodea.\",\"publisher\":{\"@id\":\"https:\/\/www.nexoinformativo.mx\/#organization\"},\"potentialAction\":[{\"@type\":\"SearchAction\",\"target\":{\"@type\":\"EntryPoint\",\"urlTemplate\":\"https:\/\/www.nexoinformativo.mx\/?s={search_term_string}\"},\"query-input\":{\"@type\":\"PropertyValueSpecification\",\"valueRequired\":true,\"valueName\":\"search_term_string\"}}],\"inLanguage\":\"es\"},{\"@type\":\"Organization\",\"@id\":\"https:\/\/www.nexoinformativo.mx\/#organization\",\"name\":\"Nexo Informativo Santiago de Quer\u00e9taro\",\"url\":\"https:\/\/www.nexoinformativo.mx\/\",\"logo\":{\"@type\":\"ImageObject\",\"inLanguage\":\"es\",\"@id\":\"https:\/\/www.nexoinformativo.mx\/#\/schema\/logo\/image\/\",\"url\":\"https:\/\/www.nexoinformativo.mx\/wp-content\/uploads\/2024\/07\/nexoi-trasparente-2.png\",\"contentUrl\":\"https:\/\/www.nexoinformativo.mx\/wp-content\/uploads\/2024\/07\/nexoi-trasparente-2.png\",\"width\":816,\"height\":339,\"caption\":\"Nexo Informativo Santiago de Quer\u00e9taro\"},\"image\":{\"@id\":\"https:\/\/www.nexoinformativo.mx\/#\/schema\/logo\/image\/\"},\"sameAs\":[\"https:\/\/www.facebook.com\/people\/Nexo-Informativo\/61564066885511\/\"]},{\"@type\":\"Person\",\"@id\":\"https:\/\/www.nexoinformativo.mx\/#\/schema\/person\/7749d380ba08c8ca00d7bc76fd907b7d\",\"name\":\"Nexo Informativo\",\"image\":{\"@type\":\"ImageObject\",\"inLanguage\":\"es\",\"@id\":\"https:\/\/www.nexoinformativo.mx\/#\/schema\/person\/image\/\",\"url\":\"https:\/\/secure.gravatar.com\/avatar\/dde2928154642a13d95f87ddf1ea9718fe2b46760a005c53e41ff5ad610704e6?s=96&d=mm&r=g\",\"contentUrl\":\"https:\/\/secure.gravatar.com\/avatar\/dde2928154642a13d95f87ddf1ea9718fe2b46760a005c53e41ff5ad610704e6?s=96&d=mm&r=g\",\"caption\":\"Nexo Informativo\"},\"url\":\"https:\/\/www.nexoinformativo.mx\/index.php\/author\/edicion\/\"}]}<\/script>\n<!-- \/ Yoast SEO plugin. -->","yoast_head_json":{"title":"Quer\u00e9taro responde a la sequ\u00eda Kuri despliega millonaria ayuda para el campo | Nexo Informativo Santiago de Quer\u00e9taro","description":"Quer\u00e9taro responde a la sequ\u00eda Kuri despliega millonaria ayuda para el campo","robots":{"index":"index","follow":"follow","max-snippet":"max-snippet:-1","max-image-preview":"max-image-preview:large","max-video-preview":"max-video-preview:-1"},"canonical":"https:\/\/www.nexoinformativo.mx\/index.php\/2025\/05\/14\/queretaro-responde-a-la-sequia-kuri-despliega-millonaria-ayuda-para-el-campo\/","og_locale":"es_MX","og_type":"article","og_title":"Quer\u00e9taro responde a la sequ\u00eda Kuri despliega millonaria ayuda para el campo | Nexo Informativo Santiago de Quer\u00e9taro","og_description":"Quer\u00e9taro responde a la sequ\u00eda Kuri despliega millonaria ayuda para el campo","og_url":"https:\/\/www.nexoinformativo.mx\/index.php\/2025\/05\/14\/queretaro-responde-a-la-sequia-kuri-despliega-millonaria-ayuda-para-el-campo\/","og_site_name":"Nexo Informativo Santiago de Quer\u00e9taro","article_publisher":"https:\/\/www.facebook.com\/people\/Nexo-Informativo\/61564066885511\/","article_published_time":"2025-05-14T19:00:02+00:00","article_modified_time":"2025-05-14T20:50:25+00:00","og_image":[{"width":800,"height":534,"url":"https:\/\/www.nexoinformativo.mx\/wp-content\/uploads\/2025\/05\/PHOTO-2025-05-14-09-25-08-e1747255773316.jpg","type":"image\/jpeg"}],"author":"Nexo Informativo","twitter_card":"summary_large_image","twitter_misc":{"Escrito por":"Nexo Informativo","Tiempo de lectura":"2 minutos"},"schema":{"@context":"https:\/\/schema.org","@graph":[{"@type":"Article","@id":"https:\/\/www.nexoinformativo.mx\/index.php\/2025\/05\/14\/queretaro-responde-a-la-sequia-kuri-despliega-millonaria-ayuda-para-el-campo\/#article","isPartOf":{"@id":"https:\/\/www.nexoinformativo.mx\/index.php\/2025\/05\/14\/queretaro-responde-a-la-sequia-kuri-despliega-millonaria-ayuda-para-el-campo\/"},"author":{"name":"Nexo Informativo","@id":"https:\/\/www.nexoinformativo.mx\/#\/schema\/person\/7749d380ba08c8ca00d7bc76fd907b7d"},"headline":"Quer\u00e9taro responde a la sequ\u00eda Kuri despliega millonaria ayuda para el campo","datePublished":"2025-05-14T19:00:02+00:00","dateModified":"2025-05-14T20:50:25+00:00","mainEntityOfPage":{"@id":"https:\/\/www.nexoinformativo.mx\/index.php\/2025\/05\/14\/queretaro-responde-a-la-sequia-kuri-despliega-millonaria-ayuda-para-el-campo\/"},"wordCount":303,"commentCount":0,"publisher":{"@id":"https:\/\/www.nexoinformativo.mx\/#organization"},"image":{"@id":"https:\/\/www.nexoinformativo.mx\/index.php\/2025\/05\/14\/queretaro-responde-a-la-sequia-kuri-despliega-millonaria-ayuda-para-el-campo\/#primaryimage"},"thumbnailUrl":"https:\/\/www.nexoinformativo.mx\/wp-content\/uploads\/2025\/05\/PHOTO-2025-05-14-09-25-08-e1747255773316.jpg","keywords":["ApoyoCampoQro","EstrategiaAgropecuaria","KuriConElCampo","Sequ\u00edaQro"],"articleSection":["Municipios","\u00daltima Hora"],"inLanguage":"es","potentialAction":[{"@type":"CommentAction","name":"Comment","target":["https:\/\/www.nexoinformativo.mx\/index.php\/2025\/05\/14\/queretaro-responde-a-la-sequia-kuri-despliega-millonaria-ayuda-para-el-campo\/#respond"]}]},{"@type":"WebPage","@id":"https:\/\/www.nexoinformativo.mx\/index.php\/2025\/05\/14\/queretaro-responde-a-la-sequia-kuri-despliega-millonaria-ayuda-para-el-campo\/","url":"https:\/\/www.nexoinformativo.mx\/index.php\/2025\/05\/14\/queretaro-responde-a-la-sequia-kuri-despliega-millonaria-ayuda-para-el-campo\/","name":"Quer\u00e9taro responde a la sequ\u00eda Kuri despliega millonaria ayuda para el campo | Nexo Informativo Santiago de Quer\u00e9taro","isPartOf":{"@id":"https:\/\/www.nexoinformativo.mx\/#website"},"primaryImageOfPage":{"@id":"https:\/\/www.nexoinformativo.mx\/index.php\/2025\/05\/14\/queretaro-responde-a-la-sequia-kuri-despliega-millonaria-ayuda-para-el-campo\/#primaryimage"},"image":{"@id":"https:\/\/www.nexoinformativo.mx\/index.php\/2025\/05\/14\/queretaro-responde-a-la-sequia-kuri-despliega-millonaria-ayuda-para-el-campo\/#primaryimage"},"thumbnailUrl":"https:\/\/www.nexoinformativo.mx\/wp-content\/uploads\/2025\/05\/PHOTO-2025-05-14-09-25-08-e1747255773316.jpg","datePublished":"2025-05-14T19:00:02+00:00","dateModified":"2025-05-14T20:50:25+00:00","description":"Quer\u00e9taro responde a la sequ\u00eda Kuri despliega millonaria ayuda para el campo","breadcrumb":{"@id":"https:\/\/www.nexoinformativo.mx\/index.php\/2025\/05\/14\/queretaro-responde-a-la-sequia-kuri-despliega-millonaria-ayuda-para-el-campo\/#breadcrumb"},"inLanguage":"es","potentialAction":[{"@type":"ReadAction","target":["https:\/\/www.nexoinformativo.mx\/index.php\/2025\/05\/14\/queretaro-responde-a-la-sequia-kuri-despliega-millonaria-ayuda-para-el-campo\/"]}]},{"@type":"ImageObject","inLanguage":"es","@id":"https:\/\/www.nexoinformativo.mx\/index.php\/2025\/05\/14\/queretaro-responde-a-la-sequia-kuri-despliega-millonaria-ayuda-para-el-campo\/#primaryimage","url":"https:\/\/www.nexoinformativo.mx\/wp-content\/uploads\/2025\/05\/PHOTO-2025-05-14-09-25-08-e1747255773316.jpg","contentUrl":"https:\/\/www.nexoinformativo.mx\/wp-content\/uploads\/2025\/05\/PHOTO-2025-05-14-09-25-08-e1747255773316.jpg","width":800,"height":534},{"@type":"BreadcrumbList","@id":"https:\/\/www.nexoinformativo.mx\/index.php\/2025\/05\/14\/queretaro-responde-a-la-sequia-kuri-despliega-millonaria-ayuda-para-el-campo\/#breadcrumb","itemListElement":[{"@type":"ListItem","position":1,"name":"Inicio","item":"https:\/\/www.nexoinformativo.mx\/"},{"@type":"ListItem","position":2,"name":"Quer\u00e9taro responde a la sequ\u00eda Kuri despliega millonaria ayuda para el campo"}]},{"@type":"WebSite","@id":"https:\/\/www.nexoinformativo.mx\/#website","url":"https:\/\/www.nexoinformativo.mx\/","name":"Nexo Informativo Santiago de Quer\u00e9taro","description":"Explora NexoInformativo y convi\u00e9rtete en parte de una comunidad que valora el conocimiento y la verdad. Tu nexoinformativo es tu puente hacia una comprensi\u00f3n m\u00e1s profunda del mundo que te rodea.","publisher":{"@id":"https:\/\/www.nexoinformativo.mx\/#organization"},"potentialAction":[{"@type":"SearchAction","target":{"@type":"EntryPoint","urlTemplate":"https:\/\/www.nexoinformativo.mx\/?s={search_term_string}"},"query-input":{"@type":"PropertyValueSpecification","valueRequired":true,"valueName":"search_term_string"}}],"inLanguage":"es"},{"@type":"Organization","@id":"https:\/\/www.nexoinformativo.mx\/#organization","name":"Nexo Informativo Santiago de Quer\u00e9taro","url":"https:\/\/www.nexoinformativo.mx\/","logo":{"@type":"ImageObject","inLanguage":"es","@id":"https:\/\/www.nexoinformativo.mx\/#\/schema\/logo\/image\/","url":"https:\/\/www.nexoinformativo.mx\/wp-content\/uploads\/2024\/07\/nexoi-trasparente-2.png","contentUrl":"https:\/\/www.nexoinformativo.mx\/wp-content\/uploads\/2024\/07\/nexoi-trasparente-2.png","width":816,"height":339,"caption":"Nexo Informativo Santiago de Quer\u00e9taro"},"image":{"@id":"https:\/\/www.nexoinformativo.mx\/#\/schema\/logo\/image\/"},"sameAs":["https:\/\/www.facebook.com\/people\/Nexo-Informativo\/61564066885511\/"]},{"@type":"Person","@id":"https:\/\/www.nexoinformativo.mx\/#\/schema\/person\/7749d380ba08c8ca00d7bc76fd907b7d","name":"Nexo Informativo","image":{"@type":"ImageObject","inLanguage":"es","@id":"https:\/\/www.nexoinformativo.mx\/#\/schema\/person\/image\/","url":"https:\/\/secure.gravatar.com\/avatar\/dde2928154642a13d95f87ddf1ea9718fe2b46760a005c53e41ff5ad610704e6?s=96&d=mm&r=g","contentUrl":"https:\/\/secure.gravatar.com\/avatar\/dde2928154642a13d95f87ddf1ea9718fe2b46760a005c53e41ff5ad610704e6?s=96&d=mm&r=g","caption":"Nexo Informativo"},"url":"https:\/\/www.nexoinformativo.mx\/index.php\/author\/edicion\/"}]}},"_links":{"self":[{"href":"https:\/\/www.nexoinformativo.mx\/index.php\/wp-json\/wp\/v2\/posts\/14992","targetHints":{"allow":["GET"]}}],"collection":[{"href":"https:\/\/www.nexoinformativo.mx\/index.php\/wp-json\/wp\/v2\/posts"}],"about":[{"href":"https:\/\/www.nexoinformativo.mx\/index.php\/wp-json\/wp\/v2\/types\/post"}],"author":[{"embeddable":true,"href":"https:\/\/www.nexoinformativo.mx\/index.php\/wp-json\/wp\/v2\/users\/3"}],"replies":[{"embeddable":true,"href":"https:\/\/www.nexoinformativo.mx\/index.php\/wp-json\/wp\/v2\/comments?post=14992"}],"version-history":[{"count":3,"href":"https:\/\/www.nexoinformativo.mx\/index.php\/wp-json\/wp\/v2\/posts\/14992\/revisions"}],"predecessor-version":[{"id":14996,"href":"https:\/\/www.nexoinformativo.mx\/index.php\/wp-json\/wp\/v2\/posts\/14992\/revisions\/14996"}],"wp:featuredmedia":[{"embeddable":true,"href":"https:\/\/www.nexoinformativo.mx\/index.php\/wp-json\/wp\/v2\/media\/14993"}],"wp:attachment":[{"href":"https:\/\/www.nexoinformativo.mx\/index.php\/wp-json\/wp\/v2\/media?parent=14992"}],"wp:term":[{"taxonomy":"category","embeddable":true,"href":"https:\/\/www.nexoinformativo.mx\/index.php\/wp-json\/wp\/v2\/categories?post=14992"},{"taxonomy":"post_tag","embeddable":true,"href":"https:\/\/www.nexoinformativo.mx\/index.php\/wp-json\/wp\/v2\/tags?post=14992"}],"curies":[{"name":"wp","href":"https:\/\/api.w.org\/{rel}","templated":true}]}}