{"id":14997,"date":"2025-05-15T16:00:30","date_gmt":"2025-05-15T22:00:30","guid":{"rendered":"https:\/\/www.nexoinformativo.mx\/?p=14997"},"modified":"2025-05-15T23:02:48","modified_gmt":"2025-05-16T05:02:48","slug":"gracias-maestros-kuri-enaltece-su-labor-y-el-liderazgo-de-queretaro-en-educacion","status":"publish","type":"post","link":"https:\/\/www.nexoinformativo.mx\/index.php\/2025\/05\/15\/gracias-maestros-kuri-enaltece-su-labor-y-el-liderazgo-de-queretaro-en-educacion\/","title":{"rendered":"Gracias maestros Kuri enaltece su labor y el liderazgo de Quer\u00e9taro en educaci\u00f3n"},"content":{"rendered":"<p style=\"text-align: justify;\" data-sourcepos=\"3:1-3:347\">En el marco del D\u00eda del Maestro, el gobernador del estado, Mauricio Kuri, rindi\u00f3 un merecido homenaje a la vocaci\u00f3n y el compromiso del magisterio queretano, destacando la s\u00f3lida relaci\u00f3n que existe entre el gobierno estatal y el sector educativo.<\/p>\n<p>&nbsp;<\/p>\n<p style=\"text-align: justify;\" data-sourcepos=\"5:1-5:256\">&#8220;Quer\u00e9taro siempre se ha distinguido por tener una buena relaci\u00f3n entre gobierno y magisterio. Muchos maestros tienen una gran vocaci\u00f3n y debemos estar con ellos, reconocerlos y apoyarlos en lo que se pueda&#8221;, expres\u00f3 el mandatario durante la conmemoraci\u00f3n.<\/p>\n<p>&nbsp;<\/p>\n<p style=\"text-align: justify;\" data-sourcepos=\"7:1-7:323\">Kuri resalt\u00f3 que Quer\u00e9taro se posiciona en el tercer lugar a nivel nacional en trayectorias escolares, un logro que refleja el esfuerzo conjunto de autoridades, docentes y la comunidad educativa en general. Subray\u00f3 la importancia de seguir invirtiendo en productividad, educaci\u00f3n y la capacitaci\u00f3n continua de los maestros.<\/p>\n<p>&nbsp;<\/p>\n<p style=\"text-align: justify;\" data-sourcepos=\"9:1-9:338\">En cuanto a las condiciones laborales del magisterio, el gobernador asegur\u00f3 que en el estado no existe un d\u00e9ficit de plazas y que los salarios se encuentran cubiertos dentro de las posibilidades financieras. No obstante, reconoci\u00f3 las limitaciones presupuestarias, ya que una parte importante del financiamiento proviene de la federaci\u00f3n.<\/p>\n<p>&nbsp;<\/p>\n<p style=\"text-align: justify;\" data-sourcepos=\"11:1-11:296\">&#8220;Uno siempre quisiera que los maestros ganaran m\u00e1s, pero no tenemos los recursos suficientes. Aun as\u00ed, damos todo el apoyo que est\u00e1 a nuestro alcance&#8221;, afirm\u00f3 Kuri, reafirmando el compromiso de su administraci\u00f3n con la educaci\u00f3n como un pilar fundamental para el desarrollo integral de Quer\u00e9taro.<\/p>\n<p>&nbsp;<\/p>\n<p style=\"text-align: center;\" data-sourcepos=\"11:1-11:296\"><em><strong>\u00a1Informaci\u00f3n que transforma!<\/strong><\/em><\/p>\n","protected":false},"excerpt":{"rendered":"<p>En el marco del D\u00eda del Maestro, el gobernador del estado, Mauricio Kuri, rindi\u00f3 un merecido homenaje a la vocaci\u00f3n y el compromiso del magisterio queretano, destacando la s\u00f3lida relaci\u00f3n que existe entre el gobierno estatal y el sector educativo.<\/p>\n","protected":false},"author":3,"featured_media":15000,"comment_status":"open","ping_status":"open","sticky":false,"template":"","format":"standard","meta":{"footnotes":""},"categories":[42,58],"tags":[4472,3632,4474,4473],"class_list":["post-14997","post","type-post","status-publish","format-standard","has-post-thumbnail","hentry","category-estado","category-ultima-hora","tag-diadelmaestro","tag-educacionqro","tag-kuriconlaeducacion","tag-magisterioqueretaro"],"yoast_head":"<!-- This site is optimized with the Yoast SEO plugin v25.0 - https:\/\/yoast.com\/wordpress\/plugins\/seo\/ -->\n<title>Gracias maestros Kuri enaltece su labor y el liderazgo de Quer\u00e9taro en educaci\u00f3n | Nexo Informativo Santiago de Quer\u00e9taro<\/title>\n<meta name=\"description\" content=\"Gracias maestros Kuri enaltece su labor y el liderazgo de Quer\u00e9taro en educaci\u00f3n\" \/>\n<meta name=\"robots\" content=\"index, follow, max-snippet:-1, max-image-preview:large, max-video-preview:-1\" \/>\n<link rel=\"canonical\" href=\"https:\/\/www.nexoinformativo.mx\/index.php\/2025\/05\/15\/gracias-maestros-kuri-enaltece-su-labor-y-el-liderazgo-de-queretaro-en-educacion\/\" \/>\n<meta property=\"og:locale\" content=\"es_MX\" \/>\n<meta property=\"og:type\" content=\"article\" \/>\n<meta property=\"og:title\" content=\"Gracias maestros Kuri enaltece su labor y el liderazgo de Quer\u00e9taro en educaci\u00f3n | Nexo Informativo Santiago de Quer\u00e9taro\" \/>\n<meta property=\"og:description\" content=\"Gracias maestros Kuri enaltece su labor y el liderazgo de Quer\u00e9taro en educaci\u00f3n\" \/>\n<meta property=\"og:url\" content=\"https:\/\/www.nexoinformativo.mx\/index.php\/2025\/05\/15\/gracias-maestros-kuri-enaltece-su-labor-y-el-liderazgo-de-queretaro-en-educacion\/\" \/>\n<meta property=\"og:site_name\" content=\"Nexo Informativo Santiago de Quer\u00e9taro\" \/>\n<meta property=\"article:publisher\" content=\"https:\/\/www.facebook.com\/people\/Nexo-Informativo\/61564066885511\/\" \/>\n<meta property=\"article:published_time\" content=\"2025-05-15T22:00:30+00:00\" \/>\n<meta property=\"article:modified_time\" content=\"2025-05-16T05:02:48+00:00\" \/>\n<meta property=\"og:image\" content=\"https:\/\/www.nexoinformativo.mx\/wp-content\/uploads\/2025\/05\/PHOTO-2025-05-15-21-29-42-e1747371763913.jpg\" \/>\n\t<meta property=\"og:image:width\" content=\"800\" \/>\n\t<meta property=\"og:image:height\" content=\"533\" \/>\n\t<meta property=\"og:image:type\" content=\"image\/jpeg\" \/>\n<meta name=\"author\" content=\"Nexo Informativo\" \/>\n<meta name=\"twitter:card\" content=\"summary_large_image\" \/>\n<meta name=\"twitter:label1\" content=\"Escrito por\" \/>\n\t<meta name=\"twitter:data1\" content=\"Nexo Informativo\" \/>\n\t<meta name=\"twitter:label2\" content=\"Tiempo de lectura\" \/>\n\t<meta name=\"twitter:data2\" content=\"2 minutos\" \/>\n<script type=\"application\/ld+json\" class=\"yoast-schema-graph\">{\"@context\":\"https:\/\/schema.org\",\"@graph\":[{\"@type\":\"Article\",\"@id\":\"https:\/\/www.nexoinformativo.mx\/index.php\/2025\/05\/15\/gracias-maestros-kuri-enaltece-su-labor-y-el-liderazgo-de-queretaro-en-educacion\/#article\",\"isPartOf\":{\"@id\":\"https:\/\/www.nexoinformativo.mx\/index.php\/2025\/05\/15\/gracias-maestros-kuri-enaltece-su-labor-y-el-liderazgo-de-queretaro-en-educacion\/\"},\"author\":{\"name\":\"Nexo Informativo\",\"@id\":\"https:\/\/www.nexoinformativo.mx\/#\/schema\/person\/7749d380ba08c8ca00d7bc76fd907b7d\"},\"headline\":\"Gracias maestros Kuri enaltece su labor y el liderazgo de Quer\u00e9taro en educaci\u00f3n\",\"datePublished\":\"2025-05-15T22:00:30+00:00\",\"dateModified\":\"2025-05-16T05:02:48+00:00\",\"mainEntityOfPage\":{\"@id\":\"https:\/\/www.nexoinformativo.mx\/index.php\/2025\/05\/15\/gracias-maestros-kuri-enaltece-su-labor-y-el-liderazgo-de-queretaro-en-educacion\/\"},\"wordCount\":264,\"commentCount\":0,\"publisher\":{\"@id\":\"https:\/\/www.nexoinformativo.mx\/#organization\"},\"image\":{\"@id\":\"https:\/\/www.nexoinformativo.mx\/index.php\/2025\/05\/15\/gracias-maestros-kuri-enaltece-su-labor-y-el-liderazgo-de-queretaro-en-educacion\/#primaryimage\"},\"thumbnailUrl\":\"https:\/\/www.nexoinformativo.mx\/wp-content\/uploads\/2025\/05\/PHOTO-2025-05-15-21-29-42-e1747371763913.jpg\",\"keywords\":[\"D\u00edaDelMaestro\",\"Educaci\u00f3nQro\",\"KuriConLaEducaci\u00f3n\",\"MagisterioQuer\u00e9taro\"],\"articleSection\":[\"Estado\",\"\u00daltima Hora\"],\"inLanguage\":\"es\",\"potentialAction\":[{\"@type\":\"CommentAction\",\"name\":\"Comment\",\"target\":[\"https:\/\/www.nexoinformativo.mx\/index.php\/2025\/05\/15\/gracias-maestros-kuri-enaltece-su-labor-y-el-liderazgo-de-queretaro-en-educacion\/#respond\"]}]},{\"@type\":\"WebPage\",\"@id\":\"https:\/\/www.nexoinformativo.mx\/index.php\/2025\/05\/15\/gracias-maestros-kuri-enaltece-su-labor-y-el-liderazgo-de-queretaro-en-educacion\/\",\"url\":\"https:\/\/www.nexoinformativo.mx\/index.php\/2025\/05\/15\/gracias-maestros-kuri-enaltece-su-labor-y-el-liderazgo-de-queretaro-en-educacion\/\",\"name\":\"Gracias maestros Kuri enaltece su labor y el liderazgo de Quer\u00e9taro en educaci\u00f3n | Nexo Informativo Santiago de Quer\u00e9taro\",\"isPartOf\":{\"@id\":\"https:\/\/www.nexoinformativo.mx\/#website\"},\"primaryImageOfPage\":{\"@id\":\"https:\/\/www.nexoinformativo.mx\/index.php\/2025\/05\/15\/gracias-maestros-kuri-enaltece-su-labor-y-el-liderazgo-de-queretaro-en-educacion\/#primaryimage\"},\"image\":{\"@id\":\"https:\/\/www.nexoinformativo.mx\/index.php\/2025\/05\/15\/gracias-maestros-kuri-enaltece-su-labor-y-el-liderazgo-de-queretaro-en-educacion\/#primaryimage\"},\"thumbnailUrl\":\"https:\/\/www.nexoinformativo.mx\/wp-content\/uploads\/2025\/05\/PHOTO-2025-05-15-21-29-42-e1747371763913.jpg\",\"datePublished\":\"2025-05-15T22:00:30+00:00\",\"dateModified\":\"2025-05-16T05:02:48+00:00\",\"description\":\"Gracias maestros Kuri enaltece su labor y el liderazgo de Quer\u00e9taro en educaci\u00f3n\",\"breadcrumb\":{\"@id\":\"https:\/\/www.nexoinformativo.mx\/index.php\/2025\/05\/15\/gracias-maestros-kuri-enaltece-su-labor-y-el-liderazgo-de-queretaro-en-educacion\/#breadcrumb\"},\"inLanguage\":\"es\",\"potentialAction\":[{\"@type\":\"ReadAction\",\"target\":[\"https:\/\/www.nexoinformativo.mx\/index.php\/2025\/05\/15\/gracias-maestros-kuri-enaltece-su-labor-y-el-liderazgo-de-queretaro-en-educacion\/\"]}]},{\"@type\":\"ImageObject\",\"inLanguage\":\"es\",\"@id\":\"https:\/\/www.nexoinformativo.mx\/index.php\/2025\/05\/15\/gracias-maestros-kuri-enaltece-su-labor-y-el-liderazgo-de-queretaro-en-educacion\/#primaryimage\",\"url\":\"https:\/\/www.nexoinformativo.mx\/wp-content\/uploads\/2025\/05\/PHOTO-2025-05-15-21-29-42-e1747371763913.jpg\",\"contentUrl\":\"https:\/\/www.nexoinformativo.mx\/wp-content\/uploads\/2025\/05\/PHOTO-2025-05-15-21-29-42-e1747371763913.jpg\",\"width\":800,\"height\":533},{\"@type\":\"BreadcrumbList\",\"@id\":\"https:\/\/www.nexoinformativo.mx\/index.php\/2025\/05\/15\/gracias-maestros-kuri-enaltece-su-labor-y-el-liderazgo-de-queretaro-en-educacion\/#breadcrumb\",\"itemListElement\":[{\"@type\":\"ListItem\",\"position\":1,\"name\":\"Inicio\",\"item\":\"https:\/\/www.nexoinformativo.mx\/\"},{\"@type\":\"ListItem\",\"position\":2,\"name\":\"Gracias maestros Kuri enaltece su labor y el liderazgo de Quer\u00e9taro en educaci\u00f3n\"}]},{\"@type\":\"WebSite\",\"@id\":\"https:\/\/www.nexoinformativo.mx\/#website\",\"url\":\"https:\/\/www.nexoinformativo.mx\/\",\"name\":\"Nexo Informativo Santiago de Quer\u00e9taro\",\"description\":\"Explora NexoInformativo y convi\u00e9rtete en parte de una comunidad que valora el conocimiento y la verdad. Tu nexoinformativo es tu puente hacia una comprensi\u00f3n m\u00e1s profunda del mundo que te rodea.\",\"publisher\":{\"@id\":\"https:\/\/www.nexoinformativo.mx\/#organization\"},\"potentialAction\":[{\"@type\":\"SearchAction\",\"target\":{\"@type\":\"EntryPoint\",\"urlTemplate\":\"https:\/\/www.nexoinformativo.mx\/?s={search_term_string}\"},\"query-input\":{\"@type\":\"PropertyValueSpecification\",\"valueRequired\":true,\"valueName\":\"search_term_string\"}}],\"inLanguage\":\"es\"},{\"@type\":\"Organization\",\"@id\":\"https:\/\/www.nexoinformativo.mx\/#organization\",\"name\":\"Nexo Informativo Santiago de Quer\u00e9taro\",\"url\":\"https:\/\/www.nexoinformativo.mx\/\",\"logo\":{\"@type\":\"ImageObject\",\"inLanguage\":\"es\",\"@id\":\"https:\/\/www.nexoinformativo.mx\/#\/schema\/logo\/image\/\",\"url\":\"https:\/\/www.nexoinformativo.mx\/wp-content\/uploads\/2024\/07\/nexoi-trasparente-2.png\",\"contentUrl\":\"https:\/\/www.nexoinformativo.mx\/wp-content\/uploads\/2024\/07\/nexoi-trasparente-2.png\",\"width\":816,\"height\":339,\"caption\":\"Nexo Informativo Santiago de Quer\u00e9taro\"},\"image\":{\"@id\":\"https:\/\/www.nexoinformativo.mx\/#\/schema\/logo\/image\/\"},\"sameAs\":[\"https:\/\/www.facebook.com\/people\/Nexo-Informativo\/61564066885511\/\"]},{\"@type\":\"Person\",\"@id\":\"https:\/\/www.nexoinformativo.mx\/#\/schema\/person\/7749d380ba08c8ca00d7bc76fd907b7d\",\"name\":\"Nexo Informativo\",\"image\":{\"@type\":\"ImageObject\",\"inLanguage\":\"es\",\"@id\":\"https:\/\/www.nexoinformativo.mx\/#\/schema\/person\/image\/\",\"url\":\"https:\/\/secure.gravatar.com\/avatar\/dde2928154642a13d95f87ddf1ea9718fe2b46760a005c53e41ff5ad610704e6?s=96&d=mm&r=g\",\"contentUrl\":\"https:\/\/secure.gravatar.com\/avatar\/dde2928154642a13d95f87ddf1ea9718fe2b46760a005c53e41ff5ad610704e6?s=96&d=mm&r=g\",\"caption\":\"Nexo Informativo\"},\"url\":\"https:\/\/www.nexoinformativo.mx\/index.php\/author\/edicion\/\"}]}<\/script>\n<!-- \/ Yoast SEO plugin. -->","yoast_head_json":{"title":"Gracias maestros Kuri enaltece su labor y el liderazgo de Quer\u00e9taro en educaci\u00f3n | Nexo Informativo Santiago de Quer\u00e9taro","description":"Gracias maestros Kuri enaltece su labor y el liderazgo de Quer\u00e9taro en educaci\u00f3n","robots":{"index":"index","follow":"follow","max-snippet":"max-snippet:-1","max-image-preview":"max-image-preview:large","max-video-preview":"max-video-preview:-1"},"canonical":"https:\/\/www.nexoinformativo.mx\/index.php\/2025\/05\/15\/gracias-maestros-kuri-enaltece-su-labor-y-el-liderazgo-de-queretaro-en-educacion\/","og_locale":"es_MX","og_type":"article","og_title":"Gracias maestros Kuri enaltece su labor y el liderazgo de Quer\u00e9taro en educaci\u00f3n | Nexo Informativo Santiago de Quer\u00e9taro","og_description":"Gracias maestros Kuri enaltece su labor y el liderazgo de Quer\u00e9taro en educaci\u00f3n","og_url":"https:\/\/www.nexoinformativo.mx\/index.php\/2025\/05\/15\/gracias-maestros-kuri-enaltece-su-labor-y-el-liderazgo-de-queretaro-en-educacion\/","og_site_name":"Nexo Informativo Santiago de Quer\u00e9taro","article_publisher":"https:\/\/www.facebook.com\/people\/Nexo-Informativo\/61564066885511\/","article_published_time":"2025-05-15T22:00:30+00:00","article_modified_time":"2025-05-16T05:02:48+00:00","og_image":[{"width":800,"height":533,"url":"https:\/\/www.nexoinformativo.mx\/wp-content\/uploads\/2025\/05\/PHOTO-2025-05-15-21-29-42-e1747371763913.jpg","type":"image\/jpeg"}],"author":"Nexo Informativo","twitter_card":"summary_large_image","twitter_misc":{"Escrito por":"Nexo Informativo","Tiempo de lectura":"2 minutos"},"schema":{"@context":"https:\/\/schema.org","@graph":[{"@type":"Article","@id":"https:\/\/www.nexoinformativo.mx\/index.php\/2025\/05\/15\/gracias-maestros-kuri-enaltece-su-labor-y-el-liderazgo-de-queretaro-en-educacion\/#article","isPartOf":{"@id":"https:\/\/www.nexoinformativo.mx\/index.php\/2025\/05\/15\/gracias-maestros-kuri-enaltece-su-labor-y-el-liderazgo-de-queretaro-en-educacion\/"},"author":{"name":"Nexo Informativo","@id":"https:\/\/www.nexoinformativo.mx\/#\/schema\/person\/7749d380ba08c8ca00d7bc76fd907b7d"},"headline":"Gracias maestros Kuri enaltece su labor y el liderazgo de Quer\u00e9taro en educaci\u00f3n","datePublished":"2025-05-15T22:00:30+00:00","dateModified":"2025-05-16T05:02:48+00:00","mainEntityOfPage":{"@id":"https:\/\/www.nexoinformativo.mx\/index.php\/2025\/05\/15\/gracias-maestros-kuri-enaltece-su-labor-y-el-liderazgo-de-queretaro-en-educacion\/"},"wordCount":264,"commentCount":0,"publisher":{"@id":"https:\/\/www.nexoinformativo.mx\/#organization"},"image":{"@id":"https:\/\/www.nexoinformativo.mx\/index.php\/2025\/05\/15\/gracias-maestros-kuri-enaltece-su-labor-y-el-liderazgo-de-queretaro-en-educacion\/#primaryimage"},"thumbnailUrl":"https:\/\/www.nexoinformativo.mx\/wp-content\/uploads\/2025\/05\/PHOTO-2025-05-15-21-29-42-e1747371763913.jpg","keywords":["D\u00edaDelMaestro","Educaci\u00f3nQro","KuriConLaEducaci\u00f3n","MagisterioQuer\u00e9taro"],"articleSection":["Estado","\u00daltima Hora"],"inLanguage":"es","potentialAction":[{"@type":"CommentAction","name":"Comment","target":["https:\/\/www.nexoinformativo.mx\/index.php\/2025\/05\/15\/gracias-maestros-kuri-enaltece-su-labor-y-el-liderazgo-de-queretaro-en-educacion\/#respond"]}]},{"@type":"WebPage","@id":"https:\/\/www.nexoinformativo.mx\/index.php\/2025\/05\/15\/gracias-maestros-kuri-enaltece-su-labor-y-el-liderazgo-de-queretaro-en-educacion\/","url":"https:\/\/www.nexoinformativo.mx\/index.php\/2025\/05\/15\/gracias-maestros-kuri-enaltece-su-labor-y-el-liderazgo-de-queretaro-en-educacion\/","name":"Gracias maestros Kuri enaltece su labor y el liderazgo de Quer\u00e9taro en educaci\u00f3n | Nexo Informativo Santiago de Quer\u00e9taro","isPartOf":{"@id":"https:\/\/www.nexoinformativo.mx\/#website"},"primaryImageOfPage":{"@id":"https:\/\/www.nexoinformativo.mx\/index.php\/2025\/05\/15\/gracias-maestros-kuri-enaltece-su-labor-y-el-liderazgo-de-queretaro-en-educacion\/#primaryimage"},"image":{"@id":"https:\/\/www.nexoinformativo.mx\/index.php\/2025\/05\/15\/gracias-maestros-kuri-enaltece-su-labor-y-el-liderazgo-de-queretaro-en-educacion\/#primaryimage"},"thumbnailUrl":"https:\/\/www.nexoinformativo.mx\/wp-content\/uploads\/2025\/05\/PHOTO-2025-05-15-21-29-42-e1747371763913.jpg","datePublished":"2025-05-15T22:00:30+00:00","dateModified":"2025-05-16T05:02:48+00:00","description":"Gracias maestros Kuri enaltece su labor y el liderazgo de Quer\u00e9taro en educaci\u00f3n","breadcrumb":{"@id":"https:\/\/www.nexoinformativo.mx\/index.php\/2025\/05\/15\/gracias-maestros-kuri-enaltece-su-labor-y-el-liderazgo-de-queretaro-en-educacion\/#breadcrumb"},"inLanguage":"es","potentialAction":[{"@type":"ReadAction","target":["https:\/\/www.nexoinformativo.mx\/index.php\/2025\/05\/15\/gracias-maestros-kuri-enaltece-su-labor-y-el-liderazgo-de-queretaro-en-educacion\/"]}]},{"@type":"ImageObject","inLanguage":"es","@id":"https:\/\/www.nexoinformativo.mx\/index.php\/2025\/05\/15\/gracias-maestros-kuri-enaltece-su-labor-y-el-liderazgo-de-queretaro-en-educacion\/#primaryimage","url":"https:\/\/www.nexoinformativo.mx\/wp-content\/uploads\/2025\/05\/PHOTO-2025-05-15-21-29-42-e1747371763913.jpg","contentUrl":"https:\/\/www.nexoinformativo.mx\/wp-content\/uploads\/2025\/05\/PHOTO-2025-05-15-21-29-42-e1747371763913.jpg","width":800,"height":533},{"@type":"BreadcrumbList","@id":"https:\/\/www.nexoinformativo.mx\/index.php\/2025\/05\/15\/gracias-maestros-kuri-enaltece-su-labor-y-el-liderazgo-de-queretaro-en-educacion\/#breadcrumb","itemListElement":[{"@type":"ListItem","position":1,"name":"Inicio","item":"https:\/\/www.nexoinformativo.mx\/"},{"@type":"ListItem","position":2,"name":"Gracias maestros Kuri enaltece su labor y el liderazgo de Quer\u00e9taro en educaci\u00f3n"}]},{"@type":"WebSite","@id":"https:\/\/www.nexoinformativo.mx\/#website","url":"https:\/\/www.nexoinformativo.mx\/","name":"Nexo Informativo Santiago de Quer\u00e9taro","description":"Explora NexoInformativo y convi\u00e9rtete en parte de una comunidad que valora el conocimiento y la verdad. Tu nexoinformativo es tu puente hacia una comprensi\u00f3n m\u00e1s profunda del mundo que te rodea.","publisher":{"@id":"https:\/\/www.nexoinformativo.mx\/#organization"},"potentialAction":[{"@type":"SearchAction","target":{"@type":"EntryPoint","urlTemplate":"https:\/\/www.nexoinformativo.mx\/?s={search_term_string}"},"query-input":{"@type":"PropertyValueSpecification","valueRequired":true,"valueName":"search_term_string"}}],"inLanguage":"es"},{"@type":"Organization","@id":"https:\/\/www.nexoinformativo.mx\/#organization","name":"Nexo Informativo Santiago de Quer\u00e9taro","url":"https:\/\/www.nexoinformativo.mx\/","logo":{"@type":"ImageObject","inLanguage":"es","@id":"https:\/\/www.nexoinformativo.mx\/#\/schema\/logo\/image\/","url":"https:\/\/www.nexoinformativo.mx\/wp-content\/uploads\/2024\/07\/nexoi-trasparente-2.png","contentUrl":"https:\/\/www.nexoinformativo.mx\/wp-content\/uploads\/2024\/07\/nexoi-trasparente-2.png","width":816,"height":339,"caption":"Nexo Informativo Santiago de Quer\u00e9taro"},"image":{"@id":"https:\/\/www.nexoinformativo.mx\/#\/schema\/logo\/image\/"},"sameAs":["https:\/\/www.facebook.com\/people\/Nexo-Informativo\/61564066885511\/"]},{"@type":"Person","@id":"https:\/\/www.nexoinformativo.mx\/#\/schema\/person\/7749d380ba08c8ca00d7bc76fd907b7d","name":"Nexo Informativo","image":{"@type":"ImageObject","inLanguage":"es","@id":"https:\/\/www.nexoinformativo.mx\/#\/schema\/person\/image\/","url":"https:\/\/secure.gravatar.com\/avatar\/dde2928154642a13d95f87ddf1ea9718fe2b46760a005c53e41ff5ad610704e6?s=96&d=mm&r=g","contentUrl":"https:\/\/secure.gravatar.com\/avatar\/dde2928154642a13d95f87ddf1ea9718fe2b46760a005c53e41ff5ad610704e6?s=96&d=mm&r=g","caption":"Nexo Informativo"},"url":"https:\/\/www.nexoinformativo.mx\/index.php\/author\/edicion\/"}]}},"_links":{"self":[{"href":"https:\/\/www.nexoinformativo.mx\/index.php\/wp-json\/wp\/v2\/posts\/14997","targetHints":{"allow":["GET"]}}],"collection":[{"href":"https:\/\/www.nexoinformativo.mx\/index.php\/wp-json\/wp\/v2\/posts"}],"about":[{"href":"https:\/\/www.nexoinformativo.mx\/index.php\/wp-json\/wp\/v2\/types\/post"}],"author":[{"embeddable":true,"href":"https:\/\/www.nexoinformativo.mx\/index.php\/wp-json\/wp\/v2\/users\/3"}],"replies":[{"embeddable":true,"href":"https:\/\/www.nexoinformativo.mx\/index.php\/wp-json\/wp\/v2\/comments?post=14997"}],"version-history":[{"count":3,"href":"https:\/\/www.nexoinformativo.mx\/index.php\/wp-json\/wp\/v2\/posts\/14997\/revisions"}],"predecessor-version":[{"id":15001,"href":"https:\/\/www.nexoinformativo.mx\/index.php\/wp-json\/wp\/v2\/posts\/14997\/revisions\/15001"}],"wp:featuredmedia":[{"embeddable":true,"href":"https:\/\/www.nexoinformativo.mx\/index.php\/wp-json\/wp\/v2\/media\/15000"}],"wp:attachment":[{"href":"https:\/\/www.nexoinformativo.mx\/index.php\/wp-json\/wp\/v2\/media?parent=14997"}],"wp:term":[{"taxonomy":"category","embeddable":true,"href":"https:\/\/www.nexoinformativo.mx\/index.php\/wp-json\/wp\/v2\/categories?post=14997"},{"taxonomy":"post_tag","embeddable":true,"href":"https:\/\/www.nexoinformativo.mx\/index.php\/wp-json\/wp\/v2\/tags?post=14997"}],"curies":[{"name":"wp","href":"https:\/\/api.w.org\/{rel}","templated":true}]}}