{"id":15002,"date":"2025-05-15T17:00:05","date_gmt":"2025-05-15T23:00:05","guid":{"rendered":"https:\/\/www.nexoinformativo.mx\/?p=15002"},"modified":"2025-05-15T23:08:55","modified_gmt":"2025-05-16T05:08:55","slug":"kuri-fortalece-transporte-escolar-en-la-sierra-queretana","status":"publish","type":"post","link":"https:\/\/www.nexoinformativo.mx\/index.php\/2025\/05\/15\/kuri-fortalece-transporte-escolar-en-la-sierra-queretana\/","title":{"rendered":"Kuri fortalece transporte escolar en la Sierra Quer\u00e9tana"},"content":{"rendered":"<p style=\"text-align: justify;\" data-sourcepos=\"3:1-3:433\">El gobernador Mauricio Kuri entreg\u00f3 siete nuevas unidades de transporte escolar tipo Urvan en Arroyo Seco, Sierra Gorda queretana.<\/p>\n<\/p>\n<p>&nbsp;<\/p>\n<p style=\"text-align: justify;\" data-sourcepos=\"3:1-3:433\">Esta acci\u00f3n beneficiar\u00e1 a m\u00e1s de 500 estudiantes de nivel b\u00e1sico y bachillerato de 18 instituciones educativas ubicadas en 41 comunidades de la regi\u00f3n, facilitando su acceso a la educaci\u00f3n y fortaleciendo su aprovechamiento acad\u00e9mico.<\/p>\n<\/p>\n<p>&nbsp;<\/p>\n<p style=\"text-align: justify;\" data-sourcepos=\"5:1-5:347\">En el marco de la jornada &#8220;Aqu\u00ed Contigo&#8221;, el mandatario estatal dialog\u00f3 con familias beneficiadas por este programa de la Secretar\u00eda de Desarrollo Social. La estrategia busca garantizar que ni\u00f1os y j\u00f3venes viajen de manera segura y evitar que recorran largas distancias a pie, lo que dificultaba su llegada a clases y pon\u00eda en riesgo su seguridad.<\/p>\n<\/p>\n<p>&nbsp;<\/p>\n<p style=\"text-align: justify;\" data-sourcepos=\"7:1-7:479\">El secretario de Desarrollo Social, Luis Nava, explic\u00f3 que esta entrega forma parte de la renovaci\u00f3n del parque vehicular del transporte escolar, sustituyendo unidades antiguas para mantener la seguridad de los usuarios.<\/p>\n<p style=\"text-align: justify;\" data-sourcepos=\"7:1-7:479\">Adem\u00e1s, se est\u00e1n explorando acuerdos con los presidentes municipales para ceder en comodato las unidades reemplazadas, permitiendo ampliar el servicio a zonas que a\u00fan no cuentan con este apoyo, donde los municipios aportar\u00edan operador y combustible.<\/p>\n<\/p>\n<p>&nbsp;<\/p>\n<p style=\"text-align: justify;\" data-sourcepos=\"9:1-9:373\">Adicionalmente, el gobernador Kuri presenci\u00f3 la presentaci\u00f3n del Domo de Realidad Virtual, una herramienta tecnol\u00f3gica de la Secretar\u00eda de la Mujer, liderada por Sonia Rocha.<\/p>\n<\/p>\n<p>&nbsp;<\/p>\n<p style=\"text-align: justify;\" data-sourcepos=\"9:1-9:373\">Esta experiencia inmersiva y gratuita, ofrecida en las Jornadas <strong>&#8220;Aqu\u00ed Contigo Mujeres&#8221;<\/strong>, busca identificar tipos de violencia, reconocer se\u00f1ales de alerta y canalizar a mujeres para recibir atenci\u00f3n.<\/p>\n<\/p>\n<p>&nbsp;<\/p>\n<p style=\"text-align: justify;\" data-sourcepos=\"11:1-11:558\">Sonia Rocha detall\u00f3 que el Domo realiza sensibilizaci\u00f3n y diagn\u00f3stico, atendiendo entre 300 y 400 mujeres por jornada. Posteriormente, se les brinda apoyo psicol\u00f3gico, jur\u00eddico, representaci\u00f3n legal y acompa\u00f1amiento con m\u00e1s de 20 dependencias del Poder Ejecutivo.<\/p>\n<\/p>\n<p>&nbsp;<\/p>\n<p style=\"text-align: justify;\" data-sourcepos=\"13:1-13:171\">Finalmente, las mujeres presentes tuvieron la oportunidad de participar en la capacitaci\u00f3n &#8220;Rompiendo ciclos&#8221;, impartida por especialistas de la Secretar\u00eda de las Mujeres.<\/p>\n<\/p>\n<p>&nbsp;<\/p>\n<p style=\"text-align: center;\" data-sourcepos=\"13:1-13:171\"><em><strong>\u00a1Informaci\u00f3n que transforma!<\/strong><\/em><\/p>\n","protected":false},"excerpt":{"rendered":"<p>El gobernador Mauricio Kuri entreg\u00f3 siete nuevas unidades de transporte escolar tipo Urvan en Arroyo Seco, Sierra Gorda queretana.<\/p>\n","protected":false},"author":3,"featured_media":15003,"comment_status":"open","ping_status":"open","sticky":false,"template":"","format":"standard","meta":{"footnotes":""},"categories":[65,58],"tags":[4476,4477,4475,3543],"class_list":["post-15002","post","type-post","status-publish","format-standard","has-post-thumbnail","hentry","category-municipios","category-ultima-hora","tag-aquicontigo","tag-kurisicumple","tag-sierragordaeducacion","tag-transporteescolarqro"],"yoast_head":"<!-- This site is optimized with the Yoast SEO plugin v25.0 - https:\/\/yoast.com\/wordpress\/plugins\/seo\/ -->\n<title>Kuri fortalece transporte escolar en la Sierra Quer\u00e9tana | Nexo Informativo Santiago de Quer\u00e9taro<\/title>\n<meta name=\"description\" content=\"Kuri fortalece transporte escolar en la Sierra Quer\u00e9tana\" \/>\n<meta name=\"robots\" content=\"index, follow, max-snippet:-1, max-image-preview:large, max-video-preview:-1\" \/>\n<link rel=\"canonical\" href=\"https:\/\/www.nexoinformativo.mx\/index.php\/2025\/05\/15\/kuri-fortalece-transporte-escolar-en-la-sierra-queretana\/\" \/>\n<meta property=\"og:locale\" content=\"es_MX\" \/>\n<meta property=\"og:type\" content=\"article\" \/>\n<meta property=\"og:title\" content=\"Kuri fortalece transporte escolar en la Sierra Quer\u00e9tana | Nexo Informativo Santiago de Quer\u00e9taro\" \/>\n<meta property=\"og:description\" content=\"Kuri fortalece transporte escolar en la Sierra Quer\u00e9tana\" \/>\n<meta property=\"og:url\" content=\"https:\/\/www.nexoinformativo.mx\/index.php\/2025\/05\/15\/kuri-fortalece-transporte-escolar-en-la-sierra-queretana\/\" \/>\n<meta property=\"og:site_name\" content=\"Nexo Informativo Santiago de Quer\u00e9taro\" \/>\n<meta property=\"article:publisher\" content=\"https:\/\/www.facebook.com\/people\/Nexo-Informativo\/61564066885511\/\" \/>\n<meta property=\"article:published_time\" content=\"2025-05-15T23:00:05+00:00\" \/>\n<meta property=\"article:modified_time\" content=\"2025-05-16T05:08:55+00:00\" \/>\n<meta property=\"og:image\" content=\"https:\/\/www.nexoinformativo.mx\/wp-content\/uploads\/2025\/05\/PHOTO-2025-05-15-08-59-33-e1747372054324.jpg\" \/>\n\t<meta property=\"og:image:width\" content=\"800\" \/>\n\t<meta property=\"og:image:height\" content=\"534\" \/>\n\t<meta property=\"og:image:type\" content=\"image\/jpeg\" \/>\n<meta name=\"author\" content=\"Nexo Informativo\" \/>\n<meta name=\"twitter:card\" content=\"summary_large_image\" \/>\n<meta name=\"twitter:label1\" content=\"Escrito por\" \/>\n\t<meta name=\"twitter:data1\" content=\"Nexo Informativo\" \/>\n\t<meta name=\"twitter:label2\" content=\"Tiempo de lectura\" \/>\n\t<meta name=\"twitter:data2\" content=\"2 minutos\" \/>\n<script type=\"application\/ld+json\" class=\"yoast-schema-graph\">{\"@context\":\"https:\/\/schema.org\",\"@graph\":[{\"@type\":\"Article\",\"@id\":\"https:\/\/www.nexoinformativo.mx\/index.php\/2025\/05\/15\/kuri-fortalece-transporte-escolar-en-la-sierra-queretana\/#article\",\"isPartOf\":{\"@id\":\"https:\/\/www.nexoinformativo.mx\/index.php\/2025\/05\/15\/kuri-fortalece-transporte-escolar-en-la-sierra-queretana\/\"},\"author\":{\"name\":\"Nexo Informativo\",\"@id\":\"https:\/\/www.nexoinformativo.mx\/#\/schema\/person\/7749d380ba08c8ca00d7bc76fd907b7d\"},\"headline\":\"Kuri fortalece transporte escolar en la Sierra Quer\u00e9tana\",\"datePublished\":\"2025-05-15T23:00:05+00:00\",\"dateModified\":\"2025-05-16T05:08:55+00:00\",\"mainEntityOfPage\":{\"@id\":\"https:\/\/www.nexoinformativo.mx\/index.php\/2025\/05\/15\/kuri-fortalece-transporte-escolar-en-la-sierra-queretana\/\"},\"wordCount\":336,\"commentCount\":0,\"publisher\":{\"@id\":\"https:\/\/www.nexoinformativo.mx\/#organization\"},\"image\":{\"@id\":\"https:\/\/www.nexoinformativo.mx\/index.php\/2025\/05\/15\/kuri-fortalece-transporte-escolar-en-la-sierra-queretana\/#primaryimage\"},\"thumbnailUrl\":\"https:\/\/www.nexoinformativo.mx\/wp-content\/uploads\/2025\/05\/PHOTO-2025-05-15-08-59-33-e1747372054324.jpg\",\"keywords\":[\"Aqu\u00edContigo\",\"KuriS\u00edCumple\",\"SierraGordaEducaci\u00f3n\",\"TransporteEscolarQro\"],\"articleSection\":[\"Municipios\",\"\u00daltima Hora\"],\"inLanguage\":\"es\",\"potentialAction\":[{\"@type\":\"CommentAction\",\"name\":\"Comment\",\"target\":[\"https:\/\/www.nexoinformativo.mx\/index.php\/2025\/05\/15\/kuri-fortalece-transporte-escolar-en-la-sierra-queretana\/#respond\"]}]},{\"@type\":\"WebPage\",\"@id\":\"https:\/\/www.nexoinformativo.mx\/index.php\/2025\/05\/15\/kuri-fortalece-transporte-escolar-en-la-sierra-queretana\/\",\"url\":\"https:\/\/www.nexoinformativo.mx\/index.php\/2025\/05\/15\/kuri-fortalece-transporte-escolar-en-la-sierra-queretana\/\",\"name\":\"Kuri fortalece transporte escolar en la Sierra Quer\u00e9tana | Nexo Informativo Santiago de Quer\u00e9taro\",\"isPartOf\":{\"@id\":\"https:\/\/www.nexoinformativo.mx\/#website\"},\"primaryImageOfPage\":{\"@id\":\"https:\/\/www.nexoinformativo.mx\/index.php\/2025\/05\/15\/kuri-fortalece-transporte-escolar-en-la-sierra-queretana\/#primaryimage\"},\"image\":{\"@id\":\"https:\/\/www.nexoinformativo.mx\/index.php\/2025\/05\/15\/kuri-fortalece-transporte-escolar-en-la-sierra-queretana\/#primaryimage\"},\"thumbnailUrl\":\"https:\/\/www.nexoinformativo.mx\/wp-content\/uploads\/2025\/05\/PHOTO-2025-05-15-08-59-33-e1747372054324.jpg\",\"datePublished\":\"2025-05-15T23:00:05+00:00\",\"dateModified\":\"2025-05-16T05:08:55+00:00\",\"description\":\"Kuri fortalece transporte escolar en la Sierra Quer\u00e9tana\",\"breadcrumb\":{\"@id\":\"https:\/\/www.nexoinformativo.mx\/index.php\/2025\/05\/15\/kuri-fortalece-transporte-escolar-en-la-sierra-queretana\/#breadcrumb\"},\"inLanguage\":\"es\",\"potentialAction\":[{\"@type\":\"ReadAction\",\"target\":[\"https:\/\/www.nexoinformativo.mx\/index.php\/2025\/05\/15\/kuri-fortalece-transporte-escolar-en-la-sierra-queretana\/\"]}]},{\"@type\":\"ImageObject\",\"inLanguage\":\"es\",\"@id\":\"https:\/\/www.nexoinformativo.mx\/index.php\/2025\/05\/15\/kuri-fortalece-transporte-escolar-en-la-sierra-queretana\/#primaryimage\",\"url\":\"https:\/\/www.nexoinformativo.mx\/wp-content\/uploads\/2025\/05\/PHOTO-2025-05-15-08-59-33-e1747372054324.jpg\",\"contentUrl\":\"https:\/\/www.nexoinformativo.mx\/wp-content\/uploads\/2025\/05\/PHOTO-2025-05-15-08-59-33-e1747372054324.jpg\",\"width\":800,\"height\":534},{\"@type\":\"BreadcrumbList\",\"@id\":\"https:\/\/www.nexoinformativo.mx\/index.php\/2025\/05\/15\/kuri-fortalece-transporte-escolar-en-la-sierra-queretana\/#breadcrumb\",\"itemListElement\":[{\"@type\":\"ListItem\",\"position\":1,\"name\":\"Inicio\",\"item\":\"https:\/\/www.nexoinformativo.mx\/\"},{\"@type\":\"ListItem\",\"position\":2,\"name\":\"Kuri fortalece transporte escolar en la Sierra Quer\u00e9tana\"}]},{\"@type\":\"WebSite\",\"@id\":\"https:\/\/www.nexoinformativo.mx\/#website\",\"url\":\"https:\/\/www.nexoinformativo.mx\/\",\"name\":\"Nexo Informativo Santiago de Quer\u00e9taro\",\"description\":\"Explora NexoInformativo y convi\u00e9rtete en parte de una comunidad que valora el conocimiento y la verdad. Tu nexoinformativo es tu puente hacia una comprensi\u00f3n m\u00e1s profunda del mundo que te rodea.\",\"publisher\":{\"@id\":\"https:\/\/www.nexoinformativo.mx\/#organization\"},\"potentialAction\":[{\"@type\":\"SearchAction\",\"target\":{\"@type\":\"EntryPoint\",\"urlTemplate\":\"https:\/\/www.nexoinformativo.mx\/?s={search_term_string}\"},\"query-input\":{\"@type\":\"PropertyValueSpecification\",\"valueRequired\":true,\"valueName\":\"search_term_string\"}}],\"inLanguage\":\"es\"},{\"@type\":\"Organization\",\"@id\":\"https:\/\/www.nexoinformativo.mx\/#organization\",\"name\":\"Nexo Informativo Santiago de Quer\u00e9taro\",\"url\":\"https:\/\/www.nexoinformativo.mx\/\",\"logo\":{\"@type\":\"ImageObject\",\"inLanguage\":\"es\",\"@id\":\"https:\/\/www.nexoinformativo.mx\/#\/schema\/logo\/image\/\",\"url\":\"https:\/\/www.nexoinformativo.mx\/wp-content\/uploads\/2024\/07\/nexoi-trasparente-2.png\",\"contentUrl\":\"https:\/\/www.nexoinformativo.mx\/wp-content\/uploads\/2024\/07\/nexoi-trasparente-2.png\",\"width\":816,\"height\":339,\"caption\":\"Nexo Informativo Santiago de Quer\u00e9taro\"},\"image\":{\"@id\":\"https:\/\/www.nexoinformativo.mx\/#\/schema\/logo\/image\/\"},\"sameAs\":[\"https:\/\/www.facebook.com\/people\/Nexo-Informativo\/61564066885511\/\"]},{\"@type\":\"Person\",\"@id\":\"https:\/\/www.nexoinformativo.mx\/#\/schema\/person\/7749d380ba08c8ca00d7bc76fd907b7d\",\"name\":\"Nexo Informativo\",\"image\":{\"@type\":\"ImageObject\",\"inLanguage\":\"es\",\"@id\":\"https:\/\/www.nexoinformativo.mx\/#\/schema\/person\/image\/\",\"url\":\"https:\/\/secure.gravatar.com\/avatar\/dde2928154642a13d95f87ddf1ea9718fe2b46760a005c53e41ff5ad610704e6?s=96&d=mm&r=g\",\"contentUrl\":\"https:\/\/secure.gravatar.com\/avatar\/dde2928154642a13d95f87ddf1ea9718fe2b46760a005c53e41ff5ad610704e6?s=96&d=mm&r=g\",\"caption\":\"Nexo Informativo\"},\"url\":\"https:\/\/www.nexoinformativo.mx\/index.php\/author\/edicion\/\"}]}<\/script>\n<!-- \/ Yoast SEO plugin. -->","yoast_head_json":{"title":"Kuri fortalece transporte escolar en la Sierra Quer\u00e9tana | Nexo Informativo Santiago de Quer\u00e9taro","description":"Kuri fortalece transporte escolar en la Sierra Quer\u00e9tana","robots":{"index":"index","follow":"follow","max-snippet":"max-snippet:-1","max-image-preview":"max-image-preview:large","max-video-preview":"max-video-preview:-1"},"canonical":"https:\/\/www.nexoinformativo.mx\/index.php\/2025\/05\/15\/kuri-fortalece-transporte-escolar-en-la-sierra-queretana\/","og_locale":"es_MX","og_type":"article","og_title":"Kuri fortalece transporte escolar en la Sierra Quer\u00e9tana | Nexo Informativo Santiago de Quer\u00e9taro","og_description":"Kuri fortalece transporte escolar en la Sierra Quer\u00e9tana","og_url":"https:\/\/www.nexoinformativo.mx\/index.php\/2025\/05\/15\/kuri-fortalece-transporte-escolar-en-la-sierra-queretana\/","og_site_name":"Nexo Informativo Santiago de Quer\u00e9taro","article_publisher":"https:\/\/www.facebook.com\/people\/Nexo-Informativo\/61564066885511\/","article_published_time":"2025-05-15T23:00:05+00:00","article_modified_time":"2025-05-16T05:08:55+00:00","og_image":[{"width":800,"height":534,"url":"https:\/\/www.nexoinformativo.mx\/wp-content\/uploads\/2025\/05\/PHOTO-2025-05-15-08-59-33-e1747372054324.jpg","type":"image\/jpeg"}],"author":"Nexo Informativo","twitter_card":"summary_large_image","twitter_misc":{"Escrito por":"Nexo Informativo","Tiempo de lectura":"2 minutos"},"schema":{"@context":"https:\/\/schema.org","@graph":[{"@type":"Article","@id":"https:\/\/www.nexoinformativo.mx\/index.php\/2025\/05\/15\/kuri-fortalece-transporte-escolar-en-la-sierra-queretana\/#article","isPartOf":{"@id":"https:\/\/www.nexoinformativo.mx\/index.php\/2025\/05\/15\/kuri-fortalece-transporte-escolar-en-la-sierra-queretana\/"},"author":{"name":"Nexo Informativo","@id":"https:\/\/www.nexoinformativo.mx\/#\/schema\/person\/7749d380ba08c8ca00d7bc76fd907b7d"},"headline":"Kuri fortalece transporte escolar en la Sierra Quer\u00e9tana","datePublished":"2025-05-15T23:00:05+00:00","dateModified":"2025-05-16T05:08:55+00:00","mainEntityOfPage":{"@id":"https:\/\/www.nexoinformativo.mx\/index.php\/2025\/05\/15\/kuri-fortalece-transporte-escolar-en-la-sierra-queretana\/"},"wordCount":336,"commentCount":0,"publisher":{"@id":"https:\/\/www.nexoinformativo.mx\/#organization"},"image":{"@id":"https:\/\/www.nexoinformativo.mx\/index.php\/2025\/05\/15\/kuri-fortalece-transporte-escolar-en-la-sierra-queretana\/#primaryimage"},"thumbnailUrl":"https:\/\/www.nexoinformativo.mx\/wp-content\/uploads\/2025\/05\/PHOTO-2025-05-15-08-59-33-e1747372054324.jpg","keywords":["Aqu\u00edContigo","KuriS\u00edCumple","SierraGordaEducaci\u00f3n","TransporteEscolarQro"],"articleSection":["Municipios","\u00daltima Hora"],"inLanguage":"es","potentialAction":[{"@type":"CommentAction","name":"Comment","target":["https:\/\/www.nexoinformativo.mx\/index.php\/2025\/05\/15\/kuri-fortalece-transporte-escolar-en-la-sierra-queretana\/#respond"]}]},{"@type":"WebPage","@id":"https:\/\/www.nexoinformativo.mx\/index.php\/2025\/05\/15\/kuri-fortalece-transporte-escolar-en-la-sierra-queretana\/","url":"https:\/\/www.nexoinformativo.mx\/index.php\/2025\/05\/15\/kuri-fortalece-transporte-escolar-en-la-sierra-queretana\/","name":"Kuri fortalece transporte escolar en la Sierra Quer\u00e9tana | Nexo Informativo Santiago de Quer\u00e9taro","isPartOf":{"@id":"https:\/\/www.nexoinformativo.mx\/#website"},"primaryImageOfPage":{"@id":"https:\/\/www.nexoinformativo.mx\/index.php\/2025\/05\/15\/kuri-fortalece-transporte-escolar-en-la-sierra-queretana\/#primaryimage"},"image":{"@id":"https:\/\/www.nexoinformativo.mx\/index.php\/2025\/05\/15\/kuri-fortalece-transporte-escolar-en-la-sierra-queretana\/#primaryimage"},"thumbnailUrl":"https:\/\/www.nexoinformativo.mx\/wp-content\/uploads\/2025\/05\/PHOTO-2025-05-15-08-59-33-e1747372054324.jpg","datePublished":"2025-05-15T23:00:05+00:00","dateModified":"2025-05-16T05:08:55+00:00","description":"Kuri fortalece transporte escolar en la Sierra Quer\u00e9tana","breadcrumb":{"@id":"https:\/\/www.nexoinformativo.mx\/index.php\/2025\/05\/15\/kuri-fortalece-transporte-escolar-en-la-sierra-queretana\/#breadcrumb"},"inLanguage":"es","potentialAction":[{"@type":"ReadAction","target":["https:\/\/www.nexoinformativo.mx\/index.php\/2025\/05\/15\/kuri-fortalece-transporte-escolar-en-la-sierra-queretana\/"]}]},{"@type":"ImageObject","inLanguage":"es","@id":"https:\/\/www.nexoinformativo.mx\/index.php\/2025\/05\/15\/kuri-fortalece-transporte-escolar-en-la-sierra-queretana\/#primaryimage","url":"https:\/\/www.nexoinformativo.mx\/wp-content\/uploads\/2025\/05\/PHOTO-2025-05-15-08-59-33-e1747372054324.jpg","contentUrl":"https:\/\/www.nexoinformativo.mx\/wp-content\/uploads\/2025\/05\/PHOTO-2025-05-15-08-59-33-e1747372054324.jpg","width":800,"height":534},{"@type":"BreadcrumbList","@id":"https:\/\/www.nexoinformativo.mx\/index.php\/2025\/05\/15\/kuri-fortalece-transporte-escolar-en-la-sierra-queretana\/#breadcrumb","itemListElement":[{"@type":"ListItem","position":1,"name":"Inicio","item":"https:\/\/www.nexoinformativo.mx\/"},{"@type":"ListItem","position":2,"name":"Kuri fortalece transporte escolar en la Sierra Quer\u00e9tana"}]},{"@type":"WebSite","@id":"https:\/\/www.nexoinformativo.mx\/#website","url":"https:\/\/www.nexoinformativo.mx\/","name":"Nexo Informativo Santiago de Quer\u00e9taro","description":"Explora NexoInformativo y convi\u00e9rtete en parte de una comunidad que valora el conocimiento y la verdad. Tu nexoinformativo es tu puente hacia una comprensi\u00f3n m\u00e1s profunda del mundo que te rodea.","publisher":{"@id":"https:\/\/www.nexoinformativo.mx\/#organization"},"potentialAction":[{"@type":"SearchAction","target":{"@type":"EntryPoint","urlTemplate":"https:\/\/www.nexoinformativo.mx\/?s={search_term_string}"},"query-input":{"@type":"PropertyValueSpecification","valueRequired":true,"valueName":"search_term_string"}}],"inLanguage":"es"},{"@type":"Organization","@id":"https:\/\/www.nexoinformativo.mx\/#organization","name":"Nexo Informativo Santiago de Quer\u00e9taro","url":"https:\/\/www.nexoinformativo.mx\/","logo":{"@type":"ImageObject","inLanguage":"es","@id":"https:\/\/www.nexoinformativo.mx\/#\/schema\/logo\/image\/","url":"https:\/\/www.nexoinformativo.mx\/wp-content\/uploads\/2024\/07\/nexoi-trasparente-2.png","contentUrl":"https:\/\/www.nexoinformativo.mx\/wp-content\/uploads\/2024\/07\/nexoi-trasparente-2.png","width":816,"height":339,"caption":"Nexo Informativo Santiago de Quer\u00e9taro"},"image":{"@id":"https:\/\/www.nexoinformativo.mx\/#\/schema\/logo\/image\/"},"sameAs":["https:\/\/www.facebook.com\/people\/Nexo-Informativo\/61564066885511\/"]},{"@type":"Person","@id":"https:\/\/www.nexoinformativo.mx\/#\/schema\/person\/7749d380ba08c8ca00d7bc76fd907b7d","name":"Nexo Informativo","image":{"@type":"ImageObject","inLanguage":"es","@id":"https:\/\/www.nexoinformativo.mx\/#\/schema\/person\/image\/","url":"https:\/\/secure.gravatar.com\/avatar\/dde2928154642a13d95f87ddf1ea9718fe2b46760a005c53e41ff5ad610704e6?s=96&d=mm&r=g","contentUrl":"https:\/\/secure.gravatar.com\/avatar\/dde2928154642a13d95f87ddf1ea9718fe2b46760a005c53e41ff5ad610704e6?s=96&d=mm&r=g","caption":"Nexo Informativo"},"url":"https:\/\/www.nexoinformativo.mx\/index.php\/author\/edicion\/"}]}},"_links":{"self":[{"href":"https:\/\/www.nexoinformativo.mx\/index.php\/wp-json\/wp\/v2\/posts\/15002","targetHints":{"allow":["GET"]}}],"collection":[{"href":"https:\/\/www.nexoinformativo.mx\/index.php\/wp-json\/wp\/v2\/posts"}],"about":[{"href":"https:\/\/www.nexoinformativo.mx\/index.php\/wp-json\/wp\/v2\/types\/post"}],"author":[{"embeddable":true,"href":"https:\/\/www.nexoinformativo.mx\/index.php\/wp-json\/wp\/v2\/users\/3"}],"replies":[{"embeddable":true,"href":"https:\/\/www.nexoinformativo.mx\/index.php\/wp-json\/wp\/v2\/comments?post=15002"}],"version-history":[{"count":3,"href":"https:\/\/www.nexoinformativo.mx\/index.php\/wp-json\/wp\/v2\/posts\/15002\/revisions"}],"predecessor-version":[{"id":15006,"href":"https:\/\/www.nexoinformativo.mx\/index.php\/wp-json\/wp\/v2\/posts\/15002\/revisions\/15006"}],"wp:featuredmedia":[{"embeddable":true,"href":"https:\/\/www.nexoinformativo.mx\/index.php\/wp-json\/wp\/v2\/media\/15003"}],"wp:attachment":[{"href":"https:\/\/www.nexoinformativo.mx\/index.php\/wp-json\/wp\/v2\/media?parent=15002"}],"wp:term":[{"taxonomy":"category","embeddable":true,"href":"https:\/\/www.nexoinformativo.mx\/index.php\/wp-json\/wp\/v2\/categories?post=15002"},{"taxonomy":"post_tag","embeddable":true,"href":"https:\/\/www.nexoinformativo.mx\/index.php\/wp-json\/wp\/v2\/tags?post=15002"}],"curies":[{"name":"wp","href":"https:\/\/api.w.org\/{rel}","templated":true}]}}