{"id":15007,"date":"2025-05-15T18:00:25","date_gmt":"2025-05-16T00:00:25","guid":{"rendered":"https:\/\/www.nexoinformativo.mx\/?p=15007"},"modified":"2025-05-15T23:18:07","modified_gmt":"2025-05-16T05:18:07","slug":"vivan-sus-suenos-chepe-guerrero-motiva-a-bachilleres-de-la-uaq-en-jornada-de-orientacion","status":"publish","type":"post","link":"https:\/\/www.nexoinformativo.mx\/index.php\/2025\/05\/15\/vivan-sus-suenos-chepe-guerrero-motiva-a-bachilleres-de-la-uaq-en-jornada-de-orientacion\/","title":{"rendered":"Vivan sus sue\u00f1os Chepe Guerrero motiva a Bachilleres de la UAQ en jornada de orientaci\u00f3n"},"content":{"rendered":"<p style=\"text-align: justify;\" data-sourcepos=\"3:1-3:383\">El presidente municipal de Corregidora, Chepe Guerrero, particip\u00f3 activamente en el <strong>&#8220;Orientat\u00f3n Bachilleres Sur 2025&#8221;<\/strong>, compartiendo valiosas experiencias estudiantiles y profesionales con las y los alumnos de la Escuela de Bachilleres Plantel Sur de la Universidad Aut\u00f3noma de Quer\u00e9taro (UAQ).<\/p>\n<\/p>\n<p>&nbsp;<\/p>\n<p style=\"text-align: justify;\" data-sourcepos=\"5:1-5:320\">Con un mensaje motivador, Chepe Guerrero invit\u00f3 a la comunidad estudiantil a esforzarse y trabajar con dedicaci\u00f3n para alcanzar sus metas.<\/p>\n<\/p>\n<p>&nbsp;<\/p>\n<p style=\"text-align: justify;\" data-sourcepos=\"5:1-5:320\">Les exhort\u00f3 a involucrarse en actividades relacionadas con la profesi\u00f3n que les apasiona, destacando que el desarrollo de Quer\u00e9taro demanda profesionistas cada vez mejor preparados.<\/p>\n<\/p>\n<p>&nbsp;<\/p>\n<p style=\"text-align: justify;\" data-sourcepos=\"7:1-7:359\">&#8220;Estoy seguro que aqu\u00ed tenemos a la pr\u00f3xima o pr\u00f3ximo presidente municipal de Corregidora o gobernador de Quer\u00e9taro, me dar\u00e1 mucho gusto entregarles una responsabilidad que tenga a alg\u00fan otro egresado de la Prepa Sur. Nunca les pongan un techo a sus sue\u00f1os, sue\u00f1en, pero no se pasen la vida so\u00f1ando, mejor vivan sus sue\u00f1os&#8221;, expres\u00f3 con entusiasmo el alcalde.<\/p>\n<\/p>\n<p>&nbsp;<\/p>\n<p style=\"text-align: justify;\" data-sourcepos=\"9:1-9:276\">Posteriormente, Chepe Guerrero recorri\u00f3 las instalaciones del plantel, donde tuvo la oportunidad de conversar con estudiantes y personal docente, a quienes felicit\u00f3 calurosamente en el marco del D\u00eda del Maestro, reconociendo su importante labor en la formaci\u00f3n de los j\u00f3venes.<\/p>\n<\/p>\n<p>&nbsp;<\/p>\n<p style=\"text-align: justify;\" data-sourcepos=\"11:1-11:404\">A trav\u00e9s de pl\u00e1ticas inspiradoras, testimonios de profesionales de diversas disciplinas y mesas de di\u00e1logo, los j\u00f3venes tienen la oportunidad de aclarar sus inquietudes y tomar decisiones informadas sobre su futuro acad\u00e9mico y profesional.<\/p>\n<\/p>\n<p>&nbsp;<\/p>\n<p style=\"text-align: center;\" data-sourcepos=\"11:1-11:404\"><em><strong>\u00a1Informaci\u00f3n que transforma!<\/strong><\/em><\/p>\n","protected":false},"excerpt":{"rendered":"<p>El presidente municipal de Corregidora, Chepe Guerrero, particip\u00f3 activamente en el &#8220;Orientat\u00f3n Bachilleres Sur 2025&#8221;, compartiendo valiosas experiencias estudiantiles y profesionales con las y los alumnos de la Escuela de Bachilleres Plantel Sur de la Universidad Aut\u00f3noma de Quer\u00e9taro (UAQ).<\/p>\n","protected":false},"author":3,"featured_media":15008,"comment_status":"open","ping_status":"open","sticky":false,"template":"","format":"standard","meta":{"footnotes":""},"categories":[65,58],"tags":[237,4480,4478,4479],"class_list":["post-15007","post","type-post","status-publish","format-standard","has-post-thumbnail","hentry","category-municipios","category-ultima-hora","tag-chepeguerrero","tag-inspiracionjoven","tag-orientaton2025","tag-prepasuruaq"],"yoast_head":"<!-- This site is optimized with the Yoast SEO plugin v25.0 - https:\/\/yoast.com\/wordpress\/plugins\/seo\/ -->\n<title>Vivan sus sue\u00f1os Chepe Guerrero motiva a Bachilleres de la UAQ en jornada de orientaci\u00f3n | Nexo Informativo Santiago de Quer\u00e9taro<\/title>\n<meta name=\"description\" content=\"Vivan sus sue\u00f1os Chepe Guerrero motiva a Bachilleres de la UAQ en jornada de orientaci\u00f3n\" \/>\n<meta name=\"robots\" content=\"index, follow, max-snippet:-1, max-image-preview:large, max-video-preview:-1\" \/>\n<link rel=\"canonical\" href=\"https:\/\/www.nexoinformativo.mx\/index.php\/2025\/05\/15\/vivan-sus-suenos-chepe-guerrero-motiva-a-bachilleres-de-la-uaq-en-jornada-de-orientacion\/\" \/>\n<meta property=\"og:locale\" content=\"es_MX\" \/>\n<meta property=\"og:type\" content=\"article\" \/>\n<meta property=\"og:title\" content=\"Vivan sus sue\u00f1os Chepe Guerrero motiva a Bachilleres de la UAQ en jornada de orientaci\u00f3n | Nexo Informativo Santiago de Quer\u00e9taro\" \/>\n<meta property=\"og:description\" content=\"Vivan sus sue\u00f1os Chepe Guerrero motiva a Bachilleres de la UAQ en jornada de orientaci\u00f3n\" \/>\n<meta property=\"og:url\" content=\"https:\/\/www.nexoinformativo.mx\/index.php\/2025\/05\/15\/vivan-sus-suenos-chepe-guerrero-motiva-a-bachilleres-de-la-uaq-en-jornada-de-orientacion\/\" \/>\n<meta property=\"og:site_name\" content=\"Nexo Informativo Santiago de Quer\u00e9taro\" \/>\n<meta property=\"article:publisher\" content=\"https:\/\/www.facebook.com\/people\/Nexo-Informativo\/61564066885511\/\" \/>\n<meta property=\"article:published_time\" content=\"2025-05-16T00:00:25+00:00\" \/>\n<meta property=\"article:modified_time\" content=\"2025-05-16T05:18:07+00:00\" \/>\n<meta property=\"og:image\" content=\"https:\/\/www.nexoinformativo.mx\/wp-content\/uploads\/2025\/05\/PHOTO-2025-05-15-21-28-33-e1747372445223.jpg\" \/>\n\t<meta property=\"og:image:width\" content=\"800\" \/>\n\t<meta property=\"og:image:height\" content=\"533\" \/>\n\t<meta property=\"og:image:type\" content=\"image\/jpeg\" \/>\n<meta name=\"author\" content=\"Nexo Informativo\" \/>\n<meta name=\"twitter:card\" content=\"summary_large_image\" \/>\n<meta name=\"twitter:label1\" content=\"Escrito por\" \/>\n\t<meta name=\"twitter:data1\" content=\"Nexo Informativo\" \/>\n\t<meta name=\"twitter:label2\" content=\"Tiempo de lectura\" \/>\n\t<meta name=\"twitter:data2\" content=\"2 minutos\" \/>\n<script type=\"application\/ld+json\" class=\"yoast-schema-graph\">{\"@context\":\"https:\/\/schema.org\",\"@graph\":[{\"@type\":\"Article\",\"@id\":\"https:\/\/www.nexoinformativo.mx\/index.php\/2025\/05\/15\/vivan-sus-suenos-chepe-guerrero-motiva-a-bachilleres-de-la-uaq-en-jornada-de-orientacion\/#article\",\"isPartOf\":{\"@id\":\"https:\/\/www.nexoinformativo.mx\/index.php\/2025\/05\/15\/vivan-sus-suenos-chepe-guerrero-motiva-a-bachilleres-de-la-uaq-en-jornada-de-orientacion\/\"},\"author\":{\"name\":\"Nexo Informativo\",\"@id\":\"https:\/\/www.nexoinformativo.mx\/#\/schema\/person\/7749d380ba08c8ca00d7bc76fd907b7d\"},\"headline\":\"Vivan sus sue\u00f1os Chepe Guerrero motiva a Bachilleres de la UAQ en jornada de orientaci\u00f3n\",\"datePublished\":\"2025-05-16T00:00:25+00:00\",\"dateModified\":\"2025-05-16T05:18:07+00:00\",\"mainEntityOfPage\":{\"@id\":\"https:\/\/www.nexoinformativo.mx\/index.php\/2025\/05\/15\/vivan-sus-suenos-chepe-guerrero-motiva-a-bachilleres-de-la-uaq-en-jornada-de-orientacion\/\"},\"wordCount\":268,\"commentCount\":0,\"publisher\":{\"@id\":\"https:\/\/www.nexoinformativo.mx\/#organization\"},\"image\":{\"@id\":\"https:\/\/www.nexoinformativo.mx\/index.php\/2025\/05\/15\/vivan-sus-suenos-chepe-guerrero-motiva-a-bachilleres-de-la-uaq-en-jornada-de-orientacion\/#primaryimage\"},\"thumbnailUrl\":\"https:\/\/www.nexoinformativo.mx\/wp-content\/uploads\/2025\/05\/PHOTO-2025-05-15-21-28-33-e1747372445223.jpg\",\"keywords\":[\"ChepeGuerrero\",\"Inspiraci\u00f3nJoven\",\"Orientat\u00f3n2025\",\"PrepaSurUAQ\"],\"articleSection\":[\"Municipios\",\"\u00daltima Hora\"],\"inLanguage\":\"es\",\"potentialAction\":[{\"@type\":\"CommentAction\",\"name\":\"Comment\",\"target\":[\"https:\/\/www.nexoinformativo.mx\/index.php\/2025\/05\/15\/vivan-sus-suenos-chepe-guerrero-motiva-a-bachilleres-de-la-uaq-en-jornada-de-orientacion\/#respond\"]}]},{\"@type\":\"WebPage\",\"@id\":\"https:\/\/www.nexoinformativo.mx\/index.php\/2025\/05\/15\/vivan-sus-suenos-chepe-guerrero-motiva-a-bachilleres-de-la-uaq-en-jornada-de-orientacion\/\",\"url\":\"https:\/\/www.nexoinformativo.mx\/index.php\/2025\/05\/15\/vivan-sus-suenos-chepe-guerrero-motiva-a-bachilleres-de-la-uaq-en-jornada-de-orientacion\/\",\"name\":\"Vivan sus sue\u00f1os Chepe Guerrero motiva a Bachilleres de la UAQ en jornada de orientaci\u00f3n | Nexo Informativo Santiago de Quer\u00e9taro\",\"isPartOf\":{\"@id\":\"https:\/\/www.nexoinformativo.mx\/#website\"},\"primaryImageOfPage\":{\"@id\":\"https:\/\/www.nexoinformativo.mx\/index.php\/2025\/05\/15\/vivan-sus-suenos-chepe-guerrero-motiva-a-bachilleres-de-la-uaq-en-jornada-de-orientacion\/#primaryimage\"},\"image\":{\"@id\":\"https:\/\/www.nexoinformativo.mx\/index.php\/2025\/05\/15\/vivan-sus-suenos-chepe-guerrero-motiva-a-bachilleres-de-la-uaq-en-jornada-de-orientacion\/#primaryimage\"},\"thumbnailUrl\":\"https:\/\/www.nexoinformativo.mx\/wp-content\/uploads\/2025\/05\/PHOTO-2025-05-15-21-28-33-e1747372445223.jpg\",\"datePublished\":\"2025-05-16T00:00:25+00:00\",\"dateModified\":\"2025-05-16T05:18:07+00:00\",\"description\":\"Vivan sus sue\u00f1os Chepe Guerrero motiva a Bachilleres de la UAQ en jornada de orientaci\u00f3n\",\"breadcrumb\":{\"@id\":\"https:\/\/www.nexoinformativo.mx\/index.php\/2025\/05\/15\/vivan-sus-suenos-chepe-guerrero-motiva-a-bachilleres-de-la-uaq-en-jornada-de-orientacion\/#breadcrumb\"},\"inLanguage\":\"es\",\"potentialAction\":[{\"@type\":\"ReadAction\",\"target\":[\"https:\/\/www.nexoinformativo.mx\/index.php\/2025\/05\/15\/vivan-sus-suenos-chepe-guerrero-motiva-a-bachilleres-de-la-uaq-en-jornada-de-orientacion\/\"]}]},{\"@type\":\"ImageObject\",\"inLanguage\":\"es\",\"@id\":\"https:\/\/www.nexoinformativo.mx\/index.php\/2025\/05\/15\/vivan-sus-suenos-chepe-guerrero-motiva-a-bachilleres-de-la-uaq-en-jornada-de-orientacion\/#primaryimage\",\"url\":\"https:\/\/www.nexoinformativo.mx\/wp-content\/uploads\/2025\/05\/PHOTO-2025-05-15-21-28-33-e1747372445223.jpg\",\"contentUrl\":\"https:\/\/www.nexoinformativo.mx\/wp-content\/uploads\/2025\/05\/PHOTO-2025-05-15-21-28-33-e1747372445223.jpg\",\"width\":800,\"height\":533},{\"@type\":\"BreadcrumbList\",\"@id\":\"https:\/\/www.nexoinformativo.mx\/index.php\/2025\/05\/15\/vivan-sus-suenos-chepe-guerrero-motiva-a-bachilleres-de-la-uaq-en-jornada-de-orientacion\/#breadcrumb\",\"itemListElement\":[{\"@type\":\"ListItem\",\"position\":1,\"name\":\"Inicio\",\"item\":\"https:\/\/www.nexoinformativo.mx\/\"},{\"@type\":\"ListItem\",\"position\":2,\"name\":\"Vivan sus sue\u00f1os Chepe Guerrero motiva a Bachilleres de la UAQ en jornada de orientaci\u00f3n\"}]},{\"@type\":\"WebSite\",\"@id\":\"https:\/\/www.nexoinformativo.mx\/#website\",\"url\":\"https:\/\/www.nexoinformativo.mx\/\",\"name\":\"Nexo Informativo Santiago de Quer\u00e9taro\",\"description\":\"Explora NexoInformativo y convi\u00e9rtete en parte de una comunidad que valora el conocimiento y la verdad. Tu nexoinformativo es tu puente hacia una comprensi\u00f3n m\u00e1s profunda del mundo que te rodea.\",\"publisher\":{\"@id\":\"https:\/\/www.nexoinformativo.mx\/#organization\"},\"potentialAction\":[{\"@type\":\"SearchAction\",\"target\":{\"@type\":\"EntryPoint\",\"urlTemplate\":\"https:\/\/www.nexoinformativo.mx\/?s={search_term_string}\"},\"query-input\":{\"@type\":\"PropertyValueSpecification\",\"valueRequired\":true,\"valueName\":\"search_term_string\"}}],\"inLanguage\":\"es\"},{\"@type\":\"Organization\",\"@id\":\"https:\/\/www.nexoinformativo.mx\/#organization\",\"name\":\"Nexo Informativo Santiago de Quer\u00e9taro\",\"url\":\"https:\/\/www.nexoinformativo.mx\/\",\"logo\":{\"@type\":\"ImageObject\",\"inLanguage\":\"es\",\"@id\":\"https:\/\/www.nexoinformativo.mx\/#\/schema\/logo\/image\/\",\"url\":\"https:\/\/www.nexoinformativo.mx\/wp-content\/uploads\/2024\/07\/nexoi-trasparente-2.png\",\"contentUrl\":\"https:\/\/www.nexoinformativo.mx\/wp-content\/uploads\/2024\/07\/nexoi-trasparente-2.png\",\"width\":816,\"height\":339,\"caption\":\"Nexo Informativo Santiago de Quer\u00e9taro\"},\"image\":{\"@id\":\"https:\/\/www.nexoinformativo.mx\/#\/schema\/logo\/image\/\"},\"sameAs\":[\"https:\/\/www.facebook.com\/people\/Nexo-Informativo\/61564066885511\/\"]},{\"@type\":\"Person\",\"@id\":\"https:\/\/www.nexoinformativo.mx\/#\/schema\/person\/7749d380ba08c8ca00d7bc76fd907b7d\",\"name\":\"Nexo Informativo\",\"image\":{\"@type\":\"ImageObject\",\"inLanguage\":\"es\",\"@id\":\"https:\/\/www.nexoinformativo.mx\/#\/schema\/person\/image\/\",\"url\":\"https:\/\/secure.gravatar.com\/avatar\/dde2928154642a13d95f87ddf1ea9718fe2b46760a005c53e41ff5ad610704e6?s=96&d=mm&r=g\",\"contentUrl\":\"https:\/\/secure.gravatar.com\/avatar\/dde2928154642a13d95f87ddf1ea9718fe2b46760a005c53e41ff5ad610704e6?s=96&d=mm&r=g\",\"caption\":\"Nexo Informativo\"},\"url\":\"https:\/\/www.nexoinformativo.mx\/index.php\/author\/edicion\/\"}]}<\/script>\n<!-- \/ Yoast SEO plugin. -->","yoast_head_json":{"title":"Vivan sus sue\u00f1os Chepe Guerrero motiva a Bachilleres de la UAQ en jornada de orientaci\u00f3n | Nexo Informativo Santiago de Quer\u00e9taro","description":"Vivan sus sue\u00f1os Chepe Guerrero motiva a Bachilleres de la UAQ en jornada de orientaci\u00f3n","robots":{"index":"index","follow":"follow","max-snippet":"max-snippet:-1","max-image-preview":"max-image-preview:large","max-video-preview":"max-video-preview:-1"},"canonical":"https:\/\/www.nexoinformativo.mx\/index.php\/2025\/05\/15\/vivan-sus-suenos-chepe-guerrero-motiva-a-bachilleres-de-la-uaq-en-jornada-de-orientacion\/","og_locale":"es_MX","og_type":"article","og_title":"Vivan sus sue\u00f1os Chepe Guerrero motiva a Bachilleres de la UAQ en jornada de orientaci\u00f3n | Nexo Informativo Santiago de Quer\u00e9taro","og_description":"Vivan sus sue\u00f1os Chepe Guerrero motiva a Bachilleres de la UAQ en jornada de orientaci\u00f3n","og_url":"https:\/\/www.nexoinformativo.mx\/index.php\/2025\/05\/15\/vivan-sus-suenos-chepe-guerrero-motiva-a-bachilleres-de-la-uaq-en-jornada-de-orientacion\/","og_site_name":"Nexo Informativo Santiago de Quer\u00e9taro","article_publisher":"https:\/\/www.facebook.com\/people\/Nexo-Informativo\/61564066885511\/","article_published_time":"2025-05-16T00:00:25+00:00","article_modified_time":"2025-05-16T05:18:07+00:00","og_image":[{"width":800,"height":533,"url":"https:\/\/www.nexoinformativo.mx\/wp-content\/uploads\/2025\/05\/PHOTO-2025-05-15-21-28-33-e1747372445223.jpg","type":"image\/jpeg"}],"author":"Nexo Informativo","twitter_card":"summary_large_image","twitter_misc":{"Escrito por":"Nexo Informativo","Tiempo de lectura":"2 minutos"},"schema":{"@context":"https:\/\/schema.org","@graph":[{"@type":"Article","@id":"https:\/\/www.nexoinformativo.mx\/index.php\/2025\/05\/15\/vivan-sus-suenos-chepe-guerrero-motiva-a-bachilleres-de-la-uaq-en-jornada-de-orientacion\/#article","isPartOf":{"@id":"https:\/\/www.nexoinformativo.mx\/index.php\/2025\/05\/15\/vivan-sus-suenos-chepe-guerrero-motiva-a-bachilleres-de-la-uaq-en-jornada-de-orientacion\/"},"author":{"name":"Nexo Informativo","@id":"https:\/\/www.nexoinformativo.mx\/#\/schema\/person\/7749d380ba08c8ca00d7bc76fd907b7d"},"headline":"Vivan sus sue\u00f1os Chepe Guerrero motiva a Bachilleres de la UAQ en jornada de orientaci\u00f3n","datePublished":"2025-05-16T00:00:25+00:00","dateModified":"2025-05-16T05:18:07+00:00","mainEntityOfPage":{"@id":"https:\/\/www.nexoinformativo.mx\/index.php\/2025\/05\/15\/vivan-sus-suenos-chepe-guerrero-motiva-a-bachilleres-de-la-uaq-en-jornada-de-orientacion\/"},"wordCount":268,"commentCount":0,"publisher":{"@id":"https:\/\/www.nexoinformativo.mx\/#organization"},"image":{"@id":"https:\/\/www.nexoinformativo.mx\/index.php\/2025\/05\/15\/vivan-sus-suenos-chepe-guerrero-motiva-a-bachilleres-de-la-uaq-en-jornada-de-orientacion\/#primaryimage"},"thumbnailUrl":"https:\/\/www.nexoinformativo.mx\/wp-content\/uploads\/2025\/05\/PHOTO-2025-05-15-21-28-33-e1747372445223.jpg","keywords":["ChepeGuerrero","Inspiraci\u00f3nJoven","Orientat\u00f3n2025","PrepaSurUAQ"],"articleSection":["Municipios","\u00daltima Hora"],"inLanguage":"es","potentialAction":[{"@type":"CommentAction","name":"Comment","target":["https:\/\/www.nexoinformativo.mx\/index.php\/2025\/05\/15\/vivan-sus-suenos-chepe-guerrero-motiva-a-bachilleres-de-la-uaq-en-jornada-de-orientacion\/#respond"]}]},{"@type":"WebPage","@id":"https:\/\/www.nexoinformativo.mx\/index.php\/2025\/05\/15\/vivan-sus-suenos-chepe-guerrero-motiva-a-bachilleres-de-la-uaq-en-jornada-de-orientacion\/","url":"https:\/\/www.nexoinformativo.mx\/index.php\/2025\/05\/15\/vivan-sus-suenos-chepe-guerrero-motiva-a-bachilleres-de-la-uaq-en-jornada-de-orientacion\/","name":"Vivan sus sue\u00f1os Chepe Guerrero motiva a Bachilleres de la UAQ en jornada de orientaci\u00f3n | Nexo Informativo Santiago de Quer\u00e9taro","isPartOf":{"@id":"https:\/\/www.nexoinformativo.mx\/#website"},"primaryImageOfPage":{"@id":"https:\/\/www.nexoinformativo.mx\/index.php\/2025\/05\/15\/vivan-sus-suenos-chepe-guerrero-motiva-a-bachilleres-de-la-uaq-en-jornada-de-orientacion\/#primaryimage"},"image":{"@id":"https:\/\/www.nexoinformativo.mx\/index.php\/2025\/05\/15\/vivan-sus-suenos-chepe-guerrero-motiva-a-bachilleres-de-la-uaq-en-jornada-de-orientacion\/#primaryimage"},"thumbnailUrl":"https:\/\/www.nexoinformativo.mx\/wp-content\/uploads\/2025\/05\/PHOTO-2025-05-15-21-28-33-e1747372445223.jpg","datePublished":"2025-05-16T00:00:25+00:00","dateModified":"2025-05-16T05:18:07+00:00","description":"Vivan sus sue\u00f1os Chepe Guerrero motiva a Bachilleres de la UAQ en jornada de orientaci\u00f3n","breadcrumb":{"@id":"https:\/\/www.nexoinformativo.mx\/index.php\/2025\/05\/15\/vivan-sus-suenos-chepe-guerrero-motiva-a-bachilleres-de-la-uaq-en-jornada-de-orientacion\/#breadcrumb"},"inLanguage":"es","potentialAction":[{"@type":"ReadAction","target":["https:\/\/www.nexoinformativo.mx\/index.php\/2025\/05\/15\/vivan-sus-suenos-chepe-guerrero-motiva-a-bachilleres-de-la-uaq-en-jornada-de-orientacion\/"]}]},{"@type":"ImageObject","inLanguage":"es","@id":"https:\/\/www.nexoinformativo.mx\/index.php\/2025\/05\/15\/vivan-sus-suenos-chepe-guerrero-motiva-a-bachilleres-de-la-uaq-en-jornada-de-orientacion\/#primaryimage","url":"https:\/\/www.nexoinformativo.mx\/wp-content\/uploads\/2025\/05\/PHOTO-2025-05-15-21-28-33-e1747372445223.jpg","contentUrl":"https:\/\/www.nexoinformativo.mx\/wp-content\/uploads\/2025\/05\/PHOTO-2025-05-15-21-28-33-e1747372445223.jpg","width":800,"height":533},{"@type":"BreadcrumbList","@id":"https:\/\/www.nexoinformativo.mx\/index.php\/2025\/05\/15\/vivan-sus-suenos-chepe-guerrero-motiva-a-bachilleres-de-la-uaq-en-jornada-de-orientacion\/#breadcrumb","itemListElement":[{"@type":"ListItem","position":1,"name":"Inicio","item":"https:\/\/www.nexoinformativo.mx\/"},{"@type":"ListItem","position":2,"name":"Vivan sus sue\u00f1os Chepe Guerrero motiva a Bachilleres de la UAQ en jornada de orientaci\u00f3n"}]},{"@type":"WebSite","@id":"https:\/\/www.nexoinformativo.mx\/#website","url":"https:\/\/www.nexoinformativo.mx\/","name":"Nexo Informativo Santiago de Quer\u00e9taro","description":"Explora NexoInformativo y convi\u00e9rtete en parte de una comunidad que valora el conocimiento y la verdad. Tu nexoinformativo es tu puente hacia una comprensi\u00f3n m\u00e1s profunda del mundo que te rodea.","publisher":{"@id":"https:\/\/www.nexoinformativo.mx\/#organization"},"potentialAction":[{"@type":"SearchAction","target":{"@type":"EntryPoint","urlTemplate":"https:\/\/www.nexoinformativo.mx\/?s={search_term_string}"},"query-input":{"@type":"PropertyValueSpecification","valueRequired":true,"valueName":"search_term_string"}}],"inLanguage":"es"},{"@type":"Organization","@id":"https:\/\/www.nexoinformativo.mx\/#organization","name":"Nexo Informativo Santiago de Quer\u00e9taro","url":"https:\/\/www.nexoinformativo.mx\/","logo":{"@type":"ImageObject","inLanguage":"es","@id":"https:\/\/www.nexoinformativo.mx\/#\/schema\/logo\/image\/","url":"https:\/\/www.nexoinformativo.mx\/wp-content\/uploads\/2024\/07\/nexoi-trasparente-2.png","contentUrl":"https:\/\/www.nexoinformativo.mx\/wp-content\/uploads\/2024\/07\/nexoi-trasparente-2.png","width":816,"height":339,"caption":"Nexo Informativo Santiago de Quer\u00e9taro"},"image":{"@id":"https:\/\/www.nexoinformativo.mx\/#\/schema\/logo\/image\/"},"sameAs":["https:\/\/www.facebook.com\/people\/Nexo-Informativo\/61564066885511\/"]},{"@type":"Person","@id":"https:\/\/www.nexoinformativo.mx\/#\/schema\/person\/7749d380ba08c8ca00d7bc76fd907b7d","name":"Nexo Informativo","image":{"@type":"ImageObject","inLanguage":"es","@id":"https:\/\/www.nexoinformativo.mx\/#\/schema\/person\/image\/","url":"https:\/\/secure.gravatar.com\/avatar\/dde2928154642a13d95f87ddf1ea9718fe2b46760a005c53e41ff5ad610704e6?s=96&d=mm&r=g","contentUrl":"https:\/\/secure.gravatar.com\/avatar\/dde2928154642a13d95f87ddf1ea9718fe2b46760a005c53e41ff5ad610704e6?s=96&d=mm&r=g","caption":"Nexo Informativo"},"url":"https:\/\/www.nexoinformativo.mx\/index.php\/author\/edicion\/"}]}},"_links":{"self":[{"href":"https:\/\/www.nexoinformativo.mx\/index.php\/wp-json\/wp\/v2\/posts\/15007","targetHints":{"allow":["GET"]}}],"collection":[{"href":"https:\/\/www.nexoinformativo.mx\/index.php\/wp-json\/wp\/v2\/posts"}],"about":[{"href":"https:\/\/www.nexoinformativo.mx\/index.php\/wp-json\/wp\/v2\/types\/post"}],"author":[{"embeddable":true,"href":"https:\/\/www.nexoinformativo.mx\/index.php\/wp-json\/wp\/v2\/users\/3"}],"replies":[{"embeddable":true,"href":"https:\/\/www.nexoinformativo.mx\/index.php\/wp-json\/wp\/v2\/comments?post=15007"}],"version-history":[{"count":3,"href":"https:\/\/www.nexoinformativo.mx\/index.php\/wp-json\/wp\/v2\/posts\/15007\/revisions"}],"predecessor-version":[{"id":15011,"href":"https:\/\/www.nexoinformativo.mx\/index.php\/wp-json\/wp\/v2\/posts\/15007\/revisions\/15011"}],"wp:featuredmedia":[{"embeddable":true,"href":"https:\/\/www.nexoinformativo.mx\/index.php\/wp-json\/wp\/v2\/media\/15008"}],"wp:attachment":[{"href":"https:\/\/www.nexoinformativo.mx\/index.php\/wp-json\/wp\/v2\/media?parent=15007"}],"wp:term":[{"taxonomy":"category","embeddable":true,"href":"https:\/\/www.nexoinformativo.mx\/index.php\/wp-json\/wp\/v2\/categories?post=15007"},{"taxonomy":"post_tag","embeddable":true,"href":"https:\/\/www.nexoinformativo.mx\/index.php\/wp-json\/wp\/v2\/tags?post=15007"}],"curies":[{"name":"wp","href":"https:\/\/api.w.org\/{rel}","templated":true}]}}