{"id":15012,"date":"2025-05-15T19:00:25","date_gmt":"2025-05-16T01:00:25","guid":{"rendered":"https:\/\/www.nexoinformativo.mx\/?p=15012"},"modified":"2025-05-15T23:25:00","modified_gmt":"2025-05-16T05:25:00","slug":"queretaro-suma-vuelo-directo-a-los-angeles-y-negocia-ruta-a-panama","status":"publish","type":"post","link":"https:\/\/www.nexoinformativo.mx\/index.php\/2025\/05\/15\/queretaro-suma-vuelo-directo-a-los-angeles-y-negocia-ruta-a-panama\/","title":{"rendered":"Quer\u00e9taro suma vuelo directo a Los \u00c1ngeles y negocia ruta a Panam\u00e1"},"content":{"rendered":"<p style=\"text-align: justify;\" data-sourcepos=\"3:1-3:365\">El secretario de Desarrollo Sustentable del Estado, Marco Del Prete, anunci\u00f3 la confirmaci\u00f3n del vuelo directo entre Quer\u00e9taro y Los \u00c1ngeles, California. La esperada ruta, operada por la aerol\u00ednea Volaris, iniciar\u00e1 operaciones en julio desde el Aeropuerto Intercontinental de Quer\u00e9taro (AIQ).<\/p>\n<p>&nbsp;<\/p>\n<p style=\"text-align: justify;\" data-sourcepos=\"5:1-5:243\">&#8220;El vuelo a Los \u00c1ngeles es un hecho. Inicia en julio con Volaris y representa una gran oportunidad para conectar a Quer\u00e9taro con una de las ciudades con mayor poblaci\u00f3n mexicana en Estados Unidos&#8221;, se\u00f1al\u00f3 con entusiasmo el funcionario estatal.<\/p>\n<p>&nbsp;<\/p>\n<p style=\"text-align: justify;\" data-sourcepos=\"7:1-7:409\">Adem\u00e1s de esta importante conexi\u00f3n con la costa oeste estadounidense, Del Prete inform\u00f3 que el gobierno estatal se encuentra en negociaciones avanzadas con Copa Airlines para establecer una ruta entre Quer\u00e9taro y Panam\u00e1.<\/p>\n<p>&nbsp;<\/p>\n<p style=\"text-align: justify;\" data-sourcepos=\"7:1-7:409\">Este nuevo vuelo estrat\u00e9gico permitir\u00eda a los pasajeros del centro del pa\u00eds acceder a una amplia red de conexiones hacia Sudam\u00e9rica a trav\u00e9s del reconocido &#8220;Hub de las Am\u00e9ricas&#8221; en Panam\u00e1.<\/p>\n<p>&nbsp;<\/p>\n<p style=\"text-align: justify;\" data-sourcepos=\"9:1-9:302\">&#8220;Estamos trabajando con Copa Airlines para lograr esta conexi\u00f3n estrat\u00e9gica. El objetivo es que Quer\u00e9taro tenga una puerta directa al Cono Sur, sin necesidad de pasar por Miami. Panam\u00e1 es clave por su conectividad con Centro y Sudam\u00e9rica&#8221;, explic\u00f3 Del Prete, resaltando el potencial de esta nueva ruta.<\/p>\n<p>&nbsp;<\/p>\n<p style=\"text-align: justify;\" data-sourcepos=\"13:1-13:393\">El secretario Del Prete subray\u00f3 que la atracci\u00f3n de estas nuevas rutas a\u00e9reas se basa en un modelo de gesti\u00f3n riguroso, fundamentado en estudios t\u00e9cnicos y de mercado detallados, tal como ocurri\u00f3 con el reciente anuncio del vuelo directo a Madrid.<\/p>\n<p>&nbsp;<\/p>\n<p style=\"text-align: justify;\" data-sourcepos=\"15:1-15:272\">&#8220;El caso de Madrid fue un gran ejemplo. Reconozco el trabajo de la secretaria de Turismo, Adriana Vega, por su eficiencia en la negociaci\u00f3n. Presentamos un caso de negocio claro, con indicadores s\u00f3lidos, y la aerol\u00ednea decidi\u00f3 apostar por Quer\u00e9taro&#8221;, a\u00f1adi\u00f3 el secretario.<\/p>\n<p>&nbsp;<\/p>\n<p style=\"text-align: justify;\" data-sourcepos=\"17:1-17:264\">Del Prete puntualiz\u00f3 que todos estos esfuerzos forman parte de una estrategia integral para consolidar al AIQ como un nodo de conectividad internacional clave y fortalecer el desarrollo econ\u00f3mico del estado mediante la atracci\u00f3n de inversiones, turismo y comercio.<\/p>\n<p>&nbsp;<\/p>\n<p style=\"text-align: center;\" data-sourcepos=\"17:1-17:264\"><em><strong>\u00a1Informaci\u00f3n que transforma!<\/strong><\/em><\/p>\n","protected":false},"excerpt":{"rendered":"<p>El secretario de Desarrollo Sustentable del Estado, Marco Del Prete, anunci\u00f3 la confirmaci\u00f3n del vuelo directo entre Quer\u00e9taro y Los \u00c1ngeles, California. La esperada ruta, operada por la aerol\u00ednea Volaris, iniciar\u00e1 operaciones en julio desde el Aeropuerto Intercontinental de Quer\u00e9taro (AIQ).<\/p>\n","protected":false},"author":3,"featured_media":15013,"comment_status":"open","ping_status":"open","sticky":false,"template":"","format":"standard","meta":{"footnotes":""},"categories":[5,42,58],"tags":[4482,4483,3639,4481],"class_list":["post-15012","post","type-post","status-publish","format-standard","has-post-thumbnail","hentry","category-economia","category-estado","category-ultima-hora","tag-aiqconecta","tag-queretarovuela","tag-turismoqro","tag-vueloqrola"],"yoast_head":"<!-- This site is optimized with the Yoast SEO plugin v25.0 - https:\/\/yoast.com\/wordpress\/plugins\/seo\/ -->\n<title>Quer\u00e9taro suma vuelo directo a Los \u00c1ngeles y negocia ruta a Panam\u00e1 | Nexo Informativo Santiago de Quer\u00e9taro<\/title>\n<meta name=\"description\" content=\"Quer\u00e9taro suma vuelo directo a Los \u00c1ngeles y negocia ruta a Panam\u00e1\" \/>\n<meta name=\"robots\" content=\"index, follow, max-snippet:-1, max-image-preview:large, max-video-preview:-1\" \/>\n<link rel=\"canonical\" href=\"https:\/\/www.nexoinformativo.mx\/index.php\/2025\/05\/15\/queretaro-suma-vuelo-directo-a-los-angeles-y-negocia-ruta-a-panama\/\" \/>\n<meta property=\"og:locale\" content=\"es_MX\" \/>\n<meta property=\"og:type\" content=\"article\" \/>\n<meta property=\"og:title\" content=\"Quer\u00e9taro suma vuelo directo a Los \u00c1ngeles y negocia ruta a Panam\u00e1 | Nexo Informativo Santiago de Quer\u00e9taro\" \/>\n<meta property=\"og:description\" content=\"Quer\u00e9taro suma vuelo directo a Los \u00c1ngeles y negocia ruta a Panam\u00e1\" \/>\n<meta property=\"og:url\" content=\"https:\/\/www.nexoinformativo.mx\/index.php\/2025\/05\/15\/queretaro-suma-vuelo-directo-a-los-angeles-y-negocia-ruta-a-panama\/\" \/>\n<meta property=\"og:site_name\" content=\"Nexo Informativo Santiago de Quer\u00e9taro\" \/>\n<meta property=\"article:publisher\" content=\"https:\/\/www.facebook.com\/people\/Nexo-Informativo\/61564066885511\/\" \/>\n<meta property=\"article:published_time\" content=\"2025-05-16T01:00:25+00:00\" \/>\n<meta property=\"article:modified_time\" content=\"2025-05-16T05:25:00+00:00\" \/>\n<meta property=\"og:image\" content=\"https:\/\/www.nexoinformativo.mx\/wp-content\/uploads\/2025\/05\/PHOTO-2025-05-15-21-29-51-e1747372993902.jpg\" \/>\n\t<meta property=\"og:image:width\" content=\"800\" \/>\n\t<meta property=\"og:image:height\" content=\"450\" \/>\n\t<meta property=\"og:image:type\" content=\"image\/jpeg\" \/>\n<meta name=\"author\" content=\"Nexo Informativo\" \/>\n<meta name=\"twitter:card\" content=\"summary_large_image\" \/>\n<meta name=\"twitter:label1\" content=\"Escrito por\" \/>\n\t<meta name=\"twitter:data1\" content=\"Nexo Informativo\" \/>\n\t<meta name=\"twitter:label2\" content=\"Tiempo de lectura\" \/>\n\t<meta name=\"twitter:data2\" content=\"2 minutos\" \/>\n<script type=\"application\/ld+json\" class=\"yoast-schema-graph\">{\"@context\":\"https:\/\/schema.org\",\"@graph\":[{\"@type\":\"Article\",\"@id\":\"https:\/\/www.nexoinformativo.mx\/index.php\/2025\/05\/15\/queretaro-suma-vuelo-directo-a-los-angeles-y-negocia-ruta-a-panama\/#article\",\"isPartOf\":{\"@id\":\"https:\/\/www.nexoinformativo.mx\/index.php\/2025\/05\/15\/queretaro-suma-vuelo-directo-a-los-angeles-y-negocia-ruta-a-panama\/\"},\"author\":{\"name\":\"Nexo Informativo\",\"@id\":\"https:\/\/www.nexoinformativo.mx\/#\/schema\/person\/7749d380ba08c8ca00d7bc76fd907b7d\"},\"headline\":\"Quer\u00e9taro suma vuelo directo a Los \u00c1ngeles y negocia ruta a Panam\u00e1\",\"datePublished\":\"2025-05-16T01:00:25+00:00\",\"dateModified\":\"2025-05-16T05:25:00+00:00\",\"mainEntityOfPage\":{\"@id\":\"https:\/\/www.nexoinformativo.mx\/index.php\/2025\/05\/15\/queretaro-suma-vuelo-directo-a-los-angeles-y-negocia-ruta-a-panama\/\"},\"wordCount\":372,\"commentCount\":0,\"publisher\":{\"@id\":\"https:\/\/www.nexoinformativo.mx\/#organization\"},\"image\":{\"@id\":\"https:\/\/www.nexoinformativo.mx\/index.php\/2025\/05\/15\/queretaro-suma-vuelo-directo-a-los-angeles-y-negocia-ruta-a-panama\/#primaryimage\"},\"thumbnailUrl\":\"https:\/\/www.nexoinformativo.mx\/wp-content\/uploads\/2025\/05\/PHOTO-2025-05-15-21-29-51-e1747372993902.jpg\",\"keywords\":[\"AIQConecta\",\"Quer\u00e9taroVuela\",\"TurismoQro\",\"VueloQroLA\"],\"articleSection\":[\"Econom\u00eda\",\"Estado\",\"\u00daltima Hora\"],\"inLanguage\":\"es\",\"potentialAction\":[{\"@type\":\"CommentAction\",\"name\":\"Comment\",\"target\":[\"https:\/\/www.nexoinformativo.mx\/index.php\/2025\/05\/15\/queretaro-suma-vuelo-directo-a-los-angeles-y-negocia-ruta-a-panama\/#respond\"]}]},{\"@type\":\"WebPage\",\"@id\":\"https:\/\/www.nexoinformativo.mx\/index.php\/2025\/05\/15\/queretaro-suma-vuelo-directo-a-los-angeles-y-negocia-ruta-a-panama\/\",\"url\":\"https:\/\/www.nexoinformativo.mx\/index.php\/2025\/05\/15\/queretaro-suma-vuelo-directo-a-los-angeles-y-negocia-ruta-a-panama\/\",\"name\":\"Quer\u00e9taro suma vuelo directo a Los \u00c1ngeles y negocia ruta a Panam\u00e1 | Nexo Informativo Santiago de Quer\u00e9taro\",\"isPartOf\":{\"@id\":\"https:\/\/www.nexoinformativo.mx\/#website\"},\"primaryImageOfPage\":{\"@id\":\"https:\/\/www.nexoinformativo.mx\/index.php\/2025\/05\/15\/queretaro-suma-vuelo-directo-a-los-angeles-y-negocia-ruta-a-panama\/#primaryimage\"},\"image\":{\"@id\":\"https:\/\/www.nexoinformativo.mx\/index.php\/2025\/05\/15\/queretaro-suma-vuelo-directo-a-los-angeles-y-negocia-ruta-a-panama\/#primaryimage\"},\"thumbnailUrl\":\"https:\/\/www.nexoinformativo.mx\/wp-content\/uploads\/2025\/05\/PHOTO-2025-05-15-21-29-51-e1747372993902.jpg\",\"datePublished\":\"2025-05-16T01:00:25+00:00\",\"dateModified\":\"2025-05-16T05:25:00+00:00\",\"description\":\"Quer\u00e9taro suma vuelo directo a Los \u00c1ngeles y negocia ruta a Panam\u00e1\",\"breadcrumb\":{\"@id\":\"https:\/\/www.nexoinformativo.mx\/index.php\/2025\/05\/15\/queretaro-suma-vuelo-directo-a-los-angeles-y-negocia-ruta-a-panama\/#breadcrumb\"},\"inLanguage\":\"es\",\"potentialAction\":[{\"@type\":\"ReadAction\",\"target\":[\"https:\/\/www.nexoinformativo.mx\/index.php\/2025\/05\/15\/queretaro-suma-vuelo-directo-a-los-angeles-y-negocia-ruta-a-panama\/\"]}]},{\"@type\":\"ImageObject\",\"inLanguage\":\"es\",\"@id\":\"https:\/\/www.nexoinformativo.mx\/index.php\/2025\/05\/15\/queretaro-suma-vuelo-directo-a-los-angeles-y-negocia-ruta-a-panama\/#primaryimage\",\"url\":\"https:\/\/www.nexoinformativo.mx\/wp-content\/uploads\/2025\/05\/PHOTO-2025-05-15-21-29-51-e1747372993902.jpg\",\"contentUrl\":\"https:\/\/www.nexoinformativo.mx\/wp-content\/uploads\/2025\/05\/PHOTO-2025-05-15-21-29-51-e1747372993902.jpg\",\"width\":800,\"height\":450},{\"@type\":\"BreadcrumbList\",\"@id\":\"https:\/\/www.nexoinformativo.mx\/index.php\/2025\/05\/15\/queretaro-suma-vuelo-directo-a-los-angeles-y-negocia-ruta-a-panama\/#breadcrumb\",\"itemListElement\":[{\"@type\":\"ListItem\",\"position\":1,\"name\":\"Inicio\",\"item\":\"https:\/\/www.nexoinformativo.mx\/\"},{\"@type\":\"ListItem\",\"position\":2,\"name\":\"Quer\u00e9taro suma vuelo directo a Los \u00c1ngeles y negocia ruta a Panam\u00e1\"}]},{\"@type\":\"WebSite\",\"@id\":\"https:\/\/www.nexoinformativo.mx\/#website\",\"url\":\"https:\/\/www.nexoinformativo.mx\/\",\"name\":\"Nexo Informativo Santiago de Quer\u00e9taro\",\"description\":\"Explora NexoInformativo y convi\u00e9rtete en parte de una comunidad que valora el conocimiento y la verdad. Tu nexoinformativo es tu puente hacia una comprensi\u00f3n m\u00e1s profunda del mundo que te rodea.\",\"publisher\":{\"@id\":\"https:\/\/www.nexoinformativo.mx\/#organization\"},\"potentialAction\":[{\"@type\":\"SearchAction\",\"target\":{\"@type\":\"EntryPoint\",\"urlTemplate\":\"https:\/\/www.nexoinformativo.mx\/?s={search_term_string}\"},\"query-input\":{\"@type\":\"PropertyValueSpecification\",\"valueRequired\":true,\"valueName\":\"search_term_string\"}}],\"inLanguage\":\"es\"},{\"@type\":\"Organization\",\"@id\":\"https:\/\/www.nexoinformativo.mx\/#organization\",\"name\":\"Nexo Informativo Santiago de Quer\u00e9taro\",\"url\":\"https:\/\/www.nexoinformativo.mx\/\",\"logo\":{\"@type\":\"ImageObject\",\"inLanguage\":\"es\",\"@id\":\"https:\/\/www.nexoinformativo.mx\/#\/schema\/logo\/image\/\",\"url\":\"https:\/\/www.nexoinformativo.mx\/wp-content\/uploads\/2024\/07\/nexoi-trasparente-2.png\",\"contentUrl\":\"https:\/\/www.nexoinformativo.mx\/wp-content\/uploads\/2024\/07\/nexoi-trasparente-2.png\",\"width\":816,\"height\":339,\"caption\":\"Nexo Informativo Santiago de Quer\u00e9taro\"},\"image\":{\"@id\":\"https:\/\/www.nexoinformativo.mx\/#\/schema\/logo\/image\/\"},\"sameAs\":[\"https:\/\/www.facebook.com\/people\/Nexo-Informativo\/61564066885511\/\"]},{\"@type\":\"Person\",\"@id\":\"https:\/\/www.nexoinformativo.mx\/#\/schema\/person\/7749d380ba08c8ca00d7bc76fd907b7d\",\"name\":\"Nexo Informativo\",\"image\":{\"@type\":\"ImageObject\",\"inLanguage\":\"es\",\"@id\":\"https:\/\/www.nexoinformativo.mx\/#\/schema\/person\/image\/\",\"url\":\"https:\/\/secure.gravatar.com\/avatar\/dde2928154642a13d95f87ddf1ea9718fe2b46760a005c53e41ff5ad610704e6?s=96&d=mm&r=g\",\"contentUrl\":\"https:\/\/secure.gravatar.com\/avatar\/dde2928154642a13d95f87ddf1ea9718fe2b46760a005c53e41ff5ad610704e6?s=96&d=mm&r=g\",\"caption\":\"Nexo Informativo\"},\"url\":\"https:\/\/www.nexoinformativo.mx\/index.php\/author\/edicion\/\"}]}<\/script>\n<!-- \/ Yoast SEO plugin. -->","yoast_head_json":{"title":"Quer\u00e9taro suma vuelo directo a Los \u00c1ngeles y negocia ruta a Panam\u00e1 | Nexo Informativo Santiago de Quer\u00e9taro","description":"Quer\u00e9taro suma vuelo directo a Los \u00c1ngeles y negocia ruta a Panam\u00e1","robots":{"index":"index","follow":"follow","max-snippet":"max-snippet:-1","max-image-preview":"max-image-preview:large","max-video-preview":"max-video-preview:-1"},"canonical":"https:\/\/www.nexoinformativo.mx\/index.php\/2025\/05\/15\/queretaro-suma-vuelo-directo-a-los-angeles-y-negocia-ruta-a-panama\/","og_locale":"es_MX","og_type":"article","og_title":"Quer\u00e9taro suma vuelo directo a Los \u00c1ngeles y negocia ruta a Panam\u00e1 | Nexo Informativo Santiago de Quer\u00e9taro","og_description":"Quer\u00e9taro suma vuelo directo a Los \u00c1ngeles y negocia ruta a Panam\u00e1","og_url":"https:\/\/www.nexoinformativo.mx\/index.php\/2025\/05\/15\/queretaro-suma-vuelo-directo-a-los-angeles-y-negocia-ruta-a-panama\/","og_site_name":"Nexo Informativo Santiago de Quer\u00e9taro","article_publisher":"https:\/\/www.facebook.com\/people\/Nexo-Informativo\/61564066885511\/","article_published_time":"2025-05-16T01:00:25+00:00","article_modified_time":"2025-05-16T05:25:00+00:00","og_image":[{"width":800,"height":450,"url":"https:\/\/www.nexoinformativo.mx\/wp-content\/uploads\/2025\/05\/PHOTO-2025-05-15-21-29-51-e1747372993902.jpg","type":"image\/jpeg"}],"author":"Nexo Informativo","twitter_card":"summary_large_image","twitter_misc":{"Escrito por":"Nexo Informativo","Tiempo de lectura":"2 minutos"},"schema":{"@context":"https:\/\/schema.org","@graph":[{"@type":"Article","@id":"https:\/\/www.nexoinformativo.mx\/index.php\/2025\/05\/15\/queretaro-suma-vuelo-directo-a-los-angeles-y-negocia-ruta-a-panama\/#article","isPartOf":{"@id":"https:\/\/www.nexoinformativo.mx\/index.php\/2025\/05\/15\/queretaro-suma-vuelo-directo-a-los-angeles-y-negocia-ruta-a-panama\/"},"author":{"name":"Nexo Informativo","@id":"https:\/\/www.nexoinformativo.mx\/#\/schema\/person\/7749d380ba08c8ca00d7bc76fd907b7d"},"headline":"Quer\u00e9taro suma vuelo directo a Los \u00c1ngeles y negocia ruta a Panam\u00e1","datePublished":"2025-05-16T01:00:25+00:00","dateModified":"2025-05-16T05:25:00+00:00","mainEntityOfPage":{"@id":"https:\/\/www.nexoinformativo.mx\/index.php\/2025\/05\/15\/queretaro-suma-vuelo-directo-a-los-angeles-y-negocia-ruta-a-panama\/"},"wordCount":372,"commentCount":0,"publisher":{"@id":"https:\/\/www.nexoinformativo.mx\/#organization"},"image":{"@id":"https:\/\/www.nexoinformativo.mx\/index.php\/2025\/05\/15\/queretaro-suma-vuelo-directo-a-los-angeles-y-negocia-ruta-a-panama\/#primaryimage"},"thumbnailUrl":"https:\/\/www.nexoinformativo.mx\/wp-content\/uploads\/2025\/05\/PHOTO-2025-05-15-21-29-51-e1747372993902.jpg","keywords":["AIQConecta","Quer\u00e9taroVuela","TurismoQro","VueloQroLA"],"articleSection":["Econom\u00eda","Estado","\u00daltima Hora"],"inLanguage":"es","potentialAction":[{"@type":"CommentAction","name":"Comment","target":["https:\/\/www.nexoinformativo.mx\/index.php\/2025\/05\/15\/queretaro-suma-vuelo-directo-a-los-angeles-y-negocia-ruta-a-panama\/#respond"]}]},{"@type":"WebPage","@id":"https:\/\/www.nexoinformativo.mx\/index.php\/2025\/05\/15\/queretaro-suma-vuelo-directo-a-los-angeles-y-negocia-ruta-a-panama\/","url":"https:\/\/www.nexoinformativo.mx\/index.php\/2025\/05\/15\/queretaro-suma-vuelo-directo-a-los-angeles-y-negocia-ruta-a-panama\/","name":"Quer\u00e9taro suma vuelo directo a Los \u00c1ngeles y negocia ruta a Panam\u00e1 | Nexo Informativo Santiago de Quer\u00e9taro","isPartOf":{"@id":"https:\/\/www.nexoinformativo.mx\/#website"},"primaryImageOfPage":{"@id":"https:\/\/www.nexoinformativo.mx\/index.php\/2025\/05\/15\/queretaro-suma-vuelo-directo-a-los-angeles-y-negocia-ruta-a-panama\/#primaryimage"},"image":{"@id":"https:\/\/www.nexoinformativo.mx\/index.php\/2025\/05\/15\/queretaro-suma-vuelo-directo-a-los-angeles-y-negocia-ruta-a-panama\/#primaryimage"},"thumbnailUrl":"https:\/\/www.nexoinformativo.mx\/wp-content\/uploads\/2025\/05\/PHOTO-2025-05-15-21-29-51-e1747372993902.jpg","datePublished":"2025-05-16T01:00:25+00:00","dateModified":"2025-05-16T05:25:00+00:00","description":"Quer\u00e9taro suma vuelo directo a Los \u00c1ngeles y negocia ruta a Panam\u00e1","breadcrumb":{"@id":"https:\/\/www.nexoinformativo.mx\/index.php\/2025\/05\/15\/queretaro-suma-vuelo-directo-a-los-angeles-y-negocia-ruta-a-panama\/#breadcrumb"},"inLanguage":"es","potentialAction":[{"@type":"ReadAction","target":["https:\/\/www.nexoinformativo.mx\/index.php\/2025\/05\/15\/queretaro-suma-vuelo-directo-a-los-angeles-y-negocia-ruta-a-panama\/"]}]},{"@type":"ImageObject","inLanguage":"es","@id":"https:\/\/www.nexoinformativo.mx\/index.php\/2025\/05\/15\/queretaro-suma-vuelo-directo-a-los-angeles-y-negocia-ruta-a-panama\/#primaryimage","url":"https:\/\/www.nexoinformativo.mx\/wp-content\/uploads\/2025\/05\/PHOTO-2025-05-15-21-29-51-e1747372993902.jpg","contentUrl":"https:\/\/www.nexoinformativo.mx\/wp-content\/uploads\/2025\/05\/PHOTO-2025-05-15-21-29-51-e1747372993902.jpg","width":800,"height":450},{"@type":"BreadcrumbList","@id":"https:\/\/www.nexoinformativo.mx\/index.php\/2025\/05\/15\/queretaro-suma-vuelo-directo-a-los-angeles-y-negocia-ruta-a-panama\/#breadcrumb","itemListElement":[{"@type":"ListItem","position":1,"name":"Inicio","item":"https:\/\/www.nexoinformativo.mx\/"},{"@type":"ListItem","position":2,"name":"Quer\u00e9taro suma vuelo directo a Los \u00c1ngeles y negocia ruta a Panam\u00e1"}]},{"@type":"WebSite","@id":"https:\/\/www.nexoinformativo.mx\/#website","url":"https:\/\/www.nexoinformativo.mx\/","name":"Nexo Informativo Santiago de Quer\u00e9taro","description":"Explora NexoInformativo y convi\u00e9rtete en parte de una comunidad que valora el conocimiento y la verdad. Tu nexoinformativo es tu puente hacia una comprensi\u00f3n m\u00e1s profunda del mundo que te rodea.","publisher":{"@id":"https:\/\/www.nexoinformativo.mx\/#organization"},"potentialAction":[{"@type":"SearchAction","target":{"@type":"EntryPoint","urlTemplate":"https:\/\/www.nexoinformativo.mx\/?s={search_term_string}"},"query-input":{"@type":"PropertyValueSpecification","valueRequired":true,"valueName":"search_term_string"}}],"inLanguage":"es"},{"@type":"Organization","@id":"https:\/\/www.nexoinformativo.mx\/#organization","name":"Nexo Informativo Santiago de Quer\u00e9taro","url":"https:\/\/www.nexoinformativo.mx\/","logo":{"@type":"ImageObject","inLanguage":"es","@id":"https:\/\/www.nexoinformativo.mx\/#\/schema\/logo\/image\/","url":"https:\/\/www.nexoinformativo.mx\/wp-content\/uploads\/2024\/07\/nexoi-trasparente-2.png","contentUrl":"https:\/\/www.nexoinformativo.mx\/wp-content\/uploads\/2024\/07\/nexoi-trasparente-2.png","width":816,"height":339,"caption":"Nexo Informativo Santiago de Quer\u00e9taro"},"image":{"@id":"https:\/\/www.nexoinformativo.mx\/#\/schema\/logo\/image\/"},"sameAs":["https:\/\/www.facebook.com\/people\/Nexo-Informativo\/61564066885511\/"]},{"@type":"Person","@id":"https:\/\/www.nexoinformativo.mx\/#\/schema\/person\/7749d380ba08c8ca00d7bc76fd907b7d","name":"Nexo Informativo","image":{"@type":"ImageObject","inLanguage":"es","@id":"https:\/\/www.nexoinformativo.mx\/#\/schema\/person\/image\/","url":"https:\/\/secure.gravatar.com\/avatar\/dde2928154642a13d95f87ddf1ea9718fe2b46760a005c53e41ff5ad610704e6?s=96&d=mm&r=g","contentUrl":"https:\/\/secure.gravatar.com\/avatar\/dde2928154642a13d95f87ddf1ea9718fe2b46760a005c53e41ff5ad610704e6?s=96&d=mm&r=g","caption":"Nexo Informativo"},"url":"https:\/\/www.nexoinformativo.mx\/index.php\/author\/edicion\/"}]}},"_links":{"self":[{"href":"https:\/\/www.nexoinformativo.mx\/index.php\/wp-json\/wp\/v2\/posts\/15012","targetHints":{"allow":["GET"]}}],"collection":[{"href":"https:\/\/www.nexoinformativo.mx\/index.php\/wp-json\/wp\/v2\/posts"}],"about":[{"href":"https:\/\/www.nexoinformativo.mx\/index.php\/wp-json\/wp\/v2\/types\/post"}],"author":[{"embeddable":true,"href":"https:\/\/www.nexoinformativo.mx\/index.php\/wp-json\/wp\/v2\/users\/3"}],"replies":[{"embeddable":true,"href":"https:\/\/www.nexoinformativo.mx\/index.php\/wp-json\/wp\/v2\/comments?post=15012"}],"version-history":[{"count":3,"href":"https:\/\/www.nexoinformativo.mx\/index.php\/wp-json\/wp\/v2\/posts\/15012\/revisions"}],"predecessor-version":[{"id":15016,"href":"https:\/\/www.nexoinformativo.mx\/index.php\/wp-json\/wp\/v2\/posts\/15012\/revisions\/15016"}],"wp:featuredmedia":[{"embeddable":true,"href":"https:\/\/www.nexoinformativo.mx\/index.php\/wp-json\/wp\/v2\/media\/15013"}],"wp:attachment":[{"href":"https:\/\/www.nexoinformativo.mx\/index.php\/wp-json\/wp\/v2\/media?parent=15012"}],"wp:term":[{"taxonomy":"category","embeddable":true,"href":"https:\/\/www.nexoinformativo.mx\/index.php\/wp-json\/wp\/v2\/categories?post=15012"},{"taxonomy":"post_tag","embeddable":true,"href":"https:\/\/www.nexoinformativo.mx\/index.php\/wp-json\/wp\/v2\/tags?post=15012"}],"curies":[{"name":"wp","href":"https:\/\/api.w.org\/{rel}","templated":true}]}}