{"id":15017,"date":"2025-05-15T20:00:14","date_gmt":"2025-05-16T02:00:14","guid":{"rendered":"https:\/\/www.nexoinformativo.mx\/?p=15017"},"modified":"2025-05-15T23:32:34","modified_gmt":"2025-05-16T05:32:34","slug":"por-un-queretaro-conectado-kuri-impulsa-el-tren-ofreciendo-alternativas-para-la-zona-militar","status":"publish","type":"post","link":"https:\/\/www.nexoinformativo.mx\/index.php\/2025\/05\/15\/por-un-queretaro-conectado-kuri-impulsa-el-tren-ofreciendo-alternativas-para-la-zona-militar\/","title":{"rendered":"Por un Quer\u00e9taro conectado Kuri impulsa el tren ofreciendo alternativas para la Zona Militar"},"content":{"rendered":"<p style=\"text-align: justify;\" data-sourcepos=\"3:1-3:398\">El gobernador anunci\u00f3 que su administraci\u00f3n ha presentado tres propuestas de terrenos al Ej\u00e9rcito Mexicano para la reubicaci\u00f3n de la 17\u00aa Zona Militar. El objetivo principal es liberar el espacio actual y destinarlo a la construcci\u00f3n de la estaci\u00f3n del tan esperado tren de pasajeros M\u00e9xico\u2013Quer\u00e9taro.<\/p>\n<\/p>\n<p>&nbsp;<\/p>\n<p style=\"text-align: justify;\" data-sourcepos=\"5:1-5:236\">El mandatario estatal explic\u00f3 que, si bien el gobierno federal tambi\u00e9n considera utilizar la antigua estaci\u00f3n del tren en el Centro Hist\u00f3rico, la decisi\u00f3n final sobre la ubicaci\u00f3n a\u00fan est\u00e1 pendiente y recae en las autoridades federales.<\/p>\n<\/p>\n<p>&nbsp;<\/p>\n<p style=\"text-align: justify;\" data-sourcepos=\"7:1-7:327\">&#8220;Entregamos tres propuestas de terreno en ubicaciones estrat\u00e9gicas, como la carretera 57 \u2014m\u00e1s all\u00e1 de Santa Rosa J\u00e1uregui\u2014, en El Marqu\u00e9s y en el Libramiento Fray Jun\u00edpero Serra. Todos los predios est\u00e1n bien localizados, algunos son privados, y depende del Ej\u00e9rcito decidir cu\u00e1l es el m\u00e1s adecuado&#8221;, detall\u00f3 el gobernador Kuri.<\/p>\n<\/p>\n<p>&nbsp;<\/p>\n<p style=\"text-align: justify;\" data-sourcepos=\"9:1-9:285\">Kuri reconoci\u00f3 que cualquier modificaci\u00f3n en la ubicaci\u00f3n de la zona militar requerir\u00e1 la aprobaci\u00f3n del Congreso local, reiterando la total disposici\u00f3n de su gobierno para colaborar estrechamente con las Fuerzas Armadas en el proceso de permuta, en caso de que esta opci\u00f3n sea viable.<\/p>\n<\/p>\n<p>&nbsp;<\/p>\n<p style=\"text-align: justify;\" data-sourcepos=\"13:1-13:260\">En otro tema prioritario, el gobernador inform\u00f3 que este jueves sostendr\u00e1 una reuni\u00f3n con el secretario de Seguridad P\u00fablica del Gobierno de M\u00e9xico, Omar Garc\u00eda Harfuch, con el firme prop\u00f3sito de fortalecer la coordinaci\u00f3n en materia de seguridad en el estado.<\/p>\n<\/p>\n<p>&nbsp;<\/p>\n<p style=\"text-align: justify;\" data-sourcepos=\"21:1-21:254\">&#8220;Quer\u00e9taro es de los estados con menor n\u00famero de homicidios dolosos, pero estamos rodeados por los tres estados con mayores \u00edndices de este delito. Debemos seguir defendiendo esta realidad con trabajo diario y buena coordinaci\u00f3n&#8221;, concluy\u00f3 el gobernador.<\/p>\n<\/p>\n<p>&nbsp;<\/p>\n<p style=\"text-align: justify;\" data-sourcepos=\"23:1-23:303\">Finalmente, adelant\u00f3 que posteriormente se reunir\u00e1 con el secretario de Infraestructura, Comunicaciones y Transportes para presentar una carpeta con diversos proyectos prioritarios para el estado, incluyendo uno de gran relevancia que a\u00fan no se ha dado a conocer p\u00fablicamente por cuestiones financieras.<\/p>\n<\/p>\n<p>&nbsp;<\/p>\n<p style=\"text-align: center;\" data-sourcepos=\"23:1-23:303\"><em><strong>\u00a1Informaci\u00f3n que transforma!<\/strong><\/em><\/p>\n","protected":false},"excerpt":{"rendered":"<p>El gobernador anunci\u00f3 que su administraci\u00f3n ha presentado tres propuestas de terrenos al Ej\u00e9rcito Mexicano para la reubicaci\u00f3n de la 17\u00aa Zona Militar. El objetivo principal es liberar el espacio actual y destinarlo a la construcci\u00f3n de la estaci\u00f3n del tan esperado tren de pasajeros M\u00e9xico\u2013Quer\u00e9taro.<\/p>\n","protected":false},"author":3,"featured_media":15019,"comment_status":"open","ping_status":"open","sticky":false,"template":"","format":"standard","meta":{"footnotes":""},"categories":[42,58],"tags":[3711,3709,4484,4485],"class_list":["post-15017","post","type-post","status-publish","format-standard","has-post-thumbnail","hentry","category-estado","category-ultima-hora","tag-infraestructuraqro","tag-seguridadqro","tag-trenqromx","tag-zonamilitarqro"],"yoast_head":"<!-- This site is optimized with the Yoast SEO plugin v25.0 - https:\/\/yoast.com\/wordpress\/plugins\/seo\/ -->\n<title>Por un Quer\u00e9taro conectado Kuri impulsa el tren ofreciendo alternativas para la Zona Militar | Nexo Informativo Santiago de Quer\u00e9taro<\/title>\n<meta name=\"description\" content=\"Por un Quer\u00e9taro conectado Kuri impulsa el tren ofreciendo alternativas para la Zona Militar\" \/>\n<meta name=\"robots\" content=\"index, follow, max-snippet:-1, max-image-preview:large, max-video-preview:-1\" \/>\n<link rel=\"canonical\" href=\"https:\/\/www.nexoinformativo.mx\/index.php\/2025\/05\/15\/por-un-queretaro-conectado-kuri-impulsa-el-tren-ofreciendo-alternativas-para-la-zona-militar\/\" \/>\n<meta property=\"og:locale\" content=\"es_MX\" \/>\n<meta property=\"og:type\" content=\"article\" \/>\n<meta property=\"og:title\" content=\"Por un Quer\u00e9taro conectado Kuri impulsa el tren ofreciendo alternativas para la Zona Militar | Nexo Informativo Santiago de Quer\u00e9taro\" \/>\n<meta property=\"og:description\" content=\"Por un Quer\u00e9taro conectado Kuri impulsa el tren ofreciendo alternativas para la Zona Militar\" \/>\n<meta property=\"og:url\" content=\"https:\/\/www.nexoinformativo.mx\/index.php\/2025\/05\/15\/por-un-queretaro-conectado-kuri-impulsa-el-tren-ofreciendo-alternativas-para-la-zona-militar\/\" \/>\n<meta property=\"og:site_name\" content=\"Nexo Informativo Santiago de Quer\u00e9taro\" \/>\n<meta property=\"article:publisher\" content=\"https:\/\/www.facebook.com\/people\/Nexo-Informativo\/61564066885511\/\" \/>\n<meta property=\"article:published_time\" content=\"2025-05-16T02:00:14+00:00\" \/>\n<meta property=\"article:modified_time\" content=\"2025-05-16T05:32:34+00:00\" \/>\n<meta property=\"og:image\" content=\"https:\/\/www.nexoinformativo.mx\/wp-content\/uploads\/2025\/05\/PHOTO-2025-05-15-21-31-40-e1747373459912.jpg\" \/>\n\t<meta property=\"og:image:width\" content=\"800\" \/>\n\t<meta property=\"og:image:height\" content=\"534\" \/>\n\t<meta property=\"og:image:type\" content=\"image\/jpeg\" \/>\n<meta name=\"author\" content=\"Nexo Informativo\" \/>\n<meta name=\"twitter:card\" content=\"summary_large_image\" \/>\n<meta name=\"twitter:label1\" content=\"Escrito por\" \/>\n\t<meta name=\"twitter:data1\" content=\"Nexo Informativo\" \/>\n\t<meta name=\"twitter:label2\" content=\"Tiempo de lectura\" \/>\n\t<meta name=\"twitter:data2\" content=\"2 minutos\" \/>\n<script type=\"application\/ld+json\" class=\"yoast-schema-graph\">{\"@context\":\"https:\/\/schema.org\",\"@graph\":[{\"@type\":\"Article\",\"@id\":\"https:\/\/www.nexoinformativo.mx\/index.php\/2025\/05\/15\/por-un-queretaro-conectado-kuri-impulsa-el-tren-ofreciendo-alternativas-para-la-zona-militar\/#article\",\"isPartOf\":{\"@id\":\"https:\/\/www.nexoinformativo.mx\/index.php\/2025\/05\/15\/por-un-queretaro-conectado-kuri-impulsa-el-tren-ofreciendo-alternativas-para-la-zona-militar\/\"},\"author\":{\"name\":\"Nexo Informativo\",\"@id\":\"https:\/\/www.nexoinformativo.mx\/#\/schema\/person\/7749d380ba08c8ca00d7bc76fd907b7d\"},\"headline\":\"Por un Quer\u00e9taro conectado Kuri impulsa el tren ofreciendo alternativas para la Zona Militar\",\"datePublished\":\"2025-05-16T02:00:14+00:00\",\"dateModified\":\"2025-05-16T05:32:34+00:00\",\"mainEntityOfPage\":{\"@id\":\"https:\/\/www.nexoinformativo.mx\/index.php\/2025\/05\/15\/por-un-queretaro-conectado-kuri-impulsa-el-tren-ofreciendo-alternativas-para-la-zona-militar\/\"},\"wordCount\":363,\"commentCount\":0,\"publisher\":{\"@id\":\"https:\/\/www.nexoinformativo.mx\/#organization\"},\"image\":{\"@id\":\"https:\/\/www.nexoinformativo.mx\/index.php\/2025\/05\/15\/por-un-queretaro-conectado-kuri-impulsa-el-tren-ofreciendo-alternativas-para-la-zona-militar\/#primaryimage\"},\"thumbnailUrl\":\"https:\/\/www.nexoinformativo.mx\/wp-content\/uploads\/2025\/05\/PHOTO-2025-05-15-21-31-40-e1747373459912.jpg\",\"keywords\":[\"InfraestructuraQro\",\"SeguridadQro\",\"TrenQroMX\",\"ZonaMilitarQro\"],\"articleSection\":[\"Estado\",\"\u00daltima Hora\"],\"inLanguage\":\"es\",\"potentialAction\":[{\"@type\":\"CommentAction\",\"name\":\"Comment\",\"target\":[\"https:\/\/www.nexoinformativo.mx\/index.php\/2025\/05\/15\/por-un-queretaro-conectado-kuri-impulsa-el-tren-ofreciendo-alternativas-para-la-zona-militar\/#respond\"]}]},{\"@type\":\"WebPage\",\"@id\":\"https:\/\/www.nexoinformativo.mx\/index.php\/2025\/05\/15\/por-un-queretaro-conectado-kuri-impulsa-el-tren-ofreciendo-alternativas-para-la-zona-militar\/\",\"url\":\"https:\/\/www.nexoinformativo.mx\/index.php\/2025\/05\/15\/por-un-queretaro-conectado-kuri-impulsa-el-tren-ofreciendo-alternativas-para-la-zona-militar\/\",\"name\":\"Por un Quer\u00e9taro conectado Kuri impulsa el tren ofreciendo alternativas para la Zona Militar | Nexo Informativo Santiago de Quer\u00e9taro\",\"isPartOf\":{\"@id\":\"https:\/\/www.nexoinformativo.mx\/#website\"},\"primaryImageOfPage\":{\"@id\":\"https:\/\/www.nexoinformativo.mx\/index.php\/2025\/05\/15\/por-un-queretaro-conectado-kuri-impulsa-el-tren-ofreciendo-alternativas-para-la-zona-militar\/#primaryimage\"},\"image\":{\"@id\":\"https:\/\/www.nexoinformativo.mx\/index.php\/2025\/05\/15\/por-un-queretaro-conectado-kuri-impulsa-el-tren-ofreciendo-alternativas-para-la-zona-militar\/#primaryimage\"},\"thumbnailUrl\":\"https:\/\/www.nexoinformativo.mx\/wp-content\/uploads\/2025\/05\/PHOTO-2025-05-15-21-31-40-e1747373459912.jpg\",\"datePublished\":\"2025-05-16T02:00:14+00:00\",\"dateModified\":\"2025-05-16T05:32:34+00:00\",\"description\":\"Por un Quer\u00e9taro conectado Kuri impulsa el tren ofreciendo alternativas para la Zona Militar\",\"breadcrumb\":{\"@id\":\"https:\/\/www.nexoinformativo.mx\/index.php\/2025\/05\/15\/por-un-queretaro-conectado-kuri-impulsa-el-tren-ofreciendo-alternativas-para-la-zona-militar\/#breadcrumb\"},\"inLanguage\":\"es\",\"potentialAction\":[{\"@type\":\"ReadAction\",\"target\":[\"https:\/\/www.nexoinformativo.mx\/index.php\/2025\/05\/15\/por-un-queretaro-conectado-kuri-impulsa-el-tren-ofreciendo-alternativas-para-la-zona-militar\/\"]}]},{\"@type\":\"ImageObject\",\"inLanguage\":\"es\",\"@id\":\"https:\/\/www.nexoinformativo.mx\/index.php\/2025\/05\/15\/por-un-queretaro-conectado-kuri-impulsa-el-tren-ofreciendo-alternativas-para-la-zona-militar\/#primaryimage\",\"url\":\"https:\/\/www.nexoinformativo.mx\/wp-content\/uploads\/2025\/05\/PHOTO-2025-05-15-21-31-40-e1747373459912.jpg\",\"contentUrl\":\"https:\/\/www.nexoinformativo.mx\/wp-content\/uploads\/2025\/05\/PHOTO-2025-05-15-21-31-40-e1747373459912.jpg\",\"width\":800,\"height\":534},{\"@type\":\"BreadcrumbList\",\"@id\":\"https:\/\/www.nexoinformativo.mx\/index.php\/2025\/05\/15\/por-un-queretaro-conectado-kuri-impulsa-el-tren-ofreciendo-alternativas-para-la-zona-militar\/#breadcrumb\",\"itemListElement\":[{\"@type\":\"ListItem\",\"position\":1,\"name\":\"Inicio\",\"item\":\"https:\/\/www.nexoinformativo.mx\/\"},{\"@type\":\"ListItem\",\"position\":2,\"name\":\"Por un Quer\u00e9taro conectado Kuri impulsa el tren ofreciendo alternativas para la Zona Militar\"}]},{\"@type\":\"WebSite\",\"@id\":\"https:\/\/www.nexoinformativo.mx\/#website\",\"url\":\"https:\/\/www.nexoinformativo.mx\/\",\"name\":\"Nexo Informativo Santiago de Quer\u00e9taro\",\"description\":\"Explora NexoInformativo y convi\u00e9rtete en parte de una comunidad que valora el conocimiento y la verdad. Tu nexoinformativo es tu puente hacia una comprensi\u00f3n m\u00e1s profunda del mundo que te rodea.\",\"publisher\":{\"@id\":\"https:\/\/www.nexoinformativo.mx\/#organization\"},\"potentialAction\":[{\"@type\":\"SearchAction\",\"target\":{\"@type\":\"EntryPoint\",\"urlTemplate\":\"https:\/\/www.nexoinformativo.mx\/?s={search_term_string}\"},\"query-input\":{\"@type\":\"PropertyValueSpecification\",\"valueRequired\":true,\"valueName\":\"search_term_string\"}}],\"inLanguage\":\"es\"},{\"@type\":\"Organization\",\"@id\":\"https:\/\/www.nexoinformativo.mx\/#organization\",\"name\":\"Nexo Informativo Santiago de Quer\u00e9taro\",\"url\":\"https:\/\/www.nexoinformativo.mx\/\",\"logo\":{\"@type\":\"ImageObject\",\"inLanguage\":\"es\",\"@id\":\"https:\/\/www.nexoinformativo.mx\/#\/schema\/logo\/image\/\",\"url\":\"https:\/\/www.nexoinformativo.mx\/wp-content\/uploads\/2024\/07\/nexoi-trasparente-2.png\",\"contentUrl\":\"https:\/\/www.nexoinformativo.mx\/wp-content\/uploads\/2024\/07\/nexoi-trasparente-2.png\",\"width\":816,\"height\":339,\"caption\":\"Nexo Informativo Santiago de Quer\u00e9taro\"},\"image\":{\"@id\":\"https:\/\/www.nexoinformativo.mx\/#\/schema\/logo\/image\/\"},\"sameAs\":[\"https:\/\/www.facebook.com\/people\/Nexo-Informativo\/61564066885511\/\"]},{\"@type\":\"Person\",\"@id\":\"https:\/\/www.nexoinformativo.mx\/#\/schema\/person\/7749d380ba08c8ca00d7bc76fd907b7d\",\"name\":\"Nexo Informativo\",\"image\":{\"@type\":\"ImageObject\",\"inLanguage\":\"es\",\"@id\":\"https:\/\/www.nexoinformativo.mx\/#\/schema\/person\/image\/\",\"url\":\"https:\/\/secure.gravatar.com\/avatar\/dde2928154642a13d95f87ddf1ea9718fe2b46760a005c53e41ff5ad610704e6?s=96&d=mm&r=g\",\"contentUrl\":\"https:\/\/secure.gravatar.com\/avatar\/dde2928154642a13d95f87ddf1ea9718fe2b46760a005c53e41ff5ad610704e6?s=96&d=mm&r=g\",\"caption\":\"Nexo Informativo\"},\"url\":\"https:\/\/www.nexoinformativo.mx\/index.php\/author\/edicion\/\"}]}<\/script>\n<!-- \/ Yoast SEO plugin. -->","yoast_head_json":{"title":"Por un Quer\u00e9taro conectado Kuri impulsa el tren ofreciendo alternativas para la Zona Militar | Nexo Informativo Santiago de Quer\u00e9taro","description":"Por un Quer\u00e9taro conectado Kuri impulsa el tren ofreciendo alternativas para la Zona Militar","robots":{"index":"index","follow":"follow","max-snippet":"max-snippet:-1","max-image-preview":"max-image-preview:large","max-video-preview":"max-video-preview:-1"},"canonical":"https:\/\/www.nexoinformativo.mx\/index.php\/2025\/05\/15\/por-un-queretaro-conectado-kuri-impulsa-el-tren-ofreciendo-alternativas-para-la-zona-militar\/","og_locale":"es_MX","og_type":"article","og_title":"Por un Quer\u00e9taro conectado Kuri impulsa el tren ofreciendo alternativas para la Zona Militar | Nexo Informativo Santiago de Quer\u00e9taro","og_description":"Por un Quer\u00e9taro conectado Kuri impulsa el tren ofreciendo alternativas para la Zona Militar","og_url":"https:\/\/www.nexoinformativo.mx\/index.php\/2025\/05\/15\/por-un-queretaro-conectado-kuri-impulsa-el-tren-ofreciendo-alternativas-para-la-zona-militar\/","og_site_name":"Nexo Informativo Santiago de Quer\u00e9taro","article_publisher":"https:\/\/www.facebook.com\/people\/Nexo-Informativo\/61564066885511\/","article_published_time":"2025-05-16T02:00:14+00:00","article_modified_time":"2025-05-16T05:32:34+00:00","og_image":[{"width":800,"height":534,"url":"https:\/\/www.nexoinformativo.mx\/wp-content\/uploads\/2025\/05\/PHOTO-2025-05-15-21-31-40-e1747373459912.jpg","type":"image\/jpeg"}],"author":"Nexo Informativo","twitter_card":"summary_large_image","twitter_misc":{"Escrito por":"Nexo Informativo","Tiempo de lectura":"2 minutos"},"schema":{"@context":"https:\/\/schema.org","@graph":[{"@type":"Article","@id":"https:\/\/www.nexoinformativo.mx\/index.php\/2025\/05\/15\/por-un-queretaro-conectado-kuri-impulsa-el-tren-ofreciendo-alternativas-para-la-zona-militar\/#article","isPartOf":{"@id":"https:\/\/www.nexoinformativo.mx\/index.php\/2025\/05\/15\/por-un-queretaro-conectado-kuri-impulsa-el-tren-ofreciendo-alternativas-para-la-zona-militar\/"},"author":{"name":"Nexo Informativo","@id":"https:\/\/www.nexoinformativo.mx\/#\/schema\/person\/7749d380ba08c8ca00d7bc76fd907b7d"},"headline":"Por un Quer\u00e9taro conectado Kuri impulsa el tren ofreciendo alternativas para la Zona Militar","datePublished":"2025-05-16T02:00:14+00:00","dateModified":"2025-05-16T05:32:34+00:00","mainEntityOfPage":{"@id":"https:\/\/www.nexoinformativo.mx\/index.php\/2025\/05\/15\/por-un-queretaro-conectado-kuri-impulsa-el-tren-ofreciendo-alternativas-para-la-zona-militar\/"},"wordCount":363,"commentCount":0,"publisher":{"@id":"https:\/\/www.nexoinformativo.mx\/#organization"},"image":{"@id":"https:\/\/www.nexoinformativo.mx\/index.php\/2025\/05\/15\/por-un-queretaro-conectado-kuri-impulsa-el-tren-ofreciendo-alternativas-para-la-zona-militar\/#primaryimage"},"thumbnailUrl":"https:\/\/www.nexoinformativo.mx\/wp-content\/uploads\/2025\/05\/PHOTO-2025-05-15-21-31-40-e1747373459912.jpg","keywords":["InfraestructuraQro","SeguridadQro","TrenQroMX","ZonaMilitarQro"],"articleSection":["Estado","\u00daltima Hora"],"inLanguage":"es","potentialAction":[{"@type":"CommentAction","name":"Comment","target":["https:\/\/www.nexoinformativo.mx\/index.php\/2025\/05\/15\/por-un-queretaro-conectado-kuri-impulsa-el-tren-ofreciendo-alternativas-para-la-zona-militar\/#respond"]}]},{"@type":"WebPage","@id":"https:\/\/www.nexoinformativo.mx\/index.php\/2025\/05\/15\/por-un-queretaro-conectado-kuri-impulsa-el-tren-ofreciendo-alternativas-para-la-zona-militar\/","url":"https:\/\/www.nexoinformativo.mx\/index.php\/2025\/05\/15\/por-un-queretaro-conectado-kuri-impulsa-el-tren-ofreciendo-alternativas-para-la-zona-militar\/","name":"Por un Quer\u00e9taro conectado Kuri impulsa el tren ofreciendo alternativas para la Zona Militar | Nexo Informativo Santiago de Quer\u00e9taro","isPartOf":{"@id":"https:\/\/www.nexoinformativo.mx\/#website"},"primaryImageOfPage":{"@id":"https:\/\/www.nexoinformativo.mx\/index.php\/2025\/05\/15\/por-un-queretaro-conectado-kuri-impulsa-el-tren-ofreciendo-alternativas-para-la-zona-militar\/#primaryimage"},"image":{"@id":"https:\/\/www.nexoinformativo.mx\/index.php\/2025\/05\/15\/por-un-queretaro-conectado-kuri-impulsa-el-tren-ofreciendo-alternativas-para-la-zona-militar\/#primaryimage"},"thumbnailUrl":"https:\/\/www.nexoinformativo.mx\/wp-content\/uploads\/2025\/05\/PHOTO-2025-05-15-21-31-40-e1747373459912.jpg","datePublished":"2025-05-16T02:00:14+00:00","dateModified":"2025-05-16T05:32:34+00:00","description":"Por un Quer\u00e9taro conectado Kuri impulsa el tren ofreciendo alternativas para la Zona Militar","breadcrumb":{"@id":"https:\/\/www.nexoinformativo.mx\/index.php\/2025\/05\/15\/por-un-queretaro-conectado-kuri-impulsa-el-tren-ofreciendo-alternativas-para-la-zona-militar\/#breadcrumb"},"inLanguage":"es","potentialAction":[{"@type":"ReadAction","target":["https:\/\/www.nexoinformativo.mx\/index.php\/2025\/05\/15\/por-un-queretaro-conectado-kuri-impulsa-el-tren-ofreciendo-alternativas-para-la-zona-militar\/"]}]},{"@type":"ImageObject","inLanguage":"es","@id":"https:\/\/www.nexoinformativo.mx\/index.php\/2025\/05\/15\/por-un-queretaro-conectado-kuri-impulsa-el-tren-ofreciendo-alternativas-para-la-zona-militar\/#primaryimage","url":"https:\/\/www.nexoinformativo.mx\/wp-content\/uploads\/2025\/05\/PHOTO-2025-05-15-21-31-40-e1747373459912.jpg","contentUrl":"https:\/\/www.nexoinformativo.mx\/wp-content\/uploads\/2025\/05\/PHOTO-2025-05-15-21-31-40-e1747373459912.jpg","width":800,"height":534},{"@type":"BreadcrumbList","@id":"https:\/\/www.nexoinformativo.mx\/index.php\/2025\/05\/15\/por-un-queretaro-conectado-kuri-impulsa-el-tren-ofreciendo-alternativas-para-la-zona-militar\/#breadcrumb","itemListElement":[{"@type":"ListItem","position":1,"name":"Inicio","item":"https:\/\/www.nexoinformativo.mx\/"},{"@type":"ListItem","position":2,"name":"Por un Quer\u00e9taro conectado Kuri impulsa el tren ofreciendo alternativas para la Zona Militar"}]},{"@type":"WebSite","@id":"https:\/\/www.nexoinformativo.mx\/#website","url":"https:\/\/www.nexoinformativo.mx\/","name":"Nexo Informativo Santiago de Quer\u00e9taro","description":"Explora NexoInformativo y convi\u00e9rtete en parte de una comunidad que valora el conocimiento y la verdad. Tu nexoinformativo es tu puente hacia una comprensi\u00f3n m\u00e1s profunda del mundo que te rodea.","publisher":{"@id":"https:\/\/www.nexoinformativo.mx\/#organization"},"potentialAction":[{"@type":"SearchAction","target":{"@type":"EntryPoint","urlTemplate":"https:\/\/www.nexoinformativo.mx\/?s={search_term_string}"},"query-input":{"@type":"PropertyValueSpecification","valueRequired":true,"valueName":"search_term_string"}}],"inLanguage":"es"},{"@type":"Organization","@id":"https:\/\/www.nexoinformativo.mx\/#organization","name":"Nexo Informativo Santiago de Quer\u00e9taro","url":"https:\/\/www.nexoinformativo.mx\/","logo":{"@type":"ImageObject","inLanguage":"es","@id":"https:\/\/www.nexoinformativo.mx\/#\/schema\/logo\/image\/","url":"https:\/\/www.nexoinformativo.mx\/wp-content\/uploads\/2024\/07\/nexoi-trasparente-2.png","contentUrl":"https:\/\/www.nexoinformativo.mx\/wp-content\/uploads\/2024\/07\/nexoi-trasparente-2.png","width":816,"height":339,"caption":"Nexo Informativo Santiago de Quer\u00e9taro"},"image":{"@id":"https:\/\/www.nexoinformativo.mx\/#\/schema\/logo\/image\/"},"sameAs":["https:\/\/www.facebook.com\/people\/Nexo-Informativo\/61564066885511\/"]},{"@type":"Person","@id":"https:\/\/www.nexoinformativo.mx\/#\/schema\/person\/7749d380ba08c8ca00d7bc76fd907b7d","name":"Nexo Informativo","image":{"@type":"ImageObject","inLanguage":"es","@id":"https:\/\/www.nexoinformativo.mx\/#\/schema\/person\/image\/","url":"https:\/\/secure.gravatar.com\/avatar\/dde2928154642a13d95f87ddf1ea9718fe2b46760a005c53e41ff5ad610704e6?s=96&d=mm&r=g","contentUrl":"https:\/\/secure.gravatar.com\/avatar\/dde2928154642a13d95f87ddf1ea9718fe2b46760a005c53e41ff5ad610704e6?s=96&d=mm&r=g","caption":"Nexo Informativo"},"url":"https:\/\/www.nexoinformativo.mx\/index.php\/author\/edicion\/"}]}},"_links":{"self":[{"href":"https:\/\/www.nexoinformativo.mx\/index.php\/wp-json\/wp\/v2\/posts\/15017","targetHints":{"allow":["GET"]}}],"collection":[{"href":"https:\/\/www.nexoinformativo.mx\/index.php\/wp-json\/wp\/v2\/posts"}],"about":[{"href":"https:\/\/www.nexoinformativo.mx\/index.php\/wp-json\/wp\/v2\/types\/post"}],"author":[{"embeddable":true,"href":"https:\/\/www.nexoinformativo.mx\/index.php\/wp-json\/wp\/v2\/users\/3"}],"replies":[{"embeddable":true,"href":"https:\/\/www.nexoinformativo.mx\/index.php\/wp-json\/wp\/v2\/comments?post=15017"}],"version-history":[{"count":4,"href":"https:\/\/www.nexoinformativo.mx\/index.php\/wp-json\/wp\/v2\/posts\/15017\/revisions"}],"predecessor-version":[{"id":15022,"href":"https:\/\/www.nexoinformativo.mx\/index.php\/wp-json\/wp\/v2\/posts\/15017\/revisions\/15022"}],"wp:featuredmedia":[{"embeddable":true,"href":"https:\/\/www.nexoinformativo.mx\/index.php\/wp-json\/wp\/v2\/media\/15019"}],"wp:attachment":[{"href":"https:\/\/www.nexoinformativo.mx\/index.php\/wp-json\/wp\/v2\/media?parent=15017"}],"wp:term":[{"taxonomy":"category","embeddable":true,"href":"https:\/\/www.nexoinformativo.mx\/index.php\/wp-json\/wp\/v2\/categories?post=15017"},{"taxonomy":"post_tag","embeddable":true,"href":"https:\/\/www.nexoinformativo.mx\/index.php\/wp-json\/wp\/v2\/tags?post=15017"}],"curies":[{"name":"wp","href":"https:\/\/api.w.org\/{rel}","templated":true}]}}