{"id":15023,"date":"2025-05-17T07:00:03","date_gmt":"2025-05-17T13:00:03","guid":{"rendered":"https:\/\/www.nexoinformativo.mx\/?p=15023"},"modified":"2025-05-17T11:57:45","modified_gmt":"2025-05-17T17:57:45","slug":"15023","status":"publish","type":"post","link":"https:\/\/www.nexoinformativo.mx\/index.php\/2025\/05\/17\/15023\/","title":{"rendered":"M\u00e9xico activa alarma por influenza aviar suspende urgente importaci\u00f3n de pollo y huevo desde Brasil"},"content":{"rendered":"<p style=\"text-align: justify;\" data-sourcepos=\"3:1-3:553\">La Secretar\u00eda de Agricultura y Desarrollo Rural (AGRICULTURA) ha anunciado la suspensi\u00f3n inmediata y precautoria de la importaci\u00f3n de diversos productos av\u00edcolas provenientes de Brasil.<\/p>\n<p>&nbsp;<\/p>\n<p style=\"text-align: justify;\" data-sourcepos=\"3:1-3:553\">Esta medida se toma tras la confirmaci\u00f3n por parte del Ministerio de Agricultura y Ganader\u00eda (MAPA) de Brasil al Servicio Nacional de Sanidad, Inocuidad y Calidad Agroalimentaria (Senasica) sobre la presencia del virus de la influenza aviar de alta patogenicidad (IAAP) H5N1 en territorio brasile\u00f1o.<\/p>\n<p>&nbsp;<\/p>\n<p style=\"text-align: justify;\" data-sourcepos=\"5:1-5:554\">AGRICULTURA, a trav\u00e9s del Senasica, enfatiz\u00f3 que esta decisi\u00f3n se adopta con el firme prop\u00f3sito de salvaguardar la sanidad de la avicultura nacional y prevenir la entrada de riesgos zoosanitarios al pa\u00eds.<\/p>\n<p>&nbsp;<\/p>\n<p style=\"text-align: justify;\" data-sourcepos=\"5:1-5:554\">Por lo tanto, se restringe el ingreso de carne de ave, huevo f\u00e9rtil, huevo libre de pat\u00f3genos espec\u00edficos (SPF), pollos de hasta tres d\u00edas de nacidos, despojos av\u00edcolas para consumo humano y materia prima av\u00edcola destinada a la elaboraci\u00f3n de alimento para mascotas. La suspensi\u00f3n tambi\u00e9n incluye la importaci\u00f3n de aves canoras, de ornato y rapaces.<\/p>\n<p>&nbsp;<\/p>\n<p style=\"text-align: justify;\" data-sourcepos=\"7:1-7:324\">Esta acci\u00f3n preventiva se mantendr\u00e1 vigente en tanto se reciba informaci\u00f3n zoosanitaria detallada por parte de las autoridades brasile\u00f1as sobre las medidas que se est\u00e1n implementando para contener y erradicar el brote de influenza aviar.<\/p>\n<p>&nbsp;<\/p>\n<p style=\"text-align: justify;\" data-sourcepos=\"7:1-7:324\">AGRICULTURA reafirma su compromiso con la protecci\u00f3n de la industria av\u00edcola mexicana.<\/p>\n<p>&nbsp;<\/p>\n<p style=\"text-align: center;\" data-sourcepos=\"7:1-7:324\"><em><strong>\u00a1Informaci\u00f3n que transforma!<\/strong><\/em><\/p>\n","protected":false},"excerpt":{"rendered":"<p>La Secretar\u00eda de Agricultura y Desarrollo Rural (AGRICULTURA) ha anunciado la suspensi\u00f3n inmediata y precautoria de la importaci\u00f3n de diversos productos av\u00edcolas provenientes de Brasil.<\/p>\n","protected":false},"author":3,"featured_media":15027,"comment_status":"open","ping_status":"open","sticky":false,"template":"","format":"standard","meta":{"footnotes":""},"categories":[5,88,58],"tags":[4486,4487,4488,4452],"class_list":["post-15023","post","type-post","status-publish","format-standard","has-post-thumbnail","hentry","category-economia","category-nacional","category-ultima-hora","tag-alertaavicola","tag-influenzaaviar","tag-mexicoprotege","tag-sanidadanimal"],"yoast_head":"<!-- This site is optimized with the Yoast SEO plugin v25.0 - https:\/\/yoast.com\/wordpress\/plugins\/seo\/ -->\n<title>M\u00e9xico activa alarma por influenza aviar suspende urgente importaci\u00f3n de pollo y huevo desde Brasil | Nexo Informativo Santiago de Quer\u00e9taro<\/title>\n<meta name=\"description\" content=\"&lt;M\u00e9xico activa alarma por influenza aviar suspende urgente importaci\u00f3n de pollo y huevo desde Brasil\" \/>\n<meta name=\"robots\" content=\"index, follow, max-snippet:-1, max-image-preview:large, max-video-preview:-1\" \/>\n<link rel=\"canonical\" href=\"https:\/\/www.nexoinformativo.mx\/index.php\/2025\/05\/17\/15023\/\" \/>\n<meta property=\"og:locale\" content=\"es_MX\" \/>\n<meta property=\"og:type\" content=\"article\" \/>\n<meta property=\"og:title\" content=\"M\u00e9xico activa alarma por influenza aviar suspende urgente importaci\u00f3n de pollo y huevo desde Brasil | Nexo Informativo Santiago de Quer\u00e9taro\" \/>\n<meta property=\"og:description\" content=\"&lt;M\u00e9xico activa alarma por influenza aviar suspende urgente importaci\u00f3n de pollo y huevo desde Brasil\" \/>\n<meta property=\"og:url\" content=\"https:\/\/www.nexoinformativo.mx\/index.php\/2025\/05\/17\/15023\/\" \/>\n<meta property=\"og:site_name\" content=\"Nexo Informativo Santiago de Quer\u00e9taro\" \/>\n<meta property=\"article:publisher\" content=\"https:\/\/www.facebook.com\/people\/Nexo-Informativo\/61564066885511\/\" \/>\n<meta property=\"article:published_time\" content=\"2025-05-17T13:00:03+00:00\" \/>\n<meta property=\"article:modified_time\" content=\"2025-05-17T17:57:45+00:00\" \/>\n<meta property=\"og:image\" content=\"https:\/\/www.nexoinformativo.mx\/wp-content\/uploads\/2025\/05\/IMG_3105.jpg\" \/>\n\t<meta property=\"og:image:width\" content=\"650\" \/>\n\t<meta property=\"og:image:height\" content=\"380\" \/>\n\t<meta property=\"og:image:type\" content=\"image\/jpeg\" \/>\n<meta name=\"author\" content=\"Nexo Informativo\" \/>\n<meta name=\"twitter:card\" content=\"summary_large_image\" \/>\n<meta name=\"twitter:label1\" content=\"Escrito por\" \/>\n\t<meta name=\"twitter:data1\" content=\"Nexo Informativo\" \/>\n\t<meta name=\"twitter:label2\" content=\"Tiempo de lectura\" \/>\n\t<meta name=\"twitter:data2\" content=\"2 minutos\" \/>\n<script type=\"application\/ld+json\" class=\"yoast-schema-graph\">{\"@context\":\"https:\/\/schema.org\",\"@graph\":[{\"@type\":\"Article\",\"@id\":\"https:\/\/www.nexoinformativo.mx\/index.php\/2025\/05\/17\/15023\/#article\",\"isPartOf\":{\"@id\":\"https:\/\/www.nexoinformativo.mx\/index.php\/2025\/05\/17\/15023\/\"},\"author\":{\"name\":\"Nexo Informativo\",\"@id\":\"https:\/\/www.nexoinformativo.mx\/#\/schema\/person\/7749d380ba08c8ca00d7bc76fd907b7d\"},\"headline\":\"M\u00e9xico activa alarma por influenza aviar suspende urgente importaci\u00f3n de pollo y huevo desde Brasil\",\"datePublished\":\"2025-05-17T13:00:03+00:00\",\"dateModified\":\"2025-05-17T17:57:45+00:00\",\"mainEntityOfPage\":{\"@id\":\"https:\/\/www.nexoinformativo.mx\/index.php\/2025\/05\/17\/15023\/\"},\"wordCount\":260,\"commentCount\":0,\"publisher\":{\"@id\":\"https:\/\/www.nexoinformativo.mx\/#organization\"},\"image\":{\"@id\":\"https:\/\/www.nexoinformativo.mx\/index.php\/2025\/05\/17\/15023\/#primaryimage\"},\"thumbnailUrl\":\"https:\/\/www.nexoinformativo.mx\/wp-content\/uploads\/2025\/05\/IMG_3105.jpg\",\"keywords\":[\"AlertaAv\u00edcola\",\"InfluenzaAviar\",\"M\u00e9xicoProtege\",\"SanidadAnimal\"],\"articleSection\":[\"Econom\u00eda\",\"Nacional\",\"\u00daltima Hora\"],\"inLanguage\":\"es\",\"potentialAction\":[{\"@type\":\"CommentAction\",\"name\":\"Comment\",\"target\":[\"https:\/\/www.nexoinformativo.mx\/index.php\/2025\/05\/17\/15023\/#respond\"]}]},{\"@type\":\"WebPage\",\"@id\":\"https:\/\/www.nexoinformativo.mx\/index.php\/2025\/05\/17\/15023\/\",\"url\":\"https:\/\/www.nexoinformativo.mx\/index.php\/2025\/05\/17\/15023\/\",\"name\":\"M\u00e9xico activa alarma por influenza aviar suspende urgente importaci\u00f3n de pollo y huevo desde Brasil | Nexo Informativo Santiago de Quer\u00e9taro\",\"isPartOf\":{\"@id\":\"https:\/\/www.nexoinformativo.mx\/#website\"},\"primaryImageOfPage\":{\"@id\":\"https:\/\/www.nexoinformativo.mx\/index.php\/2025\/05\/17\/15023\/#primaryimage\"},\"image\":{\"@id\":\"https:\/\/www.nexoinformativo.mx\/index.php\/2025\/05\/17\/15023\/#primaryimage\"},\"thumbnailUrl\":\"https:\/\/www.nexoinformativo.mx\/wp-content\/uploads\/2025\/05\/IMG_3105.jpg\",\"datePublished\":\"2025-05-17T13:00:03+00:00\",\"dateModified\":\"2025-05-17T17:57:45+00:00\",\"description\":\"&lt;M\u00e9xico activa alarma por influenza aviar suspende urgente importaci\u00f3n de pollo y huevo desde Brasil\",\"breadcrumb\":{\"@id\":\"https:\/\/www.nexoinformativo.mx\/index.php\/2025\/05\/17\/15023\/#breadcrumb\"},\"inLanguage\":\"es\",\"potentialAction\":[{\"@type\":\"ReadAction\",\"target\":[\"https:\/\/www.nexoinformativo.mx\/index.php\/2025\/05\/17\/15023\/\"]}]},{\"@type\":\"ImageObject\",\"inLanguage\":\"es\",\"@id\":\"https:\/\/www.nexoinformativo.mx\/index.php\/2025\/05\/17\/15023\/#primaryimage\",\"url\":\"https:\/\/www.nexoinformativo.mx\/wp-content\/uploads\/2025\/05\/IMG_3105.jpg\",\"contentUrl\":\"https:\/\/www.nexoinformativo.mx\/wp-content\/uploads\/2025\/05\/IMG_3105.jpg\",\"width\":650,\"height\":380},{\"@type\":\"BreadcrumbList\",\"@id\":\"https:\/\/www.nexoinformativo.mx\/index.php\/2025\/05\/17\/15023\/#breadcrumb\",\"itemListElement\":[{\"@type\":\"ListItem\",\"position\":1,\"name\":\"Inicio\",\"item\":\"https:\/\/www.nexoinformativo.mx\/\"},{\"@type\":\"ListItem\",\"position\":2,\"name\":\"M\u00e9xico activa alarma por influenza aviar suspende urgente importaci\u00f3n de pollo y huevo desde Brasil\"}]},{\"@type\":\"WebSite\",\"@id\":\"https:\/\/www.nexoinformativo.mx\/#website\",\"url\":\"https:\/\/www.nexoinformativo.mx\/\",\"name\":\"Nexo Informativo Santiago de Quer\u00e9taro\",\"description\":\"Explora NexoInformativo y convi\u00e9rtete en parte de una comunidad que valora el conocimiento y la verdad. Tu nexoinformativo es tu puente hacia una comprensi\u00f3n m\u00e1s profunda del mundo que te rodea.\",\"publisher\":{\"@id\":\"https:\/\/www.nexoinformativo.mx\/#organization\"},\"potentialAction\":[{\"@type\":\"SearchAction\",\"target\":{\"@type\":\"EntryPoint\",\"urlTemplate\":\"https:\/\/www.nexoinformativo.mx\/?s={search_term_string}\"},\"query-input\":{\"@type\":\"PropertyValueSpecification\",\"valueRequired\":true,\"valueName\":\"search_term_string\"}}],\"inLanguage\":\"es\"},{\"@type\":\"Organization\",\"@id\":\"https:\/\/www.nexoinformativo.mx\/#organization\",\"name\":\"Nexo Informativo Santiago de Quer\u00e9taro\",\"url\":\"https:\/\/www.nexoinformativo.mx\/\",\"logo\":{\"@type\":\"ImageObject\",\"inLanguage\":\"es\",\"@id\":\"https:\/\/www.nexoinformativo.mx\/#\/schema\/logo\/image\/\",\"url\":\"https:\/\/www.nexoinformativo.mx\/wp-content\/uploads\/2024\/07\/nexoi-trasparente-2.png\",\"contentUrl\":\"https:\/\/www.nexoinformativo.mx\/wp-content\/uploads\/2024\/07\/nexoi-trasparente-2.png\",\"width\":816,\"height\":339,\"caption\":\"Nexo Informativo Santiago de Quer\u00e9taro\"},\"image\":{\"@id\":\"https:\/\/www.nexoinformativo.mx\/#\/schema\/logo\/image\/\"},\"sameAs\":[\"https:\/\/www.facebook.com\/people\/Nexo-Informativo\/61564066885511\/\"]},{\"@type\":\"Person\",\"@id\":\"https:\/\/www.nexoinformativo.mx\/#\/schema\/person\/7749d380ba08c8ca00d7bc76fd907b7d\",\"name\":\"Nexo Informativo\",\"image\":{\"@type\":\"ImageObject\",\"inLanguage\":\"es\",\"@id\":\"https:\/\/www.nexoinformativo.mx\/#\/schema\/person\/image\/\",\"url\":\"https:\/\/secure.gravatar.com\/avatar\/dde2928154642a13d95f87ddf1ea9718fe2b46760a005c53e41ff5ad610704e6?s=96&d=mm&r=g\",\"contentUrl\":\"https:\/\/secure.gravatar.com\/avatar\/dde2928154642a13d95f87ddf1ea9718fe2b46760a005c53e41ff5ad610704e6?s=96&d=mm&r=g\",\"caption\":\"Nexo Informativo\"},\"url\":\"https:\/\/www.nexoinformativo.mx\/index.php\/author\/edicion\/\"}]}<\/script>\n<!-- \/ Yoast SEO plugin. -->","yoast_head_json":{"title":"M\u00e9xico activa alarma por influenza aviar suspende urgente importaci\u00f3n de pollo y huevo desde Brasil | Nexo Informativo Santiago de Quer\u00e9taro","description":"&lt;M\u00e9xico activa alarma por influenza aviar suspende urgente importaci\u00f3n de pollo y huevo desde Brasil","robots":{"index":"index","follow":"follow","max-snippet":"max-snippet:-1","max-image-preview":"max-image-preview:large","max-video-preview":"max-video-preview:-1"},"canonical":"https:\/\/www.nexoinformativo.mx\/index.php\/2025\/05\/17\/15023\/","og_locale":"es_MX","og_type":"article","og_title":"M\u00e9xico activa alarma por influenza aviar suspende urgente importaci\u00f3n de pollo y huevo desde Brasil | Nexo Informativo Santiago de Quer\u00e9taro","og_description":"&lt;M\u00e9xico activa alarma por influenza aviar suspende urgente importaci\u00f3n de pollo y huevo desde Brasil","og_url":"https:\/\/www.nexoinformativo.mx\/index.php\/2025\/05\/17\/15023\/","og_site_name":"Nexo Informativo Santiago de Quer\u00e9taro","article_publisher":"https:\/\/www.facebook.com\/people\/Nexo-Informativo\/61564066885511\/","article_published_time":"2025-05-17T13:00:03+00:00","article_modified_time":"2025-05-17T17:57:45+00:00","og_image":[{"width":650,"height":380,"url":"https:\/\/www.nexoinformativo.mx\/wp-content\/uploads\/2025\/05\/IMG_3105.jpg","type":"image\/jpeg"}],"author":"Nexo Informativo","twitter_card":"summary_large_image","twitter_misc":{"Escrito por":"Nexo Informativo","Tiempo de lectura":"2 minutos"},"schema":{"@context":"https:\/\/schema.org","@graph":[{"@type":"Article","@id":"https:\/\/www.nexoinformativo.mx\/index.php\/2025\/05\/17\/15023\/#article","isPartOf":{"@id":"https:\/\/www.nexoinformativo.mx\/index.php\/2025\/05\/17\/15023\/"},"author":{"name":"Nexo Informativo","@id":"https:\/\/www.nexoinformativo.mx\/#\/schema\/person\/7749d380ba08c8ca00d7bc76fd907b7d"},"headline":"M\u00e9xico activa alarma por influenza aviar suspende urgente importaci\u00f3n de pollo y huevo desde Brasil","datePublished":"2025-05-17T13:00:03+00:00","dateModified":"2025-05-17T17:57:45+00:00","mainEntityOfPage":{"@id":"https:\/\/www.nexoinformativo.mx\/index.php\/2025\/05\/17\/15023\/"},"wordCount":260,"commentCount":0,"publisher":{"@id":"https:\/\/www.nexoinformativo.mx\/#organization"},"image":{"@id":"https:\/\/www.nexoinformativo.mx\/index.php\/2025\/05\/17\/15023\/#primaryimage"},"thumbnailUrl":"https:\/\/www.nexoinformativo.mx\/wp-content\/uploads\/2025\/05\/IMG_3105.jpg","keywords":["AlertaAv\u00edcola","InfluenzaAviar","M\u00e9xicoProtege","SanidadAnimal"],"articleSection":["Econom\u00eda","Nacional","\u00daltima Hora"],"inLanguage":"es","potentialAction":[{"@type":"CommentAction","name":"Comment","target":["https:\/\/www.nexoinformativo.mx\/index.php\/2025\/05\/17\/15023\/#respond"]}]},{"@type":"WebPage","@id":"https:\/\/www.nexoinformativo.mx\/index.php\/2025\/05\/17\/15023\/","url":"https:\/\/www.nexoinformativo.mx\/index.php\/2025\/05\/17\/15023\/","name":"M\u00e9xico activa alarma por influenza aviar suspende urgente importaci\u00f3n de pollo y huevo desde Brasil | Nexo Informativo Santiago de Quer\u00e9taro","isPartOf":{"@id":"https:\/\/www.nexoinformativo.mx\/#website"},"primaryImageOfPage":{"@id":"https:\/\/www.nexoinformativo.mx\/index.php\/2025\/05\/17\/15023\/#primaryimage"},"image":{"@id":"https:\/\/www.nexoinformativo.mx\/index.php\/2025\/05\/17\/15023\/#primaryimage"},"thumbnailUrl":"https:\/\/www.nexoinformativo.mx\/wp-content\/uploads\/2025\/05\/IMG_3105.jpg","datePublished":"2025-05-17T13:00:03+00:00","dateModified":"2025-05-17T17:57:45+00:00","description":"&lt;M\u00e9xico activa alarma por influenza aviar suspende urgente importaci\u00f3n de pollo y huevo desde Brasil","breadcrumb":{"@id":"https:\/\/www.nexoinformativo.mx\/index.php\/2025\/05\/17\/15023\/#breadcrumb"},"inLanguage":"es","potentialAction":[{"@type":"ReadAction","target":["https:\/\/www.nexoinformativo.mx\/index.php\/2025\/05\/17\/15023\/"]}]},{"@type":"ImageObject","inLanguage":"es","@id":"https:\/\/www.nexoinformativo.mx\/index.php\/2025\/05\/17\/15023\/#primaryimage","url":"https:\/\/www.nexoinformativo.mx\/wp-content\/uploads\/2025\/05\/IMG_3105.jpg","contentUrl":"https:\/\/www.nexoinformativo.mx\/wp-content\/uploads\/2025\/05\/IMG_3105.jpg","width":650,"height":380},{"@type":"BreadcrumbList","@id":"https:\/\/www.nexoinformativo.mx\/index.php\/2025\/05\/17\/15023\/#breadcrumb","itemListElement":[{"@type":"ListItem","position":1,"name":"Inicio","item":"https:\/\/www.nexoinformativo.mx\/"},{"@type":"ListItem","position":2,"name":"M\u00e9xico activa alarma por influenza aviar suspende urgente importaci\u00f3n de pollo y huevo desde Brasil"}]},{"@type":"WebSite","@id":"https:\/\/www.nexoinformativo.mx\/#website","url":"https:\/\/www.nexoinformativo.mx\/","name":"Nexo Informativo Santiago de Quer\u00e9taro","description":"Explora NexoInformativo y convi\u00e9rtete en parte de una comunidad que valora el conocimiento y la verdad. Tu nexoinformativo es tu puente hacia una comprensi\u00f3n m\u00e1s profunda del mundo que te rodea.","publisher":{"@id":"https:\/\/www.nexoinformativo.mx\/#organization"},"potentialAction":[{"@type":"SearchAction","target":{"@type":"EntryPoint","urlTemplate":"https:\/\/www.nexoinformativo.mx\/?s={search_term_string}"},"query-input":{"@type":"PropertyValueSpecification","valueRequired":true,"valueName":"search_term_string"}}],"inLanguage":"es"},{"@type":"Organization","@id":"https:\/\/www.nexoinformativo.mx\/#organization","name":"Nexo Informativo Santiago de Quer\u00e9taro","url":"https:\/\/www.nexoinformativo.mx\/","logo":{"@type":"ImageObject","inLanguage":"es","@id":"https:\/\/www.nexoinformativo.mx\/#\/schema\/logo\/image\/","url":"https:\/\/www.nexoinformativo.mx\/wp-content\/uploads\/2024\/07\/nexoi-trasparente-2.png","contentUrl":"https:\/\/www.nexoinformativo.mx\/wp-content\/uploads\/2024\/07\/nexoi-trasparente-2.png","width":816,"height":339,"caption":"Nexo Informativo Santiago de Quer\u00e9taro"},"image":{"@id":"https:\/\/www.nexoinformativo.mx\/#\/schema\/logo\/image\/"},"sameAs":["https:\/\/www.facebook.com\/people\/Nexo-Informativo\/61564066885511\/"]},{"@type":"Person","@id":"https:\/\/www.nexoinformativo.mx\/#\/schema\/person\/7749d380ba08c8ca00d7bc76fd907b7d","name":"Nexo Informativo","image":{"@type":"ImageObject","inLanguage":"es","@id":"https:\/\/www.nexoinformativo.mx\/#\/schema\/person\/image\/","url":"https:\/\/secure.gravatar.com\/avatar\/dde2928154642a13d95f87ddf1ea9718fe2b46760a005c53e41ff5ad610704e6?s=96&d=mm&r=g","contentUrl":"https:\/\/secure.gravatar.com\/avatar\/dde2928154642a13d95f87ddf1ea9718fe2b46760a005c53e41ff5ad610704e6?s=96&d=mm&r=g","caption":"Nexo Informativo"},"url":"https:\/\/www.nexoinformativo.mx\/index.php\/author\/edicion\/"}]}},"_links":{"self":[{"href":"https:\/\/www.nexoinformativo.mx\/index.php\/wp-json\/wp\/v2\/posts\/15023","targetHints":{"allow":["GET"]}}],"collection":[{"href":"https:\/\/www.nexoinformativo.mx\/index.php\/wp-json\/wp\/v2\/posts"}],"about":[{"href":"https:\/\/www.nexoinformativo.mx\/index.php\/wp-json\/wp\/v2\/types\/post"}],"author":[{"embeddable":true,"href":"https:\/\/www.nexoinformativo.mx\/index.php\/wp-json\/wp\/v2\/users\/3"}],"replies":[{"embeddable":true,"href":"https:\/\/www.nexoinformativo.mx\/index.php\/wp-json\/wp\/v2\/comments?post=15023"}],"version-history":[{"count":5,"href":"https:\/\/www.nexoinformativo.mx\/index.php\/wp-json\/wp\/v2\/posts\/15023\/revisions"}],"predecessor-version":[{"id":15026,"href":"https:\/\/www.nexoinformativo.mx\/index.php\/wp-json\/wp\/v2\/posts\/15023\/revisions\/15026"}],"wp:featuredmedia":[{"embeddable":true,"href":"https:\/\/www.nexoinformativo.mx\/index.php\/wp-json\/wp\/v2\/media\/15027"}],"wp:attachment":[{"href":"https:\/\/www.nexoinformativo.mx\/index.php\/wp-json\/wp\/v2\/media?parent=15023"}],"wp:term":[{"taxonomy":"category","embeddable":true,"href":"https:\/\/www.nexoinformativo.mx\/index.php\/wp-json\/wp\/v2\/categories?post=15023"},{"taxonomy":"post_tag","embeddable":true,"href":"https:\/\/www.nexoinformativo.mx\/index.php\/wp-json\/wp\/v2\/tags?post=15023"}],"curies":[{"name":"wp","href":"https:\/\/api.w.org\/{rel}","templated":true}]}}