{"id":15030,"date":"2025-05-17T08:00:40","date_gmt":"2025-05-17T14:00:40","guid":{"rendered":"https:\/\/www.nexoinformativo.mx\/?p=15030"},"modified":"2025-05-17T12:05:07","modified_gmt":"2025-05-17T18:05:07","slug":"mexico-y-corea-refuerzan-lazos-comerciales-subsecretario-gutierrez-lidera-mision-en-apec","status":"publish","type":"post","link":"https:\/\/www.nexoinformativo.mx\/index.php\/2025\/05\/17\/mexico-y-corea-refuerzan-lazos-comerciales-subsecretario-gutierrez-lidera-mision-en-apec\/","title":{"rendered":"M\u00e9xico y Corea refuerzan lazos comerciales subsecretario Guti\u00e9rrez lidera misi\u00f3n en APEC"},"content":{"rendered":"<p style=\"text-align: justify;\" data-sourcepos=\"3:1-3:390\">El subsecretario de Comercio Exterior de la Secretar\u00eda de Econom\u00eda, Luis Rosendo Guti\u00e9rrez, realiz\u00f3 una intensa comisi\u00f3n de trabajo en Jeju, Corea del Sur, representando al secretario de Econom\u00eda, Marcelo Ebrard, en el encuentro Ministerial de Comercio del Foro de Cooperaci\u00f3n Econ\u00f3mica Asia-Pac\u00edfico (APEC).<\/p>\n<p>&nbsp;<\/p>\n<p style=\"text-align: justify;\" data-sourcepos=\"5:1-5:288\">Durante su participaci\u00f3n, el subsecretario Guti\u00e9rrez sostuvo m\u00e1s de 13 reuniones de alto nivel y particip\u00f3 activamente en discusiones clave sobre la innovaci\u00f3n en la inteligencia artificial para la facilitaci\u00f3n del comercio y la generaci\u00f3n de prosperidad a trav\u00e9s del comercio sostenible.<\/p>\n<p>&nbsp;<\/p>\n<p style=\"text-align: justify;\" data-sourcepos=\"7:1-7:311\">Entre los encuentros destacados se encuentra la reuni\u00f3n con Karan Bhatia, vicepresidente global de Google. Adem\u00e1s, el subsecretario estrech\u00f3 lazos econ\u00f3micos y de cooperaci\u00f3n con miembros clave del Foro APEC a trav\u00e9s de reuniones bilaterales con delegaciones de Singapur, China, Jap\u00f3n y la propia Corea del Sur.<\/p>\n<p>&nbsp;<\/p>\n<p style=\"text-align: justify;\" data-sourcepos=\"9:1-9:418\">La comisi\u00f3n de trabajo, que se extiende del 13 al 17 de mayo, incluye una importante reuni\u00f3n en Se\u00fal con el Ministro de Comercio de Corea del Sur, Inkyo Cheong, con la presencia del Embajador Carlos Pe\u00f1afiel.<\/p>\n<\/p>\n<p>&nbsp;<\/p>\n<p style=\"text-align: justify;\" data-sourcepos=\"9:1-9:418\">El objetivo principal de este encuentro es impulsar una mayor integraci\u00f3n en las cadenas de valor de ambos pa\u00edses, fomentar la transferencia de tecnolog\u00eda.<\/p>\n<p>&nbsp;<\/p>\n<p style=\"text-align: justify;\" data-sourcepos=\"11:1-11:396\">Posteriormente, el subsecretario Guti\u00e9rrez se reunir\u00e1 con un grupo de m\u00e1s de 20 empresas e inversionistas coreanos que han manifestado un fuerte inter\u00e9s en expandir su producci\u00f3n y operaciones en M\u00e9xico.<\/p>\n<p>&nbsp;<\/p>\n<p style=\"text-align: justify;\" data-sourcepos=\"11:1-11:396\">En este encuentro, se compartir\u00e1 la visi\u00f3n y los objetivos del Plan M\u00e9xico, buscando coordinar esfuerzos para la atracci\u00f3n de inversiones y la diversificaci\u00f3n del riesgo comercial y econ\u00f3mico.<\/p>\n<p>&nbsp;<\/p>\n<p style=\"text-align: center;\" data-sourcepos=\"11:1-11:396\"><em><strong>\u00a1Informaci\u00f3n que transforma!<\/strong><\/em><\/p>\n","protected":false},"excerpt":{"rendered":"<p>El subsecretario de Comercio Exterior de la Secretar\u00eda de Econom\u00eda, Luis Rosendo Guti\u00e9rrez, realiz\u00f3 una intensa comisi\u00f3n de trabajo en Jeju, Corea del Sur, representando al secretario de Econom\u00eda, Marcelo Ebrard, en el encuentro Ministerial de Comercio del Foro de Cooperaci\u00f3n Econ\u00f3mica Asia-Pac\u00edfico (APEC).<\/p>\n","protected":false},"author":3,"featured_media":15031,"comment_status":"open","ping_status":"open","sticky":false,"template":"","format":"standard","meta":{"footnotes":""},"categories":[5,88,58],"tags":[4491,4489,3755,4490],"class_list":["post-15030","post","type-post","status-publish","format-standard","has-post-thumbnail","hentry","category-economia","category-nacional","category-ultima-hora","tag-apec2025","tag-comercioexteriormx","tag-inversionmexico","tag-mexicocorea"],"yoast_head":"<!-- This site is optimized with the Yoast SEO plugin v25.0 - https:\/\/yoast.com\/wordpress\/plugins\/seo\/ -->\n<title>M\u00e9xico y Corea refuerzan lazos comerciales subsecretario Guti\u00e9rrez lidera misi\u00f3n en APEC | Nexo Informativo Santiago de Quer\u00e9taro<\/title>\n<meta name=\"description\" content=\"M\u00e9xico y Corea refuerzan lazos comerciales subsecretario Guti\u00e9rrez lidera misi\u00f3n en APEC\" \/>\n<meta name=\"robots\" content=\"index, follow, max-snippet:-1, max-image-preview:large, max-video-preview:-1\" \/>\n<link rel=\"canonical\" href=\"https:\/\/www.nexoinformativo.mx\/index.php\/2025\/05\/17\/mexico-y-corea-refuerzan-lazos-comerciales-subsecretario-gutierrez-lidera-mision-en-apec\/\" \/>\n<meta property=\"og:locale\" content=\"es_MX\" \/>\n<meta property=\"og:type\" content=\"article\" \/>\n<meta property=\"og:title\" content=\"M\u00e9xico y Corea refuerzan lazos comerciales subsecretario Guti\u00e9rrez lidera misi\u00f3n en APEC | Nexo Informativo Santiago de Quer\u00e9taro\" \/>\n<meta property=\"og:description\" content=\"M\u00e9xico y Corea refuerzan lazos comerciales subsecretario Guti\u00e9rrez lidera misi\u00f3n en APEC\" \/>\n<meta property=\"og:url\" content=\"https:\/\/www.nexoinformativo.mx\/index.php\/2025\/05\/17\/mexico-y-corea-refuerzan-lazos-comerciales-subsecretario-gutierrez-lidera-mision-en-apec\/\" \/>\n<meta property=\"og:site_name\" content=\"Nexo Informativo Santiago de Quer\u00e9taro\" \/>\n<meta property=\"article:publisher\" content=\"https:\/\/www.facebook.com\/people\/Nexo-Informativo\/61564066885511\/\" \/>\n<meta property=\"article:published_time\" content=\"2025-05-17T14:00:40+00:00\" \/>\n<meta property=\"article:modified_time\" content=\"2025-05-17T18:05:07+00:00\" \/>\n<meta property=\"og:image\" content=\"https:\/\/www.nexoinformativo.mx\/wp-content\/uploads\/2025\/05\/IMG_3106-e1747505006603.jpg\" \/>\n\t<meta property=\"og:image:width\" content=\"800\" \/>\n\t<meta property=\"og:image:height\" content=\"523\" \/>\n\t<meta property=\"og:image:type\" content=\"image\/jpeg\" \/>\n<meta name=\"author\" content=\"Nexo Informativo\" \/>\n<meta name=\"twitter:card\" content=\"summary_large_image\" \/>\n<meta name=\"twitter:label1\" content=\"Escrito por\" \/>\n\t<meta name=\"twitter:data1\" content=\"Nexo Informativo\" \/>\n\t<meta name=\"twitter:label2\" content=\"Tiempo de lectura\" \/>\n\t<meta name=\"twitter:data2\" content=\"2 minutos\" \/>\n<script type=\"application\/ld+json\" class=\"yoast-schema-graph\">{\"@context\":\"https:\/\/schema.org\",\"@graph\":[{\"@type\":\"Article\",\"@id\":\"https:\/\/www.nexoinformativo.mx\/index.php\/2025\/05\/17\/mexico-y-corea-refuerzan-lazos-comerciales-subsecretario-gutierrez-lidera-mision-en-apec\/#article\",\"isPartOf\":{\"@id\":\"https:\/\/www.nexoinformativo.mx\/index.php\/2025\/05\/17\/mexico-y-corea-refuerzan-lazos-comerciales-subsecretario-gutierrez-lidera-mision-en-apec\/\"},\"author\":{\"name\":\"Nexo Informativo\",\"@id\":\"https:\/\/www.nexoinformativo.mx\/#\/schema\/person\/7749d380ba08c8ca00d7bc76fd907b7d\"},\"headline\":\"M\u00e9xico y Corea refuerzan lazos comerciales subsecretario Guti\u00e9rrez lidera misi\u00f3n en APEC\",\"datePublished\":\"2025-05-17T14:00:40+00:00\",\"dateModified\":\"2025-05-17T18:05:07+00:00\",\"mainEntityOfPage\":{\"@id\":\"https:\/\/www.nexoinformativo.mx\/index.php\/2025\/05\/17\/mexico-y-corea-refuerzan-lazos-comerciales-subsecretario-gutierrez-lidera-mision-en-apec\/\"},\"wordCount\":314,\"commentCount\":0,\"publisher\":{\"@id\":\"https:\/\/www.nexoinformativo.mx\/#organization\"},\"image\":{\"@id\":\"https:\/\/www.nexoinformativo.mx\/index.php\/2025\/05\/17\/mexico-y-corea-refuerzan-lazos-comerciales-subsecretario-gutierrez-lidera-mision-en-apec\/#primaryimage\"},\"thumbnailUrl\":\"https:\/\/www.nexoinformativo.mx\/wp-content\/uploads\/2025\/05\/IMG_3106-e1747505006603.jpg\",\"keywords\":[\"APEC2025\",\"ComercioExteriorMX\",\"Inversi\u00f3nM\u00e9xico\",\"M\u00e9xicoCorea\"],\"articleSection\":[\"Econom\u00eda\",\"Nacional\",\"\u00daltima Hora\"],\"inLanguage\":\"es\",\"potentialAction\":[{\"@type\":\"CommentAction\",\"name\":\"Comment\",\"target\":[\"https:\/\/www.nexoinformativo.mx\/index.php\/2025\/05\/17\/mexico-y-corea-refuerzan-lazos-comerciales-subsecretario-gutierrez-lidera-mision-en-apec\/#respond\"]}]},{\"@type\":\"WebPage\",\"@id\":\"https:\/\/www.nexoinformativo.mx\/index.php\/2025\/05\/17\/mexico-y-corea-refuerzan-lazos-comerciales-subsecretario-gutierrez-lidera-mision-en-apec\/\",\"url\":\"https:\/\/www.nexoinformativo.mx\/index.php\/2025\/05\/17\/mexico-y-corea-refuerzan-lazos-comerciales-subsecretario-gutierrez-lidera-mision-en-apec\/\",\"name\":\"M\u00e9xico y Corea refuerzan lazos comerciales subsecretario Guti\u00e9rrez lidera misi\u00f3n en APEC | Nexo Informativo Santiago de Quer\u00e9taro\",\"isPartOf\":{\"@id\":\"https:\/\/www.nexoinformativo.mx\/#website\"},\"primaryImageOfPage\":{\"@id\":\"https:\/\/www.nexoinformativo.mx\/index.php\/2025\/05\/17\/mexico-y-corea-refuerzan-lazos-comerciales-subsecretario-gutierrez-lidera-mision-en-apec\/#primaryimage\"},\"image\":{\"@id\":\"https:\/\/www.nexoinformativo.mx\/index.php\/2025\/05\/17\/mexico-y-corea-refuerzan-lazos-comerciales-subsecretario-gutierrez-lidera-mision-en-apec\/#primaryimage\"},\"thumbnailUrl\":\"https:\/\/www.nexoinformativo.mx\/wp-content\/uploads\/2025\/05\/IMG_3106-e1747505006603.jpg\",\"datePublished\":\"2025-05-17T14:00:40+00:00\",\"dateModified\":\"2025-05-17T18:05:07+00:00\",\"description\":\"M\u00e9xico y Corea refuerzan lazos comerciales subsecretario Guti\u00e9rrez lidera misi\u00f3n en APEC\",\"breadcrumb\":{\"@id\":\"https:\/\/www.nexoinformativo.mx\/index.php\/2025\/05\/17\/mexico-y-corea-refuerzan-lazos-comerciales-subsecretario-gutierrez-lidera-mision-en-apec\/#breadcrumb\"},\"inLanguage\":\"es\",\"potentialAction\":[{\"@type\":\"ReadAction\",\"target\":[\"https:\/\/www.nexoinformativo.mx\/index.php\/2025\/05\/17\/mexico-y-corea-refuerzan-lazos-comerciales-subsecretario-gutierrez-lidera-mision-en-apec\/\"]}]},{\"@type\":\"ImageObject\",\"inLanguage\":\"es\",\"@id\":\"https:\/\/www.nexoinformativo.mx\/index.php\/2025\/05\/17\/mexico-y-corea-refuerzan-lazos-comerciales-subsecretario-gutierrez-lidera-mision-en-apec\/#primaryimage\",\"url\":\"https:\/\/www.nexoinformativo.mx\/wp-content\/uploads\/2025\/05\/IMG_3106-e1747505006603.jpg\",\"contentUrl\":\"https:\/\/www.nexoinformativo.mx\/wp-content\/uploads\/2025\/05\/IMG_3106-e1747505006603.jpg\",\"width\":800,\"height\":523},{\"@type\":\"BreadcrumbList\",\"@id\":\"https:\/\/www.nexoinformativo.mx\/index.php\/2025\/05\/17\/mexico-y-corea-refuerzan-lazos-comerciales-subsecretario-gutierrez-lidera-mision-en-apec\/#breadcrumb\",\"itemListElement\":[{\"@type\":\"ListItem\",\"position\":1,\"name\":\"Inicio\",\"item\":\"https:\/\/www.nexoinformativo.mx\/\"},{\"@type\":\"ListItem\",\"position\":2,\"name\":\"M\u00e9xico y Corea refuerzan lazos comerciales subsecretario Guti\u00e9rrez lidera misi\u00f3n en APEC\"}]},{\"@type\":\"WebSite\",\"@id\":\"https:\/\/www.nexoinformativo.mx\/#website\",\"url\":\"https:\/\/www.nexoinformativo.mx\/\",\"name\":\"Nexo Informativo Santiago de Quer\u00e9taro\",\"description\":\"Explora NexoInformativo y convi\u00e9rtete en parte de una comunidad que valora el conocimiento y la verdad. Tu nexoinformativo es tu puente hacia una comprensi\u00f3n m\u00e1s profunda del mundo que te rodea.\",\"publisher\":{\"@id\":\"https:\/\/www.nexoinformativo.mx\/#organization\"},\"potentialAction\":[{\"@type\":\"SearchAction\",\"target\":{\"@type\":\"EntryPoint\",\"urlTemplate\":\"https:\/\/www.nexoinformativo.mx\/?s={search_term_string}\"},\"query-input\":{\"@type\":\"PropertyValueSpecification\",\"valueRequired\":true,\"valueName\":\"search_term_string\"}}],\"inLanguage\":\"es\"},{\"@type\":\"Organization\",\"@id\":\"https:\/\/www.nexoinformativo.mx\/#organization\",\"name\":\"Nexo Informativo Santiago de Quer\u00e9taro\",\"url\":\"https:\/\/www.nexoinformativo.mx\/\",\"logo\":{\"@type\":\"ImageObject\",\"inLanguage\":\"es\",\"@id\":\"https:\/\/www.nexoinformativo.mx\/#\/schema\/logo\/image\/\",\"url\":\"https:\/\/www.nexoinformativo.mx\/wp-content\/uploads\/2024\/07\/nexoi-trasparente-2.png\",\"contentUrl\":\"https:\/\/www.nexoinformativo.mx\/wp-content\/uploads\/2024\/07\/nexoi-trasparente-2.png\",\"width\":816,\"height\":339,\"caption\":\"Nexo Informativo Santiago de Quer\u00e9taro\"},\"image\":{\"@id\":\"https:\/\/www.nexoinformativo.mx\/#\/schema\/logo\/image\/\"},\"sameAs\":[\"https:\/\/www.facebook.com\/people\/Nexo-Informativo\/61564066885511\/\"]},{\"@type\":\"Person\",\"@id\":\"https:\/\/www.nexoinformativo.mx\/#\/schema\/person\/7749d380ba08c8ca00d7bc76fd907b7d\",\"name\":\"Nexo Informativo\",\"image\":{\"@type\":\"ImageObject\",\"inLanguage\":\"es\",\"@id\":\"https:\/\/www.nexoinformativo.mx\/#\/schema\/person\/image\/\",\"url\":\"https:\/\/secure.gravatar.com\/avatar\/dde2928154642a13d95f87ddf1ea9718fe2b46760a005c53e41ff5ad610704e6?s=96&d=mm&r=g\",\"contentUrl\":\"https:\/\/secure.gravatar.com\/avatar\/dde2928154642a13d95f87ddf1ea9718fe2b46760a005c53e41ff5ad610704e6?s=96&d=mm&r=g\",\"caption\":\"Nexo Informativo\"},\"url\":\"https:\/\/www.nexoinformativo.mx\/index.php\/author\/edicion\/\"}]}<\/script>\n<!-- \/ Yoast SEO plugin. -->","yoast_head_json":{"title":"M\u00e9xico y Corea refuerzan lazos comerciales subsecretario Guti\u00e9rrez lidera misi\u00f3n en APEC | Nexo Informativo Santiago de Quer\u00e9taro","description":"M\u00e9xico y Corea refuerzan lazos comerciales subsecretario Guti\u00e9rrez lidera misi\u00f3n en APEC","robots":{"index":"index","follow":"follow","max-snippet":"max-snippet:-1","max-image-preview":"max-image-preview:large","max-video-preview":"max-video-preview:-1"},"canonical":"https:\/\/www.nexoinformativo.mx\/index.php\/2025\/05\/17\/mexico-y-corea-refuerzan-lazos-comerciales-subsecretario-gutierrez-lidera-mision-en-apec\/","og_locale":"es_MX","og_type":"article","og_title":"M\u00e9xico y Corea refuerzan lazos comerciales subsecretario Guti\u00e9rrez lidera misi\u00f3n en APEC | Nexo Informativo Santiago de Quer\u00e9taro","og_description":"M\u00e9xico y Corea refuerzan lazos comerciales subsecretario Guti\u00e9rrez lidera misi\u00f3n en APEC","og_url":"https:\/\/www.nexoinformativo.mx\/index.php\/2025\/05\/17\/mexico-y-corea-refuerzan-lazos-comerciales-subsecretario-gutierrez-lidera-mision-en-apec\/","og_site_name":"Nexo Informativo Santiago de Quer\u00e9taro","article_publisher":"https:\/\/www.facebook.com\/people\/Nexo-Informativo\/61564066885511\/","article_published_time":"2025-05-17T14:00:40+00:00","article_modified_time":"2025-05-17T18:05:07+00:00","og_image":[{"width":800,"height":523,"url":"https:\/\/www.nexoinformativo.mx\/wp-content\/uploads\/2025\/05\/IMG_3106-e1747505006603.jpg","type":"image\/jpeg"}],"author":"Nexo Informativo","twitter_card":"summary_large_image","twitter_misc":{"Escrito por":"Nexo Informativo","Tiempo de lectura":"2 minutos"},"schema":{"@context":"https:\/\/schema.org","@graph":[{"@type":"Article","@id":"https:\/\/www.nexoinformativo.mx\/index.php\/2025\/05\/17\/mexico-y-corea-refuerzan-lazos-comerciales-subsecretario-gutierrez-lidera-mision-en-apec\/#article","isPartOf":{"@id":"https:\/\/www.nexoinformativo.mx\/index.php\/2025\/05\/17\/mexico-y-corea-refuerzan-lazos-comerciales-subsecretario-gutierrez-lidera-mision-en-apec\/"},"author":{"name":"Nexo Informativo","@id":"https:\/\/www.nexoinformativo.mx\/#\/schema\/person\/7749d380ba08c8ca00d7bc76fd907b7d"},"headline":"M\u00e9xico y Corea refuerzan lazos comerciales subsecretario Guti\u00e9rrez lidera misi\u00f3n en APEC","datePublished":"2025-05-17T14:00:40+00:00","dateModified":"2025-05-17T18:05:07+00:00","mainEntityOfPage":{"@id":"https:\/\/www.nexoinformativo.mx\/index.php\/2025\/05\/17\/mexico-y-corea-refuerzan-lazos-comerciales-subsecretario-gutierrez-lidera-mision-en-apec\/"},"wordCount":314,"commentCount":0,"publisher":{"@id":"https:\/\/www.nexoinformativo.mx\/#organization"},"image":{"@id":"https:\/\/www.nexoinformativo.mx\/index.php\/2025\/05\/17\/mexico-y-corea-refuerzan-lazos-comerciales-subsecretario-gutierrez-lidera-mision-en-apec\/#primaryimage"},"thumbnailUrl":"https:\/\/www.nexoinformativo.mx\/wp-content\/uploads\/2025\/05\/IMG_3106-e1747505006603.jpg","keywords":["APEC2025","ComercioExteriorMX","Inversi\u00f3nM\u00e9xico","M\u00e9xicoCorea"],"articleSection":["Econom\u00eda","Nacional","\u00daltima Hora"],"inLanguage":"es","potentialAction":[{"@type":"CommentAction","name":"Comment","target":["https:\/\/www.nexoinformativo.mx\/index.php\/2025\/05\/17\/mexico-y-corea-refuerzan-lazos-comerciales-subsecretario-gutierrez-lidera-mision-en-apec\/#respond"]}]},{"@type":"WebPage","@id":"https:\/\/www.nexoinformativo.mx\/index.php\/2025\/05\/17\/mexico-y-corea-refuerzan-lazos-comerciales-subsecretario-gutierrez-lidera-mision-en-apec\/","url":"https:\/\/www.nexoinformativo.mx\/index.php\/2025\/05\/17\/mexico-y-corea-refuerzan-lazos-comerciales-subsecretario-gutierrez-lidera-mision-en-apec\/","name":"M\u00e9xico y Corea refuerzan lazos comerciales subsecretario Guti\u00e9rrez lidera misi\u00f3n en APEC | Nexo Informativo Santiago de Quer\u00e9taro","isPartOf":{"@id":"https:\/\/www.nexoinformativo.mx\/#website"},"primaryImageOfPage":{"@id":"https:\/\/www.nexoinformativo.mx\/index.php\/2025\/05\/17\/mexico-y-corea-refuerzan-lazos-comerciales-subsecretario-gutierrez-lidera-mision-en-apec\/#primaryimage"},"image":{"@id":"https:\/\/www.nexoinformativo.mx\/index.php\/2025\/05\/17\/mexico-y-corea-refuerzan-lazos-comerciales-subsecretario-gutierrez-lidera-mision-en-apec\/#primaryimage"},"thumbnailUrl":"https:\/\/www.nexoinformativo.mx\/wp-content\/uploads\/2025\/05\/IMG_3106-e1747505006603.jpg","datePublished":"2025-05-17T14:00:40+00:00","dateModified":"2025-05-17T18:05:07+00:00","description":"M\u00e9xico y Corea refuerzan lazos comerciales subsecretario Guti\u00e9rrez lidera misi\u00f3n en APEC","breadcrumb":{"@id":"https:\/\/www.nexoinformativo.mx\/index.php\/2025\/05\/17\/mexico-y-corea-refuerzan-lazos-comerciales-subsecretario-gutierrez-lidera-mision-en-apec\/#breadcrumb"},"inLanguage":"es","potentialAction":[{"@type":"ReadAction","target":["https:\/\/www.nexoinformativo.mx\/index.php\/2025\/05\/17\/mexico-y-corea-refuerzan-lazos-comerciales-subsecretario-gutierrez-lidera-mision-en-apec\/"]}]},{"@type":"ImageObject","inLanguage":"es","@id":"https:\/\/www.nexoinformativo.mx\/index.php\/2025\/05\/17\/mexico-y-corea-refuerzan-lazos-comerciales-subsecretario-gutierrez-lidera-mision-en-apec\/#primaryimage","url":"https:\/\/www.nexoinformativo.mx\/wp-content\/uploads\/2025\/05\/IMG_3106-e1747505006603.jpg","contentUrl":"https:\/\/www.nexoinformativo.mx\/wp-content\/uploads\/2025\/05\/IMG_3106-e1747505006603.jpg","width":800,"height":523},{"@type":"BreadcrumbList","@id":"https:\/\/www.nexoinformativo.mx\/index.php\/2025\/05\/17\/mexico-y-corea-refuerzan-lazos-comerciales-subsecretario-gutierrez-lidera-mision-en-apec\/#breadcrumb","itemListElement":[{"@type":"ListItem","position":1,"name":"Inicio","item":"https:\/\/www.nexoinformativo.mx\/"},{"@type":"ListItem","position":2,"name":"M\u00e9xico y Corea refuerzan lazos comerciales subsecretario Guti\u00e9rrez lidera misi\u00f3n en APEC"}]},{"@type":"WebSite","@id":"https:\/\/www.nexoinformativo.mx\/#website","url":"https:\/\/www.nexoinformativo.mx\/","name":"Nexo Informativo Santiago de Quer\u00e9taro","description":"Explora NexoInformativo y convi\u00e9rtete en parte de una comunidad que valora el conocimiento y la verdad. Tu nexoinformativo es tu puente hacia una comprensi\u00f3n m\u00e1s profunda del mundo que te rodea.","publisher":{"@id":"https:\/\/www.nexoinformativo.mx\/#organization"},"potentialAction":[{"@type":"SearchAction","target":{"@type":"EntryPoint","urlTemplate":"https:\/\/www.nexoinformativo.mx\/?s={search_term_string}"},"query-input":{"@type":"PropertyValueSpecification","valueRequired":true,"valueName":"search_term_string"}}],"inLanguage":"es"},{"@type":"Organization","@id":"https:\/\/www.nexoinformativo.mx\/#organization","name":"Nexo Informativo Santiago de Quer\u00e9taro","url":"https:\/\/www.nexoinformativo.mx\/","logo":{"@type":"ImageObject","inLanguage":"es","@id":"https:\/\/www.nexoinformativo.mx\/#\/schema\/logo\/image\/","url":"https:\/\/www.nexoinformativo.mx\/wp-content\/uploads\/2024\/07\/nexoi-trasparente-2.png","contentUrl":"https:\/\/www.nexoinformativo.mx\/wp-content\/uploads\/2024\/07\/nexoi-trasparente-2.png","width":816,"height":339,"caption":"Nexo Informativo Santiago de Quer\u00e9taro"},"image":{"@id":"https:\/\/www.nexoinformativo.mx\/#\/schema\/logo\/image\/"},"sameAs":["https:\/\/www.facebook.com\/people\/Nexo-Informativo\/61564066885511\/"]},{"@type":"Person","@id":"https:\/\/www.nexoinformativo.mx\/#\/schema\/person\/7749d380ba08c8ca00d7bc76fd907b7d","name":"Nexo Informativo","image":{"@type":"ImageObject","inLanguage":"es","@id":"https:\/\/www.nexoinformativo.mx\/#\/schema\/person\/image\/","url":"https:\/\/secure.gravatar.com\/avatar\/dde2928154642a13d95f87ddf1ea9718fe2b46760a005c53e41ff5ad610704e6?s=96&d=mm&r=g","contentUrl":"https:\/\/secure.gravatar.com\/avatar\/dde2928154642a13d95f87ddf1ea9718fe2b46760a005c53e41ff5ad610704e6?s=96&d=mm&r=g","caption":"Nexo Informativo"},"url":"https:\/\/www.nexoinformativo.mx\/index.php\/author\/edicion\/"}]}},"_links":{"self":[{"href":"https:\/\/www.nexoinformativo.mx\/index.php\/wp-json\/wp\/v2\/posts\/15030","targetHints":{"allow":["GET"]}}],"collection":[{"href":"https:\/\/www.nexoinformativo.mx\/index.php\/wp-json\/wp\/v2\/posts"}],"about":[{"href":"https:\/\/www.nexoinformativo.mx\/index.php\/wp-json\/wp\/v2\/types\/post"}],"author":[{"embeddable":true,"href":"https:\/\/www.nexoinformativo.mx\/index.php\/wp-json\/wp\/v2\/users\/3"}],"replies":[{"embeddable":true,"href":"https:\/\/www.nexoinformativo.mx\/index.php\/wp-json\/wp\/v2\/comments?post=15030"}],"version-history":[{"count":5,"href":"https:\/\/www.nexoinformativo.mx\/index.php\/wp-json\/wp\/v2\/posts\/15030\/revisions"}],"predecessor-version":[{"id":15035,"href":"https:\/\/www.nexoinformativo.mx\/index.php\/wp-json\/wp\/v2\/posts\/15030\/revisions\/15035"}],"wp:featuredmedia":[{"embeddable":true,"href":"https:\/\/www.nexoinformativo.mx\/index.php\/wp-json\/wp\/v2\/media\/15031"}],"wp:attachment":[{"href":"https:\/\/www.nexoinformativo.mx\/index.php\/wp-json\/wp\/v2\/media?parent=15030"}],"wp:term":[{"taxonomy":"category","embeddable":true,"href":"https:\/\/www.nexoinformativo.mx\/index.php\/wp-json\/wp\/v2\/categories?post=15030"},{"taxonomy":"post_tag","embeddable":true,"href":"https:\/\/www.nexoinformativo.mx\/index.php\/wp-json\/wp\/v2\/tags?post=15030"}],"curies":[{"name":"wp","href":"https:\/\/api.w.org\/{rel}","templated":true}]}}