{"id":15037,"date":"2025-05-17T09:00:16","date_gmt":"2025-05-17T15:00:16","guid":{"rendered":"https:\/\/www.nexoinformativo.mx\/?p=15037"},"modified":"2025-05-17T12:10:11","modified_gmt":"2025-05-17T18:10:11","slug":"mexico-firme-contra-impuesto-a-remesas-defendera-a-connacionales-en-eua","status":"publish","type":"post","link":"https:\/\/www.nexoinformativo.mx\/index.php\/2025\/05\/17\/mexico-firme-contra-impuesto-a-remesas-defendera-a-connacionales-en-eua\/","title":{"rendered":"M\u00e9xico firme contra impuesto a remesas defender\u00e1 a connacionales en EUA"},"content":{"rendered":"<p style=\"text-align: justify;\" data-sourcepos=\"3:1-3:463\">El Gobierno de M\u00e9xico, encabezado por la presidenta Claudia Sheinbaum, anunci\u00f3 que dar\u00e1 una en\u00e9rgica defensa pol\u00edtica y legal contra la iniciativa que busca gravar las remesas enviadas por mexicanos desde Estados Unidos.<\/p>\n<\/p>\n<p>&nbsp;<\/p>\n<p style=\"text-align: justify;\" data-sourcepos=\"3:1-3:463\">El secretario de Relaciones Exteriores, Juan Ram\u00f3n de la Fuente, calific\u00f3 la propuesta como injustificada y asegur\u00f3 que se agotar\u00e1n todas las v\u00edas para proteger a los connacionales.<\/p>\n<\/p>\n<p>&nbsp;<\/p>\n<p style=\"text-align: justify;\" data-sourcepos=\"5:1-5:278\">&#8220;Vamos a dar la mejor defensa, en t\u00e9rminos pol\u00edticos y legales, porque no nos parece que esta medida, con fines recaudatorios de los Estados Unidos, afecte a una porci\u00f3n muy importante y sensible de nuestros connacionales&#8221;, enfatiz\u00f3 el canciller.<\/p>\n<\/p>\n<p>&nbsp;<\/p>\n<p style=\"text-align: justify;\" data-sourcepos=\"7:1-7:447\">De la Fuente detall\u00f3 el proceso legislativo en curso en la C\u00e1mara de Representantes de EU y destac\u00f3 la pronta respuesta enviada a los congresistas por instrucci\u00f3n de la presidenta Sheinbaum, manifestando el firme rechazo de M\u00e9xico a esta iniciativa.<\/p>\n<\/p>\n<p>&nbsp;<\/p>\n<p style=\"text-align: justify;\" data-sourcepos=\"7:1-7:447\">Subray\u00f3 que las remesas representan solo una fracci\u00f3n de los ingresos generados por los mexicanos en Estados Unidos, quienes ya contribuyen significativamente a la econom\u00eda de ese pa\u00eds.<\/p>\n<\/p>\n<p>&nbsp;<\/p>\n<p style=\"text-align: justify;\" data-sourcepos=\"9:1-9:468\">Por su parte, Roberto Velasco, jefe de Unidad para Am\u00e9rica del Norte de la Canciller\u00eda, calific\u00f3 la iniciativa como discriminatoria y generadora de doble tributaci\u00f3n, ya que afectar\u00eda a personas que ya pagan impuestos en Estados Unidos.<\/p>\n<\/p>\n<p>&nbsp;<\/p>\n<p style=\"text-align: justify;\" data-sourcepos=\"11:1-11:315\">Velasco enfatiz\u00f3 que M\u00e9xico no aplica impuestos espec\u00edficos a los ciudadanos estadounidenses, lo que har\u00eda que la propuesta estadounidense sea inherentemente discriminatoria. &#8220;En la carta que se envi\u00f3, uno de los puntos que se se\u00f1al\u00f3 fue esto: la discriminaci\u00f3n y la doble tributaci\u00f3n de la iniciativa&#8221;, puntualiz\u00f3.<\/p>\n<\/p>\n<p>&nbsp;<\/p>\n<p style=\"text-align: justify;\" data-sourcepos=\"13:1-13:335\">El embajador de M\u00e9xico en Estados Unidos, Esteban Moctezuma, ha sostenido reuniones con diversos grupos de legisladores estadounidenses para exponer la postura de M\u00e9xico y las razones por las cuales se rechaza esta iniciativa.<\/p>\n<\/p>\n<p>&nbsp;<\/p>\n<p style=\"text-align: center;\" data-sourcepos=\"13:1-13:335\"><em><strong>\u00a1Informaci\u00f3n que transforma!<\/strong><\/em><\/p>\n","protected":false},"excerpt":{"rendered":"<p>El Gobierno de M\u00e9xico, encabezado por la presidenta Claudia Sheinbaum, anunci\u00f3 que dar\u00e1 una en\u00e9rgica defensa pol\u00edtica y legal contra la iniciativa que busca gravar las remesas enviadas por mexicanos desde Estados Unidos.<\/p>\n","protected":false},"author":3,"featured_media":15038,"comment_status":"open","ping_status":"open","sticky":false,"template":"","format":"standard","meta":{"footnotes":""},"categories":[5,88,58],"tags":[4494,4493,4492,4495],"class_list":["post-15037","post","type-post","status-publish","format-standard","has-post-thumbnail","hentry","category-economia","category-nacional","category-ultima-hora","tag-defensaremesasmx","tag-mexicanoseneua","tag-noalimpuestoremesas","tag-sheinbaumconmx"],"yoast_head":"<!-- This site is optimized with the Yoast SEO plugin v25.0 - https:\/\/yoast.com\/wordpress\/plugins\/seo\/ -->\n<title>M\u00e9xico firme contra impuesto a remesas defender\u00e1 a connacionales en EUA | Nexo Informativo Santiago de Quer\u00e9taro<\/title>\n<meta name=\"description\" content=\"M\u00e9xico firme contra impuesto a remesas defender\u00e1 a connacionales en EUA\" \/>\n<meta name=\"robots\" content=\"index, follow, max-snippet:-1, max-image-preview:large, max-video-preview:-1\" \/>\n<link rel=\"canonical\" href=\"https:\/\/www.nexoinformativo.mx\/index.php\/2025\/05\/17\/mexico-firme-contra-impuesto-a-remesas-defendera-a-connacionales-en-eua\/\" \/>\n<meta property=\"og:locale\" content=\"es_MX\" \/>\n<meta property=\"og:type\" content=\"article\" \/>\n<meta property=\"og:title\" content=\"M\u00e9xico firme contra impuesto a remesas defender\u00e1 a connacionales en EUA | Nexo Informativo Santiago de Quer\u00e9taro\" \/>\n<meta property=\"og:description\" content=\"M\u00e9xico firme contra impuesto a remesas defender\u00e1 a connacionales en EUA\" \/>\n<meta property=\"og:url\" content=\"https:\/\/www.nexoinformativo.mx\/index.php\/2025\/05\/17\/mexico-firme-contra-impuesto-a-remesas-defendera-a-connacionales-en-eua\/\" \/>\n<meta property=\"og:site_name\" content=\"Nexo Informativo Santiago de Quer\u00e9taro\" \/>\n<meta property=\"article:publisher\" content=\"https:\/\/www.facebook.com\/people\/Nexo-Informativo\/61564066885511\/\" \/>\n<meta property=\"article:published_time\" content=\"2025-05-17T15:00:16+00:00\" \/>\n<meta property=\"article:modified_time\" content=\"2025-05-17T18:10:11+00:00\" \/>\n<meta property=\"og:image\" content=\"https:\/\/www.nexoinformativo.mx\/wp-content\/uploads\/2025\/05\/IMG_3107-2-e1747505361137.jpg\" \/>\n\t<meta property=\"og:image:width\" content=\"800\" \/>\n\t<meta property=\"og:image:height\" content=\"714\" \/>\n\t<meta property=\"og:image:type\" content=\"image\/jpeg\" \/>\n<meta name=\"author\" content=\"Nexo Informativo\" \/>\n<meta name=\"twitter:card\" content=\"summary_large_image\" \/>\n<meta name=\"twitter:label1\" content=\"Escrito por\" \/>\n\t<meta name=\"twitter:data1\" content=\"Nexo Informativo\" \/>\n\t<meta name=\"twitter:label2\" content=\"Tiempo de lectura\" \/>\n\t<meta name=\"twitter:data2\" content=\"2 minutos\" \/>\n<script type=\"application\/ld+json\" class=\"yoast-schema-graph\">{\"@context\":\"https:\/\/schema.org\",\"@graph\":[{\"@type\":\"Article\",\"@id\":\"https:\/\/www.nexoinformativo.mx\/index.php\/2025\/05\/17\/mexico-firme-contra-impuesto-a-remesas-defendera-a-connacionales-en-eua\/#article\",\"isPartOf\":{\"@id\":\"https:\/\/www.nexoinformativo.mx\/index.php\/2025\/05\/17\/mexico-firme-contra-impuesto-a-remesas-defendera-a-connacionales-en-eua\/\"},\"author\":{\"name\":\"Nexo Informativo\",\"@id\":\"https:\/\/www.nexoinformativo.mx\/#\/schema\/person\/7749d380ba08c8ca00d7bc76fd907b7d\"},\"headline\":\"M\u00e9xico firme contra impuesto a remesas defender\u00e1 a connacionales en EUA\",\"datePublished\":\"2025-05-17T15:00:16+00:00\",\"dateModified\":\"2025-05-17T18:10:11+00:00\",\"mainEntityOfPage\":{\"@id\":\"https:\/\/www.nexoinformativo.mx\/index.php\/2025\/05\/17\/mexico-firme-contra-impuesto-a-remesas-defendera-a-connacionales-en-eua\/\"},\"wordCount\":337,\"commentCount\":0,\"publisher\":{\"@id\":\"https:\/\/www.nexoinformativo.mx\/#organization\"},\"image\":{\"@id\":\"https:\/\/www.nexoinformativo.mx\/index.php\/2025\/05\/17\/mexico-firme-contra-impuesto-a-remesas-defendera-a-connacionales-en-eua\/#primaryimage\"},\"thumbnailUrl\":\"https:\/\/www.nexoinformativo.mx\/wp-content\/uploads\/2025\/05\/IMG_3107-2-e1747505361137.jpg\",\"keywords\":[\"DefensaRemesasMX\",\"MexicanosEnEUA\",\"NoAlImpuestoRemesas\",\"SheinbaumConMx\"],\"articleSection\":[\"Econom\u00eda\",\"Nacional\",\"\u00daltima Hora\"],\"inLanguage\":\"es\",\"potentialAction\":[{\"@type\":\"CommentAction\",\"name\":\"Comment\",\"target\":[\"https:\/\/www.nexoinformativo.mx\/index.php\/2025\/05\/17\/mexico-firme-contra-impuesto-a-remesas-defendera-a-connacionales-en-eua\/#respond\"]}]},{\"@type\":\"WebPage\",\"@id\":\"https:\/\/www.nexoinformativo.mx\/index.php\/2025\/05\/17\/mexico-firme-contra-impuesto-a-remesas-defendera-a-connacionales-en-eua\/\",\"url\":\"https:\/\/www.nexoinformativo.mx\/index.php\/2025\/05\/17\/mexico-firme-contra-impuesto-a-remesas-defendera-a-connacionales-en-eua\/\",\"name\":\"M\u00e9xico firme contra impuesto a remesas defender\u00e1 a connacionales en EUA | Nexo Informativo Santiago de Quer\u00e9taro\",\"isPartOf\":{\"@id\":\"https:\/\/www.nexoinformativo.mx\/#website\"},\"primaryImageOfPage\":{\"@id\":\"https:\/\/www.nexoinformativo.mx\/index.php\/2025\/05\/17\/mexico-firme-contra-impuesto-a-remesas-defendera-a-connacionales-en-eua\/#primaryimage\"},\"image\":{\"@id\":\"https:\/\/www.nexoinformativo.mx\/index.php\/2025\/05\/17\/mexico-firme-contra-impuesto-a-remesas-defendera-a-connacionales-en-eua\/#primaryimage\"},\"thumbnailUrl\":\"https:\/\/www.nexoinformativo.mx\/wp-content\/uploads\/2025\/05\/IMG_3107-2-e1747505361137.jpg\",\"datePublished\":\"2025-05-17T15:00:16+00:00\",\"dateModified\":\"2025-05-17T18:10:11+00:00\",\"description\":\"M\u00e9xico firme contra impuesto a remesas defender\u00e1 a connacionales en EUA\",\"breadcrumb\":{\"@id\":\"https:\/\/www.nexoinformativo.mx\/index.php\/2025\/05\/17\/mexico-firme-contra-impuesto-a-remesas-defendera-a-connacionales-en-eua\/#breadcrumb\"},\"inLanguage\":\"es\",\"potentialAction\":[{\"@type\":\"ReadAction\",\"target\":[\"https:\/\/www.nexoinformativo.mx\/index.php\/2025\/05\/17\/mexico-firme-contra-impuesto-a-remesas-defendera-a-connacionales-en-eua\/\"]}]},{\"@type\":\"ImageObject\",\"inLanguage\":\"es\",\"@id\":\"https:\/\/www.nexoinformativo.mx\/index.php\/2025\/05\/17\/mexico-firme-contra-impuesto-a-remesas-defendera-a-connacionales-en-eua\/#primaryimage\",\"url\":\"https:\/\/www.nexoinformativo.mx\/wp-content\/uploads\/2025\/05\/IMG_3107-2-e1747505361137.jpg\",\"contentUrl\":\"https:\/\/www.nexoinformativo.mx\/wp-content\/uploads\/2025\/05\/IMG_3107-2-e1747505361137.jpg\",\"width\":800,\"height\":714},{\"@type\":\"BreadcrumbList\",\"@id\":\"https:\/\/www.nexoinformativo.mx\/index.php\/2025\/05\/17\/mexico-firme-contra-impuesto-a-remesas-defendera-a-connacionales-en-eua\/#breadcrumb\",\"itemListElement\":[{\"@type\":\"ListItem\",\"position\":1,\"name\":\"Inicio\",\"item\":\"https:\/\/www.nexoinformativo.mx\/\"},{\"@type\":\"ListItem\",\"position\":2,\"name\":\"M\u00e9xico firme contra impuesto a remesas defender\u00e1 a connacionales en EUA\"}]},{\"@type\":\"WebSite\",\"@id\":\"https:\/\/www.nexoinformativo.mx\/#website\",\"url\":\"https:\/\/www.nexoinformativo.mx\/\",\"name\":\"Nexo Informativo Santiago de Quer\u00e9taro\",\"description\":\"Explora NexoInformativo y convi\u00e9rtete en parte de una comunidad que valora el conocimiento y la verdad. Tu nexoinformativo es tu puente hacia una comprensi\u00f3n m\u00e1s profunda del mundo que te rodea.\",\"publisher\":{\"@id\":\"https:\/\/www.nexoinformativo.mx\/#organization\"},\"potentialAction\":[{\"@type\":\"SearchAction\",\"target\":{\"@type\":\"EntryPoint\",\"urlTemplate\":\"https:\/\/www.nexoinformativo.mx\/?s={search_term_string}\"},\"query-input\":{\"@type\":\"PropertyValueSpecification\",\"valueRequired\":true,\"valueName\":\"search_term_string\"}}],\"inLanguage\":\"es\"},{\"@type\":\"Organization\",\"@id\":\"https:\/\/www.nexoinformativo.mx\/#organization\",\"name\":\"Nexo Informativo Santiago de Quer\u00e9taro\",\"url\":\"https:\/\/www.nexoinformativo.mx\/\",\"logo\":{\"@type\":\"ImageObject\",\"inLanguage\":\"es\",\"@id\":\"https:\/\/www.nexoinformativo.mx\/#\/schema\/logo\/image\/\",\"url\":\"https:\/\/www.nexoinformativo.mx\/wp-content\/uploads\/2024\/07\/nexoi-trasparente-2.png\",\"contentUrl\":\"https:\/\/www.nexoinformativo.mx\/wp-content\/uploads\/2024\/07\/nexoi-trasparente-2.png\",\"width\":816,\"height\":339,\"caption\":\"Nexo Informativo Santiago de Quer\u00e9taro\"},\"image\":{\"@id\":\"https:\/\/www.nexoinformativo.mx\/#\/schema\/logo\/image\/\"},\"sameAs\":[\"https:\/\/www.facebook.com\/people\/Nexo-Informativo\/61564066885511\/\"]},{\"@type\":\"Person\",\"@id\":\"https:\/\/www.nexoinformativo.mx\/#\/schema\/person\/7749d380ba08c8ca00d7bc76fd907b7d\",\"name\":\"Nexo Informativo\",\"image\":{\"@type\":\"ImageObject\",\"inLanguage\":\"es\",\"@id\":\"https:\/\/www.nexoinformativo.mx\/#\/schema\/person\/image\/\",\"url\":\"https:\/\/secure.gravatar.com\/avatar\/dde2928154642a13d95f87ddf1ea9718fe2b46760a005c53e41ff5ad610704e6?s=96&d=mm&r=g\",\"contentUrl\":\"https:\/\/secure.gravatar.com\/avatar\/dde2928154642a13d95f87ddf1ea9718fe2b46760a005c53e41ff5ad610704e6?s=96&d=mm&r=g\",\"caption\":\"Nexo Informativo\"},\"url\":\"https:\/\/www.nexoinformativo.mx\/index.php\/author\/edicion\/\"}]}<\/script>\n<!-- \/ Yoast SEO plugin. -->","yoast_head_json":{"title":"M\u00e9xico firme contra impuesto a remesas defender\u00e1 a connacionales en EUA | Nexo Informativo Santiago de Quer\u00e9taro","description":"M\u00e9xico firme contra impuesto a remesas defender\u00e1 a connacionales en EUA","robots":{"index":"index","follow":"follow","max-snippet":"max-snippet:-1","max-image-preview":"max-image-preview:large","max-video-preview":"max-video-preview:-1"},"canonical":"https:\/\/www.nexoinformativo.mx\/index.php\/2025\/05\/17\/mexico-firme-contra-impuesto-a-remesas-defendera-a-connacionales-en-eua\/","og_locale":"es_MX","og_type":"article","og_title":"M\u00e9xico firme contra impuesto a remesas defender\u00e1 a connacionales en EUA | Nexo Informativo Santiago de Quer\u00e9taro","og_description":"M\u00e9xico firme contra impuesto a remesas defender\u00e1 a connacionales en EUA","og_url":"https:\/\/www.nexoinformativo.mx\/index.php\/2025\/05\/17\/mexico-firme-contra-impuesto-a-remesas-defendera-a-connacionales-en-eua\/","og_site_name":"Nexo Informativo Santiago de Quer\u00e9taro","article_publisher":"https:\/\/www.facebook.com\/people\/Nexo-Informativo\/61564066885511\/","article_published_time":"2025-05-17T15:00:16+00:00","article_modified_time":"2025-05-17T18:10:11+00:00","og_image":[{"width":800,"height":714,"url":"https:\/\/www.nexoinformativo.mx\/wp-content\/uploads\/2025\/05\/IMG_3107-2-e1747505361137.jpg","type":"image\/jpeg"}],"author":"Nexo Informativo","twitter_card":"summary_large_image","twitter_misc":{"Escrito por":"Nexo Informativo","Tiempo de lectura":"2 minutos"},"schema":{"@context":"https:\/\/schema.org","@graph":[{"@type":"Article","@id":"https:\/\/www.nexoinformativo.mx\/index.php\/2025\/05\/17\/mexico-firme-contra-impuesto-a-remesas-defendera-a-connacionales-en-eua\/#article","isPartOf":{"@id":"https:\/\/www.nexoinformativo.mx\/index.php\/2025\/05\/17\/mexico-firme-contra-impuesto-a-remesas-defendera-a-connacionales-en-eua\/"},"author":{"name":"Nexo Informativo","@id":"https:\/\/www.nexoinformativo.mx\/#\/schema\/person\/7749d380ba08c8ca00d7bc76fd907b7d"},"headline":"M\u00e9xico firme contra impuesto a remesas defender\u00e1 a connacionales en EUA","datePublished":"2025-05-17T15:00:16+00:00","dateModified":"2025-05-17T18:10:11+00:00","mainEntityOfPage":{"@id":"https:\/\/www.nexoinformativo.mx\/index.php\/2025\/05\/17\/mexico-firme-contra-impuesto-a-remesas-defendera-a-connacionales-en-eua\/"},"wordCount":337,"commentCount":0,"publisher":{"@id":"https:\/\/www.nexoinformativo.mx\/#organization"},"image":{"@id":"https:\/\/www.nexoinformativo.mx\/index.php\/2025\/05\/17\/mexico-firme-contra-impuesto-a-remesas-defendera-a-connacionales-en-eua\/#primaryimage"},"thumbnailUrl":"https:\/\/www.nexoinformativo.mx\/wp-content\/uploads\/2025\/05\/IMG_3107-2-e1747505361137.jpg","keywords":["DefensaRemesasMX","MexicanosEnEUA","NoAlImpuestoRemesas","SheinbaumConMx"],"articleSection":["Econom\u00eda","Nacional","\u00daltima Hora"],"inLanguage":"es","potentialAction":[{"@type":"CommentAction","name":"Comment","target":["https:\/\/www.nexoinformativo.mx\/index.php\/2025\/05\/17\/mexico-firme-contra-impuesto-a-remesas-defendera-a-connacionales-en-eua\/#respond"]}]},{"@type":"WebPage","@id":"https:\/\/www.nexoinformativo.mx\/index.php\/2025\/05\/17\/mexico-firme-contra-impuesto-a-remesas-defendera-a-connacionales-en-eua\/","url":"https:\/\/www.nexoinformativo.mx\/index.php\/2025\/05\/17\/mexico-firme-contra-impuesto-a-remesas-defendera-a-connacionales-en-eua\/","name":"M\u00e9xico firme contra impuesto a remesas defender\u00e1 a connacionales en EUA | Nexo Informativo Santiago de Quer\u00e9taro","isPartOf":{"@id":"https:\/\/www.nexoinformativo.mx\/#website"},"primaryImageOfPage":{"@id":"https:\/\/www.nexoinformativo.mx\/index.php\/2025\/05\/17\/mexico-firme-contra-impuesto-a-remesas-defendera-a-connacionales-en-eua\/#primaryimage"},"image":{"@id":"https:\/\/www.nexoinformativo.mx\/index.php\/2025\/05\/17\/mexico-firme-contra-impuesto-a-remesas-defendera-a-connacionales-en-eua\/#primaryimage"},"thumbnailUrl":"https:\/\/www.nexoinformativo.mx\/wp-content\/uploads\/2025\/05\/IMG_3107-2-e1747505361137.jpg","datePublished":"2025-05-17T15:00:16+00:00","dateModified":"2025-05-17T18:10:11+00:00","description":"M\u00e9xico firme contra impuesto a remesas defender\u00e1 a connacionales en EUA","breadcrumb":{"@id":"https:\/\/www.nexoinformativo.mx\/index.php\/2025\/05\/17\/mexico-firme-contra-impuesto-a-remesas-defendera-a-connacionales-en-eua\/#breadcrumb"},"inLanguage":"es","potentialAction":[{"@type":"ReadAction","target":["https:\/\/www.nexoinformativo.mx\/index.php\/2025\/05\/17\/mexico-firme-contra-impuesto-a-remesas-defendera-a-connacionales-en-eua\/"]}]},{"@type":"ImageObject","inLanguage":"es","@id":"https:\/\/www.nexoinformativo.mx\/index.php\/2025\/05\/17\/mexico-firme-contra-impuesto-a-remesas-defendera-a-connacionales-en-eua\/#primaryimage","url":"https:\/\/www.nexoinformativo.mx\/wp-content\/uploads\/2025\/05\/IMG_3107-2-e1747505361137.jpg","contentUrl":"https:\/\/www.nexoinformativo.mx\/wp-content\/uploads\/2025\/05\/IMG_3107-2-e1747505361137.jpg","width":800,"height":714},{"@type":"BreadcrumbList","@id":"https:\/\/www.nexoinformativo.mx\/index.php\/2025\/05\/17\/mexico-firme-contra-impuesto-a-remesas-defendera-a-connacionales-en-eua\/#breadcrumb","itemListElement":[{"@type":"ListItem","position":1,"name":"Inicio","item":"https:\/\/www.nexoinformativo.mx\/"},{"@type":"ListItem","position":2,"name":"M\u00e9xico firme contra impuesto a remesas defender\u00e1 a connacionales en EUA"}]},{"@type":"WebSite","@id":"https:\/\/www.nexoinformativo.mx\/#website","url":"https:\/\/www.nexoinformativo.mx\/","name":"Nexo Informativo Santiago de Quer\u00e9taro","description":"Explora NexoInformativo y convi\u00e9rtete en parte de una comunidad que valora el conocimiento y la verdad. Tu nexoinformativo es tu puente hacia una comprensi\u00f3n m\u00e1s profunda del mundo que te rodea.","publisher":{"@id":"https:\/\/www.nexoinformativo.mx\/#organization"},"potentialAction":[{"@type":"SearchAction","target":{"@type":"EntryPoint","urlTemplate":"https:\/\/www.nexoinformativo.mx\/?s={search_term_string}"},"query-input":{"@type":"PropertyValueSpecification","valueRequired":true,"valueName":"search_term_string"}}],"inLanguage":"es"},{"@type":"Organization","@id":"https:\/\/www.nexoinformativo.mx\/#organization","name":"Nexo Informativo Santiago de Quer\u00e9taro","url":"https:\/\/www.nexoinformativo.mx\/","logo":{"@type":"ImageObject","inLanguage":"es","@id":"https:\/\/www.nexoinformativo.mx\/#\/schema\/logo\/image\/","url":"https:\/\/www.nexoinformativo.mx\/wp-content\/uploads\/2024\/07\/nexoi-trasparente-2.png","contentUrl":"https:\/\/www.nexoinformativo.mx\/wp-content\/uploads\/2024\/07\/nexoi-trasparente-2.png","width":816,"height":339,"caption":"Nexo Informativo Santiago de Quer\u00e9taro"},"image":{"@id":"https:\/\/www.nexoinformativo.mx\/#\/schema\/logo\/image\/"},"sameAs":["https:\/\/www.facebook.com\/people\/Nexo-Informativo\/61564066885511\/"]},{"@type":"Person","@id":"https:\/\/www.nexoinformativo.mx\/#\/schema\/person\/7749d380ba08c8ca00d7bc76fd907b7d","name":"Nexo Informativo","image":{"@type":"ImageObject","inLanguage":"es","@id":"https:\/\/www.nexoinformativo.mx\/#\/schema\/person\/image\/","url":"https:\/\/secure.gravatar.com\/avatar\/dde2928154642a13d95f87ddf1ea9718fe2b46760a005c53e41ff5ad610704e6?s=96&d=mm&r=g","contentUrl":"https:\/\/secure.gravatar.com\/avatar\/dde2928154642a13d95f87ddf1ea9718fe2b46760a005c53e41ff5ad610704e6?s=96&d=mm&r=g","caption":"Nexo Informativo"},"url":"https:\/\/www.nexoinformativo.mx\/index.php\/author\/edicion\/"}]}},"_links":{"self":[{"href":"https:\/\/www.nexoinformativo.mx\/index.php\/wp-json\/wp\/v2\/posts\/15037","targetHints":{"allow":["GET"]}}],"collection":[{"href":"https:\/\/www.nexoinformativo.mx\/index.php\/wp-json\/wp\/v2\/posts"}],"about":[{"href":"https:\/\/www.nexoinformativo.mx\/index.php\/wp-json\/wp\/v2\/types\/post"}],"author":[{"embeddable":true,"href":"https:\/\/www.nexoinformativo.mx\/index.php\/wp-json\/wp\/v2\/users\/3"}],"replies":[{"embeddable":true,"href":"https:\/\/www.nexoinformativo.mx\/index.php\/wp-json\/wp\/v2\/comments?post=15037"}],"version-history":[{"count":3,"href":"https:\/\/www.nexoinformativo.mx\/index.php\/wp-json\/wp\/v2\/posts\/15037\/revisions"}],"predecessor-version":[{"id":15041,"href":"https:\/\/www.nexoinformativo.mx\/index.php\/wp-json\/wp\/v2\/posts\/15037\/revisions\/15041"}],"wp:featuredmedia":[{"embeddable":true,"href":"https:\/\/www.nexoinformativo.mx\/index.php\/wp-json\/wp\/v2\/media\/15038"}],"wp:attachment":[{"href":"https:\/\/www.nexoinformativo.mx\/index.php\/wp-json\/wp\/v2\/media?parent=15037"}],"wp:term":[{"taxonomy":"category","embeddable":true,"href":"https:\/\/www.nexoinformativo.mx\/index.php\/wp-json\/wp\/v2\/categories?post=15037"},{"taxonomy":"post_tag","embeddable":true,"href":"https:\/\/www.nexoinformativo.mx\/index.php\/wp-json\/wp\/v2\/tags?post=15037"}],"curies":[{"name":"wp","href":"https:\/\/api.w.org\/{rel}","templated":true}]}}