{"id":15042,"date":"2025-05-17T10:00:24","date_gmt":"2025-05-17T16:00:24","guid":{"rendered":"https:\/\/www.nexoinformativo.mx\/?p=15042"},"modified":"2025-05-17T12:15:33","modified_gmt":"2025-05-17T18:15:33","slug":"impulso-local-productos-queretanos-conquistan-los-estantes-de-chedraui-con-apoyo-de-sedesu","status":"publish","type":"post","link":"https:\/\/www.nexoinformativo.mx\/index.php\/2025\/05\/17\/impulso-local-productos-queretanos-conquistan-los-estantes-de-chedraui-con-apoyo-de-sedesu\/","title":{"rendered":"Impulso local productos Queretanos conquistan los estantes de Chedraui con apoyo de SEDESU"},"content":{"rendered":"<p style=\"text-align: justify;\" data-sourcepos=\"3:1-3:458\">El secretario de Desarrollo Sustentable (SEDESU), Marco Antonio Del Prete, inaugur\u00f3 la Feria de Productos Queretanos en Chedraui, un escaparate para 30 productores locales que durante 15 d\u00edas ofrecer\u00e1n sus deliciosos art\u00edculos en las seis tiendas de la cadena comercial en la entidad. El objetivo final: convertirlos en proveedores permanentes a nivel local y nacional.<\/p>\n<p>&nbsp;<\/p>\n<p style=\"text-align: justify;\" data-sourcepos=\"5:1-5:471\">Del Prete resalt\u00f3 la confianza depositada por los emprendedores en la SEDESU, se\u00f1alando que sus ambiciones est\u00e1n encontrando un camino real para integrarse a las grandes cadenas de valor.<\/p>\n<p>&nbsp;<\/p>\n<p style=\"text-align: justify;\" data-sourcepos=\"5:1-5:471\"><strong>&#8220;Los sue\u00f1os que nos han confiado los hemos hecho propios y en la SEDESU estamos para arropar su proyecto. Nos da mucho gusto que 10 de las 30 empresas participen por segundo a\u00f1o en la feria. No est\u00e1n solos, los vamos a seguir acompa\u00f1ando&#8221;<\/strong>, expres\u00f3 con entusiasmo el secretario.<\/p>\n<p>&nbsp;<\/p>\n<p style=\"text-align: justify;\" data-sourcepos=\"7:1-7:619\">Juan Carlos Ostolaza, director general del Centro de Competitividad de M\u00e9xico (CCMX), destac\u00f3 que esta feria act\u00faa como un puente de colaboraci\u00f3n entre el sector privado y el gobierno, permitiendo a las PyMEs integrarse a las cadenas de valor con acompa\u00f1amiento y capacitaci\u00f3n.<\/p>\n<p>&nbsp;<\/p>\n<p style=\"text-align: justify;\" data-sourcepos=\"7:1-7:619\">La vinculaci\u00f3n con Chedraui, a\u00f1adi\u00f3, les brinda la oportunidad de posicionarse como proveedores locales profesionalizados. &#8220;Reconozco la labor del secretario Del Prete porque siempre busca c\u00f3mo apoyar a las PyMEs y no s\u00f3lo a las grandes empresas. Quer\u00e9taro es uno de los estados con mayor desarrollo del pa\u00eds&#8221;, afirm\u00f3 Ostolaza Cort\u00e9s.<\/p>\n<p>&nbsp;<\/p>\n<p style=\"text-align: justify;\" data-sourcepos=\"9:1-9:391\">En Quer\u00e9taro existe talento creativo capaz de ofrecer productos de calidad para conquistar los mercados m\u00e1s exigentes a nivel nacional e internacional.<\/p>\n<p>&nbsp;<\/p>\n<p style=\"text-align: justify;\" data-sourcepos=\"11:1-11:268\">Finalmente, Guadalupe B\u00e1ez Garc\u00eda, gerente de la Tienda Chedraui Selecto Centro Sur, reafirm\u00f3 el compromiso de la cadena comercial de continuar apoyando a proveedores 100 por ciento regionales para facilitar su entrada al mercado e impulsar as\u00ed la econom\u00eda del estado.<\/p>\n<p>&nbsp;<\/p>\n<p style=\"text-align: center;\" data-sourcepos=\"11:1-11:268\"><em><strong>\u00a1Informaci\u00f3n que transforma!<\/strong><\/em><\/p>\n","protected":false},"excerpt":{"rendered":"<p>El secretario de Desarrollo Sustentable (SEDESU), Marco Antonio Del Prete, inaugur\u00f3 la Feria de Productos Queretanos en Chedraui, un escaparate para 30 productores locales que durante 15 d\u00edas ofrecer\u00e1n sus deliciosos art\u00edculos en las seis tiendas de la cadena comercial en la entidad. El objetivo final: convertirlos en proveedores permanentes a nivel local y nacional.<\/p>\n","protected":false},"author":3,"featured_media":15043,"comment_status":"open","ping_status":"open","sticky":false,"template":"","format":"standard","meta":{"footnotes":""},"categories":[5,42,58],"tags":[4498,4415,4497,4496],"class_list":["post-15042","post","type-post","status-publish","format-standard","has-post-thumbnail","hentry","category-economia","category-estado","category-ultima-hora","tag-chedrauiapoyalocal","tag-consumelocalqro","tag-delpreteconproductores","tag-hechoenqueretaro"],"yoast_head":"<!-- This site is optimized with the Yoast SEO plugin v25.0 - https:\/\/yoast.com\/wordpress\/plugins\/seo\/ -->\n<title>Impulso local productos Queretanos conquistan los estantes de Chedraui con apoyo de SEDESU | Nexo Informativo Santiago de Quer\u00e9taro<\/title>\n<meta name=\"description\" content=\"Impulso local productos Queretanos conquistan los estantes de Chedraui con apoyo de SEDESU\" \/>\n<meta name=\"robots\" content=\"index, follow, max-snippet:-1, max-image-preview:large, max-video-preview:-1\" \/>\n<link rel=\"canonical\" href=\"https:\/\/www.nexoinformativo.mx\/index.php\/2025\/05\/17\/impulso-local-productos-queretanos-conquistan-los-estantes-de-chedraui-con-apoyo-de-sedesu\/\" \/>\n<meta property=\"og:locale\" content=\"es_MX\" \/>\n<meta property=\"og:type\" content=\"article\" \/>\n<meta property=\"og:title\" content=\"Impulso local productos Queretanos conquistan los estantes de Chedraui con apoyo de SEDESU | Nexo Informativo Santiago de Quer\u00e9taro\" \/>\n<meta property=\"og:description\" content=\"Impulso local productos Queretanos conquistan los estantes de Chedraui con apoyo de SEDESU\" \/>\n<meta property=\"og:url\" content=\"https:\/\/www.nexoinformativo.mx\/index.php\/2025\/05\/17\/impulso-local-productos-queretanos-conquistan-los-estantes-de-chedraui-con-apoyo-de-sedesu\/\" \/>\n<meta property=\"og:site_name\" content=\"Nexo Informativo Santiago de Quer\u00e9taro\" \/>\n<meta property=\"article:publisher\" content=\"https:\/\/www.facebook.com\/people\/Nexo-Informativo\/61564066885511\/\" \/>\n<meta property=\"article:published_time\" content=\"2025-05-17T16:00:24+00:00\" \/>\n<meta property=\"article:modified_time\" content=\"2025-05-17T18:15:33+00:00\" \/>\n<meta property=\"og:image\" content=\"https:\/\/www.nexoinformativo.mx\/wp-content\/uploads\/2025\/05\/PHOTO-2025-05-17-11-48-24-e1747505686138.jpg\" \/>\n\t<meta property=\"og:image:width\" content=\"800\" \/>\n\t<meta property=\"og:image:height\" content=\"533\" \/>\n\t<meta property=\"og:image:type\" content=\"image\/jpeg\" \/>\n<meta name=\"author\" content=\"Nexo Informativo\" \/>\n<meta name=\"twitter:card\" content=\"summary_large_image\" \/>\n<meta name=\"twitter:label1\" content=\"Escrito por\" \/>\n\t<meta name=\"twitter:data1\" content=\"Nexo Informativo\" \/>\n\t<meta name=\"twitter:label2\" content=\"Tiempo de lectura\" \/>\n\t<meta name=\"twitter:data2\" content=\"2 minutos\" \/>\n<script type=\"application\/ld+json\" class=\"yoast-schema-graph\">{\"@context\":\"https:\/\/schema.org\",\"@graph\":[{\"@type\":\"Article\",\"@id\":\"https:\/\/www.nexoinformativo.mx\/index.php\/2025\/05\/17\/impulso-local-productos-queretanos-conquistan-los-estantes-de-chedraui-con-apoyo-de-sedesu\/#article\",\"isPartOf\":{\"@id\":\"https:\/\/www.nexoinformativo.mx\/index.php\/2025\/05\/17\/impulso-local-productos-queretanos-conquistan-los-estantes-de-chedraui-con-apoyo-de-sedesu\/\"},\"author\":{\"name\":\"Nexo Informativo\",\"@id\":\"https:\/\/www.nexoinformativo.mx\/#\/schema\/person\/7749d380ba08c8ca00d7bc76fd907b7d\"},\"headline\":\"Impulso local productos Queretanos conquistan los estantes de Chedraui con apoyo de SEDESU\",\"datePublished\":\"2025-05-17T16:00:24+00:00\",\"dateModified\":\"2025-05-17T18:15:33+00:00\",\"mainEntityOfPage\":{\"@id\":\"https:\/\/www.nexoinformativo.mx\/index.php\/2025\/05\/17\/impulso-local-productos-queretanos-conquistan-los-estantes-de-chedraui-con-apoyo-de-sedesu\/\"},\"wordCount\":335,\"commentCount\":0,\"publisher\":{\"@id\":\"https:\/\/www.nexoinformativo.mx\/#organization\"},\"image\":{\"@id\":\"https:\/\/www.nexoinformativo.mx\/index.php\/2025\/05\/17\/impulso-local-productos-queretanos-conquistan-los-estantes-de-chedraui-con-apoyo-de-sedesu\/#primaryimage\"},\"thumbnailUrl\":\"https:\/\/www.nexoinformativo.mx\/wp-content\/uploads\/2025\/05\/PHOTO-2025-05-17-11-48-24-e1747505686138.jpg\",\"keywords\":[\"ChedrauiApoyaLocal\",\"ConsumeLocalQro\",\"DelPreteConProductores\",\"HechoEnQuer\u00e9taro\"],\"articleSection\":[\"Econom\u00eda\",\"Estado\",\"\u00daltima Hora\"],\"inLanguage\":\"es\",\"potentialAction\":[{\"@type\":\"CommentAction\",\"name\":\"Comment\",\"target\":[\"https:\/\/www.nexoinformativo.mx\/index.php\/2025\/05\/17\/impulso-local-productos-queretanos-conquistan-los-estantes-de-chedraui-con-apoyo-de-sedesu\/#respond\"]}]},{\"@type\":\"WebPage\",\"@id\":\"https:\/\/www.nexoinformativo.mx\/index.php\/2025\/05\/17\/impulso-local-productos-queretanos-conquistan-los-estantes-de-chedraui-con-apoyo-de-sedesu\/\",\"url\":\"https:\/\/www.nexoinformativo.mx\/index.php\/2025\/05\/17\/impulso-local-productos-queretanos-conquistan-los-estantes-de-chedraui-con-apoyo-de-sedesu\/\",\"name\":\"Impulso local productos Queretanos conquistan los estantes de Chedraui con apoyo de SEDESU | Nexo Informativo Santiago de Quer\u00e9taro\",\"isPartOf\":{\"@id\":\"https:\/\/www.nexoinformativo.mx\/#website\"},\"primaryImageOfPage\":{\"@id\":\"https:\/\/www.nexoinformativo.mx\/index.php\/2025\/05\/17\/impulso-local-productos-queretanos-conquistan-los-estantes-de-chedraui-con-apoyo-de-sedesu\/#primaryimage\"},\"image\":{\"@id\":\"https:\/\/www.nexoinformativo.mx\/index.php\/2025\/05\/17\/impulso-local-productos-queretanos-conquistan-los-estantes-de-chedraui-con-apoyo-de-sedesu\/#primaryimage\"},\"thumbnailUrl\":\"https:\/\/www.nexoinformativo.mx\/wp-content\/uploads\/2025\/05\/PHOTO-2025-05-17-11-48-24-e1747505686138.jpg\",\"datePublished\":\"2025-05-17T16:00:24+00:00\",\"dateModified\":\"2025-05-17T18:15:33+00:00\",\"description\":\"Impulso local productos Queretanos conquistan los estantes de Chedraui con apoyo de SEDESU\",\"breadcrumb\":{\"@id\":\"https:\/\/www.nexoinformativo.mx\/index.php\/2025\/05\/17\/impulso-local-productos-queretanos-conquistan-los-estantes-de-chedraui-con-apoyo-de-sedesu\/#breadcrumb\"},\"inLanguage\":\"es\",\"potentialAction\":[{\"@type\":\"ReadAction\",\"target\":[\"https:\/\/www.nexoinformativo.mx\/index.php\/2025\/05\/17\/impulso-local-productos-queretanos-conquistan-los-estantes-de-chedraui-con-apoyo-de-sedesu\/\"]}]},{\"@type\":\"ImageObject\",\"inLanguage\":\"es\",\"@id\":\"https:\/\/www.nexoinformativo.mx\/index.php\/2025\/05\/17\/impulso-local-productos-queretanos-conquistan-los-estantes-de-chedraui-con-apoyo-de-sedesu\/#primaryimage\",\"url\":\"https:\/\/www.nexoinformativo.mx\/wp-content\/uploads\/2025\/05\/PHOTO-2025-05-17-11-48-24-e1747505686138.jpg\",\"contentUrl\":\"https:\/\/www.nexoinformativo.mx\/wp-content\/uploads\/2025\/05\/PHOTO-2025-05-17-11-48-24-e1747505686138.jpg\",\"width\":800,\"height\":533},{\"@type\":\"BreadcrumbList\",\"@id\":\"https:\/\/www.nexoinformativo.mx\/index.php\/2025\/05\/17\/impulso-local-productos-queretanos-conquistan-los-estantes-de-chedraui-con-apoyo-de-sedesu\/#breadcrumb\",\"itemListElement\":[{\"@type\":\"ListItem\",\"position\":1,\"name\":\"Inicio\",\"item\":\"https:\/\/www.nexoinformativo.mx\/\"},{\"@type\":\"ListItem\",\"position\":2,\"name\":\"Impulso local productos Queretanos conquistan los estantes de Chedraui con apoyo de SEDESU\"}]},{\"@type\":\"WebSite\",\"@id\":\"https:\/\/www.nexoinformativo.mx\/#website\",\"url\":\"https:\/\/www.nexoinformativo.mx\/\",\"name\":\"Nexo Informativo Santiago de Quer\u00e9taro\",\"description\":\"Explora NexoInformativo y convi\u00e9rtete en parte de una comunidad que valora el conocimiento y la verdad. Tu nexoinformativo es tu puente hacia una comprensi\u00f3n m\u00e1s profunda del mundo que te rodea.\",\"publisher\":{\"@id\":\"https:\/\/www.nexoinformativo.mx\/#organization\"},\"potentialAction\":[{\"@type\":\"SearchAction\",\"target\":{\"@type\":\"EntryPoint\",\"urlTemplate\":\"https:\/\/www.nexoinformativo.mx\/?s={search_term_string}\"},\"query-input\":{\"@type\":\"PropertyValueSpecification\",\"valueRequired\":true,\"valueName\":\"search_term_string\"}}],\"inLanguage\":\"es\"},{\"@type\":\"Organization\",\"@id\":\"https:\/\/www.nexoinformativo.mx\/#organization\",\"name\":\"Nexo Informativo Santiago de Quer\u00e9taro\",\"url\":\"https:\/\/www.nexoinformativo.mx\/\",\"logo\":{\"@type\":\"ImageObject\",\"inLanguage\":\"es\",\"@id\":\"https:\/\/www.nexoinformativo.mx\/#\/schema\/logo\/image\/\",\"url\":\"https:\/\/www.nexoinformativo.mx\/wp-content\/uploads\/2024\/07\/nexoi-trasparente-2.png\",\"contentUrl\":\"https:\/\/www.nexoinformativo.mx\/wp-content\/uploads\/2024\/07\/nexoi-trasparente-2.png\",\"width\":816,\"height\":339,\"caption\":\"Nexo Informativo Santiago de Quer\u00e9taro\"},\"image\":{\"@id\":\"https:\/\/www.nexoinformativo.mx\/#\/schema\/logo\/image\/\"},\"sameAs\":[\"https:\/\/www.facebook.com\/people\/Nexo-Informativo\/61564066885511\/\"]},{\"@type\":\"Person\",\"@id\":\"https:\/\/www.nexoinformativo.mx\/#\/schema\/person\/7749d380ba08c8ca00d7bc76fd907b7d\",\"name\":\"Nexo Informativo\",\"image\":{\"@type\":\"ImageObject\",\"inLanguage\":\"es\",\"@id\":\"https:\/\/www.nexoinformativo.mx\/#\/schema\/person\/image\/\",\"url\":\"https:\/\/secure.gravatar.com\/avatar\/dde2928154642a13d95f87ddf1ea9718fe2b46760a005c53e41ff5ad610704e6?s=96&d=mm&r=g\",\"contentUrl\":\"https:\/\/secure.gravatar.com\/avatar\/dde2928154642a13d95f87ddf1ea9718fe2b46760a005c53e41ff5ad610704e6?s=96&d=mm&r=g\",\"caption\":\"Nexo Informativo\"},\"url\":\"https:\/\/www.nexoinformativo.mx\/index.php\/author\/edicion\/\"}]}<\/script>\n<!-- \/ Yoast SEO plugin. -->","yoast_head_json":{"title":"Impulso local productos Queretanos conquistan los estantes de Chedraui con apoyo de SEDESU | Nexo Informativo Santiago de Quer\u00e9taro","description":"Impulso local productos Queretanos conquistan los estantes de Chedraui con apoyo de SEDESU","robots":{"index":"index","follow":"follow","max-snippet":"max-snippet:-1","max-image-preview":"max-image-preview:large","max-video-preview":"max-video-preview:-1"},"canonical":"https:\/\/www.nexoinformativo.mx\/index.php\/2025\/05\/17\/impulso-local-productos-queretanos-conquistan-los-estantes-de-chedraui-con-apoyo-de-sedesu\/","og_locale":"es_MX","og_type":"article","og_title":"Impulso local productos Queretanos conquistan los estantes de Chedraui con apoyo de SEDESU | Nexo Informativo Santiago de Quer\u00e9taro","og_description":"Impulso local productos Queretanos conquistan los estantes de Chedraui con apoyo de SEDESU","og_url":"https:\/\/www.nexoinformativo.mx\/index.php\/2025\/05\/17\/impulso-local-productos-queretanos-conquistan-los-estantes-de-chedraui-con-apoyo-de-sedesu\/","og_site_name":"Nexo Informativo Santiago de Quer\u00e9taro","article_publisher":"https:\/\/www.facebook.com\/people\/Nexo-Informativo\/61564066885511\/","article_published_time":"2025-05-17T16:00:24+00:00","article_modified_time":"2025-05-17T18:15:33+00:00","og_image":[{"width":800,"height":533,"url":"https:\/\/www.nexoinformativo.mx\/wp-content\/uploads\/2025\/05\/PHOTO-2025-05-17-11-48-24-e1747505686138.jpg","type":"image\/jpeg"}],"author":"Nexo Informativo","twitter_card":"summary_large_image","twitter_misc":{"Escrito por":"Nexo Informativo","Tiempo de lectura":"2 minutos"},"schema":{"@context":"https:\/\/schema.org","@graph":[{"@type":"Article","@id":"https:\/\/www.nexoinformativo.mx\/index.php\/2025\/05\/17\/impulso-local-productos-queretanos-conquistan-los-estantes-de-chedraui-con-apoyo-de-sedesu\/#article","isPartOf":{"@id":"https:\/\/www.nexoinformativo.mx\/index.php\/2025\/05\/17\/impulso-local-productos-queretanos-conquistan-los-estantes-de-chedraui-con-apoyo-de-sedesu\/"},"author":{"name":"Nexo Informativo","@id":"https:\/\/www.nexoinformativo.mx\/#\/schema\/person\/7749d380ba08c8ca00d7bc76fd907b7d"},"headline":"Impulso local productos Queretanos conquistan los estantes de Chedraui con apoyo de SEDESU","datePublished":"2025-05-17T16:00:24+00:00","dateModified":"2025-05-17T18:15:33+00:00","mainEntityOfPage":{"@id":"https:\/\/www.nexoinformativo.mx\/index.php\/2025\/05\/17\/impulso-local-productos-queretanos-conquistan-los-estantes-de-chedraui-con-apoyo-de-sedesu\/"},"wordCount":335,"commentCount":0,"publisher":{"@id":"https:\/\/www.nexoinformativo.mx\/#organization"},"image":{"@id":"https:\/\/www.nexoinformativo.mx\/index.php\/2025\/05\/17\/impulso-local-productos-queretanos-conquistan-los-estantes-de-chedraui-con-apoyo-de-sedesu\/#primaryimage"},"thumbnailUrl":"https:\/\/www.nexoinformativo.mx\/wp-content\/uploads\/2025\/05\/PHOTO-2025-05-17-11-48-24-e1747505686138.jpg","keywords":["ChedrauiApoyaLocal","ConsumeLocalQro","DelPreteConProductores","HechoEnQuer\u00e9taro"],"articleSection":["Econom\u00eda","Estado","\u00daltima Hora"],"inLanguage":"es","potentialAction":[{"@type":"CommentAction","name":"Comment","target":["https:\/\/www.nexoinformativo.mx\/index.php\/2025\/05\/17\/impulso-local-productos-queretanos-conquistan-los-estantes-de-chedraui-con-apoyo-de-sedesu\/#respond"]}]},{"@type":"WebPage","@id":"https:\/\/www.nexoinformativo.mx\/index.php\/2025\/05\/17\/impulso-local-productos-queretanos-conquistan-los-estantes-de-chedraui-con-apoyo-de-sedesu\/","url":"https:\/\/www.nexoinformativo.mx\/index.php\/2025\/05\/17\/impulso-local-productos-queretanos-conquistan-los-estantes-de-chedraui-con-apoyo-de-sedesu\/","name":"Impulso local productos Queretanos conquistan los estantes de Chedraui con apoyo de SEDESU | Nexo Informativo Santiago de Quer\u00e9taro","isPartOf":{"@id":"https:\/\/www.nexoinformativo.mx\/#website"},"primaryImageOfPage":{"@id":"https:\/\/www.nexoinformativo.mx\/index.php\/2025\/05\/17\/impulso-local-productos-queretanos-conquistan-los-estantes-de-chedraui-con-apoyo-de-sedesu\/#primaryimage"},"image":{"@id":"https:\/\/www.nexoinformativo.mx\/index.php\/2025\/05\/17\/impulso-local-productos-queretanos-conquistan-los-estantes-de-chedraui-con-apoyo-de-sedesu\/#primaryimage"},"thumbnailUrl":"https:\/\/www.nexoinformativo.mx\/wp-content\/uploads\/2025\/05\/PHOTO-2025-05-17-11-48-24-e1747505686138.jpg","datePublished":"2025-05-17T16:00:24+00:00","dateModified":"2025-05-17T18:15:33+00:00","description":"Impulso local productos Queretanos conquistan los estantes de Chedraui con apoyo de SEDESU","breadcrumb":{"@id":"https:\/\/www.nexoinformativo.mx\/index.php\/2025\/05\/17\/impulso-local-productos-queretanos-conquistan-los-estantes-de-chedraui-con-apoyo-de-sedesu\/#breadcrumb"},"inLanguage":"es","potentialAction":[{"@type":"ReadAction","target":["https:\/\/www.nexoinformativo.mx\/index.php\/2025\/05\/17\/impulso-local-productos-queretanos-conquistan-los-estantes-de-chedraui-con-apoyo-de-sedesu\/"]}]},{"@type":"ImageObject","inLanguage":"es","@id":"https:\/\/www.nexoinformativo.mx\/index.php\/2025\/05\/17\/impulso-local-productos-queretanos-conquistan-los-estantes-de-chedraui-con-apoyo-de-sedesu\/#primaryimage","url":"https:\/\/www.nexoinformativo.mx\/wp-content\/uploads\/2025\/05\/PHOTO-2025-05-17-11-48-24-e1747505686138.jpg","contentUrl":"https:\/\/www.nexoinformativo.mx\/wp-content\/uploads\/2025\/05\/PHOTO-2025-05-17-11-48-24-e1747505686138.jpg","width":800,"height":533},{"@type":"BreadcrumbList","@id":"https:\/\/www.nexoinformativo.mx\/index.php\/2025\/05\/17\/impulso-local-productos-queretanos-conquistan-los-estantes-de-chedraui-con-apoyo-de-sedesu\/#breadcrumb","itemListElement":[{"@type":"ListItem","position":1,"name":"Inicio","item":"https:\/\/www.nexoinformativo.mx\/"},{"@type":"ListItem","position":2,"name":"Impulso local productos Queretanos conquistan los estantes de Chedraui con apoyo de SEDESU"}]},{"@type":"WebSite","@id":"https:\/\/www.nexoinformativo.mx\/#website","url":"https:\/\/www.nexoinformativo.mx\/","name":"Nexo Informativo Santiago de Quer\u00e9taro","description":"Explora NexoInformativo y convi\u00e9rtete en parte de una comunidad que valora el conocimiento y la verdad. Tu nexoinformativo es tu puente hacia una comprensi\u00f3n m\u00e1s profunda del mundo que te rodea.","publisher":{"@id":"https:\/\/www.nexoinformativo.mx\/#organization"},"potentialAction":[{"@type":"SearchAction","target":{"@type":"EntryPoint","urlTemplate":"https:\/\/www.nexoinformativo.mx\/?s={search_term_string}"},"query-input":{"@type":"PropertyValueSpecification","valueRequired":true,"valueName":"search_term_string"}}],"inLanguage":"es"},{"@type":"Organization","@id":"https:\/\/www.nexoinformativo.mx\/#organization","name":"Nexo Informativo Santiago de Quer\u00e9taro","url":"https:\/\/www.nexoinformativo.mx\/","logo":{"@type":"ImageObject","inLanguage":"es","@id":"https:\/\/www.nexoinformativo.mx\/#\/schema\/logo\/image\/","url":"https:\/\/www.nexoinformativo.mx\/wp-content\/uploads\/2024\/07\/nexoi-trasparente-2.png","contentUrl":"https:\/\/www.nexoinformativo.mx\/wp-content\/uploads\/2024\/07\/nexoi-trasparente-2.png","width":816,"height":339,"caption":"Nexo Informativo Santiago de Quer\u00e9taro"},"image":{"@id":"https:\/\/www.nexoinformativo.mx\/#\/schema\/logo\/image\/"},"sameAs":["https:\/\/www.facebook.com\/people\/Nexo-Informativo\/61564066885511\/"]},{"@type":"Person","@id":"https:\/\/www.nexoinformativo.mx\/#\/schema\/person\/7749d380ba08c8ca00d7bc76fd907b7d","name":"Nexo Informativo","image":{"@type":"ImageObject","inLanguage":"es","@id":"https:\/\/www.nexoinformativo.mx\/#\/schema\/person\/image\/","url":"https:\/\/secure.gravatar.com\/avatar\/dde2928154642a13d95f87ddf1ea9718fe2b46760a005c53e41ff5ad610704e6?s=96&d=mm&r=g","contentUrl":"https:\/\/secure.gravatar.com\/avatar\/dde2928154642a13d95f87ddf1ea9718fe2b46760a005c53e41ff5ad610704e6?s=96&d=mm&r=g","caption":"Nexo Informativo"},"url":"https:\/\/www.nexoinformativo.mx\/index.php\/author\/edicion\/"}]}},"_links":{"self":[{"href":"https:\/\/www.nexoinformativo.mx\/index.php\/wp-json\/wp\/v2\/posts\/15042","targetHints":{"allow":["GET"]}}],"collection":[{"href":"https:\/\/www.nexoinformativo.mx\/index.php\/wp-json\/wp\/v2\/posts"}],"about":[{"href":"https:\/\/www.nexoinformativo.mx\/index.php\/wp-json\/wp\/v2\/types\/post"}],"author":[{"embeddable":true,"href":"https:\/\/www.nexoinformativo.mx\/index.php\/wp-json\/wp\/v2\/users\/3"}],"replies":[{"embeddable":true,"href":"https:\/\/www.nexoinformativo.mx\/index.php\/wp-json\/wp\/v2\/comments?post=15042"}],"version-history":[{"count":2,"href":"https:\/\/www.nexoinformativo.mx\/index.php\/wp-json\/wp\/v2\/posts\/15042\/revisions"}],"predecessor-version":[{"id":15045,"href":"https:\/\/www.nexoinformativo.mx\/index.php\/wp-json\/wp\/v2\/posts\/15042\/revisions\/15045"}],"wp:featuredmedia":[{"embeddable":true,"href":"https:\/\/www.nexoinformativo.mx\/index.php\/wp-json\/wp\/v2\/media\/15043"}],"wp:attachment":[{"href":"https:\/\/www.nexoinformativo.mx\/index.php\/wp-json\/wp\/v2\/media?parent=15042"}],"wp:term":[{"taxonomy":"category","embeddable":true,"href":"https:\/\/www.nexoinformativo.mx\/index.php\/wp-json\/wp\/v2\/categories?post=15042"},{"taxonomy":"post_tag","embeddable":true,"href":"https:\/\/www.nexoinformativo.mx\/index.php\/wp-json\/wp\/v2\/tags?post=15042"}],"curies":[{"name":"wp","href":"https:\/\/api.w.org\/{rel}","templated":true}]}}