{"id":15051,"date":"2025-05-17T12:00:54","date_gmt":"2025-05-17T18:00:54","guid":{"rendered":"https:\/\/www.nexoinformativo.mx\/?p=15051"},"modified":"2025-05-17T12:29:14","modified_gmt":"2025-05-17T18:29:14","slug":"transporte-confiable-al-aeropuerto-la-ameq-toma-las-riendas-del-transporte-al-publico-desde-la-alameda","status":"publish","type":"post","link":"https:\/\/www.nexoinformativo.mx\/index.php\/2025\/05\/17\/transporte-confiable-al-aeropuerto-la-ameq-toma-las-riendas-del-transporte-al-publico-desde-la-alameda\/","title":{"rendered":"Transporte confiable al Aeropuerto la AMEQ toma las riendas del transporte al p\u00fablico desde la Alameda"},"content":{"rendered":"<p style=\"text-align: justify;\" data-sourcepos=\"3:1-3:408\">La Agencia de Movilidad del Estado de Quer\u00e9taro (AMEQ) anunci\u00f3 que, a partir de hoy, 17 de mayo, ser\u00e1 la encargada de operar el servicio de transporte p\u00fablico colectivo con destino al <strong>Aeropuerto Internacional de Quer\u00e9taro<\/strong> (AIQ).<\/p>\n<\/p>\n<p>&nbsp;<\/p>\n<p style=\"text-align: justify;\" data-sourcepos=\"3:1-3:408\">Dos unidades de la AMEQ tendr\u00e1n como punto de partida la Alameda, facilitando el traslado de los usuarios.<\/p>\n<\/p>\n<p>&nbsp;<\/p>\n<p style=\"text-align: justify;\" data-sourcepos=\"5:1-5:227\">Esta decisi\u00f3n se tom\u00f3 debido a que el anterior concesionario, Transportes Acueducto, demostr\u00f3 una falta de capacidad t\u00e9cnica y administrativa para continuar operando el servicio, lo que llev\u00f3 a la AMEQ a retirarle la concesi\u00f3n.<\/p>\n<\/p>\n<p>&nbsp;<\/p>\n<p style=\"text-align: justify;\" data-sourcepos=\"7:1-7:328\">Adem\u00e1s, Transportes Acueducto ha sido dado de baja del Fideicomiso P\u00fablico, lo que le impide prestar cualquier tipo de servicio de transporte p\u00fablico en el estado en el futuro. La AMEQ ha iniciado un Procedimiento Administrativo para determinar las sanciones correspondientes, actuando con estricto apego a la normativa vigente.<\/p>\n<\/p>\n<p>&nbsp;<\/p>\n<p style=\"text-align: justify;\" data-sourcepos=\"9:1-9:170\">Con esta medida, la AMEQ busca asegurar un servicio de transporte p\u00fablico eficiente y confiable para los usuarios que se dirigen al Aeropuerto Internacional de Quer\u00e9taro.<\/p>\n<\/p>\n<p>&nbsp;<\/p>\n<p style=\"text-align: center;\" data-sourcepos=\"9:1-9:170\"><em><strong>\u00a1Informaci\u00f3n que transforma!<\/strong><\/em><\/p>\n","protected":false},"excerpt":{"rendered":"<p>La Agencia de Movilidad del Estado de Quer\u00e9taro (AMEQ) anunci\u00f3 que, a partir de hoy, 17 de mayo, ser\u00e1 la encargada de operar el servicio de transporte p\u00fablico colectivo con destino al Aeropuerto Internacional de Quer\u00e9taro (AIQ).<\/p>\n","protected":false},"author":3,"featured_media":15052,"comment_status":"open","ping_status":"open","sticky":false,"template":"","format":"standard","meta":{"footnotes":""},"categories":[5,42,58],"tags":[4504,2905,3556,4503],"class_list":["post-15051","post","type-post","status-publish","format-standard","has-post-thumbnail","hentry","category-economia","category-estado","category-ultima-hora","tag-aeropuertoqro","tag-ameq","tag-movilidadqro","tag-transporteaiq"],"yoast_head":"<!-- This site is optimized with the Yoast SEO plugin v25.0 - https:\/\/yoast.com\/wordpress\/plugins\/seo\/ -->\n<title>Transporte confiable al Aeropuerto la AMEQ toma las riendas del transporte al p\u00fablico desde la Alameda | Nexo Informativo Santiago de Quer\u00e9taro<\/title>\n<meta name=\"description\" content=\"Transporte confiable al Aeropuerto la AMEQ toma las riendas del transporte publico desde la Alameda\" \/>\n<meta name=\"robots\" content=\"index, follow, max-snippet:-1, max-image-preview:large, max-video-preview:-1\" \/>\n<link rel=\"canonical\" href=\"https:\/\/www.nexoinformativo.mx\/index.php\/2025\/05\/17\/transporte-confiable-al-aeropuerto-la-ameq-toma-las-riendas-del-transporte-al-publico-desde-la-alameda\/\" \/>\n<meta property=\"og:locale\" content=\"es_MX\" \/>\n<meta property=\"og:type\" content=\"article\" \/>\n<meta property=\"og:title\" content=\"Transporte confiable al Aeropuerto la AMEQ toma las riendas del transporte al p\u00fablico desde la Alameda | Nexo Informativo Santiago de Quer\u00e9taro\" \/>\n<meta property=\"og:description\" content=\"Transporte confiable al Aeropuerto la AMEQ toma las riendas del transporte publico desde la Alameda\" \/>\n<meta property=\"og:url\" content=\"https:\/\/www.nexoinformativo.mx\/index.php\/2025\/05\/17\/transporte-confiable-al-aeropuerto-la-ameq-toma-las-riendas-del-transporte-al-publico-desde-la-alameda\/\" \/>\n<meta property=\"og:site_name\" content=\"Nexo Informativo Santiago de Quer\u00e9taro\" \/>\n<meta property=\"article:publisher\" content=\"https:\/\/www.facebook.com\/people\/Nexo-Informativo\/61564066885511\/\" \/>\n<meta property=\"article:published_time\" content=\"2025-05-17T18:00:54+00:00\" \/>\n<meta property=\"article:modified_time\" content=\"2025-05-17T18:29:14+00:00\" \/>\n<meta property=\"og:image\" content=\"https:\/\/www.nexoinformativo.mx\/wp-content\/uploads\/2025\/05\/PHOTO-2025-05-17-09-18-02-e1747506498395.jpg\" \/>\n\t<meta property=\"og:image:width\" content=\"800\" \/>\n\t<meta property=\"og:image:height\" content=\"533\" \/>\n\t<meta property=\"og:image:type\" content=\"image\/jpeg\" \/>\n<meta name=\"author\" content=\"Nexo Informativo\" \/>\n<meta name=\"twitter:card\" content=\"summary_large_image\" \/>\n<meta name=\"twitter:label1\" content=\"Escrito por\" \/>\n\t<meta name=\"twitter:data1\" content=\"Nexo Informativo\" \/>\n\t<meta name=\"twitter:label2\" content=\"Tiempo de lectura\" \/>\n\t<meta name=\"twitter:data2\" content=\"1 minuto\" \/>\n<script type=\"application\/ld+json\" class=\"yoast-schema-graph\">{\"@context\":\"https:\/\/schema.org\",\"@graph\":[{\"@type\":\"Article\",\"@id\":\"https:\/\/www.nexoinformativo.mx\/index.php\/2025\/05\/17\/transporte-confiable-al-aeropuerto-la-ameq-toma-las-riendas-del-transporte-al-publico-desde-la-alameda\/#article\",\"isPartOf\":{\"@id\":\"https:\/\/www.nexoinformativo.mx\/index.php\/2025\/05\/17\/transporte-confiable-al-aeropuerto-la-ameq-toma-las-riendas-del-transporte-al-publico-desde-la-alameda\/\"},\"author\":{\"name\":\"Nexo Informativo\",\"@id\":\"https:\/\/www.nexoinformativo.mx\/#\/schema\/person\/7749d380ba08c8ca00d7bc76fd907b7d\"},\"headline\":\"Transporte confiable al Aeropuerto la AMEQ toma las riendas del transporte al p\u00fablico desde la Alameda\",\"datePublished\":\"2025-05-17T18:00:54+00:00\",\"dateModified\":\"2025-05-17T18:29:14+00:00\",\"mainEntityOfPage\":{\"@id\":\"https:\/\/www.nexoinformativo.mx\/index.php\/2025\/05\/17\/transporte-confiable-al-aeropuerto-la-ameq-toma-las-riendas-del-transporte-al-publico-desde-la-alameda\/\"},\"wordCount\":202,\"commentCount\":0,\"publisher\":{\"@id\":\"https:\/\/www.nexoinformativo.mx\/#organization\"},\"image\":{\"@id\":\"https:\/\/www.nexoinformativo.mx\/index.php\/2025\/05\/17\/transporte-confiable-al-aeropuerto-la-ameq-toma-las-riendas-del-transporte-al-publico-desde-la-alameda\/#primaryimage\"},\"thumbnailUrl\":\"https:\/\/www.nexoinformativo.mx\/wp-content\/uploads\/2025\/05\/PHOTO-2025-05-17-09-18-02-e1747506498395.jpg\",\"keywords\":[\"AeropuertoQro\",\"AMEQ\",\"MovilidadQro\",\"TransporteAIQ\"],\"articleSection\":[\"Econom\u00eda\",\"Estado\",\"\u00daltima Hora\"],\"inLanguage\":\"es\",\"potentialAction\":[{\"@type\":\"CommentAction\",\"name\":\"Comment\",\"target\":[\"https:\/\/www.nexoinformativo.mx\/index.php\/2025\/05\/17\/transporte-confiable-al-aeropuerto-la-ameq-toma-las-riendas-del-transporte-al-publico-desde-la-alameda\/#respond\"]}]},{\"@type\":\"WebPage\",\"@id\":\"https:\/\/www.nexoinformativo.mx\/index.php\/2025\/05\/17\/transporte-confiable-al-aeropuerto-la-ameq-toma-las-riendas-del-transporte-al-publico-desde-la-alameda\/\",\"url\":\"https:\/\/www.nexoinformativo.mx\/index.php\/2025\/05\/17\/transporte-confiable-al-aeropuerto-la-ameq-toma-las-riendas-del-transporte-al-publico-desde-la-alameda\/\",\"name\":\"Transporte confiable al Aeropuerto la AMEQ toma las riendas del transporte al p\u00fablico desde la Alameda | Nexo Informativo Santiago de Quer\u00e9taro\",\"isPartOf\":{\"@id\":\"https:\/\/www.nexoinformativo.mx\/#website\"},\"primaryImageOfPage\":{\"@id\":\"https:\/\/www.nexoinformativo.mx\/index.php\/2025\/05\/17\/transporte-confiable-al-aeropuerto-la-ameq-toma-las-riendas-del-transporte-al-publico-desde-la-alameda\/#primaryimage\"},\"image\":{\"@id\":\"https:\/\/www.nexoinformativo.mx\/index.php\/2025\/05\/17\/transporte-confiable-al-aeropuerto-la-ameq-toma-las-riendas-del-transporte-al-publico-desde-la-alameda\/#primaryimage\"},\"thumbnailUrl\":\"https:\/\/www.nexoinformativo.mx\/wp-content\/uploads\/2025\/05\/PHOTO-2025-05-17-09-18-02-e1747506498395.jpg\",\"datePublished\":\"2025-05-17T18:00:54+00:00\",\"dateModified\":\"2025-05-17T18:29:14+00:00\",\"description\":\"Transporte confiable al Aeropuerto la AMEQ toma las riendas del transporte publico desde la Alameda\",\"breadcrumb\":{\"@id\":\"https:\/\/www.nexoinformativo.mx\/index.php\/2025\/05\/17\/transporte-confiable-al-aeropuerto-la-ameq-toma-las-riendas-del-transporte-al-publico-desde-la-alameda\/#breadcrumb\"},\"inLanguage\":\"es\",\"potentialAction\":[{\"@type\":\"ReadAction\",\"target\":[\"https:\/\/www.nexoinformativo.mx\/index.php\/2025\/05\/17\/transporte-confiable-al-aeropuerto-la-ameq-toma-las-riendas-del-transporte-al-publico-desde-la-alameda\/\"]}]},{\"@type\":\"ImageObject\",\"inLanguage\":\"es\",\"@id\":\"https:\/\/www.nexoinformativo.mx\/index.php\/2025\/05\/17\/transporte-confiable-al-aeropuerto-la-ameq-toma-las-riendas-del-transporte-al-publico-desde-la-alameda\/#primaryimage\",\"url\":\"https:\/\/www.nexoinformativo.mx\/wp-content\/uploads\/2025\/05\/PHOTO-2025-05-17-09-18-02-e1747506498395.jpg\",\"contentUrl\":\"https:\/\/www.nexoinformativo.mx\/wp-content\/uploads\/2025\/05\/PHOTO-2025-05-17-09-18-02-e1747506498395.jpg\",\"width\":800,\"height\":533},{\"@type\":\"BreadcrumbList\",\"@id\":\"https:\/\/www.nexoinformativo.mx\/index.php\/2025\/05\/17\/transporte-confiable-al-aeropuerto-la-ameq-toma-las-riendas-del-transporte-al-publico-desde-la-alameda\/#breadcrumb\",\"itemListElement\":[{\"@type\":\"ListItem\",\"position\":1,\"name\":\"Inicio\",\"item\":\"https:\/\/www.nexoinformativo.mx\/\"},{\"@type\":\"ListItem\",\"position\":2,\"name\":\"Transporte confiable al Aeropuerto la AMEQ toma las riendas del transporte al p\u00fablico desde la Alameda\"}]},{\"@type\":\"WebSite\",\"@id\":\"https:\/\/www.nexoinformativo.mx\/#website\",\"url\":\"https:\/\/www.nexoinformativo.mx\/\",\"name\":\"Nexo Informativo Santiago de Quer\u00e9taro\",\"description\":\"Explora NexoInformativo y convi\u00e9rtete en parte de una comunidad que valora el conocimiento y la verdad. Tu nexoinformativo es tu puente hacia una comprensi\u00f3n m\u00e1s profunda del mundo que te rodea.\",\"publisher\":{\"@id\":\"https:\/\/www.nexoinformativo.mx\/#organization\"},\"potentialAction\":[{\"@type\":\"SearchAction\",\"target\":{\"@type\":\"EntryPoint\",\"urlTemplate\":\"https:\/\/www.nexoinformativo.mx\/?s={search_term_string}\"},\"query-input\":{\"@type\":\"PropertyValueSpecification\",\"valueRequired\":true,\"valueName\":\"search_term_string\"}}],\"inLanguage\":\"es\"},{\"@type\":\"Organization\",\"@id\":\"https:\/\/www.nexoinformativo.mx\/#organization\",\"name\":\"Nexo Informativo Santiago de Quer\u00e9taro\",\"url\":\"https:\/\/www.nexoinformativo.mx\/\",\"logo\":{\"@type\":\"ImageObject\",\"inLanguage\":\"es\",\"@id\":\"https:\/\/www.nexoinformativo.mx\/#\/schema\/logo\/image\/\",\"url\":\"https:\/\/www.nexoinformativo.mx\/wp-content\/uploads\/2024\/07\/nexoi-trasparente-2.png\",\"contentUrl\":\"https:\/\/www.nexoinformativo.mx\/wp-content\/uploads\/2024\/07\/nexoi-trasparente-2.png\",\"width\":816,\"height\":339,\"caption\":\"Nexo Informativo Santiago de Quer\u00e9taro\"},\"image\":{\"@id\":\"https:\/\/www.nexoinformativo.mx\/#\/schema\/logo\/image\/\"},\"sameAs\":[\"https:\/\/www.facebook.com\/people\/Nexo-Informativo\/61564066885511\/\"]},{\"@type\":\"Person\",\"@id\":\"https:\/\/www.nexoinformativo.mx\/#\/schema\/person\/7749d380ba08c8ca00d7bc76fd907b7d\",\"name\":\"Nexo Informativo\",\"image\":{\"@type\":\"ImageObject\",\"inLanguage\":\"es\",\"@id\":\"https:\/\/www.nexoinformativo.mx\/#\/schema\/person\/image\/\",\"url\":\"https:\/\/secure.gravatar.com\/avatar\/dde2928154642a13d95f87ddf1ea9718fe2b46760a005c53e41ff5ad610704e6?s=96&d=mm&r=g\",\"contentUrl\":\"https:\/\/secure.gravatar.com\/avatar\/dde2928154642a13d95f87ddf1ea9718fe2b46760a005c53e41ff5ad610704e6?s=96&d=mm&r=g\",\"caption\":\"Nexo Informativo\"},\"url\":\"https:\/\/www.nexoinformativo.mx\/index.php\/author\/edicion\/\"}]}<\/script>\n<!-- \/ Yoast SEO plugin. -->","yoast_head_json":{"title":"Transporte confiable al Aeropuerto la AMEQ toma las riendas del transporte al p\u00fablico desde la Alameda | Nexo Informativo Santiago de Quer\u00e9taro","description":"Transporte confiable al Aeropuerto la AMEQ toma las riendas del transporte publico desde la Alameda","robots":{"index":"index","follow":"follow","max-snippet":"max-snippet:-1","max-image-preview":"max-image-preview:large","max-video-preview":"max-video-preview:-1"},"canonical":"https:\/\/www.nexoinformativo.mx\/index.php\/2025\/05\/17\/transporte-confiable-al-aeropuerto-la-ameq-toma-las-riendas-del-transporte-al-publico-desde-la-alameda\/","og_locale":"es_MX","og_type":"article","og_title":"Transporte confiable al Aeropuerto la AMEQ toma las riendas del transporte al p\u00fablico desde la Alameda | Nexo Informativo Santiago de Quer\u00e9taro","og_description":"Transporte confiable al Aeropuerto la AMEQ toma las riendas del transporte publico desde la Alameda","og_url":"https:\/\/www.nexoinformativo.mx\/index.php\/2025\/05\/17\/transporte-confiable-al-aeropuerto-la-ameq-toma-las-riendas-del-transporte-al-publico-desde-la-alameda\/","og_site_name":"Nexo Informativo Santiago de Quer\u00e9taro","article_publisher":"https:\/\/www.facebook.com\/people\/Nexo-Informativo\/61564066885511\/","article_published_time":"2025-05-17T18:00:54+00:00","article_modified_time":"2025-05-17T18:29:14+00:00","og_image":[{"width":800,"height":533,"url":"https:\/\/www.nexoinformativo.mx\/wp-content\/uploads\/2025\/05\/PHOTO-2025-05-17-09-18-02-e1747506498395.jpg","type":"image\/jpeg"}],"author":"Nexo Informativo","twitter_card":"summary_large_image","twitter_misc":{"Escrito por":"Nexo Informativo","Tiempo de lectura":"1 minuto"},"schema":{"@context":"https:\/\/schema.org","@graph":[{"@type":"Article","@id":"https:\/\/www.nexoinformativo.mx\/index.php\/2025\/05\/17\/transporte-confiable-al-aeropuerto-la-ameq-toma-las-riendas-del-transporte-al-publico-desde-la-alameda\/#article","isPartOf":{"@id":"https:\/\/www.nexoinformativo.mx\/index.php\/2025\/05\/17\/transporte-confiable-al-aeropuerto-la-ameq-toma-las-riendas-del-transporte-al-publico-desde-la-alameda\/"},"author":{"name":"Nexo Informativo","@id":"https:\/\/www.nexoinformativo.mx\/#\/schema\/person\/7749d380ba08c8ca00d7bc76fd907b7d"},"headline":"Transporte confiable al Aeropuerto la AMEQ toma las riendas del transporte al p\u00fablico desde la Alameda","datePublished":"2025-05-17T18:00:54+00:00","dateModified":"2025-05-17T18:29:14+00:00","mainEntityOfPage":{"@id":"https:\/\/www.nexoinformativo.mx\/index.php\/2025\/05\/17\/transporte-confiable-al-aeropuerto-la-ameq-toma-las-riendas-del-transporte-al-publico-desde-la-alameda\/"},"wordCount":202,"commentCount":0,"publisher":{"@id":"https:\/\/www.nexoinformativo.mx\/#organization"},"image":{"@id":"https:\/\/www.nexoinformativo.mx\/index.php\/2025\/05\/17\/transporte-confiable-al-aeropuerto-la-ameq-toma-las-riendas-del-transporte-al-publico-desde-la-alameda\/#primaryimage"},"thumbnailUrl":"https:\/\/www.nexoinformativo.mx\/wp-content\/uploads\/2025\/05\/PHOTO-2025-05-17-09-18-02-e1747506498395.jpg","keywords":["AeropuertoQro","AMEQ","MovilidadQro","TransporteAIQ"],"articleSection":["Econom\u00eda","Estado","\u00daltima Hora"],"inLanguage":"es","potentialAction":[{"@type":"CommentAction","name":"Comment","target":["https:\/\/www.nexoinformativo.mx\/index.php\/2025\/05\/17\/transporte-confiable-al-aeropuerto-la-ameq-toma-las-riendas-del-transporte-al-publico-desde-la-alameda\/#respond"]}]},{"@type":"WebPage","@id":"https:\/\/www.nexoinformativo.mx\/index.php\/2025\/05\/17\/transporte-confiable-al-aeropuerto-la-ameq-toma-las-riendas-del-transporte-al-publico-desde-la-alameda\/","url":"https:\/\/www.nexoinformativo.mx\/index.php\/2025\/05\/17\/transporte-confiable-al-aeropuerto-la-ameq-toma-las-riendas-del-transporte-al-publico-desde-la-alameda\/","name":"Transporte confiable al Aeropuerto la AMEQ toma las riendas del transporte al p\u00fablico desde la Alameda | Nexo Informativo Santiago de Quer\u00e9taro","isPartOf":{"@id":"https:\/\/www.nexoinformativo.mx\/#website"},"primaryImageOfPage":{"@id":"https:\/\/www.nexoinformativo.mx\/index.php\/2025\/05\/17\/transporte-confiable-al-aeropuerto-la-ameq-toma-las-riendas-del-transporte-al-publico-desde-la-alameda\/#primaryimage"},"image":{"@id":"https:\/\/www.nexoinformativo.mx\/index.php\/2025\/05\/17\/transporte-confiable-al-aeropuerto-la-ameq-toma-las-riendas-del-transporte-al-publico-desde-la-alameda\/#primaryimage"},"thumbnailUrl":"https:\/\/www.nexoinformativo.mx\/wp-content\/uploads\/2025\/05\/PHOTO-2025-05-17-09-18-02-e1747506498395.jpg","datePublished":"2025-05-17T18:00:54+00:00","dateModified":"2025-05-17T18:29:14+00:00","description":"Transporte confiable al Aeropuerto la AMEQ toma las riendas del transporte publico desde la Alameda","breadcrumb":{"@id":"https:\/\/www.nexoinformativo.mx\/index.php\/2025\/05\/17\/transporte-confiable-al-aeropuerto-la-ameq-toma-las-riendas-del-transporte-al-publico-desde-la-alameda\/#breadcrumb"},"inLanguage":"es","potentialAction":[{"@type":"ReadAction","target":["https:\/\/www.nexoinformativo.mx\/index.php\/2025\/05\/17\/transporte-confiable-al-aeropuerto-la-ameq-toma-las-riendas-del-transporte-al-publico-desde-la-alameda\/"]}]},{"@type":"ImageObject","inLanguage":"es","@id":"https:\/\/www.nexoinformativo.mx\/index.php\/2025\/05\/17\/transporte-confiable-al-aeropuerto-la-ameq-toma-las-riendas-del-transporte-al-publico-desde-la-alameda\/#primaryimage","url":"https:\/\/www.nexoinformativo.mx\/wp-content\/uploads\/2025\/05\/PHOTO-2025-05-17-09-18-02-e1747506498395.jpg","contentUrl":"https:\/\/www.nexoinformativo.mx\/wp-content\/uploads\/2025\/05\/PHOTO-2025-05-17-09-18-02-e1747506498395.jpg","width":800,"height":533},{"@type":"BreadcrumbList","@id":"https:\/\/www.nexoinformativo.mx\/index.php\/2025\/05\/17\/transporte-confiable-al-aeropuerto-la-ameq-toma-las-riendas-del-transporte-al-publico-desde-la-alameda\/#breadcrumb","itemListElement":[{"@type":"ListItem","position":1,"name":"Inicio","item":"https:\/\/www.nexoinformativo.mx\/"},{"@type":"ListItem","position":2,"name":"Transporte confiable al Aeropuerto la AMEQ toma las riendas del transporte al p\u00fablico desde la Alameda"}]},{"@type":"WebSite","@id":"https:\/\/www.nexoinformativo.mx\/#website","url":"https:\/\/www.nexoinformativo.mx\/","name":"Nexo Informativo Santiago de Quer\u00e9taro","description":"Explora NexoInformativo y convi\u00e9rtete en parte de una comunidad que valora el conocimiento y la verdad. Tu nexoinformativo es tu puente hacia una comprensi\u00f3n m\u00e1s profunda del mundo que te rodea.","publisher":{"@id":"https:\/\/www.nexoinformativo.mx\/#organization"},"potentialAction":[{"@type":"SearchAction","target":{"@type":"EntryPoint","urlTemplate":"https:\/\/www.nexoinformativo.mx\/?s={search_term_string}"},"query-input":{"@type":"PropertyValueSpecification","valueRequired":true,"valueName":"search_term_string"}}],"inLanguage":"es"},{"@type":"Organization","@id":"https:\/\/www.nexoinformativo.mx\/#organization","name":"Nexo Informativo Santiago de Quer\u00e9taro","url":"https:\/\/www.nexoinformativo.mx\/","logo":{"@type":"ImageObject","inLanguage":"es","@id":"https:\/\/www.nexoinformativo.mx\/#\/schema\/logo\/image\/","url":"https:\/\/www.nexoinformativo.mx\/wp-content\/uploads\/2024\/07\/nexoi-trasparente-2.png","contentUrl":"https:\/\/www.nexoinformativo.mx\/wp-content\/uploads\/2024\/07\/nexoi-trasparente-2.png","width":816,"height":339,"caption":"Nexo Informativo Santiago de Quer\u00e9taro"},"image":{"@id":"https:\/\/www.nexoinformativo.mx\/#\/schema\/logo\/image\/"},"sameAs":["https:\/\/www.facebook.com\/people\/Nexo-Informativo\/61564066885511\/"]},{"@type":"Person","@id":"https:\/\/www.nexoinformativo.mx\/#\/schema\/person\/7749d380ba08c8ca00d7bc76fd907b7d","name":"Nexo Informativo","image":{"@type":"ImageObject","inLanguage":"es","@id":"https:\/\/www.nexoinformativo.mx\/#\/schema\/person\/image\/","url":"https:\/\/secure.gravatar.com\/avatar\/dde2928154642a13d95f87ddf1ea9718fe2b46760a005c53e41ff5ad610704e6?s=96&d=mm&r=g","contentUrl":"https:\/\/secure.gravatar.com\/avatar\/dde2928154642a13d95f87ddf1ea9718fe2b46760a005c53e41ff5ad610704e6?s=96&d=mm&r=g","caption":"Nexo Informativo"},"url":"https:\/\/www.nexoinformativo.mx\/index.php\/author\/edicion\/"}]}},"_links":{"self":[{"href":"https:\/\/www.nexoinformativo.mx\/index.php\/wp-json\/wp\/v2\/posts\/15051","targetHints":{"allow":["GET"]}}],"collection":[{"href":"https:\/\/www.nexoinformativo.mx\/index.php\/wp-json\/wp\/v2\/posts"}],"about":[{"href":"https:\/\/www.nexoinformativo.mx\/index.php\/wp-json\/wp\/v2\/types\/post"}],"author":[{"embeddable":true,"href":"https:\/\/www.nexoinformativo.mx\/index.php\/wp-json\/wp\/v2\/users\/3"}],"replies":[{"embeddable":true,"href":"https:\/\/www.nexoinformativo.mx\/index.php\/wp-json\/wp\/v2\/comments?post=15051"}],"version-history":[{"count":3,"href":"https:\/\/www.nexoinformativo.mx\/index.php\/wp-json\/wp\/v2\/posts\/15051\/revisions"}],"predecessor-version":[{"id":15055,"href":"https:\/\/www.nexoinformativo.mx\/index.php\/wp-json\/wp\/v2\/posts\/15051\/revisions\/15055"}],"wp:featuredmedia":[{"embeddable":true,"href":"https:\/\/www.nexoinformativo.mx\/index.php\/wp-json\/wp\/v2\/media\/15052"}],"wp:attachment":[{"href":"https:\/\/www.nexoinformativo.mx\/index.php\/wp-json\/wp\/v2\/media?parent=15051"}],"wp:term":[{"taxonomy":"category","embeddable":true,"href":"https:\/\/www.nexoinformativo.mx\/index.php\/wp-json\/wp\/v2\/categories?post=15051"},{"taxonomy":"post_tag","embeddable":true,"href":"https:\/\/www.nexoinformativo.mx\/index.php\/wp-json\/wp\/v2\/tags?post=15051"}],"curies":[{"name":"wp","href":"https:\/\/api.w.org\/{rel}","templated":true}]}}