{"id":15056,"date":"2025-05-21T06:00:47","date_gmt":"2025-05-21T12:00:47","guid":{"rendered":"https:\/\/www.nexoinformativo.mx\/?p=15056"},"modified":"2025-05-21T11:08:15","modified_gmt":"2025-05-21T17:08:15","slug":"alerta-de-calor-en-queretaro-primer-caso-de-golpe-de-calor-y-urgente-llamado-a-la-prevencion","status":"publish","type":"post","link":"https:\/\/www.nexoinformativo.mx\/index.php\/2025\/05\/21\/alerta-de-calor-en-queretaro-primer-caso-de-golpe-de-calor-y-urgente-llamado-a-la-prevencion\/","title":{"rendered":"\u00a1Alerta de calor en Quer\u00e9taro! Primer caso de golpe de calor y urgente llamado a la prevenci\u00f3n"},"content":{"rendered":"<p style=\"text-align: justify;\" data-sourcepos=\"3:1-3:419\">La Secretar\u00eda de Salud del Estado de Quer\u00e9taro (SESA) ha confirmado el primer caso de golpe de calor en el municipio de Quer\u00e9taro durante esta temporada.<\/p>\n<p>&nbsp;<\/p>\n<p style=\"text-align: justify;\" data-sourcepos=\"3:1-3:419\">Ante el aumento de las temperaturas en la entidad, la dependencia ha lanzado un llamado urgente a toda la poblaci\u00f3n para reforzar las medidas preventivas y evitar riesgos para la salud.<\/p>\n<p>&nbsp;<\/p>\n<p style=\"text-align: justify;\" data-sourcepos=\"5:1-5:404\">El periodo de monitoreo, que abarca del 16 de marzo al 19 de mayo, tambi\u00e9n ha registrado un caso de deshidrataci\u00f3n en Col\u00f3n y una quemadura solar en San Juan del R\u00edo.<\/p>\n<p>&nbsp;<\/p>\n<p style=\"text-align: justify;\" data-sourcepos=\"5:1-5:404\">A nivel nacional, la situaci\u00f3n es m\u00e1s preocupante, con 236 casos de golpe de calor, 150 de deshidrataci\u00f3n y 14 de quemaduras solares, adem\u00e1s de seis defunciones atribuidas al golpe de calor hasta el 14 de mayo, seg\u00fan datos federales.<\/p>\n<p>&nbsp;<\/p>\n<p style=\"text-align: justify;\" data-sourcepos=\"7:1-7:295\">La SESA alert\u00f3 que el golpe de calor ocurre cuando la temperatura corporal se eleva r\u00e1pidamente por encima de los 41 \u00b0C debido a la exposici\u00f3n prolongada a ambientes calurosos. Esta condici\u00f3n representa un riesgo vital, especialmente para ni\u00f1os menores de cinco a\u00f1os y adultos mayores de 60.<\/p>\n<p>&nbsp;<\/p>\n<p style=\"text-align: justify;\" data-sourcepos=\"9:1-9:23\">S\u00edntomas de Alerta: Es crucial estar atento a los siguientes signos cl\u00ednicos de golpe de calor:<\/p>\n<p>*Respiraci\u00f3n acelerada<\/p>\n<p>*Ausencia de sudor en ambientes c\u00e1lidos<\/p>\n<p>*Dolor de cabeza<\/p>\n<p>*Pulso r\u00e1pido y alteraci\u00f3n del estado de conciencia<\/p>\n<p>*Mucosas secas, v\u00f3mito, n\u00e1useas, calambres y convulsiones<\/p>\n<p>&nbsp;<\/p>\n<p style=\"text-align: justify;\" data-sourcepos=\"19:1-19:284\">Por su parte, la deshidrataci\u00f3n se presenta cuando el cuerpo pierde m\u00e1s l\u00edquidos de los que ingiere, afectando sus funciones b\u00e1sicas. En casos leves, puede tratarse eficazmente con Vida Suero Oral, que est\u00e1 disponible de forma gratuita en todos los centros de salud de la entidad.<\/p>\n<\/p>\n<p>&nbsp;<\/p>\n<p style=\"text-align: justify;\" data-sourcepos=\"21:1-21:42\">Recomendaciones Clave para Protegerte: La SESA exhorta a la poblaci\u00f3n a seguir estas recomendaciones para reducir los riesgos:<\/p>\n<p>*Mantente hidratado constantemente bebiendo abundantes l\u00edquidos.<\/p>\n<p>*Evita la exposici\u00f3n directa al sol entre las 11:00 y 16:00 horas, las de mayor intensidad.<\/p>\n<p>*Usa ropa ligera, de colores claros, y prot\u00e9gete con sombrero o sombrilla.<\/p>\n<p>*No realices actividad f\u00edsica intensa durante las horas de mayor calor.<\/p>\n<p>*Nunca permanezcas en veh\u00edculos cerrados bajo el sol.<\/p>\n<p>&nbsp;<\/p>\n<p style=\"text-align: justify;\" data-sourcepos=\"31:1-31:225\">La dependencia reiter\u00f3 su compromiso con la vigilancia epidemiol\u00f3gica y la atenci\u00f3n oportuna de casos relacionados con el calor extremo, e invit\u00f3 a la poblaci\u00f3n a acudir a los servicios m\u00e9dicos ante cualquier signo de alarma.<\/p>\n<p>&nbsp;<\/p>\n<p style=\"text-align: center;\" data-sourcepos=\"31:1-31:225\"><em><strong>\u00a1Informaci\u00f3n que transforma!<\/strong><\/em><\/p>\n","protected":false},"excerpt":{"rendered":"<p>La Secretar\u00eda de Salud del Estado de Quer\u00e9taro (SESA) ha confirmado el primer caso de golpe de calor en el municipio de Quer\u00e9taro durante esta temporada.<\/p>\n","protected":false},"author":3,"featured_media":15057,"comment_status":"open","ping_status":"open","sticky":false,"template":"","format":"standard","meta":{"footnotes":""},"categories":[42,58],"tags":[4505,321,4506,3978],"class_list":["post-15056","post","type-post","status-publish","format-standard","has-post-thumbnail","hentry","category-estado","category-ultima-hora","tag-alertacalorqro","tag-cuidatusalud","tag-prevenciongolpedecalor","tag-queretarosalud"],"yoast_head":"<!-- This site is optimized with the Yoast SEO plugin v25.0 - https:\/\/yoast.com\/wordpress\/plugins\/seo\/ -->\n<title>\u00a1Alerta de calor en Quer\u00e9taro! Primer caso de golpe de calor y urgente llamado a la prevenci\u00f3n | Nexo Informativo Santiago de Quer\u00e9taro<\/title>\n<meta name=\"description\" content=\"\u00a1Alerta de calor en Quer\u00e9taro! Primer caso de golpe de calor y urgente llamado a la prevenci\u00f3n\" \/>\n<meta name=\"robots\" content=\"index, follow, max-snippet:-1, max-image-preview:large, max-video-preview:-1\" \/>\n<link rel=\"canonical\" href=\"https:\/\/www.nexoinformativo.mx\/index.php\/2025\/05\/21\/alerta-de-calor-en-queretaro-primer-caso-de-golpe-de-calor-y-urgente-llamado-a-la-prevencion\/\" \/>\n<meta property=\"og:locale\" content=\"es_MX\" \/>\n<meta property=\"og:type\" content=\"article\" \/>\n<meta property=\"og:title\" content=\"\u00a1Alerta de calor en Quer\u00e9taro! Primer caso de golpe de calor y urgente llamado a la prevenci\u00f3n | Nexo Informativo Santiago de Quer\u00e9taro\" \/>\n<meta property=\"og:description\" content=\"\u00a1Alerta de calor en Quer\u00e9taro! Primer caso de golpe de calor y urgente llamado a la prevenci\u00f3n\" \/>\n<meta property=\"og:url\" content=\"https:\/\/www.nexoinformativo.mx\/index.php\/2025\/05\/21\/alerta-de-calor-en-queretaro-primer-caso-de-golpe-de-calor-y-urgente-llamado-a-la-prevencion\/\" \/>\n<meta property=\"og:site_name\" content=\"Nexo Informativo Santiago de Quer\u00e9taro\" \/>\n<meta property=\"article:publisher\" content=\"https:\/\/www.facebook.com\/people\/Nexo-Informativo\/61564066885511\/\" \/>\n<meta property=\"article:published_time\" content=\"2025-05-21T12:00:47+00:00\" \/>\n<meta property=\"article:modified_time\" content=\"2025-05-21T17:08:15+00:00\" \/>\n<meta property=\"og:image\" content=\"https:\/\/www.nexoinformativo.mx\/wp-content\/uploads\/2025\/05\/PHOTO-2025-05-21-08-55-12-e1747847125476.jpg\" \/>\n\t<meta property=\"og:image:width\" content=\"800\" \/>\n\t<meta property=\"og:image:height\" content=\"987\" \/>\n\t<meta property=\"og:image:type\" content=\"image\/jpeg\" \/>\n<meta name=\"author\" content=\"Nexo Informativo\" \/>\n<meta name=\"twitter:card\" content=\"summary_large_image\" \/>\n<meta name=\"twitter:label1\" content=\"Escrito por\" \/>\n\t<meta name=\"twitter:data1\" content=\"Nexo Informativo\" \/>\n\t<meta name=\"twitter:label2\" content=\"Tiempo de lectura\" \/>\n\t<meta name=\"twitter:data2\" content=\"2 minutos\" \/>\n<script type=\"application\/ld+json\" class=\"yoast-schema-graph\">{\"@context\":\"https:\/\/schema.org\",\"@graph\":[{\"@type\":\"Article\",\"@id\":\"https:\/\/www.nexoinformativo.mx\/index.php\/2025\/05\/21\/alerta-de-calor-en-queretaro-primer-caso-de-golpe-de-calor-y-urgente-llamado-a-la-prevencion\/#article\",\"isPartOf\":{\"@id\":\"https:\/\/www.nexoinformativo.mx\/index.php\/2025\/05\/21\/alerta-de-calor-en-queretaro-primer-caso-de-golpe-de-calor-y-urgente-llamado-a-la-prevencion\/\"},\"author\":{\"name\":\"Nexo Informativo\",\"@id\":\"https:\/\/www.nexoinformativo.mx\/#\/schema\/person\/7749d380ba08c8ca00d7bc76fd907b7d\"},\"headline\":\"\u00a1Alerta de calor en Quer\u00e9taro! Primer caso de golpe de calor y urgente llamado a la prevenci\u00f3n\",\"datePublished\":\"2025-05-21T12:00:47+00:00\",\"dateModified\":\"2025-05-21T17:08:15+00:00\",\"mainEntityOfPage\":{\"@id\":\"https:\/\/www.nexoinformativo.mx\/index.php\/2025\/05\/21\/alerta-de-calor-en-queretaro-primer-caso-de-golpe-de-calor-y-urgente-llamado-a-la-prevencion\/\"},\"wordCount\":434,\"commentCount\":0,\"publisher\":{\"@id\":\"https:\/\/www.nexoinformativo.mx\/#organization\"},\"image\":{\"@id\":\"https:\/\/www.nexoinformativo.mx\/index.php\/2025\/05\/21\/alerta-de-calor-en-queretaro-primer-caso-de-golpe-de-calor-y-urgente-llamado-a-la-prevencion\/#primaryimage\"},\"thumbnailUrl\":\"https:\/\/www.nexoinformativo.mx\/wp-content\/uploads\/2025\/05\/PHOTO-2025-05-21-08-55-12-e1747847125476.jpg\",\"keywords\":[\"AlertaCalorQro\",\"CuidaTuSalud\",\"Prevenci\u00f3nGolpeDeCalor\",\"Quer\u00e9taroSalud\"],\"articleSection\":[\"Estado\",\"\u00daltima Hora\"],\"inLanguage\":\"es\",\"potentialAction\":[{\"@type\":\"CommentAction\",\"name\":\"Comment\",\"target\":[\"https:\/\/www.nexoinformativo.mx\/index.php\/2025\/05\/21\/alerta-de-calor-en-queretaro-primer-caso-de-golpe-de-calor-y-urgente-llamado-a-la-prevencion\/#respond\"]}]},{\"@type\":\"WebPage\",\"@id\":\"https:\/\/www.nexoinformativo.mx\/index.php\/2025\/05\/21\/alerta-de-calor-en-queretaro-primer-caso-de-golpe-de-calor-y-urgente-llamado-a-la-prevencion\/\",\"url\":\"https:\/\/www.nexoinformativo.mx\/index.php\/2025\/05\/21\/alerta-de-calor-en-queretaro-primer-caso-de-golpe-de-calor-y-urgente-llamado-a-la-prevencion\/\",\"name\":\"\u00a1Alerta de calor en Quer\u00e9taro! Primer caso de golpe de calor y urgente llamado a la prevenci\u00f3n | Nexo Informativo Santiago de Quer\u00e9taro\",\"isPartOf\":{\"@id\":\"https:\/\/www.nexoinformativo.mx\/#website\"},\"primaryImageOfPage\":{\"@id\":\"https:\/\/www.nexoinformativo.mx\/index.php\/2025\/05\/21\/alerta-de-calor-en-queretaro-primer-caso-de-golpe-de-calor-y-urgente-llamado-a-la-prevencion\/#primaryimage\"},\"image\":{\"@id\":\"https:\/\/www.nexoinformativo.mx\/index.php\/2025\/05\/21\/alerta-de-calor-en-queretaro-primer-caso-de-golpe-de-calor-y-urgente-llamado-a-la-prevencion\/#primaryimage\"},\"thumbnailUrl\":\"https:\/\/www.nexoinformativo.mx\/wp-content\/uploads\/2025\/05\/PHOTO-2025-05-21-08-55-12-e1747847125476.jpg\",\"datePublished\":\"2025-05-21T12:00:47+00:00\",\"dateModified\":\"2025-05-21T17:08:15+00:00\",\"description\":\"\u00a1Alerta de calor en Quer\u00e9taro! Primer caso de golpe de calor y urgente llamado a la prevenci\u00f3n\",\"breadcrumb\":{\"@id\":\"https:\/\/www.nexoinformativo.mx\/index.php\/2025\/05\/21\/alerta-de-calor-en-queretaro-primer-caso-de-golpe-de-calor-y-urgente-llamado-a-la-prevencion\/#breadcrumb\"},\"inLanguage\":\"es\",\"potentialAction\":[{\"@type\":\"ReadAction\",\"target\":[\"https:\/\/www.nexoinformativo.mx\/index.php\/2025\/05\/21\/alerta-de-calor-en-queretaro-primer-caso-de-golpe-de-calor-y-urgente-llamado-a-la-prevencion\/\"]}]},{\"@type\":\"ImageObject\",\"inLanguage\":\"es\",\"@id\":\"https:\/\/www.nexoinformativo.mx\/index.php\/2025\/05\/21\/alerta-de-calor-en-queretaro-primer-caso-de-golpe-de-calor-y-urgente-llamado-a-la-prevencion\/#primaryimage\",\"url\":\"https:\/\/www.nexoinformativo.mx\/wp-content\/uploads\/2025\/05\/PHOTO-2025-05-21-08-55-12-e1747847125476.jpg\",\"contentUrl\":\"https:\/\/www.nexoinformativo.mx\/wp-content\/uploads\/2025\/05\/PHOTO-2025-05-21-08-55-12-e1747847125476.jpg\",\"width\":800,\"height\":987},{\"@type\":\"BreadcrumbList\",\"@id\":\"https:\/\/www.nexoinformativo.mx\/index.php\/2025\/05\/21\/alerta-de-calor-en-queretaro-primer-caso-de-golpe-de-calor-y-urgente-llamado-a-la-prevencion\/#breadcrumb\",\"itemListElement\":[{\"@type\":\"ListItem\",\"position\":1,\"name\":\"Inicio\",\"item\":\"https:\/\/www.nexoinformativo.mx\/\"},{\"@type\":\"ListItem\",\"position\":2,\"name\":\"\u00a1Alerta de calor en Quer\u00e9taro! Primer caso de golpe de calor y urgente llamado a la prevenci\u00f3n\"}]},{\"@type\":\"WebSite\",\"@id\":\"https:\/\/www.nexoinformativo.mx\/#website\",\"url\":\"https:\/\/www.nexoinformativo.mx\/\",\"name\":\"Nexo Informativo Santiago de Quer\u00e9taro\",\"description\":\"Explora NexoInformativo y convi\u00e9rtete en parte de una comunidad que valora el conocimiento y la verdad. Tu nexoinformativo es tu puente hacia una comprensi\u00f3n m\u00e1s profunda del mundo que te rodea.\",\"publisher\":{\"@id\":\"https:\/\/www.nexoinformativo.mx\/#organization\"},\"potentialAction\":[{\"@type\":\"SearchAction\",\"target\":{\"@type\":\"EntryPoint\",\"urlTemplate\":\"https:\/\/www.nexoinformativo.mx\/?s={search_term_string}\"},\"query-input\":{\"@type\":\"PropertyValueSpecification\",\"valueRequired\":true,\"valueName\":\"search_term_string\"}}],\"inLanguage\":\"es\"},{\"@type\":\"Organization\",\"@id\":\"https:\/\/www.nexoinformativo.mx\/#organization\",\"name\":\"Nexo Informativo Santiago de Quer\u00e9taro\",\"url\":\"https:\/\/www.nexoinformativo.mx\/\",\"logo\":{\"@type\":\"ImageObject\",\"inLanguage\":\"es\",\"@id\":\"https:\/\/www.nexoinformativo.mx\/#\/schema\/logo\/image\/\",\"url\":\"https:\/\/www.nexoinformativo.mx\/wp-content\/uploads\/2024\/07\/nexoi-trasparente-2.png\",\"contentUrl\":\"https:\/\/www.nexoinformativo.mx\/wp-content\/uploads\/2024\/07\/nexoi-trasparente-2.png\",\"width\":816,\"height\":339,\"caption\":\"Nexo Informativo Santiago de Quer\u00e9taro\"},\"image\":{\"@id\":\"https:\/\/www.nexoinformativo.mx\/#\/schema\/logo\/image\/\"},\"sameAs\":[\"https:\/\/www.facebook.com\/people\/Nexo-Informativo\/61564066885511\/\"]},{\"@type\":\"Person\",\"@id\":\"https:\/\/www.nexoinformativo.mx\/#\/schema\/person\/7749d380ba08c8ca00d7bc76fd907b7d\",\"name\":\"Nexo Informativo\",\"image\":{\"@type\":\"ImageObject\",\"inLanguage\":\"es\",\"@id\":\"https:\/\/www.nexoinformativo.mx\/#\/schema\/person\/image\/\",\"url\":\"https:\/\/secure.gravatar.com\/avatar\/dde2928154642a13d95f87ddf1ea9718fe2b46760a005c53e41ff5ad610704e6?s=96&d=mm&r=g\",\"contentUrl\":\"https:\/\/secure.gravatar.com\/avatar\/dde2928154642a13d95f87ddf1ea9718fe2b46760a005c53e41ff5ad610704e6?s=96&d=mm&r=g\",\"caption\":\"Nexo Informativo\"},\"url\":\"https:\/\/www.nexoinformativo.mx\/index.php\/author\/edicion\/\"}]}<\/script>\n<!-- \/ Yoast SEO plugin. -->","yoast_head_json":{"title":"\u00a1Alerta de calor en Quer\u00e9taro! Primer caso de golpe de calor y urgente llamado a la prevenci\u00f3n | Nexo Informativo Santiago de Quer\u00e9taro","description":"\u00a1Alerta de calor en Quer\u00e9taro! Primer caso de golpe de calor y urgente llamado a la prevenci\u00f3n","robots":{"index":"index","follow":"follow","max-snippet":"max-snippet:-1","max-image-preview":"max-image-preview:large","max-video-preview":"max-video-preview:-1"},"canonical":"https:\/\/www.nexoinformativo.mx\/index.php\/2025\/05\/21\/alerta-de-calor-en-queretaro-primer-caso-de-golpe-de-calor-y-urgente-llamado-a-la-prevencion\/","og_locale":"es_MX","og_type":"article","og_title":"\u00a1Alerta de calor en Quer\u00e9taro! Primer caso de golpe de calor y urgente llamado a la prevenci\u00f3n | Nexo Informativo Santiago de Quer\u00e9taro","og_description":"\u00a1Alerta de calor en Quer\u00e9taro! Primer caso de golpe de calor y urgente llamado a la prevenci\u00f3n","og_url":"https:\/\/www.nexoinformativo.mx\/index.php\/2025\/05\/21\/alerta-de-calor-en-queretaro-primer-caso-de-golpe-de-calor-y-urgente-llamado-a-la-prevencion\/","og_site_name":"Nexo Informativo Santiago de Quer\u00e9taro","article_publisher":"https:\/\/www.facebook.com\/people\/Nexo-Informativo\/61564066885511\/","article_published_time":"2025-05-21T12:00:47+00:00","article_modified_time":"2025-05-21T17:08:15+00:00","og_image":[{"width":800,"height":987,"url":"https:\/\/www.nexoinformativo.mx\/wp-content\/uploads\/2025\/05\/PHOTO-2025-05-21-08-55-12-e1747847125476.jpg","type":"image\/jpeg"}],"author":"Nexo Informativo","twitter_card":"summary_large_image","twitter_misc":{"Escrito por":"Nexo Informativo","Tiempo de lectura":"2 minutos"},"schema":{"@context":"https:\/\/schema.org","@graph":[{"@type":"Article","@id":"https:\/\/www.nexoinformativo.mx\/index.php\/2025\/05\/21\/alerta-de-calor-en-queretaro-primer-caso-de-golpe-de-calor-y-urgente-llamado-a-la-prevencion\/#article","isPartOf":{"@id":"https:\/\/www.nexoinformativo.mx\/index.php\/2025\/05\/21\/alerta-de-calor-en-queretaro-primer-caso-de-golpe-de-calor-y-urgente-llamado-a-la-prevencion\/"},"author":{"name":"Nexo Informativo","@id":"https:\/\/www.nexoinformativo.mx\/#\/schema\/person\/7749d380ba08c8ca00d7bc76fd907b7d"},"headline":"\u00a1Alerta de calor en Quer\u00e9taro! Primer caso de golpe de calor y urgente llamado a la prevenci\u00f3n","datePublished":"2025-05-21T12:00:47+00:00","dateModified":"2025-05-21T17:08:15+00:00","mainEntityOfPage":{"@id":"https:\/\/www.nexoinformativo.mx\/index.php\/2025\/05\/21\/alerta-de-calor-en-queretaro-primer-caso-de-golpe-de-calor-y-urgente-llamado-a-la-prevencion\/"},"wordCount":434,"commentCount":0,"publisher":{"@id":"https:\/\/www.nexoinformativo.mx\/#organization"},"image":{"@id":"https:\/\/www.nexoinformativo.mx\/index.php\/2025\/05\/21\/alerta-de-calor-en-queretaro-primer-caso-de-golpe-de-calor-y-urgente-llamado-a-la-prevencion\/#primaryimage"},"thumbnailUrl":"https:\/\/www.nexoinformativo.mx\/wp-content\/uploads\/2025\/05\/PHOTO-2025-05-21-08-55-12-e1747847125476.jpg","keywords":["AlertaCalorQro","CuidaTuSalud","Prevenci\u00f3nGolpeDeCalor","Quer\u00e9taroSalud"],"articleSection":["Estado","\u00daltima Hora"],"inLanguage":"es","potentialAction":[{"@type":"CommentAction","name":"Comment","target":["https:\/\/www.nexoinformativo.mx\/index.php\/2025\/05\/21\/alerta-de-calor-en-queretaro-primer-caso-de-golpe-de-calor-y-urgente-llamado-a-la-prevencion\/#respond"]}]},{"@type":"WebPage","@id":"https:\/\/www.nexoinformativo.mx\/index.php\/2025\/05\/21\/alerta-de-calor-en-queretaro-primer-caso-de-golpe-de-calor-y-urgente-llamado-a-la-prevencion\/","url":"https:\/\/www.nexoinformativo.mx\/index.php\/2025\/05\/21\/alerta-de-calor-en-queretaro-primer-caso-de-golpe-de-calor-y-urgente-llamado-a-la-prevencion\/","name":"\u00a1Alerta de calor en Quer\u00e9taro! Primer caso de golpe de calor y urgente llamado a la prevenci\u00f3n | Nexo Informativo Santiago de Quer\u00e9taro","isPartOf":{"@id":"https:\/\/www.nexoinformativo.mx\/#website"},"primaryImageOfPage":{"@id":"https:\/\/www.nexoinformativo.mx\/index.php\/2025\/05\/21\/alerta-de-calor-en-queretaro-primer-caso-de-golpe-de-calor-y-urgente-llamado-a-la-prevencion\/#primaryimage"},"image":{"@id":"https:\/\/www.nexoinformativo.mx\/index.php\/2025\/05\/21\/alerta-de-calor-en-queretaro-primer-caso-de-golpe-de-calor-y-urgente-llamado-a-la-prevencion\/#primaryimage"},"thumbnailUrl":"https:\/\/www.nexoinformativo.mx\/wp-content\/uploads\/2025\/05\/PHOTO-2025-05-21-08-55-12-e1747847125476.jpg","datePublished":"2025-05-21T12:00:47+00:00","dateModified":"2025-05-21T17:08:15+00:00","description":"\u00a1Alerta de calor en Quer\u00e9taro! Primer caso de golpe de calor y urgente llamado a la prevenci\u00f3n","breadcrumb":{"@id":"https:\/\/www.nexoinformativo.mx\/index.php\/2025\/05\/21\/alerta-de-calor-en-queretaro-primer-caso-de-golpe-de-calor-y-urgente-llamado-a-la-prevencion\/#breadcrumb"},"inLanguage":"es","potentialAction":[{"@type":"ReadAction","target":["https:\/\/www.nexoinformativo.mx\/index.php\/2025\/05\/21\/alerta-de-calor-en-queretaro-primer-caso-de-golpe-de-calor-y-urgente-llamado-a-la-prevencion\/"]}]},{"@type":"ImageObject","inLanguage":"es","@id":"https:\/\/www.nexoinformativo.mx\/index.php\/2025\/05\/21\/alerta-de-calor-en-queretaro-primer-caso-de-golpe-de-calor-y-urgente-llamado-a-la-prevencion\/#primaryimage","url":"https:\/\/www.nexoinformativo.mx\/wp-content\/uploads\/2025\/05\/PHOTO-2025-05-21-08-55-12-e1747847125476.jpg","contentUrl":"https:\/\/www.nexoinformativo.mx\/wp-content\/uploads\/2025\/05\/PHOTO-2025-05-21-08-55-12-e1747847125476.jpg","width":800,"height":987},{"@type":"BreadcrumbList","@id":"https:\/\/www.nexoinformativo.mx\/index.php\/2025\/05\/21\/alerta-de-calor-en-queretaro-primer-caso-de-golpe-de-calor-y-urgente-llamado-a-la-prevencion\/#breadcrumb","itemListElement":[{"@type":"ListItem","position":1,"name":"Inicio","item":"https:\/\/www.nexoinformativo.mx\/"},{"@type":"ListItem","position":2,"name":"\u00a1Alerta de calor en Quer\u00e9taro! Primer caso de golpe de calor y urgente llamado a la prevenci\u00f3n"}]},{"@type":"WebSite","@id":"https:\/\/www.nexoinformativo.mx\/#website","url":"https:\/\/www.nexoinformativo.mx\/","name":"Nexo Informativo Santiago de Quer\u00e9taro","description":"Explora NexoInformativo y convi\u00e9rtete en parte de una comunidad que valora el conocimiento y la verdad. Tu nexoinformativo es tu puente hacia una comprensi\u00f3n m\u00e1s profunda del mundo que te rodea.","publisher":{"@id":"https:\/\/www.nexoinformativo.mx\/#organization"},"potentialAction":[{"@type":"SearchAction","target":{"@type":"EntryPoint","urlTemplate":"https:\/\/www.nexoinformativo.mx\/?s={search_term_string}"},"query-input":{"@type":"PropertyValueSpecification","valueRequired":true,"valueName":"search_term_string"}}],"inLanguage":"es"},{"@type":"Organization","@id":"https:\/\/www.nexoinformativo.mx\/#organization","name":"Nexo Informativo Santiago de Quer\u00e9taro","url":"https:\/\/www.nexoinformativo.mx\/","logo":{"@type":"ImageObject","inLanguage":"es","@id":"https:\/\/www.nexoinformativo.mx\/#\/schema\/logo\/image\/","url":"https:\/\/www.nexoinformativo.mx\/wp-content\/uploads\/2024\/07\/nexoi-trasparente-2.png","contentUrl":"https:\/\/www.nexoinformativo.mx\/wp-content\/uploads\/2024\/07\/nexoi-trasparente-2.png","width":816,"height":339,"caption":"Nexo Informativo Santiago de Quer\u00e9taro"},"image":{"@id":"https:\/\/www.nexoinformativo.mx\/#\/schema\/logo\/image\/"},"sameAs":["https:\/\/www.facebook.com\/people\/Nexo-Informativo\/61564066885511\/"]},{"@type":"Person","@id":"https:\/\/www.nexoinformativo.mx\/#\/schema\/person\/7749d380ba08c8ca00d7bc76fd907b7d","name":"Nexo Informativo","image":{"@type":"ImageObject","inLanguage":"es","@id":"https:\/\/www.nexoinformativo.mx\/#\/schema\/person\/image\/","url":"https:\/\/secure.gravatar.com\/avatar\/dde2928154642a13d95f87ddf1ea9718fe2b46760a005c53e41ff5ad610704e6?s=96&d=mm&r=g","contentUrl":"https:\/\/secure.gravatar.com\/avatar\/dde2928154642a13d95f87ddf1ea9718fe2b46760a005c53e41ff5ad610704e6?s=96&d=mm&r=g","caption":"Nexo Informativo"},"url":"https:\/\/www.nexoinformativo.mx\/index.php\/author\/edicion\/"}]}},"_links":{"self":[{"href":"https:\/\/www.nexoinformativo.mx\/index.php\/wp-json\/wp\/v2\/posts\/15056","targetHints":{"allow":["GET"]}}],"collection":[{"href":"https:\/\/www.nexoinformativo.mx\/index.php\/wp-json\/wp\/v2\/posts"}],"about":[{"href":"https:\/\/www.nexoinformativo.mx\/index.php\/wp-json\/wp\/v2\/types\/post"}],"author":[{"embeddable":true,"href":"https:\/\/www.nexoinformativo.mx\/index.php\/wp-json\/wp\/v2\/users\/3"}],"replies":[{"embeddable":true,"href":"https:\/\/www.nexoinformativo.mx\/index.php\/wp-json\/wp\/v2\/comments?post=15056"}],"version-history":[{"count":4,"href":"https:\/\/www.nexoinformativo.mx\/index.php\/wp-json\/wp\/v2\/posts\/15056\/revisions"}],"predecessor-version":[{"id":15059,"href":"https:\/\/www.nexoinformativo.mx\/index.php\/wp-json\/wp\/v2\/posts\/15056\/revisions\/15059"}],"wp:featuredmedia":[{"embeddable":true,"href":"https:\/\/www.nexoinformativo.mx\/index.php\/wp-json\/wp\/v2\/media\/15057"}],"wp:attachment":[{"href":"https:\/\/www.nexoinformativo.mx\/index.php\/wp-json\/wp\/v2\/media?parent=15056"}],"wp:term":[{"taxonomy":"category","embeddable":true,"href":"https:\/\/www.nexoinformativo.mx\/index.php\/wp-json\/wp\/v2\/categories?post=15056"},{"taxonomy":"post_tag","embeddable":true,"href":"https:\/\/www.nexoinformativo.mx\/index.php\/wp-json\/wp\/v2\/tags?post=15056"}],"curies":[{"name":"wp","href":"https:\/\/api.w.org\/{rel}","templated":true}]}}