{"id":15062,"date":"2025-05-21T07:00:40","date_gmt":"2025-05-21T13:00:40","guid":{"rendered":"https:\/\/www.nexoinformativo.mx\/?p=15062"},"modified":"2025-05-21T11:13:04","modified_gmt":"2025-05-21T17:13:04","slug":"adios-a-los-pagones-queretaro-tendra-plan-electrico-para-garantizar-energia","status":"publish","type":"post","link":"https:\/\/www.nexoinformativo.mx\/index.php\/2025\/05\/21\/adios-a-los-pagones-queretaro-tendra-plan-electrico-para-garantizar-energia\/","title":{"rendered":"Adi\u00f3s a los pagones Quer\u00e9taro tendr\u00e1 Plan El\u00e9ctrico para garantizar energ\u00eda"},"content":{"rendered":"<p style=\"text-align: justify;\" data-sourcepos=\"3:1-3:518\">El gobernador Mauricio Kuri anunci\u00f3 que en aproximadamente un mes estar\u00e1 listo un estudio clave sobre la demanda de energ\u00eda el\u00e9ctrica en el estado.<\/p>\n<\/p>\n<p>&nbsp;<\/p>\n<p style=\"text-align: justify;\" data-sourcepos=\"3:1-3:518\">Este documento ser\u00e1 la base para presentar una propuesta s\u00f3lida a la Comisi\u00f3n Federal de Electricidad (CFE) y a la Secretar\u00eda de Energ\u00eda, buscando asegurar el abasto energ\u00e9tico para los sectores industrial y habitacional, ante una demanda que no para de crecer.<\/p>\n<\/p>\n<p>&nbsp;<\/p>\n<p style=\"text-align: justify;\" data-sourcepos=\"5:1-5:302\">&#8220;Estamos terminando el estudio de demanda, falta aproximadamente un mes para que est\u00e9 listo. Con ese documento vamos a demostrar que hay mucha m\u00e1s demanda de la que se reconoce actualmente, y as\u00ed poder negociar la instalaci\u00f3n de dos subestaciones y 19 centros de carga&#8221;, explic\u00f3 el gobernador Kuri.<\/p>\n<\/p>\n<p>&nbsp;<\/p>\n<p style=\"text-align: justify;\" data-sourcepos=\"7:1-7:487\">Este ambicioso proyecto requerir\u00eda una inversi\u00f3n cercana a los 300 millones de d\u00f3lares. Aunque no hay un plazo l\u00edmite, el mandatario adelant\u00f3 que empresas privadas podr\u00edan estar dispuestas a construir esta infraestructura, siempre y cuando cuenten con el respaldo de la CFE.<\/p>\n<\/p>\n<p>&nbsp;<\/p>\n<p style=\"text-align: justify;\" data-sourcepos=\"13:1-13:334\">El gobernador reconoci\u00f3 que los recientes apagones en zonas como Candiles, en Corregidora, son una clara se\u00f1al de la urgencia por fortalecer la infraestructura el\u00e9ctrica del estado.<\/p>\n<\/p>\n<p>&nbsp;<\/p>\n<p style=\"text-align: justify;\" data-sourcepos=\"15:1-15:246\">Kuri indic\u00f3 que desde el inicio de su administraci\u00f3n ha sostenido reuniones constantes con la CFE y la Secretar\u00eda de Energ\u00eda, insistiendo en la necesidad de reforzar las l\u00edneas de conducci\u00f3n en diversas regiones, especialmente en la Sierra Gorda.<\/p>\n<\/p>\n<p>&nbsp;<\/p>\n<p style=\"text-align: justify;\" data-sourcepos=\"21:1-21:384\">Como parte de las estrategias para mitigar los efectos de los apagones e impulsar el desarrollo sostenible, Kuri se\u00f1al\u00f3 que se han destinado recursos para la instalaci\u00f3n de paneles solares en zonas rurales y de dif\u00edcil acceso, sobre todo en la Sierra. &#8220;El a\u00f1o pasado se invirtieron cerca de 30 millones de pesos en estos proyectos, sobre todo en municipios de la Sierra&#8221;, detall\u00f3.<\/p>\n<\/p>\n<p>&nbsp;<\/p>\n<p style=\"text-align: justify;\" data-sourcepos=\"29:1-29:346\">Finalmente, Kuri enfatiz\u00f3 que Quer\u00e9taro enfrenta dos grandes retos estructurales para su crecimiento: el abasto de agua y la energ\u00eda el\u00e9ctrica. &#8220;Ambos son necesarios para garantizar el crecimiento del estado. Si despresurizamos el sector industrial, ayudamos al habitacional, y viceversa. Por eso, estos proyectos son estrat\u00e9gicos&#8221;, concluy\u00f3.<\/p>\n<\/p>\n<p>&nbsp;<\/p>\n<p style=\"text-align: center;\" data-sourcepos=\"29:1-29:346\"><em><strong>\u00a1informaci\u00f3n que transforma!<\/strong><\/em><\/p>\n","protected":false},"excerpt":{"rendered":"<p>El gobernador Mauricio Kuri anunci\u00f3 que en aproximadamente un mes estar\u00e1 listo un estudio clave sobre la demanda de energ\u00eda el\u00e9ctrica en el estado.<\/p>\n","protected":false},"author":3,"featured_media":15063,"comment_status":"open","ping_status":"open","sticky":false,"template":"","format":"standard","meta":{"footnotes":""},"categories":[42,58],"tags":[4507,4508,1584,4459],"class_list":["post-15062","post","type-post","status-publish","format-standard","has-post-thumbnail","hentry","category-estado","category-ultima-hora","tag-apagonesqro","tag-cfequeretaro","tag-energiaqueretaro","tag-kurigobierno"],"yoast_head":"<!-- This site is optimized with the Yoast SEO plugin v25.0 - https:\/\/yoast.com\/wordpress\/plugins\/seo\/ -->\n<title>Adi\u00f3s a los pagones Quer\u00e9taro tendr\u00e1 Plan El\u00e9ctrico para garantizar energ\u00eda | Nexo Informativo Santiago de Quer\u00e9taro<\/title>\n<meta name=\"description\" content=\"Adi\u00f3s a los pagones Quer\u00e9taro tendr\u00e1 Plan El\u00e9ctrico para garantizar energ\u00eda\" \/>\n<meta name=\"robots\" content=\"index, follow, max-snippet:-1, max-image-preview:large, max-video-preview:-1\" \/>\n<link rel=\"canonical\" href=\"https:\/\/www.nexoinformativo.mx\/index.php\/2025\/05\/21\/adios-a-los-pagones-queretaro-tendra-plan-electrico-para-garantizar-energia\/\" \/>\n<meta property=\"og:locale\" content=\"es_MX\" \/>\n<meta property=\"og:type\" content=\"article\" \/>\n<meta property=\"og:title\" content=\"Adi\u00f3s a los pagones Quer\u00e9taro tendr\u00e1 Plan El\u00e9ctrico para garantizar energ\u00eda | Nexo Informativo Santiago de Quer\u00e9taro\" \/>\n<meta property=\"og:description\" content=\"Adi\u00f3s a los pagones Quer\u00e9taro tendr\u00e1 Plan El\u00e9ctrico para garantizar energ\u00eda\" \/>\n<meta property=\"og:url\" content=\"https:\/\/www.nexoinformativo.mx\/index.php\/2025\/05\/21\/adios-a-los-pagones-queretaro-tendra-plan-electrico-para-garantizar-energia\/\" \/>\n<meta property=\"og:site_name\" content=\"Nexo Informativo Santiago de Quer\u00e9taro\" \/>\n<meta property=\"article:publisher\" content=\"https:\/\/www.facebook.com\/people\/Nexo-Informativo\/61564066885511\/\" \/>\n<meta property=\"article:published_time\" content=\"2025-05-21T13:00:40+00:00\" \/>\n<meta property=\"article:modified_time\" content=\"2025-05-21T17:13:04+00:00\" \/>\n<meta property=\"og:image\" content=\"https:\/\/www.nexoinformativo.mx\/wp-content\/uploads\/2025\/05\/PHOTO-2025-05-21-08-56-41-e1747847509117.jpg\" \/>\n\t<meta property=\"og:image:width\" content=\"800\" \/>\n\t<meta property=\"og:image:height\" content=\"534\" \/>\n\t<meta property=\"og:image:type\" content=\"image\/jpeg\" \/>\n<meta name=\"author\" content=\"Nexo Informativo\" \/>\n<meta name=\"twitter:card\" content=\"summary_large_image\" \/>\n<meta name=\"twitter:label1\" content=\"Escrito por\" \/>\n\t<meta name=\"twitter:data1\" content=\"Nexo Informativo\" \/>\n\t<meta name=\"twitter:label2\" content=\"Tiempo de lectura\" \/>\n\t<meta name=\"twitter:data2\" content=\"2 minutos\" \/>\n<script type=\"application\/ld+json\" class=\"yoast-schema-graph\">{\"@context\":\"https:\/\/schema.org\",\"@graph\":[{\"@type\":\"Article\",\"@id\":\"https:\/\/www.nexoinformativo.mx\/index.php\/2025\/05\/21\/adios-a-los-pagones-queretaro-tendra-plan-electrico-para-garantizar-energia\/#article\",\"isPartOf\":{\"@id\":\"https:\/\/www.nexoinformativo.mx\/index.php\/2025\/05\/21\/adios-a-los-pagones-queretaro-tendra-plan-electrico-para-garantizar-energia\/\"},\"author\":{\"name\":\"Nexo Informativo\",\"@id\":\"https:\/\/www.nexoinformativo.mx\/#\/schema\/person\/7749d380ba08c8ca00d7bc76fd907b7d\"},\"headline\":\"Adi\u00f3s a los pagones Quer\u00e9taro tendr\u00e1 Plan El\u00e9ctrico para garantizar energ\u00eda\",\"datePublished\":\"2025-05-21T13:00:40+00:00\",\"dateModified\":\"2025-05-21T17:13:04+00:00\",\"mainEntityOfPage\":{\"@id\":\"https:\/\/www.nexoinformativo.mx\/index.php\/2025\/05\/21\/adios-a-los-pagones-queretaro-tendra-plan-electrico-para-garantizar-energia\/\"},\"wordCount\":387,\"commentCount\":0,\"publisher\":{\"@id\":\"https:\/\/www.nexoinformativo.mx\/#organization\"},\"image\":{\"@id\":\"https:\/\/www.nexoinformativo.mx\/index.php\/2025\/05\/21\/adios-a-los-pagones-queretaro-tendra-plan-electrico-para-garantizar-energia\/#primaryimage\"},\"thumbnailUrl\":\"https:\/\/www.nexoinformativo.mx\/wp-content\/uploads\/2025\/05\/PHOTO-2025-05-21-08-56-41-e1747847509117.jpg\",\"keywords\":[\"ApagonesQro\",\"CFEQuer\u00e9taro\",\"Energ\u00edaQuer\u00e9taro\",\"KuriGobierno\"],\"articleSection\":[\"Estado\",\"\u00daltima Hora\"],\"inLanguage\":\"es\",\"potentialAction\":[{\"@type\":\"CommentAction\",\"name\":\"Comment\",\"target\":[\"https:\/\/www.nexoinformativo.mx\/index.php\/2025\/05\/21\/adios-a-los-pagones-queretaro-tendra-plan-electrico-para-garantizar-energia\/#respond\"]}]},{\"@type\":\"WebPage\",\"@id\":\"https:\/\/www.nexoinformativo.mx\/index.php\/2025\/05\/21\/adios-a-los-pagones-queretaro-tendra-plan-electrico-para-garantizar-energia\/\",\"url\":\"https:\/\/www.nexoinformativo.mx\/index.php\/2025\/05\/21\/adios-a-los-pagones-queretaro-tendra-plan-electrico-para-garantizar-energia\/\",\"name\":\"Adi\u00f3s a los pagones Quer\u00e9taro tendr\u00e1 Plan El\u00e9ctrico para garantizar energ\u00eda | Nexo Informativo Santiago de Quer\u00e9taro\",\"isPartOf\":{\"@id\":\"https:\/\/www.nexoinformativo.mx\/#website\"},\"primaryImageOfPage\":{\"@id\":\"https:\/\/www.nexoinformativo.mx\/index.php\/2025\/05\/21\/adios-a-los-pagones-queretaro-tendra-plan-electrico-para-garantizar-energia\/#primaryimage\"},\"image\":{\"@id\":\"https:\/\/www.nexoinformativo.mx\/index.php\/2025\/05\/21\/adios-a-los-pagones-queretaro-tendra-plan-electrico-para-garantizar-energia\/#primaryimage\"},\"thumbnailUrl\":\"https:\/\/www.nexoinformativo.mx\/wp-content\/uploads\/2025\/05\/PHOTO-2025-05-21-08-56-41-e1747847509117.jpg\",\"datePublished\":\"2025-05-21T13:00:40+00:00\",\"dateModified\":\"2025-05-21T17:13:04+00:00\",\"description\":\"Adi\u00f3s a los pagones Quer\u00e9taro tendr\u00e1 Plan El\u00e9ctrico para garantizar energ\u00eda\",\"breadcrumb\":{\"@id\":\"https:\/\/www.nexoinformativo.mx\/index.php\/2025\/05\/21\/adios-a-los-pagones-queretaro-tendra-plan-electrico-para-garantizar-energia\/#breadcrumb\"},\"inLanguage\":\"es\",\"potentialAction\":[{\"@type\":\"ReadAction\",\"target\":[\"https:\/\/www.nexoinformativo.mx\/index.php\/2025\/05\/21\/adios-a-los-pagones-queretaro-tendra-plan-electrico-para-garantizar-energia\/\"]}]},{\"@type\":\"ImageObject\",\"inLanguage\":\"es\",\"@id\":\"https:\/\/www.nexoinformativo.mx\/index.php\/2025\/05\/21\/adios-a-los-pagones-queretaro-tendra-plan-electrico-para-garantizar-energia\/#primaryimage\",\"url\":\"https:\/\/www.nexoinformativo.mx\/wp-content\/uploads\/2025\/05\/PHOTO-2025-05-21-08-56-41-e1747847509117.jpg\",\"contentUrl\":\"https:\/\/www.nexoinformativo.mx\/wp-content\/uploads\/2025\/05\/PHOTO-2025-05-21-08-56-41-e1747847509117.jpg\",\"width\":800,\"height\":534},{\"@type\":\"BreadcrumbList\",\"@id\":\"https:\/\/www.nexoinformativo.mx\/index.php\/2025\/05\/21\/adios-a-los-pagones-queretaro-tendra-plan-electrico-para-garantizar-energia\/#breadcrumb\",\"itemListElement\":[{\"@type\":\"ListItem\",\"position\":1,\"name\":\"Inicio\",\"item\":\"https:\/\/www.nexoinformativo.mx\/\"},{\"@type\":\"ListItem\",\"position\":2,\"name\":\"Adi\u00f3s a los pagones Quer\u00e9taro tendr\u00e1 Plan El\u00e9ctrico para garantizar energ\u00eda\"}]},{\"@type\":\"WebSite\",\"@id\":\"https:\/\/www.nexoinformativo.mx\/#website\",\"url\":\"https:\/\/www.nexoinformativo.mx\/\",\"name\":\"Nexo Informativo Santiago de Quer\u00e9taro\",\"description\":\"Explora NexoInformativo y convi\u00e9rtete en parte de una comunidad que valora el conocimiento y la verdad. Tu nexoinformativo es tu puente hacia una comprensi\u00f3n m\u00e1s profunda del mundo que te rodea.\",\"publisher\":{\"@id\":\"https:\/\/www.nexoinformativo.mx\/#organization\"},\"potentialAction\":[{\"@type\":\"SearchAction\",\"target\":{\"@type\":\"EntryPoint\",\"urlTemplate\":\"https:\/\/www.nexoinformativo.mx\/?s={search_term_string}\"},\"query-input\":{\"@type\":\"PropertyValueSpecification\",\"valueRequired\":true,\"valueName\":\"search_term_string\"}}],\"inLanguage\":\"es\"},{\"@type\":\"Organization\",\"@id\":\"https:\/\/www.nexoinformativo.mx\/#organization\",\"name\":\"Nexo Informativo Santiago de Quer\u00e9taro\",\"url\":\"https:\/\/www.nexoinformativo.mx\/\",\"logo\":{\"@type\":\"ImageObject\",\"inLanguage\":\"es\",\"@id\":\"https:\/\/www.nexoinformativo.mx\/#\/schema\/logo\/image\/\",\"url\":\"https:\/\/www.nexoinformativo.mx\/wp-content\/uploads\/2024\/07\/nexoi-trasparente-2.png\",\"contentUrl\":\"https:\/\/www.nexoinformativo.mx\/wp-content\/uploads\/2024\/07\/nexoi-trasparente-2.png\",\"width\":816,\"height\":339,\"caption\":\"Nexo Informativo Santiago de Quer\u00e9taro\"},\"image\":{\"@id\":\"https:\/\/www.nexoinformativo.mx\/#\/schema\/logo\/image\/\"},\"sameAs\":[\"https:\/\/www.facebook.com\/people\/Nexo-Informativo\/61564066885511\/\"]},{\"@type\":\"Person\",\"@id\":\"https:\/\/www.nexoinformativo.mx\/#\/schema\/person\/7749d380ba08c8ca00d7bc76fd907b7d\",\"name\":\"Nexo Informativo\",\"image\":{\"@type\":\"ImageObject\",\"inLanguage\":\"es\",\"@id\":\"https:\/\/www.nexoinformativo.mx\/#\/schema\/person\/image\/\",\"url\":\"https:\/\/secure.gravatar.com\/avatar\/dde2928154642a13d95f87ddf1ea9718fe2b46760a005c53e41ff5ad610704e6?s=96&d=mm&r=g\",\"contentUrl\":\"https:\/\/secure.gravatar.com\/avatar\/dde2928154642a13d95f87ddf1ea9718fe2b46760a005c53e41ff5ad610704e6?s=96&d=mm&r=g\",\"caption\":\"Nexo Informativo\"},\"url\":\"https:\/\/www.nexoinformativo.mx\/index.php\/author\/edicion\/\"}]}<\/script>\n<!-- \/ Yoast SEO plugin. -->","yoast_head_json":{"title":"Adi\u00f3s a los pagones Quer\u00e9taro tendr\u00e1 Plan El\u00e9ctrico para garantizar energ\u00eda | Nexo Informativo Santiago de Quer\u00e9taro","description":"Adi\u00f3s a los pagones Quer\u00e9taro tendr\u00e1 Plan El\u00e9ctrico para garantizar energ\u00eda","robots":{"index":"index","follow":"follow","max-snippet":"max-snippet:-1","max-image-preview":"max-image-preview:large","max-video-preview":"max-video-preview:-1"},"canonical":"https:\/\/www.nexoinformativo.mx\/index.php\/2025\/05\/21\/adios-a-los-pagones-queretaro-tendra-plan-electrico-para-garantizar-energia\/","og_locale":"es_MX","og_type":"article","og_title":"Adi\u00f3s a los pagones Quer\u00e9taro tendr\u00e1 Plan El\u00e9ctrico para garantizar energ\u00eda | Nexo Informativo Santiago de Quer\u00e9taro","og_description":"Adi\u00f3s a los pagones Quer\u00e9taro tendr\u00e1 Plan El\u00e9ctrico para garantizar energ\u00eda","og_url":"https:\/\/www.nexoinformativo.mx\/index.php\/2025\/05\/21\/adios-a-los-pagones-queretaro-tendra-plan-electrico-para-garantizar-energia\/","og_site_name":"Nexo Informativo Santiago de Quer\u00e9taro","article_publisher":"https:\/\/www.facebook.com\/people\/Nexo-Informativo\/61564066885511\/","article_published_time":"2025-05-21T13:00:40+00:00","article_modified_time":"2025-05-21T17:13:04+00:00","og_image":[{"width":800,"height":534,"url":"https:\/\/www.nexoinformativo.mx\/wp-content\/uploads\/2025\/05\/PHOTO-2025-05-21-08-56-41-e1747847509117.jpg","type":"image\/jpeg"}],"author":"Nexo Informativo","twitter_card":"summary_large_image","twitter_misc":{"Escrito por":"Nexo Informativo","Tiempo de lectura":"2 minutos"},"schema":{"@context":"https:\/\/schema.org","@graph":[{"@type":"Article","@id":"https:\/\/www.nexoinformativo.mx\/index.php\/2025\/05\/21\/adios-a-los-pagones-queretaro-tendra-plan-electrico-para-garantizar-energia\/#article","isPartOf":{"@id":"https:\/\/www.nexoinformativo.mx\/index.php\/2025\/05\/21\/adios-a-los-pagones-queretaro-tendra-plan-electrico-para-garantizar-energia\/"},"author":{"name":"Nexo Informativo","@id":"https:\/\/www.nexoinformativo.mx\/#\/schema\/person\/7749d380ba08c8ca00d7bc76fd907b7d"},"headline":"Adi\u00f3s a los pagones Quer\u00e9taro tendr\u00e1 Plan El\u00e9ctrico para garantizar energ\u00eda","datePublished":"2025-05-21T13:00:40+00:00","dateModified":"2025-05-21T17:13:04+00:00","mainEntityOfPage":{"@id":"https:\/\/www.nexoinformativo.mx\/index.php\/2025\/05\/21\/adios-a-los-pagones-queretaro-tendra-plan-electrico-para-garantizar-energia\/"},"wordCount":387,"commentCount":0,"publisher":{"@id":"https:\/\/www.nexoinformativo.mx\/#organization"},"image":{"@id":"https:\/\/www.nexoinformativo.mx\/index.php\/2025\/05\/21\/adios-a-los-pagones-queretaro-tendra-plan-electrico-para-garantizar-energia\/#primaryimage"},"thumbnailUrl":"https:\/\/www.nexoinformativo.mx\/wp-content\/uploads\/2025\/05\/PHOTO-2025-05-21-08-56-41-e1747847509117.jpg","keywords":["ApagonesQro","CFEQuer\u00e9taro","Energ\u00edaQuer\u00e9taro","KuriGobierno"],"articleSection":["Estado","\u00daltima Hora"],"inLanguage":"es","potentialAction":[{"@type":"CommentAction","name":"Comment","target":["https:\/\/www.nexoinformativo.mx\/index.php\/2025\/05\/21\/adios-a-los-pagones-queretaro-tendra-plan-electrico-para-garantizar-energia\/#respond"]}]},{"@type":"WebPage","@id":"https:\/\/www.nexoinformativo.mx\/index.php\/2025\/05\/21\/adios-a-los-pagones-queretaro-tendra-plan-electrico-para-garantizar-energia\/","url":"https:\/\/www.nexoinformativo.mx\/index.php\/2025\/05\/21\/adios-a-los-pagones-queretaro-tendra-plan-electrico-para-garantizar-energia\/","name":"Adi\u00f3s a los pagones Quer\u00e9taro tendr\u00e1 Plan El\u00e9ctrico para garantizar energ\u00eda | Nexo Informativo Santiago de Quer\u00e9taro","isPartOf":{"@id":"https:\/\/www.nexoinformativo.mx\/#website"},"primaryImageOfPage":{"@id":"https:\/\/www.nexoinformativo.mx\/index.php\/2025\/05\/21\/adios-a-los-pagones-queretaro-tendra-plan-electrico-para-garantizar-energia\/#primaryimage"},"image":{"@id":"https:\/\/www.nexoinformativo.mx\/index.php\/2025\/05\/21\/adios-a-los-pagones-queretaro-tendra-plan-electrico-para-garantizar-energia\/#primaryimage"},"thumbnailUrl":"https:\/\/www.nexoinformativo.mx\/wp-content\/uploads\/2025\/05\/PHOTO-2025-05-21-08-56-41-e1747847509117.jpg","datePublished":"2025-05-21T13:00:40+00:00","dateModified":"2025-05-21T17:13:04+00:00","description":"Adi\u00f3s a los pagones Quer\u00e9taro tendr\u00e1 Plan El\u00e9ctrico para garantizar energ\u00eda","breadcrumb":{"@id":"https:\/\/www.nexoinformativo.mx\/index.php\/2025\/05\/21\/adios-a-los-pagones-queretaro-tendra-plan-electrico-para-garantizar-energia\/#breadcrumb"},"inLanguage":"es","potentialAction":[{"@type":"ReadAction","target":["https:\/\/www.nexoinformativo.mx\/index.php\/2025\/05\/21\/adios-a-los-pagones-queretaro-tendra-plan-electrico-para-garantizar-energia\/"]}]},{"@type":"ImageObject","inLanguage":"es","@id":"https:\/\/www.nexoinformativo.mx\/index.php\/2025\/05\/21\/adios-a-los-pagones-queretaro-tendra-plan-electrico-para-garantizar-energia\/#primaryimage","url":"https:\/\/www.nexoinformativo.mx\/wp-content\/uploads\/2025\/05\/PHOTO-2025-05-21-08-56-41-e1747847509117.jpg","contentUrl":"https:\/\/www.nexoinformativo.mx\/wp-content\/uploads\/2025\/05\/PHOTO-2025-05-21-08-56-41-e1747847509117.jpg","width":800,"height":534},{"@type":"BreadcrumbList","@id":"https:\/\/www.nexoinformativo.mx\/index.php\/2025\/05\/21\/adios-a-los-pagones-queretaro-tendra-plan-electrico-para-garantizar-energia\/#breadcrumb","itemListElement":[{"@type":"ListItem","position":1,"name":"Inicio","item":"https:\/\/www.nexoinformativo.mx\/"},{"@type":"ListItem","position":2,"name":"Adi\u00f3s a los pagones Quer\u00e9taro tendr\u00e1 Plan El\u00e9ctrico para garantizar energ\u00eda"}]},{"@type":"WebSite","@id":"https:\/\/www.nexoinformativo.mx\/#website","url":"https:\/\/www.nexoinformativo.mx\/","name":"Nexo Informativo Santiago de Quer\u00e9taro","description":"Explora NexoInformativo y convi\u00e9rtete en parte de una comunidad que valora el conocimiento y la verdad. Tu nexoinformativo es tu puente hacia una comprensi\u00f3n m\u00e1s profunda del mundo que te rodea.","publisher":{"@id":"https:\/\/www.nexoinformativo.mx\/#organization"},"potentialAction":[{"@type":"SearchAction","target":{"@type":"EntryPoint","urlTemplate":"https:\/\/www.nexoinformativo.mx\/?s={search_term_string}"},"query-input":{"@type":"PropertyValueSpecification","valueRequired":true,"valueName":"search_term_string"}}],"inLanguage":"es"},{"@type":"Organization","@id":"https:\/\/www.nexoinformativo.mx\/#organization","name":"Nexo Informativo Santiago de Quer\u00e9taro","url":"https:\/\/www.nexoinformativo.mx\/","logo":{"@type":"ImageObject","inLanguage":"es","@id":"https:\/\/www.nexoinformativo.mx\/#\/schema\/logo\/image\/","url":"https:\/\/www.nexoinformativo.mx\/wp-content\/uploads\/2024\/07\/nexoi-trasparente-2.png","contentUrl":"https:\/\/www.nexoinformativo.mx\/wp-content\/uploads\/2024\/07\/nexoi-trasparente-2.png","width":816,"height":339,"caption":"Nexo Informativo Santiago de Quer\u00e9taro"},"image":{"@id":"https:\/\/www.nexoinformativo.mx\/#\/schema\/logo\/image\/"},"sameAs":["https:\/\/www.facebook.com\/people\/Nexo-Informativo\/61564066885511\/"]},{"@type":"Person","@id":"https:\/\/www.nexoinformativo.mx\/#\/schema\/person\/7749d380ba08c8ca00d7bc76fd907b7d","name":"Nexo Informativo","image":{"@type":"ImageObject","inLanguage":"es","@id":"https:\/\/www.nexoinformativo.mx\/#\/schema\/person\/image\/","url":"https:\/\/secure.gravatar.com\/avatar\/dde2928154642a13d95f87ddf1ea9718fe2b46760a005c53e41ff5ad610704e6?s=96&d=mm&r=g","contentUrl":"https:\/\/secure.gravatar.com\/avatar\/dde2928154642a13d95f87ddf1ea9718fe2b46760a005c53e41ff5ad610704e6?s=96&d=mm&r=g","caption":"Nexo Informativo"},"url":"https:\/\/www.nexoinformativo.mx\/index.php\/author\/edicion\/"}]}},"_links":{"self":[{"href":"https:\/\/www.nexoinformativo.mx\/index.php\/wp-json\/wp\/v2\/posts\/15062","targetHints":{"allow":["GET"]}}],"collection":[{"href":"https:\/\/www.nexoinformativo.mx\/index.php\/wp-json\/wp\/v2\/posts"}],"about":[{"href":"https:\/\/www.nexoinformativo.mx\/index.php\/wp-json\/wp\/v2\/types\/post"}],"author":[{"embeddable":true,"href":"https:\/\/www.nexoinformativo.mx\/index.php\/wp-json\/wp\/v2\/users\/3"}],"replies":[{"embeddable":true,"href":"https:\/\/www.nexoinformativo.mx\/index.php\/wp-json\/wp\/v2\/comments?post=15062"}],"version-history":[{"count":3,"href":"https:\/\/www.nexoinformativo.mx\/index.php\/wp-json\/wp\/v2\/posts\/15062\/revisions"}],"predecessor-version":[{"id":15066,"href":"https:\/\/www.nexoinformativo.mx\/index.php\/wp-json\/wp\/v2\/posts\/15062\/revisions\/15066"}],"wp:featuredmedia":[{"embeddable":true,"href":"https:\/\/www.nexoinformativo.mx\/index.php\/wp-json\/wp\/v2\/media\/15063"}],"wp:attachment":[{"href":"https:\/\/www.nexoinformativo.mx\/index.php\/wp-json\/wp\/v2\/media?parent=15062"}],"wp:term":[{"taxonomy":"category","embeddable":true,"href":"https:\/\/www.nexoinformativo.mx\/index.php\/wp-json\/wp\/v2\/categories?post=15062"},{"taxonomy":"post_tag","embeddable":true,"href":"https:\/\/www.nexoinformativo.mx\/index.php\/wp-json\/wp\/v2\/tags?post=15062"}],"curies":[{"name":"wp","href":"https:\/\/api.w.org\/{rel}","templated":true}]}}