{"id":15067,"date":"2025-05-21T08:00:26","date_gmt":"2025-05-21T14:00:26","guid":{"rendered":"https:\/\/www.nexoinformativo.mx\/?p=15067"},"modified":"2025-05-21T11:17:16","modified_gmt":"2025-05-21T17:17:16","slug":"llega-mas-rapido-qrobus-estrena-rutas-cortas-para-horas-pico-y-minimiza-esperas","status":"publish","type":"post","link":"https:\/\/www.nexoinformativo.mx\/index.php\/2025\/05\/21\/llega-mas-rapido-qrobus-estrena-rutas-cortas-para-horas-pico-y-minimiza-esperas\/","title":{"rendered":"Llega m\u00e1s r\u00e1pido Qrob\u00fas estrena rutas cortas para horas pico y minimiza esperas"},"content":{"rendered":"<p style=\"text-align: justify;\" data-sourcepos=\"3:1-3:433\">El sistema de transporte p\u00fablico colectivo Qrob\u00fas ha puesto en marcha una nueva estrategia para mejorar la experiencia de los usuarios: la activaci\u00f3n de rutas cortas en seis de sus troncales con mayor demanda. Esta iniciativa, parte del programa &#8220;+Qrob\u00fas&#8221;, busca reducir los tiempos de espera y la saturaci\u00f3n de las unidades, especialmente en las horas pico.<\/p>\n<\/p>\n<p>&nbsp;<\/p>\n<p style=\"text-align: justify;\" data-sourcepos=\"5:1-5:367\">Gerardo Cuanalo, director de la Agencia de Movilidad del Estado (AMEQ), inform\u00f3 que las rutas que ya est\u00e1n operando bajo este esquema son la Troncal 3, Troncal 6, Troncal 9, Troncal 10, Troncal 13 y la C21. Estas rutas cortas funcionar\u00e1n exclusivamente en horarios de mayor afluencia, es decir, de 6:00 a 9:00 de la ma\u00f1ana y de 5:00 a 8:00 de la noche.<\/p>\n<\/p>\n<p>&nbsp;<\/p>\n<p style=\"text-align: justify;\" data-sourcepos=\"7:1-7:297\">&#8220;Son unidades adicionales al sistema regular, no lo sustituyen, y lo que buscan es que los usuarios vayan m\u00e1s c\u00f3modos, con mayor frecuencia y menos tiempo de espera&#8221;, explic\u00f3 Cuanalo, destacando que las Troncales 6 y 9 fueron las que registraron mayor afluencia durante el primer d\u00eda de operaci\u00f3n.<\/p>\n<\/p>\n<p>&nbsp;<\/p>\n<p style=\"text-align: justify;\" data-sourcepos=\"9:1-9:379\">El funcionario aclar\u00f3 que el objetivo principal de estas rutas no es acortar el tiempo de trayecto total, sino disminuir la saturaci\u00f3n y mejorar la frecuencia de paso al atender directamente los puntos de mayor demanda. Las unidades de estas rutas cortas cubren tramos m\u00e1s breves que las convencionales y regresan vac\u00edas para desahogar las zonas con mayor n\u00famero de ascensos.<\/p>\n<\/p>\n<p>&nbsp;<\/p>\n<p style=\"text-align: justify;\" data-sourcepos=\"15:1-15:316\">Tambi\u00e9n report\u00f3 que el sistema Qrob\u00fas sigue rompiendo r\u00e9cords de usuarios. &#8220;La semana pasada llegamos a los 510 mil ascensos diarios, y esta semana se espera una cifra similar. Esto nos obliga a identificar con mayor precisi\u00f3n los or\u00edgenes de saturaci\u00f3n y atenderlos con nuevas unidades y rutas&#8221;, afirm\u00f3.<\/p>\n<\/p>\n<p>&nbsp;<\/p>\n<p style=\"text-align: center;\" data-sourcepos=\"15:1-15:316\"><em><strong>\u00a1Informaci\u00f3n que transforma!<\/strong><\/em><\/p>\n","protected":false},"excerpt":{"rendered":"<p>El sistema de transporte p\u00fablico colectivo Qrob\u00fas ha puesto en marcha una nueva estrategia para mejorar la experiencia de los usuarios: la activaci\u00f3n de rutas cortas en seis de sus troncales con mayor demanda. Esta iniciativa, parte del programa &#8220;+Qrob\u00fas&#8221;, busca reducir los tiempos de espera y la saturaci\u00f3n de las unidades, especialmente en las horas pico.<\/p>\n","protected":false},"author":3,"featured_media":15068,"comment_status":"open","ping_status":"open","sticky":false,"template":"","format":"standard","meta":{"footnotes":""},"categories":[42,58],"tags":[4511,3556,4509,4510],"class_list":["post-15067","post","type-post","status-publish","format-standard","has-post-thumbnail","hentry","category-estado","category-ultima-hora","tag-menosespera","tag-movilidadqro","tag-qrobuseficiente","tag-rutascortas"],"yoast_head":"<!-- This site is optimized with the Yoast SEO plugin v25.0 - https:\/\/yoast.com\/wordpress\/plugins\/seo\/ -->\n<title>Llega m\u00e1s r\u00e1pido Qrob\u00fas estrena rutas cortas para horas pico y minimiza esperas | Nexo Informativo Santiago de Quer\u00e9taro<\/title>\n<meta name=\"description\" content=\"Llega m\u00e1s r\u00e1pido Qrob\u00fas estrena rutas cortas para horas pico y minimiza esperas\" \/>\n<meta name=\"robots\" content=\"index, follow, max-snippet:-1, max-image-preview:large, max-video-preview:-1\" \/>\n<link rel=\"canonical\" href=\"https:\/\/www.nexoinformativo.mx\/index.php\/2025\/05\/21\/llega-mas-rapido-qrobus-estrena-rutas-cortas-para-horas-pico-y-minimiza-esperas\/\" \/>\n<meta property=\"og:locale\" content=\"es_MX\" \/>\n<meta property=\"og:type\" content=\"article\" \/>\n<meta property=\"og:title\" content=\"Llega m\u00e1s r\u00e1pido Qrob\u00fas estrena rutas cortas para horas pico y minimiza esperas | Nexo Informativo Santiago de Quer\u00e9taro\" \/>\n<meta property=\"og:description\" content=\"Llega m\u00e1s r\u00e1pido Qrob\u00fas estrena rutas cortas para horas pico y minimiza esperas\" \/>\n<meta property=\"og:url\" content=\"https:\/\/www.nexoinformativo.mx\/index.php\/2025\/05\/21\/llega-mas-rapido-qrobus-estrena-rutas-cortas-para-horas-pico-y-minimiza-esperas\/\" \/>\n<meta property=\"og:site_name\" content=\"Nexo Informativo Santiago de Quer\u00e9taro\" \/>\n<meta property=\"article:publisher\" content=\"https:\/\/www.facebook.com\/people\/Nexo-Informativo\/61564066885511\/\" \/>\n<meta property=\"article:published_time\" content=\"2025-05-21T14:00:26+00:00\" \/>\n<meta property=\"article:modified_time\" content=\"2025-05-21T17:17:16+00:00\" \/>\n<meta property=\"og:image\" content=\"https:\/\/www.nexoinformativo.mx\/wp-content\/uploads\/2025\/05\/PHOTO-2025-05-21-08-57-28-e1747847784535.jpg\" \/>\n\t<meta property=\"og:image:width\" content=\"800\" \/>\n\t<meta property=\"og:image:height\" content=\"533\" \/>\n\t<meta property=\"og:image:type\" content=\"image\/jpeg\" \/>\n<meta name=\"author\" content=\"Nexo Informativo\" \/>\n<meta name=\"twitter:card\" content=\"summary_large_image\" \/>\n<meta name=\"twitter:label1\" content=\"Escrito por\" \/>\n\t<meta name=\"twitter:data1\" content=\"Nexo Informativo\" \/>\n\t<meta name=\"twitter:label2\" content=\"Tiempo de lectura\" \/>\n\t<meta name=\"twitter:data2\" content=\"2 minutos\" \/>\n<script type=\"application\/ld+json\" class=\"yoast-schema-graph\">{\"@context\":\"https:\/\/schema.org\",\"@graph\":[{\"@type\":\"Article\",\"@id\":\"https:\/\/www.nexoinformativo.mx\/index.php\/2025\/05\/21\/llega-mas-rapido-qrobus-estrena-rutas-cortas-para-horas-pico-y-minimiza-esperas\/#article\",\"isPartOf\":{\"@id\":\"https:\/\/www.nexoinformativo.mx\/index.php\/2025\/05\/21\/llega-mas-rapido-qrobus-estrena-rutas-cortas-para-horas-pico-y-minimiza-esperas\/\"},\"author\":{\"name\":\"Nexo Informativo\",\"@id\":\"https:\/\/www.nexoinformativo.mx\/#\/schema\/person\/7749d380ba08c8ca00d7bc76fd907b7d\"},\"headline\":\"Llega m\u00e1s r\u00e1pido Qrob\u00fas estrena rutas cortas para horas pico y minimiza esperas\",\"datePublished\":\"2025-05-21T14:00:26+00:00\",\"dateModified\":\"2025-05-21T17:17:16+00:00\",\"mainEntityOfPage\":{\"@id\":\"https:\/\/www.nexoinformativo.mx\/index.php\/2025\/05\/21\/llega-mas-rapido-qrobus-estrena-rutas-cortas-para-horas-pico-y-minimiza-esperas\/\"},\"wordCount\":315,\"commentCount\":0,\"publisher\":{\"@id\":\"https:\/\/www.nexoinformativo.mx\/#organization\"},\"image\":{\"@id\":\"https:\/\/www.nexoinformativo.mx\/index.php\/2025\/05\/21\/llega-mas-rapido-qrobus-estrena-rutas-cortas-para-horas-pico-y-minimiza-esperas\/#primaryimage\"},\"thumbnailUrl\":\"https:\/\/www.nexoinformativo.mx\/wp-content\/uploads\/2025\/05\/PHOTO-2025-05-21-08-57-28-e1747847784535.jpg\",\"keywords\":[\"MenosEspera\",\"MovilidadQro\",\"QrobusEficiente\",\"RutasCortas\"],\"articleSection\":[\"Estado\",\"\u00daltima Hora\"],\"inLanguage\":\"es\",\"potentialAction\":[{\"@type\":\"CommentAction\",\"name\":\"Comment\",\"target\":[\"https:\/\/www.nexoinformativo.mx\/index.php\/2025\/05\/21\/llega-mas-rapido-qrobus-estrena-rutas-cortas-para-horas-pico-y-minimiza-esperas\/#respond\"]}]},{\"@type\":\"WebPage\",\"@id\":\"https:\/\/www.nexoinformativo.mx\/index.php\/2025\/05\/21\/llega-mas-rapido-qrobus-estrena-rutas-cortas-para-horas-pico-y-minimiza-esperas\/\",\"url\":\"https:\/\/www.nexoinformativo.mx\/index.php\/2025\/05\/21\/llega-mas-rapido-qrobus-estrena-rutas-cortas-para-horas-pico-y-minimiza-esperas\/\",\"name\":\"Llega m\u00e1s r\u00e1pido Qrob\u00fas estrena rutas cortas para horas pico y minimiza esperas | Nexo Informativo Santiago de Quer\u00e9taro\",\"isPartOf\":{\"@id\":\"https:\/\/www.nexoinformativo.mx\/#website\"},\"primaryImageOfPage\":{\"@id\":\"https:\/\/www.nexoinformativo.mx\/index.php\/2025\/05\/21\/llega-mas-rapido-qrobus-estrena-rutas-cortas-para-horas-pico-y-minimiza-esperas\/#primaryimage\"},\"image\":{\"@id\":\"https:\/\/www.nexoinformativo.mx\/index.php\/2025\/05\/21\/llega-mas-rapido-qrobus-estrena-rutas-cortas-para-horas-pico-y-minimiza-esperas\/#primaryimage\"},\"thumbnailUrl\":\"https:\/\/www.nexoinformativo.mx\/wp-content\/uploads\/2025\/05\/PHOTO-2025-05-21-08-57-28-e1747847784535.jpg\",\"datePublished\":\"2025-05-21T14:00:26+00:00\",\"dateModified\":\"2025-05-21T17:17:16+00:00\",\"description\":\"Llega m\u00e1s r\u00e1pido Qrob\u00fas estrena rutas cortas para horas pico y minimiza esperas\",\"breadcrumb\":{\"@id\":\"https:\/\/www.nexoinformativo.mx\/index.php\/2025\/05\/21\/llega-mas-rapido-qrobus-estrena-rutas-cortas-para-horas-pico-y-minimiza-esperas\/#breadcrumb\"},\"inLanguage\":\"es\",\"potentialAction\":[{\"@type\":\"ReadAction\",\"target\":[\"https:\/\/www.nexoinformativo.mx\/index.php\/2025\/05\/21\/llega-mas-rapido-qrobus-estrena-rutas-cortas-para-horas-pico-y-minimiza-esperas\/\"]}]},{\"@type\":\"ImageObject\",\"inLanguage\":\"es\",\"@id\":\"https:\/\/www.nexoinformativo.mx\/index.php\/2025\/05\/21\/llega-mas-rapido-qrobus-estrena-rutas-cortas-para-horas-pico-y-minimiza-esperas\/#primaryimage\",\"url\":\"https:\/\/www.nexoinformativo.mx\/wp-content\/uploads\/2025\/05\/PHOTO-2025-05-21-08-57-28-e1747847784535.jpg\",\"contentUrl\":\"https:\/\/www.nexoinformativo.mx\/wp-content\/uploads\/2025\/05\/PHOTO-2025-05-21-08-57-28-e1747847784535.jpg\",\"width\":800,\"height\":533},{\"@type\":\"BreadcrumbList\",\"@id\":\"https:\/\/www.nexoinformativo.mx\/index.php\/2025\/05\/21\/llega-mas-rapido-qrobus-estrena-rutas-cortas-para-horas-pico-y-minimiza-esperas\/#breadcrumb\",\"itemListElement\":[{\"@type\":\"ListItem\",\"position\":1,\"name\":\"Inicio\",\"item\":\"https:\/\/www.nexoinformativo.mx\/\"},{\"@type\":\"ListItem\",\"position\":2,\"name\":\"Llega m\u00e1s r\u00e1pido Qrob\u00fas estrena rutas cortas para horas pico y minimiza esperas\"}]},{\"@type\":\"WebSite\",\"@id\":\"https:\/\/www.nexoinformativo.mx\/#website\",\"url\":\"https:\/\/www.nexoinformativo.mx\/\",\"name\":\"Nexo Informativo Santiago de Quer\u00e9taro\",\"description\":\"Explora NexoInformativo y convi\u00e9rtete en parte de una comunidad que valora el conocimiento y la verdad. Tu nexoinformativo es tu puente hacia una comprensi\u00f3n m\u00e1s profunda del mundo que te rodea.\",\"publisher\":{\"@id\":\"https:\/\/www.nexoinformativo.mx\/#organization\"},\"potentialAction\":[{\"@type\":\"SearchAction\",\"target\":{\"@type\":\"EntryPoint\",\"urlTemplate\":\"https:\/\/www.nexoinformativo.mx\/?s={search_term_string}\"},\"query-input\":{\"@type\":\"PropertyValueSpecification\",\"valueRequired\":true,\"valueName\":\"search_term_string\"}}],\"inLanguage\":\"es\"},{\"@type\":\"Organization\",\"@id\":\"https:\/\/www.nexoinformativo.mx\/#organization\",\"name\":\"Nexo Informativo Santiago de Quer\u00e9taro\",\"url\":\"https:\/\/www.nexoinformativo.mx\/\",\"logo\":{\"@type\":\"ImageObject\",\"inLanguage\":\"es\",\"@id\":\"https:\/\/www.nexoinformativo.mx\/#\/schema\/logo\/image\/\",\"url\":\"https:\/\/www.nexoinformativo.mx\/wp-content\/uploads\/2024\/07\/nexoi-trasparente-2.png\",\"contentUrl\":\"https:\/\/www.nexoinformativo.mx\/wp-content\/uploads\/2024\/07\/nexoi-trasparente-2.png\",\"width\":816,\"height\":339,\"caption\":\"Nexo Informativo Santiago de Quer\u00e9taro\"},\"image\":{\"@id\":\"https:\/\/www.nexoinformativo.mx\/#\/schema\/logo\/image\/\"},\"sameAs\":[\"https:\/\/www.facebook.com\/people\/Nexo-Informativo\/61564066885511\/\"]},{\"@type\":\"Person\",\"@id\":\"https:\/\/www.nexoinformativo.mx\/#\/schema\/person\/7749d380ba08c8ca00d7bc76fd907b7d\",\"name\":\"Nexo Informativo\",\"image\":{\"@type\":\"ImageObject\",\"inLanguage\":\"es\",\"@id\":\"https:\/\/www.nexoinformativo.mx\/#\/schema\/person\/image\/\",\"url\":\"https:\/\/secure.gravatar.com\/avatar\/dde2928154642a13d95f87ddf1ea9718fe2b46760a005c53e41ff5ad610704e6?s=96&d=mm&r=g\",\"contentUrl\":\"https:\/\/secure.gravatar.com\/avatar\/dde2928154642a13d95f87ddf1ea9718fe2b46760a005c53e41ff5ad610704e6?s=96&d=mm&r=g\",\"caption\":\"Nexo Informativo\"},\"url\":\"https:\/\/www.nexoinformativo.mx\/index.php\/author\/edicion\/\"}]}<\/script>\n<!-- \/ Yoast SEO plugin. -->","yoast_head_json":{"title":"Llega m\u00e1s r\u00e1pido Qrob\u00fas estrena rutas cortas para horas pico y minimiza esperas | Nexo Informativo Santiago de Quer\u00e9taro","description":"Llega m\u00e1s r\u00e1pido Qrob\u00fas estrena rutas cortas para horas pico y minimiza esperas","robots":{"index":"index","follow":"follow","max-snippet":"max-snippet:-1","max-image-preview":"max-image-preview:large","max-video-preview":"max-video-preview:-1"},"canonical":"https:\/\/www.nexoinformativo.mx\/index.php\/2025\/05\/21\/llega-mas-rapido-qrobus-estrena-rutas-cortas-para-horas-pico-y-minimiza-esperas\/","og_locale":"es_MX","og_type":"article","og_title":"Llega m\u00e1s r\u00e1pido Qrob\u00fas estrena rutas cortas para horas pico y minimiza esperas | Nexo Informativo Santiago de Quer\u00e9taro","og_description":"Llega m\u00e1s r\u00e1pido Qrob\u00fas estrena rutas cortas para horas pico y minimiza esperas","og_url":"https:\/\/www.nexoinformativo.mx\/index.php\/2025\/05\/21\/llega-mas-rapido-qrobus-estrena-rutas-cortas-para-horas-pico-y-minimiza-esperas\/","og_site_name":"Nexo Informativo Santiago de Quer\u00e9taro","article_publisher":"https:\/\/www.facebook.com\/people\/Nexo-Informativo\/61564066885511\/","article_published_time":"2025-05-21T14:00:26+00:00","article_modified_time":"2025-05-21T17:17:16+00:00","og_image":[{"width":800,"height":533,"url":"https:\/\/www.nexoinformativo.mx\/wp-content\/uploads\/2025\/05\/PHOTO-2025-05-21-08-57-28-e1747847784535.jpg","type":"image\/jpeg"}],"author":"Nexo Informativo","twitter_card":"summary_large_image","twitter_misc":{"Escrito por":"Nexo Informativo","Tiempo de lectura":"2 minutos"},"schema":{"@context":"https:\/\/schema.org","@graph":[{"@type":"Article","@id":"https:\/\/www.nexoinformativo.mx\/index.php\/2025\/05\/21\/llega-mas-rapido-qrobus-estrena-rutas-cortas-para-horas-pico-y-minimiza-esperas\/#article","isPartOf":{"@id":"https:\/\/www.nexoinformativo.mx\/index.php\/2025\/05\/21\/llega-mas-rapido-qrobus-estrena-rutas-cortas-para-horas-pico-y-minimiza-esperas\/"},"author":{"name":"Nexo Informativo","@id":"https:\/\/www.nexoinformativo.mx\/#\/schema\/person\/7749d380ba08c8ca00d7bc76fd907b7d"},"headline":"Llega m\u00e1s r\u00e1pido Qrob\u00fas estrena rutas cortas para horas pico y minimiza esperas","datePublished":"2025-05-21T14:00:26+00:00","dateModified":"2025-05-21T17:17:16+00:00","mainEntityOfPage":{"@id":"https:\/\/www.nexoinformativo.mx\/index.php\/2025\/05\/21\/llega-mas-rapido-qrobus-estrena-rutas-cortas-para-horas-pico-y-minimiza-esperas\/"},"wordCount":315,"commentCount":0,"publisher":{"@id":"https:\/\/www.nexoinformativo.mx\/#organization"},"image":{"@id":"https:\/\/www.nexoinformativo.mx\/index.php\/2025\/05\/21\/llega-mas-rapido-qrobus-estrena-rutas-cortas-para-horas-pico-y-minimiza-esperas\/#primaryimage"},"thumbnailUrl":"https:\/\/www.nexoinformativo.mx\/wp-content\/uploads\/2025\/05\/PHOTO-2025-05-21-08-57-28-e1747847784535.jpg","keywords":["MenosEspera","MovilidadQro","QrobusEficiente","RutasCortas"],"articleSection":["Estado","\u00daltima Hora"],"inLanguage":"es","potentialAction":[{"@type":"CommentAction","name":"Comment","target":["https:\/\/www.nexoinformativo.mx\/index.php\/2025\/05\/21\/llega-mas-rapido-qrobus-estrena-rutas-cortas-para-horas-pico-y-minimiza-esperas\/#respond"]}]},{"@type":"WebPage","@id":"https:\/\/www.nexoinformativo.mx\/index.php\/2025\/05\/21\/llega-mas-rapido-qrobus-estrena-rutas-cortas-para-horas-pico-y-minimiza-esperas\/","url":"https:\/\/www.nexoinformativo.mx\/index.php\/2025\/05\/21\/llega-mas-rapido-qrobus-estrena-rutas-cortas-para-horas-pico-y-minimiza-esperas\/","name":"Llega m\u00e1s r\u00e1pido Qrob\u00fas estrena rutas cortas para horas pico y minimiza esperas | Nexo Informativo Santiago de Quer\u00e9taro","isPartOf":{"@id":"https:\/\/www.nexoinformativo.mx\/#website"},"primaryImageOfPage":{"@id":"https:\/\/www.nexoinformativo.mx\/index.php\/2025\/05\/21\/llega-mas-rapido-qrobus-estrena-rutas-cortas-para-horas-pico-y-minimiza-esperas\/#primaryimage"},"image":{"@id":"https:\/\/www.nexoinformativo.mx\/index.php\/2025\/05\/21\/llega-mas-rapido-qrobus-estrena-rutas-cortas-para-horas-pico-y-minimiza-esperas\/#primaryimage"},"thumbnailUrl":"https:\/\/www.nexoinformativo.mx\/wp-content\/uploads\/2025\/05\/PHOTO-2025-05-21-08-57-28-e1747847784535.jpg","datePublished":"2025-05-21T14:00:26+00:00","dateModified":"2025-05-21T17:17:16+00:00","description":"Llega m\u00e1s r\u00e1pido Qrob\u00fas estrena rutas cortas para horas pico y minimiza esperas","breadcrumb":{"@id":"https:\/\/www.nexoinformativo.mx\/index.php\/2025\/05\/21\/llega-mas-rapido-qrobus-estrena-rutas-cortas-para-horas-pico-y-minimiza-esperas\/#breadcrumb"},"inLanguage":"es","potentialAction":[{"@type":"ReadAction","target":["https:\/\/www.nexoinformativo.mx\/index.php\/2025\/05\/21\/llega-mas-rapido-qrobus-estrena-rutas-cortas-para-horas-pico-y-minimiza-esperas\/"]}]},{"@type":"ImageObject","inLanguage":"es","@id":"https:\/\/www.nexoinformativo.mx\/index.php\/2025\/05\/21\/llega-mas-rapido-qrobus-estrena-rutas-cortas-para-horas-pico-y-minimiza-esperas\/#primaryimage","url":"https:\/\/www.nexoinformativo.mx\/wp-content\/uploads\/2025\/05\/PHOTO-2025-05-21-08-57-28-e1747847784535.jpg","contentUrl":"https:\/\/www.nexoinformativo.mx\/wp-content\/uploads\/2025\/05\/PHOTO-2025-05-21-08-57-28-e1747847784535.jpg","width":800,"height":533},{"@type":"BreadcrumbList","@id":"https:\/\/www.nexoinformativo.mx\/index.php\/2025\/05\/21\/llega-mas-rapido-qrobus-estrena-rutas-cortas-para-horas-pico-y-minimiza-esperas\/#breadcrumb","itemListElement":[{"@type":"ListItem","position":1,"name":"Inicio","item":"https:\/\/www.nexoinformativo.mx\/"},{"@type":"ListItem","position":2,"name":"Llega m\u00e1s r\u00e1pido Qrob\u00fas estrena rutas cortas para horas pico y minimiza esperas"}]},{"@type":"WebSite","@id":"https:\/\/www.nexoinformativo.mx\/#website","url":"https:\/\/www.nexoinformativo.mx\/","name":"Nexo Informativo Santiago de Quer\u00e9taro","description":"Explora NexoInformativo y convi\u00e9rtete en parte de una comunidad que valora el conocimiento y la verdad. Tu nexoinformativo es tu puente hacia una comprensi\u00f3n m\u00e1s profunda del mundo que te rodea.","publisher":{"@id":"https:\/\/www.nexoinformativo.mx\/#organization"},"potentialAction":[{"@type":"SearchAction","target":{"@type":"EntryPoint","urlTemplate":"https:\/\/www.nexoinformativo.mx\/?s={search_term_string}"},"query-input":{"@type":"PropertyValueSpecification","valueRequired":true,"valueName":"search_term_string"}}],"inLanguage":"es"},{"@type":"Organization","@id":"https:\/\/www.nexoinformativo.mx\/#organization","name":"Nexo Informativo Santiago de Quer\u00e9taro","url":"https:\/\/www.nexoinformativo.mx\/","logo":{"@type":"ImageObject","inLanguage":"es","@id":"https:\/\/www.nexoinformativo.mx\/#\/schema\/logo\/image\/","url":"https:\/\/www.nexoinformativo.mx\/wp-content\/uploads\/2024\/07\/nexoi-trasparente-2.png","contentUrl":"https:\/\/www.nexoinformativo.mx\/wp-content\/uploads\/2024\/07\/nexoi-trasparente-2.png","width":816,"height":339,"caption":"Nexo Informativo Santiago de Quer\u00e9taro"},"image":{"@id":"https:\/\/www.nexoinformativo.mx\/#\/schema\/logo\/image\/"},"sameAs":["https:\/\/www.facebook.com\/people\/Nexo-Informativo\/61564066885511\/"]},{"@type":"Person","@id":"https:\/\/www.nexoinformativo.mx\/#\/schema\/person\/7749d380ba08c8ca00d7bc76fd907b7d","name":"Nexo Informativo","image":{"@type":"ImageObject","inLanguage":"es","@id":"https:\/\/www.nexoinformativo.mx\/#\/schema\/person\/image\/","url":"https:\/\/secure.gravatar.com\/avatar\/dde2928154642a13d95f87ddf1ea9718fe2b46760a005c53e41ff5ad610704e6?s=96&d=mm&r=g","contentUrl":"https:\/\/secure.gravatar.com\/avatar\/dde2928154642a13d95f87ddf1ea9718fe2b46760a005c53e41ff5ad610704e6?s=96&d=mm&r=g","caption":"Nexo Informativo"},"url":"https:\/\/www.nexoinformativo.mx\/index.php\/author\/edicion\/"}]}},"_links":{"self":[{"href":"https:\/\/www.nexoinformativo.mx\/index.php\/wp-json\/wp\/v2\/posts\/15067","targetHints":{"allow":["GET"]}}],"collection":[{"href":"https:\/\/www.nexoinformativo.mx\/index.php\/wp-json\/wp\/v2\/posts"}],"about":[{"href":"https:\/\/www.nexoinformativo.mx\/index.php\/wp-json\/wp\/v2\/types\/post"}],"author":[{"embeddable":true,"href":"https:\/\/www.nexoinformativo.mx\/index.php\/wp-json\/wp\/v2\/users\/3"}],"replies":[{"embeddable":true,"href":"https:\/\/www.nexoinformativo.mx\/index.php\/wp-json\/wp\/v2\/comments?post=15067"}],"version-history":[{"count":3,"href":"https:\/\/www.nexoinformativo.mx\/index.php\/wp-json\/wp\/v2\/posts\/15067\/revisions"}],"predecessor-version":[{"id":15071,"href":"https:\/\/www.nexoinformativo.mx\/index.php\/wp-json\/wp\/v2\/posts\/15067\/revisions\/15071"}],"wp:featuredmedia":[{"embeddable":true,"href":"https:\/\/www.nexoinformativo.mx\/index.php\/wp-json\/wp\/v2\/media\/15068"}],"wp:attachment":[{"href":"https:\/\/www.nexoinformativo.mx\/index.php\/wp-json\/wp\/v2\/media?parent=15067"}],"wp:term":[{"taxonomy":"category","embeddable":true,"href":"https:\/\/www.nexoinformativo.mx\/index.php\/wp-json\/wp\/v2\/categories?post=15067"},{"taxonomy":"post_tag","embeddable":true,"href":"https:\/\/www.nexoinformativo.mx\/index.php\/wp-json\/wp\/v2\/tags?post=15067"}],"curies":[{"name":"wp","href":"https:\/\/api.w.org\/{rel}","templated":true}]}}