{"id":15072,"date":"2025-05-21T09:00:28","date_gmt":"2025-05-21T15:00:28","guid":{"rendered":"https:\/\/www.nexoinformativo.mx\/?p=15072"},"modified":"2025-05-21T11:21:47","modified_gmt":"2025-05-21T17:21:47","slug":"tecnologia-al-servicio-de-la-educacion-corregidora-estrena-transporte-gratuito-y-seguro-para-estudiantes","status":"publish","type":"post","link":"https:\/\/www.nexoinformativo.mx\/index.php\/2025\/05\/21\/tecnologia-al-servicio-de-la-educacion-corregidora-estrena-transporte-gratuito-y-seguro-para-estudiantes\/","title":{"rendered":"Tecnolog\u00eda al servicio de la educaci\u00f3n Corregidora estrena transporte gratuito y seguro para estudiantes"},"content":{"rendered":"<p style=\"text-align: justify;\" data-sourcepos=\"3:1-3:517\">El gobernador Mauricio Kuri Gonz\u00e1lez fue testigo del arranque del programa &#8220;A Paso Firme Rumbo a Clases&#8221; en Corregidora.<\/p>\n<p>&nbsp;<\/p>\n<p style=\"text-align: justify;\" data-sourcepos=\"3:1-3:517\">Esta innovadora iniciativa ofrece traslado gratuito a estudiantes de secundaria, bachillerato y universidad, utilizando un sistema de transporte moderno, con tecnolog\u00eda de punta y monitoreo en tiempo real desde la Secretar\u00eda de Movilidad y el C4 de la Secretar\u00eda de Seguridad P\u00fablica municipal.<\/p>\n<p>&nbsp;<\/p>\n<p style=\"text-align: justify;\" data-sourcepos=\"5:1-5:357\">Las autoridades municipales, encabezadas por el alcalde Chepe Guerrero, informaron que el programa cuenta con 12 veh\u00edculos nuevos tipo van, con capacidad para 19 personas. Estas unidades est\u00e1n equipadas con un validador de credenciales que permite realizar el pase de lista de forma digital, y ser\u00e1n manejadas por operadores debidamente capacitados.<\/p>\n<p>&nbsp;<\/p>\n<p style=\"text-align: justify;\" data-sourcepos=\"7:1-7:325\">Este servicio no solo representa un apoyo econ\u00f3mico y log\u00edstico para los j\u00f3venes y sus familias, sino que tambi\u00e9n impulsa el derecho a una movilidad m\u00e1s digna, eficiente y segura para todos.<\/p>\n<p>&nbsp;<\/p>\n<p style=\"text-align: justify;\" data-sourcepos=\"7:1-7:325\">Con &#8220;A Paso Firme Rumbo a Clases&#8221;, Corregidora reafirma su compromiso con la educaci\u00f3n y el bienestar de su comunidad estudiantil.<\/p>\n<p>&nbsp;<\/p>\n<p style=\"text-align: center;\" data-sourcepos=\"7:1-7:325\"><em><strong>\u00a1Informaci\u00f3n que transforma!<\/strong><\/em><\/p>\n","protected":false},"excerpt":{"rendered":"<p>El gobernador Mauricio Kuri Gonz\u00e1lez fue testigo del arranque del programa &#8220;A Paso Firme Rumbo a Clases&#8221; en Corregidora.<\/p>\n","protected":false},"author":3,"featured_media":15073,"comment_status":"open","ping_status":"open","sticky":false,"template":"","format":"standard","meta":{"footnotes":""},"categories":[65,58],"tags":[4512,237,4513,4514],"class_list":["post-15072","post","type-post","status-publish","format-standard","has-post-thumbnail","hentry","category-municipios","category-ultima-hora","tag-apasofirme","tag-chepeguerrero","tag-corregidoraeducacion","tag-transporteestudiantil"],"yoast_head":"<!-- This site is optimized with the Yoast SEO plugin v25.0 - https:\/\/yoast.com\/wordpress\/plugins\/seo\/ -->\n<title>Tecnolog\u00eda al servicio de la educaci\u00f3n Corregidora estrena transporte gratuito y seguro para estudiantes | Nexo Informativo Santiago de Quer\u00e9taro<\/title>\n<meta name=\"description\" content=\"Tecnolog\u00eda al servicio de la educaci\u00f3n Corregidora estrena transporte gratuito y seguro para estudiantes\" \/>\n<meta name=\"robots\" content=\"index, follow, max-snippet:-1, max-image-preview:large, max-video-preview:-1\" \/>\n<link rel=\"canonical\" href=\"https:\/\/www.nexoinformativo.mx\/index.php\/2025\/05\/21\/tecnologia-al-servicio-de-la-educacion-corregidora-estrena-transporte-gratuito-y-seguro-para-estudiantes\/\" \/>\n<meta property=\"og:locale\" content=\"es_MX\" \/>\n<meta property=\"og:type\" content=\"article\" \/>\n<meta property=\"og:title\" content=\"Tecnolog\u00eda al servicio de la educaci\u00f3n Corregidora estrena transporte gratuito y seguro para estudiantes | Nexo Informativo Santiago de Quer\u00e9taro\" \/>\n<meta property=\"og:description\" content=\"Tecnolog\u00eda al servicio de la educaci\u00f3n Corregidora estrena transporte gratuito y seguro para estudiantes\" \/>\n<meta property=\"og:url\" content=\"https:\/\/www.nexoinformativo.mx\/index.php\/2025\/05\/21\/tecnologia-al-servicio-de-la-educacion-corregidora-estrena-transporte-gratuito-y-seguro-para-estudiantes\/\" \/>\n<meta property=\"og:site_name\" content=\"Nexo Informativo Santiago de Quer\u00e9taro\" \/>\n<meta property=\"article:publisher\" content=\"https:\/\/www.facebook.com\/people\/Nexo-Informativo\/61564066885511\/\" \/>\n<meta property=\"article:published_time\" content=\"2025-05-21T15:00:28+00:00\" \/>\n<meta property=\"article:modified_time\" content=\"2025-05-21T17:21:47+00:00\" \/>\n<meta property=\"og:image\" content=\"https:\/\/www.nexoinformativo.mx\/wp-content\/uploads\/2025\/05\/PHOTO-2025-05-21-08-59-51-e1747848041537.jpg\" \/>\n\t<meta property=\"og:image:width\" content=\"800\" \/>\n\t<meta property=\"og:image:height\" content=\"534\" \/>\n\t<meta property=\"og:image:type\" content=\"image\/jpeg\" \/>\n<meta name=\"author\" content=\"Nexo Informativo\" \/>\n<meta name=\"twitter:card\" content=\"summary_large_image\" \/>\n<meta name=\"twitter:label1\" content=\"Escrito por\" \/>\n\t<meta name=\"twitter:data1\" content=\"Nexo Informativo\" \/>\n\t<meta name=\"twitter:label2\" content=\"Tiempo de lectura\" \/>\n\t<meta name=\"twitter:data2\" content=\"1 minuto\" \/>\n<script type=\"application\/ld+json\" class=\"yoast-schema-graph\">{\"@context\":\"https:\/\/schema.org\",\"@graph\":[{\"@type\":\"Article\",\"@id\":\"https:\/\/www.nexoinformativo.mx\/index.php\/2025\/05\/21\/tecnologia-al-servicio-de-la-educacion-corregidora-estrena-transporte-gratuito-y-seguro-para-estudiantes\/#article\",\"isPartOf\":{\"@id\":\"https:\/\/www.nexoinformativo.mx\/index.php\/2025\/05\/21\/tecnologia-al-servicio-de-la-educacion-corregidora-estrena-transporte-gratuito-y-seguro-para-estudiantes\/\"},\"author\":{\"name\":\"Nexo Informativo\",\"@id\":\"https:\/\/www.nexoinformativo.mx\/#\/schema\/person\/7749d380ba08c8ca00d7bc76fd907b7d\"},\"headline\":\"Tecnolog\u00eda al servicio de la educaci\u00f3n Corregidora estrena transporte gratuito y seguro para estudiantes\",\"datePublished\":\"2025-05-21T15:00:28+00:00\",\"dateModified\":\"2025-05-21T17:21:47+00:00\",\"mainEntityOfPage\":{\"@id\":\"https:\/\/www.nexoinformativo.mx\/index.php\/2025\/05\/21\/tecnologia-al-servicio-de-la-educacion-corregidora-estrena-transporte-gratuito-y-seguro-para-estudiantes\/\"},\"wordCount\":203,\"commentCount\":0,\"publisher\":{\"@id\":\"https:\/\/www.nexoinformativo.mx\/#organization\"},\"image\":{\"@id\":\"https:\/\/www.nexoinformativo.mx\/index.php\/2025\/05\/21\/tecnologia-al-servicio-de-la-educacion-corregidora-estrena-transporte-gratuito-y-seguro-para-estudiantes\/#primaryimage\"},\"thumbnailUrl\":\"https:\/\/www.nexoinformativo.mx\/wp-content\/uploads\/2025\/05\/PHOTO-2025-05-21-08-59-51-e1747848041537.jpg\",\"keywords\":[\"APasoFirme\",\"ChepeGuerrero\",\"CorregidoraEducaci\u00f3n\",\"TransporteEstudiantil\"],\"articleSection\":[\"Municipios\",\"\u00daltima Hora\"],\"inLanguage\":\"es\",\"potentialAction\":[{\"@type\":\"CommentAction\",\"name\":\"Comment\",\"target\":[\"https:\/\/www.nexoinformativo.mx\/index.php\/2025\/05\/21\/tecnologia-al-servicio-de-la-educacion-corregidora-estrena-transporte-gratuito-y-seguro-para-estudiantes\/#respond\"]}]},{\"@type\":\"WebPage\",\"@id\":\"https:\/\/www.nexoinformativo.mx\/index.php\/2025\/05\/21\/tecnologia-al-servicio-de-la-educacion-corregidora-estrena-transporte-gratuito-y-seguro-para-estudiantes\/\",\"url\":\"https:\/\/www.nexoinformativo.mx\/index.php\/2025\/05\/21\/tecnologia-al-servicio-de-la-educacion-corregidora-estrena-transporte-gratuito-y-seguro-para-estudiantes\/\",\"name\":\"Tecnolog\u00eda al servicio de la educaci\u00f3n Corregidora estrena transporte gratuito y seguro para estudiantes | Nexo Informativo Santiago de Quer\u00e9taro\",\"isPartOf\":{\"@id\":\"https:\/\/www.nexoinformativo.mx\/#website\"},\"primaryImageOfPage\":{\"@id\":\"https:\/\/www.nexoinformativo.mx\/index.php\/2025\/05\/21\/tecnologia-al-servicio-de-la-educacion-corregidora-estrena-transporte-gratuito-y-seguro-para-estudiantes\/#primaryimage\"},\"image\":{\"@id\":\"https:\/\/www.nexoinformativo.mx\/index.php\/2025\/05\/21\/tecnologia-al-servicio-de-la-educacion-corregidora-estrena-transporte-gratuito-y-seguro-para-estudiantes\/#primaryimage\"},\"thumbnailUrl\":\"https:\/\/www.nexoinformativo.mx\/wp-content\/uploads\/2025\/05\/PHOTO-2025-05-21-08-59-51-e1747848041537.jpg\",\"datePublished\":\"2025-05-21T15:00:28+00:00\",\"dateModified\":\"2025-05-21T17:21:47+00:00\",\"description\":\"Tecnolog\u00eda al servicio de la educaci\u00f3n Corregidora estrena transporte gratuito y seguro para estudiantes\",\"breadcrumb\":{\"@id\":\"https:\/\/www.nexoinformativo.mx\/index.php\/2025\/05\/21\/tecnologia-al-servicio-de-la-educacion-corregidora-estrena-transporte-gratuito-y-seguro-para-estudiantes\/#breadcrumb\"},\"inLanguage\":\"es\",\"potentialAction\":[{\"@type\":\"ReadAction\",\"target\":[\"https:\/\/www.nexoinformativo.mx\/index.php\/2025\/05\/21\/tecnologia-al-servicio-de-la-educacion-corregidora-estrena-transporte-gratuito-y-seguro-para-estudiantes\/\"]}]},{\"@type\":\"ImageObject\",\"inLanguage\":\"es\",\"@id\":\"https:\/\/www.nexoinformativo.mx\/index.php\/2025\/05\/21\/tecnologia-al-servicio-de-la-educacion-corregidora-estrena-transporte-gratuito-y-seguro-para-estudiantes\/#primaryimage\",\"url\":\"https:\/\/www.nexoinformativo.mx\/wp-content\/uploads\/2025\/05\/PHOTO-2025-05-21-08-59-51-e1747848041537.jpg\",\"contentUrl\":\"https:\/\/www.nexoinformativo.mx\/wp-content\/uploads\/2025\/05\/PHOTO-2025-05-21-08-59-51-e1747848041537.jpg\",\"width\":800,\"height\":534},{\"@type\":\"BreadcrumbList\",\"@id\":\"https:\/\/www.nexoinformativo.mx\/index.php\/2025\/05\/21\/tecnologia-al-servicio-de-la-educacion-corregidora-estrena-transporte-gratuito-y-seguro-para-estudiantes\/#breadcrumb\",\"itemListElement\":[{\"@type\":\"ListItem\",\"position\":1,\"name\":\"Inicio\",\"item\":\"https:\/\/www.nexoinformativo.mx\/\"},{\"@type\":\"ListItem\",\"position\":2,\"name\":\"Tecnolog\u00eda al servicio de la educaci\u00f3n Corregidora estrena transporte gratuito y seguro para estudiantes\"}]},{\"@type\":\"WebSite\",\"@id\":\"https:\/\/www.nexoinformativo.mx\/#website\",\"url\":\"https:\/\/www.nexoinformativo.mx\/\",\"name\":\"Nexo Informativo Santiago de Quer\u00e9taro\",\"description\":\"Explora NexoInformativo y convi\u00e9rtete en parte de una comunidad que valora el conocimiento y la verdad. Tu nexoinformativo es tu puente hacia una comprensi\u00f3n m\u00e1s profunda del mundo que te rodea.\",\"publisher\":{\"@id\":\"https:\/\/www.nexoinformativo.mx\/#organization\"},\"potentialAction\":[{\"@type\":\"SearchAction\",\"target\":{\"@type\":\"EntryPoint\",\"urlTemplate\":\"https:\/\/www.nexoinformativo.mx\/?s={search_term_string}\"},\"query-input\":{\"@type\":\"PropertyValueSpecification\",\"valueRequired\":true,\"valueName\":\"search_term_string\"}}],\"inLanguage\":\"es\"},{\"@type\":\"Organization\",\"@id\":\"https:\/\/www.nexoinformativo.mx\/#organization\",\"name\":\"Nexo Informativo Santiago de Quer\u00e9taro\",\"url\":\"https:\/\/www.nexoinformativo.mx\/\",\"logo\":{\"@type\":\"ImageObject\",\"inLanguage\":\"es\",\"@id\":\"https:\/\/www.nexoinformativo.mx\/#\/schema\/logo\/image\/\",\"url\":\"https:\/\/www.nexoinformativo.mx\/wp-content\/uploads\/2024\/07\/nexoi-trasparente-2.png\",\"contentUrl\":\"https:\/\/www.nexoinformativo.mx\/wp-content\/uploads\/2024\/07\/nexoi-trasparente-2.png\",\"width\":816,\"height\":339,\"caption\":\"Nexo Informativo Santiago de Quer\u00e9taro\"},\"image\":{\"@id\":\"https:\/\/www.nexoinformativo.mx\/#\/schema\/logo\/image\/\"},\"sameAs\":[\"https:\/\/www.facebook.com\/people\/Nexo-Informativo\/61564066885511\/\"]},{\"@type\":\"Person\",\"@id\":\"https:\/\/www.nexoinformativo.mx\/#\/schema\/person\/7749d380ba08c8ca00d7bc76fd907b7d\",\"name\":\"Nexo Informativo\",\"image\":{\"@type\":\"ImageObject\",\"inLanguage\":\"es\",\"@id\":\"https:\/\/www.nexoinformativo.mx\/#\/schema\/person\/image\/\",\"url\":\"https:\/\/secure.gravatar.com\/avatar\/dde2928154642a13d95f87ddf1ea9718fe2b46760a005c53e41ff5ad610704e6?s=96&d=mm&r=g\",\"contentUrl\":\"https:\/\/secure.gravatar.com\/avatar\/dde2928154642a13d95f87ddf1ea9718fe2b46760a005c53e41ff5ad610704e6?s=96&d=mm&r=g\",\"caption\":\"Nexo Informativo\"},\"url\":\"https:\/\/www.nexoinformativo.mx\/index.php\/author\/edicion\/\"}]}<\/script>\n<!-- \/ Yoast SEO plugin. -->","yoast_head_json":{"title":"Tecnolog\u00eda al servicio de la educaci\u00f3n Corregidora estrena transporte gratuito y seguro para estudiantes | Nexo Informativo Santiago de Quer\u00e9taro","description":"Tecnolog\u00eda al servicio de la educaci\u00f3n Corregidora estrena transporte gratuito y seguro para estudiantes","robots":{"index":"index","follow":"follow","max-snippet":"max-snippet:-1","max-image-preview":"max-image-preview:large","max-video-preview":"max-video-preview:-1"},"canonical":"https:\/\/www.nexoinformativo.mx\/index.php\/2025\/05\/21\/tecnologia-al-servicio-de-la-educacion-corregidora-estrena-transporte-gratuito-y-seguro-para-estudiantes\/","og_locale":"es_MX","og_type":"article","og_title":"Tecnolog\u00eda al servicio de la educaci\u00f3n Corregidora estrena transporte gratuito y seguro para estudiantes | Nexo Informativo Santiago de Quer\u00e9taro","og_description":"Tecnolog\u00eda al servicio de la educaci\u00f3n Corregidora estrena transporte gratuito y seguro para estudiantes","og_url":"https:\/\/www.nexoinformativo.mx\/index.php\/2025\/05\/21\/tecnologia-al-servicio-de-la-educacion-corregidora-estrena-transporte-gratuito-y-seguro-para-estudiantes\/","og_site_name":"Nexo Informativo Santiago de Quer\u00e9taro","article_publisher":"https:\/\/www.facebook.com\/people\/Nexo-Informativo\/61564066885511\/","article_published_time":"2025-05-21T15:00:28+00:00","article_modified_time":"2025-05-21T17:21:47+00:00","og_image":[{"width":800,"height":534,"url":"https:\/\/www.nexoinformativo.mx\/wp-content\/uploads\/2025\/05\/PHOTO-2025-05-21-08-59-51-e1747848041537.jpg","type":"image\/jpeg"}],"author":"Nexo Informativo","twitter_card":"summary_large_image","twitter_misc":{"Escrito por":"Nexo Informativo","Tiempo de lectura":"1 minuto"},"schema":{"@context":"https:\/\/schema.org","@graph":[{"@type":"Article","@id":"https:\/\/www.nexoinformativo.mx\/index.php\/2025\/05\/21\/tecnologia-al-servicio-de-la-educacion-corregidora-estrena-transporte-gratuito-y-seguro-para-estudiantes\/#article","isPartOf":{"@id":"https:\/\/www.nexoinformativo.mx\/index.php\/2025\/05\/21\/tecnologia-al-servicio-de-la-educacion-corregidora-estrena-transporte-gratuito-y-seguro-para-estudiantes\/"},"author":{"name":"Nexo Informativo","@id":"https:\/\/www.nexoinformativo.mx\/#\/schema\/person\/7749d380ba08c8ca00d7bc76fd907b7d"},"headline":"Tecnolog\u00eda al servicio de la educaci\u00f3n Corregidora estrena transporte gratuito y seguro para estudiantes","datePublished":"2025-05-21T15:00:28+00:00","dateModified":"2025-05-21T17:21:47+00:00","mainEntityOfPage":{"@id":"https:\/\/www.nexoinformativo.mx\/index.php\/2025\/05\/21\/tecnologia-al-servicio-de-la-educacion-corregidora-estrena-transporte-gratuito-y-seguro-para-estudiantes\/"},"wordCount":203,"commentCount":0,"publisher":{"@id":"https:\/\/www.nexoinformativo.mx\/#organization"},"image":{"@id":"https:\/\/www.nexoinformativo.mx\/index.php\/2025\/05\/21\/tecnologia-al-servicio-de-la-educacion-corregidora-estrena-transporte-gratuito-y-seguro-para-estudiantes\/#primaryimage"},"thumbnailUrl":"https:\/\/www.nexoinformativo.mx\/wp-content\/uploads\/2025\/05\/PHOTO-2025-05-21-08-59-51-e1747848041537.jpg","keywords":["APasoFirme","ChepeGuerrero","CorregidoraEducaci\u00f3n","TransporteEstudiantil"],"articleSection":["Municipios","\u00daltima Hora"],"inLanguage":"es","potentialAction":[{"@type":"CommentAction","name":"Comment","target":["https:\/\/www.nexoinformativo.mx\/index.php\/2025\/05\/21\/tecnologia-al-servicio-de-la-educacion-corregidora-estrena-transporte-gratuito-y-seguro-para-estudiantes\/#respond"]}]},{"@type":"WebPage","@id":"https:\/\/www.nexoinformativo.mx\/index.php\/2025\/05\/21\/tecnologia-al-servicio-de-la-educacion-corregidora-estrena-transporte-gratuito-y-seguro-para-estudiantes\/","url":"https:\/\/www.nexoinformativo.mx\/index.php\/2025\/05\/21\/tecnologia-al-servicio-de-la-educacion-corregidora-estrena-transporte-gratuito-y-seguro-para-estudiantes\/","name":"Tecnolog\u00eda al servicio de la educaci\u00f3n Corregidora estrena transporte gratuito y seguro para estudiantes | Nexo Informativo Santiago de Quer\u00e9taro","isPartOf":{"@id":"https:\/\/www.nexoinformativo.mx\/#website"},"primaryImageOfPage":{"@id":"https:\/\/www.nexoinformativo.mx\/index.php\/2025\/05\/21\/tecnologia-al-servicio-de-la-educacion-corregidora-estrena-transporte-gratuito-y-seguro-para-estudiantes\/#primaryimage"},"image":{"@id":"https:\/\/www.nexoinformativo.mx\/index.php\/2025\/05\/21\/tecnologia-al-servicio-de-la-educacion-corregidora-estrena-transporte-gratuito-y-seguro-para-estudiantes\/#primaryimage"},"thumbnailUrl":"https:\/\/www.nexoinformativo.mx\/wp-content\/uploads\/2025\/05\/PHOTO-2025-05-21-08-59-51-e1747848041537.jpg","datePublished":"2025-05-21T15:00:28+00:00","dateModified":"2025-05-21T17:21:47+00:00","description":"Tecnolog\u00eda al servicio de la educaci\u00f3n Corregidora estrena transporte gratuito y seguro para estudiantes","breadcrumb":{"@id":"https:\/\/www.nexoinformativo.mx\/index.php\/2025\/05\/21\/tecnologia-al-servicio-de-la-educacion-corregidora-estrena-transporte-gratuito-y-seguro-para-estudiantes\/#breadcrumb"},"inLanguage":"es","potentialAction":[{"@type":"ReadAction","target":["https:\/\/www.nexoinformativo.mx\/index.php\/2025\/05\/21\/tecnologia-al-servicio-de-la-educacion-corregidora-estrena-transporte-gratuito-y-seguro-para-estudiantes\/"]}]},{"@type":"ImageObject","inLanguage":"es","@id":"https:\/\/www.nexoinformativo.mx\/index.php\/2025\/05\/21\/tecnologia-al-servicio-de-la-educacion-corregidora-estrena-transporte-gratuito-y-seguro-para-estudiantes\/#primaryimage","url":"https:\/\/www.nexoinformativo.mx\/wp-content\/uploads\/2025\/05\/PHOTO-2025-05-21-08-59-51-e1747848041537.jpg","contentUrl":"https:\/\/www.nexoinformativo.mx\/wp-content\/uploads\/2025\/05\/PHOTO-2025-05-21-08-59-51-e1747848041537.jpg","width":800,"height":534},{"@type":"BreadcrumbList","@id":"https:\/\/www.nexoinformativo.mx\/index.php\/2025\/05\/21\/tecnologia-al-servicio-de-la-educacion-corregidora-estrena-transporte-gratuito-y-seguro-para-estudiantes\/#breadcrumb","itemListElement":[{"@type":"ListItem","position":1,"name":"Inicio","item":"https:\/\/www.nexoinformativo.mx\/"},{"@type":"ListItem","position":2,"name":"Tecnolog\u00eda al servicio de la educaci\u00f3n Corregidora estrena transporte gratuito y seguro para estudiantes"}]},{"@type":"WebSite","@id":"https:\/\/www.nexoinformativo.mx\/#website","url":"https:\/\/www.nexoinformativo.mx\/","name":"Nexo Informativo Santiago de Quer\u00e9taro","description":"Explora NexoInformativo y convi\u00e9rtete en parte de una comunidad que valora el conocimiento y la verdad. Tu nexoinformativo es tu puente hacia una comprensi\u00f3n m\u00e1s profunda del mundo que te rodea.","publisher":{"@id":"https:\/\/www.nexoinformativo.mx\/#organization"},"potentialAction":[{"@type":"SearchAction","target":{"@type":"EntryPoint","urlTemplate":"https:\/\/www.nexoinformativo.mx\/?s={search_term_string}"},"query-input":{"@type":"PropertyValueSpecification","valueRequired":true,"valueName":"search_term_string"}}],"inLanguage":"es"},{"@type":"Organization","@id":"https:\/\/www.nexoinformativo.mx\/#organization","name":"Nexo Informativo Santiago de Quer\u00e9taro","url":"https:\/\/www.nexoinformativo.mx\/","logo":{"@type":"ImageObject","inLanguage":"es","@id":"https:\/\/www.nexoinformativo.mx\/#\/schema\/logo\/image\/","url":"https:\/\/www.nexoinformativo.mx\/wp-content\/uploads\/2024\/07\/nexoi-trasparente-2.png","contentUrl":"https:\/\/www.nexoinformativo.mx\/wp-content\/uploads\/2024\/07\/nexoi-trasparente-2.png","width":816,"height":339,"caption":"Nexo Informativo Santiago de Quer\u00e9taro"},"image":{"@id":"https:\/\/www.nexoinformativo.mx\/#\/schema\/logo\/image\/"},"sameAs":["https:\/\/www.facebook.com\/people\/Nexo-Informativo\/61564066885511\/"]},{"@type":"Person","@id":"https:\/\/www.nexoinformativo.mx\/#\/schema\/person\/7749d380ba08c8ca00d7bc76fd907b7d","name":"Nexo Informativo","image":{"@type":"ImageObject","inLanguage":"es","@id":"https:\/\/www.nexoinformativo.mx\/#\/schema\/person\/image\/","url":"https:\/\/secure.gravatar.com\/avatar\/dde2928154642a13d95f87ddf1ea9718fe2b46760a005c53e41ff5ad610704e6?s=96&d=mm&r=g","contentUrl":"https:\/\/secure.gravatar.com\/avatar\/dde2928154642a13d95f87ddf1ea9718fe2b46760a005c53e41ff5ad610704e6?s=96&d=mm&r=g","caption":"Nexo Informativo"},"url":"https:\/\/www.nexoinformativo.mx\/index.php\/author\/edicion\/"}]}},"_links":{"self":[{"href":"https:\/\/www.nexoinformativo.mx\/index.php\/wp-json\/wp\/v2\/posts\/15072","targetHints":{"allow":["GET"]}}],"collection":[{"href":"https:\/\/www.nexoinformativo.mx\/index.php\/wp-json\/wp\/v2\/posts"}],"about":[{"href":"https:\/\/www.nexoinformativo.mx\/index.php\/wp-json\/wp\/v2\/types\/post"}],"author":[{"embeddable":true,"href":"https:\/\/www.nexoinformativo.mx\/index.php\/wp-json\/wp\/v2\/users\/3"}],"replies":[{"embeddable":true,"href":"https:\/\/www.nexoinformativo.mx\/index.php\/wp-json\/wp\/v2\/comments?post=15072"}],"version-history":[{"count":4,"href":"https:\/\/www.nexoinformativo.mx\/index.php\/wp-json\/wp\/v2\/posts\/15072\/revisions"}],"predecessor-version":[{"id":15077,"href":"https:\/\/www.nexoinformativo.mx\/index.php\/wp-json\/wp\/v2\/posts\/15072\/revisions\/15077"}],"wp:featuredmedia":[{"embeddable":true,"href":"https:\/\/www.nexoinformativo.mx\/index.php\/wp-json\/wp\/v2\/media\/15073"}],"wp:attachment":[{"href":"https:\/\/www.nexoinformativo.mx\/index.php\/wp-json\/wp\/v2\/media?parent=15072"}],"wp:term":[{"taxonomy":"category","embeddable":true,"href":"https:\/\/www.nexoinformativo.mx\/index.php\/wp-json\/wp\/v2\/categories?post=15072"},{"taxonomy":"post_tag","embeddable":true,"href":"https:\/\/www.nexoinformativo.mx\/index.php\/wp-json\/wp\/v2\/tags?post=15072"}],"curies":[{"name":"wp","href":"https:\/\/api.w.org\/{rel}","templated":true}]}}