{"id":15078,"date":"2025-05-21T10:00:56","date_gmt":"2025-05-21T16:00:56","guid":{"rendered":"https:\/\/www.nexoinformativo.mx\/?p=15078"},"modified":"2025-05-21T11:26:15","modified_gmt":"2025-05-21T17:26:15","slug":"cae-ladron-armado-en-santa-rosa-jauregui-vinculado-a-proceso-por-robo-calificado","status":"publish","type":"post","link":"https:\/\/www.nexoinformativo.mx\/index.php\/2025\/05\/21\/cae-ladron-armado-en-santa-rosa-jauregui-vinculado-a-proceso-por-robo-calificado\/","title":{"rendered":"Cae ladr\u00f3n armado en Santa Rosa J\u00e1uregui vinculado a proceso por robo calificado"},"content":{"rendered":"<p style=\"text-align: justify;\" data-sourcepos=\"3:1-3:332\">La Fiscal\u00eda General del Estado (FGE) logr\u00f3 la vinculaci\u00f3n a proceso de una persona se\u00f1alada como probable autor del delito de robo calificado en la delegaci\u00f3n Santa Rosa J\u00e1uregui. Esto, gracias a una r\u00e1pida y efectiva investigaci\u00f3n de los agentes de la Fiscal\u00eda.<\/p>\n<p>&nbsp;<\/p>\n<p style=\"text-align: justify;\" data-sourcepos=\"5:1-5:262\">Los hechos se remontaron al 20 de agosto de 2024. La v\u00edctima, una mujer, caminaba sola sobre la calle San Isidro, cerca de una telesecundaria en la localidad de San Miguelito. De repente, fue sorprendida por el probable agresor, quien portaba un arma blanca.<\/p>\n<p>&nbsp;<\/p>\n<p style=\"text-align: justify;\" data-sourcepos=\"7:1-7:116\">Durante el asalto, el ladr\u00f3n le quit\u00f3 varias de sus pertenencias y luego huy\u00f3, refugi\u00e1ndose en un domicilio cercano.<\/p>\n<p>&nbsp;<\/p>\n<p style=\"text-align: justify;\" data-sourcepos=\"9:1-9:195\">Las labores de investigaci\u00f3n fueron cruciales para lograr la plena identificaci\u00f3n del probable responsable, lo que permiti\u00f3 a la FGE solicitar y obtener una orden de aprehensi\u00f3n en su contra.<\/p>\n<p>&nbsp;<\/p>\n<p style=\"text-align: justify;\" data-sourcepos=\"11:1-11:330\">Tras cumplir con la orden de aprehensi\u00f3n, el sujeto fue llevado a la audiencia inicial. All\u00ed, un juez de control decidi\u00f3 vincularlo a proceso, dictando como medida cautelar la prisi\u00f3n preventiva justificada.<\/p>\n<p>&nbsp;<\/p>\n<p style=\"text-align: justify;\" data-sourcepos=\"11:1-11:330\">Adem\u00e1s, se estableci\u00f3 un plazo de un mes para la etapa de investigaci\u00f3n complementaria, donde se reunir\u00e1n m\u00e1s pruebas.<\/p>\n<p>&nbsp;<\/p>\n<p style=\"text-align: center;\" data-sourcepos=\"11:1-11:330\"><em><strong>\u00a1Informaci\u00f3n que transforma!<\/strong><\/em><\/p>\n","protected":false},"excerpt":{"rendered":"<p>La Fiscal\u00eda General del Estado (FGE) logr\u00f3 la vinculaci\u00f3n a proceso de una persona se\u00f1alada como probable autor del delito de robo calificado en la delegaci\u00f3n Santa Rosa J\u00e1uregui. Esto, gracias a una r\u00e1pida y efectiva investigaci\u00f3n de los agentes de la Fiscal\u00eda.<\/p>\n","protected":false},"author":3,"featured_media":15082,"comment_status":"open","ping_status":"open","sticky":false,"template":"","format":"standard","meta":{"footnotes":""},"categories":[65,137,58],"tags":[3558,4515,575,3709],"class_list":["post-15078","post","type-post","status-publish","format-standard","has-post-thumbnail","hentry","category-municipios","category-sucesos","category-ultima-hora","tag-justiciaqro","tag-robocalificadoqro","tag-santarosajauregui","tag-seguridadqro"],"yoast_head":"<!-- This site is optimized with the Yoast SEO plugin v25.0 - https:\/\/yoast.com\/wordpress\/plugins\/seo\/ -->\n<title>Cae ladr\u00f3n armado en Santa Rosa J\u00e1uregui vinculado a proceso por robo calificado | Nexo Informativo Santiago de Quer\u00e9taro<\/title>\n<meta name=\"description\" content=\"Cae ladr\u00f3n armado en Santa Rosa J\u00e1uregui vinculado a proceso por robo calificado\" \/>\n<meta name=\"robots\" content=\"index, follow, max-snippet:-1, max-image-preview:large, max-video-preview:-1\" \/>\n<link rel=\"canonical\" href=\"https:\/\/www.nexoinformativo.mx\/index.php\/2025\/05\/21\/cae-ladron-armado-en-santa-rosa-jauregui-vinculado-a-proceso-por-robo-calificado\/\" \/>\n<meta property=\"og:locale\" content=\"es_MX\" \/>\n<meta property=\"og:type\" content=\"article\" \/>\n<meta property=\"og:title\" content=\"Cae ladr\u00f3n armado en Santa Rosa J\u00e1uregui vinculado a proceso por robo calificado | Nexo Informativo Santiago de Quer\u00e9taro\" \/>\n<meta property=\"og:description\" content=\"Cae ladr\u00f3n armado en Santa Rosa J\u00e1uregui vinculado a proceso por robo calificado\" \/>\n<meta property=\"og:url\" content=\"https:\/\/www.nexoinformativo.mx\/index.php\/2025\/05\/21\/cae-ladron-armado-en-santa-rosa-jauregui-vinculado-a-proceso-por-robo-calificado\/\" \/>\n<meta property=\"og:site_name\" content=\"Nexo Informativo Santiago de Quer\u00e9taro\" \/>\n<meta property=\"article:publisher\" content=\"https:\/\/www.facebook.com\/people\/Nexo-Informativo\/61564066885511\/\" \/>\n<meta property=\"article:published_time\" content=\"2025-05-21T16:00:56+00:00\" \/>\n<meta property=\"article:modified_time\" content=\"2025-05-21T17:26:15+00:00\" \/>\n<meta property=\"og:image\" content=\"https:\/\/www.nexoinformativo.mx\/wp-content\/uploads\/2025\/05\/PHOTO-2025-05-21-09-05-37-e1747848369730.jpg\" \/>\n\t<meta property=\"og:image:width\" content=\"800\" \/>\n\t<meta property=\"og:image:height\" content=\"504\" \/>\n\t<meta property=\"og:image:type\" content=\"image\/jpeg\" \/>\n<meta name=\"author\" content=\"Nexo Informativo\" \/>\n<meta name=\"twitter:card\" content=\"summary_large_image\" \/>\n<meta name=\"twitter:label1\" content=\"Escrito por\" \/>\n\t<meta name=\"twitter:data1\" content=\"Nexo Informativo\" \/>\n\t<meta name=\"twitter:label2\" content=\"Tiempo de lectura\" \/>\n\t<meta name=\"twitter:data2\" content=\"2 minutos\" \/>\n<script type=\"application\/ld+json\" class=\"yoast-schema-graph\">{\"@context\":\"https:\/\/schema.org\",\"@graph\":[{\"@type\":\"Article\",\"@id\":\"https:\/\/www.nexoinformativo.mx\/index.php\/2025\/05\/21\/cae-ladron-armado-en-santa-rosa-jauregui-vinculado-a-proceso-por-robo-calificado\/#article\",\"isPartOf\":{\"@id\":\"https:\/\/www.nexoinformativo.mx\/index.php\/2025\/05\/21\/cae-ladron-armado-en-santa-rosa-jauregui-vinculado-a-proceso-por-robo-calificado\/\"},\"author\":{\"name\":\"Nexo Informativo\",\"@id\":\"https:\/\/www.nexoinformativo.mx\/#\/schema\/person\/7749d380ba08c8ca00d7bc76fd907b7d\"},\"headline\":\"Cae ladr\u00f3n armado en Santa Rosa J\u00e1uregui vinculado a proceso por robo calificado\",\"datePublished\":\"2025-05-21T16:00:56+00:00\",\"dateModified\":\"2025-05-21T17:26:15+00:00\",\"mainEntityOfPage\":{\"@id\":\"https:\/\/www.nexoinformativo.mx\/index.php\/2025\/05\/21\/cae-ladron-armado-en-santa-rosa-jauregui-vinculado-a-proceso-por-robo-calificado\/\"},\"wordCount\":230,\"commentCount\":0,\"publisher\":{\"@id\":\"https:\/\/www.nexoinformativo.mx\/#organization\"},\"image\":{\"@id\":\"https:\/\/www.nexoinformativo.mx\/index.php\/2025\/05\/21\/cae-ladron-armado-en-santa-rosa-jauregui-vinculado-a-proceso-por-robo-calificado\/#primaryimage\"},\"thumbnailUrl\":\"https:\/\/www.nexoinformativo.mx\/wp-content\/uploads\/2025\/05\/PHOTO-2025-05-21-09-05-37-e1747848369730.jpg\",\"keywords\":[\"JusticiaQro\",\"RoboCalificadoQro\",\"SantaRosaJ\u00e1uregui\",\"SeguridadQro\"],\"articleSection\":[\"Municipios\",\"Sucesos\",\"\u00daltima Hora\"],\"inLanguage\":\"es\",\"potentialAction\":[{\"@type\":\"CommentAction\",\"name\":\"Comment\",\"target\":[\"https:\/\/www.nexoinformativo.mx\/index.php\/2025\/05\/21\/cae-ladron-armado-en-santa-rosa-jauregui-vinculado-a-proceso-por-robo-calificado\/#respond\"]}]},{\"@type\":\"WebPage\",\"@id\":\"https:\/\/www.nexoinformativo.mx\/index.php\/2025\/05\/21\/cae-ladron-armado-en-santa-rosa-jauregui-vinculado-a-proceso-por-robo-calificado\/\",\"url\":\"https:\/\/www.nexoinformativo.mx\/index.php\/2025\/05\/21\/cae-ladron-armado-en-santa-rosa-jauregui-vinculado-a-proceso-por-robo-calificado\/\",\"name\":\"Cae ladr\u00f3n armado en Santa Rosa J\u00e1uregui vinculado a proceso por robo calificado | Nexo Informativo Santiago de Quer\u00e9taro\",\"isPartOf\":{\"@id\":\"https:\/\/www.nexoinformativo.mx\/#website\"},\"primaryImageOfPage\":{\"@id\":\"https:\/\/www.nexoinformativo.mx\/index.php\/2025\/05\/21\/cae-ladron-armado-en-santa-rosa-jauregui-vinculado-a-proceso-por-robo-calificado\/#primaryimage\"},\"image\":{\"@id\":\"https:\/\/www.nexoinformativo.mx\/index.php\/2025\/05\/21\/cae-ladron-armado-en-santa-rosa-jauregui-vinculado-a-proceso-por-robo-calificado\/#primaryimage\"},\"thumbnailUrl\":\"https:\/\/www.nexoinformativo.mx\/wp-content\/uploads\/2025\/05\/PHOTO-2025-05-21-09-05-37-e1747848369730.jpg\",\"datePublished\":\"2025-05-21T16:00:56+00:00\",\"dateModified\":\"2025-05-21T17:26:15+00:00\",\"description\":\"Cae ladr\u00f3n armado en Santa Rosa J\u00e1uregui vinculado a proceso por robo calificado\",\"breadcrumb\":{\"@id\":\"https:\/\/www.nexoinformativo.mx\/index.php\/2025\/05\/21\/cae-ladron-armado-en-santa-rosa-jauregui-vinculado-a-proceso-por-robo-calificado\/#breadcrumb\"},\"inLanguage\":\"es\",\"potentialAction\":[{\"@type\":\"ReadAction\",\"target\":[\"https:\/\/www.nexoinformativo.mx\/index.php\/2025\/05\/21\/cae-ladron-armado-en-santa-rosa-jauregui-vinculado-a-proceso-por-robo-calificado\/\"]}]},{\"@type\":\"ImageObject\",\"inLanguage\":\"es\",\"@id\":\"https:\/\/www.nexoinformativo.mx\/index.php\/2025\/05\/21\/cae-ladron-armado-en-santa-rosa-jauregui-vinculado-a-proceso-por-robo-calificado\/#primaryimage\",\"url\":\"https:\/\/www.nexoinformativo.mx\/wp-content\/uploads\/2025\/05\/PHOTO-2025-05-21-09-05-37-e1747848369730.jpg\",\"contentUrl\":\"https:\/\/www.nexoinformativo.mx\/wp-content\/uploads\/2025\/05\/PHOTO-2025-05-21-09-05-37-e1747848369730.jpg\",\"width\":800,\"height\":504},{\"@type\":\"BreadcrumbList\",\"@id\":\"https:\/\/www.nexoinformativo.mx\/index.php\/2025\/05\/21\/cae-ladron-armado-en-santa-rosa-jauregui-vinculado-a-proceso-por-robo-calificado\/#breadcrumb\",\"itemListElement\":[{\"@type\":\"ListItem\",\"position\":1,\"name\":\"Inicio\",\"item\":\"https:\/\/www.nexoinformativo.mx\/\"},{\"@type\":\"ListItem\",\"position\":2,\"name\":\"Cae ladr\u00f3n armado en Santa Rosa J\u00e1uregui vinculado a proceso por robo calificado\"}]},{\"@type\":\"WebSite\",\"@id\":\"https:\/\/www.nexoinformativo.mx\/#website\",\"url\":\"https:\/\/www.nexoinformativo.mx\/\",\"name\":\"Nexo Informativo Santiago de Quer\u00e9taro\",\"description\":\"Explora NexoInformativo y convi\u00e9rtete en parte de una comunidad que valora el conocimiento y la verdad. Tu nexoinformativo es tu puente hacia una comprensi\u00f3n m\u00e1s profunda del mundo que te rodea.\",\"publisher\":{\"@id\":\"https:\/\/www.nexoinformativo.mx\/#organization\"},\"potentialAction\":[{\"@type\":\"SearchAction\",\"target\":{\"@type\":\"EntryPoint\",\"urlTemplate\":\"https:\/\/www.nexoinformativo.mx\/?s={search_term_string}\"},\"query-input\":{\"@type\":\"PropertyValueSpecification\",\"valueRequired\":true,\"valueName\":\"search_term_string\"}}],\"inLanguage\":\"es\"},{\"@type\":\"Organization\",\"@id\":\"https:\/\/www.nexoinformativo.mx\/#organization\",\"name\":\"Nexo Informativo Santiago de Quer\u00e9taro\",\"url\":\"https:\/\/www.nexoinformativo.mx\/\",\"logo\":{\"@type\":\"ImageObject\",\"inLanguage\":\"es\",\"@id\":\"https:\/\/www.nexoinformativo.mx\/#\/schema\/logo\/image\/\",\"url\":\"https:\/\/www.nexoinformativo.mx\/wp-content\/uploads\/2024\/07\/nexoi-trasparente-2.png\",\"contentUrl\":\"https:\/\/www.nexoinformativo.mx\/wp-content\/uploads\/2024\/07\/nexoi-trasparente-2.png\",\"width\":816,\"height\":339,\"caption\":\"Nexo Informativo Santiago de Quer\u00e9taro\"},\"image\":{\"@id\":\"https:\/\/www.nexoinformativo.mx\/#\/schema\/logo\/image\/\"},\"sameAs\":[\"https:\/\/www.facebook.com\/people\/Nexo-Informativo\/61564066885511\/\"]},{\"@type\":\"Person\",\"@id\":\"https:\/\/www.nexoinformativo.mx\/#\/schema\/person\/7749d380ba08c8ca00d7bc76fd907b7d\",\"name\":\"Nexo Informativo\",\"image\":{\"@type\":\"ImageObject\",\"inLanguage\":\"es\",\"@id\":\"https:\/\/www.nexoinformativo.mx\/#\/schema\/person\/image\/\",\"url\":\"https:\/\/secure.gravatar.com\/avatar\/dde2928154642a13d95f87ddf1ea9718fe2b46760a005c53e41ff5ad610704e6?s=96&d=mm&r=g\",\"contentUrl\":\"https:\/\/secure.gravatar.com\/avatar\/dde2928154642a13d95f87ddf1ea9718fe2b46760a005c53e41ff5ad610704e6?s=96&d=mm&r=g\",\"caption\":\"Nexo Informativo\"},\"url\":\"https:\/\/www.nexoinformativo.mx\/index.php\/author\/edicion\/\"}]}<\/script>\n<!-- \/ Yoast SEO plugin. -->","yoast_head_json":{"title":"Cae ladr\u00f3n armado en Santa Rosa J\u00e1uregui vinculado a proceso por robo calificado | Nexo Informativo Santiago de Quer\u00e9taro","description":"Cae ladr\u00f3n armado en Santa Rosa J\u00e1uregui vinculado a proceso por robo calificado","robots":{"index":"index","follow":"follow","max-snippet":"max-snippet:-1","max-image-preview":"max-image-preview:large","max-video-preview":"max-video-preview:-1"},"canonical":"https:\/\/www.nexoinformativo.mx\/index.php\/2025\/05\/21\/cae-ladron-armado-en-santa-rosa-jauregui-vinculado-a-proceso-por-robo-calificado\/","og_locale":"es_MX","og_type":"article","og_title":"Cae ladr\u00f3n armado en Santa Rosa J\u00e1uregui vinculado a proceso por robo calificado | Nexo Informativo Santiago de Quer\u00e9taro","og_description":"Cae ladr\u00f3n armado en Santa Rosa J\u00e1uregui vinculado a proceso por robo calificado","og_url":"https:\/\/www.nexoinformativo.mx\/index.php\/2025\/05\/21\/cae-ladron-armado-en-santa-rosa-jauregui-vinculado-a-proceso-por-robo-calificado\/","og_site_name":"Nexo Informativo Santiago de Quer\u00e9taro","article_publisher":"https:\/\/www.facebook.com\/people\/Nexo-Informativo\/61564066885511\/","article_published_time":"2025-05-21T16:00:56+00:00","article_modified_time":"2025-05-21T17:26:15+00:00","og_image":[{"width":800,"height":504,"url":"https:\/\/www.nexoinformativo.mx\/wp-content\/uploads\/2025\/05\/PHOTO-2025-05-21-09-05-37-e1747848369730.jpg","type":"image\/jpeg"}],"author":"Nexo Informativo","twitter_card":"summary_large_image","twitter_misc":{"Escrito por":"Nexo Informativo","Tiempo de lectura":"2 minutos"},"schema":{"@context":"https:\/\/schema.org","@graph":[{"@type":"Article","@id":"https:\/\/www.nexoinformativo.mx\/index.php\/2025\/05\/21\/cae-ladron-armado-en-santa-rosa-jauregui-vinculado-a-proceso-por-robo-calificado\/#article","isPartOf":{"@id":"https:\/\/www.nexoinformativo.mx\/index.php\/2025\/05\/21\/cae-ladron-armado-en-santa-rosa-jauregui-vinculado-a-proceso-por-robo-calificado\/"},"author":{"name":"Nexo Informativo","@id":"https:\/\/www.nexoinformativo.mx\/#\/schema\/person\/7749d380ba08c8ca00d7bc76fd907b7d"},"headline":"Cae ladr\u00f3n armado en Santa Rosa J\u00e1uregui vinculado a proceso por robo calificado","datePublished":"2025-05-21T16:00:56+00:00","dateModified":"2025-05-21T17:26:15+00:00","mainEntityOfPage":{"@id":"https:\/\/www.nexoinformativo.mx\/index.php\/2025\/05\/21\/cae-ladron-armado-en-santa-rosa-jauregui-vinculado-a-proceso-por-robo-calificado\/"},"wordCount":230,"commentCount":0,"publisher":{"@id":"https:\/\/www.nexoinformativo.mx\/#organization"},"image":{"@id":"https:\/\/www.nexoinformativo.mx\/index.php\/2025\/05\/21\/cae-ladron-armado-en-santa-rosa-jauregui-vinculado-a-proceso-por-robo-calificado\/#primaryimage"},"thumbnailUrl":"https:\/\/www.nexoinformativo.mx\/wp-content\/uploads\/2025\/05\/PHOTO-2025-05-21-09-05-37-e1747848369730.jpg","keywords":["JusticiaQro","RoboCalificadoQro","SantaRosaJ\u00e1uregui","SeguridadQro"],"articleSection":["Municipios","Sucesos","\u00daltima Hora"],"inLanguage":"es","potentialAction":[{"@type":"CommentAction","name":"Comment","target":["https:\/\/www.nexoinformativo.mx\/index.php\/2025\/05\/21\/cae-ladron-armado-en-santa-rosa-jauregui-vinculado-a-proceso-por-robo-calificado\/#respond"]}]},{"@type":"WebPage","@id":"https:\/\/www.nexoinformativo.mx\/index.php\/2025\/05\/21\/cae-ladron-armado-en-santa-rosa-jauregui-vinculado-a-proceso-por-robo-calificado\/","url":"https:\/\/www.nexoinformativo.mx\/index.php\/2025\/05\/21\/cae-ladron-armado-en-santa-rosa-jauregui-vinculado-a-proceso-por-robo-calificado\/","name":"Cae ladr\u00f3n armado en Santa Rosa J\u00e1uregui vinculado a proceso por robo calificado | Nexo Informativo Santiago de Quer\u00e9taro","isPartOf":{"@id":"https:\/\/www.nexoinformativo.mx\/#website"},"primaryImageOfPage":{"@id":"https:\/\/www.nexoinformativo.mx\/index.php\/2025\/05\/21\/cae-ladron-armado-en-santa-rosa-jauregui-vinculado-a-proceso-por-robo-calificado\/#primaryimage"},"image":{"@id":"https:\/\/www.nexoinformativo.mx\/index.php\/2025\/05\/21\/cae-ladron-armado-en-santa-rosa-jauregui-vinculado-a-proceso-por-robo-calificado\/#primaryimage"},"thumbnailUrl":"https:\/\/www.nexoinformativo.mx\/wp-content\/uploads\/2025\/05\/PHOTO-2025-05-21-09-05-37-e1747848369730.jpg","datePublished":"2025-05-21T16:00:56+00:00","dateModified":"2025-05-21T17:26:15+00:00","description":"Cae ladr\u00f3n armado en Santa Rosa J\u00e1uregui vinculado a proceso por robo calificado","breadcrumb":{"@id":"https:\/\/www.nexoinformativo.mx\/index.php\/2025\/05\/21\/cae-ladron-armado-en-santa-rosa-jauregui-vinculado-a-proceso-por-robo-calificado\/#breadcrumb"},"inLanguage":"es","potentialAction":[{"@type":"ReadAction","target":["https:\/\/www.nexoinformativo.mx\/index.php\/2025\/05\/21\/cae-ladron-armado-en-santa-rosa-jauregui-vinculado-a-proceso-por-robo-calificado\/"]}]},{"@type":"ImageObject","inLanguage":"es","@id":"https:\/\/www.nexoinformativo.mx\/index.php\/2025\/05\/21\/cae-ladron-armado-en-santa-rosa-jauregui-vinculado-a-proceso-por-robo-calificado\/#primaryimage","url":"https:\/\/www.nexoinformativo.mx\/wp-content\/uploads\/2025\/05\/PHOTO-2025-05-21-09-05-37-e1747848369730.jpg","contentUrl":"https:\/\/www.nexoinformativo.mx\/wp-content\/uploads\/2025\/05\/PHOTO-2025-05-21-09-05-37-e1747848369730.jpg","width":800,"height":504},{"@type":"BreadcrumbList","@id":"https:\/\/www.nexoinformativo.mx\/index.php\/2025\/05\/21\/cae-ladron-armado-en-santa-rosa-jauregui-vinculado-a-proceso-por-robo-calificado\/#breadcrumb","itemListElement":[{"@type":"ListItem","position":1,"name":"Inicio","item":"https:\/\/www.nexoinformativo.mx\/"},{"@type":"ListItem","position":2,"name":"Cae ladr\u00f3n armado en Santa Rosa J\u00e1uregui vinculado a proceso por robo calificado"}]},{"@type":"WebSite","@id":"https:\/\/www.nexoinformativo.mx\/#website","url":"https:\/\/www.nexoinformativo.mx\/","name":"Nexo Informativo Santiago de Quer\u00e9taro","description":"Explora NexoInformativo y convi\u00e9rtete en parte de una comunidad que valora el conocimiento y la verdad. Tu nexoinformativo es tu puente hacia una comprensi\u00f3n m\u00e1s profunda del mundo que te rodea.","publisher":{"@id":"https:\/\/www.nexoinformativo.mx\/#organization"},"potentialAction":[{"@type":"SearchAction","target":{"@type":"EntryPoint","urlTemplate":"https:\/\/www.nexoinformativo.mx\/?s={search_term_string}"},"query-input":{"@type":"PropertyValueSpecification","valueRequired":true,"valueName":"search_term_string"}}],"inLanguage":"es"},{"@type":"Organization","@id":"https:\/\/www.nexoinformativo.mx\/#organization","name":"Nexo Informativo Santiago de Quer\u00e9taro","url":"https:\/\/www.nexoinformativo.mx\/","logo":{"@type":"ImageObject","inLanguage":"es","@id":"https:\/\/www.nexoinformativo.mx\/#\/schema\/logo\/image\/","url":"https:\/\/www.nexoinformativo.mx\/wp-content\/uploads\/2024\/07\/nexoi-trasparente-2.png","contentUrl":"https:\/\/www.nexoinformativo.mx\/wp-content\/uploads\/2024\/07\/nexoi-trasparente-2.png","width":816,"height":339,"caption":"Nexo Informativo Santiago de Quer\u00e9taro"},"image":{"@id":"https:\/\/www.nexoinformativo.mx\/#\/schema\/logo\/image\/"},"sameAs":["https:\/\/www.facebook.com\/people\/Nexo-Informativo\/61564066885511\/"]},{"@type":"Person","@id":"https:\/\/www.nexoinformativo.mx\/#\/schema\/person\/7749d380ba08c8ca00d7bc76fd907b7d","name":"Nexo Informativo","image":{"@type":"ImageObject","inLanguage":"es","@id":"https:\/\/www.nexoinformativo.mx\/#\/schema\/person\/image\/","url":"https:\/\/secure.gravatar.com\/avatar\/dde2928154642a13d95f87ddf1ea9718fe2b46760a005c53e41ff5ad610704e6?s=96&d=mm&r=g","contentUrl":"https:\/\/secure.gravatar.com\/avatar\/dde2928154642a13d95f87ddf1ea9718fe2b46760a005c53e41ff5ad610704e6?s=96&d=mm&r=g","caption":"Nexo Informativo"},"url":"https:\/\/www.nexoinformativo.mx\/index.php\/author\/edicion\/"}]}},"_links":{"self":[{"href":"https:\/\/www.nexoinformativo.mx\/index.php\/wp-json\/wp\/v2\/posts\/15078","targetHints":{"allow":["GET"]}}],"collection":[{"href":"https:\/\/www.nexoinformativo.mx\/index.php\/wp-json\/wp\/v2\/posts"}],"about":[{"href":"https:\/\/www.nexoinformativo.mx\/index.php\/wp-json\/wp\/v2\/types\/post"}],"author":[{"embeddable":true,"href":"https:\/\/www.nexoinformativo.mx\/index.php\/wp-json\/wp\/v2\/users\/3"}],"replies":[{"embeddable":true,"href":"https:\/\/www.nexoinformativo.mx\/index.php\/wp-json\/wp\/v2\/comments?post=15078"}],"version-history":[{"count":4,"href":"https:\/\/www.nexoinformativo.mx\/index.php\/wp-json\/wp\/v2\/posts\/15078\/revisions"}],"predecessor-version":[{"id":15083,"href":"https:\/\/www.nexoinformativo.mx\/index.php\/wp-json\/wp\/v2\/posts\/15078\/revisions\/15083"}],"wp:featuredmedia":[{"embeddable":true,"href":"https:\/\/www.nexoinformativo.mx\/index.php\/wp-json\/wp\/v2\/media\/15082"}],"wp:attachment":[{"href":"https:\/\/www.nexoinformativo.mx\/index.php\/wp-json\/wp\/v2\/media?parent=15078"}],"wp:term":[{"taxonomy":"category","embeddable":true,"href":"https:\/\/www.nexoinformativo.mx\/index.php\/wp-json\/wp\/v2\/categories?post=15078"},{"taxonomy":"post_tag","embeddable":true,"href":"https:\/\/www.nexoinformativo.mx\/index.php\/wp-json\/wp\/v2\/tags?post=15078"}],"curies":[{"name":"wp","href":"https:\/\/api.w.org\/{rel}","templated":true}]}}