{"id":15084,"date":"2025-05-21T11:00:45","date_gmt":"2025-05-21T17:00:45","guid":{"rendered":"https:\/\/www.nexoinformativo.mx\/?p=15084"},"modified":"2025-05-21T11:30:40","modified_gmt":"2025-05-21T17:30:40","slug":"directo-al-proceso-cae-ladron-de-vehiculos-que-operaba-en-estacionamiento-de-queretaro","status":"publish","type":"post","link":"https:\/\/www.nexoinformativo.mx\/index.php\/2025\/05\/21\/directo-al-proceso-cae-ladron-de-vehiculos-que-operaba-en-estacionamiento-de-queretaro\/","title":{"rendered":"Directo al proceso cae ladr\u00f3n de veh\u00edculos que operaba en estacionamiento de Quer\u00e9taro"},"content":{"rendered":"<p style=\"text-align: justify;\" data-sourcepos=\"3:1-3:308\">La Fiscal\u00eda General del Estado (FGE) ha logrado la vinculaci\u00f3n a proceso de una persona como probable autor del delito de robo a veh\u00edculo. Esto, gracias a una minuciosa investigaci\u00f3n realizada por personal especializado de la instituci\u00f3n.<\/p>\n<\/p>\n<p>&nbsp;<\/p>\n<p style=\"text-align: justify;\" data-sourcepos=\"5:1-5:224\">Los hechos ocurrieron el pasado 17 de abril, en el estacionamiento de una tienda de art\u00edculos para el hogar ubicada en Prolongaci\u00f3n Ezequiel Montes, en la colonia San Pablo Tecnol\u00f3gico, aqu\u00ed en el municipio de Quer\u00e9taro.<\/p>\n<\/p>\n<p>&nbsp;<\/p>\n<p style=\"text-align: justify;\" data-sourcepos=\"7:1-7:277\">De acuerdo con la investigaci\u00f3n, el probable ladr\u00f3n lleg\u00f3 al lugar en un veh\u00edculo que utilizaba para trabajar en una plataforma de transporte. Se acerc\u00f3 a una camioneta estacionada, manipul\u00f3 y da\u00f1\u00f3 la chapa de la puerta delantera izquierda para poder acceder a su interior.<\/p>\n<\/p>\n<p>&nbsp;<\/p>\n<p style=\"text-align: justify;\" data-sourcepos=\"9:1-9:110\">Una vez dentro, sustrajo varios objetos de valor, los traslad\u00f3 al veh\u00edculo que conduc\u00eda y se retir\u00f3 del lugar.<\/p>\n<\/p>\n<p>&nbsp;<\/p>\n<p style=\"text-align: justify;\" data-sourcepos=\"11:1-11:213\">Fue gracias a la r\u00e1pida intervenci\u00f3n del C4 que se logr\u00f3 identificar el veh\u00edculo usado en el delito y, posteriormente, al probable autor. El sujeto fue detenido y puesto a disposici\u00f3n de la autoridad judicial.<\/p>\n<\/p>\n<p>&nbsp;<\/p>\n<p style=\"text-align: justify;\" data-sourcepos=\"13:1-13:253\">En la audiencia inicial, el juez de control determin\u00f3 vincular a proceso al imputado. Como medida cautelar, deber\u00e1 presentarse de forma constante ante la autoridad supervisora, y se estableci\u00f3 un plazo de un mes para la investigaci\u00f3n complementaria.<\/p>\n<\/p>\n<p>&nbsp;<\/p>\n<p style=\"text-align: center;\" data-sourcepos=\"13:1-13:253\"><em><strong>\u00a1Informaci\u00f3n que transforma!<\/strong><\/em><\/p>\n","protected":false},"excerpt":{"rendered":"<p>La Fiscal\u00eda General del Estado (FGE) ha logrado la vinculaci\u00f3n a proceso de una persona como probable autor del delito de robo a veh\u00edculo. Esto, gracias a una minuciosa investigaci\u00f3n realizada por personal especializado de la instituci\u00f3n.<\/p>\n","protected":false},"author":3,"featured_media":15085,"comment_status":"open","ping_status":"open","sticky":false,"template":"","format":"standard","meta":{"footnotes":""},"categories":[65,137,58],"tags":[500,4516,4517,4518],"class_list":["post-15084","post","type-post","status-publish","format-standard","has-post-thumbnail","hentry","category-municipios","category-sucesos","category-ultima-hora","tag-fiscaliaqueretaro","tag-robovehiculoqro","tag-sanpablotecnologico","tag-seguridadvehicular"],"yoast_head":"<!-- This site is optimized with the Yoast SEO plugin v25.0 - https:\/\/yoast.com\/wordpress\/plugins\/seo\/ -->\n<title>Directo al proceso cae ladr\u00f3n de veh\u00edculos que operaba en estacionamiento de Quer\u00e9taro | Nexo Informativo Santiago de Quer\u00e9taro<\/title>\n<meta name=\"description\" content=\"Directo al proceso cae ladr\u00f3n de veh\u00edculos que operaba en estacionamiento de Quer\u00e9taro\" \/>\n<meta name=\"robots\" content=\"index, follow, max-snippet:-1, max-image-preview:large, max-video-preview:-1\" \/>\n<link rel=\"canonical\" href=\"https:\/\/www.nexoinformativo.mx\/index.php\/2025\/05\/21\/directo-al-proceso-cae-ladron-de-vehiculos-que-operaba-en-estacionamiento-de-queretaro\/\" \/>\n<meta property=\"og:locale\" content=\"es_MX\" \/>\n<meta property=\"og:type\" content=\"article\" \/>\n<meta property=\"og:title\" content=\"Directo al proceso cae ladr\u00f3n de veh\u00edculos que operaba en estacionamiento de Quer\u00e9taro | Nexo Informativo Santiago de Quer\u00e9taro\" \/>\n<meta property=\"og:description\" content=\"Directo al proceso cae ladr\u00f3n de veh\u00edculos que operaba en estacionamiento de Quer\u00e9taro\" \/>\n<meta property=\"og:url\" content=\"https:\/\/www.nexoinformativo.mx\/index.php\/2025\/05\/21\/directo-al-proceso-cae-ladron-de-vehiculos-que-operaba-en-estacionamiento-de-queretaro\/\" \/>\n<meta property=\"og:site_name\" content=\"Nexo Informativo Santiago de Quer\u00e9taro\" \/>\n<meta property=\"article:publisher\" content=\"https:\/\/www.facebook.com\/people\/Nexo-Informativo\/61564066885511\/\" \/>\n<meta property=\"article:published_time\" content=\"2025-05-21T17:00:45+00:00\" \/>\n<meta property=\"article:modified_time\" content=\"2025-05-21T17:30:40+00:00\" \/>\n<meta property=\"og:image\" content=\"https:\/\/www.nexoinformativo.mx\/wp-content\/uploads\/2025\/05\/PHOTO-2025-05-21-09-06-21-e1747848589587.jpg\" \/>\n\t<meta property=\"og:image:width\" content=\"800\" \/>\n\t<meta property=\"og:image:height\" content=\"504\" \/>\n\t<meta property=\"og:image:type\" content=\"image\/jpeg\" \/>\n<meta name=\"author\" content=\"Nexo Informativo\" \/>\n<meta name=\"twitter:card\" content=\"summary_large_image\" \/>\n<meta name=\"twitter:label1\" content=\"Escrito por\" \/>\n\t<meta name=\"twitter:data1\" content=\"Nexo Informativo\" \/>\n\t<meta name=\"twitter:label2\" content=\"Tiempo de lectura\" \/>\n\t<meta name=\"twitter:data2\" content=\"2 minutos\" \/>\n<script type=\"application\/ld+json\" class=\"yoast-schema-graph\">{\"@context\":\"https:\/\/schema.org\",\"@graph\":[{\"@type\":\"Article\",\"@id\":\"https:\/\/www.nexoinformativo.mx\/index.php\/2025\/05\/21\/directo-al-proceso-cae-ladron-de-vehiculos-que-operaba-en-estacionamiento-de-queretaro\/#article\",\"isPartOf\":{\"@id\":\"https:\/\/www.nexoinformativo.mx\/index.php\/2025\/05\/21\/directo-al-proceso-cae-ladron-de-vehiculos-que-operaba-en-estacionamiento-de-queretaro\/\"},\"author\":{\"name\":\"Nexo Informativo\",\"@id\":\"https:\/\/www.nexoinformativo.mx\/#\/schema\/person\/7749d380ba08c8ca00d7bc76fd907b7d\"},\"headline\":\"Directo al proceso cae ladr\u00f3n de veh\u00edculos que operaba en estacionamiento de Quer\u00e9taro\",\"datePublished\":\"2025-05-21T17:00:45+00:00\",\"dateModified\":\"2025-05-21T17:30:40+00:00\",\"mainEntityOfPage\":{\"@id\":\"https:\/\/www.nexoinformativo.mx\/index.php\/2025\/05\/21\/directo-al-proceso-cae-ladron-de-vehiculos-que-operaba-en-estacionamiento-de-queretaro\/\"},\"wordCount\":254,\"commentCount\":0,\"publisher\":{\"@id\":\"https:\/\/www.nexoinformativo.mx\/#organization\"},\"image\":{\"@id\":\"https:\/\/www.nexoinformativo.mx\/index.php\/2025\/05\/21\/directo-al-proceso-cae-ladron-de-vehiculos-que-operaba-en-estacionamiento-de-queretaro\/#primaryimage\"},\"thumbnailUrl\":\"https:\/\/www.nexoinformativo.mx\/wp-content\/uploads\/2025\/05\/PHOTO-2025-05-21-09-06-21-e1747848589587.jpg\",\"keywords\":[\"Fiscal\u00edaQuer\u00e9taro\",\"RoboVeh\u00edculoQro\",\"SanPabloTecnol\u00f3gico\",\"SeguridadVehicular\"],\"articleSection\":[\"Municipios\",\"Sucesos\",\"\u00daltima Hora\"],\"inLanguage\":\"es\",\"potentialAction\":[{\"@type\":\"CommentAction\",\"name\":\"Comment\",\"target\":[\"https:\/\/www.nexoinformativo.mx\/index.php\/2025\/05\/21\/directo-al-proceso-cae-ladron-de-vehiculos-que-operaba-en-estacionamiento-de-queretaro\/#respond\"]}]},{\"@type\":\"WebPage\",\"@id\":\"https:\/\/www.nexoinformativo.mx\/index.php\/2025\/05\/21\/directo-al-proceso-cae-ladron-de-vehiculos-que-operaba-en-estacionamiento-de-queretaro\/\",\"url\":\"https:\/\/www.nexoinformativo.mx\/index.php\/2025\/05\/21\/directo-al-proceso-cae-ladron-de-vehiculos-que-operaba-en-estacionamiento-de-queretaro\/\",\"name\":\"Directo al proceso cae ladr\u00f3n de veh\u00edculos que operaba en estacionamiento de Quer\u00e9taro | Nexo Informativo Santiago de Quer\u00e9taro\",\"isPartOf\":{\"@id\":\"https:\/\/www.nexoinformativo.mx\/#website\"},\"primaryImageOfPage\":{\"@id\":\"https:\/\/www.nexoinformativo.mx\/index.php\/2025\/05\/21\/directo-al-proceso-cae-ladron-de-vehiculos-que-operaba-en-estacionamiento-de-queretaro\/#primaryimage\"},\"image\":{\"@id\":\"https:\/\/www.nexoinformativo.mx\/index.php\/2025\/05\/21\/directo-al-proceso-cae-ladron-de-vehiculos-que-operaba-en-estacionamiento-de-queretaro\/#primaryimage\"},\"thumbnailUrl\":\"https:\/\/www.nexoinformativo.mx\/wp-content\/uploads\/2025\/05\/PHOTO-2025-05-21-09-06-21-e1747848589587.jpg\",\"datePublished\":\"2025-05-21T17:00:45+00:00\",\"dateModified\":\"2025-05-21T17:30:40+00:00\",\"description\":\"Directo al proceso cae ladr\u00f3n de veh\u00edculos que operaba en estacionamiento de Quer\u00e9taro\",\"breadcrumb\":{\"@id\":\"https:\/\/www.nexoinformativo.mx\/index.php\/2025\/05\/21\/directo-al-proceso-cae-ladron-de-vehiculos-que-operaba-en-estacionamiento-de-queretaro\/#breadcrumb\"},\"inLanguage\":\"es\",\"potentialAction\":[{\"@type\":\"ReadAction\",\"target\":[\"https:\/\/www.nexoinformativo.mx\/index.php\/2025\/05\/21\/directo-al-proceso-cae-ladron-de-vehiculos-que-operaba-en-estacionamiento-de-queretaro\/\"]}]},{\"@type\":\"ImageObject\",\"inLanguage\":\"es\",\"@id\":\"https:\/\/www.nexoinformativo.mx\/index.php\/2025\/05\/21\/directo-al-proceso-cae-ladron-de-vehiculos-que-operaba-en-estacionamiento-de-queretaro\/#primaryimage\",\"url\":\"https:\/\/www.nexoinformativo.mx\/wp-content\/uploads\/2025\/05\/PHOTO-2025-05-21-09-06-21-e1747848589587.jpg\",\"contentUrl\":\"https:\/\/www.nexoinformativo.mx\/wp-content\/uploads\/2025\/05\/PHOTO-2025-05-21-09-06-21-e1747848589587.jpg\",\"width\":800,\"height\":504},{\"@type\":\"BreadcrumbList\",\"@id\":\"https:\/\/www.nexoinformativo.mx\/index.php\/2025\/05\/21\/directo-al-proceso-cae-ladron-de-vehiculos-que-operaba-en-estacionamiento-de-queretaro\/#breadcrumb\",\"itemListElement\":[{\"@type\":\"ListItem\",\"position\":1,\"name\":\"Inicio\",\"item\":\"https:\/\/www.nexoinformativo.mx\/\"},{\"@type\":\"ListItem\",\"position\":2,\"name\":\"Directo al proceso cae ladr\u00f3n de veh\u00edculos que operaba en estacionamiento de Quer\u00e9taro\"}]},{\"@type\":\"WebSite\",\"@id\":\"https:\/\/www.nexoinformativo.mx\/#website\",\"url\":\"https:\/\/www.nexoinformativo.mx\/\",\"name\":\"Nexo Informativo Santiago de Quer\u00e9taro\",\"description\":\"Explora NexoInformativo y convi\u00e9rtete en parte de una comunidad que valora el conocimiento y la verdad. Tu nexoinformativo es tu puente hacia una comprensi\u00f3n m\u00e1s profunda del mundo que te rodea.\",\"publisher\":{\"@id\":\"https:\/\/www.nexoinformativo.mx\/#organization\"},\"potentialAction\":[{\"@type\":\"SearchAction\",\"target\":{\"@type\":\"EntryPoint\",\"urlTemplate\":\"https:\/\/www.nexoinformativo.mx\/?s={search_term_string}\"},\"query-input\":{\"@type\":\"PropertyValueSpecification\",\"valueRequired\":true,\"valueName\":\"search_term_string\"}}],\"inLanguage\":\"es\"},{\"@type\":\"Organization\",\"@id\":\"https:\/\/www.nexoinformativo.mx\/#organization\",\"name\":\"Nexo Informativo Santiago de Quer\u00e9taro\",\"url\":\"https:\/\/www.nexoinformativo.mx\/\",\"logo\":{\"@type\":\"ImageObject\",\"inLanguage\":\"es\",\"@id\":\"https:\/\/www.nexoinformativo.mx\/#\/schema\/logo\/image\/\",\"url\":\"https:\/\/www.nexoinformativo.mx\/wp-content\/uploads\/2024\/07\/nexoi-trasparente-2.png\",\"contentUrl\":\"https:\/\/www.nexoinformativo.mx\/wp-content\/uploads\/2024\/07\/nexoi-trasparente-2.png\",\"width\":816,\"height\":339,\"caption\":\"Nexo Informativo Santiago de Quer\u00e9taro\"},\"image\":{\"@id\":\"https:\/\/www.nexoinformativo.mx\/#\/schema\/logo\/image\/\"},\"sameAs\":[\"https:\/\/www.facebook.com\/people\/Nexo-Informativo\/61564066885511\/\"]},{\"@type\":\"Person\",\"@id\":\"https:\/\/www.nexoinformativo.mx\/#\/schema\/person\/7749d380ba08c8ca00d7bc76fd907b7d\",\"name\":\"Nexo Informativo\",\"image\":{\"@type\":\"ImageObject\",\"inLanguage\":\"es\",\"@id\":\"https:\/\/www.nexoinformativo.mx\/#\/schema\/person\/image\/\",\"url\":\"https:\/\/secure.gravatar.com\/avatar\/dde2928154642a13d95f87ddf1ea9718fe2b46760a005c53e41ff5ad610704e6?s=96&d=mm&r=g\",\"contentUrl\":\"https:\/\/secure.gravatar.com\/avatar\/dde2928154642a13d95f87ddf1ea9718fe2b46760a005c53e41ff5ad610704e6?s=96&d=mm&r=g\",\"caption\":\"Nexo Informativo\"},\"url\":\"https:\/\/www.nexoinformativo.mx\/index.php\/author\/edicion\/\"}]}<\/script>\n<!-- \/ Yoast SEO plugin. -->","yoast_head_json":{"title":"Directo al proceso cae ladr\u00f3n de veh\u00edculos que operaba en estacionamiento de Quer\u00e9taro | Nexo Informativo Santiago de Quer\u00e9taro","description":"Directo al proceso cae ladr\u00f3n de veh\u00edculos que operaba en estacionamiento de Quer\u00e9taro","robots":{"index":"index","follow":"follow","max-snippet":"max-snippet:-1","max-image-preview":"max-image-preview:large","max-video-preview":"max-video-preview:-1"},"canonical":"https:\/\/www.nexoinformativo.mx\/index.php\/2025\/05\/21\/directo-al-proceso-cae-ladron-de-vehiculos-que-operaba-en-estacionamiento-de-queretaro\/","og_locale":"es_MX","og_type":"article","og_title":"Directo al proceso cae ladr\u00f3n de veh\u00edculos que operaba en estacionamiento de Quer\u00e9taro | Nexo Informativo Santiago de Quer\u00e9taro","og_description":"Directo al proceso cae ladr\u00f3n de veh\u00edculos que operaba en estacionamiento de Quer\u00e9taro","og_url":"https:\/\/www.nexoinformativo.mx\/index.php\/2025\/05\/21\/directo-al-proceso-cae-ladron-de-vehiculos-que-operaba-en-estacionamiento-de-queretaro\/","og_site_name":"Nexo Informativo Santiago de Quer\u00e9taro","article_publisher":"https:\/\/www.facebook.com\/people\/Nexo-Informativo\/61564066885511\/","article_published_time":"2025-05-21T17:00:45+00:00","article_modified_time":"2025-05-21T17:30:40+00:00","og_image":[{"width":800,"height":504,"url":"https:\/\/www.nexoinformativo.mx\/wp-content\/uploads\/2025\/05\/PHOTO-2025-05-21-09-06-21-e1747848589587.jpg","type":"image\/jpeg"}],"author":"Nexo Informativo","twitter_card":"summary_large_image","twitter_misc":{"Escrito por":"Nexo Informativo","Tiempo de lectura":"2 minutos"},"schema":{"@context":"https:\/\/schema.org","@graph":[{"@type":"Article","@id":"https:\/\/www.nexoinformativo.mx\/index.php\/2025\/05\/21\/directo-al-proceso-cae-ladron-de-vehiculos-que-operaba-en-estacionamiento-de-queretaro\/#article","isPartOf":{"@id":"https:\/\/www.nexoinformativo.mx\/index.php\/2025\/05\/21\/directo-al-proceso-cae-ladron-de-vehiculos-que-operaba-en-estacionamiento-de-queretaro\/"},"author":{"name":"Nexo Informativo","@id":"https:\/\/www.nexoinformativo.mx\/#\/schema\/person\/7749d380ba08c8ca00d7bc76fd907b7d"},"headline":"Directo al proceso cae ladr\u00f3n de veh\u00edculos que operaba en estacionamiento de Quer\u00e9taro","datePublished":"2025-05-21T17:00:45+00:00","dateModified":"2025-05-21T17:30:40+00:00","mainEntityOfPage":{"@id":"https:\/\/www.nexoinformativo.mx\/index.php\/2025\/05\/21\/directo-al-proceso-cae-ladron-de-vehiculos-que-operaba-en-estacionamiento-de-queretaro\/"},"wordCount":254,"commentCount":0,"publisher":{"@id":"https:\/\/www.nexoinformativo.mx\/#organization"},"image":{"@id":"https:\/\/www.nexoinformativo.mx\/index.php\/2025\/05\/21\/directo-al-proceso-cae-ladron-de-vehiculos-que-operaba-en-estacionamiento-de-queretaro\/#primaryimage"},"thumbnailUrl":"https:\/\/www.nexoinformativo.mx\/wp-content\/uploads\/2025\/05\/PHOTO-2025-05-21-09-06-21-e1747848589587.jpg","keywords":["Fiscal\u00edaQuer\u00e9taro","RoboVeh\u00edculoQro","SanPabloTecnol\u00f3gico","SeguridadVehicular"],"articleSection":["Municipios","Sucesos","\u00daltima Hora"],"inLanguage":"es","potentialAction":[{"@type":"CommentAction","name":"Comment","target":["https:\/\/www.nexoinformativo.mx\/index.php\/2025\/05\/21\/directo-al-proceso-cae-ladron-de-vehiculos-que-operaba-en-estacionamiento-de-queretaro\/#respond"]}]},{"@type":"WebPage","@id":"https:\/\/www.nexoinformativo.mx\/index.php\/2025\/05\/21\/directo-al-proceso-cae-ladron-de-vehiculos-que-operaba-en-estacionamiento-de-queretaro\/","url":"https:\/\/www.nexoinformativo.mx\/index.php\/2025\/05\/21\/directo-al-proceso-cae-ladron-de-vehiculos-que-operaba-en-estacionamiento-de-queretaro\/","name":"Directo al proceso cae ladr\u00f3n de veh\u00edculos que operaba en estacionamiento de Quer\u00e9taro | Nexo Informativo Santiago de Quer\u00e9taro","isPartOf":{"@id":"https:\/\/www.nexoinformativo.mx\/#website"},"primaryImageOfPage":{"@id":"https:\/\/www.nexoinformativo.mx\/index.php\/2025\/05\/21\/directo-al-proceso-cae-ladron-de-vehiculos-que-operaba-en-estacionamiento-de-queretaro\/#primaryimage"},"image":{"@id":"https:\/\/www.nexoinformativo.mx\/index.php\/2025\/05\/21\/directo-al-proceso-cae-ladron-de-vehiculos-que-operaba-en-estacionamiento-de-queretaro\/#primaryimage"},"thumbnailUrl":"https:\/\/www.nexoinformativo.mx\/wp-content\/uploads\/2025\/05\/PHOTO-2025-05-21-09-06-21-e1747848589587.jpg","datePublished":"2025-05-21T17:00:45+00:00","dateModified":"2025-05-21T17:30:40+00:00","description":"Directo al proceso cae ladr\u00f3n de veh\u00edculos que operaba en estacionamiento de Quer\u00e9taro","breadcrumb":{"@id":"https:\/\/www.nexoinformativo.mx\/index.php\/2025\/05\/21\/directo-al-proceso-cae-ladron-de-vehiculos-que-operaba-en-estacionamiento-de-queretaro\/#breadcrumb"},"inLanguage":"es","potentialAction":[{"@type":"ReadAction","target":["https:\/\/www.nexoinformativo.mx\/index.php\/2025\/05\/21\/directo-al-proceso-cae-ladron-de-vehiculos-que-operaba-en-estacionamiento-de-queretaro\/"]}]},{"@type":"ImageObject","inLanguage":"es","@id":"https:\/\/www.nexoinformativo.mx\/index.php\/2025\/05\/21\/directo-al-proceso-cae-ladron-de-vehiculos-que-operaba-en-estacionamiento-de-queretaro\/#primaryimage","url":"https:\/\/www.nexoinformativo.mx\/wp-content\/uploads\/2025\/05\/PHOTO-2025-05-21-09-06-21-e1747848589587.jpg","contentUrl":"https:\/\/www.nexoinformativo.mx\/wp-content\/uploads\/2025\/05\/PHOTO-2025-05-21-09-06-21-e1747848589587.jpg","width":800,"height":504},{"@type":"BreadcrumbList","@id":"https:\/\/www.nexoinformativo.mx\/index.php\/2025\/05\/21\/directo-al-proceso-cae-ladron-de-vehiculos-que-operaba-en-estacionamiento-de-queretaro\/#breadcrumb","itemListElement":[{"@type":"ListItem","position":1,"name":"Inicio","item":"https:\/\/www.nexoinformativo.mx\/"},{"@type":"ListItem","position":2,"name":"Directo al proceso cae ladr\u00f3n de veh\u00edculos que operaba en estacionamiento de Quer\u00e9taro"}]},{"@type":"WebSite","@id":"https:\/\/www.nexoinformativo.mx\/#website","url":"https:\/\/www.nexoinformativo.mx\/","name":"Nexo Informativo Santiago de Quer\u00e9taro","description":"Explora NexoInformativo y convi\u00e9rtete en parte de una comunidad que valora el conocimiento y la verdad. Tu nexoinformativo es tu puente hacia una comprensi\u00f3n m\u00e1s profunda del mundo que te rodea.","publisher":{"@id":"https:\/\/www.nexoinformativo.mx\/#organization"},"potentialAction":[{"@type":"SearchAction","target":{"@type":"EntryPoint","urlTemplate":"https:\/\/www.nexoinformativo.mx\/?s={search_term_string}"},"query-input":{"@type":"PropertyValueSpecification","valueRequired":true,"valueName":"search_term_string"}}],"inLanguage":"es"},{"@type":"Organization","@id":"https:\/\/www.nexoinformativo.mx\/#organization","name":"Nexo Informativo Santiago de Quer\u00e9taro","url":"https:\/\/www.nexoinformativo.mx\/","logo":{"@type":"ImageObject","inLanguage":"es","@id":"https:\/\/www.nexoinformativo.mx\/#\/schema\/logo\/image\/","url":"https:\/\/www.nexoinformativo.mx\/wp-content\/uploads\/2024\/07\/nexoi-trasparente-2.png","contentUrl":"https:\/\/www.nexoinformativo.mx\/wp-content\/uploads\/2024\/07\/nexoi-trasparente-2.png","width":816,"height":339,"caption":"Nexo Informativo Santiago de Quer\u00e9taro"},"image":{"@id":"https:\/\/www.nexoinformativo.mx\/#\/schema\/logo\/image\/"},"sameAs":["https:\/\/www.facebook.com\/people\/Nexo-Informativo\/61564066885511\/"]},{"@type":"Person","@id":"https:\/\/www.nexoinformativo.mx\/#\/schema\/person\/7749d380ba08c8ca00d7bc76fd907b7d","name":"Nexo Informativo","image":{"@type":"ImageObject","inLanguage":"es","@id":"https:\/\/www.nexoinformativo.mx\/#\/schema\/person\/image\/","url":"https:\/\/secure.gravatar.com\/avatar\/dde2928154642a13d95f87ddf1ea9718fe2b46760a005c53e41ff5ad610704e6?s=96&d=mm&r=g","contentUrl":"https:\/\/secure.gravatar.com\/avatar\/dde2928154642a13d95f87ddf1ea9718fe2b46760a005c53e41ff5ad610704e6?s=96&d=mm&r=g","caption":"Nexo Informativo"},"url":"https:\/\/www.nexoinformativo.mx\/index.php\/author\/edicion\/"}]}},"_links":{"self":[{"href":"https:\/\/www.nexoinformativo.mx\/index.php\/wp-json\/wp\/v2\/posts\/15084","targetHints":{"allow":["GET"]}}],"collection":[{"href":"https:\/\/www.nexoinformativo.mx\/index.php\/wp-json\/wp\/v2\/posts"}],"about":[{"href":"https:\/\/www.nexoinformativo.mx\/index.php\/wp-json\/wp\/v2\/types\/post"}],"author":[{"embeddable":true,"href":"https:\/\/www.nexoinformativo.mx\/index.php\/wp-json\/wp\/v2\/users\/3"}],"replies":[{"embeddable":true,"href":"https:\/\/www.nexoinformativo.mx\/index.php\/wp-json\/wp\/v2\/comments?post=15084"}],"version-history":[{"count":3,"href":"https:\/\/www.nexoinformativo.mx\/index.php\/wp-json\/wp\/v2\/posts\/15084\/revisions"}],"predecessor-version":[{"id":15088,"href":"https:\/\/www.nexoinformativo.mx\/index.php\/wp-json\/wp\/v2\/posts\/15084\/revisions\/15088"}],"wp:featuredmedia":[{"embeddable":true,"href":"https:\/\/www.nexoinformativo.mx\/index.php\/wp-json\/wp\/v2\/media\/15085"}],"wp:attachment":[{"href":"https:\/\/www.nexoinformativo.mx\/index.php\/wp-json\/wp\/v2\/media?parent=15084"}],"wp:term":[{"taxonomy":"category","embeddable":true,"href":"https:\/\/www.nexoinformativo.mx\/index.php\/wp-json\/wp\/v2\/categories?post=15084"},{"taxonomy":"post_tag","embeddable":true,"href":"https:\/\/www.nexoinformativo.mx\/index.php\/wp-json\/wp\/v2\/tags?post=15084"}],"curies":[{"name":"wp","href":"https:\/\/api.w.org\/{rel}","templated":true}]}}