{"id":15090,"date":"2025-05-21T12:00:57","date_gmt":"2025-05-21T18:00:57","guid":{"rendered":"https:\/\/www.nexoinformativo.mx\/?p=15090"},"modified":"2025-05-21T16:43:12","modified_gmt":"2025-05-21T22:43:12","slug":"vientos-de-45-km-h-lluvias-en-queretaro-generan-incidentes-proteccion-civil-monitorea","status":"publish","type":"post","link":"https:\/\/www.nexoinformativo.mx\/index.php\/2025\/05\/21\/vientos-de-45-km-h-lluvias-en-queretaro-generan-incidentes-proteccion-civil-monitorea\/","title":{"rendered":"Vientos de 45 km\/h lluvias en Quer\u00e9taro generan incidentes Protecci\u00f3n Civil monitorea"},"content":{"rendered":"<p style=\"text-align: justify;\" data-sourcepos=\"3:1-3:499\">La primera precipitaci\u00f3n importante en la ciudad dej\u00f3 como saldo la ca\u00edda de 11 \u00e1rboles \u2013ocho durante la noche del martes y tres la ma\u00f1ana del mi\u00e9rcoles.<\/p>\n<p>&nbsp;<\/p>\n<p style=\"text-align: justify;\" data-sourcepos=\"3:1-3:499\">Adem\u00e1s de seis reportes por afectaciones en la infraestructura de luz, de los cuales cuatro derivaron en apagones. As\u00ed lo inform\u00f3 Francisco Ram\u00edrez Santana, titular de Protecci\u00f3n Civil del municipio de Quer\u00e9taro.<\/p>\n<p>&nbsp;<\/p>\n<p style=\"text-align: justify;\" data-sourcepos=\"5:1-5:399\">&#8220;Generaron afectaciones en las vialidades, Constituyentes, Zaragoza, Jardines de la Hacienda y afectaci\u00f3n a dos veh\u00edculos, ninguna persona lesionada&#8221;, puntualiz\u00f3 Ram\u00edrez Santana.<\/p>\n<p>&nbsp;<\/p>\n<p style=\"text-align: justify;\" data-sourcepos=\"5:1-5:399\">Afortunadamente, a pesar de las r\u00e1fagas de viento de hasta 45 kil\u00f3metros por hora, el tirante de precipitaci\u00f3n no fue muy alto y no se reportaron afectaciones en zonas de riesgo como Santa Mar\u00eda Magdalena o Pe\u00f1uelas.<\/p>\n<p>&nbsp;<\/p>\n<p style=\"text-align: justify;\" data-sourcepos=\"11:1-11:430\">Para el d\u00eda de hoy, mi\u00e9rcoles, se espera entre un 40% y 50% de probabilidad de lluvia, y esta situaci\u00f3n se mantendr\u00e1 similar para ma\u00f1ana jueves. Sin embargo, a partir del fin de semana, se visualiza que la tendencia de las lluvias podr\u00eda disminuir.<\/p>\n<p>&nbsp;<\/p>\n<p style=\"text-align: justify;\" data-sourcepos=\"13:1-13:142\">Record\u00f3 que el pron\u00f3stico de lluvias contempla entre 16 y 20 ciclones tropicales en la zona del Pac\u00edfico, y entre 13 y 17 en el Atl\u00e1ntico.<\/p>\n<p>&nbsp;<\/p>\n<p style=\"text-align: justify;\" data-sourcepos=\"15:1-15:411\">El titular de Protecci\u00f3n Civil municipal afirm\u00f3 que todas las dependencias municipales est\u00e1n preparadas y atendiendo la temporada de lluvias.<\/p>\n<p>&nbsp;<\/p>\n<p style=\"text-align: justify;\" data-sourcepos=\"15:1-15:411\">Se ha revisado la infraestructura pluvial, y tanto Servicios P\u00fablicos como las siete delegaciones han participado activamente, recolectando una cantidad importante de basura y residuos que podr\u00edan generar taponamientos en el sistema de drenaje.<\/p>\n<p>&nbsp;<\/p>\n<p style=\"text-align: center;\" data-sourcepos=\"15:1-15:411\"><em><strong>\u00a1Informaci\u00f3n que transforma!<\/strong><\/em><\/p>\n","protected":false},"excerpt":{"rendered":"<p>La primera precipitaci\u00f3n importante en la ciudad dej\u00f3 como saldo la ca\u00edda de 11 \u00e1rboles \u2013ocho durante la noche del martes y tres la ma\u00f1ana del mi\u00e9rcoles.<\/p>\n","protected":false},"author":3,"featured_media":15091,"comment_status":"open","ping_status":"open","sticky":false,"template":"","format":"standard","meta":{"footnotes":""},"categories":[42,58],"tags":[4519,268,242,450],"class_list":["post-15090","post","type-post","status-publish","format-standard","has-post-thumbnail","hentry","category-estado","category-ultima-hora","tag-lluviaqro","tag-proteccioncivilqro","tag-queretaroseguro","tag-temporadadelluvias"],"yoast_head":"<!-- This site is optimized with the Yoast SEO plugin v25.0 - https:\/\/yoast.com\/wordpress\/plugins\/seo\/ -->\n<title>Vientos de 45 km\/h lluvias en Quer\u00e9taro generan incidentes Protecci\u00f3n Civil monitorea | Nexo Informativo Santiago de Quer\u00e9taro<\/title>\n<meta name=\"description\" content=\"Vientos de 45 km\/h lluvias en Quer\u00e9taro generan incidentes, Protecci\u00f3n Civil monitorea\" \/>\n<meta name=\"robots\" content=\"index, follow, max-snippet:-1, max-image-preview:large, max-video-preview:-1\" \/>\n<link rel=\"canonical\" href=\"https:\/\/www.nexoinformativo.mx\/index.php\/2025\/05\/21\/vientos-de-45-km-h-lluvias-en-queretaro-generan-incidentes-proteccion-civil-monitorea\/\" \/>\n<meta property=\"og:locale\" content=\"es_MX\" \/>\n<meta property=\"og:type\" content=\"article\" \/>\n<meta property=\"og:title\" content=\"Vientos de 45 km\/h lluvias en Quer\u00e9taro generan incidentes Protecci\u00f3n Civil monitorea | Nexo Informativo Santiago de Quer\u00e9taro\" \/>\n<meta property=\"og:description\" content=\"Vientos de 45 km\/h lluvias en Quer\u00e9taro generan incidentes, Protecci\u00f3n Civil monitorea\" \/>\n<meta property=\"og:url\" content=\"https:\/\/www.nexoinformativo.mx\/index.php\/2025\/05\/21\/vientos-de-45-km-h-lluvias-en-queretaro-generan-incidentes-proteccion-civil-monitorea\/\" \/>\n<meta property=\"og:site_name\" content=\"Nexo Informativo Santiago de Quer\u00e9taro\" \/>\n<meta property=\"article:publisher\" content=\"https:\/\/www.facebook.com\/people\/Nexo-Informativo\/61564066885511\/\" \/>\n<meta property=\"article:published_time\" content=\"2025-05-21T18:00:57+00:00\" \/>\n<meta property=\"article:modified_time\" content=\"2025-05-21T22:43:12+00:00\" \/>\n<meta property=\"og:image\" content=\"https:\/\/www.nexoinformativo.mx\/wp-content\/uploads\/2025\/05\/PHOTO-2025-05-21-16-09-02-e1747867324917.jpg\" \/>\n\t<meta property=\"og:image:width\" content=\"701\" \/>\n\t<meta property=\"og:image:height\" content=\"423\" \/>\n\t<meta property=\"og:image:type\" content=\"image\/jpeg\" \/>\n<meta name=\"author\" content=\"Nexo Informativo\" \/>\n<meta name=\"twitter:card\" content=\"summary_large_image\" \/>\n<meta name=\"twitter:label1\" content=\"Escrito por\" \/>\n\t<meta name=\"twitter:data1\" content=\"Nexo Informativo\" \/>\n\t<meta name=\"twitter:label2\" content=\"Tiempo de lectura\" \/>\n\t<meta name=\"twitter:data2\" content=\"2 minutos\" \/>\n<script type=\"application\/ld+json\" class=\"yoast-schema-graph\">{\"@context\":\"https:\/\/schema.org\",\"@graph\":[{\"@type\":\"Article\",\"@id\":\"https:\/\/www.nexoinformativo.mx\/index.php\/2025\/05\/21\/vientos-de-45-km-h-lluvias-en-queretaro-generan-incidentes-proteccion-civil-monitorea\/#article\",\"isPartOf\":{\"@id\":\"https:\/\/www.nexoinformativo.mx\/index.php\/2025\/05\/21\/vientos-de-45-km-h-lluvias-en-queretaro-generan-incidentes-proteccion-civil-monitorea\/\"},\"author\":{\"name\":\"Nexo Informativo\",\"@id\":\"https:\/\/www.nexoinformativo.mx\/#\/schema\/person\/7749d380ba08c8ca00d7bc76fd907b7d\"},\"headline\":\"Vientos de 45 km\/h lluvias en Quer\u00e9taro generan incidentes Protecci\u00f3n Civil monitorea\",\"datePublished\":\"2025-05-21T18:00:57+00:00\",\"dateModified\":\"2025-05-21T22:43:12+00:00\",\"mainEntityOfPage\":{\"@id\":\"https:\/\/www.nexoinformativo.mx\/index.php\/2025\/05\/21\/vientos-de-45-km-h-lluvias-en-queretaro-generan-incidentes-proteccion-civil-monitorea\/\"},\"wordCount\":288,\"commentCount\":0,\"publisher\":{\"@id\":\"https:\/\/www.nexoinformativo.mx\/#organization\"},\"image\":{\"@id\":\"https:\/\/www.nexoinformativo.mx\/index.php\/2025\/05\/21\/vientos-de-45-km-h-lluvias-en-queretaro-generan-incidentes-proteccion-civil-monitorea\/#primaryimage\"},\"thumbnailUrl\":\"https:\/\/www.nexoinformativo.mx\/wp-content\/uploads\/2025\/05\/PHOTO-2025-05-21-16-09-02-e1747867324917.jpg\",\"keywords\":[\"LluviaQro\",\"ProteccionCivilQro\",\"QueretaroSeguro\",\"TemporadaDeLluvias\"],\"articleSection\":[\"Estado\",\"\u00daltima Hora\"],\"inLanguage\":\"es\",\"potentialAction\":[{\"@type\":\"CommentAction\",\"name\":\"Comment\",\"target\":[\"https:\/\/www.nexoinformativo.mx\/index.php\/2025\/05\/21\/vientos-de-45-km-h-lluvias-en-queretaro-generan-incidentes-proteccion-civil-monitorea\/#respond\"]}]},{\"@type\":\"WebPage\",\"@id\":\"https:\/\/www.nexoinformativo.mx\/index.php\/2025\/05\/21\/vientos-de-45-km-h-lluvias-en-queretaro-generan-incidentes-proteccion-civil-monitorea\/\",\"url\":\"https:\/\/www.nexoinformativo.mx\/index.php\/2025\/05\/21\/vientos-de-45-km-h-lluvias-en-queretaro-generan-incidentes-proteccion-civil-monitorea\/\",\"name\":\"Vientos de 45 km\/h lluvias en Quer\u00e9taro generan incidentes Protecci\u00f3n Civil monitorea | Nexo Informativo Santiago de Quer\u00e9taro\",\"isPartOf\":{\"@id\":\"https:\/\/www.nexoinformativo.mx\/#website\"},\"primaryImageOfPage\":{\"@id\":\"https:\/\/www.nexoinformativo.mx\/index.php\/2025\/05\/21\/vientos-de-45-km-h-lluvias-en-queretaro-generan-incidentes-proteccion-civil-monitorea\/#primaryimage\"},\"image\":{\"@id\":\"https:\/\/www.nexoinformativo.mx\/index.php\/2025\/05\/21\/vientos-de-45-km-h-lluvias-en-queretaro-generan-incidentes-proteccion-civil-monitorea\/#primaryimage\"},\"thumbnailUrl\":\"https:\/\/www.nexoinformativo.mx\/wp-content\/uploads\/2025\/05\/PHOTO-2025-05-21-16-09-02-e1747867324917.jpg\",\"datePublished\":\"2025-05-21T18:00:57+00:00\",\"dateModified\":\"2025-05-21T22:43:12+00:00\",\"description\":\"Vientos de 45 km\/h lluvias en Quer\u00e9taro generan incidentes, Protecci\u00f3n Civil monitorea\",\"breadcrumb\":{\"@id\":\"https:\/\/www.nexoinformativo.mx\/index.php\/2025\/05\/21\/vientos-de-45-km-h-lluvias-en-queretaro-generan-incidentes-proteccion-civil-monitorea\/#breadcrumb\"},\"inLanguage\":\"es\",\"potentialAction\":[{\"@type\":\"ReadAction\",\"target\":[\"https:\/\/www.nexoinformativo.mx\/index.php\/2025\/05\/21\/vientos-de-45-km-h-lluvias-en-queretaro-generan-incidentes-proteccion-civil-monitorea\/\"]}]},{\"@type\":\"ImageObject\",\"inLanguage\":\"es\",\"@id\":\"https:\/\/www.nexoinformativo.mx\/index.php\/2025\/05\/21\/vientos-de-45-km-h-lluvias-en-queretaro-generan-incidentes-proteccion-civil-monitorea\/#primaryimage\",\"url\":\"https:\/\/www.nexoinformativo.mx\/wp-content\/uploads\/2025\/05\/PHOTO-2025-05-21-16-09-02-e1747867324917.jpg\",\"contentUrl\":\"https:\/\/www.nexoinformativo.mx\/wp-content\/uploads\/2025\/05\/PHOTO-2025-05-21-16-09-02-e1747867324917.jpg\",\"width\":701,\"height\":423},{\"@type\":\"BreadcrumbList\",\"@id\":\"https:\/\/www.nexoinformativo.mx\/index.php\/2025\/05\/21\/vientos-de-45-km-h-lluvias-en-queretaro-generan-incidentes-proteccion-civil-monitorea\/#breadcrumb\",\"itemListElement\":[{\"@type\":\"ListItem\",\"position\":1,\"name\":\"Inicio\",\"item\":\"https:\/\/www.nexoinformativo.mx\/\"},{\"@type\":\"ListItem\",\"position\":2,\"name\":\"Vientos de 45 km\/h lluvias en Quer\u00e9taro generan incidentes Protecci\u00f3n Civil monitorea\"}]},{\"@type\":\"WebSite\",\"@id\":\"https:\/\/www.nexoinformativo.mx\/#website\",\"url\":\"https:\/\/www.nexoinformativo.mx\/\",\"name\":\"Nexo Informativo Santiago de Quer\u00e9taro\",\"description\":\"Explora NexoInformativo y convi\u00e9rtete en parte de una comunidad que valora el conocimiento y la verdad. Tu nexoinformativo es tu puente hacia una comprensi\u00f3n m\u00e1s profunda del mundo que te rodea.\",\"publisher\":{\"@id\":\"https:\/\/www.nexoinformativo.mx\/#organization\"},\"potentialAction\":[{\"@type\":\"SearchAction\",\"target\":{\"@type\":\"EntryPoint\",\"urlTemplate\":\"https:\/\/www.nexoinformativo.mx\/?s={search_term_string}\"},\"query-input\":{\"@type\":\"PropertyValueSpecification\",\"valueRequired\":true,\"valueName\":\"search_term_string\"}}],\"inLanguage\":\"es\"},{\"@type\":\"Organization\",\"@id\":\"https:\/\/www.nexoinformativo.mx\/#organization\",\"name\":\"Nexo Informativo Santiago de Quer\u00e9taro\",\"url\":\"https:\/\/www.nexoinformativo.mx\/\",\"logo\":{\"@type\":\"ImageObject\",\"inLanguage\":\"es\",\"@id\":\"https:\/\/www.nexoinformativo.mx\/#\/schema\/logo\/image\/\",\"url\":\"https:\/\/www.nexoinformativo.mx\/wp-content\/uploads\/2024\/07\/nexoi-trasparente-2.png\",\"contentUrl\":\"https:\/\/www.nexoinformativo.mx\/wp-content\/uploads\/2024\/07\/nexoi-trasparente-2.png\",\"width\":816,\"height\":339,\"caption\":\"Nexo Informativo Santiago de Quer\u00e9taro\"},\"image\":{\"@id\":\"https:\/\/www.nexoinformativo.mx\/#\/schema\/logo\/image\/\"},\"sameAs\":[\"https:\/\/www.facebook.com\/people\/Nexo-Informativo\/61564066885511\/\"]},{\"@type\":\"Person\",\"@id\":\"https:\/\/www.nexoinformativo.mx\/#\/schema\/person\/7749d380ba08c8ca00d7bc76fd907b7d\",\"name\":\"Nexo Informativo\",\"image\":{\"@type\":\"ImageObject\",\"inLanguage\":\"es\",\"@id\":\"https:\/\/www.nexoinformativo.mx\/#\/schema\/person\/image\/\",\"url\":\"https:\/\/secure.gravatar.com\/avatar\/dde2928154642a13d95f87ddf1ea9718fe2b46760a005c53e41ff5ad610704e6?s=96&d=mm&r=g\",\"contentUrl\":\"https:\/\/secure.gravatar.com\/avatar\/dde2928154642a13d95f87ddf1ea9718fe2b46760a005c53e41ff5ad610704e6?s=96&d=mm&r=g\",\"caption\":\"Nexo Informativo\"},\"url\":\"https:\/\/www.nexoinformativo.mx\/index.php\/author\/edicion\/\"}]}<\/script>\n<!-- \/ Yoast SEO plugin. -->","yoast_head_json":{"title":"Vientos de 45 km\/h lluvias en Quer\u00e9taro generan incidentes Protecci\u00f3n Civil monitorea | Nexo Informativo Santiago de Quer\u00e9taro","description":"Vientos de 45 km\/h lluvias en Quer\u00e9taro generan incidentes, Protecci\u00f3n Civil monitorea","robots":{"index":"index","follow":"follow","max-snippet":"max-snippet:-1","max-image-preview":"max-image-preview:large","max-video-preview":"max-video-preview:-1"},"canonical":"https:\/\/www.nexoinformativo.mx\/index.php\/2025\/05\/21\/vientos-de-45-km-h-lluvias-en-queretaro-generan-incidentes-proteccion-civil-monitorea\/","og_locale":"es_MX","og_type":"article","og_title":"Vientos de 45 km\/h lluvias en Quer\u00e9taro generan incidentes Protecci\u00f3n Civil monitorea | Nexo Informativo Santiago de Quer\u00e9taro","og_description":"Vientos de 45 km\/h lluvias en Quer\u00e9taro generan incidentes, Protecci\u00f3n Civil monitorea","og_url":"https:\/\/www.nexoinformativo.mx\/index.php\/2025\/05\/21\/vientos-de-45-km-h-lluvias-en-queretaro-generan-incidentes-proteccion-civil-monitorea\/","og_site_name":"Nexo Informativo Santiago de Quer\u00e9taro","article_publisher":"https:\/\/www.facebook.com\/people\/Nexo-Informativo\/61564066885511\/","article_published_time":"2025-05-21T18:00:57+00:00","article_modified_time":"2025-05-21T22:43:12+00:00","og_image":[{"width":701,"height":423,"url":"https:\/\/www.nexoinformativo.mx\/wp-content\/uploads\/2025\/05\/PHOTO-2025-05-21-16-09-02-e1747867324917.jpg","type":"image\/jpeg"}],"author":"Nexo Informativo","twitter_card":"summary_large_image","twitter_misc":{"Escrito por":"Nexo Informativo","Tiempo de lectura":"2 minutos"},"schema":{"@context":"https:\/\/schema.org","@graph":[{"@type":"Article","@id":"https:\/\/www.nexoinformativo.mx\/index.php\/2025\/05\/21\/vientos-de-45-km-h-lluvias-en-queretaro-generan-incidentes-proteccion-civil-monitorea\/#article","isPartOf":{"@id":"https:\/\/www.nexoinformativo.mx\/index.php\/2025\/05\/21\/vientos-de-45-km-h-lluvias-en-queretaro-generan-incidentes-proteccion-civil-monitorea\/"},"author":{"name":"Nexo Informativo","@id":"https:\/\/www.nexoinformativo.mx\/#\/schema\/person\/7749d380ba08c8ca00d7bc76fd907b7d"},"headline":"Vientos de 45 km\/h lluvias en Quer\u00e9taro generan incidentes Protecci\u00f3n Civil monitorea","datePublished":"2025-05-21T18:00:57+00:00","dateModified":"2025-05-21T22:43:12+00:00","mainEntityOfPage":{"@id":"https:\/\/www.nexoinformativo.mx\/index.php\/2025\/05\/21\/vientos-de-45-km-h-lluvias-en-queretaro-generan-incidentes-proteccion-civil-monitorea\/"},"wordCount":288,"commentCount":0,"publisher":{"@id":"https:\/\/www.nexoinformativo.mx\/#organization"},"image":{"@id":"https:\/\/www.nexoinformativo.mx\/index.php\/2025\/05\/21\/vientos-de-45-km-h-lluvias-en-queretaro-generan-incidentes-proteccion-civil-monitorea\/#primaryimage"},"thumbnailUrl":"https:\/\/www.nexoinformativo.mx\/wp-content\/uploads\/2025\/05\/PHOTO-2025-05-21-16-09-02-e1747867324917.jpg","keywords":["LluviaQro","ProteccionCivilQro","QueretaroSeguro","TemporadaDeLluvias"],"articleSection":["Estado","\u00daltima Hora"],"inLanguage":"es","potentialAction":[{"@type":"CommentAction","name":"Comment","target":["https:\/\/www.nexoinformativo.mx\/index.php\/2025\/05\/21\/vientos-de-45-km-h-lluvias-en-queretaro-generan-incidentes-proteccion-civil-monitorea\/#respond"]}]},{"@type":"WebPage","@id":"https:\/\/www.nexoinformativo.mx\/index.php\/2025\/05\/21\/vientos-de-45-km-h-lluvias-en-queretaro-generan-incidentes-proteccion-civil-monitorea\/","url":"https:\/\/www.nexoinformativo.mx\/index.php\/2025\/05\/21\/vientos-de-45-km-h-lluvias-en-queretaro-generan-incidentes-proteccion-civil-monitorea\/","name":"Vientos de 45 km\/h lluvias en Quer\u00e9taro generan incidentes Protecci\u00f3n Civil monitorea | Nexo Informativo Santiago de Quer\u00e9taro","isPartOf":{"@id":"https:\/\/www.nexoinformativo.mx\/#website"},"primaryImageOfPage":{"@id":"https:\/\/www.nexoinformativo.mx\/index.php\/2025\/05\/21\/vientos-de-45-km-h-lluvias-en-queretaro-generan-incidentes-proteccion-civil-monitorea\/#primaryimage"},"image":{"@id":"https:\/\/www.nexoinformativo.mx\/index.php\/2025\/05\/21\/vientos-de-45-km-h-lluvias-en-queretaro-generan-incidentes-proteccion-civil-monitorea\/#primaryimage"},"thumbnailUrl":"https:\/\/www.nexoinformativo.mx\/wp-content\/uploads\/2025\/05\/PHOTO-2025-05-21-16-09-02-e1747867324917.jpg","datePublished":"2025-05-21T18:00:57+00:00","dateModified":"2025-05-21T22:43:12+00:00","description":"Vientos de 45 km\/h lluvias en Quer\u00e9taro generan incidentes, Protecci\u00f3n Civil monitorea","breadcrumb":{"@id":"https:\/\/www.nexoinformativo.mx\/index.php\/2025\/05\/21\/vientos-de-45-km-h-lluvias-en-queretaro-generan-incidentes-proteccion-civil-monitorea\/#breadcrumb"},"inLanguage":"es","potentialAction":[{"@type":"ReadAction","target":["https:\/\/www.nexoinformativo.mx\/index.php\/2025\/05\/21\/vientos-de-45-km-h-lluvias-en-queretaro-generan-incidentes-proteccion-civil-monitorea\/"]}]},{"@type":"ImageObject","inLanguage":"es","@id":"https:\/\/www.nexoinformativo.mx\/index.php\/2025\/05\/21\/vientos-de-45-km-h-lluvias-en-queretaro-generan-incidentes-proteccion-civil-monitorea\/#primaryimage","url":"https:\/\/www.nexoinformativo.mx\/wp-content\/uploads\/2025\/05\/PHOTO-2025-05-21-16-09-02-e1747867324917.jpg","contentUrl":"https:\/\/www.nexoinformativo.mx\/wp-content\/uploads\/2025\/05\/PHOTO-2025-05-21-16-09-02-e1747867324917.jpg","width":701,"height":423},{"@type":"BreadcrumbList","@id":"https:\/\/www.nexoinformativo.mx\/index.php\/2025\/05\/21\/vientos-de-45-km-h-lluvias-en-queretaro-generan-incidentes-proteccion-civil-monitorea\/#breadcrumb","itemListElement":[{"@type":"ListItem","position":1,"name":"Inicio","item":"https:\/\/www.nexoinformativo.mx\/"},{"@type":"ListItem","position":2,"name":"Vientos de 45 km\/h lluvias en Quer\u00e9taro generan incidentes Protecci\u00f3n Civil monitorea"}]},{"@type":"WebSite","@id":"https:\/\/www.nexoinformativo.mx\/#website","url":"https:\/\/www.nexoinformativo.mx\/","name":"Nexo Informativo Santiago de Quer\u00e9taro","description":"Explora NexoInformativo y convi\u00e9rtete en parte de una comunidad que valora el conocimiento y la verdad. Tu nexoinformativo es tu puente hacia una comprensi\u00f3n m\u00e1s profunda del mundo que te rodea.","publisher":{"@id":"https:\/\/www.nexoinformativo.mx\/#organization"},"potentialAction":[{"@type":"SearchAction","target":{"@type":"EntryPoint","urlTemplate":"https:\/\/www.nexoinformativo.mx\/?s={search_term_string}"},"query-input":{"@type":"PropertyValueSpecification","valueRequired":true,"valueName":"search_term_string"}}],"inLanguage":"es"},{"@type":"Organization","@id":"https:\/\/www.nexoinformativo.mx\/#organization","name":"Nexo Informativo Santiago de Quer\u00e9taro","url":"https:\/\/www.nexoinformativo.mx\/","logo":{"@type":"ImageObject","inLanguage":"es","@id":"https:\/\/www.nexoinformativo.mx\/#\/schema\/logo\/image\/","url":"https:\/\/www.nexoinformativo.mx\/wp-content\/uploads\/2024\/07\/nexoi-trasparente-2.png","contentUrl":"https:\/\/www.nexoinformativo.mx\/wp-content\/uploads\/2024\/07\/nexoi-trasparente-2.png","width":816,"height":339,"caption":"Nexo Informativo Santiago de Quer\u00e9taro"},"image":{"@id":"https:\/\/www.nexoinformativo.mx\/#\/schema\/logo\/image\/"},"sameAs":["https:\/\/www.facebook.com\/people\/Nexo-Informativo\/61564066885511\/"]},{"@type":"Person","@id":"https:\/\/www.nexoinformativo.mx\/#\/schema\/person\/7749d380ba08c8ca00d7bc76fd907b7d","name":"Nexo Informativo","image":{"@type":"ImageObject","inLanguage":"es","@id":"https:\/\/www.nexoinformativo.mx\/#\/schema\/person\/image\/","url":"https:\/\/secure.gravatar.com\/avatar\/dde2928154642a13d95f87ddf1ea9718fe2b46760a005c53e41ff5ad610704e6?s=96&d=mm&r=g","contentUrl":"https:\/\/secure.gravatar.com\/avatar\/dde2928154642a13d95f87ddf1ea9718fe2b46760a005c53e41ff5ad610704e6?s=96&d=mm&r=g","caption":"Nexo Informativo"},"url":"https:\/\/www.nexoinformativo.mx\/index.php\/author\/edicion\/"}]}},"_links":{"self":[{"href":"https:\/\/www.nexoinformativo.mx\/index.php\/wp-json\/wp\/v2\/posts\/15090","targetHints":{"allow":["GET"]}}],"collection":[{"href":"https:\/\/www.nexoinformativo.mx\/index.php\/wp-json\/wp\/v2\/posts"}],"about":[{"href":"https:\/\/www.nexoinformativo.mx\/index.php\/wp-json\/wp\/v2\/types\/post"}],"author":[{"embeddable":true,"href":"https:\/\/www.nexoinformativo.mx\/index.php\/wp-json\/wp\/v2\/users\/3"}],"replies":[{"embeddable":true,"href":"https:\/\/www.nexoinformativo.mx\/index.php\/wp-json\/wp\/v2\/comments?post=15090"}],"version-history":[{"count":4,"href":"https:\/\/www.nexoinformativo.mx\/index.php\/wp-json\/wp\/v2\/posts\/15090\/revisions"}],"predecessor-version":[{"id":15095,"href":"https:\/\/www.nexoinformativo.mx\/index.php\/wp-json\/wp\/v2\/posts\/15090\/revisions\/15095"}],"wp:featuredmedia":[{"embeddable":true,"href":"https:\/\/www.nexoinformativo.mx\/index.php\/wp-json\/wp\/v2\/media\/15091"}],"wp:attachment":[{"href":"https:\/\/www.nexoinformativo.mx\/index.php\/wp-json\/wp\/v2\/media?parent=15090"}],"wp:term":[{"taxonomy":"category","embeddable":true,"href":"https:\/\/www.nexoinformativo.mx\/index.php\/wp-json\/wp\/v2\/categories?post=15090"},{"taxonomy":"post_tag","embeddable":true,"href":"https:\/\/www.nexoinformativo.mx\/index.php\/wp-json\/wp\/v2\/tags?post=15090"}],"curies":[{"name":"wp","href":"https:\/\/api.w.org\/{rel}","templated":true}]}}