{"id":15096,"date":"2025-05-21T13:00:16","date_gmt":"2025-05-21T19:00:16","guid":{"rendered":"https:\/\/www.nexoinformativo.mx\/?p=15096"},"modified":"2025-05-21T16:48:16","modified_gmt":"2025-05-21T22:48:16","slug":"misterio-en-grafiteros-de-queretaro-felifer-macias-apunta-a-posible-mano-negra-tras-agresion-a-comerciante","status":"publish","type":"post","link":"https:\/\/www.nexoinformativo.mx\/index.php\/2025\/05\/21\/misterio-en-grafiteros-de-queretaro-felifer-macias-apunta-a-posible-mano-negra-tras-agresion-a-comerciante\/","title":{"rendered":"Misterio en grafiteros de Quer\u00e9taro Felifer Mac\u00edas apunta a posible &#8220;mano negra&#8221; tras agresi\u00f3n a comerciante"},"content":{"rendered":"<p style=\"text-align: justify;\" data-sourcepos=\"3:1-3:339\">El alcalde de Quer\u00e9taro, Felifer Mac\u00edas, sugiri\u00f3 que los j\u00f3venes que realizaron pintas y agredieron a un comerciante en el andador Matamoros podr\u00edan haber sido enviados por personas ajenas al movimiento de arte urbano.<\/p>\n<\/p>\n<p>&nbsp;<\/p>\n<p style=\"text-align: justify;\" data-sourcepos=\"5:1-5:330\">Esta declaraci\u00f3n surge despu\u00e9s de la viralizaci\u00f3n de un video donde se observa a uno de los j\u00f3venes agredir al locatario. A ra\u00edz del incidente, se orden\u00f3 de inmediato la limpieza de los grafitis y se iniciaron mesas de di\u00e1logo con colectivos de arte urbano, coordinadas por la secretaria de Cultura municipal, Daniela Salgado.<\/p>\n<\/p>\n<p>&nbsp;<\/p>\n<p style=\"text-align: justify;\" data-sourcepos=\"7:1-7:220\">&#8220;Los propios colectivos nos comentaron que no reconocen a estas personas, y que probablemente fueron enviadas por alguien externo, sin relaci\u00f3n con el proceso de di\u00e1logo que se ha venido trabajando&#8221;, explic\u00f3 el edil.<\/p>\n<\/p>\n<p>&nbsp;<\/p>\n<p style=\"text-align: justify;\" data-sourcepos=\"9:1-9:275\">En estas mesas de di\u00e1logo tambi\u00e9n participa el superintendente del Centro Hist\u00f3rico, Marco \u00c1lvarez Malo, con la meta de habilitar espacios seguros para la expresi\u00f3n art\u00edstica de los grafiteros, buscando un equilibrio entre el arte urbano y la conservaci\u00f3n del patrimonio.<\/p>\n<\/p>\n<p>&nbsp;<\/p>\n<p style=\"text-align: justify;\" data-sourcepos=\"11:1-11:268\">Las autoridades municipales confirmaron que los j\u00f3venes involucrados en el incidente no contaban con permisos para intervenir los muros, y que los colectivos de arte urbano se deslindaron por completo de sus acciones, apoyando la tesis de una posible infiltraci\u00f3n.<\/p>\n<\/p>\n<p>&nbsp;<\/p>\n<p style=\"text-align: center;\" data-sourcepos=\"11:1-11:268\"><em><strong>\u00a1Informaci\u00f3n que transforma!<\/strong><\/em><\/p>\n","protected":false},"excerpt":{"rendered":"<p>El alcalde de Quer\u00e9taro, Felifer Mac\u00edas, sugiri\u00f3 que los j\u00f3venes que realizaron pintas y agredieron a un comerciante en el andador Matamoros podr\u00edan haber sido enviados por personas ajenas al movimiento de arte urbano.<\/p>\n","protected":false},"author":3,"featured_media":15097,"comment_status":"open","ping_status":"open","sticky":false,"template":"","format":"standard","meta":{"footnotes":""},"categories":[65,137,58],"tags":[267,1000,4520,4521],"class_list":["post-15096","post","type-post","status-publish","format-standard","has-post-thumbnail","hentry","category-municipios","category-sucesos","category-ultima-hora","tag-centrohistoricoqro","tag-felifermacias","tag-grafiterosqro","tag-vandalismoqueretaro"],"yoast_head":"<!-- This site is optimized with the Yoast SEO plugin v25.0 - https:\/\/yoast.com\/wordpress\/plugins\/seo\/ -->\n<title>Misterio en grafiteros de Quer\u00e9taro Felifer Mac\u00edas apunta a posible &quot;mano negra&quot; tras agresi\u00f3n a comerciante | Nexo Informativo Santiago de Quer\u00e9taro<\/title>\n<meta name=\"description\" content=\"Misterio en grafiteros de Quer\u00e9taro Felifer Mac\u00edas apunta a posible &quot;mano negra&quot; tras agresi\u00f3n a comerciante\" \/>\n<meta name=\"robots\" content=\"index, follow, max-snippet:-1, max-image-preview:large, max-video-preview:-1\" \/>\n<link rel=\"canonical\" href=\"https:\/\/www.nexoinformativo.mx\/index.php\/2025\/05\/21\/misterio-en-grafiteros-de-queretaro-felifer-macias-apunta-a-posible-mano-negra-tras-agresion-a-comerciante\/\" \/>\n<meta property=\"og:locale\" content=\"es_MX\" \/>\n<meta property=\"og:type\" content=\"article\" \/>\n<meta property=\"og:title\" content=\"Misterio en grafiteros de Quer\u00e9taro Felifer Mac\u00edas apunta a posible &quot;mano negra&quot; tras agresi\u00f3n a comerciante | Nexo Informativo Santiago de Quer\u00e9taro\" \/>\n<meta property=\"og:description\" content=\"Misterio en grafiteros de Quer\u00e9taro Felifer Mac\u00edas apunta a posible &quot;mano negra&quot; tras agresi\u00f3n a comerciante\" \/>\n<meta property=\"og:url\" content=\"https:\/\/www.nexoinformativo.mx\/index.php\/2025\/05\/21\/misterio-en-grafiteros-de-queretaro-felifer-macias-apunta-a-posible-mano-negra-tras-agresion-a-comerciante\/\" \/>\n<meta property=\"og:site_name\" content=\"Nexo Informativo Santiago de Quer\u00e9taro\" \/>\n<meta property=\"article:publisher\" content=\"https:\/\/www.facebook.com\/people\/Nexo-Informativo\/61564066885511\/\" \/>\n<meta property=\"article:published_time\" content=\"2025-05-21T19:00:16+00:00\" \/>\n<meta property=\"article:modified_time\" content=\"2025-05-21T22:48:16+00:00\" \/>\n<meta property=\"og:image\" content=\"https:\/\/www.nexoinformativo.mx\/wp-content\/uploads\/2025\/05\/PHOTO-2025-05-21-16-09-02-2-e1747867639437.jpg\" \/>\n\t<meta property=\"og:image:width\" content=\"735\" \/>\n\t<meta property=\"og:image:height\" content=\"1173\" \/>\n\t<meta property=\"og:image:type\" content=\"image\/jpeg\" \/>\n<meta name=\"author\" content=\"Nexo Informativo\" \/>\n<meta name=\"twitter:card\" content=\"summary_large_image\" \/>\n<meta name=\"twitter:label1\" content=\"Escrito por\" \/>\n\t<meta name=\"twitter:data1\" content=\"Nexo Informativo\" \/>\n\t<meta name=\"twitter:label2\" content=\"Tiempo de lectura\" \/>\n\t<meta name=\"twitter:data2\" content=\"2 minutos\" \/>\n<script type=\"application\/ld+json\" class=\"yoast-schema-graph\">{\"@context\":\"https:\/\/schema.org\",\"@graph\":[{\"@type\":\"Article\",\"@id\":\"https:\/\/www.nexoinformativo.mx\/index.php\/2025\/05\/21\/misterio-en-grafiteros-de-queretaro-felifer-macias-apunta-a-posible-mano-negra-tras-agresion-a-comerciante\/#article\",\"isPartOf\":{\"@id\":\"https:\/\/www.nexoinformativo.mx\/index.php\/2025\/05\/21\/misterio-en-grafiteros-de-queretaro-felifer-macias-apunta-a-posible-mano-negra-tras-agresion-a-comerciante\/\"},\"author\":{\"name\":\"Nexo Informativo\",\"@id\":\"https:\/\/www.nexoinformativo.mx\/#\/schema\/person\/7749d380ba08c8ca00d7bc76fd907b7d\"},\"headline\":\"Misterio en grafiteros de Quer\u00e9taro Felifer Mac\u00edas apunta a posible &#8220;mano negra&#8221; tras agresi\u00f3n a comerciante\",\"datePublished\":\"2025-05-21T19:00:16+00:00\",\"dateModified\":\"2025-05-21T22:48:16+00:00\",\"mainEntityOfPage\":{\"@id\":\"https:\/\/www.nexoinformativo.mx\/index.php\/2025\/05\/21\/misterio-en-grafiteros-de-queretaro-felifer-macias-apunta-a-posible-mano-negra-tras-agresion-a-comerciante\/\"},\"wordCount\":251,\"commentCount\":0,\"publisher\":{\"@id\":\"https:\/\/www.nexoinformativo.mx\/#organization\"},\"image\":{\"@id\":\"https:\/\/www.nexoinformativo.mx\/index.php\/2025\/05\/21\/misterio-en-grafiteros-de-queretaro-felifer-macias-apunta-a-posible-mano-negra-tras-agresion-a-comerciante\/#primaryimage\"},\"thumbnailUrl\":\"https:\/\/www.nexoinformativo.mx\/wp-content\/uploads\/2025\/05\/PHOTO-2025-05-21-16-09-02-2-e1747867639437.jpg\",\"keywords\":[\"CentroHistoricoQro\",\"FeliferMac\u00edas\",\"GrafiterosQro\",\"VandalismoQuer\u00e9taro\"],\"articleSection\":[\"Municipios\",\"Sucesos\",\"\u00daltima Hora\"],\"inLanguage\":\"es\",\"potentialAction\":[{\"@type\":\"CommentAction\",\"name\":\"Comment\",\"target\":[\"https:\/\/www.nexoinformativo.mx\/index.php\/2025\/05\/21\/misterio-en-grafiteros-de-queretaro-felifer-macias-apunta-a-posible-mano-negra-tras-agresion-a-comerciante\/#respond\"]}]},{\"@type\":\"WebPage\",\"@id\":\"https:\/\/www.nexoinformativo.mx\/index.php\/2025\/05\/21\/misterio-en-grafiteros-de-queretaro-felifer-macias-apunta-a-posible-mano-negra-tras-agresion-a-comerciante\/\",\"url\":\"https:\/\/www.nexoinformativo.mx\/index.php\/2025\/05\/21\/misterio-en-grafiteros-de-queretaro-felifer-macias-apunta-a-posible-mano-negra-tras-agresion-a-comerciante\/\",\"name\":\"Misterio en grafiteros de Quer\u00e9taro Felifer Mac\u00edas apunta a posible \\\"mano negra\\\" tras agresi\u00f3n a comerciante | Nexo Informativo Santiago de Quer\u00e9taro\",\"isPartOf\":{\"@id\":\"https:\/\/www.nexoinformativo.mx\/#website\"},\"primaryImageOfPage\":{\"@id\":\"https:\/\/www.nexoinformativo.mx\/index.php\/2025\/05\/21\/misterio-en-grafiteros-de-queretaro-felifer-macias-apunta-a-posible-mano-negra-tras-agresion-a-comerciante\/#primaryimage\"},\"image\":{\"@id\":\"https:\/\/www.nexoinformativo.mx\/index.php\/2025\/05\/21\/misterio-en-grafiteros-de-queretaro-felifer-macias-apunta-a-posible-mano-negra-tras-agresion-a-comerciante\/#primaryimage\"},\"thumbnailUrl\":\"https:\/\/www.nexoinformativo.mx\/wp-content\/uploads\/2025\/05\/PHOTO-2025-05-21-16-09-02-2-e1747867639437.jpg\",\"datePublished\":\"2025-05-21T19:00:16+00:00\",\"dateModified\":\"2025-05-21T22:48:16+00:00\",\"description\":\"Misterio en grafiteros de Quer\u00e9taro Felifer Mac\u00edas apunta a posible \\\"mano negra\\\" tras agresi\u00f3n a comerciante\",\"breadcrumb\":{\"@id\":\"https:\/\/www.nexoinformativo.mx\/index.php\/2025\/05\/21\/misterio-en-grafiteros-de-queretaro-felifer-macias-apunta-a-posible-mano-negra-tras-agresion-a-comerciante\/#breadcrumb\"},\"inLanguage\":\"es\",\"potentialAction\":[{\"@type\":\"ReadAction\",\"target\":[\"https:\/\/www.nexoinformativo.mx\/index.php\/2025\/05\/21\/misterio-en-grafiteros-de-queretaro-felifer-macias-apunta-a-posible-mano-negra-tras-agresion-a-comerciante\/\"]}]},{\"@type\":\"ImageObject\",\"inLanguage\":\"es\",\"@id\":\"https:\/\/www.nexoinformativo.mx\/index.php\/2025\/05\/21\/misterio-en-grafiteros-de-queretaro-felifer-macias-apunta-a-posible-mano-negra-tras-agresion-a-comerciante\/#primaryimage\",\"url\":\"https:\/\/www.nexoinformativo.mx\/wp-content\/uploads\/2025\/05\/PHOTO-2025-05-21-16-09-02-2-e1747867639437.jpg\",\"contentUrl\":\"https:\/\/www.nexoinformativo.mx\/wp-content\/uploads\/2025\/05\/PHOTO-2025-05-21-16-09-02-2-e1747867639437.jpg\",\"width\":735,\"height\":1173},{\"@type\":\"BreadcrumbList\",\"@id\":\"https:\/\/www.nexoinformativo.mx\/index.php\/2025\/05\/21\/misterio-en-grafiteros-de-queretaro-felifer-macias-apunta-a-posible-mano-negra-tras-agresion-a-comerciante\/#breadcrumb\",\"itemListElement\":[{\"@type\":\"ListItem\",\"position\":1,\"name\":\"Inicio\",\"item\":\"https:\/\/www.nexoinformativo.mx\/\"},{\"@type\":\"ListItem\",\"position\":2,\"name\":\"Misterio en grafiteros de Quer\u00e9taro Felifer Mac\u00edas apunta a posible &#8220;mano negra&#8221; tras agresi\u00f3n a comerciante\"}]},{\"@type\":\"WebSite\",\"@id\":\"https:\/\/www.nexoinformativo.mx\/#website\",\"url\":\"https:\/\/www.nexoinformativo.mx\/\",\"name\":\"Nexo Informativo Santiago de Quer\u00e9taro\",\"description\":\"Explora NexoInformativo y convi\u00e9rtete en parte de una comunidad que valora el conocimiento y la verdad. Tu nexoinformativo es tu puente hacia una comprensi\u00f3n m\u00e1s profunda del mundo que te rodea.\",\"publisher\":{\"@id\":\"https:\/\/www.nexoinformativo.mx\/#organization\"},\"potentialAction\":[{\"@type\":\"SearchAction\",\"target\":{\"@type\":\"EntryPoint\",\"urlTemplate\":\"https:\/\/www.nexoinformativo.mx\/?s={search_term_string}\"},\"query-input\":{\"@type\":\"PropertyValueSpecification\",\"valueRequired\":true,\"valueName\":\"search_term_string\"}}],\"inLanguage\":\"es\"},{\"@type\":\"Organization\",\"@id\":\"https:\/\/www.nexoinformativo.mx\/#organization\",\"name\":\"Nexo Informativo Santiago de Quer\u00e9taro\",\"url\":\"https:\/\/www.nexoinformativo.mx\/\",\"logo\":{\"@type\":\"ImageObject\",\"inLanguage\":\"es\",\"@id\":\"https:\/\/www.nexoinformativo.mx\/#\/schema\/logo\/image\/\",\"url\":\"https:\/\/www.nexoinformativo.mx\/wp-content\/uploads\/2024\/07\/nexoi-trasparente-2.png\",\"contentUrl\":\"https:\/\/www.nexoinformativo.mx\/wp-content\/uploads\/2024\/07\/nexoi-trasparente-2.png\",\"width\":816,\"height\":339,\"caption\":\"Nexo Informativo Santiago de Quer\u00e9taro\"},\"image\":{\"@id\":\"https:\/\/www.nexoinformativo.mx\/#\/schema\/logo\/image\/\"},\"sameAs\":[\"https:\/\/www.facebook.com\/people\/Nexo-Informativo\/61564066885511\/\"]},{\"@type\":\"Person\",\"@id\":\"https:\/\/www.nexoinformativo.mx\/#\/schema\/person\/7749d380ba08c8ca00d7bc76fd907b7d\",\"name\":\"Nexo Informativo\",\"image\":{\"@type\":\"ImageObject\",\"inLanguage\":\"es\",\"@id\":\"https:\/\/www.nexoinformativo.mx\/#\/schema\/person\/image\/\",\"url\":\"https:\/\/secure.gravatar.com\/avatar\/dde2928154642a13d95f87ddf1ea9718fe2b46760a005c53e41ff5ad610704e6?s=96&d=mm&r=g\",\"contentUrl\":\"https:\/\/secure.gravatar.com\/avatar\/dde2928154642a13d95f87ddf1ea9718fe2b46760a005c53e41ff5ad610704e6?s=96&d=mm&r=g\",\"caption\":\"Nexo Informativo\"},\"url\":\"https:\/\/www.nexoinformativo.mx\/index.php\/author\/edicion\/\"}]}<\/script>\n<!-- \/ Yoast SEO plugin. -->","yoast_head_json":{"title":"Misterio en grafiteros de Quer\u00e9taro Felifer Mac\u00edas apunta a posible \"mano negra\" tras agresi\u00f3n a comerciante | Nexo Informativo Santiago de Quer\u00e9taro","description":"Misterio en grafiteros de Quer\u00e9taro Felifer Mac\u00edas apunta a posible \"mano negra\" tras agresi\u00f3n a comerciante","robots":{"index":"index","follow":"follow","max-snippet":"max-snippet:-1","max-image-preview":"max-image-preview:large","max-video-preview":"max-video-preview:-1"},"canonical":"https:\/\/www.nexoinformativo.mx\/index.php\/2025\/05\/21\/misterio-en-grafiteros-de-queretaro-felifer-macias-apunta-a-posible-mano-negra-tras-agresion-a-comerciante\/","og_locale":"es_MX","og_type":"article","og_title":"Misterio en grafiteros de Quer\u00e9taro Felifer Mac\u00edas apunta a posible \"mano negra\" tras agresi\u00f3n a comerciante | Nexo Informativo Santiago de Quer\u00e9taro","og_description":"Misterio en grafiteros de Quer\u00e9taro Felifer Mac\u00edas apunta a posible \"mano negra\" tras agresi\u00f3n a comerciante","og_url":"https:\/\/www.nexoinformativo.mx\/index.php\/2025\/05\/21\/misterio-en-grafiteros-de-queretaro-felifer-macias-apunta-a-posible-mano-negra-tras-agresion-a-comerciante\/","og_site_name":"Nexo Informativo Santiago de Quer\u00e9taro","article_publisher":"https:\/\/www.facebook.com\/people\/Nexo-Informativo\/61564066885511\/","article_published_time":"2025-05-21T19:00:16+00:00","article_modified_time":"2025-05-21T22:48:16+00:00","og_image":[{"width":735,"height":1173,"url":"https:\/\/www.nexoinformativo.mx\/wp-content\/uploads\/2025\/05\/PHOTO-2025-05-21-16-09-02-2-e1747867639437.jpg","type":"image\/jpeg"}],"author":"Nexo Informativo","twitter_card":"summary_large_image","twitter_misc":{"Escrito por":"Nexo Informativo","Tiempo de lectura":"2 minutos"},"schema":{"@context":"https:\/\/schema.org","@graph":[{"@type":"Article","@id":"https:\/\/www.nexoinformativo.mx\/index.php\/2025\/05\/21\/misterio-en-grafiteros-de-queretaro-felifer-macias-apunta-a-posible-mano-negra-tras-agresion-a-comerciante\/#article","isPartOf":{"@id":"https:\/\/www.nexoinformativo.mx\/index.php\/2025\/05\/21\/misterio-en-grafiteros-de-queretaro-felifer-macias-apunta-a-posible-mano-negra-tras-agresion-a-comerciante\/"},"author":{"name":"Nexo Informativo","@id":"https:\/\/www.nexoinformativo.mx\/#\/schema\/person\/7749d380ba08c8ca00d7bc76fd907b7d"},"headline":"Misterio en grafiteros de Quer\u00e9taro Felifer Mac\u00edas apunta a posible &#8220;mano negra&#8221; tras agresi\u00f3n a comerciante","datePublished":"2025-05-21T19:00:16+00:00","dateModified":"2025-05-21T22:48:16+00:00","mainEntityOfPage":{"@id":"https:\/\/www.nexoinformativo.mx\/index.php\/2025\/05\/21\/misterio-en-grafiteros-de-queretaro-felifer-macias-apunta-a-posible-mano-negra-tras-agresion-a-comerciante\/"},"wordCount":251,"commentCount":0,"publisher":{"@id":"https:\/\/www.nexoinformativo.mx\/#organization"},"image":{"@id":"https:\/\/www.nexoinformativo.mx\/index.php\/2025\/05\/21\/misterio-en-grafiteros-de-queretaro-felifer-macias-apunta-a-posible-mano-negra-tras-agresion-a-comerciante\/#primaryimage"},"thumbnailUrl":"https:\/\/www.nexoinformativo.mx\/wp-content\/uploads\/2025\/05\/PHOTO-2025-05-21-16-09-02-2-e1747867639437.jpg","keywords":["CentroHistoricoQro","FeliferMac\u00edas","GrafiterosQro","VandalismoQuer\u00e9taro"],"articleSection":["Municipios","Sucesos","\u00daltima Hora"],"inLanguage":"es","potentialAction":[{"@type":"CommentAction","name":"Comment","target":["https:\/\/www.nexoinformativo.mx\/index.php\/2025\/05\/21\/misterio-en-grafiteros-de-queretaro-felifer-macias-apunta-a-posible-mano-negra-tras-agresion-a-comerciante\/#respond"]}]},{"@type":"WebPage","@id":"https:\/\/www.nexoinformativo.mx\/index.php\/2025\/05\/21\/misterio-en-grafiteros-de-queretaro-felifer-macias-apunta-a-posible-mano-negra-tras-agresion-a-comerciante\/","url":"https:\/\/www.nexoinformativo.mx\/index.php\/2025\/05\/21\/misterio-en-grafiteros-de-queretaro-felifer-macias-apunta-a-posible-mano-negra-tras-agresion-a-comerciante\/","name":"Misterio en grafiteros de Quer\u00e9taro Felifer Mac\u00edas apunta a posible \"mano negra\" tras agresi\u00f3n a comerciante | Nexo Informativo Santiago de Quer\u00e9taro","isPartOf":{"@id":"https:\/\/www.nexoinformativo.mx\/#website"},"primaryImageOfPage":{"@id":"https:\/\/www.nexoinformativo.mx\/index.php\/2025\/05\/21\/misterio-en-grafiteros-de-queretaro-felifer-macias-apunta-a-posible-mano-negra-tras-agresion-a-comerciante\/#primaryimage"},"image":{"@id":"https:\/\/www.nexoinformativo.mx\/index.php\/2025\/05\/21\/misterio-en-grafiteros-de-queretaro-felifer-macias-apunta-a-posible-mano-negra-tras-agresion-a-comerciante\/#primaryimage"},"thumbnailUrl":"https:\/\/www.nexoinformativo.mx\/wp-content\/uploads\/2025\/05\/PHOTO-2025-05-21-16-09-02-2-e1747867639437.jpg","datePublished":"2025-05-21T19:00:16+00:00","dateModified":"2025-05-21T22:48:16+00:00","description":"Misterio en grafiteros de Quer\u00e9taro Felifer Mac\u00edas apunta a posible \"mano negra\" tras agresi\u00f3n a comerciante","breadcrumb":{"@id":"https:\/\/www.nexoinformativo.mx\/index.php\/2025\/05\/21\/misterio-en-grafiteros-de-queretaro-felifer-macias-apunta-a-posible-mano-negra-tras-agresion-a-comerciante\/#breadcrumb"},"inLanguage":"es","potentialAction":[{"@type":"ReadAction","target":["https:\/\/www.nexoinformativo.mx\/index.php\/2025\/05\/21\/misterio-en-grafiteros-de-queretaro-felifer-macias-apunta-a-posible-mano-negra-tras-agresion-a-comerciante\/"]}]},{"@type":"ImageObject","inLanguage":"es","@id":"https:\/\/www.nexoinformativo.mx\/index.php\/2025\/05\/21\/misterio-en-grafiteros-de-queretaro-felifer-macias-apunta-a-posible-mano-negra-tras-agresion-a-comerciante\/#primaryimage","url":"https:\/\/www.nexoinformativo.mx\/wp-content\/uploads\/2025\/05\/PHOTO-2025-05-21-16-09-02-2-e1747867639437.jpg","contentUrl":"https:\/\/www.nexoinformativo.mx\/wp-content\/uploads\/2025\/05\/PHOTO-2025-05-21-16-09-02-2-e1747867639437.jpg","width":735,"height":1173},{"@type":"BreadcrumbList","@id":"https:\/\/www.nexoinformativo.mx\/index.php\/2025\/05\/21\/misterio-en-grafiteros-de-queretaro-felifer-macias-apunta-a-posible-mano-negra-tras-agresion-a-comerciante\/#breadcrumb","itemListElement":[{"@type":"ListItem","position":1,"name":"Inicio","item":"https:\/\/www.nexoinformativo.mx\/"},{"@type":"ListItem","position":2,"name":"Misterio en grafiteros de Quer\u00e9taro Felifer Mac\u00edas apunta a posible &#8220;mano negra&#8221; tras agresi\u00f3n a comerciante"}]},{"@type":"WebSite","@id":"https:\/\/www.nexoinformativo.mx\/#website","url":"https:\/\/www.nexoinformativo.mx\/","name":"Nexo Informativo Santiago de Quer\u00e9taro","description":"Explora NexoInformativo y convi\u00e9rtete en parte de una comunidad que valora el conocimiento y la verdad. Tu nexoinformativo es tu puente hacia una comprensi\u00f3n m\u00e1s profunda del mundo que te rodea.","publisher":{"@id":"https:\/\/www.nexoinformativo.mx\/#organization"},"potentialAction":[{"@type":"SearchAction","target":{"@type":"EntryPoint","urlTemplate":"https:\/\/www.nexoinformativo.mx\/?s={search_term_string}"},"query-input":{"@type":"PropertyValueSpecification","valueRequired":true,"valueName":"search_term_string"}}],"inLanguage":"es"},{"@type":"Organization","@id":"https:\/\/www.nexoinformativo.mx\/#organization","name":"Nexo Informativo Santiago de Quer\u00e9taro","url":"https:\/\/www.nexoinformativo.mx\/","logo":{"@type":"ImageObject","inLanguage":"es","@id":"https:\/\/www.nexoinformativo.mx\/#\/schema\/logo\/image\/","url":"https:\/\/www.nexoinformativo.mx\/wp-content\/uploads\/2024\/07\/nexoi-trasparente-2.png","contentUrl":"https:\/\/www.nexoinformativo.mx\/wp-content\/uploads\/2024\/07\/nexoi-trasparente-2.png","width":816,"height":339,"caption":"Nexo Informativo Santiago de Quer\u00e9taro"},"image":{"@id":"https:\/\/www.nexoinformativo.mx\/#\/schema\/logo\/image\/"},"sameAs":["https:\/\/www.facebook.com\/people\/Nexo-Informativo\/61564066885511\/"]},{"@type":"Person","@id":"https:\/\/www.nexoinformativo.mx\/#\/schema\/person\/7749d380ba08c8ca00d7bc76fd907b7d","name":"Nexo Informativo","image":{"@type":"ImageObject","inLanguage":"es","@id":"https:\/\/www.nexoinformativo.mx\/#\/schema\/person\/image\/","url":"https:\/\/secure.gravatar.com\/avatar\/dde2928154642a13d95f87ddf1ea9718fe2b46760a005c53e41ff5ad610704e6?s=96&d=mm&r=g","contentUrl":"https:\/\/secure.gravatar.com\/avatar\/dde2928154642a13d95f87ddf1ea9718fe2b46760a005c53e41ff5ad610704e6?s=96&d=mm&r=g","caption":"Nexo Informativo"},"url":"https:\/\/www.nexoinformativo.mx\/index.php\/author\/edicion\/"}]}},"_links":{"self":[{"href":"https:\/\/www.nexoinformativo.mx\/index.php\/wp-json\/wp\/v2\/posts\/15096","targetHints":{"allow":["GET"]}}],"collection":[{"href":"https:\/\/www.nexoinformativo.mx\/index.php\/wp-json\/wp\/v2\/posts"}],"about":[{"href":"https:\/\/www.nexoinformativo.mx\/index.php\/wp-json\/wp\/v2\/types\/post"}],"author":[{"embeddable":true,"href":"https:\/\/www.nexoinformativo.mx\/index.php\/wp-json\/wp\/v2\/users\/3"}],"replies":[{"embeddable":true,"href":"https:\/\/www.nexoinformativo.mx\/index.php\/wp-json\/wp\/v2\/comments?post=15096"}],"version-history":[{"count":3,"href":"https:\/\/www.nexoinformativo.mx\/index.php\/wp-json\/wp\/v2\/posts\/15096\/revisions"}],"predecessor-version":[{"id":15100,"href":"https:\/\/www.nexoinformativo.mx\/index.php\/wp-json\/wp\/v2\/posts\/15096\/revisions\/15100"}],"wp:featuredmedia":[{"embeddable":true,"href":"https:\/\/www.nexoinformativo.mx\/index.php\/wp-json\/wp\/v2\/media\/15097"}],"wp:attachment":[{"href":"https:\/\/www.nexoinformativo.mx\/index.php\/wp-json\/wp\/v2\/media?parent=15096"}],"wp:term":[{"taxonomy":"category","embeddable":true,"href":"https:\/\/www.nexoinformativo.mx\/index.php\/wp-json\/wp\/v2\/categories?post=15096"},{"taxonomy":"post_tag","embeddable":true,"href":"https:\/\/www.nexoinformativo.mx\/index.php\/wp-json\/wp\/v2\/tags?post=15096"}],"curies":[{"name":"wp","href":"https:\/\/api.w.org\/{rel}","templated":true}]}}