{"id":15101,"date":"2025-05-21T14:00:13","date_gmt":"2025-05-21T20:00:13","guid":{"rendered":"https:\/\/www.nexoinformativo.mx\/?p=15101"},"modified":"2025-05-21T16:53:14","modified_gmt":"2025-05-21T22:53:14","slug":"tragedia-en-qrobus-accidente-en-avenida-de-la-luz-deja-a-madre-e-hijo-heridos","status":"publish","type":"post","link":"https:\/\/www.nexoinformativo.mx\/index.php\/2025\/05\/21\/tragedia-en-qrobus-accidente-en-avenida-de-la-luz-deja-a-madre-e-hijo-heridos\/","title":{"rendered":"Tragedia en Qrobus accidente en Avenida de la Luz deja a madre e hijo heridos"},"content":{"rendered":"<p style=\"text-align: justify;\" data-sourcepos=\"3:1-3:404\">Una mujer de aproximadamente 50 a\u00f1os y su hijo de 10 resultaron con lesiones de consideraci\u00f3n tras ser atropellados por un cami\u00f3n de Qrobus.<\/p>\n<\/p>\n<p>&nbsp;<\/p>\n<p style=\"text-align: justify;\" data-sourcepos=\"3:1-3:404\">El lamentable accidente ocurri\u00f3 esta ma\u00f1ana en el carril confinado de Avenida de la Luz, en la colonia Sat\u00e9lite, cuando intentaron cruzar por un sitio sin paso peatonal.<\/p>\n<\/p>\n<p>&nbsp;<\/p>\n<p style=\"text-align: justify;\" data-sourcepos=\"5:1-5:322\">El incidente sucedi\u00f3 entre Avenida de las Fuentes y Avenida de la Piedra, frente al establecimiento Salud Digna, mientras la madre y el menor se dispon\u00edan a cruzar los carriles con direcci\u00f3n al Cerro del Tambor. En un descuido, cruzaron justo al paso de un cami\u00f3n de la ruta C-58, que los proyect\u00f3 contra el pavimento.<\/p>\n<\/p>\n<p>&nbsp;<\/p>\n<p style=\"text-align: justify;\" data-sourcepos=\"7:1-7:296\">Inmediatamente, se solicit\u00f3 el apoyo de los servicios de emergencia. Minutos despu\u00e9s, param\u00e9dicos llegaron al lugar para brindar los primeros auxilios a los heridos. Tras una valoraci\u00f3n, ambos fueron trasladados a un hospital para recibir atenci\u00f3n m\u00e9dica debido a la gravedad de sus lesiones.<\/p>\n<\/p>\n<p>&nbsp;<\/p>\n<p style=\"text-align: justify;\" data-sourcepos=\"9:1-9:407\">Elementos de la Polic\u00eda Municipal de Quer\u00e9taro fueron los primeros en responder, resguardando el sitio para facilitar el trabajo de los socorristas. Adem\u00e1s, el chofer del Qrobus fue puesto a disposici\u00f3n de las autoridades para deslindar responsabilidades.<\/p>\n<\/p>\n<p>&nbsp;<\/p>\n<p style=\"text-align: justify;\" data-sourcepos=\"9:1-9:407\">Personal de la Agencia de Movilidad tambi\u00e9n acudi\u00f3 al lugar para tomar conocimiento del accidente y garantizar la debida atenci\u00f3n a los lesionados.<\/p>\n<\/p>\n<p>&nbsp;<\/p>\n<p style=\"text-align: center;\" data-sourcepos=\"9:1-9:407\"><em><strong>\u00a1Informaci\u00f3n que transforma!<\/strong><\/em><\/p>\n","protected":false},"excerpt":{"rendered":"<p>Una mujer de aproximadamente 50 a\u00f1os y su hijo de 10 resultaron con lesiones de consideraci\u00f3n tras ser atropellados por un cami\u00f3n de Qrobus.<\/p>\n","protected":false},"author":3,"featured_media":15102,"comment_status":"open","ping_status":"open","sticky":false,"template":"","format":"standard","meta":{"footnotes":""},"categories":[1],"tags":[4522,4523,359,4464],"class_list":["post-15101","post","type-post","status-publish","format-standard","has-post-thumbnail","hentry","category-uncategorized","tag-accidenteqrobus","tag-avenidadelaluz","tag-qrobus","tag-seguridadvialqro"],"yoast_head":"<!-- This site is optimized with the Yoast SEO plugin v25.0 - https:\/\/yoast.com\/wordpress\/plugins\/seo\/ -->\n<title>Tragedia en Qrobus accidente en Avenida de la Luz deja a madre e hijo heridos | Nexo Informativo Santiago de Quer\u00e9taro<\/title>\n<meta name=\"description\" content=\"Tragedia en Qrobus accidente en Avenida de la Luz deja a madre e hijo heridos\" \/>\n<meta name=\"robots\" content=\"index, follow, max-snippet:-1, max-image-preview:large, max-video-preview:-1\" \/>\n<link rel=\"canonical\" href=\"https:\/\/www.nexoinformativo.mx\/index.php\/2025\/05\/21\/tragedia-en-qrobus-accidente-en-avenida-de-la-luz-deja-a-madre-e-hijo-heridos\/\" \/>\n<meta property=\"og:locale\" content=\"es_MX\" \/>\n<meta property=\"og:type\" content=\"article\" \/>\n<meta property=\"og:title\" content=\"Tragedia en Qrobus accidente en Avenida de la Luz deja a madre e hijo heridos | Nexo Informativo Santiago de Quer\u00e9taro\" \/>\n<meta property=\"og:description\" content=\"Tragedia en Qrobus accidente en Avenida de la Luz deja a madre e hijo heridos\" \/>\n<meta property=\"og:url\" content=\"https:\/\/www.nexoinformativo.mx\/index.php\/2025\/05\/21\/tragedia-en-qrobus-accidente-en-avenida-de-la-luz-deja-a-madre-e-hijo-heridos\/\" \/>\n<meta property=\"og:site_name\" content=\"Nexo Informativo Santiago de Quer\u00e9taro\" \/>\n<meta property=\"article:publisher\" content=\"https:\/\/www.facebook.com\/people\/Nexo-Informativo\/61564066885511\/\" \/>\n<meta property=\"article:published_time\" content=\"2025-05-21T20:00:13+00:00\" \/>\n<meta property=\"article:modified_time\" content=\"2025-05-21T22:53:14+00:00\" \/>\n<meta property=\"og:image\" content=\"https:\/\/www.nexoinformativo.mx\/wp-content\/uploads\/2025\/05\/PHOTO-2025-05-21-16-09-02-3-e1747867920375.jpg\" \/>\n\t<meta property=\"og:image:width\" content=\"800\" \/>\n\t<meta property=\"og:image:height\" content=\"450\" \/>\n\t<meta property=\"og:image:type\" content=\"image\/jpeg\" \/>\n<meta name=\"author\" content=\"Nexo Informativo\" \/>\n<meta name=\"twitter:card\" content=\"summary_large_image\" \/>\n<meta name=\"twitter:label1\" content=\"Escrito por\" \/>\n\t<meta name=\"twitter:data1\" content=\"Nexo Informativo\" \/>\n\t<meta name=\"twitter:label2\" content=\"Tiempo de lectura\" \/>\n\t<meta name=\"twitter:data2\" content=\"2 minutos\" \/>\n<script type=\"application\/ld+json\" class=\"yoast-schema-graph\">{\"@context\":\"https:\/\/schema.org\",\"@graph\":[{\"@type\":\"Article\",\"@id\":\"https:\/\/www.nexoinformativo.mx\/index.php\/2025\/05\/21\/tragedia-en-qrobus-accidente-en-avenida-de-la-luz-deja-a-madre-e-hijo-heridos\/#article\",\"isPartOf\":{\"@id\":\"https:\/\/www.nexoinformativo.mx\/index.php\/2025\/05\/21\/tragedia-en-qrobus-accidente-en-avenida-de-la-luz-deja-a-madre-e-hijo-heridos\/\"},\"author\":{\"name\":\"Nexo Informativo\",\"@id\":\"https:\/\/www.nexoinformativo.mx\/#\/schema\/person\/7749d380ba08c8ca00d7bc76fd907b7d\"},\"headline\":\"Tragedia en Qrobus accidente en Avenida de la Luz deja a madre e hijo heridos\",\"datePublished\":\"2025-05-21T20:00:13+00:00\",\"dateModified\":\"2025-05-21T22:53:14+00:00\",\"mainEntityOfPage\":{\"@id\":\"https:\/\/www.nexoinformativo.mx\/index.php\/2025\/05\/21\/tragedia-en-qrobus-accidente-en-avenida-de-la-luz-deja-a-madre-e-hijo-heridos\/\"},\"wordCount\":254,\"commentCount\":0,\"publisher\":{\"@id\":\"https:\/\/www.nexoinformativo.mx\/#organization\"},\"image\":{\"@id\":\"https:\/\/www.nexoinformativo.mx\/index.php\/2025\/05\/21\/tragedia-en-qrobus-accidente-en-avenida-de-la-luz-deja-a-madre-e-hijo-heridos\/#primaryimage\"},\"thumbnailUrl\":\"https:\/\/www.nexoinformativo.mx\/wp-content\/uploads\/2025\/05\/PHOTO-2025-05-21-16-09-02-3-e1747867920375.jpg\",\"keywords\":[\"AccidenteQrobus\",\"AvenidaDeLaLuz\",\"QroB\u00fas\",\"SeguridadVialQro\"],\"articleSection\":[\"Uncategorized\"],\"inLanguage\":\"es\",\"potentialAction\":[{\"@type\":\"CommentAction\",\"name\":\"Comment\",\"target\":[\"https:\/\/www.nexoinformativo.mx\/index.php\/2025\/05\/21\/tragedia-en-qrobus-accidente-en-avenida-de-la-luz-deja-a-madre-e-hijo-heridos\/#respond\"]}]},{\"@type\":\"WebPage\",\"@id\":\"https:\/\/www.nexoinformativo.mx\/index.php\/2025\/05\/21\/tragedia-en-qrobus-accidente-en-avenida-de-la-luz-deja-a-madre-e-hijo-heridos\/\",\"url\":\"https:\/\/www.nexoinformativo.mx\/index.php\/2025\/05\/21\/tragedia-en-qrobus-accidente-en-avenida-de-la-luz-deja-a-madre-e-hijo-heridos\/\",\"name\":\"Tragedia en Qrobus accidente en Avenida de la Luz deja a madre e hijo heridos | Nexo Informativo Santiago de Quer\u00e9taro\",\"isPartOf\":{\"@id\":\"https:\/\/www.nexoinformativo.mx\/#website\"},\"primaryImageOfPage\":{\"@id\":\"https:\/\/www.nexoinformativo.mx\/index.php\/2025\/05\/21\/tragedia-en-qrobus-accidente-en-avenida-de-la-luz-deja-a-madre-e-hijo-heridos\/#primaryimage\"},\"image\":{\"@id\":\"https:\/\/www.nexoinformativo.mx\/index.php\/2025\/05\/21\/tragedia-en-qrobus-accidente-en-avenida-de-la-luz-deja-a-madre-e-hijo-heridos\/#primaryimage\"},\"thumbnailUrl\":\"https:\/\/www.nexoinformativo.mx\/wp-content\/uploads\/2025\/05\/PHOTO-2025-05-21-16-09-02-3-e1747867920375.jpg\",\"datePublished\":\"2025-05-21T20:00:13+00:00\",\"dateModified\":\"2025-05-21T22:53:14+00:00\",\"description\":\"Tragedia en Qrobus accidente en Avenida de la Luz deja a madre e hijo heridos\",\"breadcrumb\":{\"@id\":\"https:\/\/www.nexoinformativo.mx\/index.php\/2025\/05\/21\/tragedia-en-qrobus-accidente-en-avenida-de-la-luz-deja-a-madre-e-hijo-heridos\/#breadcrumb\"},\"inLanguage\":\"es\",\"potentialAction\":[{\"@type\":\"ReadAction\",\"target\":[\"https:\/\/www.nexoinformativo.mx\/index.php\/2025\/05\/21\/tragedia-en-qrobus-accidente-en-avenida-de-la-luz-deja-a-madre-e-hijo-heridos\/\"]}]},{\"@type\":\"ImageObject\",\"inLanguage\":\"es\",\"@id\":\"https:\/\/www.nexoinformativo.mx\/index.php\/2025\/05\/21\/tragedia-en-qrobus-accidente-en-avenida-de-la-luz-deja-a-madre-e-hijo-heridos\/#primaryimage\",\"url\":\"https:\/\/www.nexoinformativo.mx\/wp-content\/uploads\/2025\/05\/PHOTO-2025-05-21-16-09-02-3-e1747867920375.jpg\",\"contentUrl\":\"https:\/\/www.nexoinformativo.mx\/wp-content\/uploads\/2025\/05\/PHOTO-2025-05-21-16-09-02-3-e1747867920375.jpg\",\"width\":800,\"height\":450},{\"@type\":\"BreadcrumbList\",\"@id\":\"https:\/\/www.nexoinformativo.mx\/index.php\/2025\/05\/21\/tragedia-en-qrobus-accidente-en-avenida-de-la-luz-deja-a-madre-e-hijo-heridos\/#breadcrumb\",\"itemListElement\":[{\"@type\":\"ListItem\",\"position\":1,\"name\":\"Inicio\",\"item\":\"https:\/\/www.nexoinformativo.mx\/\"},{\"@type\":\"ListItem\",\"position\":2,\"name\":\"Tragedia en Qrobus accidente en Avenida de la Luz deja a madre e hijo heridos\"}]},{\"@type\":\"WebSite\",\"@id\":\"https:\/\/www.nexoinformativo.mx\/#website\",\"url\":\"https:\/\/www.nexoinformativo.mx\/\",\"name\":\"Nexo Informativo Santiago de Quer\u00e9taro\",\"description\":\"Explora NexoInformativo y convi\u00e9rtete en parte de una comunidad que valora el conocimiento y la verdad. Tu nexoinformativo es tu puente hacia una comprensi\u00f3n m\u00e1s profunda del mundo que te rodea.\",\"publisher\":{\"@id\":\"https:\/\/www.nexoinformativo.mx\/#organization\"},\"potentialAction\":[{\"@type\":\"SearchAction\",\"target\":{\"@type\":\"EntryPoint\",\"urlTemplate\":\"https:\/\/www.nexoinformativo.mx\/?s={search_term_string}\"},\"query-input\":{\"@type\":\"PropertyValueSpecification\",\"valueRequired\":true,\"valueName\":\"search_term_string\"}}],\"inLanguage\":\"es\"},{\"@type\":\"Organization\",\"@id\":\"https:\/\/www.nexoinformativo.mx\/#organization\",\"name\":\"Nexo Informativo Santiago de Quer\u00e9taro\",\"url\":\"https:\/\/www.nexoinformativo.mx\/\",\"logo\":{\"@type\":\"ImageObject\",\"inLanguage\":\"es\",\"@id\":\"https:\/\/www.nexoinformativo.mx\/#\/schema\/logo\/image\/\",\"url\":\"https:\/\/www.nexoinformativo.mx\/wp-content\/uploads\/2024\/07\/nexoi-trasparente-2.png\",\"contentUrl\":\"https:\/\/www.nexoinformativo.mx\/wp-content\/uploads\/2024\/07\/nexoi-trasparente-2.png\",\"width\":816,\"height\":339,\"caption\":\"Nexo Informativo Santiago de Quer\u00e9taro\"},\"image\":{\"@id\":\"https:\/\/www.nexoinformativo.mx\/#\/schema\/logo\/image\/\"},\"sameAs\":[\"https:\/\/www.facebook.com\/people\/Nexo-Informativo\/61564066885511\/\"]},{\"@type\":\"Person\",\"@id\":\"https:\/\/www.nexoinformativo.mx\/#\/schema\/person\/7749d380ba08c8ca00d7bc76fd907b7d\",\"name\":\"Nexo Informativo\",\"image\":{\"@type\":\"ImageObject\",\"inLanguage\":\"es\",\"@id\":\"https:\/\/www.nexoinformativo.mx\/#\/schema\/person\/image\/\",\"url\":\"https:\/\/secure.gravatar.com\/avatar\/dde2928154642a13d95f87ddf1ea9718fe2b46760a005c53e41ff5ad610704e6?s=96&d=mm&r=g\",\"contentUrl\":\"https:\/\/secure.gravatar.com\/avatar\/dde2928154642a13d95f87ddf1ea9718fe2b46760a005c53e41ff5ad610704e6?s=96&d=mm&r=g\",\"caption\":\"Nexo Informativo\"},\"url\":\"https:\/\/www.nexoinformativo.mx\/index.php\/author\/edicion\/\"}]}<\/script>\n<!-- \/ Yoast SEO plugin. -->","yoast_head_json":{"title":"Tragedia en Qrobus accidente en Avenida de la Luz deja a madre e hijo heridos | Nexo Informativo Santiago de Quer\u00e9taro","description":"Tragedia en Qrobus accidente en Avenida de la Luz deja a madre e hijo heridos","robots":{"index":"index","follow":"follow","max-snippet":"max-snippet:-1","max-image-preview":"max-image-preview:large","max-video-preview":"max-video-preview:-1"},"canonical":"https:\/\/www.nexoinformativo.mx\/index.php\/2025\/05\/21\/tragedia-en-qrobus-accidente-en-avenida-de-la-luz-deja-a-madre-e-hijo-heridos\/","og_locale":"es_MX","og_type":"article","og_title":"Tragedia en Qrobus accidente en Avenida de la Luz deja a madre e hijo heridos | Nexo Informativo Santiago de Quer\u00e9taro","og_description":"Tragedia en Qrobus accidente en Avenida de la Luz deja a madre e hijo heridos","og_url":"https:\/\/www.nexoinformativo.mx\/index.php\/2025\/05\/21\/tragedia-en-qrobus-accidente-en-avenida-de-la-luz-deja-a-madre-e-hijo-heridos\/","og_site_name":"Nexo Informativo Santiago de Quer\u00e9taro","article_publisher":"https:\/\/www.facebook.com\/people\/Nexo-Informativo\/61564066885511\/","article_published_time":"2025-05-21T20:00:13+00:00","article_modified_time":"2025-05-21T22:53:14+00:00","og_image":[{"width":800,"height":450,"url":"https:\/\/www.nexoinformativo.mx\/wp-content\/uploads\/2025\/05\/PHOTO-2025-05-21-16-09-02-3-e1747867920375.jpg","type":"image\/jpeg"}],"author":"Nexo Informativo","twitter_card":"summary_large_image","twitter_misc":{"Escrito por":"Nexo Informativo","Tiempo de lectura":"2 minutos"},"schema":{"@context":"https:\/\/schema.org","@graph":[{"@type":"Article","@id":"https:\/\/www.nexoinformativo.mx\/index.php\/2025\/05\/21\/tragedia-en-qrobus-accidente-en-avenida-de-la-luz-deja-a-madre-e-hijo-heridos\/#article","isPartOf":{"@id":"https:\/\/www.nexoinformativo.mx\/index.php\/2025\/05\/21\/tragedia-en-qrobus-accidente-en-avenida-de-la-luz-deja-a-madre-e-hijo-heridos\/"},"author":{"name":"Nexo Informativo","@id":"https:\/\/www.nexoinformativo.mx\/#\/schema\/person\/7749d380ba08c8ca00d7bc76fd907b7d"},"headline":"Tragedia en Qrobus accidente en Avenida de la Luz deja a madre e hijo heridos","datePublished":"2025-05-21T20:00:13+00:00","dateModified":"2025-05-21T22:53:14+00:00","mainEntityOfPage":{"@id":"https:\/\/www.nexoinformativo.mx\/index.php\/2025\/05\/21\/tragedia-en-qrobus-accidente-en-avenida-de-la-luz-deja-a-madre-e-hijo-heridos\/"},"wordCount":254,"commentCount":0,"publisher":{"@id":"https:\/\/www.nexoinformativo.mx\/#organization"},"image":{"@id":"https:\/\/www.nexoinformativo.mx\/index.php\/2025\/05\/21\/tragedia-en-qrobus-accidente-en-avenida-de-la-luz-deja-a-madre-e-hijo-heridos\/#primaryimage"},"thumbnailUrl":"https:\/\/www.nexoinformativo.mx\/wp-content\/uploads\/2025\/05\/PHOTO-2025-05-21-16-09-02-3-e1747867920375.jpg","keywords":["AccidenteQrobus","AvenidaDeLaLuz","QroB\u00fas","SeguridadVialQro"],"articleSection":["Uncategorized"],"inLanguage":"es","potentialAction":[{"@type":"CommentAction","name":"Comment","target":["https:\/\/www.nexoinformativo.mx\/index.php\/2025\/05\/21\/tragedia-en-qrobus-accidente-en-avenida-de-la-luz-deja-a-madre-e-hijo-heridos\/#respond"]}]},{"@type":"WebPage","@id":"https:\/\/www.nexoinformativo.mx\/index.php\/2025\/05\/21\/tragedia-en-qrobus-accidente-en-avenida-de-la-luz-deja-a-madre-e-hijo-heridos\/","url":"https:\/\/www.nexoinformativo.mx\/index.php\/2025\/05\/21\/tragedia-en-qrobus-accidente-en-avenida-de-la-luz-deja-a-madre-e-hijo-heridos\/","name":"Tragedia en Qrobus accidente en Avenida de la Luz deja a madre e hijo heridos | Nexo Informativo Santiago de Quer\u00e9taro","isPartOf":{"@id":"https:\/\/www.nexoinformativo.mx\/#website"},"primaryImageOfPage":{"@id":"https:\/\/www.nexoinformativo.mx\/index.php\/2025\/05\/21\/tragedia-en-qrobus-accidente-en-avenida-de-la-luz-deja-a-madre-e-hijo-heridos\/#primaryimage"},"image":{"@id":"https:\/\/www.nexoinformativo.mx\/index.php\/2025\/05\/21\/tragedia-en-qrobus-accidente-en-avenida-de-la-luz-deja-a-madre-e-hijo-heridos\/#primaryimage"},"thumbnailUrl":"https:\/\/www.nexoinformativo.mx\/wp-content\/uploads\/2025\/05\/PHOTO-2025-05-21-16-09-02-3-e1747867920375.jpg","datePublished":"2025-05-21T20:00:13+00:00","dateModified":"2025-05-21T22:53:14+00:00","description":"Tragedia en Qrobus accidente en Avenida de la Luz deja a madre e hijo heridos","breadcrumb":{"@id":"https:\/\/www.nexoinformativo.mx\/index.php\/2025\/05\/21\/tragedia-en-qrobus-accidente-en-avenida-de-la-luz-deja-a-madre-e-hijo-heridos\/#breadcrumb"},"inLanguage":"es","potentialAction":[{"@type":"ReadAction","target":["https:\/\/www.nexoinformativo.mx\/index.php\/2025\/05\/21\/tragedia-en-qrobus-accidente-en-avenida-de-la-luz-deja-a-madre-e-hijo-heridos\/"]}]},{"@type":"ImageObject","inLanguage":"es","@id":"https:\/\/www.nexoinformativo.mx\/index.php\/2025\/05\/21\/tragedia-en-qrobus-accidente-en-avenida-de-la-luz-deja-a-madre-e-hijo-heridos\/#primaryimage","url":"https:\/\/www.nexoinformativo.mx\/wp-content\/uploads\/2025\/05\/PHOTO-2025-05-21-16-09-02-3-e1747867920375.jpg","contentUrl":"https:\/\/www.nexoinformativo.mx\/wp-content\/uploads\/2025\/05\/PHOTO-2025-05-21-16-09-02-3-e1747867920375.jpg","width":800,"height":450},{"@type":"BreadcrumbList","@id":"https:\/\/www.nexoinformativo.mx\/index.php\/2025\/05\/21\/tragedia-en-qrobus-accidente-en-avenida-de-la-luz-deja-a-madre-e-hijo-heridos\/#breadcrumb","itemListElement":[{"@type":"ListItem","position":1,"name":"Inicio","item":"https:\/\/www.nexoinformativo.mx\/"},{"@type":"ListItem","position":2,"name":"Tragedia en Qrobus accidente en Avenida de la Luz deja a madre e hijo heridos"}]},{"@type":"WebSite","@id":"https:\/\/www.nexoinformativo.mx\/#website","url":"https:\/\/www.nexoinformativo.mx\/","name":"Nexo Informativo Santiago de Quer\u00e9taro","description":"Explora NexoInformativo y convi\u00e9rtete en parte de una comunidad que valora el conocimiento y la verdad. Tu nexoinformativo es tu puente hacia una comprensi\u00f3n m\u00e1s profunda del mundo que te rodea.","publisher":{"@id":"https:\/\/www.nexoinformativo.mx\/#organization"},"potentialAction":[{"@type":"SearchAction","target":{"@type":"EntryPoint","urlTemplate":"https:\/\/www.nexoinformativo.mx\/?s={search_term_string}"},"query-input":{"@type":"PropertyValueSpecification","valueRequired":true,"valueName":"search_term_string"}}],"inLanguage":"es"},{"@type":"Organization","@id":"https:\/\/www.nexoinformativo.mx\/#organization","name":"Nexo Informativo Santiago de Quer\u00e9taro","url":"https:\/\/www.nexoinformativo.mx\/","logo":{"@type":"ImageObject","inLanguage":"es","@id":"https:\/\/www.nexoinformativo.mx\/#\/schema\/logo\/image\/","url":"https:\/\/www.nexoinformativo.mx\/wp-content\/uploads\/2024\/07\/nexoi-trasparente-2.png","contentUrl":"https:\/\/www.nexoinformativo.mx\/wp-content\/uploads\/2024\/07\/nexoi-trasparente-2.png","width":816,"height":339,"caption":"Nexo Informativo Santiago de Quer\u00e9taro"},"image":{"@id":"https:\/\/www.nexoinformativo.mx\/#\/schema\/logo\/image\/"},"sameAs":["https:\/\/www.facebook.com\/people\/Nexo-Informativo\/61564066885511\/"]},{"@type":"Person","@id":"https:\/\/www.nexoinformativo.mx\/#\/schema\/person\/7749d380ba08c8ca00d7bc76fd907b7d","name":"Nexo Informativo","image":{"@type":"ImageObject","inLanguage":"es","@id":"https:\/\/www.nexoinformativo.mx\/#\/schema\/person\/image\/","url":"https:\/\/secure.gravatar.com\/avatar\/dde2928154642a13d95f87ddf1ea9718fe2b46760a005c53e41ff5ad610704e6?s=96&d=mm&r=g","contentUrl":"https:\/\/secure.gravatar.com\/avatar\/dde2928154642a13d95f87ddf1ea9718fe2b46760a005c53e41ff5ad610704e6?s=96&d=mm&r=g","caption":"Nexo Informativo"},"url":"https:\/\/www.nexoinformativo.mx\/index.php\/author\/edicion\/"}]}},"_links":{"self":[{"href":"https:\/\/www.nexoinformativo.mx\/index.php\/wp-json\/wp\/v2\/posts\/15101","targetHints":{"allow":["GET"]}}],"collection":[{"href":"https:\/\/www.nexoinformativo.mx\/index.php\/wp-json\/wp\/v2\/posts"}],"about":[{"href":"https:\/\/www.nexoinformativo.mx\/index.php\/wp-json\/wp\/v2\/types\/post"}],"author":[{"embeddable":true,"href":"https:\/\/www.nexoinformativo.mx\/index.php\/wp-json\/wp\/v2\/users\/3"}],"replies":[{"embeddable":true,"href":"https:\/\/www.nexoinformativo.mx\/index.php\/wp-json\/wp\/v2\/comments?post=15101"}],"version-history":[{"count":3,"href":"https:\/\/www.nexoinformativo.mx\/index.php\/wp-json\/wp\/v2\/posts\/15101\/revisions"}],"predecessor-version":[{"id":15105,"href":"https:\/\/www.nexoinformativo.mx\/index.php\/wp-json\/wp\/v2\/posts\/15101\/revisions\/15105"}],"wp:featuredmedia":[{"embeddable":true,"href":"https:\/\/www.nexoinformativo.mx\/index.php\/wp-json\/wp\/v2\/media\/15102"}],"wp:attachment":[{"href":"https:\/\/www.nexoinformativo.mx\/index.php\/wp-json\/wp\/v2\/media?parent=15101"}],"wp:term":[{"taxonomy":"category","embeddable":true,"href":"https:\/\/www.nexoinformativo.mx\/index.php\/wp-json\/wp\/v2\/categories?post=15101"},{"taxonomy":"post_tag","embeddable":true,"href":"https:\/\/www.nexoinformativo.mx\/index.php\/wp-json\/wp\/v2\/tags?post=15101"}],"curies":[{"name":"wp","href":"https:\/\/api.w.org\/{rel}","templated":true}]}}