{"id":15112,"date":"2025-05-22T07:00:09","date_gmt":"2025-05-22T13:00:09","guid":{"rendered":"https:\/\/www.nexoinformativo.mx\/?p=15112"},"modified":"2025-05-22T14:54:10","modified_gmt":"2025-05-22T20:54:10","slug":"la-sep-refuerza-filosofia-en-bachillerato-para-formar-ciudadanos-criticos","status":"publish","type":"post","link":"https:\/\/www.nexoinformativo.mx\/index.php\/2025\/05\/22\/la-sep-refuerza-filosofia-en-bachillerato-para-formar-ciudadanos-criticos\/","title":{"rendered":"La SEP refuerza Filosof\u00eda en bachillerato para formar ciudadanos cr\u00edticos"},"content":{"rendered":"<p style=\"text-align: justify;\" data-sourcepos=\"3:1-3:323\">El secretario de Educaci\u00f3n P\u00fablica, Mario Delgado, afirm\u00f3 hoy que esta etapa educativa es un punto de inflexi\u00f3n crucial para la transformaci\u00f3n que vive M\u00e9xico, impulsada por el despertar de la conciencia del pueblo.<\/p>\n<p>&nbsp;<\/p>\n<p style=\"text-align: justify;\" data-sourcepos=\"5:1-5:420\">Durante su participaci\u00f3n en el Congreso Nacional &#8220;Necesidad de la Filosof\u00eda en el Bachillerato del Siglo XXI&#8221;, Delgado enfatiz\u00f3 la importancia de ense\u00f1ar filosof\u00eda en el bachillerato como una herramienta esencial para formar ciudadanos cr\u00edticos.<\/p>\n<p>&nbsp;<\/p>\n<p style=\"text-align: justify;\" data-sourcepos=\"5:1-5:420\">&#8220;La filosof\u00eda alimenta nuestra capacidad de asombro, de curiosidad y de duda para abrir las puertas del saber&#8221;, expres\u00f3 en el sal\u00f3n Iberoamericano de la SEP.<\/p>\n<p>&nbsp;<\/p>\n<p style=\"text-align: justify;\" data-sourcepos=\"7:1-7:498\">El titular de la SEP consider\u00f3 que los grandes pensadores, cient\u00edficos, ingenieros audaces, abogados justos, artistas universales y pol\u00edticos comprometidos tienen mucho de filosof\u00eda porque saben pensar, discernir y poseen una conciencia cr\u00edtica de lo que ocurre en la sociedad.<\/p>\n<p>&nbsp;<\/p>\n<p style=\"text-align: justify;\" data-sourcepos=\"7:1-7:498\">Asegur\u00f3 que la formaci\u00f3n de los j\u00f3venes debe basarse en valores como la fraternidad, la justicia y la solidaridad, poniendo a la presidenta Sheinbaum como ejemplo de una educaci\u00f3n con compromiso social.<\/p>\n<p>&nbsp;<\/p>\n<p style=\"text-align: justify;\" data-sourcepos=\"9:1-9:498\">Delgado Carrillo refiri\u00f3 que la educaci\u00f3n debe estar conectada con la evoluci\u00f3n econ\u00f3mica y facilitar la inserci\u00f3n laboral, pero sin perder de vista que no se trata solo de formar mano de obra, sino de ciudadanos cr\u00edticos, participativos y comprometidos con su comunidad, con amor a la patria y al medio ambiente.<\/p>\n<p>&nbsp;<\/p>\n<p style=\"text-align: justify;\" data-sourcepos=\"9:1-9:498\">Resalt\u00f3 la necesidad de una educaci\u00f3n integral que forme a los j\u00f3venes en los tres lenguajes humanos: el de la cabeza, el del coraz\u00f3n y el de las manos, para alcanzar la felicidad.<\/p>\n<p>&nbsp;<\/p>\n<p style=\"text-align: center;\" data-sourcepos=\"9:1-9:498\"><em><strong>\u00a1Informaci\u00f3n que transforma!<\/strong><\/em><\/p>\n","protected":false},"excerpt":{"rendered":"<p>El secretario de Educaci\u00f3n P\u00fablica, Mario Delgado, afirm\u00f3 hoy que esta etapa educativa es un punto de inflexi\u00f3n crucial para la transformaci\u00f3n que vive M\u00e9xico, impulsada por el despertar de la conciencia del pueblo.<\/p>\n","protected":false},"author":3,"featured_media":15113,"comment_status":"open","ping_status":"open","sticky":false,"template":"","format":"standard","meta":{"footnotes":""},"categories":[88,58],"tags":[4528,2838,4529,1568],"class_list":["post-15112","post","type-post","status-publish","format-standard","has-post-thumbnail","hentry","category-nacional","category-ultima-hora","tag-filosofiaenbachillerato","tag-mariodelgado","tag-sepeducacion","tag-transformacioneducativa"],"yoast_head":"<!-- This site is optimized with the Yoast SEO plugin v25.0 - https:\/\/yoast.com\/wordpress\/plugins\/seo\/ -->\n<title>La SEP refuerza Filosof\u00eda en bachillerato para formar ciudadanos cr\u00edticos | Nexo Informativo Santiago de Quer\u00e9taro<\/title>\n<meta name=\"description\" content=\"La SEP refuerza Filosof\u00eda en bachillerato para formar ciudadanos cr\u00edticos\" \/>\n<meta name=\"robots\" content=\"index, follow, max-snippet:-1, max-image-preview:large, max-video-preview:-1\" \/>\n<link rel=\"canonical\" href=\"https:\/\/www.nexoinformativo.mx\/index.php\/2025\/05\/22\/la-sep-refuerza-filosofia-en-bachillerato-para-formar-ciudadanos-criticos\/\" \/>\n<meta property=\"og:locale\" content=\"es_MX\" \/>\n<meta property=\"og:type\" content=\"article\" \/>\n<meta property=\"og:title\" content=\"La SEP refuerza Filosof\u00eda en bachillerato para formar ciudadanos cr\u00edticos | Nexo Informativo Santiago de Quer\u00e9taro\" \/>\n<meta property=\"og:description\" content=\"La SEP refuerza Filosof\u00eda en bachillerato para formar ciudadanos cr\u00edticos\" \/>\n<meta property=\"og:url\" content=\"https:\/\/www.nexoinformativo.mx\/index.php\/2025\/05\/22\/la-sep-refuerza-filosofia-en-bachillerato-para-formar-ciudadanos-criticos\/\" \/>\n<meta property=\"og:site_name\" content=\"Nexo Informativo Santiago de Quer\u00e9taro\" \/>\n<meta property=\"article:publisher\" content=\"https:\/\/www.facebook.com\/people\/Nexo-Informativo\/61564066885511\/\" \/>\n<meta property=\"article:published_time\" content=\"2025-05-22T13:00:09+00:00\" \/>\n<meta property=\"article:modified_time\" content=\"2025-05-22T20:54:10+00:00\" \/>\n<meta property=\"og:image\" content=\"https:\/\/www.nexoinformativo.mx\/wp-content\/uploads\/2025\/05\/IMG_3200-e1747947091312.jpg\" \/>\n\t<meta property=\"og:image:width\" content=\"800\" \/>\n\t<meta property=\"og:image:height\" content=\"533\" \/>\n\t<meta property=\"og:image:type\" content=\"image\/jpeg\" \/>\n<meta name=\"author\" content=\"Nexo Informativo\" \/>\n<meta name=\"twitter:card\" content=\"summary_large_image\" \/>\n<meta name=\"twitter:label1\" content=\"Escrito por\" \/>\n\t<meta name=\"twitter:data1\" content=\"Nexo Informativo\" \/>\n\t<meta name=\"twitter:label2\" content=\"Tiempo de lectura\" \/>\n\t<meta name=\"twitter:data2\" content=\"2 minutos\" \/>\n<script type=\"application\/ld+json\" class=\"yoast-schema-graph\">{\"@context\":\"https:\/\/schema.org\",\"@graph\":[{\"@type\":\"Article\",\"@id\":\"https:\/\/www.nexoinformativo.mx\/index.php\/2025\/05\/22\/la-sep-refuerza-filosofia-en-bachillerato-para-formar-ciudadanos-criticos\/#article\",\"isPartOf\":{\"@id\":\"https:\/\/www.nexoinformativo.mx\/index.php\/2025\/05\/22\/la-sep-refuerza-filosofia-en-bachillerato-para-formar-ciudadanos-criticos\/\"},\"author\":{\"name\":\"Nexo Informativo\",\"@id\":\"https:\/\/www.nexoinformativo.mx\/#\/schema\/person\/7749d380ba08c8ca00d7bc76fd907b7d\"},\"headline\":\"La SEP refuerza Filosof\u00eda en bachillerato para formar ciudadanos cr\u00edticos\",\"datePublished\":\"2025-05-22T13:00:09+00:00\",\"dateModified\":\"2025-05-22T20:54:10+00:00\",\"mainEntityOfPage\":{\"@id\":\"https:\/\/www.nexoinformativo.mx\/index.php\/2025\/05\/22\/la-sep-refuerza-filosofia-en-bachillerato-para-formar-ciudadanos-criticos\/\"},\"wordCount\":302,\"commentCount\":0,\"publisher\":{\"@id\":\"https:\/\/www.nexoinformativo.mx\/#organization\"},\"image\":{\"@id\":\"https:\/\/www.nexoinformativo.mx\/index.php\/2025\/05\/22\/la-sep-refuerza-filosofia-en-bachillerato-para-formar-ciudadanos-criticos\/#primaryimage\"},\"thumbnailUrl\":\"https:\/\/www.nexoinformativo.mx\/wp-content\/uploads\/2025\/05\/IMG_3200-e1747947091312.jpg\",\"keywords\":[\"Filosof\u00edaEnBachillerato\",\"MarioDelgado\",\"SEPEducaci\u00f3n\",\"Transformaci\u00f3nEducativa\"],\"articleSection\":[\"Nacional\",\"\u00daltima Hora\"],\"inLanguage\":\"es\",\"potentialAction\":[{\"@type\":\"CommentAction\",\"name\":\"Comment\",\"target\":[\"https:\/\/www.nexoinformativo.mx\/index.php\/2025\/05\/22\/la-sep-refuerza-filosofia-en-bachillerato-para-formar-ciudadanos-criticos\/#respond\"]}]},{\"@type\":\"WebPage\",\"@id\":\"https:\/\/www.nexoinformativo.mx\/index.php\/2025\/05\/22\/la-sep-refuerza-filosofia-en-bachillerato-para-formar-ciudadanos-criticos\/\",\"url\":\"https:\/\/www.nexoinformativo.mx\/index.php\/2025\/05\/22\/la-sep-refuerza-filosofia-en-bachillerato-para-formar-ciudadanos-criticos\/\",\"name\":\"La SEP refuerza Filosof\u00eda en bachillerato para formar ciudadanos cr\u00edticos | Nexo Informativo Santiago de Quer\u00e9taro\",\"isPartOf\":{\"@id\":\"https:\/\/www.nexoinformativo.mx\/#website\"},\"primaryImageOfPage\":{\"@id\":\"https:\/\/www.nexoinformativo.mx\/index.php\/2025\/05\/22\/la-sep-refuerza-filosofia-en-bachillerato-para-formar-ciudadanos-criticos\/#primaryimage\"},\"image\":{\"@id\":\"https:\/\/www.nexoinformativo.mx\/index.php\/2025\/05\/22\/la-sep-refuerza-filosofia-en-bachillerato-para-formar-ciudadanos-criticos\/#primaryimage\"},\"thumbnailUrl\":\"https:\/\/www.nexoinformativo.mx\/wp-content\/uploads\/2025\/05\/IMG_3200-e1747947091312.jpg\",\"datePublished\":\"2025-05-22T13:00:09+00:00\",\"dateModified\":\"2025-05-22T20:54:10+00:00\",\"description\":\"La SEP refuerza Filosof\u00eda en bachillerato para formar ciudadanos cr\u00edticos\",\"breadcrumb\":{\"@id\":\"https:\/\/www.nexoinformativo.mx\/index.php\/2025\/05\/22\/la-sep-refuerza-filosofia-en-bachillerato-para-formar-ciudadanos-criticos\/#breadcrumb\"},\"inLanguage\":\"es\",\"potentialAction\":[{\"@type\":\"ReadAction\",\"target\":[\"https:\/\/www.nexoinformativo.mx\/index.php\/2025\/05\/22\/la-sep-refuerza-filosofia-en-bachillerato-para-formar-ciudadanos-criticos\/\"]}]},{\"@type\":\"ImageObject\",\"inLanguage\":\"es\",\"@id\":\"https:\/\/www.nexoinformativo.mx\/index.php\/2025\/05\/22\/la-sep-refuerza-filosofia-en-bachillerato-para-formar-ciudadanos-criticos\/#primaryimage\",\"url\":\"https:\/\/www.nexoinformativo.mx\/wp-content\/uploads\/2025\/05\/IMG_3200-e1747947091312.jpg\",\"contentUrl\":\"https:\/\/www.nexoinformativo.mx\/wp-content\/uploads\/2025\/05\/IMG_3200-e1747947091312.jpg\",\"width\":800,\"height\":533},{\"@type\":\"BreadcrumbList\",\"@id\":\"https:\/\/www.nexoinformativo.mx\/index.php\/2025\/05\/22\/la-sep-refuerza-filosofia-en-bachillerato-para-formar-ciudadanos-criticos\/#breadcrumb\",\"itemListElement\":[{\"@type\":\"ListItem\",\"position\":1,\"name\":\"Inicio\",\"item\":\"https:\/\/www.nexoinformativo.mx\/\"},{\"@type\":\"ListItem\",\"position\":2,\"name\":\"La SEP refuerza Filosof\u00eda en bachillerato para formar ciudadanos cr\u00edticos\"}]},{\"@type\":\"WebSite\",\"@id\":\"https:\/\/www.nexoinformativo.mx\/#website\",\"url\":\"https:\/\/www.nexoinformativo.mx\/\",\"name\":\"Nexo Informativo Santiago de Quer\u00e9taro\",\"description\":\"Explora NexoInformativo y convi\u00e9rtete en parte de una comunidad que valora el conocimiento y la verdad. Tu nexoinformativo es tu puente hacia una comprensi\u00f3n m\u00e1s profunda del mundo que te rodea.\",\"publisher\":{\"@id\":\"https:\/\/www.nexoinformativo.mx\/#organization\"},\"potentialAction\":[{\"@type\":\"SearchAction\",\"target\":{\"@type\":\"EntryPoint\",\"urlTemplate\":\"https:\/\/www.nexoinformativo.mx\/?s={search_term_string}\"},\"query-input\":{\"@type\":\"PropertyValueSpecification\",\"valueRequired\":true,\"valueName\":\"search_term_string\"}}],\"inLanguage\":\"es\"},{\"@type\":\"Organization\",\"@id\":\"https:\/\/www.nexoinformativo.mx\/#organization\",\"name\":\"Nexo Informativo Santiago de Quer\u00e9taro\",\"url\":\"https:\/\/www.nexoinformativo.mx\/\",\"logo\":{\"@type\":\"ImageObject\",\"inLanguage\":\"es\",\"@id\":\"https:\/\/www.nexoinformativo.mx\/#\/schema\/logo\/image\/\",\"url\":\"https:\/\/www.nexoinformativo.mx\/wp-content\/uploads\/2024\/07\/nexoi-trasparente-2.png\",\"contentUrl\":\"https:\/\/www.nexoinformativo.mx\/wp-content\/uploads\/2024\/07\/nexoi-trasparente-2.png\",\"width\":816,\"height\":339,\"caption\":\"Nexo Informativo Santiago de Quer\u00e9taro\"},\"image\":{\"@id\":\"https:\/\/www.nexoinformativo.mx\/#\/schema\/logo\/image\/\"},\"sameAs\":[\"https:\/\/www.facebook.com\/people\/Nexo-Informativo\/61564066885511\/\"]},{\"@type\":\"Person\",\"@id\":\"https:\/\/www.nexoinformativo.mx\/#\/schema\/person\/7749d380ba08c8ca00d7bc76fd907b7d\",\"name\":\"Nexo Informativo\",\"image\":{\"@type\":\"ImageObject\",\"inLanguage\":\"es\",\"@id\":\"https:\/\/www.nexoinformativo.mx\/#\/schema\/person\/image\/\",\"url\":\"https:\/\/secure.gravatar.com\/avatar\/dde2928154642a13d95f87ddf1ea9718fe2b46760a005c53e41ff5ad610704e6?s=96&d=mm&r=g\",\"contentUrl\":\"https:\/\/secure.gravatar.com\/avatar\/dde2928154642a13d95f87ddf1ea9718fe2b46760a005c53e41ff5ad610704e6?s=96&d=mm&r=g\",\"caption\":\"Nexo Informativo\"},\"url\":\"https:\/\/www.nexoinformativo.mx\/index.php\/author\/edicion\/\"}]}<\/script>\n<!-- \/ Yoast SEO plugin. -->","yoast_head_json":{"title":"La SEP refuerza Filosof\u00eda en bachillerato para formar ciudadanos cr\u00edticos | Nexo Informativo Santiago de Quer\u00e9taro","description":"La SEP refuerza Filosof\u00eda en bachillerato para formar ciudadanos cr\u00edticos","robots":{"index":"index","follow":"follow","max-snippet":"max-snippet:-1","max-image-preview":"max-image-preview:large","max-video-preview":"max-video-preview:-1"},"canonical":"https:\/\/www.nexoinformativo.mx\/index.php\/2025\/05\/22\/la-sep-refuerza-filosofia-en-bachillerato-para-formar-ciudadanos-criticos\/","og_locale":"es_MX","og_type":"article","og_title":"La SEP refuerza Filosof\u00eda en bachillerato para formar ciudadanos cr\u00edticos | Nexo Informativo Santiago de Quer\u00e9taro","og_description":"La SEP refuerza Filosof\u00eda en bachillerato para formar ciudadanos cr\u00edticos","og_url":"https:\/\/www.nexoinformativo.mx\/index.php\/2025\/05\/22\/la-sep-refuerza-filosofia-en-bachillerato-para-formar-ciudadanos-criticos\/","og_site_name":"Nexo Informativo Santiago de Quer\u00e9taro","article_publisher":"https:\/\/www.facebook.com\/people\/Nexo-Informativo\/61564066885511\/","article_published_time":"2025-05-22T13:00:09+00:00","article_modified_time":"2025-05-22T20:54:10+00:00","og_image":[{"width":800,"height":533,"url":"https:\/\/www.nexoinformativo.mx\/wp-content\/uploads\/2025\/05\/IMG_3200-e1747947091312.jpg","type":"image\/jpeg"}],"author":"Nexo Informativo","twitter_card":"summary_large_image","twitter_misc":{"Escrito por":"Nexo Informativo","Tiempo de lectura":"2 minutos"},"schema":{"@context":"https:\/\/schema.org","@graph":[{"@type":"Article","@id":"https:\/\/www.nexoinformativo.mx\/index.php\/2025\/05\/22\/la-sep-refuerza-filosofia-en-bachillerato-para-formar-ciudadanos-criticos\/#article","isPartOf":{"@id":"https:\/\/www.nexoinformativo.mx\/index.php\/2025\/05\/22\/la-sep-refuerza-filosofia-en-bachillerato-para-formar-ciudadanos-criticos\/"},"author":{"name":"Nexo Informativo","@id":"https:\/\/www.nexoinformativo.mx\/#\/schema\/person\/7749d380ba08c8ca00d7bc76fd907b7d"},"headline":"La SEP refuerza Filosof\u00eda en bachillerato para formar ciudadanos cr\u00edticos","datePublished":"2025-05-22T13:00:09+00:00","dateModified":"2025-05-22T20:54:10+00:00","mainEntityOfPage":{"@id":"https:\/\/www.nexoinformativo.mx\/index.php\/2025\/05\/22\/la-sep-refuerza-filosofia-en-bachillerato-para-formar-ciudadanos-criticos\/"},"wordCount":302,"commentCount":0,"publisher":{"@id":"https:\/\/www.nexoinformativo.mx\/#organization"},"image":{"@id":"https:\/\/www.nexoinformativo.mx\/index.php\/2025\/05\/22\/la-sep-refuerza-filosofia-en-bachillerato-para-formar-ciudadanos-criticos\/#primaryimage"},"thumbnailUrl":"https:\/\/www.nexoinformativo.mx\/wp-content\/uploads\/2025\/05\/IMG_3200-e1747947091312.jpg","keywords":["Filosof\u00edaEnBachillerato","MarioDelgado","SEPEducaci\u00f3n","Transformaci\u00f3nEducativa"],"articleSection":["Nacional","\u00daltima Hora"],"inLanguage":"es","potentialAction":[{"@type":"CommentAction","name":"Comment","target":["https:\/\/www.nexoinformativo.mx\/index.php\/2025\/05\/22\/la-sep-refuerza-filosofia-en-bachillerato-para-formar-ciudadanos-criticos\/#respond"]}]},{"@type":"WebPage","@id":"https:\/\/www.nexoinformativo.mx\/index.php\/2025\/05\/22\/la-sep-refuerza-filosofia-en-bachillerato-para-formar-ciudadanos-criticos\/","url":"https:\/\/www.nexoinformativo.mx\/index.php\/2025\/05\/22\/la-sep-refuerza-filosofia-en-bachillerato-para-formar-ciudadanos-criticos\/","name":"La SEP refuerza Filosof\u00eda en bachillerato para formar ciudadanos cr\u00edticos | Nexo Informativo Santiago de Quer\u00e9taro","isPartOf":{"@id":"https:\/\/www.nexoinformativo.mx\/#website"},"primaryImageOfPage":{"@id":"https:\/\/www.nexoinformativo.mx\/index.php\/2025\/05\/22\/la-sep-refuerza-filosofia-en-bachillerato-para-formar-ciudadanos-criticos\/#primaryimage"},"image":{"@id":"https:\/\/www.nexoinformativo.mx\/index.php\/2025\/05\/22\/la-sep-refuerza-filosofia-en-bachillerato-para-formar-ciudadanos-criticos\/#primaryimage"},"thumbnailUrl":"https:\/\/www.nexoinformativo.mx\/wp-content\/uploads\/2025\/05\/IMG_3200-e1747947091312.jpg","datePublished":"2025-05-22T13:00:09+00:00","dateModified":"2025-05-22T20:54:10+00:00","description":"La SEP refuerza Filosof\u00eda en bachillerato para formar ciudadanos cr\u00edticos","breadcrumb":{"@id":"https:\/\/www.nexoinformativo.mx\/index.php\/2025\/05\/22\/la-sep-refuerza-filosofia-en-bachillerato-para-formar-ciudadanos-criticos\/#breadcrumb"},"inLanguage":"es","potentialAction":[{"@type":"ReadAction","target":["https:\/\/www.nexoinformativo.mx\/index.php\/2025\/05\/22\/la-sep-refuerza-filosofia-en-bachillerato-para-formar-ciudadanos-criticos\/"]}]},{"@type":"ImageObject","inLanguage":"es","@id":"https:\/\/www.nexoinformativo.mx\/index.php\/2025\/05\/22\/la-sep-refuerza-filosofia-en-bachillerato-para-formar-ciudadanos-criticos\/#primaryimage","url":"https:\/\/www.nexoinformativo.mx\/wp-content\/uploads\/2025\/05\/IMG_3200-e1747947091312.jpg","contentUrl":"https:\/\/www.nexoinformativo.mx\/wp-content\/uploads\/2025\/05\/IMG_3200-e1747947091312.jpg","width":800,"height":533},{"@type":"BreadcrumbList","@id":"https:\/\/www.nexoinformativo.mx\/index.php\/2025\/05\/22\/la-sep-refuerza-filosofia-en-bachillerato-para-formar-ciudadanos-criticos\/#breadcrumb","itemListElement":[{"@type":"ListItem","position":1,"name":"Inicio","item":"https:\/\/www.nexoinformativo.mx\/"},{"@type":"ListItem","position":2,"name":"La SEP refuerza Filosof\u00eda en bachillerato para formar ciudadanos cr\u00edticos"}]},{"@type":"WebSite","@id":"https:\/\/www.nexoinformativo.mx\/#website","url":"https:\/\/www.nexoinformativo.mx\/","name":"Nexo Informativo Santiago de Quer\u00e9taro","description":"Explora NexoInformativo y convi\u00e9rtete en parte de una comunidad que valora el conocimiento y la verdad. Tu nexoinformativo es tu puente hacia una comprensi\u00f3n m\u00e1s profunda del mundo que te rodea.","publisher":{"@id":"https:\/\/www.nexoinformativo.mx\/#organization"},"potentialAction":[{"@type":"SearchAction","target":{"@type":"EntryPoint","urlTemplate":"https:\/\/www.nexoinformativo.mx\/?s={search_term_string}"},"query-input":{"@type":"PropertyValueSpecification","valueRequired":true,"valueName":"search_term_string"}}],"inLanguage":"es"},{"@type":"Organization","@id":"https:\/\/www.nexoinformativo.mx\/#organization","name":"Nexo Informativo Santiago de Quer\u00e9taro","url":"https:\/\/www.nexoinformativo.mx\/","logo":{"@type":"ImageObject","inLanguage":"es","@id":"https:\/\/www.nexoinformativo.mx\/#\/schema\/logo\/image\/","url":"https:\/\/www.nexoinformativo.mx\/wp-content\/uploads\/2024\/07\/nexoi-trasparente-2.png","contentUrl":"https:\/\/www.nexoinformativo.mx\/wp-content\/uploads\/2024\/07\/nexoi-trasparente-2.png","width":816,"height":339,"caption":"Nexo Informativo Santiago de Quer\u00e9taro"},"image":{"@id":"https:\/\/www.nexoinformativo.mx\/#\/schema\/logo\/image\/"},"sameAs":["https:\/\/www.facebook.com\/people\/Nexo-Informativo\/61564066885511\/"]},{"@type":"Person","@id":"https:\/\/www.nexoinformativo.mx\/#\/schema\/person\/7749d380ba08c8ca00d7bc76fd907b7d","name":"Nexo Informativo","image":{"@type":"ImageObject","inLanguage":"es","@id":"https:\/\/www.nexoinformativo.mx\/#\/schema\/person\/image\/","url":"https:\/\/secure.gravatar.com\/avatar\/dde2928154642a13d95f87ddf1ea9718fe2b46760a005c53e41ff5ad610704e6?s=96&d=mm&r=g","contentUrl":"https:\/\/secure.gravatar.com\/avatar\/dde2928154642a13d95f87ddf1ea9718fe2b46760a005c53e41ff5ad610704e6?s=96&d=mm&r=g","caption":"Nexo Informativo"},"url":"https:\/\/www.nexoinformativo.mx\/index.php\/author\/edicion\/"}]}},"_links":{"self":[{"href":"https:\/\/www.nexoinformativo.mx\/index.php\/wp-json\/wp\/v2\/posts\/15112","targetHints":{"allow":["GET"]}}],"collection":[{"href":"https:\/\/www.nexoinformativo.mx\/index.php\/wp-json\/wp\/v2\/posts"}],"about":[{"href":"https:\/\/www.nexoinformativo.mx\/index.php\/wp-json\/wp\/v2\/types\/post"}],"author":[{"embeddable":true,"href":"https:\/\/www.nexoinformativo.mx\/index.php\/wp-json\/wp\/v2\/users\/3"}],"replies":[{"embeddable":true,"href":"https:\/\/www.nexoinformativo.mx\/index.php\/wp-json\/wp\/v2\/comments?post=15112"}],"version-history":[{"count":4,"href":"https:\/\/www.nexoinformativo.mx\/index.php\/wp-json\/wp\/v2\/posts\/15112\/revisions"}],"predecessor-version":[{"id":15118,"href":"https:\/\/www.nexoinformativo.mx\/index.php\/wp-json\/wp\/v2\/posts\/15112\/revisions\/15118"}],"wp:featuredmedia":[{"embeddable":true,"href":"https:\/\/www.nexoinformativo.mx\/index.php\/wp-json\/wp\/v2\/media\/15113"}],"wp:attachment":[{"href":"https:\/\/www.nexoinformativo.mx\/index.php\/wp-json\/wp\/v2\/media?parent=15112"}],"wp:term":[{"taxonomy":"category","embeddable":true,"href":"https:\/\/www.nexoinformativo.mx\/index.php\/wp-json\/wp\/v2\/categories?post=15112"},{"taxonomy":"post_tag","embeddable":true,"href":"https:\/\/www.nexoinformativo.mx\/index.php\/wp-json\/wp\/v2\/tags?post=15112"}],"curies":[{"name":"wp","href":"https:\/\/api.w.org\/{rel}","templated":true}]}}