{"id":15119,"date":"2025-05-22T08:00:14","date_gmt":"2025-05-22T14:00:14","guid":{"rendered":"https:\/\/www.nexoinformativo.mx\/?p=15119"},"modified":"2025-05-22T14:58:35","modified_gmt":"2025-05-22T20:58:35","slug":"sict-lanza-licitacion-para-trenes-queretaro-irapuato-y-saltillo-nuevo-laredo","status":"publish","type":"post","link":"https:\/\/www.nexoinformativo.mx\/index.php\/2025\/05\/22\/sict-lanza-licitacion-para-trenes-queretaro-irapuato-y-saltillo-nuevo-laredo\/","title":{"rendered":"SICT lanza licitaci\u00f3n para trenes Quer\u00e9taro-Irapuato y Saltillo-Nuevo Laredo"},"content":{"rendered":"<p style=\"text-align: justify;\" data-sourcepos=\"3:1-3:233\">El proyecto de trenes de pasajeros avanza! La Secretar\u00eda de Infraestructura, Comunicaciones y Transportes (SICT) ha lanzado la licitaci\u00f3n para las rutas Quer\u00e9taro-Irapuato y Saltillo-Monterrey-Nuevo Laredo.<\/p>\n<\/p>\n<p>&nbsp;<\/p>\n<p style=\"text-align: justify;\" data-sourcepos=\"5:1-5:218\">Estas dos rutas, que suman m\u00e1s de 500 kil\u00f3metros, se espera que generen 9.5 millones de viajes anuales. La construcci\u00f3n comenzar\u00e1 en julio, una vez que se emita el fallo de la licitaci\u00f3n a finales de ese mismo mes.<\/p>\n<\/p>\n<p>&nbsp;<\/p>\n<p style=\"text-align: justify;\" data-sourcepos=\"7:1-7:316\">El tren Quer\u00e9taro-Irapuato tendr\u00e1 107.8 km y contar\u00e1 con estaciones clave, mientras que el Saltillo-Nuevo Laredosumar\u00e1 393.9 km y ocho estaciones.<\/p>\n<\/p>\n<p>&nbsp;<\/p>\n<p style=\"text-align: justify;\" data-sourcepos=\"7:1-7:316\">Ambos proyectos son parte del objetivo de la presidenta Claudia Sheinbaum de construir m\u00e1s de 3 mil kil\u00f3metros de trenes de pasajeros durante su administraci\u00f3n.<\/p>\n<\/p>\n<p>&nbsp;<\/p>\n<p style=\"text-align: center;\" data-sourcepos=\"7:1-7:316\"><em><strong>\u00a1Informaci\u00f3n que transforma!<\/strong><\/em><\/p>\n","protected":false},"excerpt":{"rendered":"<p>El proyecto de trenes de pasajeros avanza! La Secretar\u00eda de Infraestructura, Comunicaciones y Transportes (SICT) ha lanzado la licitaci\u00f3n para las rutas Quer\u00e9taro-Irapuato y Saltillo-Monterrey-Nuevo Laredo.<\/p>\n","protected":false},"author":3,"featured_media":15120,"comment_status":"open","ping_status":"open","sticky":false,"template":"","format":"standard","meta":{"footnotes":""},"categories":[88,58],"tags":[1011,3628,4530,1448],"class_list":["post-15119","post","type-post","status-publish","format-standard","has-post-thumbnail","hentry","category-nacional","category-ultima-hora","tag-infraestructuramx","tag-movilidadnacional","tag-queretaroirapuato","tag-trendepasajeros"],"yoast_head":"<!-- This site is optimized with the Yoast SEO plugin v25.0 - https:\/\/yoast.com\/wordpress\/plugins\/seo\/ -->\n<title>SICT lanza licitaci\u00f3n para trenes Quer\u00e9taro-Irapuato y Saltillo-Nuevo Laredo | Nexo Informativo Santiago de Quer\u00e9taro<\/title>\n<meta name=\"description\" content=\"SICT lanza licitaci\u00f3n para trenes Quer\u00e9taro-Irapuato y Saltillo-Nuevo Laredo\" \/>\n<meta name=\"robots\" content=\"index, follow, max-snippet:-1, max-image-preview:large, max-video-preview:-1\" \/>\n<link rel=\"canonical\" href=\"https:\/\/www.nexoinformativo.mx\/index.php\/2025\/05\/22\/sict-lanza-licitacion-para-trenes-queretaro-irapuato-y-saltillo-nuevo-laredo\/\" \/>\n<meta property=\"og:locale\" content=\"es_MX\" \/>\n<meta property=\"og:type\" content=\"article\" \/>\n<meta property=\"og:title\" content=\"SICT lanza licitaci\u00f3n para trenes Quer\u00e9taro-Irapuato y Saltillo-Nuevo Laredo | Nexo Informativo Santiago de Quer\u00e9taro\" \/>\n<meta property=\"og:description\" content=\"SICT lanza licitaci\u00f3n para trenes Quer\u00e9taro-Irapuato y Saltillo-Nuevo Laredo\" \/>\n<meta property=\"og:url\" content=\"https:\/\/www.nexoinformativo.mx\/index.php\/2025\/05\/22\/sict-lanza-licitacion-para-trenes-queretaro-irapuato-y-saltillo-nuevo-laredo\/\" \/>\n<meta property=\"og:site_name\" content=\"Nexo Informativo Santiago de Quer\u00e9taro\" \/>\n<meta property=\"article:publisher\" content=\"https:\/\/www.facebook.com\/people\/Nexo-Informativo\/61564066885511\/\" \/>\n<meta property=\"article:published_time\" content=\"2025-05-22T14:00:14+00:00\" \/>\n<meta property=\"article:modified_time\" content=\"2025-05-22T20:58:35+00:00\" \/>\n<meta property=\"og:image\" content=\"https:\/\/www.nexoinformativo.mx\/wp-content\/uploads\/2025\/05\/IMG_3203.jpg\" \/>\n\t<meta property=\"og:image:width\" content=\"650\" \/>\n\t<meta property=\"og:image:height\" content=\"380\" \/>\n\t<meta property=\"og:image:type\" content=\"image\/jpeg\" \/>\n<meta name=\"author\" content=\"Nexo Informativo\" \/>\n<meta name=\"twitter:card\" content=\"summary_large_image\" \/>\n<meta name=\"twitter:label1\" content=\"Escrito por\" \/>\n\t<meta name=\"twitter:data1\" content=\"Nexo Informativo\" \/>\n\t<meta name=\"twitter:label2\" content=\"Tiempo de lectura\" \/>\n\t<meta name=\"twitter:data2\" content=\"1 minuto\" \/>\n<script type=\"application\/ld+json\" class=\"yoast-schema-graph\">{\"@context\":\"https:\/\/schema.org\",\"@graph\":[{\"@type\":\"Article\",\"@id\":\"https:\/\/www.nexoinformativo.mx\/index.php\/2025\/05\/22\/sict-lanza-licitacion-para-trenes-queretaro-irapuato-y-saltillo-nuevo-laredo\/#article\",\"isPartOf\":{\"@id\":\"https:\/\/www.nexoinformativo.mx\/index.php\/2025\/05\/22\/sict-lanza-licitacion-para-trenes-queretaro-irapuato-y-saltillo-nuevo-laredo\/\"},\"author\":{\"name\":\"Nexo Informativo\",\"@id\":\"https:\/\/www.nexoinformativo.mx\/#\/schema\/person\/7749d380ba08c8ca00d7bc76fd907b7d\"},\"headline\":\"SICT lanza licitaci\u00f3n para trenes Quer\u00e9taro-Irapuato y Saltillo-Nuevo Laredo\",\"datePublished\":\"2025-05-22T14:00:14+00:00\",\"dateModified\":\"2025-05-22T20:58:35+00:00\",\"mainEntityOfPage\":{\"@id\":\"https:\/\/www.nexoinformativo.mx\/index.php\/2025\/05\/22\/sict-lanza-licitacion-para-trenes-queretaro-irapuato-y-saltillo-nuevo-laredo\/\"},\"wordCount\":136,\"commentCount\":0,\"publisher\":{\"@id\":\"https:\/\/www.nexoinformativo.mx\/#organization\"},\"image\":{\"@id\":\"https:\/\/www.nexoinformativo.mx\/index.php\/2025\/05\/22\/sict-lanza-licitacion-para-trenes-queretaro-irapuato-y-saltillo-nuevo-laredo\/#primaryimage\"},\"thumbnailUrl\":\"https:\/\/www.nexoinformativo.mx\/wp-content\/uploads\/2025\/05\/IMG_3203.jpg\",\"keywords\":[\"InfraestructuraMX\",\"MovilidadNacional\",\"Quer\u00e9taroIrapuato\",\"TrenDePasajeros\"],\"articleSection\":[\"Nacional\",\"\u00daltima Hora\"],\"inLanguage\":\"es\",\"potentialAction\":[{\"@type\":\"CommentAction\",\"name\":\"Comment\",\"target\":[\"https:\/\/www.nexoinformativo.mx\/index.php\/2025\/05\/22\/sict-lanza-licitacion-para-trenes-queretaro-irapuato-y-saltillo-nuevo-laredo\/#respond\"]}]},{\"@type\":\"WebPage\",\"@id\":\"https:\/\/www.nexoinformativo.mx\/index.php\/2025\/05\/22\/sict-lanza-licitacion-para-trenes-queretaro-irapuato-y-saltillo-nuevo-laredo\/\",\"url\":\"https:\/\/www.nexoinformativo.mx\/index.php\/2025\/05\/22\/sict-lanza-licitacion-para-trenes-queretaro-irapuato-y-saltillo-nuevo-laredo\/\",\"name\":\"SICT lanza licitaci\u00f3n para trenes Quer\u00e9taro-Irapuato y Saltillo-Nuevo Laredo | Nexo Informativo Santiago de Quer\u00e9taro\",\"isPartOf\":{\"@id\":\"https:\/\/www.nexoinformativo.mx\/#website\"},\"primaryImageOfPage\":{\"@id\":\"https:\/\/www.nexoinformativo.mx\/index.php\/2025\/05\/22\/sict-lanza-licitacion-para-trenes-queretaro-irapuato-y-saltillo-nuevo-laredo\/#primaryimage\"},\"image\":{\"@id\":\"https:\/\/www.nexoinformativo.mx\/index.php\/2025\/05\/22\/sict-lanza-licitacion-para-trenes-queretaro-irapuato-y-saltillo-nuevo-laredo\/#primaryimage\"},\"thumbnailUrl\":\"https:\/\/www.nexoinformativo.mx\/wp-content\/uploads\/2025\/05\/IMG_3203.jpg\",\"datePublished\":\"2025-05-22T14:00:14+00:00\",\"dateModified\":\"2025-05-22T20:58:35+00:00\",\"description\":\"SICT lanza licitaci\u00f3n para trenes Quer\u00e9taro-Irapuato y Saltillo-Nuevo Laredo\",\"breadcrumb\":{\"@id\":\"https:\/\/www.nexoinformativo.mx\/index.php\/2025\/05\/22\/sict-lanza-licitacion-para-trenes-queretaro-irapuato-y-saltillo-nuevo-laredo\/#breadcrumb\"},\"inLanguage\":\"es\",\"potentialAction\":[{\"@type\":\"ReadAction\",\"target\":[\"https:\/\/www.nexoinformativo.mx\/index.php\/2025\/05\/22\/sict-lanza-licitacion-para-trenes-queretaro-irapuato-y-saltillo-nuevo-laredo\/\"]}]},{\"@type\":\"ImageObject\",\"inLanguage\":\"es\",\"@id\":\"https:\/\/www.nexoinformativo.mx\/index.php\/2025\/05\/22\/sict-lanza-licitacion-para-trenes-queretaro-irapuato-y-saltillo-nuevo-laredo\/#primaryimage\",\"url\":\"https:\/\/www.nexoinformativo.mx\/wp-content\/uploads\/2025\/05\/IMG_3203.jpg\",\"contentUrl\":\"https:\/\/www.nexoinformativo.mx\/wp-content\/uploads\/2025\/05\/IMG_3203.jpg\",\"width\":650,\"height\":380},{\"@type\":\"BreadcrumbList\",\"@id\":\"https:\/\/www.nexoinformativo.mx\/index.php\/2025\/05\/22\/sict-lanza-licitacion-para-trenes-queretaro-irapuato-y-saltillo-nuevo-laredo\/#breadcrumb\",\"itemListElement\":[{\"@type\":\"ListItem\",\"position\":1,\"name\":\"Inicio\",\"item\":\"https:\/\/www.nexoinformativo.mx\/\"},{\"@type\":\"ListItem\",\"position\":2,\"name\":\"SICT lanza licitaci\u00f3n para trenes Quer\u00e9taro-Irapuato y Saltillo-Nuevo Laredo\"}]},{\"@type\":\"WebSite\",\"@id\":\"https:\/\/www.nexoinformativo.mx\/#website\",\"url\":\"https:\/\/www.nexoinformativo.mx\/\",\"name\":\"Nexo Informativo Santiago de Quer\u00e9taro\",\"description\":\"Explora NexoInformativo y convi\u00e9rtete en parte de una comunidad que valora el conocimiento y la verdad. Tu nexoinformativo es tu puente hacia una comprensi\u00f3n m\u00e1s profunda del mundo que te rodea.\",\"publisher\":{\"@id\":\"https:\/\/www.nexoinformativo.mx\/#organization\"},\"potentialAction\":[{\"@type\":\"SearchAction\",\"target\":{\"@type\":\"EntryPoint\",\"urlTemplate\":\"https:\/\/www.nexoinformativo.mx\/?s={search_term_string}\"},\"query-input\":{\"@type\":\"PropertyValueSpecification\",\"valueRequired\":true,\"valueName\":\"search_term_string\"}}],\"inLanguage\":\"es\"},{\"@type\":\"Organization\",\"@id\":\"https:\/\/www.nexoinformativo.mx\/#organization\",\"name\":\"Nexo Informativo Santiago de Quer\u00e9taro\",\"url\":\"https:\/\/www.nexoinformativo.mx\/\",\"logo\":{\"@type\":\"ImageObject\",\"inLanguage\":\"es\",\"@id\":\"https:\/\/www.nexoinformativo.mx\/#\/schema\/logo\/image\/\",\"url\":\"https:\/\/www.nexoinformativo.mx\/wp-content\/uploads\/2024\/07\/nexoi-trasparente-2.png\",\"contentUrl\":\"https:\/\/www.nexoinformativo.mx\/wp-content\/uploads\/2024\/07\/nexoi-trasparente-2.png\",\"width\":816,\"height\":339,\"caption\":\"Nexo Informativo Santiago de Quer\u00e9taro\"},\"image\":{\"@id\":\"https:\/\/www.nexoinformativo.mx\/#\/schema\/logo\/image\/\"},\"sameAs\":[\"https:\/\/www.facebook.com\/people\/Nexo-Informativo\/61564066885511\/\"]},{\"@type\":\"Person\",\"@id\":\"https:\/\/www.nexoinformativo.mx\/#\/schema\/person\/7749d380ba08c8ca00d7bc76fd907b7d\",\"name\":\"Nexo Informativo\",\"image\":{\"@type\":\"ImageObject\",\"inLanguage\":\"es\",\"@id\":\"https:\/\/www.nexoinformativo.mx\/#\/schema\/person\/image\/\",\"url\":\"https:\/\/secure.gravatar.com\/avatar\/dde2928154642a13d95f87ddf1ea9718fe2b46760a005c53e41ff5ad610704e6?s=96&d=mm&r=g\",\"contentUrl\":\"https:\/\/secure.gravatar.com\/avatar\/dde2928154642a13d95f87ddf1ea9718fe2b46760a005c53e41ff5ad610704e6?s=96&d=mm&r=g\",\"caption\":\"Nexo Informativo\"},\"url\":\"https:\/\/www.nexoinformativo.mx\/index.php\/author\/edicion\/\"}]}<\/script>\n<!-- \/ Yoast SEO plugin. -->","yoast_head_json":{"title":"SICT lanza licitaci\u00f3n para trenes Quer\u00e9taro-Irapuato y Saltillo-Nuevo Laredo | Nexo Informativo Santiago de Quer\u00e9taro","description":"SICT lanza licitaci\u00f3n para trenes Quer\u00e9taro-Irapuato y Saltillo-Nuevo Laredo","robots":{"index":"index","follow":"follow","max-snippet":"max-snippet:-1","max-image-preview":"max-image-preview:large","max-video-preview":"max-video-preview:-1"},"canonical":"https:\/\/www.nexoinformativo.mx\/index.php\/2025\/05\/22\/sict-lanza-licitacion-para-trenes-queretaro-irapuato-y-saltillo-nuevo-laredo\/","og_locale":"es_MX","og_type":"article","og_title":"SICT lanza licitaci\u00f3n para trenes Quer\u00e9taro-Irapuato y Saltillo-Nuevo Laredo | Nexo Informativo Santiago de Quer\u00e9taro","og_description":"SICT lanza licitaci\u00f3n para trenes Quer\u00e9taro-Irapuato y Saltillo-Nuevo Laredo","og_url":"https:\/\/www.nexoinformativo.mx\/index.php\/2025\/05\/22\/sict-lanza-licitacion-para-trenes-queretaro-irapuato-y-saltillo-nuevo-laredo\/","og_site_name":"Nexo Informativo Santiago de Quer\u00e9taro","article_publisher":"https:\/\/www.facebook.com\/people\/Nexo-Informativo\/61564066885511\/","article_published_time":"2025-05-22T14:00:14+00:00","article_modified_time":"2025-05-22T20:58:35+00:00","og_image":[{"width":650,"height":380,"url":"https:\/\/www.nexoinformativo.mx\/wp-content\/uploads\/2025\/05\/IMG_3203.jpg","type":"image\/jpeg"}],"author":"Nexo Informativo","twitter_card":"summary_large_image","twitter_misc":{"Escrito por":"Nexo Informativo","Tiempo de lectura":"1 minuto"},"schema":{"@context":"https:\/\/schema.org","@graph":[{"@type":"Article","@id":"https:\/\/www.nexoinformativo.mx\/index.php\/2025\/05\/22\/sict-lanza-licitacion-para-trenes-queretaro-irapuato-y-saltillo-nuevo-laredo\/#article","isPartOf":{"@id":"https:\/\/www.nexoinformativo.mx\/index.php\/2025\/05\/22\/sict-lanza-licitacion-para-trenes-queretaro-irapuato-y-saltillo-nuevo-laredo\/"},"author":{"name":"Nexo Informativo","@id":"https:\/\/www.nexoinformativo.mx\/#\/schema\/person\/7749d380ba08c8ca00d7bc76fd907b7d"},"headline":"SICT lanza licitaci\u00f3n para trenes Quer\u00e9taro-Irapuato y Saltillo-Nuevo Laredo","datePublished":"2025-05-22T14:00:14+00:00","dateModified":"2025-05-22T20:58:35+00:00","mainEntityOfPage":{"@id":"https:\/\/www.nexoinformativo.mx\/index.php\/2025\/05\/22\/sict-lanza-licitacion-para-trenes-queretaro-irapuato-y-saltillo-nuevo-laredo\/"},"wordCount":136,"commentCount":0,"publisher":{"@id":"https:\/\/www.nexoinformativo.mx\/#organization"},"image":{"@id":"https:\/\/www.nexoinformativo.mx\/index.php\/2025\/05\/22\/sict-lanza-licitacion-para-trenes-queretaro-irapuato-y-saltillo-nuevo-laredo\/#primaryimage"},"thumbnailUrl":"https:\/\/www.nexoinformativo.mx\/wp-content\/uploads\/2025\/05\/IMG_3203.jpg","keywords":["InfraestructuraMX","MovilidadNacional","Quer\u00e9taroIrapuato","TrenDePasajeros"],"articleSection":["Nacional","\u00daltima Hora"],"inLanguage":"es","potentialAction":[{"@type":"CommentAction","name":"Comment","target":["https:\/\/www.nexoinformativo.mx\/index.php\/2025\/05\/22\/sict-lanza-licitacion-para-trenes-queretaro-irapuato-y-saltillo-nuevo-laredo\/#respond"]}]},{"@type":"WebPage","@id":"https:\/\/www.nexoinformativo.mx\/index.php\/2025\/05\/22\/sict-lanza-licitacion-para-trenes-queretaro-irapuato-y-saltillo-nuevo-laredo\/","url":"https:\/\/www.nexoinformativo.mx\/index.php\/2025\/05\/22\/sict-lanza-licitacion-para-trenes-queretaro-irapuato-y-saltillo-nuevo-laredo\/","name":"SICT lanza licitaci\u00f3n para trenes Quer\u00e9taro-Irapuato y Saltillo-Nuevo Laredo | Nexo Informativo Santiago de Quer\u00e9taro","isPartOf":{"@id":"https:\/\/www.nexoinformativo.mx\/#website"},"primaryImageOfPage":{"@id":"https:\/\/www.nexoinformativo.mx\/index.php\/2025\/05\/22\/sict-lanza-licitacion-para-trenes-queretaro-irapuato-y-saltillo-nuevo-laredo\/#primaryimage"},"image":{"@id":"https:\/\/www.nexoinformativo.mx\/index.php\/2025\/05\/22\/sict-lanza-licitacion-para-trenes-queretaro-irapuato-y-saltillo-nuevo-laredo\/#primaryimage"},"thumbnailUrl":"https:\/\/www.nexoinformativo.mx\/wp-content\/uploads\/2025\/05\/IMG_3203.jpg","datePublished":"2025-05-22T14:00:14+00:00","dateModified":"2025-05-22T20:58:35+00:00","description":"SICT lanza licitaci\u00f3n para trenes Quer\u00e9taro-Irapuato y Saltillo-Nuevo Laredo","breadcrumb":{"@id":"https:\/\/www.nexoinformativo.mx\/index.php\/2025\/05\/22\/sict-lanza-licitacion-para-trenes-queretaro-irapuato-y-saltillo-nuevo-laredo\/#breadcrumb"},"inLanguage":"es","potentialAction":[{"@type":"ReadAction","target":["https:\/\/www.nexoinformativo.mx\/index.php\/2025\/05\/22\/sict-lanza-licitacion-para-trenes-queretaro-irapuato-y-saltillo-nuevo-laredo\/"]}]},{"@type":"ImageObject","inLanguage":"es","@id":"https:\/\/www.nexoinformativo.mx\/index.php\/2025\/05\/22\/sict-lanza-licitacion-para-trenes-queretaro-irapuato-y-saltillo-nuevo-laredo\/#primaryimage","url":"https:\/\/www.nexoinformativo.mx\/wp-content\/uploads\/2025\/05\/IMG_3203.jpg","contentUrl":"https:\/\/www.nexoinformativo.mx\/wp-content\/uploads\/2025\/05\/IMG_3203.jpg","width":650,"height":380},{"@type":"BreadcrumbList","@id":"https:\/\/www.nexoinformativo.mx\/index.php\/2025\/05\/22\/sict-lanza-licitacion-para-trenes-queretaro-irapuato-y-saltillo-nuevo-laredo\/#breadcrumb","itemListElement":[{"@type":"ListItem","position":1,"name":"Inicio","item":"https:\/\/www.nexoinformativo.mx\/"},{"@type":"ListItem","position":2,"name":"SICT lanza licitaci\u00f3n para trenes Quer\u00e9taro-Irapuato y Saltillo-Nuevo Laredo"}]},{"@type":"WebSite","@id":"https:\/\/www.nexoinformativo.mx\/#website","url":"https:\/\/www.nexoinformativo.mx\/","name":"Nexo Informativo Santiago de Quer\u00e9taro","description":"Explora NexoInformativo y convi\u00e9rtete en parte de una comunidad que valora el conocimiento y la verdad. Tu nexoinformativo es tu puente hacia una comprensi\u00f3n m\u00e1s profunda del mundo que te rodea.","publisher":{"@id":"https:\/\/www.nexoinformativo.mx\/#organization"},"potentialAction":[{"@type":"SearchAction","target":{"@type":"EntryPoint","urlTemplate":"https:\/\/www.nexoinformativo.mx\/?s={search_term_string}"},"query-input":{"@type":"PropertyValueSpecification","valueRequired":true,"valueName":"search_term_string"}}],"inLanguage":"es"},{"@type":"Organization","@id":"https:\/\/www.nexoinformativo.mx\/#organization","name":"Nexo Informativo Santiago de Quer\u00e9taro","url":"https:\/\/www.nexoinformativo.mx\/","logo":{"@type":"ImageObject","inLanguage":"es","@id":"https:\/\/www.nexoinformativo.mx\/#\/schema\/logo\/image\/","url":"https:\/\/www.nexoinformativo.mx\/wp-content\/uploads\/2024\/07\/nexoi-trasparente-2.png","contentUrl":"https:\/\/www.nexoinformativo.mx\/wp-content\/uploads\/2024\/07\/nexoi-trasparente-2.png","width":816,"height":339,"caption":"Nexo Informativo Santiago de Quer\u00e9taro"},"image":{"@id":"https:\/\/www.nexoinformativo.mx\/#\/schema\/logo\/image\/"},"sameAs":["https:\/\/www.facebook.com\/people\/Nexo-Informativo\/61564066885511\/"]},{"@type":"Person","@id":"https:\/\/www.nexoinformativo.mx\/#\/schema\/person\/7749d380ba08c8ca00d7bc76fd907b7d","name":"Nexo Informativo","image":{"@type":"ImageObject","inLanguage":"es","@id":"https:\/\/www.nexoinformativo.mx\/#\/schema\/person\/image\/","url":"https:\/\/secure.gravatar.com\/avatar\/dde2928154642a13d95f87ddf1ea9718fe2b46760a005c53e41ff5ad610704e6?s=96&d=mm&r=g","contentUrl":"https:\/\/secure.gravatar.com\/avatar\/dde2928154642a13d95f87ddf1ea9718fe2b46760a005c53e41ff5ad610704e6?s=96&d=mm&r=g","caption":"Nexo Informativo"},"url":"https:\/\/www.nexoinformativo.mx\/index.php\/author\/edicion\/"}]}},"_links":{"self":[{"href":"https:\/\/www.nexoinformativo.mx\/index.php\/wp-json\/wp\/v2\/posts\/15119","targetHints":{"allow":["GET"]}}],"collection":[{"href":"https:\/\/www.nexoinformativo.mx\/index.php\/wp-json\/wp\/v2\/posts"}],"about":[{"href":"https:\/\/www.nexoinformativo.mx\/index.php\/wp-json\/wp\/v2\/types\/post"}],"author":[{"embeddable":true,"href":"https:\/\/www.nexoinformativo.mx\/index.php\/wp-json\/wp\/v2\/users\/3"}],"replies":[{"embeddable":true,"href":"https:\/\/www.nexoinformativo.mx\/index.php\/wp-json\/wp\/v2\/comments?post=15119"}],"version-history":[{"count":3,"href":"https:\/\/www.nexoinformativo.mx\/index.php\/wp-json\/wp\/v2\/posts\/15119\/revisions"}],"predecessor-version":[{"id":15123,"href":"https:\/\/www.nexoinformativo.mx\/index.php\/wp-json\/wp\/v2\/posts\/15119\/revisions\/15123"}],"wp:featuredmedia":[{"embeddable":true,"href":"https:\/\/www.nexoinformativo.mx\/index.php\/wp-json\/wp\/v2\/media\/15120"}],"wp:attachment":[{"href":"https:\/\/www.nexoinformativo.mx\/index.php\/wp-json\/wp\/v2\/media?parent=15119"}],"wp:term":[{"taxonomy":"category","embeddable":true,"href":"https:\/\/www.nexoinformativo.mx\/index.php\/wp-json\/wp\/v2\/categories?post=15119"},{"taxonomy":"post_tag","embeddable":true,"href":"https:\/\/www.nexoinformativo.mx\/index.php\/wp-json\/wp\/v2\/tags?post=15119"}],"curies":[{"name":"wp","href":"https:\/\/api.w.org\/{rel}","templated":true}]}}