{"id":15124,"date":"2025-05-22T09:00:46","date_gmt":"2025-05-22T15:00:46","guid":{"rendered":"https:\/\/www.nexoinformativo.mx\/?p=15124"},"modified":"2025-05-22T15:03:24","modified_gmt":"2025-05-22T21:03:24","slug":"nueva-era-mexico-italia-ebrard-impulsa-una-alianza-estrategica-con-visita-historica","status":"publish","type":"post","link":"https:\/\/www.nexoinformativo.mx\/index.php\/2025\/05\/22\/nueva-era-mexico-italia-ebrard-impulsa-una-alianza-estrategica-con-visita-historica\/","title":{"rendered":"Nueva era M\u00e9xico-Italia Ebrard impulsa una alianza estrat\u00e9gica con visita hist\u00f3rica"},"content":{"rendered":"<p style=\"text-align: justify;\" data-sourcepos=\"3:1-3:333\">Una relaci\u00f3n que se fortalece! El secretario de Econom\u00eda, Marcelo Ebrard, encabez\u00f3 hoy el Foro Empresarial M\u00e9xico-Italia, marcando el inicio de una &#8220;nueva etapa&#8221; en la relaci\u00f3n bilateral con la visita de un Viceprimer Ministro italiano, algo que no ocurr\u00eda en casi una d\u00e9cada.<\/p>\n<\/p>\n<p>&nbsp;<\/p>\n<p style=\"text-align: justify;\" data-sourcepos=\"5:1-5:370\">Ebrard dio una calurosa bienvenida a Antonio, el Viceprimer Ministro, destacando que su presencia simboliza un compromiso serio.<\/p>\n<\/p>\n<p>&nbsp;<\/p>\n<p style=\"text-align: justify;\" data-sourcepos=\"5:1-5:370\">&#8220;Antonio me dijo, queremos iniciar una nueva etapa de M\u00e9xico-Italia&#8230; El d\u00eda de hoy que ha hecho el viaje a M\u00e9xico para esto, pues significa que va en serio, no es una declaraci\u00f3n m\u00e1s, es el inicio de una nueva etapa&#8221;, se\u00f1al\u00f3 el Secretario.<\/p>\n<\/p>\n<p>&nbsp;<\/p>\n<p style=\"text-align: justify;\" data-sourcepos=\"7:1-7:321\">La relaci\u00f3n econ\u00f3mica entre M\u00e9xico e Italia ha sido robusta, con M\u00e9xico importando 90 mil millones de d\u00f3lares en la \u00faltima d\u00e9cada, principalmente en manufacturas. Ahora, se busca una mayor integraci\u00f3n entre econom\u00edas compatibles, que creen en sistemas democr\u00e1ticos y abiertos, y que respetan la propiedad intelectual.<\/p>\n<\/p>\n<p>&nbsp;<\/p>\n<p style=\"text-align: justify;\" data-sourcepos=\"13:1-13:367\">Ebrard enfatiz\u00f3 que la econom\u00eda mundial est\u00e1 viviendo una revoluci\u00f3n impulsada por la inteligencia artificial, la computaci\u00f3n cu\u00e1ntica y los semiconductores.<\/p>\n<\/p>\n<p>&nbsp;<\/p>\n<p style=\"text-align: justify;\" data-sourcepos=\"13:1-13:367\">M\u00e9xico, de hecho, tendr\u00e1 su primer centro de datos asociado al lenguaje propio de inteligencia artificial entre 2025 y 2026. &#8220;M\u00e9xico e Italia van a sacar provecho, van a aprovechar y van a crecer&#8221;, afirm\u00f3.<\/p>\n<\/p>\n<p>&nbsp;<\/p>\n<p style=\"text-align: justify;\" data-sourcepos=\"13:1-13:367\">Con la presencia de un importante n\u00famero de empresarios italianos interesados en expandir sus operaciones en M\u00e9xico, se augura un futuro de crecimiento y fortalecimiento de la amistad bilateral.<\/p>\n<\/p>\n<p>&nbsp;<\/p>\n<p style=\"text-align: center;\" data-sourcepos=\"13:1-13:367\"><em><strong>\u00a1Informaci\u00f3n que transforma!<\/strong><\/em><\/p>\n","protected":false},"excerpt":{"rendered":"<p>Una relaci\u00f3n que se fortalece! El secretario de Econom\u00eda, Marcelo Ebrard, encabez\u00f3 hoy el Foro Empresarial M\u00e9xico-Italia, marcando el inicio de una &#8220;nueva etapa&#8221; en la relaci\u00f3n bilateral con la visita de un Viceprimer Ministro italiano, algo que no ocurr\u00eda en casi una d\u00e9cada.<\/p>\n","protected":false},"author":3,"featured_media":15125,"comment_status":"open","ping_status":"open","sticky":false,"template":"","format":"standard","meta":{"footnotes":""},"categories":[5,88,58],"tags":[4531,1491,2518,1059],"class_list":["post-15124","post","type-post","status-publish","format-standard","has-post-thumbnail","hentry","category-economia","category-nacional","category-ultima-hora","tag-alianzaestrategica","tag-comerciointernacional","tag-ebrard","tag-mexicoitalia"],"yoast_head":"<!-- This site is optimized with the Yoast SEO plugin v25.0 - https:\/\/yoast.com\/wordpress\/plugins\/seo\/ -->\n<title>Nueva era M\u00e9xico-Italia Ebrard impulsa una alianza estrat\u00e9gica con visita hist\u00f3rica | Nexo Informativo Santiago de Quer\u00e9taro<\/title>\n<meta name=\"description\" content=\"Nueva era M\u00e9xico-Italia Ebrard impulsa una alianza estrat\u00e9gica con visita hist\u00f3rica\" \/>\n<meta name=\"robots\" content=\"index, follow, max-snippet:-1, max-image-preview:large, max-video-preview:-1\" \/>\n<link rel=\"canonical\" href=\"https:\/\/www.nexoinformativo.mx\/index.php\/2025\/05\/22\/nueva-era-mexico-italia-ebrard-impulsa-una-alianza-estrategica-con-visita-historica\/\" \/>\n<meta property=\"og:locale\" content=\"es_MX\" \/>\n<meta property=\"og:type\" content=\"article\" \/>\n<meta property=\"og:title\" content=\"Nueva era M\u00e9xico-Italia Ebrard impulsa una alianza estrat\u00e9gica con visita hist\u00f3rica | Nexo Informativo Santiago de Quer\u00e9taro\" \/>\n<meta property=\"og:description\" content=\"Nueva era M\u00e9xico-Italia Ebrard impulsa una alianza estrat\u00e9gica con visita hist\u00f3rica\" \/>\n<meta property=\"og:url\" content=\"https:\/\/www.nexoinformativo.mx\/index.php\/2025\/05\/22\/nueva-era-mexico-italia-ebrard-impulsa-una-alianza-estrategica-con-visita-historica\/\" \/>\n<meta property=\"og:site_name\" content=\"Nexo Informativo Santiago de Quer\u00e9taro\" \/>\n<meta property=\"article:publisher\" content=\"https:\/\/www.facebook.com\/people\/Nexo-Informativo\/61564066885511\/\" \/>\n<meta property=\"article:published_time\" content=\"2025-05-22T15:00:46+00:00\" \/>\n<meta property=\"article:modified_time\" content=\"2025-05-22T21:03:24+00:00\" \/>\n<meta property=\"og:image\" content=\"https:\/\/www.nexoinformativo.mx\/wp-content\/uploads\/2025\/05\/IMG_3199-e1747947757104.jpg\" \/>\n\t<meta property=\"og:image:width\" content=\"800\" \/>\n\t<meta property=\"og:image:height\" content=\"533\" \/>\n\t<meta property=\"og:image:type\" content=\"image\/jpeg\" \/>\n<meta name=\"author\" content=\"Nexo Informativo\" \/>\n<meta name=\"twitter:card\" content=\"summary_large_image\" \/>\n<meta name=\"twitter:label1\" content=\"Escrito por\" \/>\n\t<meta name=\"twitter:data1\" content=\"Nexo Informativo\" \/>\n\t<meta name=\"twitter:label2\" content=\"Tiempo de lectura\" \/>\n\t<meta name=\"twitter:data2\" content=\"2 minutos\" \/>\n<script type=\"application\/ld+json\" class=\"yoast-schema-graph\">{\"@context\":\"https:\/\/schema.org\",\"@graph\":[{\"@type\":\"Article\",\"@id\":\"https:\/\/www.nexoinformativo.mx\/index.php\/2025\/05\/22\/nueva-era-mexico-italia-ebrard-impulsa-una-alianza-estrategica-con-visita-historica\/#article\",\"isPartOf\":{\"@id\":\"https:\/\/www.nexoinformativo.mx\/index.php\/2025\/05\/22\/nueva-era-mexico-italia-ebrard-impulsa-una-alianza-estrategica-con-visita-historica\/\"},\"author\":{\"name\":\"Nexo Informativo\",\"@id\":\"https:\/\/www.nexoinformativo.mx\/#\/schema\/person\/7749d380ba08c8ca00d7bc76fd907b7d\"},\"headline\":\"Nueva era M\u00e9xico-Italia Ebrard impulsa una alianza estrat\u00e9gica con visita hist\u00f3rica\",\"datePublished\":\"2025-05-22T15:00:46+00:00\",\"dateModified\":\"2025-05-22T21:03:24+00:00\",\"mainEntityOfPage\":{\"@id\":\"https:\/\/www.nexoinformativo.mx\/index.php\/2025\/05\/22\/nueva-era-mexico-italia-ebrard-impulsa-una-alianza-estrategica-con-visita-historica\/\"},\"wordCount\":289,\"commentCount\":0,\"publisher\":{\"@id\":\"https:\/\/www.nexoinformativo.mx\/#organization\"},\"image\":{\"@id\":\"https:\/\/www.nexoinformativo.mx\/index.php\/2025\/05\/22\/nueva-era-mexico-italia-ebrard-impulsa-una-alianza-estrategica-con-visita-historica\/#primaryimage\"},\"thumbnailUrl\":\"https:\/\/www.nexoinformativo.mx\/wp-content\/uploads\/2025\/05\/IMG_3199-e1747947757104.jpg\",\"keywords\":[\"AlianzaEstrat\u00e9gica\",\"ComercioInternacional\",\"Ebrard\",\"M\u00e9xicoItalia\"],\"articleSection\":[\"Econom\u00eda\",\"Nacional\",\"\u00daltima Hora\"],\"inLanguage\":\"es\",\"potentialAction\":[{\"@type\":\"CommentAction\",\"name\":\"Comment\",\"target\":[\"https:\/\/www.nexoinformativo.mx\/index.php\/2025\/05\/22\/nueva-era-mexico-italia-ebrard-impulsa-una-alianza-estrategica-con-visita-historica\/#respond\"]}]},{\"@type\":\"WebPage\",\"@id\":\"https:\/\/www.nexoinformativo.mx\/index.php\/2025\/05\/22\/nueva-era-mexico-italia-ebrard-impulsa-una-alianza-estrategica-con-visita-historica\/\",\"url\":\"https:\/\/www.nexoinformativo.mx\/index.php\/2025\/05\/22\/nueva-era-mexico-italia-ebrard-impulsa-una-alianza-estrategica-con-visita-historica\/\",\"name\":\"Nueva era M\u00e9xico-Italia Ebrard impulsa una alianza estrat\u00e9gica con visita hist\u00f3rica | Nexo Informativo Santiago de Quer\u00e9taro\",\"isPartOf\":{\"@id\":\"https:\/\/www.nexoinformativo.mx\/#website\"},\"primaryImageOfPage\":{\"@id\":\"https:\/\/www.nexoinformativo.mx\/index.php\/2025\/05\/22\/nueva-era-mexico-italia-ebrard-impulsa-una-alianza-estrategica-con-visita-historica\/#primaryimage\"},\"image\":{\"@id\":\"https:\/\/www.nexoinformativo.mx\/index.php\/2025\/05\/22\/nueva-era-mexico-italia-ebrard-impulsa-una-alianza-estrategica-con-visita-historica\/#primaryimage\"},\"thumbnailUrl\":\"https:\/\/www.nexoinformativo.mx\/wp-content\/uploads\/2025\/05\/IMG_3199-e1747947757104.jpg\",\"datePublished\":\"2025-05-22T15:00:46+00:00\",\"dateModified\":\"2025-05-22T21:03:24+00:00\",\"description\":\"Nueva era M\u00e9xico-Italia Ebrard impulsa una alianza estrat\u00e9gica con visita hist\u00f3rica\",\"breadcrumb\":{\"@id\":\"https:\/\/www.nexoinformativo.mx\/index.php\/2025\/05\/22\/nueva-era-mexico-italia-ebrard-impulsa-una-alianza-estrategica-con-visita-historica\/#breadcrumb\"},\"inLanguage\":\"es\",\"potentialAction\":[{\"@type\":\"ReadAction\",\"target\":[\"https:\/\/www.nexoinformativo.mx\/index.php\/2025\/05\/22\/nueva-era-mexico-italia-ebrard-impulsa-una-alianza-estrategica-con-visita-historica\/\"]}]},{\"@type\":\"ImageObject\",\"inLanguage\":\"es\",\"@id\":\"https:\/\/www.nexoinformativo.mx\/index.php\/2025\/05\/22\/nueva-era-mexico-italia-ebrard-impulsa-una-alianza-estrategica-con-visita-historica\/#primaryimage\",\"url\":\"https:\/\/www.nexoinformativo.mx\/wp-content\/uploads\/2025\/05\/IMG_3199-e1747947757104.jpg\",\"contentUrl\":\"https:\/\/www.nexoinformativo.mx\/wp-content\/uploads\/2025\/05\/IMG_3199-e1747947757104.jpg\",\"width\":800,\"height\":533},{\"@type\":\"BreadcrumbList\",\"@id\":\"https:\/\/www.nexoinformativo.mx\/index.php\/2025\/05\/22\/nueva-era-mexico-italia-ebrard-impulsa-una-alianza-estrategica-con-visita-historica\/#breadcrumb\",\"itemListElement\":[{\"@type\":\"ListItem\",\"position\":1,\"name\":\"Inicio\",\"item\":\"https:\/\/www.nexoinformativo.mx\/\"},{\"@type\":\"ListItem\",\"position\":2,\"name\":\"Nueva era M\u00e9xico-Italia Ebrard impulsa una alianza estrat\u00e9gica con visita hist\u00f3rica\"}]},{\"@type\":\"WebSite\",\"@id\":\"https:\/\/www.nexoinformativo.mx\/#website\",\"url\":\"https:\/\/www.nexoinformativo.mx\/\",\"name\":\"Nexo Informativo Santiago de Quer\u00e9taro\",\"description\":\"Explora NexoInformativo y convi\u00e9rtete en parte de una comunidad que valora el conocimiento y la verdad. Tu nexoinformativo es tu puente hacia una comprensi\u00f3n m\u00e1s profunda del mundo que te rodea.\",\"publisher\":{\"@id\":\"https:\/\/www.nexoinformativo.mx\/#organization\"},\"potentialAction\":[{\"@type\":\"SearchAction\",\"target\":{\"@type\":\"EntryPoint\",\"urlTemplate\":\"https:\/\/www.nexoinformativo.mx\/?s={search_term_string}\"},\"query-input\":{\"@type\":\"PropertyValueSpecification\",\"valueRequired\":true,\"valueName\":\"search_term_string\"}}],\"inLanguage\":\"es\"},{\"@type\":\"Organization\",\"@id\":\"https:\/\/www.nexoinformativo.mx\/#organization\",\"name\":\"Nexo Informativo Santiago de Quer\u00e9taro\",\"url\":\"https:\/\/www.nexoinformativo.mx\/\",\"logo\":{\"@type\":\"ImageObject\",\"inLanguage\":\"es\",\"@id\":\"https:\/\/www.nexoinformativo.mx\/#\/schema\/logo\/image\/\",\"url\":\"https:\/\/www.nexoinformativo.mx\/wp-content\/uploads\/2024\/07\/nexoi-trasparente-2.png\",\"contentUrl\":\"https:\/\/www.nexoinformativo.mx\/wp-content\/uploads\/2024\/07\/nexoi-trasparente-2.png\",\"width\":816,\"height\":339,\"caption\":\"Nexo Informativo Santiago de Quer\u00e9taro\"},\"image\":{\"@id\":\"https:\/\/www.nexoinformativo.mx\/#\/schema\/logo\/image\/\"},\"sameAs\":[\"https:\/\/www.facebook.com\/people\/Nexo-Informativo\/61564066885511\/\"]},{\"@type\":\"Person\",\"@id\":\"https:\/\/www.nexoinformativo.mx\/#\/schema\/person\/7749d380ba08c8ca00d7bc76fd907b7d\",\"name\":\"Nexo Informativo\",\"image\":{\"@type\":\"ImageObject\",\"inLanguage\":\"es\",\"@id\":\"https:\/\/www.nexoinformativo.mx\/#\/schema\/person\/image\/\",\"url\":\"https:\/\/secure.gravatar.com\/avatar\/dde2928154642a13d95f87ddf1ea9718fe2b46760a005c53e41ff5ad610704e6?s=96&d=mm&r=g\",\"contentUrl\":\"https:\/\/secure.gravatar.com\/avatar\/dde2928154642a13d95f87ddf1ea9718fe2b46760a005c53e41ff5ad610704e6?s=96&d=mm&r=g\",\"caption\":\"Nexo Informativo\"},\"url\":\"https:\/\/www.nexoinformativo.mx\/index.php\/author\/edicion\/\"}]}<\/script>\n<!-- \/ Yoast SEO plugin. -->","yoast_head_json":{"title":"Nueva era M\u00e9xico-Italia Ebrard impulsa una alianza estrat\u00e9gica con visita hist\u00f3rica | Nexo Informativo Santiago de Quer\u00e9taro","description":"Nueva era M\u00e9xico-Italia Ebrard impulsa una alianza estrat\u00e9gica con visita hist\u00f3rica","robots":{"index":"index","follow":"follow","max-snippet":"max-snippet:-1","max-image-preview":"max-image-preview:large","max-video-preview":"max-video-preview:-1"},"canonical":"https:\/\/www.nexoinformativo.mx\/index.php\/2025\/05\/22\/nueva-era-mexico-italia-ebrard-impulsa-una-alianza-estrategica-con-visita-historica\/","og_locale":"es_MX","og_type":"article","og_title":"Nueva era M\u00e9xico-Italia Ebrard impulsa una alianza estrat\u00e9gica con visita hist\u00f3rica | Nexo Informativo Santiago de Quer\u00e9taro","og_description":"Nueva era M\u00e9xico-Italia Ebrard impulsa una alianza estrat\u00e9gica con visita hist\u00f3rica","og_url":"https:\/\/www.nexoinformativo.mx\/index.php\/2025\/05\/22\/nueva-era-mexico-italia-ebrard-impulsa-una-alianza-estrategica-con-visita-historica\/","og_site_name":"Nexo Informativo Santiago de Quer\u00e9taro","article_publisher":"https:\/\/www.facebook.com\/people\/Nexo-Informativo\/61564066885511\/","article_published_time":"2025-05-22T15:00:46+00:00","article_modified_time":"2025-05-22T21:03:24+00:00","og_image":[{"width":800,"height":533,"url":"https:\/\/www.nexoinformativo.mx\/wp-content\/uploads\/2025\/05\/IMG_3199-e1747947757104.jpg","type":"image\/jpeg"}],"author":"Nexo Informativo","twitter_card":"summary_large_image","twitter_misc":{"Escrito por":"Nexo Informativo","Tiempo de lectura":"2 minutos"},"schema":{"@context":"https:\/\/schema.org","@graph":[{"@type":"Article","@id":"https:\/\/www.nexoinformativo.mx\/index.php\/2025\/05\/22\/nueva-era-mexico-italia-ebrard-impulsa-una-alianza-estrategica-con-visita-historica\/#article","isPartOf":{"@id":"https:\/\/www.nexoinformativo.mx\/index.php\/2025\/05\/22\/nueva-era-mexico-italia-ebrard-impulsa-una-alianza-estrategica-con-visita-historica\/"},"author":{"name":"Nexo Informativo","@id":"https:\/\/www.nexoinformativo.mx\/#\/schema\/person\/7749d380ba08c8ca00d7bc76fd907b7d"},"headline":"Nueva era M\u00e9xico-Italia Ebrard impulsa una alianza estrat\u00e9gica con visita hist\u00f3rica","datePublished":"2025-05-22T15:00:46+00:00","dateModified":"2025-05-22T21:03:24+00:00","mainEntityOfPage":{"@id":"https:\/\/www.nexoinformativo.mx\/index.php\/2025\/05\/22\/nueva-era-mexico-italia-ebrard-impulsa-una-alianza-estrategica-con-visita-historica\/"},"wordCount":289,"commentCount":0,"publisher":{"@id":"https:\/\/www.nexoinformativo.mx\/#organization"},"image":{"@id":"https:\/\/www.nexoinformativo.mx\/index.php\/2025\/05\/22\/nueva-era-mexico-italia-ebrard-impulsa-una-alianza-estrategica-con-visita-historica\/#primaryimage"},"thumbnailUrl":"https:\/\/www.nexoinformativo.mx\/wp-content\/uploads\/2025\/05\/IMG_3199-e1747947757104.jpg","keywords":["AlianzaEstrat\u00e9gica","ComercioInternacional","Ebrard","M\u00e9xicoItalia"],"articleSection":["Econom\u00eda","Nacional","\u00daltima Hora"],"inLanguage":"es","potentialAction":[{"@type":"CommentAction","name":"Comment","target":["https:\/\/www.nexoinformativo.mx\/index.php\/2025\/05\/22\/nueva-era-mexico-italia-ebrard-impulsa-una-alianza-estrategica-con-visita-historica\/#respond"]}]},{"@type":"WebPage","@id":"https:\/\/www.nexoinformativo.mx\/index.php\/2025\/05\/22\/nueva-era-mexico-italia-ebrard-impulsa-una-alianza-estrategica-con-visita-historica\/","url":"https:\/\/www.nexoinformativo.mx\/index.php\/2025\/05\/22\/nueva-era-mexico-italia-ebrard-impulsa-una-alianza-estrategica-con-visita-historica\/","name":"Nueva era M\u00e9xico-Italia Ebrard impulsa una alianza estrat\u00e9gica con visita hist\u00f3rica | Nexo Informativo Santiago de Quer\u00e9taro","isPartOf":{"@id":"https:\/\/www.nexoinformativo.mx\/#website"},"primaryImageOfPage":{"@id":"https:\/\/www.nexoinformativo.mx\/index.php\/2025\/05\/22\/nueva-era-mexico-italia-ebrard-impulsa-una-alianza-estrategica-con-visita-historica\/#primaryimage"},"image":{"@id":"https:\/\/www.nexoinformativo.mx\/index.php\/2025\/05\/22\/nueva-era-mexico-italia-ebrard-impulsa-una-alianza-estrategica-con-visita-historica\/#primaryimage"},"thumbnailUrl":"https:\/\/www.nexoinformativo.mx\/wp-content\/uploads\/2025\/05\/IMG_3199-e1747947757104.jpg","datePublished":"2025-05-22T15:00:46+00:00","dateModified":"2025-05-22T21:03:24+00:00","description":"Nueva era M\u00e9xico-Italia Ebrard impulsa una alianza estrat\u00e9gica con visita hist\u00f3rica","breadcrumb":{"@id":"https:\/\/www.nexoinformativo.mx\/index.php\/2025\/05\/22\/nueva-era-mexico-italia-ebrard-impulsa-una-alianza-estrategica-con-visita-historica\/#breadcrumb"},"inLanguage":"es","potentialAction":[{"@type":"ReadAction","target":["https:\/\/www.nexoinformativo.mx\/index.php\/2025\/05\/22\/nueva-era-mexico-italia-ebrard-impulsa-una-alianza-estrategica-con-visita-historica\/"]}]},{"@type":"ImageObject","inLanguage":"es","@id":"https:\/\/www.nexoinformativo.mx\/index.php\/2025\/05\/22\/nueva-era-mexico-italia-ebrard-impulsa-una-alianza-estrategica-con-visita-historica\/#primaryimage","url":"https:\/\/www.nexoinformativo.mx\/wp-content\/uploads\/2025\/05\/IMG_3199-e1747947757104.jpg","contentUrl":"https:\/\/www.nexoinformativo.mx\/wp-content\/uploads\/2025\/05\/IMG_3199-e1747947757104.jpg","width":800,"height":533},{"@type":"BreadcrumbList","@id":"https:\/\/www.nexoinformativo.mx\/index.php\/2025\/05\/22\/nueva-era-mexico-italia-ebrard-impulsa-una-alianza-estrategica-con-visita-historica\/#breadcrumb","itemListElement":[{"@type":"ListItem","position":1,"name":"Inicio","item":"https:\/\/www.nexoinformativo.mx\/"},{"@type":"ListItem","position":2,"name":"Nueva era M\u00e9xico-Italia Ebrard impulsa una alianza estrat\u00e9gica con visita hist\u00f3rica"}]},{"@type":"WebSite","@id":"https:\/\/www.nexoinformativo.mx\/#website","url":"https:\/\/www.nexoinformativo.mx\/","name":"Nexo Informativo Santiago de Quer\u00e9taro","description":"Explora NexoInformativo y convi\u00e9rtete en parte de una comunidad que valora el conocimiento y la verdad. Tu nexoinformativo es tu puente hacia una comprensi\u00f3n m\u00e1s profunda del mundo que te rodea.","publisher":{"@id":"https:\/\/www.nexoinformativo.mx\/#organization"},"potentialAction":[{"@type":"SearchAction","target":{"@type":"EntryPoint","urlTemplate":"https:\/\/www.nexoinformativo.mx\/?s={search_term_string}"},"query-input":{"@type":"PropertyValueSpecification","valueRequired":true,"valueName":"search_term_string"}}],"inLanguage":"es"},{"@type":"Organization","@id":"https:\/\/www.nexoinformativo.mx\/#organization","name":"Nexo Informativo Santiago de Quer\u00e9taro","url":"https:\/\/www.nexoinformativo.mx\/","logo":{"@type":"ImageObject","inLanguage":"es","@id":"https:\/\/www.nexoinformativo.mx\/#\/schema\/logo\/image\/","url":"https:\/\/www.nexoinformativo.mx\/wp-content\/uploads\/2024\/07\/nexoi-trasparente-2.png","contentUrl":"https:\/\/www.nexoinformativo.mx\/wp-content\/uploads\/2024\/07\/nexoi-trasparente-2.png","width":816,"height":339,"caption":"Nexo Informativo Santiago de Quer\u00e9taro"},"image":{"@id":"https:\/\/www.nexoinformativo.mx\/#\/schema\/logo\/image\/"},"sameAs":["https:\/\/www.facebook.com\/people\/Nexo-Informativo\/61564066885511\/"]},{"@type":"Person","@id":"https:\/\/www.nexoinformativo.mx\/#\/schema\/person\/7749d380ba08c8ca00d7bc76fd907b7d","name":"Nexo Informativo","image":{"@type":"ImageObject","inLanguage":"es","@id":"https:\/\/www.nexoinformativo.mx\/#\/schema\/person\/image\/","url":"https:\/\/secure.gravatar.com\/avatar\/dde2928154642a13d95f87ddf1ea9718fe2b46760a005c53e41ff5ad610704e6?s=96&d=mm&r=g","contentUrl":"https:\/\/secure.gravatar.com\/avatar\/dde2928154642a13d95f87ddf1ea9718fe2b46760a005c53e41ff5ad610704e6?s=96&d=mm&r=g","caption":"Nexo Informativo"},"url":"https:\/\/www.nexoinformativo.mx\/index.php\/author\/edicion\/"}]}},"_links":{"self":[{"href":"https:\/\/www.nexoinformativo.mx\/index.php\/wp-json\/wp\/v2\/posts\/15124","targetHints":{"allow":["GET"]}}],"collection":[{"href":"https:\/\/www.nexoinformativo.mx\/index.php\/wp-json\/wp\/v2\/posts"}],"about":[{"href":"https:\/\/www.nexoinformativo.mx\/index.php\/wp-json\/wp\/v2\/types\/post"}],"author":[{"embeddable":true,"href":"https:\/\/www.nexoinformativo.mx\/index.php\/wp-json\/wp\/v2\/users\/3"}],"replies":[{"embeddable":true,"href":"https:\/\/www.nexoinformativo.mx\/index.php\/wp-json\/wp\/v2\/comments?post=15124"}],"version-history":[{"count":3,"href":"https:\/\/www.nexoinformativo.mx\/index.php\/wp-json\/wp\/v2\/posts\/15124\/revisions"}],"predecessor-version":[{"id":15128,"href":"https:\/\/www.nexoinformativo.mx\/index.php\/wp-json\/wp\/v2\/posts\/15124\/revisions\/15128"}],"wp:featuredmedia":[{"embeddable":true,"href":"https:\/\/www.nexoinformativo.mx\/index.php\/wp-json\/wp\/v2\/media\/15125"}],"wp:attachment":[{"href":"https:\/\/www.nexoinformativo.mx\/index.php\/wp-json\/wp\/v2\/media?parent=15124"}],"wp:term":[{"taxonomy":"category","embeddable":true,"href":"https:\/\/www.nexoinformativo.mx\/index.php\/wp-json\/wp\/v2\/categories?post=15124"},{"taxonomy":"post_tag","embeddable":true,"href":"https:\/\/www.nexoinformativo.mx\/index.php\/wp-json\/wp\/v2\/tags?post=15124"}],"curies":[{"name":"wp","href":"https:\/\/api.w.org\/{rel}","templated":true}]}}