{"id":15129,"date":"2025-05-22T10:00:51","date_gmt":"2025-05-22T16:00:51","guid":{"rendered":"https:\/\/www.nexoinformativo.mx\/?p=15129"},"modified":"2025-05-22T15:21:51","modified_gmt":"2025-05-22T21:21:51","slug":"queretaro-a-la-vanguardia-inauguran-congreso-de-alta-tecnologia-y-cloud-computing","status":"publish","type":"post","link":"https:\/\/www.nexoinformativo.mx\/index.php\/2025\/05\/22\/queretaro-a-la-vanguardia-inauguran-congreso-de-alta-tecnologia-y-cloud-computing\/","title":{"rendered":"Quer\u00e9taro a la vanguardia inauguran Congreso de alta tecnolog\u00eda y Cloud Computing"},"content":{"rendered":"<p style=\"text-align: justify;\" data-sourcepos=\"3:1-3:478\">La secretaria de Educaci\u00f3n del Estado (SEDEQ), Martha Elena Soto, inaugur\u00f3 hoy el Primer Congreso de Educaci\u00f3n en Alta Tecnolog\u00eda y Cloud Computing (CEATyCC).<\/p>\n<p>&nbsp;<\/p>\n<p style=\"text-align: justify;\" data-sourcepos=\"3:1-3:478\">Este evento clave tiene como objetivo impulsar la formaci\u00f3n de talento altamente calificado en \u00e1reas de vanguardia como el c\u00f3mputo en la nube, inteligencia artificial, big data y automatizaci\u00f3n avanzada.<\/p>\n<p>&nbsp;<\/p>\n<p style=\"text-align: justify;\" data-sourcepos=\"5:1-5:352\">El Congreso re\u00fane a especialistas, acad\u00e9micos, empresas tecnol\u00f3gicas y l\u00edderes de la industria, un reflejo del papel de Quer\u00e9taro como el epicentro m\u00e1s importante de la alta tecnolog\u00eda en datos a nivel nacional. Soto Obreg\u00f3n destac\u00f3 el \u00e9xito del modelo de la Triple H\u00e9lice, donde la academia, el sector productivo y el gobierno trabajan juntos.<\/p>\n<p>&nbsp;<\/p>\n<p style=\"text-align: justify;\" data-sourcepos=\"7:1-7:413\">&#8220;Agradezco a los integrantes de las tres h\u00e9lices que han hecho posible que Quer\u00e9taro hoy sea un referente educativo; tan es as\u00ed que uno de cada tres estudiantes de educaci\u00f3n superior viene de otro estado.<\/p>\n<p>&nbsp;<\/p>\n<p style=\"text-align: justify;\" data-sourcepos=\"7:1-7:413\">Eso habla de la calidad educativa de nuestras diferentes universidades, porque la gente tiene confianza en nosotros&#8221;, expres\u00f3 la Secretaria, invitando a aprovechar este foro para seguir generando estrategias.<\/p>\n<p>&nbsp;<\/p>\n<p style=\"text-align: justify;\" data-sourcepos=\"13:1-13:280\">Marco Antonio Del Prete, titular de la Secretar\u00eda de Desarrollo Sustentable (SEDESU), resalt\u00f3 que estos foros ofrecen a los j\u00f3venes la oportunidad de estar mejor capacitados, lo que les permitir\u00e1 proponer soluciones innovadoras y aumentar la competitividad del estado.<\/p>\n<p>&nbsp;<\/p>\n<p style=\"text-align: justify;\" data-sourcepos=\"21:1-21:440\">En la inauguraci\u00f3n estuvieron presentes importantes figuras como Miguel \u00c1ngel Carapia, presidente de la Asociaci\u00f3n de Tecnolog\u00edas Digitales; Orfelinda Torres Rivera, coordinadora de Educaci\u00f3n Superior de la SEDEQ; as\u00ed como rectores y rectoras de diversas universidades tecnol\u00f3gicas y polit\u00e9cnicas de la regi\u00f3n.<\/p>\n<p>&nbsp;<\/p>\n<p style=\"text-align: center;\" data-sourcepos=\"21:1-21:440\"><em><strong>\u00a1Informaci\u00f3n que transforma!<\/strong><\/em><\/p>\n","protected":false},"excerpt":{"rendered":"<p>La secretaria de Educaci\u00f3n del Estado (SEDEQ), Martha Elena Soto, inaugur\u00f3 hoy el Primer Congreso de Educaci\u00f3n en Alta Tecnolog\u00eda y Cloud Computing (CEATyCC).<\/p>\n","protected":false},"author":3,"featured_media":15130,"comment_status":"open","ping_status":"open","sticky":false,"template":"","format":"standard","meta":{"footnotes":""},"categories":[42,13,58],"tags":[4532,219,4533,2618],"class_list":["post-15129","post","type-post","status-publish","format-standard","has-post-thumbnail","hentry","category-estado","category-tecnologia","category-ultima-hora","tag-cloudcomputingqro","tag-educaciontecnologica","tag-innovacionqro","tag-queretarotech"],"yoast_head":"<!-- This site is optimized with the Yoast SEO plugin v25.0 - https:\/\/yoast.com\/wordpress\/plugins\/seo\/ -->\n<title>Quer\u00e9taro a la vanguardia inauguran Congreso de alta tecnolog\u00eda y Cloud Computing | Nexo Informativo Santiago de Quer\u00e9taro<\/title>\n<meta name=\"description\" content=\"Quer\u00e9taro a la vanguardia inauguran Congreso de alta tecnolog\u00eda y Cloud Computing\" \/>\n<meta name=\"robots\" content=\"index, follow, max-snippet:-1, max-image-preview:large, max-video-preview:-1\" \/>\n<link rel=\"canonical\" href=\"https:\/\/www.nexoinformativo.mx\/index.php\/2025\/05\/22\/queretaro-a-la-vanguardia-inauguran-congreso-de-alta-tecnologia-y-cloud-computing\/\" \/>\n<meta property=\"og:locale\" content=\"es_MX\" \/>\n<meta property=\"og:type\" content=\"article\" \/>\n<meta property=\"og:title\" content=\"Quer\u00e9taro a la vanguardia inauguran Congreso de alta tecnolog\u00eda y Cloud Computing | Nexo Informativo Santiago de Quer\u00e9taro\" \/>\n<meta property=\"og:description\" content=\"Quer\u00e9taro a la vanguardia inauguran Congreso de alta tecnolog\u00eda y Cloud Computing\" \/>\n<meta property=\"og:url\" content=\"https:\/\/www.nexoinformativo.mx\/index.php\/2025\/05\/22\/queretaro-a-la-vanguardia-inauguran-congreso-de-alta-tecnologia-y-cloud-computing\/\" \/>\n<meta property=\"og:site_name\" content=\"Nexo Informativo Santiago de Quer\u00e9taro\" \/>\n<meta property=\"article:publisher\" content=\"https:\/\/www.facebook.com\/people\/Nexo-Informativo\/61564066885511\/\" \/>\n<meta property=\"article:published_time\" content=\"2025-05-22T16:00:51+00:00\" \/>\n<meta property=\"article:modified_time\" content=\"2025-05-22T21:21:51+00:00\" \/>\n<meta property=\"og:image\" content=\"https:\/\/www.nexoinformativo.mx\/wp-content\/uploads\/2025\/05\/PHOTO-2025-05-22-14-32-07-e1747948879270.jpg\" \/>\n\t<meta property=\"og:image:width\" content=\"800\" \/>\n\t<meta property=\"og:image:height\" content=\"533\" \/>\n\t<meta property=\"og:image:type\" content=\"image\/jpeg\" \/>\n<meta name=\"author\" content=\"Nexo Informativo\" \/>\n<meta name=\"twitter:card\" content=\"summary_large_image\" \/>\n<meta name=\"twitter:label1\" content=\"Escrito por\" \/>\n\t<meta name=\"twitter:data1\" content=\"Nexo Informativo\" \/>\n\t<meta name=\"twitter:label2\" content=\"Tiempo de lectura\" \/>\n\t<meta name=\"twitter:data2\" content=\"2 minutos\" \/>\n<script type=\"application\/ld+json\" class=\"yoast-schema-graph\">{\"@context\":\"https:\/\/schema.org\",\"@graph\":[{\"@type\":\"Article\",\"@id\":\"https:\/\/www.nexoinformativo.mx\/index.php\/2025\/05\/22\/queretaro-a-la-vanguardia-inauguran-congreso-de-alta-tecnologia-y-cloud-computing\/#article\",\"isPartOf\":{\"@id\":\"https:\/\/www.nexoinformativo.mx\/index.php\/2025\/05\/22\/queretaro-a-la-vanguardia-inauguran-congreso-de-alta-tecnologia-y-cloud-computing\/\"},\"author\":{\"name\":\"Nexo Informativo\",\"@id\":\"https:\/\/www.nexoinformativo.mx\/#\/schema\/person\/7749d380ba08c8ca00d7bc76fd907b7d\"},\"headline\":\"Quer\u00e9taro a la vanguardia inauguran Congreso de alta tecnolog\u00eda y Cloud Computing\",\"datePublished\":\"2025-05-22T16:00:51+00:00\",\"dateModified\":\"2025-05-22T21:21:51+00:00\",\"mainEntityOfPage\":{\"@id\":\"https:\/\/www.nexoinformativo.mx\/index.php\/2025\/05\/22\/queretaro-a-la-vanguardia-inauguran-congreso-de-alta-tecnologia-y-cloud-computing\/\"},\"wordCount\":306,\"commentCount\":0,\"publisher\":{\"@id\":\"https:\/\/www.nexoinformativo.mx\/#organization\"},\"image\":{\"@id\":\"https:\/\/www.nexoinformativo.mx\/index.php\/2025\/05\/22\/queretaro-a-la-vanguardia-inauguran-congreso-de-alta-tecnologia-y-cloud-computing\/#primaryimage\"},\"thumbnailUrl\":\"https:\/\/www.nexoinformativo.mx\/wp-content\/uploads\/2025\/05\/PHOTO-2025-05-22-14-32-07-e1747948879270.jpg\",\"keywords\":[\"CloudComputingQro\",\"Educaci\u00f3nTecnol\u00f3gica\",\"Innovaci\u00f3nQro\",\"Quer\u00e9taroTech\"],\"articleSection\":[\"Estado\",\"Tecnolog\u00eda\",\"\u00daltima Hora\"],\"inLanguage\":\"es\",\"potentialAction\":[{\"@type\":\"CommentAction\",\"name\":\"Comment\",\"target\":[\"https:\/\/www.nexoinformativo.mx\/index.php\/2025\/05\/22\/queretaro-a-la-vanguardia-inauguran-congreso-de-alta-tecnologia-y-cloud-computing\/#respond\"]}]},{\"@type\":\"WebPage\",\"@id\":\"https:\/\/www.nexoinformativo.mx\/index.php\/2025\/05\/22\/queretaro-a-la-vanguardia-inauguran-congreso-de-alta-tecnologia-y-cloud-computing\/\",\"url\":\"https:\/\/www.nexoinformativo.mx\/index.php\/2025\/05\/22\/queretaro-a-la-vanguardia-inauguran-congreso-de-alta-tecnologia-y-cloud-computing\/\",\"name\":\"Quer\u00e9taro a la vanguardia inauguran Congreso de alta tecnolog\u00eda y Cloud Computing | Nexo Informativo Santiago de Quer\u00e9taro\",\"isPartOf\":{\"@id\":\"https:\/\/www.nexoinformativo.mx\/#website\"},\"primaryImageOfPage\":{\"@id\":\"https:\/\/www.nexoinformativo.mx\/index.php\/2025\/05\/22\/queretaro-a-la-vanguardia-inauguran-congreso-de-alta-tecnologia-y-cloud-computing\/#primaryimage\"},\"image\":{\"@id\":\"https:\/\/www.nexoinformativo.mx\/index.php\/2025\/05\/22\/queretaro-a-la-vanguardia-inauguran-congreso-de-alta-tecnologia-y-cloud-computing\/#primaryimage\"},\"thumbnailUrl\":\"https:\/\/www.nexoinformativo.mx\/wp-content\/uploads\/2025\/05\/PHOTO-2025-05-22-14-32-07-e1747948879270.jpg\",\"datePublished\":\"2025-05-22T16:00:51+00:00\",\"dateModified\":\"2025-05-22T21:21:51+00:00\",\"description\":\"Quer\u00e9taro a la vanguardia inauguran Congreso de alta tecnolog\u00eda y Cloud Computing\",\"breadcrumb\":{\"@id\":\"https:\/\/www.nexoinformativo.mx\/index.php\/2025\/05\/22\/queretaro-a-la-vanguardia-inauguran-congreso-de-alta-tecnologia-y-cloud-computing\/#breadcrumb\"},\"inLanguage\":\"es\",\"potentialAction\":[{\"@type\":\"ReadAction\",\"target\":[\"https:\/\/www.nexoinformativo.mx\/index.php\/2025\/05\/22\/queretaro-a-la-vanguardia-inauguran-congreso-de-alta-tecnologia-y-cloud-computing\/\"]}]},{\"@type\":\"ImageObject\",\"inLanguage\":\"es\",\"@id\":\"https:\/\/www.nexoinformativo.mx\/index.php\/2025\/05\/22\/queretaro-a-la-vanguardia-inauguran-congreso-de-alta-tecnologia-y-cloud-computing\/#primaryimage\",\"url\":\"https:\/\/www.nexoinformativo.mx\/wp-content\/uploads\/2025\/05\/PHOTO-2025-05-22-14-32-07-e1747948879270.jpg\",\"contentUrl\":\"https:\/\/www.nexoinformativo.mx\/wp-content\/uploads\/2025\/05\/PHOTO-2025-05-22-14-32-07-e1747948879270.jpg\",\"width\":800,\"height\":533},{\"@type\":\"BreadcrumbList\",\"@id\":\"https:\/\/www.nexoinformativo.mx\/index.php\/2025\/05\/22\/queretaro-a-la-vanguardia-inauguran-congreso-de-alta-tecnologia-y-cloud-computing\/#breadcrumb\",\"itemListElement\":[{\"@type\":\"ListItem\",\"position\":1,\"name\":\"Inicio\",\"item\":\"https:\/\/www.nexoinformativo.mx\/\"},{\"@type\":\"ListItem\",\"position\":2,\"name\":\"Quer\u00e9taro a la vanguardia inauguran Congreso de alta tecnolog\u00eda y Cloud Computing\"}]},{\"@type\":\"WebSite\",\"@id\":\"https:\/\/www.nexoinformativo.mx\/#website\",\"url\":\"https:\/\/www.nexoinformativo.mx\/\",\"name\":\"Nexo Informativo Santiago de Quer\u00e9taro\",\"description\":\"Explora NexoInformativo y convi\u00e9rtete en parte de una comunidad que valora el conocimiento y la verdad. Tu nexoinformativo es tu puente hacia una comprensi\u00f3n m\u00e1s profunda del mundo que te rodea.\",\"publisher\":{\"@id\":\"https:\/\/www.nexoinformativo.mx\/#organization\"},\"potentialAction\":[{\"@type\":\"SearchAction\",\"target\":{\"@type\":\"EntryPoint\",\"urlTemplate\":\"https:\/\/www.nexoinformativo.mx\/?s={search_term_string}\"},\"query-input\":{\"@type\":\"PropertyValueSpecification\",\"valueRequired\":true,\"valueName\":\"search_term_string\"}}],\"inLanguage\":\"es\"},{\"@type\":\"Organization\",\"@id\":\"https:\/\/www.nexoinformativo.mx\/#organization\",\"name\":\"Nexo Informativo Santiago de Quer\u00e9taro\",\"url\":\"https:\/\/www.nexoinformativo.mx\/\",\"logo\":{\"@type\":\"ImageObject\",\"inLanguage\":\"es\",\"@id\":\"https:\/\/www.nexoinformativo.mx\/#\/schema\/logo\/image\/\",\"url\":\"https:\/\/www.nexoinformativo.mx\/wp-content\/uploads\/2024\/07\/nexoi-trasparente-2.png\",\"contentUrl\":\"https:\/\/www.nexoinformativo.mx\/wp-content\/uploads\/2024\/07\/nexoi-trasparente-2.png\",\"width\":816,\"height\":339,\"caption\":\"Nexo Informativo Santiago de Quer\u00e9taro\"},\"image\":{\"@id\":\"https:\/\/www.nexoinformativo.mx\/#\/schema\/logo\/image\/\"},\"sameAs\":[\"https:\/\/www.facebook.com\/people\/Nexo-Informativo\/61564066885511\/\"]},{\"@type\":\"Person\",\"@id\":\"https:\/\/www.nexoinformativo.mx\/#\/schema\/person\/7749d380ba08c8ca00d7bc76fd907b7d\",\"name\":\"Nexo Informativo\",\"image\":{\"@type\":\"ImageObject\",\"inLanguage\":\"es\",\"@id\":\"https:\/\/www.nexoinformativo.mx\/#\/schema\/person\/image\/\",\"url\":\"https:\/\/secure.gravatar.com\/avatar\/dde2928154642a13d95f87ddf1ea9718fe2b46760a005c53e41ff5ad610704e6?s=96&d=mm&r=g\",\"contentUrl\":\"https:\/\/secure.gravatar.com\/avatar\/dde2928154642a13d95f87ddf1ea9718fe2b46760a005c53e41ff5ad610704e6?s=96&d=mm&r=g\",\"caption\":\"Nexo Informativo\"},\"url\":\"https:\/\/www.nexoinformativo.mx\/index.php\/author\/edicion\/\"}]}<\/script>\n<!-- \/ Yoast SEO plugin. -->","yoast_head_json":{"title":"Quer\u00e9taro a la vanguardia inauguran Congreso de alta tecnolog\u00eda y Cloud Computing | Nexo Informativo Santiago de Quer\u00e9taro","description":"Quer\u00e9taro a la vanguardia inauguran Congreso de alta tecnolog\u00eda y Cloud Computing","robots":{"index":"index","follow":"follow","max-snippet":"max-snippet:-1","max-image-preview":"max-image-preview:large","max-video-preview":"max-video-preview:-1"},"canonical":"https:\/\/www.nexoinformativo.mx\/index.php\/2025\/05\/22\/queretaro-a-la-vanguardia-inauguran-congreso-de-alta-tecnologia-y-cloud-computing\/","og_locale":"es_MX","og_type":"article","og_title":"Quer\u00e9taro a la vanguardia inauguran Congreso de alta tecnolog\u00eda y Cloud Computing | Nexo Informativo Santiago de Quer\u00e9taro","og_description":"Quer\u00e9taro a la vanguardia inauguran Congreso de alta tecnolog\u00eda y Cloud Computing","og_url":"https:\/\/www.nexoinformativo.mx\/index.php\/2025\/05\/22\/queretaro-a-la-vanguardia-inauguran-congreso-de-alta-tecnologia-y-cloud-computing\/","og_site_name":"Nexo Informativo Santiago de Quer\u00e9taro","article_publisher":"https:\/\/www.facebook.com\/people\/Nexo-Informativo\/61564066885511\/","article_published_time":"2025-05-22T16:00:51+00:00","article_modified_time":"2025-05-22T21:21:51+00:00","og_image":[{"width":800,"height":533,"url":"https:\/\/www.nexoinformativo.mx\/wp-content\/uploads\/2025\/05\/PHOTO-2025-05-22-14-32-07-e1747948879270.jpg","type":"image\/jpeg"}],"author":"Nexo Informativo","twitter_card":"summary_large_image","twitter_misc":{"Escrito por":"Nexo Informativo","Tiempo de lectura":"2 minutos"},"schema":{"@context":"https:\/\/schema.org","@graph":[{"@type":"Article","@id":"https:\/\/www.nexoinformativo.mx\/index.php\/2025\/05\/22\/queretaro-a-la-vanguardia-inauguran-congreso-de-alta-tecnologia-y-cloud-computing\/#article","isPartOf":{"@id":"https:\/\/www.nexoinformativo.mx\/index.php\/2025\/05\/22\/queretaro-a-la-vanguardia-inauguran-congreso-de-alta-tecnologia-y-cloud-computing\/"},"author":{"name":"Nexo Informativo","@id":"https:\/\/www.nexoinformativo.mx\/#\/schema\/person\/7749d380ba08c8ca00d7bc76fd907b7d"},"headline":"Quer\u00e9taro a la vanguardia inauguran Congreso de alta tecnolog\u00eda y Cloud Computing","datePublished":"2025-05-22T16:00:51+00:00","dateModified":"2025-05-22T21:21:51+00:00","mainEntityOfPage":{"@id":"https:\/\/www.nexoinformativo.mx\/index.php\/2025\/05\/22\/queretaro-a-la-vanguardia-inauguran-congreso-de-alta-tecnologia-y-cloud-computing\/"},"wordCount":306,"commentCount":0,"publisher":{"@id":"https:\/\/www.nexoinformativo.mx\/#organization"},"image":{"@id":"https:\/\/www.nexoinformativo.mx\/index.php\/2025\/05\/22\/queretaro-a-la-vanguardia-inauguran-congreso-de-alta-tecnologia-y-cloud-computing\/#primaryimage"},"thumbnailUrl":"https:\/\/www.nexoinformativo.mx\/wp-content\/uploads\/2025\/05\/PHOTO-2025-05-22-14-32-07-e1747948879270.jpg","keywords":["CloudComputingQro","Educaci\u00f3nTecnol\u00f3gica","Innovaci\u00f3nQro","Quer\u00e9taroTech"],"articleSection":["Estado","Tecnolog\u00eda","\u00daltima Hora"],"inLanguage":"es","potentialAction":[{"@type":"CommentAction","name":"Comment","target":["https:\/\/www.nexoinformativo.mx\/index.php\/2025\/05\/22\/queretaro-a-la-vanguardia-inauguran-congreso-de-alta-tecnologia-y-cloud-computing\/#respond"]}]},{"@type":"WebPage","@id":"https:\/\/www.nexoinformativo.mx\/index.php\/2025\/05\/22\/queretaro-a-la-vanguardia-inauguran-congreso-de-alta-tecnologia-y-cloud-computing\/","url":"https:\/\/www.nexoinformativo.mx\/index.php\/2025\/05\/22\/queretaro-a-la-vanguardia-inauguran-congreso-de-alta-tecnologia-y-cloud-computing\/","name":"Quer\u00e9taro a la vanguardia inauguran Congreso de alta tecnolog\u00eda y Cloud Computing | Nexo Informativo Santiago de Quer\u00e9taro","isPartOf":{"@id":"https:\/\/www.nexoinformativo.mx\/#website"},"primaryImageOfPage":{"@id":"https:\/\/www.nexoinformativo.mx\/index.php\/2025\/05\/22\/queretaro-a-la-vanguardia-inauguran-congreso-de-alta-tecnologia-y-cloud-computing\/#primaryimage"},"image":{"@id":"https:\/\/www.nexoinformativo.mx\/index.php\/2025\/05\/22\/queretaro-a-la-vanguardia-inauguran-congreso-de-alta-tecnologia-y-cloud-computing\/#primaryimage"},"thumbnailUrl":"https:\/\/www.nexoinformativo.mx\/wp-content\/uploads\/2025\/05\/PHOTO-2025-05-22-14-32-07-e1747948879270.jpg","datePublished":"2025-05-22T16:00:51+00:00","dateModified":"2025-05-22T21:21:51+00:00","description":"Quer\u00e9taro a la vanguardia inauguran Congreso de alta tecnolog\u00eda y Cloud Computing","breadcrumb":{"@id":"https:\/\/www.nexoinformativo.mx\/index.php\/2025\/05\/22\/queretaro-a-la-vanguardia-inauguran-congreso-de-alta-tecnologia-y-cloud-computing\/#breadcrumb"},"inLanguage":"es","potentialAction":[{"@type":"ReadAction","target":["https:\/\/www.nexoinformativo.mx\/index.php\/2025\/05\/22\/queretaro-a-la-vanguardia-inauguran-congreso-de-alta-tecnologia-y-cloud-computing\/"]}]},{"@type":"ImageObject","inLanguage":"es","@id":"https:\/\/www.nexoinformativo.mx\/index.php\/2025\/05\/22\/queretaro-a-la-vanguardia-inauguran-congreso-de-alta-tecnologia-y-cloud-computing\/#primaryimage","url":"https:\/\/www.nexoinformativo.mx\/wp-content\/uploads\/2025\/05\/PHOTO-2025-05-22-14-32-07-e1747948879270.jpg","contentUrl":"https:\/\/www.nexoinformativo.mx\/wp-content\/uploads\/2025\/05\/PHOTO-2025-05-22-14-32-07-e1747948879270.jpg","width":800,"height":533},{"@type":"BreadcrumbList","@id":"https:\/\/www.nexoinformativo.mx\/index.php\/2025\/05\/22\/queretaro-a-la-vanguardia-inauguran-congreso-de-alta-tecnologia-y-cloud-computing\/#breadcrumb","itemListElement":[{"@type":"ListItem","position":1,"name":"Inicio","item":"https:\/\/www.nexoinformativo.mx\/"},{"@type":"ListItem","position":2,"name":"Quer\u00e9taro a la vanguardia inauguran Congreso de alta tecnolog\u00eda y Cloud Computing"}]},{"@type":"WebSite","@id":"https:\/\/www.nexoinformativo.mx\/#website","url":"https:\/\/www.nexoinformativo.mx\/","name":"Nexo Informativo Santiago de Quer\u00e9taro","description":"Explora NexoInformativo y convi\u00e9rtete en parte de una comunidad que valora el conocimiento y la verdad. Tu nexoinformativo es tu puente hacia una comprensi\u00f3n m\u00e1s profunda del mundo que te rodea.","publisher":{"@id":"https:\/\/www.nexoinformativo.mx\/#organization"},"potentialAction":[{"@type":"SearchAction","target":{"@type":"EntryPoint","urlTemplate":"https:\/\/www.nexoinformativo.mx\/?s={search_term_string}"},"query-input":{"@type":"PropertyValueSpecification","valueRequired":true,"valueName":"search_term_string"}}],"inLanguage":"es"},{"@type":"Organization","@id":"https:\/\/www.nexoinformativo.mx\/#organization","name":"Nexo Informativo Santiago de Quer\u00e9taro","url":"https:\/\/www.nexoinformativo.mx\/","logo":{"@type":"ImageObject","inLanguage":"es","@id":"https:\/\/www.nexoinformativo.mx\/#\/schema\/logo\/image\/","url":"https:\/\/www.nexoinformativo.mx\/wp-content\/uploads\/2024\/07\/nexoi-trasparente-2.png","contentUrl":"https:\/\/www.nexoinformativo.mx\/wp-content\/uploads\/2024\/07\/nexoi-trasparente-2.png","width":816,"height":339,"caption":"Nexo Informativo Santiago de Quer\u00e9taro"},"image":{"@id":"https:\/\/www.nexoinformativo.mx\/#\/schema\/logo\/image\/"},"sameAs":["https:\/\/www.facebook.com\/people\/Nexo-Informativo\/61564066885511\/"]},{"@type":"Person","@id":"https:\/\/www.nexoinformativo.mx\/#\/schema\/person\/7749d380ba08c8ca00d7bc76fd907b7d","name":"Nexo Informativo","image":{"@type":"ImageObject","inLanguage":"es","@id":"https:\/\/www.nexoinformativo.mx\/#\/schema\/person\/image\/","url":"https:\/\/secure.gravatar.com\/avatar\/dde2928154642a13d95f87ddf1ea9718fe2b46760a005c53e41ff5ad610704e6?s=96&d=mm&r=g","contentUrl":"https:\/\/secure.gravatar.com\/avatar\/dde2928154642a13d95f87ddf1ea9718fe2b46760a005c53e41ff5ad610704e6?s=96&d=mm&r=g","caption":"Nexo Informativo"},"url":"https:\/\/www.nexoinformativo.mx\/index.php\/author\/edicion\/"}]}},"_links":{"self":[{"href":"https:\/\/www.nexoinformativo.mx\/index.php\/wp-json\/wp\/v2\/posts\/15129","targetHints":{"allow":["GET"]}}],"collection":[{"href":"https:\/\/www.nexoinformativo.mx\/index.php\/wp-json\/wp\/v2\/posts"}],"about":[{"href":"https:\/\/www.nexoinformativo.mx\/index.php\/wp-json\/wp\/v2\/types\/post"}],"author":[{"embeddable":true,"href":"https:\/\/www.nexoinformativo.mx\/index.php\/wp-json\/wp\/v2\/users\/3"}],"replies":[{"embeddable":true,"href":"https:\/\/www.nexoinformativo.mx\/index.php\/wp-json\/wp\/v2\/comments?post=15129"}],"version-history":[{"count":3,"href":"https:\/\/www.nexoinformativo.mx\/index.php\/wp-json\/wp\/v2\/posts\/15129\/revisions"}],"predecessor-version":[{"id":15133,"href":"https:\/\/www.nexoinformativo.mx\/index.php\/wp-json\/wp\/v2\/posts\/15129\/revisions\/15133"}],"wp:featuredmedia":[{"embeddable":true,"href":"https:\/\/www.nexoinformativo.mx\/index.php\/wp-json\/wp\/v2\/media\/15130"}],"wp:attachment":[{"href":"https:\/\/www.nexoinformativo.mx\/index.php\/wp-json\/wp\/v2\/media?parent=15129"}],"wp:term":[{"taxonomy":"category","embeddable":true,"href":"https:\/\/www.nexoinformativo.mx\/index.php\/wp-json\/wp\/v2\/categories?post=15129"},{"taxonomy":"post_tag","embeddable":true,"href":"https:\/\/www.nexoinformativo.mx\/index.php\/wp-json\/wp\/v2\/tags?post=15129"}],"curies":[{"name":"wp","href":"https:\/\/api.w.org\/{rel}","templated":true}]}}