{"id":15134,"date":"2025-05-22T11:00:02","date_gmt":"2025-05-22T17:00:02","guid":{"rendered":"https:\/\/www.nexoinformativo.mx\/?p=15134"},"modified":"2025-05-22T15:34:20","modified_gmt":"2025-05-22T21:34:20","slug":"kuri-lidera-impulso-a-la-salud-publica-nace-la-red-queretana-de-municipios-por-la-prevencion","status":"publish","type":"post","link":"https:\/\/www.nexoinformativo.mx\/index.php\/2025\/05\/22\/kuri-lidera-impulso-a-la-salud-publica-nace-la-red-queretana-de-municipios-por-la-prevencion\/","title":{"rendered":"Kuri lidera impulso a la Salud P\u00fablica nace la red Queretana de Municipios por la prevenci\u00f3n"},"content":{"rendered":"<p style=\"text-align: justify;\" data-sourcepos=\"3:1-3:466\">Con el objetivo de impulsar la corresponsabilidad social y la prevenci\u00f3n, el gobernador Mauricio Kuri tom\u00f3 protesta a los integrantes del Consejo Directivo de la Red Queretana de Municipios por la Salud.<\/p>\n<\/p>\n<p>&nbsp;<\/p>\n<p style=\"text-align: justify;\" data-sourcepos=\"3:1-3:466\">Esta acci\u00f3n, dijo, refuerza a Quer\u00e9taro como un estado con las herramientas necesarias para proteger lo m\u00e1s valioso: la salud de su gente.<\/p>\n<\/p>\n<p>&nbsp;<\/p>\n<p style=\"text-align: justify;\" data-sourcepos=\"5:1-5:381\">&#8220;Quiero reconocer y agradezco profundamente a cada integrante de este Consejo que hoy ha tomado protesta, por dar continuidad a este importante mecanismo.<\/p>\n<\/p>\n<p>&nbsp;<\/p>\n<p style=\"text-align: justify;\" data-sourcepos=\"5:1-5:381\">Su trabajo es muy valioso porque habla de uni\u00f3n, de responsabilidad y de empat\u00eda&#8221;, manifest\u00f3 el gobernador, destacando el enfoque en la promoci\u00f3n de una vida saludable y un futuro esperanzador para ni\u00f1os, ni\u00f1as y adolescentes.<\/p>\n<\/p>\n<p>&nbsp;<\/p>\n<p style=\"text-align: justify;\" data-sourcepos=\"7:1-7:463\">Durante la primera reuni\u00f3n de la Red, Kuri afirm\u00f3 que para su administraci\u00f3n, la salud es un derecho humano fundamental que requiere gobiernos &#8220;con los pies en la tierra&#8221;, capaces de escuchar y trabajar juntos para prevenir, orientar y ofrecer ayuda a tiempo.<\/p>\n<\/p>\n<p>&nbsp;<\/p>\n<p style=\"text-align: justify;\" data-sourcepos=\"7:1-7:463\">&#8220;Gracias por estar atentos a lo que pasa en sus comunidades&#8230; Cuenten con un servidor, vamos a seguir haciendo equipo porque lo que ustedes hacen mejora la vida de toda nuestra gente&#8221;, expres\u00f3.<\/p>\n<\/p>\n<p>&nbsp;<\/p>\n<p style=\"text-align: justify;\" data-sourcepos=\"7:1-7:463\">Finalmente, el alcalde de Corregidora, Chepe Guerrero, quien tom\u00f3 protesta como presidente de la Red Queretana de Municipios por la Salud.<\/p>\n<\/p>\n<p>&nbsp;<\/p>\n<p style=\"text-align: justify;\" data-sourcepos=\"7:1-7:463\">Afirm\u00f3 asumir esta encomienda con responsabilidad y la convicci\u00f3n de que la salud es un derecho y un compromiso diario que requiere unidad, coordinaci\u00f3n y liderazgo local para impulsar lo estatal. &#8220;Aqu\u00ed no caben las diferencias, caben las soluciones&#8221;, sentenci\u00f3.<\/p>\n<\/p>\n<p>&nbsp;<\/p>\n<p style=\"text-align: center;\" data-sourcepos=\"7:1-7:463\"><em><strong>\u00a1Informaci\u00f3n que transforma!<\/strong><\/em><\/p>\n","protected":false},"excerpt":{"rendered":"<p>Con el objetivo de impulsar la corresponsabilidad social y la prevenci\u00f3n, el gobernador Mauricio Kuri tom\u00f3 protesta a los integrantes del Consejo Directivo de la Red Queretana de Municipios por la Salud.<\/p>\n","protected":false},"author":3,"featured_media":15135,"comment_status":"open","ping_status":"open","sticky":false,"template":"","format":"standard","meta":{"footnotes":""},"categories":[65,58],"tags":[4459,4534,4535,1054],"class_list":["post-15134","post","type-post","status-publish","format-standard","has-post-thumbnail","hentry","category-municipios","category-ultima-hora","tag-kurigobierno","tag-municipiossaludables","tag-prevencionqro","tag-saludqueretaro"],"yoast_head":"<!-- This site is optimized with the Yoast SEO plugin v25.0 - https:\/\/yoast.com\/wordpress\/plugins\/seo\/ -->\n<title>Kuri lidera impulso a la Salud P\u00fablica nace la red Queretana de Municipios por la prevenci\u00f3n | Nexo Informativo Santiago de Quer\u00e9taro<\/title>\n<meta name=\"description\" content=\"Kuri lidera impulso a la Salud P\u00fablica nace la red Queretana de Municipios por la prevenci\u00f3n\" \/>\n<meta name=\"robots\" content=\"index, follow, max-snippet:-1, max-image-preview:large, max-video-preview:-1\" \/>\n<link rel=\"canonical\" href=\"https:\/\/www.nexoinformativo.mx\/index.php\/2025\/05\/22\/kuri-lidera-impulso-a-la-salud-publica-nace-la-red-queretana-de-municipios-por-la-prevencion\/\" \/>\n<meta property=\"og:locale\" content=\"es_MX\" \/>\n<meta property=\"og:type\" content=\"article\" \/>\n<meta property=\"og:title\" content=\"Kuri lidera impulso a la Salud P\u00fablica nace la red Queretana de Municipios por la prevenci\u00f3n | Nexo Informativo Santiago de Quer\u00e9taro\" \/>\n<meta property=\"og:description\" content=\"Kuri lidera impulso a la Salud P\u00fablica nace la red Queretana de Municipios por la prevenci\u00f3n\" \/>\n<meta property=\"og:url\" content=\"https:\/\/www.nexoinformativo.mx\/index.php\/2025\/05\/22\/kuri-lidera-impulso-a-la-salud-publica-nace-la-red-queretana-de-municipios-por-la-prevencion\/\" \/>\n<meta property=\"og:site_name\" content=\"Nexo Informativo Santiago de Quer\u00e9taro\" \/>\n<meta property=\"article:publisher\" content=\"https:\/\/www.facebook.com\/people\/Nexo-Informativo\/61564066885511\/\" \/>\n<meta property=\"article:published_time\" content=\"2025-05-22T17:00:02+00:00\" \/>\n<meta property=\"article:modified_time\" content=\"2025-05-22T21:34:20+00:00\" \/>\n<meta property=\"og:image\" content=\"https:\/\/www.nexoinformativo.mx\/wp-content\/uploads\/2025\/05\/PHOTO-2025-05-22-14-34-57-e1747949607134.jpg\" \/>\n\t<meta property=\"og:image:width\" content=\"800\" \/>\n\t<meta property=\"og:image:height\" content=\"533\" \/>\n\t<meta property=\"og:image:type\" content=\"image\/jpeg\" \/>\n<meta name=\"author\" content=\"Nexo Informativo\" \/>\n<meta name=\"twitter:card\" content=\"summary_large_image\" \/>\n<meta name=\"twitter:label1\" content=\"Escrito por\" \/>\n\t<meta name=\"twitter:data1\" content=\"Nexo Informativo\" \/>\n\t<meta name=\"twitter:label2\" content=\"Tiempo de lectura\" \/>\n\t<meta name=\"twitter:data2\" content=\"2 minutos\" \/>\n<script type=\"application\/ld+json\" class=\"yoast-schema-graph\">{\"@context\":\"https:\/\/schema.org\",\"@graph\":[{\"@type\":\"Article\",\"@id\":\"https:\/\/www.nexoinformativo.mx\/index.php\/2025\/05\/22\/kuri-lidera-impulso-a-la-salud-publica-nace-la-red-queretana-de-municipios-por-la-prevencion\/#article\",\"isPartOf\":{\"@id\":\"https:\/\/www.nexoinformativo.mx\/index.php\/2025\/05\/22\/kuri-lidera-impulso-a-la-salud-publica-nace-la-red-queretana-de-municipios-por-la-prevencion\/\"},\"author\":{\"name\":\"Nexo Informativo\",\"@id\":\"https:\/\/www.nexoinformativo.mx\/#\/schema\/person\/7749d380ba08c8ca00d7bc76fd907b7d\"},\"headline\":\"Kuri lidera impulso a la Salud P\u00fablica nace la red Queretana de Municipios por la prevenci\u00f3n\",\"datePublished\":\"2025-05-22T17:00:02+00:00\",\"dateModified\":\"2025-05-22T21:34:20+00:00\",\"mainEntityOfPage\":{\"@id\":\"https:\/\/www.nexoinformativo.mx\/index.php\/2025\/05\/22\/kuri-lidera-impulso-a-la-salud-publica-nace-la-red-queretana-de-municipios-por-la-prevencion\/\"},\"wordCount\":294,\"commentCount\":0,\"publisher\":{\"@id\":\"https:\/\/www.nexoinformativo.mx\/#organization\"},\"image\":{\"@id\":\"https:\/\/www.nexoinformativo.mx\/index.php\/2025\/05\/22\/kuri-lidera-impulso-a-la-salud-publica-nace-la-red-queretana-de-municipios-por-la-prevencion\/#primaryimage\"},\"thumbnailUrl\":\"https:\/\/www.nexoinformativo.mx\/wp-content\/uploads\/2025\/05\/PHOTO-2025-05-22-14-34-57-e1747949607134.jpg\",\"keywords\":[\"KuriGobierno\",\"MunicipiosSaludables\",\"Prevenci\u00f3nQro\",\"SaludQuer\u00e9taro\"],\"articleSection\":[\"Municipios\",\"\u00daltima Hora\"],\"inLanguage\":\"es\",\"potentialAction\":[{\"@type\":\"CommentAction\",\"name\":\"Comment\",\"target\":[\"https:\/\/www.nexoinformativo.mx\/index.php\/2025\/05\/22\/kuri-lidera-impulso-a-la-salud-publica-nace-la-red-queretana-de-municipios-por-la-prevencion\/#respond\"]}]},{\"@type\":\"WebPage\",\"@id\":\"https:\/\/www.nexoinformativo.mx\/index.php\/2025\/05\/22\/kuri-lidera-impulso-a-la-salud-publica-nace-la-red-queretana-de-municipios-por-la-prevencion\/\",\"url\":\"https:\/\/www.nexoinformativo.mx\/index.php\/2025\/05\/22\/kuri-lidera-impulso-a-la-salud-publica-nace-la-red-queretana-de-municipios-por-la-prevencion\/\",\"name\":\"Kuri lidera impulso a la Salud P\u00fablica nace la red Queretana de Municipios por la prevenci\u00f3n | Nexo Informativo Santiago de Quer\u00e9taro\",\"isPartOf\":{\"@id\":\"https:\/\/www.nexoinformativo.mx\/#website\"},\"primaryImageOfPage\":{\"@id\":\"https:\/\/www.nexoinformativo.mx\/index.php\/2025\/05\/22\/kuri-lidera-impulso-a-la-salud-publica-nace-la-red-queretana-de-municipios-por-la-prevencion\/#primaryimage\"},\"image\":{\"@id\":\"https:\/\/www.nexoinformativo.mx\/index.php\/2025\/05\/22\/kuri-lidera-impulso-a-la-salud-publica-nace-la-red-queretana-de-municipios-por-la-prevencion\/#primaryimage\"},\"thumbnailUrl\":\"https:\/\/www.nexoinformativo.mx\/wp-content\/uploads\/2025\/05\/PHOTO-2025-05-22-14-34-57-e1747949607134.jpg\",\"datePublished\":\"2025-05-22T17:00:02+00:00\",\"dateModified\":\"2025-05-22T21:34:20+00:00\",\"description\":\"Kuri lidera impulso a la Salud P\u00fablica nace la red Queretana de Municipios por la prevenci\u00f3n\",\"breadcrumb\":{\"@id\":\"https:\/\/www.nexoinformativo.mx\/index.php\/2025\/05\/22\/kuri-lidera-impulso-a-la-salud-publica-nace-la-red-queretana-de-municipios-por-la-prevencion\/#breadcrumb\"},\"inLanguage\":\"es\",\"potentialAction\":[{\"@type\":\"ReadAction\",\"target\":[\"https:\/\/www.nexoinformativo.mx\/index.php\/2025\/05\/22\/kuri-lidera-impulso-a-la-salud-publica-nace-la-red-queretana-de-municipios-por-la-prevencion\/\"]}]},{\"@type\":\"ImageObject\",\"inLanguage\":\"es\",\"@id\":\"https:\/\/www.nexoinformativo.mx\/index.php\/2025\/05\/22\/kuri-lidera-impulso-a-la-salud-publica-nace-la-red-queretana-de-municipios-por-la-prevencion\/#primaryimage\",\"url\":\"https:\/\/www.nexoinformativo.mx\/wp-content\/uploads\/2025\/05\/PHOTO-2025-05-22-14-34-57-e1747949607134.jpg\",\"contentUrl\":\"https:\/\/www.nexoinformativo.mx\/wp-content\/uploads\/2025\/05\/PHOTO-2025-05-22-14-34-57-e1747949607134.jpg\",\"width\":800,\"height\":533},{\"@type\":\"BreadcrumbList\",\"@id\":\"https:\/\/www.nexoinformativo.mx\/index.php\/2025\/05\/22\/kuri-lidera-impulso-a-la-salud-publica-nace-la-red-queretana-de-municipios-por-la-prevencion\/#breadcrumb\",\"itemListElement\":[{\"@type\":\"ListItem\",\"position\":1,\"name\":\"Inicio\",\"item\":\"https:\/\/www.nexoinformativo.mx\/\"},{\"@type\":\"ListItem\",\"position\":2,\"name\":\"Kuri lidera impulso a la Salud P\u00fablica nace la red Queretana de Municipios por la prevenci\u00f3n\"}]},{\"@type\":\"WebSite\",\"@id\":\"https:\/\/www.nexoinformativo.mx\/#website\",\"url\":\"https:\/\/www.nexoinformativo.mx\/\",\"name\":\"Nexo Informativo Santiago de Quer\u00e9taro\",\"description\":\"Explora NexoInformativo y convi\u00e9rtete en parte de una comunidad que valora el conocimiento y la verdad. Tu nexoinformativo es tu puente hacia una comprensi\u00f3n m\u00e1s profunda del mundo que te rodea.\",\"publisher\":{\"@id\":\"https:\/\/www.nexoinformativo.mx\/#organization\"},\"potentialAction\":[{\"@type\":\"SearchAction\",\"target\":{\"@type\":\"EntryPoint\",\"urlTemplate\":\"https:\/\/www.nexoinformativo.mx\/?s={search_term_string}\"},\"query-input\":{\"@type\":\"PropertyValueSpecification\",\"valueRequired\":true,\"valueName\":\"search_term_string\"}}],\"inLanguage\":\"es\"},{\"@type\":\"Organization\",\"@id\":\"https:\/\/www.nexoinformativo.mx\/#organization\",\"name\":\"Nexo Informativo Santiago de Quer\u00e9taro\",\"url\":\"https:\/\/www.nexoinformativo.mx\/\",\"logo\":{\"@type\":\"ImageObject\",\"inLanguage\":\"es\",\"@id\":\"https:\/\/www.nexoinformativo.mx\/#\/schema\/logo\/image\/\",\"url\":\"https:\/\/www.nexoinformativo.mx\/wp-content\/uploads\/2024\/07\/nexoi-trasparente-2.png\",\"contentUrl\":\"https:\/\/www.nexoinformativo.mx\/wp-content\/uploads\/2024\/07\/nexoi-trasparente-2.png\",\"width\":816,\"height\":339,\"caption\":\"Nexo Informativo Santiago de Quer\u00e9taro\"},\"image\":{\"@id\":\"https:\/\/www.nexoinformativo.mx\/#\/schema\/logo\/image\/\"},\"sameAs\":[\"https:\/\/www.facebook.com\/people\/Nexo-Informativo\/61564066885511\/\"]},{\"@type\":\"Person\",\"@id\":\"https:\/\/www.nexoinformativo.mx\/#\/schema\/person\/7749d380ba08c8ca00d7bc76fd907b7d\",\"name\":\"Nexo Informativo\",\"image\":{\"@type\":\"ImageObject\",\"inLanguage\":\"es\",\"@id\":\"https:\/\/www.nexoinformativo.mx\/#\/schema\/person\/image\/\",\"url\":\"https:\/\/secure.gravatar.com\/avatar\/dde2928154642a13d95f87ddf1ea9718fe2b46760a005c53e41ff5ad610704e6?s=96&d=mm&r=g\",\"contentUrl\":\"https:\/\/secure.gravatar.com\/avatar\/dde2928154642a13d95f87ddf1ea9718fe2b46760a005c53e41ff5ad610704e6?s=96&d=mm&r=g\",\"caption\":\"Nexo Informativo\"},\"url\":\"https:\/\/www.nexoinformativo.mx\/index.php\/author\/edicion\/\"}]}<\/script>\n<!-- \/ Yoast SEO plugin. -->","yoast_head_json":{"title":"Kuri lidera impulso a la Salud P\u00fablica nace la red Queretana de Municipios por la prevenci\u00f3n | Nexo Informativo Santiago de Quer\u00e9taro","description":"Kuri lidera impulso a la Salud P\u00fablica nace la red Queretana de Municipios por la prevenci\u00f3n","robots":{"index":"index","follow":"follow","max-snippet":"max-snippet:-1","max-image-preview":"max-image-preview:large","max-video-preview":"max-video-preview:-1"},"canonical":"https:\/\/www.nexoinformativo.mx\/index.php\/2025\/05\/22\/kuri-lidera-impulso-a-la-salud-publica-nace-la-red-queretana-de-municipios-por-la-prevencion\/","og_locale":"es_MX","og_type":"article","og_title":"Kuri lidera impulso a la Salud P\u00fablica nace la red Queretana de Municipios por la prevenci\u00f3n | Nexo Informativo Santiago de Quer\u00e9taro","og_description":"Kuri lidera impulso a la Salud P\u00fablica nace la red Queretana de Municipios por la prevenci\u00f3n","og_url":"https:\/\/www.nexoinformativo.mx\/index.php\/2025\/05\/22\/kuri-lidera-impulso-a-la-salud-publica-nace-la-red-queretana-de-municipios-por-la-prevencion\/","og_site_name":"Nexo Informativo Santiago de Quer\u00e9taro","article_publisher":"https:\/\/www.facebook.com\/people\/Nexo-Informativo\/61564066885511\/","article_published_time":"2025-05-22T17:00:02+00:00","article_modified_time":"2025-05-22T21:34:20+00:00","og_image":[{"width":800,"height":533,"url":"https:\/\/www.nexoinformativo.mx\/wp-content\/uploads\/2025\/05\/PHOTO-2025-05-22-14-34-57-e1747949607134.jpg","type":"image\/jpeg"}],"author":"Nexo Informativo","twitter_card":"summary_large_image","twitter_misc":{"Escrito por":"Nexo Informativo","Tiempo de lectura":"2 minutos"},"schema":{"@context":"https:\/\/schema.org","@graph":[{"@type":"Article","@id":"https:\/\/www.nexoinformativo.mx\/index.php\/2025\/05\/22\/kuri-lidera-impulso-a-la-salud-publica-nace-la-red-queretana-de-municipios-por-la-prevencion\/#article","isPartOf":{"@id":"https:\/\/www.nexoinformativo.mx\/index.php\/2025\/05\/22\/kuri-lidera-impulso-a-la-salud-publica-nace-la-red-queretana-de-municipios-por-la-prevencion\/"},"author":{"name":"Nexo Informativo","@id":"https:\/\/www.nexoinformativo.mx\/#\/schema\/person\/7749d380ba08c8ca00d7bc76fd907b7d"},"headline":"Kuri lidera impulso a la Salud P\u00fablica nace la red Queretana de Municipios por la prevenci\u00f3n","datePublished":"2025-05-22T17:00:02+00:00","dateModified":"2025-05-22T21:34:20+00:00","mainEntityOfPage":{"@id":"https:\/\/www.nexoinformativo.mx\/index.php\/2025\/05\/22\/kuri-lidera-impulso-a-la-salud-publica-nace-la-red-queretana-de-municipios-por-la-prevencion\/"},"wordCount":294,"commentCount":0,"publisher":{"@id":"https:\/\/www.nexoinformativo.mx\/#organization"},"image":{"@id":"https:\/\/www.nexoinformativo.mx\/index.php\/2025\/05\/22\/kuri-lidera-impulso-a-la-salud-publica-nace-la-red-queretana-de-municipios-por-la-prevencion\/#primaryimage"},"thumbnailUrl":"https:\/\/www.nexoinformativo.mx\/wp-content\/uploads\/2025\/05\/PHOTO-2025-05-22-14-34-57-e1747949607134.jpg","keywords":["KuriGobierno","MunicipiosSaludables","Prevenci\u00f3nQro","SaludQuer\u00e9taro"],"articleSection":["Municipios","\u00daltima Hora"],"inLanguage":"es","potentialAction":[{"@type":"CommentAction","name":"Comment","target":["https:\/\/www.nexoinformativo.mx\/index.php\/2025\/05\/22\/kuri-lidera-impulso-a-la-salud-publica-nace-la-red-queretana-de-municipios-por-la-prevencion\/#respond"]}]},{"@type":"WebPage","@id":"https:\/\/www.nexoinformativo.mx\/index.php\/2025\/05\/22\/kuri-lidera-impulso-a-la-salud-publica-nace-la-red-queretana-de-municipios-por-la-prevencion\/","url":"https:\/\/www.nexoinformativo.mx\/index.php\/2025\/05\/22\/kuri-lidera-impulso-a-la-salud-publica-nace-la-red-queretana-de-municipios-por-la-prevencion\/","name":"Kuri lidera impulso a la Salud P\u00fablica nace la red Queretana de Municipios por la prevenci\u00f3n | Nexo Informativo Santiago de Quer\u00e9taro","isPartOf":{"@id":"https:\/\/www.nexoinformativo.mx\/#website"},"primaryImageOfPage":{"@id":"https:\/\/www.nexoinformativo.mx\/index.php\/2025\/05\/22\/kuri-lidera-impulso-a-la-salud-publica-nace-la-red-queretana-de-municipios-por-la-prevencion\/#primaryimage"},"image":{"@id":"https:\/\/www.nexoinformativo.mx\/index.php\/2025\/05\/22\/kuri-lidera-impulso-a-la-salud-publica-nace-la-red-queretana-de-municipios-por-la-prevencion\/#primaryimage"},"thumbnailUrl":"https:\/\/www.nexoinformativo.mx\/wp-content\/uploads\/2025\/05\/PHOTO-2025-05-22-14-34-57-e1747949607134.jpg","datePublished":"2025-05-22T17:00:02+00:00","dateModified":"2025-05-22T21:34:20+00:00","description":"Kuri lidera impulso a la Salud P\u00fablica nace la red Queretana de Municipios por la prevenci\u00f3n","breadcrumb":{"@id":"https:\/\/www.nexoinformativo.mx\/index.php\/2025\/05\/22\/kuri-lidera-impulso-a-la-salud-publica-nace-la-red-queretana-de-municipios-por-la-prevencion\/#breadcrumb"},"inLanguage":"es","potentialAction":[{"@type":"ReadAction","target":["https:\/\/www.nexoinformativo.mx\/index.php\/2025\/05\/22\/kuri-lidera-impulso-a-la-salud-publica-nace-la-red-queretana-de-municipios-por-la-prevencion\/"]}]},{"@type":"ImageObject","inLanguage":"es","@id":"https:\/\/www.nexoinformativo.mx\/index.php\/2025\/05\/22\/kuri-lidera-impulso-a-la-salud-publica-nace-la-red-queretana-de-municipios-por-la-prevencion\/#primaryimage","url":"https:\/\/www.nexoinformativo.mx\/wp-content\/uploads\/2025\/05\/PHOTO-2025-05-22-14-34-57-e1747949607134.jpg","contentUrl":"https:\/\/www.nexoinformativo.mx\/wp-content\/uploads\/2025\/05\/PHOTO-2025-05-22-14-34-57-e1747949607134.jpg","width":800,"height":533},{"@type":"BreadcrumbList","@id":"https:\/\/www.nexoinformativo.mx\/index.php\/2025\/05\/22\/kuri-lidera-impulso-a-la-salud-publica-nace-la-red-queretana-de-municipios-por-la-prevencion\/#breadcrumb","itemListElement":[{"@type":"ListItem","position":1,"name":"Inicio","item":"https:\/\/www.nexoinformativo.mx\/"},{"@type":"ListItem","position":2,"name":"Kuri lidera impulso a la Salud P\u00fablica nace la red Queretana de Municipios por la prevenci\u00f3n"}]},{"@type":"WebSite","@id":"https:\/\/www.nexoinformativo.mx\/#website","url":"https:\/\/www.nexoinformativo.mx\/","name":"Nexo Informativo Santiago de Quer\u00e9taro","description":"Explora NexoInformativo y convi\u00e9rtete en parte de una comunidad que valora el conocimiento y la verdad. Tu nexoinformativo es tu puente hacia una comprensi\u00f3n m\u00e1s profunda del mundo que te rodea.","publisher":{"@id":"https:\/\/www.nexoinformativo.mx\/#organization"},"potentialAction":[{"@type":"SearchAction","target":{"@type":"EntryPoint","urlTemplate":"https:\/\/www.nexoinformativo.mx\/?s={search_term_string}"},"query-input":{"@type":"PropertyValueSpecification","valueRequired":true,"valueName":"search_term_string"}}],"inLanguage":"es"},{"@type":"Organization","@id":"https:\/\/www.nexoinformativo.mx\/#organization","name":"Nexo Informativo Santiago de Quer\u00e9taro","url":"https:\/\/www.nexoinformativo.mx\/","logo":{"@type":"ImageObject","inLanguage":"es","@id":"https:\/\/www.nexoinformativo.mx\/#\/schema\/logo\/image\/","url":"https:\/\/www.nexoinformativo.mx\/wp-content\/uploads\/2024\/07\/nexoi-trasparente-2.png","contentUrl":"https:\/\/www.nexoinformativo.mx\/wp-content\/uploads\/2024\/07\/nexoi-trasparente-2.png","width":816,"height":339,"caption":"Nexo Informativo Santiago de Quer\u00e9taro"},"image":{"@id":"https:\/\/www.nexoinformativo.mx\/#\/schema\/logo\/image\/"},"sameAs":["https:\/\/www.facebook.com\/people\/Nexo-Informativo\/61564066885511\/"]},{"@type":"Person","@id":"https:\/\/www.nexoinformativo.mx\/#\/schema\/person\/7749d380ba08c8ca00d7bc76fd907b7d","name":"Nexo Informativo","image":{"@type":"ImageObject","inLanguage":"es","@id":"https:\/\/www.nexoinformativo.mx\/#\/schema\/person\/image\/","url":"https:\/\/secure.gravatar.com\/avatar\/dde2928154642a13d95f87ddf1ea9718fe2b46760a005c53e41ff5ad610704e6?s=96&d=mm&r=g","contentUrl":"https:\/\/secure.gravatar.com\/avatar\/dde2928154642a13d95f87ddf1ea9718fe2b46760a005c53e41ff5ad610704e6?s=96&d=mm&r=g","caption":"Nexo Informativo"},"url":"https:\/\/www.nexoinformativo.mx\/index.php\/author\/edicion\/"}]}},"_links":{"self":[{"href":"https:\/\/www.nexoinformativo.mx\/index.php\/wp-json\/wp\/v2\/posts\/15134","targetHints":{"allow":["GET"]}}],"collection":[{"href":"https:\/\/www.nexoinformativo.mx\/index.php\/wp-json\/wp\/v2\/posts"}],"about":[{"href":"https:\/\/www.nexoinformativo.mx\/index.php\/wp-json\/wp\/v2\/types\/post"}],"author":[{"embeddable":true,"href":"https:\/\/www.nexoinformativo.mx\/index.php\/wp-json\/wp\/v2\/users\/3"}],"replies":[{"embeddable":true,"href":"https:\/\/www.nexoinformativo.mx\/index.php\/wp-json\/wp\/v2\/comments?post=15134"}],"version-history":[{"count":3,"href":"https:\/\/www.nexoinformativo.mx\/index.php\/wp-json\/wp\/v2\/posts\/15134\/revisions"}],"predecessor-version":[{"id":15138,"href":"https:\/\/www.nexoinformativo.mx\/index.php\/wp-json\/wp\/v2\/posts\/15134\/revisions\/15138"}],"wp:featuredmedia":[{"embeddable":true,"href":"https:\/\/www.nexoinformativo.mx\/index.php\/wp-json\/wp\/v2\/media\/15135"}],"wp:attachment":[{"href":"https:\/\/www.nexoinformativo.mx\/index.php\/wp-json\/wp\/v2\/media?parent=15134"}],"wp:term":[{"taxonomy":"category","embeddable":true,"href":"https:\/\/www.nexoinformativo.mx\/index.php\/wp-json\/wp\/v2\/categories?post=15134"},{"taxonomy":"post_tag","embeddable":true,"href":"https:\/\/www.nexoinformativo.mx\/index.php\/wp-json\/wp\/v2\/tags?post=15134"}],"curies":[{"name":"wp","href":"https:\/\/api.w.org\/{rel}","templated":true}]}}