{"id":15152,"date":"2025-05-22T14:00:16","date_gmt":"2025-05-22T20:00:16","guid":{"rendered":"https:\/\/www.nexoinformativo.mx\/?p=15152"},"modified":"2025-05-22T16:16:18","modified_gmt":"2025-05-22T22:16:18","slug":"rescatan-mono-arana-en-san-juan-del-rio-especie-protegida-desata-investigacion-federal","status":"publish","type":"post","link":"https:\/\/www.nexoinformativo.mx\/index.php\/2025\/05\/22\/rescatan-mono-arana-en-san-juan-del-rio-especie-protegida-desata-investigacion-federal\/","title":{"rendered":"Rescatan mono ara\u00f1a en San Juan del R\u00edo especie protegida desata investigaci\u00f3n Federal"},"content":{"rendered":"<p style=\"text-align: justify;\" data-sourcepos=\"3:1-3:276\">Gracias a una denuncia ciudadana, la Direcci\u00f3n de Cuidado Animal del municipio de San Juan del R\u00edo respondi\u00f3 al avistamiento de un mono ara\u00f1a en el fraccionamiento Bosques de San Juan.<\/p>\n<\/p>\n<p>&nbsp;<\/p>\n<p style=\"text-align: justify;\" data-sourcepos=\"5:1-5:223\">Elementos de la Direcci\u00f3n, en coordinaci\u00f3n con personal de Seguridad P\u00fablica, Protecci\u00f3n Civil y Bomberos de San Juan del R\u00edo, acudieron r\u00e1pidamente al lugar para verificar la presencia del ejemplar y asegurar su resguardo.<\/p>\n<\/p>\n<p>&nbsp;<\/p>\n<p style=\"text-align: justify;\" data-sourcepos=\"7:1-7:328\">Tras establecer contacto con la <strong>Procuradur\u00eda Federal de Protecci\u00f3n al Ambiente<\/strong> (PROFEPA), delegaci\u00f3n Quer\u00e9taro, se instruy\u00f3 al personal municipal a proceder con el aseguramiento del animal. Ahora, la PROFEPA ser\u00e1 la encargada de las investigaciones para determinar el origen del mono y c\u00f3mo fue introducido a la zona urbana.<\/p>\n<\/p>\n<p>&nbsp;<\/p>\n<p style=\"text-align: justify;\" data-sourcepos=\"9:1-9:171\">La autoridad federal enfatiz\u00f3 que los monos ara\u00f1a son especies protegidas y su comercializaci\u00f3n est\u00e1 prohibida. No existen permisos legales para tenerlos como mascota.<\/p>\n<\/p>\n<p>&nbsp;<\/p>\n<p style=\"text-align: justify;\" data-sourcepos=\"11:1-11:224\">Las autoridades municipales recordaron a la ciudadan\u00eda que el tr\u00e1fico ilegal de fauna silvestre es un delito federal. Invitamos a la poblaci\u00f3n a denunciar este tipo de casos de manera an\u00f3nima a trav\u00e9s del n\u00famero 089.<\/p>\n<\/p>\n<p>&nbsp;<\/p>\n<p style=\"text-align: center;\" data-sourcepos=\"11:1-11:224\"><em><strong>\u00a1Informaci\u00f3n que transforma!<\/strong><\/em><\/p>\n","protected":false},"excerpt":{"rendered":"<p>Gracias a una denuncia ciudadana, la Direcci\u00f3n de Cuidado Animal del municipio de San Juan del R\u00edo respondi\u00f3 al avistamiento de un mono ara\u00f1a en el fraccionamiento Bosques de San Juan.<\/p>\n","protected":false},"author":3,"featured_media":15153,"comment_status":"open","ping_status":"open","sticky":false,"template":"","format":"standard","meta":{"footnotes":""},"categories":[65,137,58],"tags":[4542,2625,1003,382],"class_list":["post-15152","post","type-post","status-publish","format-standard","has-post-thumbnail","hentry","category-municipios","category-sucesos","category-ultima-hora","tag-monoaranaqro","tag-profepa","tag-rescateanimal","tag-sanjuandelrio"],"yoast_head":"<!-- This site is optimized with the Yoast SEO plugin v25.0 - https:\/\/yoast.com\/wordpress\/plugins\/seo\/ -->\n<title>Rescatan mono ara\u00f1a en San Juan del R\u00edo especie protegida desata investigaci\u00f3n Federal | Nexo Informativo Santiago de Quer\u00e9taro<\/title>\n<meta name=\"description\" content=\"Rescatan mono ara\u00f1a en San Juan del R\u00edo especie protegida desata investigaci\u00f3n Federal\" \/>\n<meta name=\"robots\" content=\"index, follow, max-snippet:-1, max-image-preview:large, max-video-preview:-1\" \/>\n<link rel=\"canonical\" href=\"https:\/\/www.nexoinformativo.mx\/index.php\/2025\/05\/22\/rescatan-mono-arana-en-san-juan-del-rio-especie-protegida-desata-investigacion-federal\/\" \/>\n<meta property=\"og:locale\" content=\"es_MX\" \/>\n<meta property=\"og:type\" content=\"article\" \/>\n<meta property=\"og:title\" content=\"Rescatan mono ara\u00f1a en San Juan del R\u00edo especie protegida desata investigaci\u00f3n Federal | Nexo Informativo Santiago de Quer\u00e9taro\" \/>\n<meta property=\"og:description\" content=\"Rescatan mono ara\u00f1a en San Juan del R\u00edo especie protegida desata investigaci\u00f3n Federal\" \/>\n<meta property=\"og:url\" content=\"https:\/\/www.nexoinformativo.mx\/index.php\/2025\/05\/22\/rescatan-mono-arana-en-san-juan-del-rio-especie-protegida-desata-investigacion-federal\/\" \/>\n<meta property=\"og:site_name\" content=\"Nexo Informativo Santiago de Quer\u00e9taro\" \/>\n<meta property=\"article:publisher\" content=\"https:\/\/www.facebook.com\/people\/Nexo-Informativo\/61564066885511\/\" \/>\n<meta property=\"article:published_time\" content=\"2025-05-22T20:00:16+00:00\" \/>\n<meta property=\"article:modified_time\" content=\"2025-05-22T22:16:18+00:00\" \/>\n<meta property=\"og:image\" content=\"https:\/\/www.nexoinformativo.mx\/wp-content\/uploads\/2025\/05\/PHOTO-2025-05-22-11-47-41-2-e1747952133543.jpg\" \/>\n\t<meta property=\"og:image:width\" content=\"800\" \/>\n\t<meta property=\"og:image:height\" content=\"742\" \/>\n\t<meta property=\"og:image:type\" content=\"image\/jpeg\" \/>\n<meta name=\"author\" content=\"Nexo Informativo\" \/>\n<meta name=\"twitter:card\" content=\"summary_large_image\" \/>\n<meta name=\"twitter:label1\" content=\"Escrito por\" \/>\n\t<meta name=\"twitter:data1\" content=\"Nexo Informativo\" \/>\n\t<meta name=\"twitter:label2\" content=\"Tiempo de lectura\" \/>\n\t<meta name=\"twitter:data2\" content=\"2 minutos\" \/>\n<script type=\"application\/ld+json\" class=\"yoast-schema-graph\">{\"@context\":\"https:\/\/schema.org\",\"@graph\":[{\"@type\":\"Article\",\"@id\":\"https:\/\/www.nexoinformativo.mx\/index.php\/2025\/05\/22\/rescatan-mono-arana-en-san-juan-del-rio-especie-protegida-desata-investigacion-federal\/#article\",\"isPartOf\":{\"@id\":\"https:\/\/www.nexoinformativo.mx\/index.php\/2025\/05\/22\/rescatan-mono-arana-en-san-juan-del-rio-especie-protegida-desata-investigacion-federal\/\"},\"author\":{\"name\":\"Nexo Informativo\",\"@id\":\"https:\/\/www.nexoinformativo.mx\/#\/schema\/person\/7749d380ba08c8ca00d7bc76fd907b7d\"},\"headline\":\"Rescatan mono ara\u00f1a en San Juan del R\u00edo especie protegida desata investigaci\u00f3n Federal\",\"datePublished\":\"2025-05-22T20:00:16+00:00\",\"dateModified\":\"2025-05-22T22:16:18+00:00\",\"mainEntityOfPage\":{\"@id\":\"https:\/\/www.nexoinformativo.mx\/index.php\/2025\/05\/22\/rescatan-mono-arana-en-san-juan-del-rio-especie-protegida-desata-investigacion-federal\/\"},\"wordCount\":220,\"commentCount\":0,\"publisher\":{\"@id\":\"https:\/\/www.nexoinformativo.mx\/#organization\"},\"image\":{\"@id\":\"https:\/\/www.nexoinformativo.mx\/index.php\/2025\/05\/22\/rescatan-mono-arana-en-san-juan-del-rio-especie-protegida-desata-investigacion-federal\/#primaryimage\"},\"thumbnailUrl\":\"https:\/\/www.nexoinformativo.mx\/wp-content\/uploads\/2025\/05\/PHOTO-2025-05-22-11-47-41-2-e1747952133543.jpg\",\"keywords\":[\"MonoAra\u00f1aQro\",\"Profepa\",\"RescateAnimal\",\"SanJuanDelR\u00edo\"],\"articleSection\":[\"Municipios\",\"Sucesos\",\"\u00daltima Hora\"],\"inLanguage\":\"es\",\"potentialAction\":[{\"@type\":\"CommentAction\",\"name\":\"Comment\",\"target\":[\"https:\/\/www.nexoinformativo.mx\/index.php\/2025\/05\/22\/rescatan-mono-arana-en-san-juan-del-rio-especie-protegida-desata-investigacion-federal\/#respond\"]}]},{\"@type\":\"WebPage\",\"@id\":\"https:\/\/www.nexoinformativo.mx\/index.php\/2025\/05\/22\/rescatan-mono-arana-en-san-juan-del-rio-especie-protegida-desata-investigacion-federal\/\",\"url\":\"https:\/\/www.nexoinformativo.mx\/index.php\/2025\/05\/22\/rescatan-mono-arana-en-san-juan-del-rio-especie-protegida-desata-investigacion-federal\/\",\"name\":\"Rescatan mono ara\u00f1a en San Juan del R\u00edo especie protegida desata investigaci\u00f3n Federal | Nexo Informativo Santiago de Quer\u00e9taro\",\"isPartOf\":{\"@id\":\"https:\/\/www.nexoinformativo.mx\/#website\"},\"primaryImageOfPage\":{\"@id\":\"https:\/\/www.nexoinformativo.mx\/index.php\/2025\/05\/22\/rescatan-mono-arana-en-san-juan-del-rio-especie-protegida-desata-investigacion-federal\/#primaryimage\"},\"image\":{\"@id\":\"https:\/\/www.nexoinformativo.mx\/index.php\/2025\/05\/22\/rescatan-mono-arana-en-san-juan-del-rio-especie-protegida-desata-investigacion-federal\/#primaryimage\"},\"thumbnailUrl\":\"https:\/\/www.nexoinformativo.mx\/wp-content\/uploads\/2025\/05\/PHOTO-2025-05-22-11-47-41-2-e1747952133543.jpg\",\"datePublished\":\"2025-05-22T20:00:16+00:00\",\"dateModified\":\"2025-05-22T22:16:18+00:00\",\"description\":\"Rescatan mono ara\u00f1a en San Juan del R\u00edo especie protegida desata investigaci\u00f3n Federal\",\"breadcrumb\":{\"@id\":\"https:\/\/www.nexoinformativo.mx\/index.php\/2025\/05\/22\/rescatan-mono-arana-en-san-juan-del-rio-especie-protegida-desata-investigacion-federal\/#breadcrumb\"},\"inLanguage\":\"es\",\"potentialAction\":[{\"@type\":\"ReadAction\",\"target\":[\"https:\/\/www.nexoinformativo.mx\/index.php\/2025\/05\/22\/rescatan-mono-arana-en-san-juan-del-rio-especie-protegida-desata-investigacion-federal\/\"]}]},{\"@type\":\"ImageObject\",\"inLanguage\":\"es\",\"@id\":\"https:\/\/www.nexoinformativo.mx\/index.php\/2025\/05\/22\/rescatan-mono-arana-en-san-juan-del-rio-especie-protegida-desata-investigacion-federal\/#primaryimage\",\"url\":\"https:\/\/www.nexoinformativo.mx\/wp-content\/uploads\/2025\/05\/PHOTO-2025-05-22-11-47-41-2-e1747952133543.jpg\",\"contentUrl\":\"https:\/\/www.nexoinformativo.mx\/wp-content\/uploads\/2025\/05\/PHOTO-2025-05-22-11-47-41-2-e1747952133543.jpg\",\"width\":800,\"height\":742},{\"@type\":\"BreadcrumbList\",\"@id\":\"https:\/\/www.nexoinformativo.mx\/index.php\/2025\/05\/22\/rescatan-mono-arana-en-san-juan-del-rio-especie-protegida-desata-investigacion-federal\/#breadcrumb\",\"itemListElement\":[{\"@type\":\"ListItem\",\"position\":1,\"name\":\"Inicio\",\"item\":\"https:\/\/www.nexoinformativo.mx\/\"},{\"@type\":\"ListItem\",\"position\":2,\"name\":\"Rescatan mono ara\u00f1a en San Juan del R\u00edo especie protegida desata investigaci\u00f3n Federal\"}]},{\"@type\":\"WebSite\",\"@id\":\"https:\/\/www.nexoinformativo.mx\/#website\",\"url\":\"https:\/\/www.nexoinformativo.mx\/\",\"name\":\"Nexo Informativo Santiago de Quer\u00e9taro\",\"description\":\"Explora NexoInformativo y convi\u00e9rtete en parte de una comunidad que valora el conocimiento y la verdad. Tu nexoinformativo es tu puente hacia una comprensi\u00f3n m\u00e1s profunda del mundo que te rodea.\",\"publisher\":{\"@id\":\"https:\/\/www.nexoinformativo.mx\/#organization\"},\"potentialAction\":[{\"@type\":\"SearchAction\",\"target\":{\"@type\":\"EntryPoint\",\"urlTemplate\":\"https:\/\/www.nexoinformativo.mx\/?s={search_term_string}\"},\"query-input\":{\"@type\":\"PropertyValueSpecification\",\"valueRequired\":true,\"valueName\":\"search_term_string\"}}],\"inLanguage\":\"es\"},{\"@type\":\"Organization\",\"@id\":\"https:\/\/www.nexoinformativo.mx\/#organization\",\"name\":\"Nexo Informativo Santiago de Quer\u00e9taro\",\"url\":\"https:\/\/www.nexoinformativo.mx\/\",\"logo\":{\"@type\":\"ImageObject\",\"inLanguage\":\"es\",\"@id\":\"https:\/\/www.nexoinformativo.mx\/#\/schema\/logo\/image\/\",\"url\":\"https:\/\/www.nexoinformativo.mx\/wp-content\/uploads\/2024\/07\/nexoi-trasparente-2.png\",\"contentUrl\":\"https:\/\/www.nexoinformativo.mx\/wp-content\/uploads\/2024\/07\/nexoi-trasparente-2.png\",\"width\":816,\"height\":339,\"caption\":\"Nexo Informativo Santiago de Quer\u00e9taro\"},\"image\":{\"@id\":\"https:\/\/www.nexoinformativo.mx\/#\/schema\/logo\/image\/\"},\"sameAs\":[\"https:\/\/www.facebook.com\/people\/Nexo-Informativo\/61564066885511\/\"]},{\"@type\":\"Person\",\"@id\":\"https:\/\/www.nexoinformativo.mx\/#\/schema\/person\/7749d380ba08c8ca00d7bc76fd907b7d\",\"name\":\"Nexo Informativo\",\"image\":{\"@type\":\"ImageObject\",\"inLanguage\":\"es\",\"@id\":\"https:\/\/www.nexoinformativo.mx\/#\/schema\/person\/image\/\",\"url\":\"https:\/\/secure.gravatar.com\/avatar\/dde2928154642a13d95f87ddf1ea9718fe2b46760a005c53e41ff5ad610704e6?s=96&d=mm&r=g\",\"contentUrl\":\"https:\/\/secure.gravatar.com\/avatar\/dde2928154642a13d95f87ddf1ea9718fe2b46760a005c53e41ff5ad610704e6?s=96&d=mm&r=g\",\"caption\":\"Nexo Informativo\"},\"url\":\"https:\/\/www.nexoinformativo.mx\/index.php\/author\/edicion\/\"}]}<\/script>\n<!-- \/ Yoast SEO plugin. -->","yoast_head_json":{"title":"Rescatan mono ara\u00f1a en San Juan del R\u00edo especie protegida desata investigaci\u00f3n Federal | Nexo Informativo Santiago de Quer\u00e9taro","description":"Rescatan mono ara\u00f1a en San Juan del R\u00edo especie protegida desata investigaci\u00f3n Federal","robots":{"index":"index","follow":"follow","max-snippet":"max-snippet:-1","max-image-preview":"max-image-preview:large","max-video-preview":"max-video-preview:-1"},"canonical":"https:\/\/www.nexoinformativo.mx\/index.php\/2025\/05\/22\/rescatan-mono-arana-en-san-juan-del-rio-especie-protegida-desata-investigacion-federal\/","og_locale":"es_MX","og_type":"article","og_title":"Rescatan mono ara\u00f1a en San Juan del R\u00edo especie protegida desata investigaci\u00f3n Federal | Nexo Informativo Santiago de Quer\u00e9taro","og_description":"Rescatan mono ara\u00f1a en San Juan del R\u00edo especie protegida desata investigaci\u00f3n Federal","og_url":"https:\/\/www.nexoinformativo.mx\/index.php\/2025\/05\/22\/rescatan-mono-arana-en-san-juan-del-rio-especie-protegida-desata-investigacion-federal\/","og_site_name":"Nexo Informativo Santiago de Quer\u00e9taro","article_publisher":"https:\/\/www.facebook.com\/people\/Nexo-Informativo\/61564066885511\/","article_published_time":"2025-05-22T20:00:16+00:00","article_modified_time":"2025-05-22T22:16:18+00:00","og_image":[{"width":800,"height":742,"url":"https:\/\/www.nexoinformativo.mx\/wp-content\/uploads\/2025\/05\/PHOTO-2025-05-22-11-47-41-2-e1747952133543.jpg","type":"image\/jpeg"}],"author":"Nexo Informativo","twitter_card":"summary_large_image","twitter_misc":{"Escrito por":"Nexo Informativo","Tiempo de lectura":"2 minutos"},"schema":{"@context":"https:\/\/schema.org","@graph":[{"@type":"Article","@id":"https:\/\/www.nexoinformativo.mx\/index.php\/2025\/05\/22\/rescatan-mono-arana-en-san-juan-del-rio-especie-protegida-desata-investigacion-federal\/#article","isPartOf":{"@id":"https:\/\/www.nexoinformativo.mx\/index.php\/2025\/05\/22\/rescatan-mono-arana-en-san-juan-del-rio-especie-protegida-desata-investigacion-federal\/"},"author":{"name":"Nexo Informativo","@id":"https:\/\/www.nexoinformativo.mx\/#\/schema\/person\/7749d380ba08c8ca00d7bc76fd907b7d"},"headline":"Rescatan mono ara\u00f1a en San Juan del R\u00edo especie protegida desata investigaci\u00f3n Federal","datePublished":"2025-05-22T20:00:16+00:00","dateModified":"2025-05-22T22:16:18+00:00","mainEntityOfPage":{"@id":"https:\/\/www.nexoinformativo.mx\/index.php\/2025\/05\/22\/rescatan-mono-arana-en-san-juan-del-rio-especie-protegida-desata-investigacion-federal\/"},"wordCount":220,"commentCount":0,"publisher":{"@id":"https:\/\/www.nexoinformativo.mx\/#organization"},"image":{"@id":"https:\/\/www.nexoinformativo.mx\/index.php\/2025\/05\/22\/rescatan-mono-arana-en-san-juan-del-rio-especie-protegida-desata-investigacion-federal\/#primaryimage"},"thumbnailUrl":"https:\/\/www.nexoinformativo.mx\/wp-content\/uploads\/2025\/05\/PHOTO-2025-05-22-11-47-41-2-e1747952133543.jpg","keywords":["MonoAra\u00f1aQro","Profepa","RescateAnimal","SanJuanDelR\u00edo"],"articleSection":["Municipios","Sucesos","\u00daltima Hora"],"inLanguage":"es","potentialAction":[{"@type":"CommentAction","name":"Comment","target":["https:\/\/www.nexoinformativo.mx\/index.php\/2025\/05\/22\/rescatan-mono-arana-en-san-juan-del-rio-especie-protegida-desata-investigacion-federal\/#respond"]}]},{"@type":"WebPage","@id":"https:\/\/www.nexoinformativo.mx\/index.php\/2025\/05\/22\/rescatan-mono-arana-en-san-juan-del-rio-especie-protegida-desata-investigacion-federal\/","url":"https:\/\/www.nexoinformativo.mx\/index.php\/2025\/05\/22\/rescatan-mono-arana-en-san-juan-del-rio-especie-protegida-desata-investigacion-federal\/","name":"Rescatan mono ara\u00f1a en San Juan del R\u00edo especie protegida desata investigaci\u00f3n Federal | Nexo Informativo Santiago de Quer\u00e9taro","isPartOf":{"@id":"https:\/\/www.nexoinformativo.mx\/#website"},"primaryImageOfPage":{"@id":"https:\/\/www.nexoinformativo.mx\/index.php\/2025\/05\/22\/rescatan-mono-arana-en-san-juan-del-rio-especie-protegida-desata-investigacion-federal\/#primaryimage"},"image":{"@id":"https:\/\/www.nexoinformativo.mx\/index.php\/2025\/05\/22\/rescatan-mono-arana-en-san-juan-del-rio-especie-protegida-desata-investigacion-federal\/#primaryimage"},"thumbnailUrl":"https:\/\/www.nexoinformativo.mx\/wp-content\/uploads\/2025\/05\/PHOTO-2025-05-22-11-47-41-2-e1747952133543.jpg","datePublished":"2025-05-22T20:00:16+00:00","dateModified":"2025-05-22T22:16:18+00:00","description":"Rescatan mono ara\u00f1a en San Juan del R\u00edo especie protegida desata investigaci\u00f3n Federal","breadcrumb":{"@id":"https:\/\/www.nexoinformativo.mx\/index.php\/2025\/05\/22\/rescatan-mono-arana-en-san-juan-del-rio-especie-protegida-desata-investigacion-federal\/#breadcrumb"},"inLanguage":"es","potentialAction":[{"@type":"ReadAction","target":["https:\/\/www.nexoinformativo.mx\/index.php\/2025\/05\/22\/rescatan-mono-arana-en-san-juan-del-rio-especie-protegida-desata-investigacion-federal\/"]}]},{"@type":"ImageObject","inLanguage":"es","@id":"https:\/\/www.nexoinformativo.mx\/index.php\/2025\/05\/22\/rescatan-mono-arana-en-san-juan-del-rio-especie-protegida-desata-investigacion-federal\/#primaryimage","url":"https:\/\/www.nexoinformativo.mx\/wp-content\/uploads\/2025\/05\/PHOTO-2025-05-22-11-47-41-2-e1747952133543.jpg","contentUrl":"https:\/\/www.nexoinformativo.mx\/wp-content\/uploads\/2025\/05\/PHOTO-2025-05-22-11-47-41-2-e1747952133543.jpg","width":800,"height":742},{"@type":"BreadcrumbList","@id":"https:\/\/www.nexoinformativo.mx\/index.php\/2025\/05\/22\/rescatan-mono-arana-en-san-juan-del-rio-especie-protegida-desata-investigacion-federal\/#breadcrumb","itemListElement":[{"@type":"ListItem","position":1,"name":"Inicio","item":"https:\/\/www.nexoinformativo.mx\/"},{"@type":"ListItem","position":2,"name":"Rescatan mono ara\u00f1a en San Juan del R\u00edo especie protegida desata investigaci\u00f3n Federal"}]},{"@type":"WebSite","@id":"https:\/\/www.nexoinformativo.mx\/#website","url":"https:\/\/www.nexoinformativo.mx\/","name":"Nexo Informativo Santiago de Quer\u00e9taro","description":"Explora NexoInformativo y convi\u00e9rtete en parte de una comunidad que valora el conocimiento y la verdad. Tu nexoinformativo es tu puente hacia una comprensi\u00f3n m\u00e1s profunda del mundo que te rodea.","publisher":{"@id":"https:\/\/www.nexoinformativo.mx\/#organization"},"potentialAction":[{"@type":"SearchAction","target":{"@type":"EntryPoint","urlTemplate":"https:\/\/www.nexoinformativo.mx\/?s={search_term_string}"},"query-input":{"@type":"PropertyValueSpecification","valueRequired":true,"valueName":"search_term_string"}}],"inLanguage":"es"},{"@type":"Organization","@id":"https:\/\/www.nexoinformativo.mx\/#organization","name":"Nexo Informativo Santiago de Quer\u00e9taro","url":"https:\/\/www.nexoinformativo.mx\/","logo":{"@type":"ImageObject","inLanguage":"es","@id":"https:\/\/www.nexoinformativo.mx\/#\/schema\/logo\/image\/","url":"https:\/\/www.nexoinformativo.mx\/wp-content\/uploads\/2024\/07\/nexoi-trasparente-2.png","contentUrl":"https:\/\/www.nexoinformativo.mx\/wp-content\/uploads\/2024\/07\/nexoi-trasparente-2.png","width":816,"height":339,"caption":"Nexo Informativo Santiago de Quer\u00e9taro"},"image":{"@id":"https:\/\/www.nexoinformativo.mx\/#\/schema\/logo\/image\/"},"sameAs":["https:\/\/www.facebook.com\/people\/Nexo-Informativo\/61564066885511\/"]},{"@type":"Person","@id":"https:\/\/www.nexoinformativo.mx\/#\/schema\/person\/7749d380ba08c8ca00d7bc76fd907b7d","name":"Nexo Informativo","image":{"@type":"ImageObject","inLanguage":"es","@id":"https:\/\/www.nexoinformativo.mx\/#\/schema\/person\/image\/","url":"https:\/\/secure.gravatar.com\/avatar\/dde2928154642a13d95f87ddf1ea9718fe2b46760a005c53e41ff5ad610704e6?s=96&d=mm&r=g","contentUrl":"https:\/\/secure.gravatar.com\/avatar\/dde2928154642a13d95f87ddf1ea9718fe2b46760a005c53e41ff5ad610704e6?s=96&d=mm&r=g","caption":"Nexo Informativo"},"url":"https:\/\/www.nexoinformativo.mx\/index.php\/author\/edicion\/"}]}},"_links":{"self":[{"href":"https:\/\/www.nexoinformativo.mx\/index.php\/wp-json\/wp\/v2\/posts\/15152","targetHints":{"allow":["GET"]}}],"collection":[{"href":"https:\/\/www.nexoinformativo.mx\/index.php\/wp-json\/wp\/v2\/posts"}],"about":[{"href":"https:\/\/www.nexoinformativo.mx\/index.php\/wp-json\/wp\/v2\/types\/post"}],"author":[{"embeddable":true,"href":"https:\/\/www.nexoinformativo.mx\/index.php\/wp-json\/wp\/v2\/users\/3"}],"replies":[{"embeddable":true,"href":"https:\/\/www.nexoinformativo.mx\/index.php\/wp-json\/wp\/v2\/comments?post=15152"}],"version-history":[{"count":3,"href":"https:\/\/www.nexoinformativo.mx\/index.php\/wp-json\/wp\/v2\/posts\/15152\/revisions"}],"predecessor-version":[{"id":15156,"href":"https:\/\/www.nexoinformativo.mx\/index.php\/wp-json\/wp\/v2\/posts\/15152\/revisions\/15156"}],"wp:featuredmedia":[{"embeddable":true,"href":"https:\/\/www.nexoinformativo.mx\/index.php\/wp-json\/wp\/v2\/media\/15153"}],"wp:attachment":[{"href":"https:\/\/www.nexoinformativo.mx\/index.php\/wp-json\/wp\/v2\/media?parent=15152"}],"wp:term":[{"taxonomy":"category","embeddable":true,"href":"https:\/\/www.nexoinformativo.mx\/index.php\/wp-json\/wp\/v2\/categories?post=15152"},{"taxonomy":"post_tag","embeddable":true,"href":"https:\/\/www.nexoinformativo.mx\/index.php\/wp-json\/wp\/v2\/tags?post=15152"}],"curies":[{"name":"wp","href":"https:\/\/api.w.org\/{rel}","templated":true}]}}