{"id":15183,"date":"2025-05-23T09:00:45","date_gmt":"2025-05-23T15:00:45","guid":{"rendered":"https:\/\/www.nexoinformativo.mx\/?p=15183"},"modified":"2025-05-23T11:51:05","modified_gmt":"2025-05-23T17:51:05","slug":"45-mil-millones-menos-diputado-del-pan-acusa-gestion-desastrosa-por-impuesto-del-3-5-en-ee-uu","status":"publish","type":"post","link":"https:\/\/www.nexoinformativo.mx\/index.php\/2025\/05\/23\/45-mil-millones-menos-diputado-del-pan-acusa-gestion-desastrosa-por-impuesto-del-3-5-en-ee-uu\/","title":{"rendered":"45 mil millones menos Diputado del PAN acusa &#8220;gesti\u00f3n desastrosa&#8221; por impuesto del 3.5% en EE. UU."},"content":{"rendered":"<p style=\"text-align: justify;\" data-sourcepos=\"3:1-3:492\">El diputado H\u00e9ctor Sa\u00fal T\u00e9llez Hern\u00e1ndez (PAN) ha calificado de &#8220;desastrosa&#8221; la gesti\u00f3n del embajador de M\u00e9xico en Estados Unidos, Esteban Moctezuma, y del canciller Juan Ram\u00f3n de la Fuente, luego de que la C\u00e1mara de Representantes de EU aprobara un impuesto del 3.5% \u00a0a las remesas enviadas desde ese pa\u00eds hacia M\u00e9xico.<\/p>\n<\/p>\n<p>&nbsp;<\/p>\n<p style=\"text-align: justify;\" data-sourcepos=\"5:1-5:262\">T\u00e9llez Hern\u00e1ndez se\u00f1al\u00f3 que esta medida afectar\u00eda directamente a m\u00e1s de 4.9 millones de hogares mexicanos, lo que se traduce en una p\u00e9rdida estimada de 45 mil millones de pesos para las familias que dependen de estos env\u00edos como complemento a su ingreso.<\/p>\n<\/p>\n<p>&nbsp;<\/p>\n<p style=\"text-align: justify;\" data-sourcepos=\"7:1-7:418\">&#8220;El a\u00f1o pasado hubo un monto de 64 mil 700 millones de d\u00f3lares en remesas que llegaron hacia M\u00e9xico desde Estados Unidos. Este 3.5 por ciento pr\u00e1cticamente mermar\u00eda alrededor de 2 mil 300 millones de d\u00f3lares, lo que se traduce en 45 mil millones de pesos menos para muchas, miles de millones de familias mexicanas que encuentran en las remesas un complemento a su ingreso familiar&#8221;, explic\u00f3 el legislador.<\/p>\n<\/p>\n<p>&nbsp;<\/p>\n<p style=\"text-align: justify;\" data-sourcepos=\"9:1-9:372\">El diputado panista enfatiz\u00f3 la vital importancia de las remesas para la econom\u00eda nacional, ya que representan entre el 3.5 y el 4 por ciento del Producto Interno Bruto (PIB), un valor comparable a la industria automotriz del pa\u00eds.<\/p>\n<\/p>\n<p>&nbsp;<\/p>\n<p style=\"text-align: justify;\" data-sourcepos=\"9:1-9:372\">En estados como Oaxaca, Guerrero, Michoac\u00e1n y Zacatecas, las remesas llegan a constituir entre el 10 y el 15 por ciento del PIB estatal.<\/p>\n<\/p>\n<p>&nbsp;<\/p>\n<p style=\"text-align: justify;\" data-sourcepos=\"19:1-19:318\">El diputado critic\u00f3 la supuesta actuaci\u00f3n tard\u00eda del gobierno mexicano a trav\u00e9s de la Canciller\u00eda y la embajada, y sugiri\u00f3 que la presidenta de M\u00e9xico, Claudia Sheinbaum, deber\u00eda pedir cuentas a Moctezuma y De la Fuente, ya que &#8220;los resultados que han dado hasta el d\u00eda de hoy han sido desastrosos&#8221;.<\/p>\n<\/p>\n<p>&nbsp;<\/p>\n<p style=\"text-align: justify;\" data-sourcepos=\"21:1-21:168\">Finalmente, exigi\u00f3 al gobierno mexicano &#8220;llevar a cabo las actividades diplom\u00e1ticas y econ\u00f3micas necesarias para que las remesas no sean tasadas con ning\u00fan porcentaje&#8221;.<\/p>\n<\/p>\n<p>&nbsp;<\/p>\n<p style=\"text-align: center;\" data-sourcepos=\"21:1-21:168\"><em><strong>\u00a1Informaci\u00f3n que transforma!<\/strong><\/em><\/p>\n","protected":false},"excerpt":{"rendered":"<p>El diputado H\u00e9ctor Sa\u00fal T\u00e9llez Hern\u00e1ndez (PAN) ha calificado de &#8220;desastrosa&#8221; la gesti\u00f3n del embajador de M\u00e9xico en Estados Unidos, Esteban Moctezuma, y del canciller Juan Ram\u00f3n de la Fuente, luego de que la C\u00e1mara de Representantes de EU aprobara un impuesto del 3.5 por ciento a las remesas enviadas desde ese pa\u00eds hacia M\u00e9xico.<\/p>\n","protected":false},"author":3,"featured_media":15184,"comment_status":"open","ping_status":"open","sticky":false,"template":"","format":"standard","meta":{"footnotes":""},"categories":[88,21,58],"tags":[4555,4554,4556,4553],"class_list":["post-15183","post","type-post","status-publish","format-standard","has-post-thumbnail","hentry","category-nacional","category-politica","category-ultima-hora","tag-economiafamiliar","tag-impuestoaremesas","tag-nodobletributacion","tag-remesasmx"],"yoast_head":"<!-- This site is optimized with the Yoast SEO plugin v25.0 - https:\/\/yoast.com\/wordpress\/plugins\/seo\/ -->\n<title>45 mil millones menos Diputado del PAN acusa &quot;gesti\u00f3n desastrosa&quot; por impuesto del 3.5% en EE. UU. | Nexo Informativo Santiago de Quer\u00e9taro<\/title>\n<meta name=\"description\" content=\"45 mil millones menos Diputado del PAN acusa &quot;gesti\u00f3n desastrosa&quot; por impuesto del 3.5% en EE. UU.\" \/>\n<meta name=\"robots\" content=\"index, follow, max-snippet:-1, max-image-preview:large, max-video-preview:-1\" \/>\n<link rel=\"canonical\" href=\"https:\/\/www.nexoinformativo.mx\/index.php\/2025\/05\/23\/45-mil-millones-menos-diputado-del-pan-acusa-gestion-desastrosa-por-impuesto-del-3-5-en-ee-uu\/\" \/>\n<meta property=\"og:locale\" content=\"es_MX\" \/>\n<meta property=\"og:type\" content=\"article\" \/>\n<meta property=\"og:title\" content=\"45 mil millones menos Diputado del PAN acusa &quot;gesti\u00f3n desastrosa&quot; por impuesto del 3.5% en EE. UU. | Nexo Informativo Santiago de Quer\u00e9taro\" \/>\n<meta property=\"og:description\" content=\"45 mil millones menos Diputado del PAN acusa &quot;gesti\u00f3n desastrosa&quot; por impuesto del 3.5% en EE. UU.\" \/>\n<meta property=\"og:url\" content=\"https:\/\/www.nexoinformativo.mx\/index.php\/2025\/05\/23\/45-mil-millones-menos-diputado-del-pan-acusa-gestion-desastrosa-por-impuesto-del-3-5-en-ee-uu\/\" \/>\n<meta property=\"og:site_name\" content=\"Nexo Informativo Santiago de Quer\u00e9taro\" \/>\n<meta property=\"article:publisher\" content=\"https:\/\/www.facebook.com\/people\/Nexo-Informativo\/61564066885511\/\" \/>\n<meta property=\"article:published_time\" content=\"2025-05-23T15:00:45+00:00\" \/>\n<meta property=\"article:modified_time\" content=\"2025-05-23T17:51:05+00:00\" \/>\n<meta property=\"og:image\" content=\"https:\/\/www.nexoinformativo.mx\/wp-content\/uploads\/2025\/05\/IMG_3233.jpg\" \/>\n\t<meta property=\"og:image:width\" content=\"850\" \/>\n\t<meta property=\"og:image:height\" content=\"565\" \/>\n\t<meta property=\"og:image:type\" content=\"image\/jpeg\" \/>\n<meta name=\"author\" content=\"Nexo Informativo\" \/>\n<meta name=\"twitter:card\" content=\"summary_large_image\" \/>\n<meta name=\"twitter:label1\" content=\"Escrito por\" \/>\n\t<meta name=\"twitter:data1\" content=\"Nexo Informativo\" \/>\n\t<meta name=\"twitter:label2\" content=\"Tiempo de lectura\" \/>\n\t<meta name=\"twitter:data2\" content=\"2 minutos\" \/>\n<script type=\"application\/ld+json\" class=\"yoast-schema-graph\">{\"@context\":\"https:\/\/schema.org\",\"@graph\":[{\"@type\":\"Article\",\"@id\":\"https:\/\/www.nexoinformativo.mx\/index.php\/2025\/05\/23\/45-mil-millones-menos-diputado-del-pan-acusa-gestion-desastrosa-por-impuesto-del-3-5-en-ee-uu\/#article\",\"isPartOf\":{\"@id\":\"https:\/\/www.nexoinformativo.mx\/index.php\/2025\/05\/23\/45-mil-millones-menos-diputado-del-pan-acusa-gestion-desastrosa-por-impuesto-del-3-5-en-ee-uu\/\"},\"author\":{\"name\":\"Nexo Informativo\",\"@id\":\"https:\/\/www.nexoinformativo.mx\/#\/schema\/person\/7749d380ba08c8ca00d7bc76fd907b7d\"},\"headline\":\"45 mil millones menos Diputado del PAN acusa &#8220;gesti\u00f3n desastrosa&#8221; por impuesto del 3.5% en EE. UU.\",\"datePublished\":\"2025-05-23T15:00:45+00:00\",\"dateModified\":\"2025-05-23T17:51:05+00:00\",\"mainEntityOfPage\":{\"@id\":\"https:\/\/www.nexoinformativo.mx\/index.php\/2025\/05\/23\/45-mil-millones-menos-diputado-del-pan-acusa-gestion-desastrosa-por-impuesto-del-3-5-en-ee-uu\/\"},\"wordCount\":353,\"commentCount\":0,\"publisher\":{\"@id\":\"https:\/\/www.nexoinformativo.mx\/#organization\"},\"image\":{\"@id\":\"https:\/\/www.nexoinformativo.mx\/index.php\/2025\/05\/23\/45-mil-millones-menos-diputado-del-pan-acusa-gestion-desastrosa-por-impuesto-del-3-5-en-ee-uu\/#primaryimage\"},\"thumbnailUrl\":\"https:\/\/www.nexoinformativo.mx\/wp-content\/uploads\/2025\/05\/IMG_3233.jpg\",\"keywords\":[\"Econom\u00edaFamiliar\",\"ImpuestoARemesas\",\"NoDobleTributaci\u00f3n\",\"RemesasMX\"],\"articleSection\":[\"Nacional\",\"Pol\u00edtica\",\"\u00daltima Hora\"],\"inLanguage\":\"es\",\"potentialAction\":[{\"@type\":\"CommentAction\",\"name\":\"Comment\",\"target\":[\"https:\/\/www.nexoinformativo.mx\/index.php\/2025\/05\/23\/45-mil-millones-menos-diputado-del-pan-acusa-gestion-desastrosa-por-impuesto-del-3-5-en-ee-uu\/#respond\"]}]},{\"@type\":\"WebPage\",\"@id\":\"https:\/\/www.nexoinformativo.mx\/index.php\/2025\/05\/23\/45-mil-millones-menos-diputado-del-pan-acusa-gestion-desastrosa-por-impuesto-del-3-5-en-ee-uu\/\",\"url\":\"https:\/\/www.nexoinformativo.mx\/index.php\/2025\/05\/23\/45-mil-millones-menos-diputado-del-pan-acusa-gestion-desastrosa-por-impuesto-del-3-5-en-ee-uu\/\",\"name\":\"45 mil millones menos Diputado del PAN acusa \\\"gesti\u00f3n desastrosa\\\" por impuesto del 3.5% en EE. UU. | Nexo Informativo Santiago de Quer\u00e9taro\",\"isPartOf\":{\"@id\":\"https:\/\/www.nexoinformativo.mx\/#website\"},\"primaryImageOfPage\":{\"@id\":\"https:\/\/www.nexoinformativo.mx\/index.php\/2025\/05\/23\/45-mil-millones-menos-diputado-del-pan-acusa-gestion-desastrosa-por-impuesto-del-3-5-en-ee-uu\/#primaryimage\"},\"image\":{\"@id\":\"https:\/\/www.nexoinformativo.mx\/index.php\/2025\/05\/23\/45-mil-millones-menos-diputado-del-pan-acusa-gestion-desastrosa-por-impuesto-del-3-5-en-ee-uu\/#primaryimage\"},\"thumbnailUrl\":\"https:\/\/www.nexoinformativo.mx\/wp-content\/uploads\/2025\/05\/IMG_3233.jpg\",\"datePublished\":\"2025-05-23T15:00:45+00:00\",\"dateModified\":\"2025-05-23T17:51:05+00:00\",\"description\":\"45 mil millones menos Diputado del PAN acusa \\\"gesti\u00f3n desastrosa\\\" por impuesto del 3.5% en EE. UU.\",\"breadcrumb\":{\"@id\":\"https:\/\/www.nexoinformativo.mx\/index.php\/2025\/05\/23\/45-mil-millones-menos-diputado-del-pan-acusa-gestion-desastrosa-por-impuesto-del-3-5-en-ee-uu\/#breadcrumb\"},\"inLanguage\":\"es\",\"potentialAction\":[{\"@type\":\"ReadAction\",\"target\":[\"https:\/\/www.nexoinformativo.mx\/index.php\/2025\/05\/23\/45-mil-millones-menos-diputado-del-pan-acusa-gestion-desastrosa-por-impuesto-del-3-5-en-ee-uu\/\"]}]},{\"@type\":\"ImageObject\",\"inLanguage\":\"es\",\"@id\":\"https:\/\/www.nexoinformativo.mx\/index.php\/2025\/05\/23\/45-mil-millones-menos-diputado-del-pan-acusa-gestion-desastrosa-por-impuesto-del-3-5-en-ee-uu\/#primaryimage\",\"url\":\"https:\/\/www.nexoinformativo.mx\/wp-content\/uploads\/2025\/05\/IMG_3233.jpg\",\"contentUrl\":\"https:\/\/www.nexoinformativo.mx\/wp-content\/uploads\/2025\/05\/IMG_3233.jpg\",\"width\":850,\"height\":565},{\"@type\":\"BreadcrumbList\",\"@id\":\"https:\/\/www.nexoinformativo.mx\/index.php\/2025\/05\/23\/45-mil-millones-menos-diputado-del-pan-acusa-gestion-desastrosa-por-impuesto-del-3-5-en-ee-uu\/#breadcrumb\",\"itemListElement\":[{\"@type\":\"ListItem\",\"position\":1,\"name\":\"Inicio\",\"item\":\"https:\/\/www.nexoinformativo.mx\/\"},{\"@type\":\"ListItem\",\"position\":2,\"name\":\"45 mil millones menos Diputado del PAN acusa &#8220;gesti\u00f3n desastrosa&#8221; por impuesto del 3.5% en EE. UU.\"}]},{\"@type\":\"WebSite\",\"@id\":\"https:\/\/www.nexoinformativo.mx\/#website\",\"url\":\"https:\/\/www.nexoinformativo.mx\/\",\"name\":\"Nexo Informativo Santiago de Quer\u00e9taro\",\"description\":\"Explora NexoInformativo y convi\u00e9rtete en parte de una comunidad que valora el conocimiento y la verdad. Tu nexoinformativo es tu puente hacia una comprensi\u00f3n m\u00e1s profunda del mundo que te rodea.\",\"publisher\":{\"@id\":\"https:\/\/www.nexoinformativo.mx\/#organization\"},\"potentialAction\":[{\"@type\":\"SearchAction\",\"target\":{\"@type\":\"EntryPoint\",\"urlTemplate\":\"https:\/\/www.nexoinformativo.mx\/?s={search_term_string}\"},\"query-input\":{\"@type\":\"PropertyValueSpecification\",\"valueRequired\":true,\"valueName\":\"search_term_string\"}}],\"inLanguage\":\"es\"},{\"@type\":\"Organization\",\"@id\":\"https:\/\/www.nexoinformativo.mx\/#organization\",\"name\":\"Nexo Informativo Santiago de Quer\u00e9taro\",\"url\":\"https:\/\/www.nexoinformativo.mx\/\",\"logo\":{\"@type\":\"ImageObject\",\"inLanguage\":\"es\",\"@id\":\"https:\/\/www.nexoinformativo.mx\/#\/schema\/logo\/image\/\",\"url\":\"https:\/\/www.nexoinformativo.mx\/wp-content\/uploads\/2024\/07\/nexoi-trasparente-2.png\",\"contentUrl\":\"https:\/\/www.nexoinformativo.mx\/wp-content\/uploads\/2024\/07\/nexoi-trasparente-2.png\",\"width\":816,\"height\":339,\"caption\":\"Nexo Informativo Santiago de Quer\u00e9taro\"},\"image\":{\"@id\":\"https:\/\/www.nexoinformativo.mx\/#\/schema\/logo\/image\/\"},\"sameAs\":[\"https:\/\/www.facebook.com\/people\/Nexo-Informativo\/61564066885511\/\"]},{\"@type\":\"Person\",\"@id\":\"https:\/\/www.nexoinformativo.mx\/#\/schema\/person\/7749d380ba08c8ca00d7bc76fd907b7d\",\"name\":\"Nexo Informativo\",\"image\":{\"@type\":\"ImageObject\",\"inLanguage\":\"es\",\"@id\":\"https:\/\/www.nexoinformativo.mx\/#\/schema\/person\/image\/\",\"url\":\"https:\/\/secure.gravatar.com\/avatar\/dde2928154642a13d95f87ddf1ea9718fe2b46760a005c53e41ff5ad610704e6?s=96&d=mm&r=g\",\"contentUrl\":\"https:\/\/secure.gravatar.com\/avatar\/dde2928154642a13d95f87ddf1ea9718fe2b46760a005c53e41ff5ad610704e6?s=96&d=mm&r=g\",\"caption\":\"Nexo Informativo\"},\"url\":\"https:\/\/www.nexoinformativo.mx\/index.php\/author\/edicion\/\"}]}<\/script>\n<!-- \/ Yoast SEO plugin. -->","yoast_head_json":{"title":"45 mil millones menos Diputado del PAN acusa \"gesti\u00f3n desastrosa\" por impuesto del 3.5% en EE. UU. | Nexo Informativo Santiago de Quer\u00e9taro","description":"45 mil millones menos Diputado del PAN acusa \"gesti\u00f3n desastrosa\" por impuesto del 3.5% en EE. UU.","robots":{"index":"index","follow":"follow","max-snippet":"max-snippet:-1","max-image-preview":"max-image-preview:large","max-video-preview":"max-video-preview:-1"},"canonical":"https:\/\/www.nexoinformativo.mx\/index.php\/2025\/05\/23\/45-mil-millones-menos-diputado-del-pan-acusa-gestion-desastrosa-por-impuesto-del-3-5-en-ee-uu\/","og_locale":"es_MX","og_type":"article","og_title":"45 mil millones menos Diputado del PAN acusa \"gesti\u00f3n desastrosa\" por impuesto del 3.5% en EE. UU. | Nexo Informativo Santiago de Quer\u00e9taro","og_description":"45 mil millones menos Diputado del PAN acusa \"gesti\u00f3n desastrosa\" por impuesto del 3.5% en EE. UU.","og_url":"https:\/\/www.nexoinformativo.mx\/index.php\/2025\/05\/23\/45-mil-millones-menos-diputado-del-pan-acusa-gestion-desastrosa-por-impuesto-del-3-5-en-ee-uu\/","og_site_name":"Nexo Informativo Santiago de Quer\u00e9taro","article_publisher":"https:\/\/www.facebook.com\/people\/Nexo-Informativo\/61564066885511\/","article_published_time":"2025-05-23T15:00:45+00:00","article_modified_time":"2025-05-23T17:51:05+00:00","og_image":[{"width":850,"height":565,"url":"https:\/\/www.nexoinformativo.mx\/wp-content\/uploads\/2025\/05\/IMG_3233.jpg","type":"image\/jpeg"}],"author":"Nexo Informativo","twitter_card":"summary_large_image","twitter_misc":{"Escrito por":"Nexo Informativo","Tiempo de lectura":"2 minutos"},"schema":{"@context":"https:\/\/schema.org","@graph":[{"@type":"Article","@id":"https:\/\/www.nexoinformativo.mx\/index.php\/2025\/05\/23\/45-mil-millones-menos-diputado-del-pan-acusa-gestion-desastrosa-por-impuesto-del-3-5-en-ee-uu\/#article","isPartOf":{"@id":"https:\/\/www.nexoinformativo.mx\/index.php\/2025\/05\/23\/45-mil-millones-menos-diputado-del-pan-acusa-gestion-desastrosa-por-impuesto-del-3-5-en-ee-uu\/"},"author":{"name":"Nexo Informativo","@id":"https:\/\/www.nexoinformativo.mx\/#\/schema\/person\/7749d380ba08c8ca00d7bc76fd907b7d"},"headline":"45 mil millones menos Diputado del PAN acusa &#8220;gesti\u00f3n desastrosa&#8221; por impuesto del 3.5% en EE. UU.","datePublished":"2025-05-23T15:00:45+00:00","dateModified":"2025-05-23T17:51:05+00:00","mainEntityOfPage":{"@id":"https:\/\/www.nexoinformativo.mx\/index.php\/2025\/05\/23\/45-mil-millones-menos-diputado-del-pan-acusa-gestion-desastrosa-por-impuesto-del-3-5-en-ee-uu\/"},"wordCount":353,"commentCount":0,"publisher":{"@id":"https:\/\/www.nexoinformativo.mx\/#organization"},"image":{"@id":"https:\/\/www.nexoinformativo.mx\/index.php\/2025\/05\/23\/45-mil-millones-menos-diputado-del-pan-acusa-gestion-desastrosa-por-impuesto-del-3-5-en-ee-uu\/#primaryimage"},"thumbnailUrl":"https:\/\/www.nexoinformativo.mx\/wp-content\/uploads\/2025\/05\/IMG_3233.jpg","keywords":["Econom\u00edaFamiliar","ImpuestoARemesas","NoDobleTributaci\u00f3n","RemesasMX"],"articleSection":["Nacional","Pol\u00edtica","\u00daltima Hora"],"inLanguage":"es","potentialAction":[{"@type":"CommentAction","name":"Comment","target":["https:\/\/www.nexoinformativo.mx\/index.php\/2025\/05\/23\/45-mil-millones-menos-diputado-del-pan-acusa-gestion-desastrosa-por-impuesto-del-3-5-en-ee-uu\/#respond"]}]},{"@type":"WebPage","@id":"https:\/\/www.nexoinformativo.mx\/index.php\/2025\/05\/23\/45-mil-millones-menos-diputado-del-pan-acusa-gestion-desastrosa-por-impuesto-del-3-5-en-ee-uu\/","url":"https:\/\/www.nexoinformativo.mx\/index.php\/2025\/05\/23\/45-mil-millones-menos-diputado-del-pan-acusa-gestion-desastrosa-por-impuesto-del-3-5-en-ee-uu\/","name":"45 mil millones menos Diputado del PAN acusa \"gesti\u00f3n desastrosa\" por impuesto del 3.5% en EE. UU. | Nexo Informativo Santiago de Quer\u00e9taro","isPartOf":{"@id":"https:\/\/www.nexoinformativo.mx\/#website"},"primaryImageOfPage":{"@id":"https:\/\/www.nexoinformativo.mx\/index.php\/2025\/05\/23\/45-mil-millones-menos-diputado-del-pan-acusa-gestion-desastrosa-por-impuesto-del-3-5-en-ee-uu\/#primaryimage"},"image":{"@id":"https:\/\/www.nexoinformativo.mx\/index.php\/2025\/05\/23\/45-mil-millones-menos-diputado-del-pan-acusa-gestion-desastrosa-por-impuesto-del-3-5-en-ee-uu\/#primaryimage"},"thumbnailUrl":"https:\/\/www.nexoinformativo.mx\/wp-content\/uploads\/2025\/05\/IMG_3233.jpg","datePublished":"2025-05-23T15:00:45+00:00","dateModified":"2025-05-23T17:51:05+00:00","description":"45 mil millones menos Diputado del PAN acusa \"gesti\u00f3n desastrosa\" por impuesto del 3.5% en EE. UU.","breadcrumb":{"@id":"https:\/\/www.nexoinformativo.mx\/index.php\/2025\/05\/23\/45-mil-millones-menos-diputado-del-pan-acusa-gestion-desastrosa-por-impuesto-del-3-5-en-ee-uu\/#breadcrumb"},"inLanguage":"es","potentialAction":[{"@type":"ReadAction","target":["https:\/\/www.nexoinformativo.mx\/index.php\/2025\/05\/23\/45-mil-millones-menos-diputado-del-pan-acusa-gestion-desastrosa-por-impuesto-del-3-5-en-ee-uu\/"]}]},{"@type":"ImageObject","inLanguage":"es","@id":"https:\/\/www.nexoinformativo.mx\/index.php\/2025\/05\/23\/45-mil-millones-menos-diputado-del-pan-acusa-gestion-desastrosa-por-impuesto-del-3-5-en-ee-uu\/#primaryimage","url":"https:\/\/www.nexoinformativo.mx\/wp-content\/uploads\/2025\/05\/IMG_3233.jpg","contentUrl":"https:\/\/www.nexoinformativo.mx\/wp-content\/uploads\/2025\/05\/IMG_3233.jpg","width":850,"height":565},{"@type":"BreadcrumbList","@id":"https:\/\/www.nexoinformativo.mx\/index.php\/2025\/05\/23\/45-mil-millones-menos-diputado-del-pan-acusa-gestion-desastrosa-por-impuesto-del-3-5-en-ee-uu\/#breadcrumb","itemListElement":[{"@type":"ListItem","position":1,"name":"Inicio","item":"https:\/\/www.nexoinformativo.mx\/"},{"@type":"ListItem","position":2,"name":"45 mil millones menos Diputado del PAN acusa &#8220;gesti\u00f3n desastrosa&#8221; por impuesto del 3.5% en EE. UU."}]},{"@type":"WebSite","@id":"https:\/\/www.nexoinformativo.mx\/#website","url":"https:\/\/www.nexoinformativo.mx\/","name":"Nexo Informativo Santiago de Quer\u00e9taro","description":"Explora NexoInformativo y convi\u00e9rtete en parte de una comunidad que valora el conocimiento y la verdad. Tu nexoinformativo es tu puente hacia una comprensi\u00f3n m\u00e1s profunda del mundo que te rodea.","publisher":{"@id":"https:\/\/www.nexoinformativo.mx\/#organization"},"potentialAction":[{"@type":"SearchAction","target":{"@type":"EntryPoint","urlTemplate":"https:\/\/www.nexoinformativo.mx\/?s={search_term_string}"},"query-input":{"@type":"PropertyValueSpecification","valueRequired":true,"valueName":"search_term_string"}}],"inLanguage":"es"},{"@type":"Organization","@id":"https:\/\/www.nexoinformativo.mx\/#organization","name":"Nexo Informativo Santiago de Quer\u00e9taro","url":"https:\/\/www.nexoinformativo.mx\/","logo":{"@type":"ImageObject","inLanguage":"es","@id":"https:\/\/www.nexoinformativo.mx\/#\/schema\/logo\/image\/","url":"https:\/\/www.nexoinformativo.mx\/wp-content\/uploads\/2024\/07\/nexoi-trasparente-2.png","contentUrl":"https:\/\/www.nexoinformativo.mx\/wp-content\/uploads\/2024\/07\/nexoi-trasparente-2.png","width":816,"height":339,"caption":"Nexo Informativo Santiago de Quer\u00e9taro"},"image":{"@id":"https:\/\/www.nexoinformativo.mx\/#\/schema\/logo\/image\/"},"sameAs":["https:\/\/www.facebook.com\/people\/Nexo-Informativo\/61564066885511\/"]},{"@type":"Person","@id":"https:\/\/www.nexoinformativo.mx\/#\/schema\/person\/7749d380ba08c8ca00d7bc76fd907b7d","name":"Nexo Informativo","image":{"@type":"ImageObject","inLanguage":"es","@id":"https:\/\/www.nexoinformativo.mx\/#\/schema\/person\/image\/","url":"https:\/\/secure.gravatar.com\/avatar\/dde2928154642a13d95f87ddf1ea9718fe2b46760a005c53e41ff5ad610704e6?s=96&d=mm&r=g","contentUrl":"https:\/\/secure.gravatar.com\/avatar\/dde2928154642a13d95f87ddf1ea9718fe2b46760a005c53e41ff5ad610704e6?s=96&d=mm&r=g","caption":"Nexo Informativo"},"url":"https:\/\/www.nexoinformativo.mx\/index.php\/author\/edicion\/"}]}},"_links":{"self":[{"href":"https:\/\/www.nexoinformativo.mx\/index.php\/wp-json\/wp\/v2\/posts\/15183","targetHints":{"allow":["GET"]}}],"collection":[{"href":"https:\/\/www.nexoinformativo.mx\/index.php\/wp-json\/wp\/v2\/posts"}],"about":[{"href":"https:\/\/www.nexoinformativo.mx\/index.php\/wp-json\/wp\/v2\/types\/post"}],"author":[{"embeddable":true,"href":"https:\/\/www.nexoinformativo.mx\/index.php\/wp-json\/wp\/v2\/users\/3"}],"replies":[{"embeddable":true,"href":"https:\/\/www.nexoinformativo.mx\/index.php\/wp-json\/wp\/v2\/comments?post=15183"}],"version-history":[{"count":4,"href":"https:\/\/www.nexoinformativo.mx\/index.php\/wp-json\/wp\/v2\/posts\/15183\/revisions"}],"predecessor-version":[{"id":15188,"href":"https:\/\/www.nexoinformativo.mx\/index.php\/wp-json\/wp\/v2\/posts\/15183\/revisions\/15188"}],"wp:featuredmedia":[{"embeddable":true,"href":"https:\/\/www.nexoinformativo.mx\/index.php\/wp-json\/wp\/v2\/media\/15184"}],"wp:attachment":[{"href":"https:\/\/www.nexoinformativo.mx\/index.php\/wp-json\/wp\/v2\/media?parent=15183"}],"wp:term":[{"taxonomy":"category","embeddable":true,"href":"https:\/\/www.nexoinformativo.mx\/index.php\/wp-json\/wp\/v2\/categories?post=15183"},{"taxonomy":"post_tag","embeddable":true,"href":"https:\/\/www.nexoinformativo.mx\/index.php\/wp-json\/wp\/v2\/tags?post=15183"}],"curies":[{"name":"wp","href":"https:\/\/api.w.org\/{rel}","templated":true}]}}