{"id":15189,"date":"2025-05-23T10:00:17","date_gmt":"2025-05-23T16:00:17","guid":{"rendered":"https:\/\/www.nexoinformativo.mx\/?p=15189"},"modified":"2025-05-23T11:55:07","modified_gmt":"2025-05-23T17:55:07","slug":"lanza-queretaro-convocatoria-qrotaxi-2025-con-mil-concesiones-nuevas-y-renovadas","status":"publish","type":"post","link":"https:\/\/www.nexoinformativo.mx\/index.php\/2025\/05\/23\/lanza-queretaro-convocatoria-qrotaxi-2025-con-mil-concesiones-nuevas-y-renovadas\/","title":{"rendered":"Lanza Quer\u00e9taro convocatoria QroTaxi 2025 con mil concesiones nuevas y renovadas"},"content":{"rendered":"<p style=\"text-align: justify;\" data-sourcepos=\"3:1-3:445\">La convocatoria QroTaxi 2025 arranca hoy, viernes 23 de mayo, y estar\u00e1 abierta hasta el 7 de julio. En este periodo, los interesados podr\u00e1n competir por una de las 700 concesiones nuevas o por una de las 300 renovaciones de servicio de taxi en el estado, teniendo acceso a modernas unidades Nissan V-Drive modelo 2025.<\/p>\n<\/p>\n<p>&nbsp;<\/p>\n<p style=\"text-align: justify;\" data-sourcepos=\"5:1-5:296\">El director de la Agencia de Movilidad del Estado de Quer\u00e9taro (AMEQ), Gerardo Cuanalo, destac\u00f3 que para agilizar el proceso, el tr\u00e1mite ser\u00e1 totalmente digital. Esto permitir\u00e1 a todos los interesados participar desde casa, sin necesidad de ir a ventanillas ni recurrir a gestores.<\/p>\n<\/p>\n<p>&nbsp;<\/p>\n<p style=\"text-align: justify;\" data-sourcepos=\"7:1-7:317\">&#8220;Estamos listos en la Agencia Estatal de Movilidad para recibir todas las solicitudes a partir del d\u00eda de ma\u00f1ana, viernes 23 de mayo, del programa de QroTaxi. Recuerda que el tr\u00e1mite ser\u00e1 exclusivamente en l\u00ednea, no habr\u00e1 ventanillas, no habr\u00e1 gestores, y cualquier persona interesada podr\u00e1 aplicar&#8221;, detall\u00f3 Cuanalo.<\/p>\n<\/p>\n<p>&nbsp;<\/p>\n<p style=\"text-align: justify;\" data-sourcepos=\"13:1-13:278\">Para participar, los aspirantes deber\u00e1n ingresar a la p\u00e1gina web <a href=\"https:\/\/sit.ameq.gob.mx\/\" target=\"_blank\" rel=\"noopener\">https:\/\/sit.ameq.gob.mx\/<\/a>, crear una cuenta, completar los apartados y subir la documentaci\u00f3n escaneada en formato PDF, as\u00ed como los formularios descargables llenados con tinta azul.<\/p>\n<\/p>\n<p>&nbsp;<\/p>\n<p style=\"text-align: justify;\" data-sourcepos=\"15:1-15:431\">Si la solicitud es aprobada, los beneficiarios tendr\u00e1n acceso a un financiamiento a 60 meses con cero enganche, la primera mensualidad cubierta y un apoyo de 30 mil pesos aplicado en el \u00faltimo pago.<\/p>\n<\/p>\n<p>&nbsp;<\/p>\n<p style=\"text-align: justify;\" data-sourcepos=\"15:1-15:431\">Adem\u00e1s, recibir\u00e1n el t\u00edtulo de concesi\u00f3n, la rotulaci\u00f3n de la unidad, la exenci\u00f3n del pago de refrendo 2025 y la opci\u00f3n de adquirir el veh\u00edculo de contado por 257 mil 595 pesos, un precio por debajo del valor de mercado.<\/p>\n<\/p>\n<p>&nbsp;<\/p>\n<p style=\"text-align: justify;\" data-sourcepos=\"15:1-15:431\">Los nuevos taxis estar\u00e1n equipados con aire acondicionado, est\u00e9reo con pantalla t\u00e1ctil (en unidades de la Zona Metropolitana y San Juan del R\u00edo), frenos ABS, vidrios el\u00e9ctricos y seis bolsas de aire, garantizando un servicio moderno, seguro y c\u00f3modo para las familias queretanas. Esto se traduce en una nueva alternativa de movilidad en la entidad.<\/p>\n<\/p>\n<p>&nbsp;<\/p>\n<p style=\"text-align: justify;\" data-sourcepos=\"23:1-23:527\">Asimismo, el 100% de las concesiones tendr\u00e1n la opci\u00f3n de trabajar con la plataforma digital DiDi mediante una comisi\u00f3n preferencial y a trav\u00e9s de la nueva modalidad de &#8220;Botones de demanda&#8221; que se instalar\u00e1n en restaurantes, hoteles, centros de entretenimiento y espacios p\u00fablicos del estado.<\/p>\n<\/p>\n<p>&nbsp;<\/p>\n<p style=\"text-align: center;\" data-sourcepos=\"23:1-23:527\"><em><strong>\u00a1Informaci\u00f3n que transforma!<\/strong><\/em><\/p>\n","protected":false},"excerpt":{"rendered":"<p>La convocatoria QroTaxi 2025 arranca hoy, viernes 23 de mayo, y estar\u00e1 abierta hasta el 7 de julio. En este periodo, los interesados podr\u00e1n competir por una de las 700 concesiones nuevas o por una de las 300 renovaciones de servicio de taxi en el estado, teniendo acceso a modernas unidades Nissan V-Drive modelo 2025.<\/p>\n","protected":false},"author":3,"featured_media":15190,"comment_status":"open","ping_status":"open","sticky":false,"template":"","format":"standard","meta":{"footnotes":""},"categories":[5,42,58],"tags":[2905,4558,358,4557],"class_list":["post-15189","post","type-post","status-publish","format-standard","has-post-thumbnail","hentry","category-economia","category-estado","category-ultima-hora","tag-ameq","tag-concesionestaxi","tag-movilidadqueretaro","tag-qrotaxi2025"],"yoast_head":"<!-- This site is optimized with the Yoast SEO plugin v25.0 - https:\/\/yoast.com\/wordpress\/plugins\/seo\/ -->\n<title>Lanza Quer\u00e9taro convocatoria QroTaxi 2025 con mil concesiones nuevas y renovadas | Nexo Informativo Santiago de Quer\u00e9taro<\/title>\n<meta name=\"description\" content=\"Lanza Quer\u00e9taro convocatoria QroTaxi 2025 con mil concesiones nuevas y renovadas\" \/>\n<meta name=\"robots\" content=\"index, follow, max-snippet:-1, max-image-preview:large, max-video-preview:-1\" \/>\n<link rel=\"canonical\" href=\"https:\/\/www.nexoinformativo.mx\/index.php\/2025\/05\/23\/lanza-queretaro-convocatoria-qrotaxi-2025-con-mil-concesiones-nuevas-y-renovadas\/\" \/>\n<meta property=\"og:locale\" content=\"es_MX\" \/>\n<meta property=\"og:type\" content=\"article\" \/>\n<meta property=\"og:title\" content=\"Lanza Quer\u00e9taro convocatoria QroTaxi 2025 con mil concesiones nuevas y renovadas | Nexo Informativo Santiago de Quer\u00e9taro\" \/>\n<meta property=\"og:description\" content=\"Lanza Quer\u00e9taro convocatoria QroTaxi 2025 con mil concesiones nuevas y renovadas\" \/>\n<meta property=\"og:url\" content=\"https:\/\/www.nexoinformativo.mx\/index.php\/2025\/05\/23\/lanza-queretaro-convocatoria-qrotaxi-2025-con-mil-concesiones-nuevas-y-renovadas\/\" \/>\n<meta property=\"og:site_name\" content=\"Nexo Informativo Santiago de Quer\u00e9taro\" \/>\n<meta property=\"article:publisher\" content=\"https:\/\/www.facebook.com\/people\/Nexo-Informativo\/61564066885511\/\" \/>\n<meta property=\"article:published_time\" content=\"2025-05-23T16:00:17+00:00\" \/>\n<meta property=\"article:modified_time\" content=\"2025-05-23T17:55:07+00:00\" \/>\n<meta property=\"og:image\" content=\"https:\/\/www.nexoinformativo.mx\/wp-content\/uploads\/2025\/05\/IMG_3234-e1748022862335.jpg\" \/>\n\t<meta property=\"og:image:width\" content=\"800\" \/>\n\t<meta property=\"og:image:height\" content=\"451\" \/>\n\t<meta property=\"og:image:type\" content=\"image\/jpeg\" \/>\n<meta name=\"author\" content=\"Nexo Informativo\" \/>\n<meta name=\"twitter:card\" content=\"summary_large_image\" \/>\n<meta name=\"twitter:label1\" content=\"Escrito por\" \/>\n\t<meta name=\"twitter:data1\" content=\"Nexo Informativo\" \/>\n\t<meta name=\"twitter:label2\" content=\"Tiempo de lectura\" \/>\n\t<meta name=\"twitter:data2\" content=\"2 minutos\" \/>\n<script type=\"application\/ld+json\" class=\"yoast-schema-graph\">{\"@context\":\"https:\/\/schema.org\",\"@graph\":[{\"@type\":\"Article\",\"@id\":\"https:\/\/www.nexoinformativo.mx\/index.php\/2025\/05\/23\/lanza-queretaro-convocatoria-qrotaxi-2025-con-mil-concesiones-nuevas-y-renovadas\/#article\",\"isPartOf\":{\"@id\":\"https:\/\/www.nexoinformativo.mx\/index.php\/2025\/05\/23\/lanza-queretaro-convocatoria-qrotaxi-2025-con-mil-concesiones-nuevas-y-renovadas\/\"},\"author\":{\"name\":\"Nexo Informativo\",\"@id\":\"https:\/\/www.nexoinformativo.mx\/#\/schema\/person\/7749d380ba08c8ca00d7bc76fd907b7d\"},\"headline\":\"Lanza Quer\u00e9taro convocatoria QroTaxi 2025 con mil concesiones nuevas y renovadas\",\"datePublished\":\"2025-05-23T16:00:17+00:00\",\"dateModified\":\"2025-05-23T17:55:07+00:00\",\"mainEntityOfPage\":{\"@id\":\"https:\/\/www.nexoinformativo.mx\/index.php\/2025\/05\/23\/lanza-queretaro-convocatoria-qrotaxi-2025-con-mil-concesiones-nuevas-y-renovadas\/\"},\"wordCount\":401,\"commentCount\":0,\"publisher\":{\"@id\":\"https:\/\/www.nexoinformativo.mx\/#organization\"},\"image\":{\"@id\":\"https:\/\/www.nexoinformativo.mx\/index.php\/2025\/05\/23\/lanza-queretaro-convocatoria-qrotaxi-2025-con-mil-concesiones-nuevas-y-renovadas\/#primaryimage\"},\"thumbnailUrl\":\"https:\/\/www.nexoinformativo.mx\/wp-content\/uploads\/2025\/05\/IMG_3234-e1748022862335.jpg\",\"keywords\":[\"AMEQ\",\"ConcesionesTaxi\",\"MovilidadQuer\u00e9taro\",\"QroTaxi2025\"],\"articleSection\":[\"Econom\u00eda\",\"Estado\",\"\u00daltima Hora\"],\"inLanguage\":\"es\",\"potentialAction\":[{\"@type\":\"CommentAction\",\"name\":\"Comment\",\"target\":[\"https:\/\/www.nexoinformativo.mx\/index.php\/2025\/05\/23\/lanza-queretaro-convocatoria-qrotaxi-2025-con-mil-concesiones-nuevas-y-renovadas\/#respond\"]}]},{\"@type\":\"WebPage\",\"@id\":\"https:\/\/www.nexoinformativo.mx\/index.php\/2025\/05\/23\/lanza-queretaro-convocatoria-qrotaxi-2025-con-mil-concesiones-nuevas-y-renovadas\/\",\"url\":\"https:\/\/www.nexoinformativo.mx\/index.php\/2025\/05\/23\/lanza-queretaro-convocatoria-qrotaxi-2025-con-mil-concesiones-nuevas-y-renovadas\/\",\"name\":\"Lanza Quer\u00e9taro convocatoria QroTaxi 2025 con mil concesiones nuevas y renovadas | Nexo Informativo Santiago de Quer\u00e9taro\",\"isPartOf\":{\"@id\":\"https:\/\/www.nexoinformativo.mx\/#website\"},\"primaryImageOfPage\":{\"@id\":\"https:\/\/www.nexoinformativo.mx\/index.php\/2025\/05\/23\/lanza-queretaro-convocatoria-qrotaxi-2025-con-mil-concesiones-nuevas-y-renovadas\/#primaryimage\"},\"image\":{\"@id\":\"https:\/\/www.nexoinformativo.mx\/index.php\/2025\/05\/23\/lanza-queretaro-convocatoria-qrotaxi-2025-con-mil-concesiones-nuevas-y-renovadas\/#primaryimage\"},\"thumbnailUrl\":\"https:\/\/www.nexoinformativo.mx\/wp-content\/uploads\/2025\/05\/IMG_3234-e1748022862335.jpg\",\"datePublished\":\"2025-05-23T16:00:17+00:00\",\"dateModified\":\"2025-05-23T17:55:07+00:00\",\"description\":\"Lanza Quer\u00e9taro convocatoria QroTaxi 2025 con mil concesiones nuevas y renovadas\",\"breadcrumb\":{\"@id\":\"https:\/\/www.nexoinformativo.mx\/index.php\/2025\/05\/23\/lanza-queretaro-convocatoria-qrotaxi-2025-con-mil-concesiones-nuevas-y-renovadas\/#breadcrumb\"},\"inLanguage\":\"es\",\"potentialAction\":[{\"@type\":\"ReadAction\",\"target\":[\"https:\/\/www.nexoinformativo.mx\/index.php\/2025\/05\/23\/lanza-queretaro-convocatoria-qrotaxi-2025-con-mil-concesiones-nuevas-y-renovadas\/\"]}]},{\"@type\":\"ImageObject\",\"inLanguage\":\"es\",\"@id\":\"https:\/\/www.nexoinformativo.mx\/index.php\/2025\/05\/23\/lanza-queretaro-convocatoria-qrotaxi-2025-con-mil-concesiones-nuevas-y-renovadas\/#primaryimage\",\"url\":\"https:\/\/www.nexoinformativo.mx\/wp-content\/uploads\/2025\/05\/IMG_3234-e1748022862335.jpg\",\"contentUrl\":\"https:\/\/www.nexoinformativo.mx\/wp-content\/uploads\/2025\/05\/IMG_3234-e1748022862335.jpg\",\"width\":800,\"height\":451},{\"@type\":\"BreadcrumbList\",\"@id\":\"https:\/\/www.nexoinformativo.mx\/index.php\/2025\/05\/23\/lanza-queretaro-convocatoria-qrotaxi-2025-con-mil-concesiones-nuevas-y-renovadas\/#breadcrumb\",\"itemListElement\":[{\"@type\":\"ListItem\",\"position\":1,\"name\":\"Inicio\",\"item\":\"https:\/\/www.nexoinformativo.mx\/\"},{\"@type\":\"ListItem\",\"position\":2,\"name\":\"Lanza Quer\u00e9taro convocatoria QroTaxi 2025 con mil concesiones nuevas y renovadas\"}]},{\"@type\":\"WebSite\",\"@id\":\"https:\/\/www.nexoinformativo.mx\/#website\",\"url\":\"https:\/\/www.nexoinformativo.mx\/\",\"name\":\"Nexo Informativo Santiago de Quer\u00e9taro\",\"description\":\"Explora NexoInformativo y convi\u00e9rtete en parte de una comunidad que valora el conocimiento y la verdad. Tu nexoinformativo es tu puente hacia una comprensi\u00f3n m\u00e1s profunda del mundo que te rodea.\",\"publisher\":{\"@id\":\"https:\/\/www.nexoinformativo.mx\/#organization\"},\"potentialAction\":[{\"@type\":\"SearchAction\",\"target\":{\"@type\":\"EntryPoint\",\"urlTemplate\":\"https:\/\/www.nexoinformativo.mx\/?s={search_term_string}\"},\"query-input\":{\"@type\":\"PropertyValueSpecification\",\"valueRequired\":true,\"valueName\":\"search_term_string\"}}],\"inLanguage\":\"es\"},{\"@type\":\"Organization\",\"@id\":\"https:\/\/www.nexoinformativo.mx\/#organization\",\"name\":\"Nexo Informativo Santiago de Quer\u00e9taro\",\"url\":\"https:\/\/www.nexoinformativo.mx\/\",\"logo\":{\"@type\":\"ImageObject\",\"inLanguage\":\"es\",\"@id\":\"https:\/\/www.nexoinformativo.mx\/#\/schema\/logo\/image\/\",\"url\":\"https:\/\/www.nexoinformativo.mx\/wp-content\/uploads\/2024\/07\/nexoi-trasparente-2.png\",\"contentUrl\":\"https:\/\/www.nexoinformativo.mx\/wp-content\/uploads\/2024\/07\/nexoi-trasparente-2.png\",\"width\":816,\"height\":339,\"caption\":\"Nexo Informativo Santiago de Quer\u00e9taro\"},\"image\":{\"@id\":\"https:\/\/www.nexoinformativo.mx\/#\/schema\/logo\/image\/\"},\"sameAs\":[\"https:\/\/www.facebook.com\/people\/Nexo-Informativo\/61564066885511\/\"]},{\"@type\":\"Person\",\"@id\":\"https:\/\/www.nexoinformativo.mx\/#\/schema\/person\/7749d380ba08c8ca00d7bc76fd907b7d\",\"name\":\"Nexo Informativo\",\"image\":{\"@type\":\"ImageObject\",\"inLanguage\":\"es\",\"@id\":\"https:\/\/www.nexoinformativo.mx\/#\/schema\/person\/image\/\",\"url\":\"https:\/\/secure.gravatar.com\/avatar\/dde2928154642a13d95f87ddf1ea9718fe2b46760a005c53e41ff5ad610704e6?s=96&d=mm&r=g\",\"contentUrl\":\"https:\/\/secure.gravatar.com\/avatar\/dde2928154642a13d95f87ddf1ea9718fe2b46760a005c53e41ff5ad610704e6?s=96&d=mm&r=g\",\"caption\":\"Nexo Informativo\"},\"url\":\"https:\/\/www.nexoinformativo.mx\/index.php\/author\/edicion\/\"}]}<\/script>\n<!-- \/ Yoast SEO plugin. -->","yoast_head_json":{"title":"Lanza Quer\u00e9taro convocatoria QroTaxi 2025 con mil concesiones nuevas y renovadas | Nexo Informativo Santiago de Quer\u00e9taro","description":"Lanza Quer\u00e9taro convocatoria QroTaxi 2025 con mil concesiones nuevas y renovadas","robots":{"index":"index","follow":"follow","max-snippet":"max-snippet:-1","max-image-preview":"max-image-preview:large","max-video-preview":"max-video-preview:-1"},"canonical":"https:\/\/www.nexoinformativo.mx\/index.php\/2025\/05\/23\/lanza-queretaro-convocatoria-qrotaxi-2025-con-mil-concesiones-nuevas-y-renovadas\/","og_locale":"es_MX","og_type":"article","og_title":"Lanza Quer\u00e9taro convocatoria QroTaxi 2025 con mil concesiones nuevas y renovadas | Nexo Informativo Santiago de Quer\u00e9taro","og_description":"Lanza Quer\u00e9taro convocatoria QroTaxi 2025 con mil concesiones nuevas y renovadas","og_url":"https:\/\/www.nexoinformativo.mx\/index.php\/2025\/05\/23\/lanza-queretaro-convocatoria-qrotaxi-2025-con-mil-concesiones-nuevas-y-renovadas\/","og_site_name":"Nexo Informativo Santiago de Quer\u00e9taro","article_publisher":"https:\/\/www.facebook.com\/people\/Nexo-Informativo\/61564066885511\/","article_published_time":"2025-05-23T16:00:17+00:00","article_modified_time":"2025-05-23T17:55:07+00:00","og_image":[{"width":800,"height":451,"url":"https:\/\/www.nexoinformativo.mx\/wp-content\/uploads\/2025\/05\/IMG_3234-e1748022862335.jpg","type":"image\/jpeg"}],"author":"Nexo Informativo","twitter_card":"summary_large_image","twitter_misc":{"Escrito por":"Nexo Informativo","Tiempo de lectura":"2 minutos"},"schema":{"@context":"https:\/\/schema.org","@graph":[{"@type":"Article","@id":"https:\/\/www.nexoinformativo.mx\/index.php\/2025\/05\/23\/lanza-queretaro-convocatoria-qrotaxi-2025-con-mil-concesiones-nuevas-y-renovadas\/#article","isPartOf":{"@id":"https:\/\/www.nexoinformativo.mx\/index.php\/2025\/05\/23\/lanza-queretaro-convocatoria-qrotaxi-2025-con-mil-concesiones-nuevas-y-renovadas\/"},"author":{"name":"Nexo Informativo","@id":"https:\/\/www.nexoinformativo.mx\/#\/schema\/person\/7749d380ba08c8ca00d7bc76fd907b7d"},"headline":"Lanza Quer\u00e9taro convocatoria QroTaxi 2025 con mil concesiones nuevas y renovadas","datePublished":"2025-05-23T16:00:17+00:00","dateModified":"2025-05-23T17:55:07+00:00","mainEntityOfPage":{"@id":"https:\/\/www.nexoinformativo.mx\/index.php\/2025\/05\/23\/lanza-queretaro-convocatoria-qrotaxi-2025-con-mil-concesiones-nuevas-y-renovadas\/"},"wordCount":401,"commentCount":0,"publisher":{"@id":"https:\/\/www.nexoinformativo.mx\/#organization"},"image":{"@id":"https:\/\/www.nexoinformativo.mx\/index.php\/2025\/05\/23\/lanza-queretaro-convocatoria-qrotaxi-2025-con-mil-concesiones-nuevas-y-renovadas\/#primaryimage"},"thumbnailUrl":"https:\/\/www.nexoinformativo.mx\/wp-content\/uploads\/2025\/05\/IMG_3234-e1748022862335.jpg","keywords":["AMEQ","ConcesionesTaxi","MovilidadQuer\u00e9taro","QroTaxi2025"],"articleSection":["Econom\u00eda","Estado","\u00daltima Hora"],"inLanguage":"es","potentialAction":[{"@type":"CommentAction","name":"Comment","target":["https:\/\/www.nexoinformativo.mx\/index.php\/2025\/05\/23\/lanza-queretaro-convocatoria-qrotaxi-2025-con-mil-concesiones-nuevas-y-renovadas\/#respond"]}]},{"@type":"WebPage","@id":"https:\/\/www.nexoinformativo.mx\/index.php\/2025\/05\/23\/lanza-queretaro-convocatoria-qrotaxi-2025-con-mil-concesiones-nuevas-y-renovadas\/","url":"https:\/\/www.nexoinformativo.mx\/index.php\/2025\/05\/23\/lanza-queretaro-convocatoria-qrotaxi-2025-con-mil-concesiones-nuevas-y-renovadas\/","name":"Lanza Quer\u00e9taro convocatoria QroTaxi 2025 con mil concesiones nuevas y renovadas | Nexo Informativo Santiago de Quer\u00e9taro","isPartOf":{"@id":"https:\/\/www.nexoinformativo.mx\/#website"},"primaryImageOfPage":{"@id":"https:\/\/www.nexoinformativo.mx\/index.php\/2025\/05\/23\/lanza-queretaro-convocatoria-qrotaxi-2025-con-mil-concesiones-nuevas-y-renovadas\/#primaryimage"},"image":{"@id":"https:\/\/www.nexoinformativo.mx\/index.php\/2025\/05\/23\/lanza-queretaro-convocatoria-qrotaxi-2025-con-mil-concesiones-nuevas-y-renovadas\/#primaryimage"},"thumbnailUrl":"https:\/\/www.nexoinformativo.mx\/wp-content\/uploads\/2025\/05\/IMG_3234-e1748022862335.jpg","datePublished":"2025-05-23T16:00:17+00:00","dateModified":"2025-05-23T17:55:07+00:00","description":"Lanza Quer\u00e9taro convocatoria QroTaxi 2025 con mil concesiones nuevas y renovadas","breadcrumb":{"@id":"https:\/\/www.nexoinformativo.mx\/index.php\/2025\/05\/23\/lanza-queretaro-convocatoria-qrotaxi-2025-con-mil-concesiones-nuevas-y-renovadas\/#breadcrumb"},"inLanguage":"es","potentialAction":[{"@type":"ReadAction","target":["https:\/\/www.nexoinformativo.mx\/index.php\/2025\/05\/23\/lanza-queretaro-convocatoria-qrotaxi-2025-con-mil-concesiones-nuevas-y-renovadas\/"]}]},{"@type":"ImageObject","inLanguage":"es","@id":"https:\/\/www.nexoinformativo.mx\/index.php\/2025\/05\/23\/lanza-queretaro-convocatoria-qrotaxi-2025-con-mil-concesiones-nuevas-y-renovadas\/#primaryimage","url":"https:\/\/www.nexoinformativo.mx\/wp-content\/uploads\/2025\/05\/IMG_3234-e1748022862335.jpg","contentUrl":"https:\/\/www.nexoinformativo.mx\/wp-content\/uploads\/2025\/05\/IMG_3234-e1748022862335.jpg","width":800,"height":451},{"@type":"BreadcrumbList","@id":"https:\/\/www.nexoinformativo.mx\/index.php\/2025\/05\/23\/lanza-queretaro-convocatoria-qrotaxi-2025-con-mil-concesiones-nuevas-y-renovadas\/#breadcrumb","itemListElement":[{"@type":"ListItem","position":1,"name":"Inicio","item":"https:\/\/www.nexoinformativo.mx\/"},{"@type":"ListItem","position":2,"name":"Lanza Quer\u00e9taro convocatoria QroTaxi 2025 con mil concesiones nuevas y renovadas"}]},{"@type":"WebSite","@id":"https:\/\/www.nexoinformativo.mx\/#website","url":"https:\/\/www.nexoinformativo.mx\/","name":"Nexo Informativo Santiago de Quer\u00e9taro","description":"Explora NexoInformativo y convi\u00e9rtete en parte de una comunidad que valora el conocimiento y la verdad. Tu nexoinformativo es tu puente hacia una comprensi\u00f3n m\u00e1s profunda del mundo que te rodea.","publisher":{"@id":"https:\/\/www.nexoinformativo.mx\/#organization"},"potentialAction":[{"@type":"SearchAction","target":{"@type":"EntryPoint","urlTemplate":"https:\/\/www.nexoinformativo.mx\/?s={search_term_string}"},"query-input":{"@type":"PropertyValueSpecification","valueRequired":true,"valueName":"search_term_string"}}],"inLanguage":"es"},{"@type":"Organization","@id":"https:\/\/www.nexoinformativo.mx\/#organization","name":"Nexo Informativo Santiago de Quer\u00e9taro","url":"https:\/\/www.nexoinformativo.mx\/","logo":{"@type":"ImageObject","inLanguage":"es","@id":"https:\/\/www.nexoinformativo.mx\/#\/schema\/logo\/image\/","url":"https:\/\/www.nexoinformativo.mx\/wp-content\/uploads\/2024\/07\/nexoi-trasparente-2.png","contentUrl":"https:\/\/www.nexoinformativo.mx\/wp-content\/uploads\/2024\/07\/nexoi-trasparente-2.png","width":816,"height":339,"caption":"Nexo Informativo Santiago de Quer\u00e9taro"},"image":{"@id":"https:\/\/www.nexoinformativo.mx\/#\/schema\/logo\/image\/"},"sameAs":["https:\/\/www.facebook.com\/people\/Nexo-Informativo\/61564066885511\/"]},{"@type":"Person","@id":"https:\/\/www.nexoinformativo.mx\/#\/schema\/person\/7749d380ba08c8ca00d7bc76fd907b7d","name":"Nexo Informativo","image":{"@type":"ImageObject","inLanguage":"es","@id":"https:\/\/www.nexoinformativo.mx\/#\/schema\/person\/image\/","url":"https:\/\/secure.gravatar.com\/avatar\/dde2928154642a13d95f87ddf1ea9718fe2b46760a005c53e41ff5ad610704e6?s=96&d=mm&r=g","contentUrl":"https:\/\/secure.gravatar.com\/avatar\/dde2928154642a13d95f87ddf1ea9718fe2b46760a005c53e41ff5ad610704e6?s=96&d=mm&r=g","caption":"Nexo Informativo"},"url":"https:\/\/www.nexoinformativo.mx\/index.php\/author\/edicion\/"}]}},"_links":{"self":[{"href":"https:\/\/www.nexoinformativo.mx\/index.php\/wp-json\/wp\/v2\/posts\/15189","targetHints":{"allow":["GET"]}}],"collection":[{"href":"https:\/\/www.nexoinformativo.mx\/index.php\/wp-json\/wp\/v2\/posts"}],"about":[{"href":"https:\/\/www.nexoinformativo.mx\/index.php\/wp-json\/wp\/v2\/types\/post"}],"author":[{"embeddable":true,"href":"https:\/\/www.nexoinformativo.mx\/index.php\/wp-json\/wp\/v2\/users\/3"}],"replies":[{"embeddable":true,"href":"https:\/\/www.nexoinformativo.mx\/index.php\/wp-json\/wp\/v2\/comments?post=15189"}],"version-history":[{"count":3,"href":"https:\/\/www.nexoinformativo.mx\/index.php\/wp-json\/wp\/v2\/posts\/15189\/revisions"}],"predecessor-version":[{"id":15193,"href":"https:\/\/www.nexoinformativo.mx\/index.php\/wp-json\/wp\/v2\/posts\/15189\/revisions\/15193"}],"wp:featuredmedia":[{"embeddable":true,"href":"https:\/\/www.nexoinformativo.mx\/index.php\/wp-json\/wp\/v2\/media\/15190"}],"wp:attachment":[{"href":"https:\/\/www.nexoinformativo.mx\/index.php\/wp-json\/wp\/v2\/media?parent=15189"}],"wp:term":[{"taxonomy":"category","embeddable":true,"href":"https:\/\/www.nexoinformativo.mx\/index.php\/wp-json\/wp\/v2\/categories?post=15189"},{"taxonomy":"post_tag","embeddable":true,"href":"https:\/\/www.nexoinformativo.mx\/index.php\/wp-json\/wp\/v2\/tags?post=15189"}],"curies":[{"name":"wp","href":"https:\/\/api.w.org\/{rel}","templated":true}]}}