{"id":15194,"date":"2025-05-23T11:30:38","date_gmt":"2025-05-23T17:30:38","guid":{"rendered":"https:\/\/www.nexoinformativo.mx\/?p=15194"},"modified":"2025-05-23T12:18:32","modified_gmt":"2025-05-23T18:18:32","slug":"tequisquiapan-arranca-su-festival-internacional-de-queso-y-vino-2025-con-gran-exito","status":"publish","type":"post","link":"https:\/\/www.nexoinformativo.mx\/index.php\/2025\/05\/23\/tequisquiapan-arranca-su-festival-internacional-de-queso-y-vino-2025-con-gran-exito\/","title":{"rendered":"Tequisquiapan arranca su Festival Internacional de Queso y Vino 2025 con gran \u00e9xito"},"content":{"rendered":"<p style=\"text-align: justify;\" data-sourcepos=\"3:1-3:526\">Hoy se inaugur\u00f3 el Festival Internacional del Arte, Queso y Vino 2025, un evento que promete deleitar a miles de visitantes y consolidar a este Pueblo M\u00e1gico como un referente del turismo enogastron\u00f3mico.<\/p>\n<p>&nbsp;<\/p>\n<p style=\"text-align: justify;\" data-sourcepos=\"3:1-3:526\">La ceremonia fue encabezada por la secretaria de Turismo del estado, Adriana Vega V\u00e1zquez, en representaci\u00f3n del gobernador Mauricio Kuri, junto con el alcalde de Tequisquiapan, H\u00e9ctor Maga\u00f1a.<\/p>\n<p>&nbsp;<\/p>\n<p style=\"text-align: justify;\" data-sourcepos=\"5:1-5:413\">Durante su mensaje, la titular de la Secretar\u00eda de Turismo resalt\u00f3 el gran impacto econ\u00f3mico, tur\u00edstico y cultural que el festival genera.<\/p>\n<p>&nbsp;<\/p>\n<p style=\"text-align: justify;\" data-sourcepos=\"5:1-5:413\">&#8220;Se espera la llegada de m\u00e1s de 60 mil visitantes, una derrama econ\u00f3mica superior a los 180 millones de pesos, y la participaci\u00f3n de 20 vin\u00edcolas mexicanas, 10 queser\u00edas, productores locales y una oferta gastron\u00f3mica para todos los gustos&#8221;, detall\u00f3 Vega V\u00e1zquez.<\/p>\n<p>&nbsp;<\/p>\n<p style=\"text-align: justify;\" data-sourcepos=\"7:1-7:331\">El festival, que se extender\u00e1 hasta el 8 de junio, ofrecer\u00e1 una vasta programaci\u00f3n. Adem\u00e1s de la presencia de vin\u00edcolas y queser\u00edas artesanales, los asistentes podr\u00e1n disfrutar de conciertos de artistas como Motel, Kinky, Fernando Delgadillo y Grupo Primavera, as\u00ed como presentaciones del Ballet Folkl\u00f3rico de Amalia Hern\u00e1ndez.<\/p>\n<p>&nbsp;<\/p>\n<p style=\"text-align: justify;\" data-sourcepos=\"15:1-15:221\">Los principales escenarios del festival ser\u00e1n el Parque La Pila, el Jard\u00edn del Arte, la Plaza Principal y la calle Ju\u00e1rez. \u00a1Lo mejor de todo es que el acceso a estos espacios es completamente gratuito para el p\u00fablico!<\/p>\n<p>&nbsp;<\/p>\n<p style=\"text-align: justify;\" data-sourcepos=\"17:1-17:238\">El Festival Internacional del Arte, Queso y Vino se ha posicionado como uno de los eventos tur\u00edsticos m\u00e1s importantes de Quer\u00e9taro, atrayendo a visitantes de todo el pa\u00eds y fortaleciendo tanto la identidad cultural como la econom\u00eda local.<\/p>\n<p>&nbsp;<\/p>\n<p style=\"text-align: center;\" data-sourcepos=\"17:1-17:238\"><em><strong>\u00a1Informaci\u00f3n que transforma!<\/strong><\/em><\/p>\n","protected":false},"excerpt":{"rendered":"<p>Hoy se inaugur\u00f3 el Festival Internacional del Arte, Queso y Vino 2025, un evento que promete deleitar a miles de visitantes y consolidar a este Pueblo M\u00e1gico como un referente del turismo enogastron\u00f3mico.<\/p>\n","protected":false},"author":3,"featured_media":15195,"comment_status":"open","ping_status":"open","sticky":false,"template":"","format":"standard","meta":{"footnotes":""},"categories":[50,42,58],"tags":[4561,4560,783,992],"class_list":["post-15194","post","type-post","status-publish","format-standard","has-post-thumbnail","hentry","category-espectaculos","category-estado","category-ultima-hora","tag-festivalgastronomico","tag-quesoyvinoqro","tag-tequisquiapan","tag-turismoqueretaro"],"yoast_head":"<!-- This site is optimized with the Yoast SEO plugin v25.0 - https:\/\/yoast.com\/wordpress\/plugins\/seo\/ -->\n<title>Tequisquiapan arranca su Festival Internacional de Queso y Vino 2025 con gran \u00e9xito | Nexo Informativo Santiago de Quer\u00e9taro<\/title>\n<meta name=\"description\" content=\"Tequisquiapan arranca su Festival Internacional de Queso y Vino 2025 con gran \u00e9xito\" \/>\n<meta name=\"robots\" content=\"index, follow, max-snippet:-1, max-image-preview:large, max-video-preview:-1\" \/>\n<link rel=\"canonical\" href=\"https:\/\/www.nexoinformativo.mx\/index.php\/2025\/05\/23\/tequisquiapan-arranca-su-festival-internacional-de-queso-y-vino-2025-con-gran-exito\/\" \/>\n<meta property=\"og:locale\" content=\"es_MX\" \/>\n<meta property=\"og:type\" content=\"article\" \/>\n<meta property=\"og:title\" content=\"Tequisquiapan arranca su Festival Internacional de Queso y Vino 2025 con gran \u00e9xito | Nexo Informativo Santiago de Quer\u00e9taro\" \/>\n<meta property=\"og:description\" content=\"Tequisquiapan arranca su Festival Internacional de Queso y Vino 2025 con gran \u00e9xito\" \/>\n<meta property=\"og:url\" content=\"https:\/\/www.nexoinformativo.mx\/index.php\/2025\/05\/23\/tequisquiapan-arranca-su-festival-internacional-de-queso-y-vino-2025-con-gran-exito\/\" \/>\n<meta property=\"og:site_name\" content=\"Nexo Informativo Santiago de Quer\u00e9taro\" \/>\n<meta property=\"article:publisher\" content=\"https:\/\/www.facebook.com\/people\/Nexo-Informativo\/61564066885511\/\" \/>\n<meta property=\"article:published_time\" content=\"2025-05-23T17:30:38+00:00\" \/>\n<meta property=\"article:modified_time\" content=\"2025-05-23T18:18:32+00:00\" \/>\n<meta property=\"og:image\" content=\"https:\/\/www.nexoinformativo.mx\/wp-content\/uploads\/2025\/05\/PHOTO-2025-05-23-12-00-02-e1748023264696.jpg\" \/>\n\t<meta property=\"og:image:width\" content=\"800\" \/>\n\t<meta property=\"og:image:height\" content=\"449\" \/>\n\t<meta property=\"og:image:type\" content=\"image\/jpeg\" \/>\n<meta name=\"author\" content=\"Nexo Informativo\" \/>\n<meta name=\"twitter:card\" content=\"summary_large_image\" \/>\n<meta name=\"twitter:label1\" content=\"Escrito por\" \/>\n\t<meta name=\"twitter:data1\" content=\"Nexo Informativo\" \/>\n\t<meta name=\"twitter:label2\" content=\"Tiempo de lectura\" \/>\n\t<meta name=\"twitter:data2\" content=\"2 minutos\" \/>\n<script type=\"application\/ld+json\" class=\"yoast-schema-graph\">{\"@context\":\"https:\/\/schema.org\",\"@graph\":[{\"@type\":\"Article\",\"@id\":\"https:\/\/www.nexoinformativo.mx\/index.php\/2025\/05\/23\/tequisquiapan-arranca-su-festival-internacional-de-queso-y-vino-2025-con-gran-exito\/#article\",\"isPartOf\":{\"@id\":\"https:\/\/www.nexoinformativo.mx\/index.php\/2025\/05\/23\/tequisquiapan-arranca-su-festival-internacional-de-queso-y-vino-2025-con-gran-exito\/\"},\"author\":{\"name\":\"Nexo Informativo\",\"@id\":\"https:\/\/www.nexoinformativo.mx\/#\/schema\/person\/7749d380ba08c8ca00d7bc76fd907b7d\"},\"headline\":\"Tequisquiapan arranca su Festival Internacional de Queso y Vino 2025 con gran \u00e9xito\",\"datePublished\":\"2025-05-23T17:30:38+00:00\",\"dateModified\":\"2025-05-23T18:18:32+00:00\",\"mainEntityOfPage\":{\"@id\":\"https:\/\/www.nexoinformativo.mx\/index.php\/2025\/05\/23\/tequisquiapan-arranca-su-festival-internacional-de-queso-y-vino-2025-con-gran-exito\/\"},\"wordCount\":298,\"commentCount\":0,\"publisher\":{\"@id\":\"https:\/\/www.nexoinformativo.mx\/#organization\"},\"image\":{\"@id\":\"https:\/\/www.nexoinformativo.mx\/index.php\/2025\/05\/23\/tequisquiapan-arranca-su-festival-internacional-de-queso-y-vino-2025-con-gran-exito\/#primaryimage\"},\"thumbnailUrl\":\"https:\/\/www.nexoinformativo.mx\/wp-content\/uploads\/2025\/05\/PHOTO-2025-05-23-12-00-02-e1748023264696.jpg\",\"keywords\":[\"FestivalGastron\u00f3mico\",\"QuesoYVinoQro\",\"Tequisquiapan\",\"TurismoQuer\u00e9taro\"],\"articleSection\":[\"Espect\u00e1culos\",\"Estado\",\"\u00daltima Hora\"],\"inLanguage\":\"es\",\"potentialAction\":[{\"@type\":\"CommentAction\",\"name\":\"Comment\",\"target\":[\"https:\/\/www.nexoinformativo.mx\/index.php\/2025\/05\/23\/tequisquiapan-arranca-su-festival-internacional-de-queso-y-vino-2025-con-gran-exito\/#respond\"]}]},{\"@type\":\"WebPage\",\"@id\":\"https:\/\/www.nexoinformativo.mx\/index.php\/2025\/05\/23\/tequisquiapan-arranca-su-festival-internacional-de-queso-y-vino-2025-con-gran-exito\/\",\"url\":\"https:\/\/www.nexoinformativo.mx\/index.php\/2025\/05\/23\/tequisquiapan-arranca-su-festival-internacional-de-queso-y-vino-2025-con-gran-exito\/\",\"name\":\"Tequisquiapan arranca su Festival Internacional de Queso y Vino 2025 con gran \u00e9xito | Nexo Informativo Santiago de Quer\u00e9taro\",\"isPartOf\":{\"@id\":\"https:\/\/www.nexoinformativo.mx\/#website\"},\"primaryImageOfPage\":{\"@id\":\"https:\/\/www.nexoinformativo.mx\/index.php\/2025\/05\/23\/tequisquiapan-arranca-su-festival-internacional-de-queso-y-vino-2025-con-gran-exito\/#primaryimage\"},\"image\":{\"@id\":\"https:\/\/www.nexoinformativo.mx\/index.php\/2025\/05\/23\/tequisquiapan-arranca-su-festival-internacional-de-queso-y-vino-2025-con-gran-exito\/#primaryimage\"},\"thumbnailUrl\":\"https:\/\/www.nexoinformativo.mx\/wp-content\/uploads\/2025\/05\/PHOTO-2025-05-23-12-00-02-e1748023264696.jpg\",\"datePublished\":\"2025-05-23T17:30:38+00:00\",\"dateModified\":\"2025-05-23T18:18:32+00:00\",\"description\":\"Tequisquiapan arranca su Festival Internacional de Queso y Vino 2025 con gran \u00e9xito\",\"breadcrumb\":{\"@id\":\"https:\/\/www.nexoinformativo.mx\/index.php\/2025\/05\/23\/tequisquiapan-arranca-su-festival-internacional-de-queso-y-vino-2025-con-gran-exito\/#breadcrumb\"},\"inLanguage\":\"es\",\"potentialAction\":[{\"@type\":\"ReadAction\",\"target\":[\"https:\/\/www.nexoinformativo.mx\/index.php\/2025\/05\/23\/tequisquiapan-arranca-su-festival-internacional-de-queso-y-vino-2025-con-gran-exito\/\"]}]},{\"@type\":\"ImageObject\",\"inLanguage\":\"es\",\"@id\":\"https:\/\/www.nexoinformativo.mx\/index.php\/2025\/05\/23\/tequisquiapan-arranca-su-festival-internacional-de-queso-y-vino-2025-con-gran-exito\/#primaryimage\",\"url\":\"https:\/\/www.nexoinformativo.mx\/wp-content\/uploads\/2025\/05\/PHOTO-2025-05-23-12-00-02-e1748023264696.jpg\",\"contentUrl\":\"https:\/\/www.nexoinformativo.mx\/wp-content\/uploads\/2025\/05\/PHOTO-2025-05-23-12-00-02-e1748023264696.jpg\",\"width\":800,\"height\":449},{\"@type\":\"BreadcrumbList\",\"@id\":\"https:\/\/www.nexoinformativo.mx\/index.php\/2025\/05\/23\/tequisquiapan-arranca-su-festival-internacional-de-queso-y-vino-2025-con-gran-exito\/#breadcrumb\",\"itemListElement\":[{\"@type\":\"ListItem\",\"position\":1,\"name\":\"Inicio\",\"item\":\"https:\/\/www.nexoinformativo.mx\/\"},{\"@type\":\"ListItem\",\"position\":2,\"name\":\"Tequisquiapan arranca su Festival Internacional de Queso y Vino 2025 con gran \u00e9xito\"}]},{\"@type\":\"WebSite\",\"@id\":\"https:\/\/www.nexoinformativo.mx\/#website\",\"url\":\"https:\/\/www.nexoinformativo.mx\/\",\"name\":\"Nexo Informativo Santiago de Quer\u00e9taro\",\"description\":\"Explora NexoInformativo y convi\u00e9rtete en parte de una comunidad que valora el conocimiento y la verdad. Tu nexoinformativo es tu puente hacia una comprensi\u00f3n m\u00e1s profunda del mundo que te rodea.\",\"publisher\":{\"@id\":\"https:\/\/www.nexoinformativo.mx\/#organization\"},\"potentialAction\":[{\"@type\":\"SearchAction\",\"target\":{\"@type\":\"EntryPoint\",\"urlTemplate\":\"https:\/\/www.nexoinformativo.mx\/?s={search_term_string}\"},\"query-input\":{\"@type\":\"PropertyValueSpecification\",\"valueRequired\":true,\"valueName\":\"search_term_string\"}}],\"inLanguage\":\"es\"},{\"@type\":\"Organization\",\"@id\":\"https:\/\/www.nexoinformativo.mx\/#organization\",\"name\":\"Nexo Informativo Santiago de Quer\u00e9taro\",\"url\":\"https:\/\/www.nexoinformativo.mx\/\",\"logo\":{\"@type\":\"ImageObject\",\"inLanguage\":\"es\",\"@id\":\"https:\/\/www.nexoinformativo.mx\/#\/schema\/logo\/image\/\",\"url\":\"https:\/\/www.nexoinformativo.mx\/wp-content\/uploads\/2024\/07\/nexoi-trasparente-2.png\",\"contentUrl\":\"https:\/\/www.nexoinformativo.mx\/wp-content\/uploads\/2024\/07\/nexoi-trasparente-2.png\",\"width\":816,\"height\":339,\"caption\":\"Nexo Informativo Santiago de Quer\u00e9taro\"},\"image\":{\"@id\":\"https:\/\/www.nexoinformativo.mx\/#\/schema\/logo\/image\/\"},\"sameAs\":[\"https:\/\/www.facebook.com\/people\/Nexo-Informativo\/61564066885511\/\"]},{\"@type\":\"Person\",\"@id\":\"https:\/\/www.nexoinformativo.mx\/#\/schema\/person\/7749d380ba08c8ca00d7bc76fd907b7d\",\"name\":\"Nexo Informativo\",\"image\":{\"@type\":\"ImageObject\",\"inLanguage\":\"es\",\"@id\":\"https:\/\/www.nexoinformativo.mx\/#\/schema\/person\/image\/\",\"url\":\"https:\/\/secure.gravatar.com\/avatar\/dde2928154642a13d95f87ddf1ea9718fe2b46760a005c53e41ff5ad610704e6?s=96&d=mm&r=g\",\"contentUrl\":\"https:\/\/secure.gravatar.com\/avatar\/dde2928154642a13d95f87ddf1ea9718fe2b46760a005c53e41ff5ad610704e6?s=96&d=mm&r=g\",\"caption\":\"Nexo Informativo\"},\"url\":\"https:\/\/www.nexoinformativo.mx\/index.php\/author\/edicion\/\"}]}<\/script>\n<!-- \/ Yoast SEO plugin. -->","yoast_head_json":{"title":"Tequisquiapan arranca su Festival Internacional de Queso y Vino 2025 con gran \u00e9xito | Nexo Informativo Santiago de Quer\u00e9taro","description":"Tequisquiapan arranca su Festival Internacional de Queso y Vino 2025 con gran \u00e9xito","robots":{"index":"index","follow":"follow","max-snippet":"max-snippet:-1","max-image-preview":"max-image-preview:large","max-video-preview":"max-video-preview:-1"},"canonical":"https:\/\/www.nexoinformativo.mx\/index.php\/2025\/05\/23\/tequisquiapan-arranca-su-festival-internacional-de-queso-y-vino-2025-con-gran-exito\/","og_locale":"es_MX","og_type":"article","og_title":"Tequisquiapan arranca su Festival Internacional de Queso y Vino 2025 con gran \u00e9xito | Nexo Informativo Santiago de Quer\u00e9taro","og_description":"Tequisquiapan arranca su Festival Internacional de Queso y Vino 2025 con gran \u00e9xito","og_url":"https:\/\/www.nexoinformativo.mx\/index.php\/2025\/05\/23\/tequisquiapan-arranca-su-festival-internacional-de-queso-y-vino-2025-con-gran-exito\/","og_site_name":"Nexo Informativo Santiago de Quer\u00e9taro","article_publisher":"https:\/\/www.facebook.com\/people\/Nexo-Informativo\/61564066885511\/","article_published_time":"2025-05-23T17:30:38+00:00","article_modified_time":"2025-05-23T18:18:32+00:00","og_image":[{"width":800,"height":449,"url":"https:\/\/www.nexoinformativo.mx\/wp-content\/uploads\/2025\/05\/PHOTO-2025-05-23-12-00-02-e1748023264696.jpg","type":"image\/jpeg"}],"author":"Nexo Informativo","twitter_card":"summary_large_image","twitter_misc":{"Escrito por":"Nexo Informativo","Tiempo de lectura":"2 minutos"},"schema":{"@context":"https:\/\/schema.org","@graph":[{"@type":"Article","@id":"https:\/\/www.nexoinformativo.mx\/index.php\/2025\/05\/23\/tequisquiapan-arranca-su-festival-internacional-de-queso-y-vino-2025-con-gran-exito\/#article","isPartOf":{"@id":"https:\/\/www.nexoinformativo.mx\/index.php\/2025\/05\/23\/tequisquiapan-arranca-su-festival-internacional-de-queso-y-vino-2025-con-gran-exito\/"},"author":{"name":"Nexo Informativo","@id":"https:\/\/www.nexoinformativo.mx\/#\/schema\/person\/7749d380ba08c8ca00d7bc76fd907b7d"},"headline":"Tequisquiapan arranca su Festival Internacional de Queso y Vino 2025 con gran \u00e9xito","datePublished":"2025-05-23T17:30:38+00:00","dateModified":"2025-05-23T18:18:32+00:00","mainEntityOfPage":{"@id":"https:\/\/www.nexoinformativo.mx\/index.php\/2025\/05\/23\/tequisquiapan-arranca-su-festival-internacional-de-queso-y-vino-2025-con-gran-exito\/"},"wordCount":298,"commentCount":0,"publisher":{"@id":"https:\/\/www.nexoinformativo.mx\/#organization"},"image":{"@id":"https:\/\/www.nexoinformativo.mx\/index.php\/2025\/05\/23\/tequisquiapan-arranca-su-festival-internacional-de-queso-y-vino-2025-con-gran-exito\/#primaryimage"},"thumbnailUrl":"https:\/\/www.nexoinformativo.mx\/wp-content\/uploads\/2025\/05\/PHOTO-2025-05-23-12-00-02-e1748023264696.jpg","keywords":["FestivalGastron\u00f3mico","QuesoYVinoQro","Tequisquiapan","TurismoQuer\u00e9taro"],"articleSection":["Espect\u00e1culos","Estado","\u00daltima Hora"],"inLanguage":"es","potentialAction":[{"@type":"CommentAction","name":"Comment","target":["https:\/\/www.nexoinformativo.mx\/index.php\/2025\/05\/23\/tequisquiapan-arranca-su-festival-internacional-de-queso-y-vino-2025-con-gran-exito\/#respond"]}]},{"@type":"WebPage","@id":"https:\/\/www.nexoinformativo.mx\/index.php\/2025\/05\/23\/tequisquiapan-arranca-su-festival-internacional-de-queso-y-vino-2025-con-gran-exito\/","url":"https:\/\/www.nexoinformativo.mx\/index.php\/2025\/05\/23\/tequisquiapan-arranca-su-festival-internacional-de-queso-y-vino-2025-con-gran-exito\/","name":"Tequisquiapan arranca su Festival Internacional de Queso y Vino 2025 con gran \u00e9xito | Nexo Informativo Santiago de Quer\u00e9taro","isPartOf":{"@id":"https:\/\/www.nexoinformativo.mx\/#website"},"primaryImageOfPage":{"@id":"https:\/\/www.nexoinformativo.mx\/index.php\/2025\/05\/23\/tequisquiapan-arranca-su-festival-internacional-de-queso-y-vino-2025-con-gran-exito\/#primaryimage"},"image":{"@id":"https:\/\/www.nexoinformativo.mx\/index.php\/2025\/05\/23\/tequisquiapan-arranca-su-festival-internacional-de-queso-y-vino-2025-con-gran-exito\/#primaryimage"},"thumbnailUrl":"https:\/\/www.nexoinformativo.mx\/wp-content\/uploads\/2025\/05\/PHOTO-2025-05-23-12-00-02-e1748023264696.jpg","datePublished":"2025-05-23T17:30:38+00:00","dateModified":"2025-05-23T18:18:32+00:00","description":"Tequisquiapan arranca su Festival Internacional de Queso y Vino 2025 con gran \u00e9xito","breadcrumb":{"@id":"https:\/\/www.nexoinformativo.mx\/index.php\/2025\/05\/23\/tequisquiapan-arranca-su-festival-internacional-de-queso-y-vino-2025-con-gran-exito\/#breadcrumb"},"inLanguage":"es","potentialAction":[{"@type":"ReadAction","target":["https:\/\/www.nexoinformativo.mx\/index.php\/2025\/05\/23\/tequisquiapan-arranca-su-festival-internacional-de-queso-y-vino-2025-con-gran-exito\/"]}]},{"@type":"ImageObject","inLanguage":"es","@id":"https:\/\/www.nexoinformativo.mx\/index.php\/2025\/05\/23\/tequisquiapan-arranca-su-festival-internacional-de-queso-y-vino-2025-con-gran-exito\/#primaryimage","url":"https:\/\/www.nexoinformativo.mx\/wp-content\/uploads\/2025\/05\/PHOTO-2025-05-23-12-00-02-e1748023264696.jpg","contentUrl":"https:\/\/www.nexoinformativo.mx\/wp-content\/uploads\/2025\/05\/PHOTO-2025-05-23-12-00-02-e1748023264696.jpg","width":800,"height":449},{"@type":"BreadcrumbList","@id":"https:\/\/www.nexoinformativo.mx\/index.php\/2025\/05\/23\/tequisquiapan-arranca-su-festival-internacional-de-queso-y-vino-2025-con-gran-exito\/#breadcrumb","itemListElement":[{"@type":"ListItem","position":1,"name":"Inicio","item":"https:\/\/www.nexoinformativo.mx\/"},{"@type":"ListItem","position":2,"name":"Tequisquiapan arranca su Festival Internacional de Queso y Vino 2025 con gran \u00e9xito"}]},{"@type":"WebSite","@id":"https:\/\/www.nexoinformativo.mx\/#website","url":"https:\/\/www.nexoinformativo.mx\/","name":"Nexo Informativo Santiago de Quer\u00e9taro","description":"Explora NexoInformativo y convi\u00e9rtete en parte de una comunidad que valora el conocimiento y la verdad. Tu nexoinformativo es tu puente hacia una comprensi\u00f3n m\u00e1s profunda del mundo que te rodea.","publisher":{"@id":"https:\/\/www.nexoinformativo.mx\/#organization"},"potentialAction":[{"@type":"SearchAction","target":{"@type":"EntryPoint","urlTemplate":"https:\/\/www.nexoinformativo.mx\/?s={search_term_string}"},"query-input":{"@type":"PropertyValueSpecification","valueRequired":true,"valueName":"search_term_string"}}],"inLanguage":"es"},{"@type":"Organization","@id":"https:\/\/www.nexoinformativo.mx\/#organization","name":"Nexo Informativo Santiago de Quer\u00e9taro","url":"https:\/\/www.nexoinformativo.mx\/","logo":{"@type":"ImageObject","inLanguage":"es","@id":"https:\/\/www.nexoinformativo.mx\/#\/schema\/logo\/image\/","url":"https:\/\/www.nexoinformativo.mx\/wp-content\/uploads\/2024\/07\/nexoi-trasparente-2.png","contentUrl":"https:\/\/www.nexoinformativo.mx\/wp-content\/uploads\/2024\/07\/nexoi-trasparente-2.png","width":816,"height":339,"caption":"Nexo Informativo Santiago de Quer\u00e9taro"},"image":{"@id":"https:\/\/www.nexoinformativo.mx\/#\/schema\/logo\/image\/"},"sameAs":["https:\/\/www.facebook.com\/people\/Nexo-Informativo\/61564066885511\/"]},{"@type":"Person","@id":"https:\/\/www.nexoinformativo.mx\/#\/schema\/person\/7749d380ba08c8ca00d7bc76fd907b7d","name":"Nexo Informativo","image":{"@type":"ImageObject","inLanguage":"es","@id":"https:\/\/www.nexoinformativo.mx\/#\/schema\/person\/image\/","url":"https:\/\/secure.gravatar.com\/avatar\/dde2928154642a13d95f87ddf1ea9718fe2b46760a005c53e41ff5ad610704e6?s=96&d=mm&r=g","contentUrl":"https:\/\/secure.gravatar.com\/avatar\/dde2928154642a13d95f87ddf1ea9718fe2b46760a005c53e41ff5ad610704e6?s=96&d=mm&r=g","caption":"Nexo Informativo"},"url":"https:\/\/www.nexoinformativo.mx\/index.php\/author\/edicion\/"}]}},"_links":{"self":[{"href":"https:\/\/www.nexoinformativo.mx\/index.php\/wp-json\/wp\/v2\/posts\/15194","targetHints":{"allow":["GET"]}}],"collection":[{"href":"https:\/\/www.nexoinformativo.mx\/index.php\/wp-json\/wp\/v2\/posts"}],"about":[{"href":"https:\/\/www.nexoinformativo.mx\/index.php\/wp-json\/wp\/v2\/types\/post"}],"author":[{"embeddable":true,"href":"https:\/\/www.nexoinformativo.mx\/index.php\/wp-json\/wp\/v2\/users\/3"}],"replies":[{"embeddable":true,"href":"https:\/\/www.nexoinformativo.mx\/index.php\/wp-json\/wp\/v2\/comments?post=15194"}],"version-history":[{"count":4,"href":"https:\/\/www.nexoinformativo.mx\/index.php\/wp-json\/wp\/v2\/posts\/15194\/revisions"}],"predecessor-version":[{"id":15206,"href":"https:\/\/www.nexoinformativo.mx\/index.php\/wp-json\/wp\/v2\/posts\/15194\/revisions\/15206"}],"wp:featuredmedia":[{"embeddable":true,"href":"https:\/\/www.nexoinformativo.mx\/index.php\/wp-json\/wp\/v2\/media\/15195"}],"wp:attachment":[{"href":"https:\/\/www.nexoinformativo.mx\/index.php\/wp-json\/wp\/v2\/media?parent=15194"}],"wp:term":[{"taxonomy":"category","embeddable":true,"href":"https:\/\/www.nexoinformativo.mx\/index.php\/wp-json\/wp\/v2\/categories?post=15194"},{"taxonomy":"post_tag","embeddable":true,"href":"https:\/\/www.nexoinformativo.mx\/index.php\/wp-json\/wp\/v2\/tags?post=15194"}],"curies":[{"name":"wp","href":"https:\/\/api.w.org\/{rel}","templated":true}]}}