{"id":15201,"date":"2025-05-23T11:00:36","date_gmt":"2025-05-23T17:00:36","guid":{"rendered":"https:\/\/www.nexoinformativo.mx\/?p=15201"},"modified":"2025-05-23T12:17:19","modified_gmt":"2025-05-23T18:17:19","slug":"equipamiento-de-primera-gobernador-kuri-supervisa-laboratorios-modernos-en-tecnologico-de-san-juan-del-rio","status":"publish","type":"post","link":"https:\/\/www.nexoinformativo.mx\/index.php\/2025\/05\/23\/equipamiento-de-primera-gobernador-kuri-supervisa-laboratorios-modernos-en-tecnologico-de-san-juan-del-rio\/","title":{"rendered":"Equipamiento de primera Gobernador Kuri supervisa laboratorios modernos en Tecnol\u00f3gico de San Juan del R\u00edo"},"content":{"rendered":"<p style=\"text-align: justify;\" data-sourcepos=\"3:1-3:492\">\u00a1Inversi\u00f3n en el futuro de los estudiantes! El gobernador Mauricio Kuri\u00a0realiz\u00f3 una visita de trabajo al municipio de San Juan del R\u00edo para supervisar el funcionamiento de nuevos equipos de laboratorio y c\u00f3mputo en el Instituto Tecnol\u00f3gico Nacional de M\u00e9xico (ITNM).<\/p>\n<\/p>\n<p>&nbsp;<\/p>\n<p style=\"text-align: justify;\" data-sourcepos=\"3:1-3:492\">Esta importante iniciativa cont\u00f3 con una inversi\u00f3n de 11 millones de pesos de recursos estatales, buscando llevar la educaci\u00f3n superior al siguiente nivel.<\/p>\n<\/p>\n<p>&nbsp;<\/p>\n<p style=\"text-align: justify;\" data-sourcepos=\"5:1-5:420\">Durante su visita al Instituto Tecnol\u00f3gico de San Juan del R\u00edo, el mandatario estatal atestigu\u00f3 la operaci\u00f3n de equipos de \u00faltima generaci\u00f3n adquiridos para los laboratorios de Ingenier\u00eda Industrial, Metrolog\u00eda y Manufactura Cl\u00e1sica.<\/p>\n<\/p>\n<p>&nbsp;<\/p>\n<p style=\"text-align: justify;\" data-sourcepos=\"5:1-5:420\">Estos equipos son cruciales para la formaci\u00f3n de los estudiantes, pues les permiten realizar simulaciones y aplicar de manera pr\u00e1ctica los conocimientos te\u00f3ricos aprendidos en clase.<\/p>\n<\/p>\n<p>&nbsp;<\/p>\n<p style=\"text-align: center;\" data-sourcepos=\"5:1-5:420\"><em><strong>\u00a1Informaci\u00f3n que transforma!<\/strong><\/em><\/p>\n","protected":false},"excerpt":{"rendered":"<p>\u00a1Inversi\u00f3n en el futuro de los estudiantes! El gobernador Mauricio Kuri\u00a0realiz\u00f3 una visita de trabajo al municipio de San Juan del R\u00edo para supervisar el funcionamiento de nuevos equipos de laboratorio y c\u00f3mputo en el Instituto Tecnol\u00f3gico Nacional de M\u00e9xico (ITNM).<\/p>\n","protected":false},"author":3,"featured_media":15202,"comment_status":"open","ping_status":"open","sticky":false,"template":"","format":"standard","meta":{"footnotes":""},"categories":[65,58],"tags":[3632,4559,661,3206],"class_list":["post-15201","post","type-post","status-publish","format-standard","has-post-thumbnail","hentry","category-municipios","category-ultima-hora","tag-educacionqro","tag-itnmsjr","tag-mauriciokuri","tag-tecnologiaeducativa"],"yoast_head":"<!-- This site is optimized with the Yoast SEO plugin v25.0 - https:\/\/yoast.com\/wordpress\/plugins\/seo\/ -->\n<title>Equipamiento de primera Gobernador Kuri supervisa laboratorios modernos en Tecnol\u00f3gico de San Juan del R\u00edo | Nexo Informativo Santiago de Quer\u00e9taro<\/title>\n<meta name=\"description\" content=\"Equipamiento de primera Gobernador Kuri supervisa laboratorios modernos en Tecnol\u00f3gico de San Juan del R\u00edo\" \/>\n<meta name=\"robots\" content=\"index, follow, max-snippet:-1, max-image-preview:large, max-video-preview:-1\" \/>\n<link rel=\"canonical\" href=\"https:\/\/www.nexoinformativo.mx\/index.php\/2025\/05\/23\/equipamiento-de-primera-gobernador-kuri-supervisa-laboratorios-modernos-en-tecnologico-de-san-juan-del-rio\/\" \/>\n<meta property=\"og:locale\" content=\"es_MX\" \/>\n<meta property=\"og:type\" content=\"article\" \/>\n<meta property=\"og:title\" content=\"Equipamiento de primera Gobernador Kuri supervisa laboratorios modernos en Tecnol\u00f3gico de San Juan del R\u00edo | Nexo Informativo Santiago de Quer\u00e9taro\" \/>\n<meta property=\"og:description\" content=\"Equipamiento de primera Gobernador Kuri supervisa laboratorios modernos en Tecnol\u00f3gico de San Juan del R\u00edo\" \/>\n<meta property=\"og:url\" content=\"https:\/\/www.nexoinformativo.mx\/index.php\/2025\/05\/23\/equipamiento-de-primera-gobernador-kuri-supervisa-laboratorios-modernos-en-tecnologico-de-san-juan-del-rio\/\" \/>\n<meta property=\"og:site_name\" content=\"Nexo Informativo Santiago de Quer\u00e9taro\" \/>\n<meta property=\"article:publisher\" content=\"https:\/\/www.facebook.com\/people\/Nexo-Informativo\/61564066885511\/\" \/>\n<meta property=\"article:published_time\" content=\"2025-05-23T17:00:36+00:00\" \/>\n<meta property=\"article:modified_time\" content=\"2025-05-23T18:17:19+00:00\" \/>\n<meta property=\"og:image\" content=\"https:\/\/www.nexoinformativo.mx\/wp-content\/uploads\/2025\/05\/PHOTO-2025-05-23-11-57-02-e1748024203328.jpg\" \/>\n\t<meta property=\"og:image:width\" content=\"800\" \/>\n\t<meta property=\"og:image:height\" content=\"534\" \/>\n\t<meta property=\"og:image:type\" content=\"image\/jpeg\" \/>\n<meta name=\"author\" content=\"Nexo Informativo\" \/>\n<meta name=\"twitter:card\" content=\"summary_large_image\" \/>\n<meta name=\"twitter:label1\" content=\"Escrito por\" \/>\n\t<meta name=\"twitter:data1\" content=\"Nexo Informativo\" \/>\n\t<meta name=\"twitter:label2\" content=\"Tiempo de lectura\" \/>\n\t<meta name=\"twitter:data2\" content=\"1 minuto\" \/>\n<script type=\"application\/ld+json\" class=\"yoast-schema-graph\">{\"@context\":\"https:\/\/schema.org\",\"@graph\":[{\"@type\":\"Article\",\"@id\":\"https:\/\/www.nexoinformativo.mx\/index.php\/2025\/05\/23\/equipamiento-de-primera-gobernador-kuri-supervisa-laboratorios-modernos-en-tecnologico-de-san-juan-del-rio\/#article\",\"isPartOf\":{\"@id\":\"https:\/\/www.nexoinformativo.mx\/index.php\/2025\/05\/23\/equipamiento-de-primera-gobernador-kuri-supervisa-laboratorios-modernos-en-tecnologico-de-san-juan-del-rio\/\"},\"author\":{\"name\":\"Nexo Informativo\",\"@id\":\"https:\/\/www.nexoinformativo.mx\/#\/schema\/person\/7749d380ba08c8ca00d7bc76fd907b7d\"},\"headline\":\"Equipamiento de primera Gobernador Kuri supervisa laboratorios modernos en Tecnol\u00f3gico de San Juan del R\u00edo\",\"datePublished\":\"2025-05-23T17:00:36+00:00\",\"dateModified\":\"2025-05-23T18:17:19+00:00\",\"mainEntityOfPage\":{\"@id\":\"https:\/\/www.nexoinformativo.mx\/index.php\/2025\/05\/23\/equipamiento-de-primera-gobernador-kuri-supervisa-laboratorios-modernos-en-tecnologico-de-san-juan-del-rio\/\"},\"wordCount\":165,\"commentCount\":0,\"publisher\":{\"@id\":\"https:\/\/www.nexoinformativo.mx\/#organization\"},\"image\":{\"@id\":\"https:\/\/www.nexoinformativo.mx\/index.php\/2025\/05\/23\/equipamiento-de-primera-gobernador-kuri-supervisa-laboratorios-modernos-en-tecnologico-de-san-juan-del-rio\/#primaryimage\"},\"thumbnailUrl\":\"https:\/\/www.nexoinformativo.mx\/wp-content\/uploads\/2025\/05\/PHOTO-2025-05-23-11-57-02-e1748024203328.jpg\",\"keywords\":[\"Educaci\u00f3nQro\",\"ITNMSJR\",\"MauricioKuri\",\"Tecnolog\u00edaEducativa\"],\"articleSection\":[\"Municipios\",\"\u00daltima Hora\"],\"inLanguage\":\"es\",\"potentialAction\":[{\"@type\":\"CommentAction\",\"name\":\"Comment\",\"target\":[\"https:\/\/www.nexoinformativo.mx\/index.php\/2025\/05\/23\/equipamiento-de-primera-gobernador-kuri-supervisa-laboratorios-modernos-en-tecnologico-de-san-juan-del-rio\/#respond\"]}]},{\"@type\":\"WebPage\",\"@id\":\"https:\/\/www.nexoinformativo.mx\/index.php\/2025\/05\/23\/equipamiento-de-primera-gobernador-kuri-supervisa-laboratorios-modernos-en-tecnologico-de-san-juan-del-rio\/\",\"url\":\"https:\/\/www.nexoinformativo.mx\/index.php\/2025\/05\/23\/equipamiento-de-primera-gobernador-kuri-supervisa-laboratorios-modernos-en-tecnologico-de-san-juan-del-rio\/\",\"name\":\"Equipamiento de primera Gobernador Kuri supervisa laboratorios modernos en Tecnol\u00f3gico de San Juan del R\u00edo | Nexo Informativo Santiago de Quer\u00e9taro\",\"isPartOf\":{\"@id\":\"https:\/\/www.nexoinformativo.mx\/#website\"},\"primaryImageOfPage\":{\"@id\":\"https:\/\/www.nexoinformativo.mx\/index.php\/2025\/05\/23\/equipamiento-de-primera-gobernador-kuri-supervisa-laboratorios-modernos-en-tecnologico-de-san-juan-del-rio\/#primaryimage\"},\"image\":{\"@id\":\"https:\/\/www.nexoinformativo.mx\/index.php\/2025\/05\/23\/equipamiento-de-primera-gobernador-kuri-supervisa-laboratorios-modernos-en-tecnologico-de-san-juan-del-rio\/#primaryimage\"},\"thumbnailUrl\":\"https:\/\/www.nexoinformativo.mx\/wp-content\/uploads\/2025\/05\/PHOTO-2025-05-23-11-57-02-e1748024203328.jpg\",\"datePublished\":\"2025-05-23T17:00:36+00:00\",\"dateModified\":\"2025-05-23T18:17:19+00:00\",\"description\":\"Equipamiento de primera Gobernador Kuri supervisa laboratorios modernos en Tecnol\u00f3gico de San Juan del R\u00edo\",\"breadcrumb\":{\"@id\":\"https:\/\/www.nexoinformativo.mx\/index.php\/2025\/05\/23\/equipamiento-de-primera-gobernador-kuri-supervisa-laboratorios-modernos-en-tecnologico-de-san-juan-del-rio\/#breadcrumb\"},\"inLanguage\":\"es\",\"potentialAction\":[{\"@type\":\"ReadAction\",\"target\":[\"https:\/\/www.nexoinformativo.mx\/index.php\/2025\/05\/23\/equipamiento-de-primera-gobernador-kuri-supervisa-laboratorios-modernos-en-tecnologico-de-san-juan-del-rio\/\"]}]},{\"@type\":\"ImageObject\",\"inLanguage\":\"es\",\"@id\":\"https:\/\/www.nexoinformativo.mx\/index.php\/2025\/05\/23\/equipamiento-de-primera-gobernador-kuri-supervisa-laboratorios-modernos-en-tecnologico-de-san-juan-del-rio\/#primaryimage\",\"url\":\"https:\/\/www.nexoinformativo.mx\/wp-content\/uploads\/2025\/05\/PHOTO-2025-05-23-11-57-02-e1748024203328.jpg\",\"contentUrl\":\"https:\/\/www.nexoinformativo.mx\/wp-content\/uploads\/2025\/05\/PHOTO-2025-05-23-11-57-02-e1748024203328.jpg\",\"width\":800,\"height\":534},{\"@type\":\"BreadcrumbList\",\"@id\":\"https:\/\/www.nexoinformativo.mx\/index.php\/2025\/05\/23\/equipamiento-de-primera-gobernador-kuri-supervisa-laboratorios-modernos-en-tecnologico-de-san-juan-del-rio\/#breadcrumb\",\"itemListElement\":[{\"@type\":\"ListItem\",\"position\":1,\"name\":\"Inicio\",\"item\":\"https:\/\/www.nexoinformativo.mx\/\"},{\"@type\":\"ListItem\",\"position\":2,\"name\":\"Equipamiento de primera Gobernador Kuri supervisa laboratorios modernos en Tecnol\u00f3gico de San Juan del R\u00edo\"}]},{\"@type\":\"WebSite\",\"@id\":\"https:\/\/www.nexoinformativo.mx\/#website\",\"url\":\"https:\/\/www.nexoinformativo.mx\/\",\"name\":\"Nexo Informativo Santiago de Quer\u00e9taro\",\"description\":\"Explora NexoInformativo y convi\u00e9rtete en parte de una comunidad que valora el conocimiento y la verdad. Tu nexoinformativo es tu puente hacia una comprensi\u00f3n m\u00e1s profunda del mundo que te rodea.\",\"publisher\":{\"@id\":\"https:\/\/www.nexoinformativo.mx\/#organization\"},\"potentialAction\":[{\"@type\":\"SearchAction\",\"target\":{\"@type\":\"EntryPoint\",\"urlTemplate\":\"https:\/\/www.nexoinformativo.mx\/?s={search_term_string}\"},\"query-input\":{\"@type\":\"PropertyValueSpecification\",\"valueRequired\":true,\"valueName\":\"search_term_string\"}}],\"inLanguage\":\"es\"},{\"@type\":\"Organization\",\"@id\":\"https:\/\/www.nexoinformativo.mx\/#organization\",\"name\":\"Nexo Informativo Santiago de Quer\u00e9taro\",\"url\":\"https:\/\/www.nexoinformativo.mx\/\",\"logo\":{\"@type\":\"ImageObject\",\"inLanguage\":\"es\",\"@id\":\"https:\/\/www.nexoinformativo.mx\/#\/schema\/logo\/image\/\",\"url\":\"https:\/\/www.nexoinformativo.mx\/wp-content\/uploads\/2024\/07\/nexoi-trasparente-2.png\",\"contentUrl\":\"https:\/\/www.nexoinformativo.mx\/wp-content\/uploads\/2024\/07\/nexoi-trasparente-2.png\",\"width\":816,\"height\":339,\"caption\":\"Nexo Informativo Santiago de Quer\u00e9taro\"},\"image\":{\"@id\":\"https:\/\/www.nexoinformativo.mx\/#\/schema\/logo\/image\/\"},\"sameAs\":[\"https:\/\/www.facebook.com\/people\/Nexo-Informativo\/61564066885511\/\"]},{\"@type\":\"Person\",\"@id\":\"https:\/\/www.nexoinformativo.mx\/#\/schema\/person\/7749d380ba08c8ca00d7bc76fd907b7d\",\"name\":\"Nexo Informativo\",\"image\":{\"@type\":\"ImageObject\",\"inLanguage\":\"es\",\"@id\":\"https:\/\/www.nexoinformativo.mx\/#\/schema\/person\/image\/\",\"url\":\"https:\/\/secure.gravatar.com\/avatar\/dde2928154642a13d95f87ddf1ea9718fe2b46760a005c53e41ff5ad610704e6?s=96&d=mm&r=g\",\"contentUrl\":\"https:\/\/secure.gravatar.com\/avatar\/dde2928154642a13d95f87ddf1ea9718fe2b46760a005c53e41ff5ad610704e6?s=96&d=mm&r=g\",\"caption\":\"Nexo Informativo\"},\"url\":\"https:\/\/www.nexoinformativo.mx\/index.php\/author\/edicion\/\"}]}<\/script>\n<!-- \/ Yoast SEO plugin. -->","yoast_head_json":{"title":"Equipamiento de primera Gobernador Kuri supervisa laboratorios modernos en Tecnol\u00f3gico de San Juan del R\u00edo | Nexo Informativo Santiago de Quer\u00e9taro","description":"Equipamiento de primera Gobernador Kuri supervisa laboratorios modernos en Tecnol\u00f3gico de San Juan del R\u00edo","robots":{"index":"index","follow":"follow","max-snippet":"max-snippet:-1","max-image-preview":"max-image-preview:large","max-video-preview":"max-video-preview:-1"},"canonical":"https:\/\/www.nexoinformativo.mx\/index.php\/2025\/05\/23\/equipamiento-de-primera-gobernador-kuri-supervisa-laboratorios-modernos-en-tecnologico-de-san-juan-del-rio\/","og_locale":"es_MX","og_type":"article","og_title":"Equipamiento de primera Gobernador Kuri supervisa laboratorios modernos en Tecnol\u00f3gico de San Juan del R\u00edo | Nexo Informativo Santiago de Quer\u00e9taro","og_description":"Equipamiento de primera Gobernador Kuri supervisa laboratorios modernos en Tecnol\u00f3gico de San Juan del R\u00edo","og_url":"https:\/\/www.nexoinformativo.mx\/index.php\/2025\/05\/23\/equipamiento-de-primera-gobernador-kuri-supervisa-laboratorios-modernos-en-tecnologico-de-san-juan-del-rio\/","og_site_name":"Nexo Informativo Santiago de Quer\u00e9taro","article_publisher":"https:\/\/www.facebook.com\/people\/Nexo-Informativo\/61564066885511\/","article_published_time":"2025-05-23T17:00:36+00:00","article_modified_time":"2025-05-23T18:17:19+00:00","og_image":[{"width":800,"height":534,"url":"https:\/\/www.nexoinformativo.mx\/wp-content\/uploads\/2025\/05\/PHOTO-2025-05-23-11-57-02-e1748024203328.jpg","type":"image\/jpeg"}],"author":"Nexo Informativo","twitter_card":"summary_large_image","twitter_misc":{"Escrito por":"Nexo Informativo","Tiempo de lectura":"1 minuto"},"schema":{"@context":"https:\/\/schema.org","@graph":[{"@type":"Article","@id":"https:\/\/www.nexoinformativo.mx\/index.php\/2025\/05\/23\/equipamiento-de-primera-gobernador-kuri-supervisa-laboratorios-modernos-en-tecnologico-de-san-juan-del-rio\/#article","isPartOf":{"@id":"https:\/\/www.nexoinformativo.mx\/index.php\/2025\/05\/23\/equipamiento-de-primera-gobernador-kuri-supervisa-laboratorios-modernos-en-tecnologico-de-san-juan-del-rio\/"},"author":{"name":"Nexo Informativo","@id":"https:\/\/www.nexoinformativo.mx\/#\/schema\/person\/7749d380ba08c8ca00d7bc76fd907b7d"},"headline":"Equipamiento de primera Gobernador Kuri supervisa laboratorios modernos en Tecnol\u00f3gico de San Juan del R\u00edo","datePublished":"2025-05-23T17:00:36+00:00","dateModified":"2025-05-23T18:17:19+00:00","mainEntityOfPage":{"@id":"https:\/\/www.nexoinformativo.mx\/index.php\/2025\/05\/23\/equipamiento-de-primera-gobernador-kuri-supervisa-laboratorios-modernos-en-tecnologico-de-san-juan-del-rio\/"},"wordCount":165,"commentCount":0,"publisher":{"@id":"https:\/\/www.nexoinformativo.mx\/#organization"},"image":{"@id":"https:\/\/www.nexoinformativo.mx\/index.php\/2025\/05\/23\/equipamiento-de-primera-gobernador-kuri-supervisa-laboratorios-modernos-en-tecnologico-de-san-juan-del-rio\/#primaryimage"},"thumbnailUrl":"https:\/\/www.nexoinformativo.mx\/wp-content\/uploads\/2025\/05\/PHOTO-2025-05-23-11-57-02-e1748024203328.jpg","keywords":["Educaci\u00f3nQro","ITNMSJR","MauricioKuri","Tecnolog\u00edaEducativa"],"articleSection":["Municipios","\u00daltima Hora"],"inLanguage":"es","potentialAction":[{"@type":"CommentAction","name":"Comment","target":["https:\/\/www.nexoinformativo.mx\/index.php\/2025\/05\/23\/equipamiento-de-primera-gobernador-kuri-supervisa-laboratorios-modernos-en-tecnologico-de-san-juan-del-rio\/#respond"]}]},{"@type":"WebPage","@id":"https:\/\/www.nexoinformativo.mx\/index.php\/2025\/05\/23\/equipamiento-de-primera-gobernador-kuri-supervisa-laboratorios-modernos-en-tecnologico-de-san-juan-del-rio\/","url":"https:\/\/www.nexoinformativo.mx\/index.php\/2025\/05\/23\/equipamiento-de-primera-gobernador-kuri-supervisa-laboratorios-modernos-en-tecnologico-de-san-juan-del-rio\/","name":"Equipamiento de primera Gobernador Kuri supervisa laboratorios modernos en Tecnol\u00f3gico de San Juan del R\u00edo | Nexo Informativo Santiago de Quer\u00e9taro","isPartOf":{"@id":"https:\/\/www.nexoinformativo.mx\/#website"},"primaryImageOfPage":{"@id":"https:\/\/www.nexoinformativo.mx\/index.php\/2025\/05\/23\/equipamiento-de-primera-gobernador-kuri-supervisa-laboratorios-modernos-en-tecnologico-de-san-juan-del-rio\/#primaryimage"},"image":{"@id":"https:\/\/www.nexoinformativo.mx\/index.php\/2025\/05\/23\/equipamiento-de-primera-gobernador-kuri-supervisa-laboratorios-modernos-en-tecnologico-de-san-juan-del-rio\/#primaryimage"},"thumbnailUrl":"https:\/\/www.nexoinformativo.mx\/wp-content\/uploads\/2025\/05\/PHOTO-2025-05-23-11-57-02-e1748024203328.jpg","datePublished":"2025-05-23T17:00:36+00:00","dateModified":"2025-05-23T18:17:19+00:00","description":"Equipamiento de primera Gobernador Kuri supervisa laboratorios modernos en Tecnol\u00f3gico de San Juan del R\u00edo","breadcrumb":{"@id":"https:\/\/www.nexoinformativo.mx\/index.php\/2025\/05\/23\/equipamiento-de-primera-gobernador-kuri-supervisa-laboratorios-modernos-en-tecnologico-de-san-juan-del-rio\/#breadcrumb"},"inLanguage":"es","potentialAction":[{"@type":"ReadAction","target":["https:\/\/www.nexoinformativo.mx\/index.php\/2025\/05\/23\/equipamiento-de-primera-gobernador-kuri-supervisa-laboratorios-modernos-en-tecnologico-de-san-juan-del-rio\/"]}]},{"@type":"ImageObject","inLanguage":"es","@id":"https:\/\/www.nexoinformativo.mx\/index.php\/2025\/05\/23\/equipamiento-de-primera-gobernador-kuri-supervisa-laboratorios-modernos-en-tecnologico-de-san-juan-del-rio\/#primaryimage","url":"https:\/\/www.nexoinformativo.mx\/wp-content\/uploads\/2025\/05\/PHOTO-2025-05-23-11-57-02-e1748024203328.jpg","contentUrl":"https:\/\/www.nexoinformativo.mx\/wp-content\/uploads\/2025\/05\/PHOTO-2025-05-23-11-57-02-e1748024203328.jpg","width":800,"height":534},{"@type":"BreadcrumbList","@id":"https:\/\/www.nexoinformativo.mx\/index.php\/2025\/05\/23\/equipamiento-de-primera-gobernador-kuri-supervisa-laboratorios-modernos-en-tecnologico-de-san-juan-del-rio\/#breadcrumb","itemListElement":[{"@type":"ListItem","position":1,"name":"Inicio","item":"https:\/\/www.nexoinformativo.mx\/"},{"@type":"ListItem","position":2,"name":"Equipamiento de primera Gobernador Kuri supervisa laboratorios modernos en Tecnol\u00f3gico de San Juan del R\u00edo"}]},{"@type":"WebSite","@id":"https:\/\/www.nexoinformativo.mx\/#website","url":"https:\/\/www.nexoinformativo.mx\/","name":"Nexo Informativo Santiago de Quer\u00e9taro","description":"Explora NexoInformativo y convi\u00e9rtete en parte de una comunidad que valora el conocimiento y la verdad. Tu nexoinformativo es tu puente hacia una comprensi\u00f3n m\u00e1s profunda del mundo que te rodea.","publisher":{"@id":"https:\/\/www.nexoinformativo.mx\/#organization"},"potentialAction":[{"@type":"SearchAction","target":{"@type":"EntryPoint","urlTemplate":"https:\/\/www.nexoinformativo.mx\/?s={search_term_string}"},"query-input":{"@type":"PropertyValueSpecification","valueRequired":true,"valueName":"search_term_string"}}],"inLanguage":"es"},{"@type":"Organization","@id":"https:\/\/www.nexoinformativo.mx\/#organization","name":"Nexo Informativo Santiago de Quer\u00e9taro","url":"https:\/\/www.nexoinformativo.mx\/","logo":{"@type":"ImageObject","inLanguage":"es","@id":"https:\/\/www.nexoinformativo.mx\/#\/schema\/logo\/image\/","url":"https:\/\/www.nexoinformativo.mx\/wp-content\/uploads\/2024\/07\/nexoi-trasparente-2.png","contentUrl":"https:\/\/www.nexoinformativo.mx\/wp-content\/uploads\/2024\/07\/nexoi-trasparente-2.png","width":816,"height":339,"caption":"Nexo Informativo Santiago de Quer\u00e9taro"},"image":{"@id":"https:\/\/www.nexoinformativo.mx\/#\/schema\/logo\/image\/"},"sameAs":["https:\/\/www.facebook.com\/people\/Nexo-Informativo\/61564066885511\/"]},{"@type":"Person","@id":"https:\/\/www.nexoinformativo.mx\/#\/schema\/person\/7749d380ba08c8ca00d7bc76fd907b7d","name":"Nexo Informativo","image":{"@type":"ImageObject","inLanguage":"es","@id":"https:\/\/www.nexoinformativo.mx\/#\/schema\/person\/image\/","url":"https:\/\/secure.gravatar.com\/avatar\/dde2928154642a13d95f87ddf1ea9718fe2b46760a005c53e41ff5ad610704e6?s=96&d=mm&r=g","contentUrl":"https:\/\/secure.gravatar.com\/avatar\/dde2928154642a13d95f87ddf1ea9718fe2b46760a005c53e41ff5ad610704e6?s=96&d=mm&r=g","caption":"Nexo Informativo"},"url":"https:\/\/www.nexoinformativo.mx\/index.php\/author\/edicion\/"}]}},"_links":{"self":[{"href":"https:\/\/www.nexoinformativo.mx\/index.php\/wp-json\/wp\/v2\/posts\/15201","targetHints":{"allow":["GET"]}}],"collection":[{"href":"https:\/\/www.nexoinformativo.mx\/index.php\/wp-json\/wp\/v2\/posts"}],"about":[{"href":"https:\/\/www.nexoinformativo.mx\/index.php\/wp-json\/wp\/v2\/types\/post"}],"author":[{"embeddable":true,"href":"https:\/\/www.nexoinformativo.mx\/index.php\/wp-json\/wp\/v2\/users\/3"}],"replies":[{"embeddable":true,"href":"https:\/\/www.nexoinformativo.mx\/index.php\/wp-json\/wp\/v2\/comments?post=15201"}],"version-history":[{"count":3,"href":"https:\/\/www.nexoinformativo.mx\/index.php\/wp-json\/wp\/v2\/posts\/15201\/revisions"}],"predecessor-version":[{"id":15205,"href":"https:\/\/www.nexoinformativo.mx\/index.php\/wp-json\/wp\/v2\/posts\/15201\/revisions\/15205"}],"wp:featuredmedia":[{"embeddable":true,"href":"https:\/\/www.nexoinformativo.mx\/index.php\/wp-json\/wp\/v2\/media\/15202"}],"wp:attachment":[{"href":"https:\/\/www.nexoinformativo.mx\/index.php\/wp-json\/wp\/v2\/media?parent=15201"}],"wp:term":[{"taxonomy":"category","embeddable":true,"href":"https:\/\/www.nexoinformativo.mx\/index.php\/wp-json\/wp\/v2\/categories?post=15201"},{"taxonomy":"post_tag","embeddable":true,"href":"https:\/\/www.nexoinformativo.mx\/index.php\/wp-json\/wp\/v2\/tags?post=15201"}],"curies":[{"name":"wp","href":"https:\/\/api.w.org\/{rel}","templated":true}]}}