{"id":15207,"date":"2025-05-24T06:00:47","date_gmt":"2025-05-24T12:00:47","guid":{"rendered":"https:\/\/www.nexoinformativo.mx\/?p=15207"},"modified":"2025-05-24T09:04:10","modified_gmt":"2025-05-24T15:04:10","slug":"queretaro-declara-urgencia-climatica-gobernador-kuri-impulsa-acciones-contra-el-calentamiento-global","status":"publish","type":"post","link":"https:\/\/www.nexoinformativo.mx\/index.php\/2025\/05\/24\/queretaro-declara-urgencia-climatica-gobernador-kuri-impulsa-acciones-contra-el-calentamiento-global\/","title":{"rendered":"Quer\u00e9taro declara &#8220;urgencia clim\u00e1tica&#8221; Gobernador Kuri impulsa acciones contra el calentamiento global"},"content":{"rendered":"<p style=\"text-align: justify;\" data-sourcepos=\"3:1-3:517\">\u00a1La crisis clim\u00e1tica es una realidad que nos afecta a todos! El gobernador Mauricio Kuri alert\u00f3 que el cambio clim\u00e1tico no es solo un problema ambiental, sino una amenaza directa a las econom\u00edas, infraestructuras y a la cohesi\u00f3n social.<\/p>\n<\/p>\n<p>&nbsp;<\/p>\n<p style=\"text-align: justify;\" data-sourcepos=\"3:1-3:517\">Lo hizo durante la Primera Sesi\u00f3n Ordinaria de la Comisi\u00f3n Estatal de Cambio Clim\u00e1tico, un espacio crucial para coordinar esfuerzos ante uno de los mayores desaf\u00edos de nuestro tiempo.<\/p>\n<\/p>\n<p>&nbsp;<\/p>\n<p style=\"text-align: justify;\" data-sourcepos=\"5:1-5:330\">&#8220;Todos sabemos que el cambio clim\u00e1tico lo sentimos todos los d\u00edas, pero la verdad es que cada vez que salimos a la calle en estos d\u00edas de calor sentimos que nos estamos literalmente quemando, por lo tanto, esto nos concierne a todos, al gobierno, a la sociedad, a las autoridades&#8221;, se\u00f1al\u00f3 Kuri, quien preside la Comisi\u00f3n.<\/p>\n<\/p>\n<p>&nbsp;<\/p>\n<p style=\"text-align: justify;\" data-sourcepos=\"7:1-7:490\">El gobernador enfatiz\u00f3 que la pol\u00edtica clim\u00e1tica de su administraci\u00f3n se basa en un enfoque integral, combinando legislaci\u00f3n, planeaci\u00f3n estrat\u00e9gica, incentivos econ\u00f3micos, cooperaci\u00f3n internacional y participaci\u00f3n ciudadana.<\/p>\n<\/p>\n<p>&nbsp;<\/p>\n<div style=\"text-align: justify;\">Jos\u00e9 Luis Pe\u00f1a R\u00edos, titular de la Procuradur\u00eda Estatal de Medio Ambiente y Desarrollo Urbano, expuso que se han realizado mil 41 inspecciones en todo el estado, generando 476 procedimientos administrativos para mitigar y controlar el cambio clim\u00e1tico.<\/div>\n<\/p>\n<p>&nbsp;<\/p>\n<div style=\"text-align: justify;\"><\/div>\n<div style=\"text-align: justify;\">De estas, 13 inspecciones fueron en \u00e1reas naturales protegidas y se han ejecutado 44 clausuras contra actividades que ponen en riesgo el medio ambiente.<\/div>\n<\/p>\n<p>&nbsp;<\/p>\n<div style=\"text-align: justify;\"><\/div>\n<div style=\"text-align: justify;\">El gobernador Kuri reconoci\u00f3 el &#8220;trabajo heroico&#8221; de las Secretar\u00edas de Gobierno, Desarrollo Sustentable, Agropecuario, Protecci\u00f3n Civil y todos los municipios para mitigar los efectos clim\u00e1ticos.<\/div>\n<\/p>\n<p>&nbsp;<\/p>\n<div style=\"text-align: justify;\"><\/div>\n<div style=\"text-align: justify;\">Subray\u00f3 que sectores como el campo y el turismo son severamente impactados, y las comunidades m\u00e1s vulnerables resienten con mayor dureza estos efectos.<\/div>\n<\/p>\n<p>&nbsp;<\/p>\n<div><\/div>\n<div style=\"text-align: center;\"><em><strong>\u00a1Informaci\u00f3n que transforma!<\/strong><\/em><\/div>\n","protected":false},"excerpt":{"rendered":"<p>\u00a1La crisis clim\u00e1tica es una realidad que nos afecta a todos! El gobernador Mauricio Kuri alert\u00f3 que el cambio clim\u00e1tico no es solo un problema ambiental, sino una amenaza directa a las econom\u00edas, infraestructuras y a la cohesi\u00f3n social.<\/p>\n","protected":false},"author":3,"featured_media":15208,"comment_status":"open","ping_status":"open","sticky":false,"template":"","format":"standard","meta":{"footnotes":""},"categories":[42,58],"tags":[4562,4459,4407,665],"class_list":["post-15207","post","type-post","status-publish","format-standard","has-post-thumbnail","hentry","category-estado","category-ultima-hora","tag-cambioclimaticoqro","tag-kurigobierno","tag-medioambienteqro","tag-queretarosustentable"],"yoast_head":"<!-- This site is optimized with the Yoast SEO plugin v25.0 - https:\/\/yoast.com\/wordpress\/plugins\/seo\/ -->\n<title>Quer\u00e9taro declara &quot;urgencia clim\u00e1tica&quot; Gobernador Kuri impulsa acciones contra el calentamiento global | Nexo Informativo Santiago de Quer\u00e9taro<\/title>\n<meta name=\"description\" content=\"Quer\u00e9taro declara &quot;urgencia clim\u00e1tica&quot; Gobernador Kuri impulsa acciones contra el calentamiento global\" \/>\n<meta name=\"robots\" content=\"index, follow, max-snippet:-1, max-image-preview:large, max-video-preview:-1\" \/>\n<link rel=\"canonical\" href=\"https:\/\/www.nexoinformativo.mx\/index.php\/2025\/05\/24\/queretaro-declara-urgencia-climatica-gobernador-kuri-impulsa-acciones-contra-el-calentamiento-global\/\" \/>\n<meta property=\"og:locale\" content=\"es_MX\" \/>\n<meta property=\"og:type\" content=\"article\" \/>\n<meta property=\"og:title\" content=\"Quer\u00e9taro declara &quot;urgencia clim\u00e1tica&quot; Gobernador Kuri impulsa acciones contra el calentamiento global | Nexo Informativo Santiago de Quer\u00e9taro\" \/>\n<meta property=\"og:description\" content=\"Quer\u00e9taro declara &quot;urgencia clim\u00e1tica&quot; Gobernador Kuri impulsa acciones contra el calentamiento global\" \/>\n<meta property=\"og:url\" content=\"https:\/\/www.nexoinformativo.mx\/index.php\/2025\/05\/24\/queretaro-declara-urgencia-climatica-gobernador-kuri-impulsa-acciones-contra-el-calentamiento-global\/\" \/>\n<meta property=\"og:site_name\" content=\"Nexo Informativo Santiago de Quer\u00e9taro\" \/>\n<meta property=\"article:publisher\" content=\"https:\/\/www.facebook.com\/people\/Nexo-Informativo\/61564066885511\/\" \/>\n<meta property=\"article:published_time\" content=\"2025-05-24T12:00:47+00:00\" \/>\n<meta property=\"article:modified_time\" content=\"2025-05-24T15:04:10+00:00\" \/>\n<meta property=\"og:image\" content=\"https:\/\/www.nexoinformativo.mx\/wp-content\/uploads\/2025\/05\/PHOTO-2025-05-23-15-36-19-e1748098830969.jpg\" \/>\n\t<meta property=\"og:image:width\" content=\"800\" \/>\n\t<meta property=\"og:image:height\" content=\"533\" \/>\n\t<meta property=\"og:image:type\" content=\"image\/jpeg\" \/>\n<meta name=\"author\" content=\"Nexo Informativo\" \/>\n<meta name=\"twitter:card\" content=\"summary_large_image\" \/>\n<meta name=\"twitter:label1\" content=\"Escrito por\" \/>\n\t<meta name=\"twitter:data1\" content=\"Nexo Informativo\" \/>\n\t<meta name=\"twitter:label2\" content=\"Tiempo de lectura\" \/>\n\t<meta name=\"twitter:data2\" content=\"2 minutos\" \/>\n<script type=\"application\/ld+json\" class=\"yoast-schema-graph\">{\"@context\":\"https:\/\/schema.org\",\"@graph\":[{\"@type\":\"Article\",\"@id\":\"https:\/\/www.nexoinformativo.mx\/index.php\/2025\/05\/24\/queretaro-declara-urgencia-climatica-gobernador-kuri-impulsa-acciones-contra-el-calentamiento-global\/#article\",\"isPartOf\":{\"@id\":\"https:\/\/www.nexoinformativo.mx\/index.php\/2025\/05\/24\/queretaro-declara-urgencia-climatica-gobernador-kuri-impulsa-acciones-contra-el-calentamiento-global\/\"},\"author\":{\"name\":\"Nexo Informativo\",\"@id\":\"https:\/\/www.nexoinformativo.mx\/#\/schema\/person\/7749d380ba08c8ca00d7bc76fd907b7d\"},\"headline\":\"Quer\u00e9taro declara &#8220;urgencia clim\u00e1tica&#8221; Gobernador Kuri impulsa acciones contra el calentamiento global\",\"datePublished\":\"2025-05-24T12:00:47+00:00\",\"dateModified\":\"2025-05-24T15:04:10+00:00\",\"mainEntityOfPage\":{\"@id\":\"https:\/\/www.nexoinformativo.mx\/index.php\/2025\/05\/24\/queretaro-declara-urgencia-climatica-gobernador-kuri-impulsa-acciones-contra-el-calentamiento-global\/\"},\"wordCount\":314,\"commentCount\":0,\"publisher\":{\"@id\":\"https:\/\/www.nexoinformativo.mx\/#organization\"},\"image\":{\"@id\":\"https:\/\/www.nexoinformativo.mx\/index.php\/2025\/05\/24\/queretaro-declara-urgencia-climatica-gobernador-kuri-impulsa-acciones-contra-el-calentamiento-global\/#primaryimage\"},\"thumbnailUrl\":\"https:\/\/www.nexoinformativo.mx\/wp-content\/uploads\/2025\/05\/PHOTO-2025-05-23-15-36-19-e1748098830969.jpg\",\"keywords\":[\"CambioClim\u00e1ticoQro\",\"KuriGobierno\",\"MedioAmbienteQro\",\"Quer\u00e9taroSustentable\"],\"articleSection\":[\"Estado\",\"\u00daltima Hora\"],\"inLanguage\":\"es\",\"potentialAction\":[{\"@type\":\"CommentAction\",\"name\":\"Comment\",\"target\":[\"https:\/\/www.nexoinformativo.mx\/index.php\/2025\/05\/24\/queretaro-declara-urgencia-climatica-gobernador-kuri-impulsa-acciones-contra-el-calentamiento-global\/#respond\"]}]},{\"@type\":\"WebPage\",\"@id\":\"https:\/\/www.nexoinformativo.mx\/index.php\/2025\/05\/24\/queretaro-declara-urgencia-climatica-gobernador-kuri-impulsa-acciones-contra-el-calentamiento-global\/\",\"url\":\"https:\/\/www.nexoinformativo.mx\/index.php\/2025\/05\/24\/queretaro-declara-urgencia-climatica-gobernador-kuri-impulsa-acciones-contra-el-calentamiento-global\/\",\"name\":\"Quer\u00e9taro declara \\\"urgencia clim\u00e1tica\\\" Gobernador Kuri impulsa acciones contra el calentamiento global | Nexo Informativo Santiago de Quer\u00e9taro\",\"isPartOf\":{\"@id\":\"https:\/\/www.nexoinformativo.mx\/#website\"},\"primaryImageOfPage\":{\"@id\":\"https:\/\/www.nexoinformativo.mx\/index.php\/2025\/05\/24\/queretaro-declara-urgencia-climatica-gobernador-kuri-impulsa-acciones-contra-el-calentamiento-global\/#primaryimage\"},\"image\":{\"@id\":\"https:\/\/www.nexoinformativo.mx\/index.php\/2025\/05\/24\/queretaro-declara-urgencia-climatica-gobernador-kuri-impulsa-acciones-contra-el-calentamiento-global\/#primaryimage\"},\"thumbnailUrl\":\"https:\/\/www.nexoinformativo.mx\/wp-content\/uploads\/2025\/05\/PHOTO-2025-05-23-15-36-19-e1748098830969.jpg\",\"datePublished\":\"2025-05-24T12:00:47+00:00\",\"dateModified\":\"2025-05-24T15:04:10+00:00\",\"description\":\"Quer\u00e9taro declara \\\"urgencia clim\u00e1tica\\\" Gobernador Kuri impulsa acciones contra el calentamiento global\",\"breadcrumb\":{\"@id\":\"https:\/\/www.nexoinformativo.mx\/index.php\/2025\/05\/24\/queretaro-declara-urgencia-climatica-gobernador-kuri-impulsa-acciones-contra-el-calentamiento-global\/#breadcrumb\"},\"inLanguage\":\"es\",\"potentialAction\":[{\"@type\":\"ReadAction\",\"target\":[\"https:\/\/www.nexoinformativo.mx\/index.php\/2025\/05\/24\/queretaro-declara-urgencia-climatica-gobernador-kuri-impulsa-acciones-contra-el-calentamiento-global\/\"]}]},{\"@type\":\"ImageObject\",\"inLanguage\":\"es\",\"@id\":\"https:\/\/www.nexoinformativo.mx\/index.php\/2025\/05\/24\/queretaro-declara-urgencia-climatica-gobernador-kuri-impulsa-acciones-contra-el-calentamiento-global\/#primaryimage\",\"url\":\"https:\/\/www.nexoinformativo.mx\/wp-content\/uploads\/2025\/05\/PHOTO-2025-05-23-15-36-19-e1748098830969.jpg\",\"contentUrl\":\"https:\/\/www.nexoinformativo.mx\/wp-content\/uploads\/2025\/05\/PHOTO-2025-05-23-15-36-19-e1748098830969.jpg\",\"width\":800,\"height\":533},{\"@type\":\"BreadcrumbList\",\"@id\":\"https:\/\/www.nexoinformativo.mx\/index.php\/2025\/05\/24\/queretaro-declara-urgencia-climatica-gobernador-kuri-impulsa-acciones-contra-el-calentamiento-global\/#breadcrumb\",\"itemListElement\":[{\"@type\":\"ListItem\",\"position\":1,\"name\":\"Inicio\",\"item\":\"https:\/\/www.nexoinformativo.mx\/\"},{\"@type\":\"ListItem\",\"position\":2,\"name\":\"Quer\u00e9taro declara &#8220;urgencia clim\u00e1tica&#8221; Gobernador Kuri impulsa acciones contra el calentamiento global\"}]},{\"@type\":\"WebSite\",\"@id\":\"https:\/\/www.nexoinformativo.mx\/#website\",\"url\":\"https:\/\/www.nexoinformativo.mx\/\",\"name\":\"Nexo Informativo Santiago de Quer\u00e9taro\",\"description\":\"Explora NexoInformativo y convi\u00e9rtete en parte de una comunidad que valora el conocimiento y la verdad. Tu nexoinformativo es tu puente hacia una comprensi\u00f3n m\u00e1s profunda del mundo que te rodea.\",\"publisher\":{\"@id\":\"https:\/\/www.nexoinformativo.mx\/#organization\"},\"potentialAction\":[{\"@type\":\"SearchAction\",\"target\":{\"@type\":\"EntryPoint\",\"urlTemplate\":\"https:\/\/www.nexoinformativo.mx\/?s={search_term_string}\"},\"query-input\":{\"@type\":\"PropertyValueSpecification\",\"valueRequired\":true,\"valueName\":\"search_term_string\"}}],\"inLanguage\":\"es\"},{\"@type\":\"Organization\",\"@id\":\"https:\/\/www.nexoinformativo.mx\/#organization\",\"name\":\"Nexo Informativo Santiago de Quer\u00e9taro\",\"url\":\"https:\/\/www.nexoinformativo.mx\/\",\"logo\":{\"@type\":\"ImageObject\",\"inLanguage\":\"es\",\"@id\":\"https:\/\/www.nexoinformativo.mx\/#\/schema\/logo\/image\/\",\"url\":\"https:\/\/www.nexoinformativo.mx\/wp-content\/uploads\/2024\/07\/nexoi-trasparente-2.png\",\"contentUrl\":\"https:\/\/www.nexoinformativo.mx\/wp-content\/uploads\/2024\/07\/nexoi-trasparente-2.png\",\"width\":816,\"height\":339,\"caption\":\"Nexo Informativo Santiago de Quer\u00e9taro\"},\"image\":{\"@id\":\"https:\/\/www.nexoinformativo.mx\/#\/schema\/logo\/image\/\"},\"sameAs\":[\"https:\/\/www.facebook.com\/people\/Nexo-Informativo\/61564066885511\/\"]},{\"@type\":\"Person\",\"@id\":\"https:\/\/www.nexoinformativo.mx\/#\/schema\/person\/7749d380ba08c8ca00d7bc76fd907b7d\",\"name\":\"Nexo Informativo\",\"image\":{\"@type\":\"ImageObject\",\"inLanguage\":\"es\",\"@id\":\"https:\/\/www.nexoinformativo.mx\/#\/schema\/person\/image\/\",\"url\":\"https:\/\/secure.gravatar.com\/avatar\/dde2928154642a13d95f87ddf1ea9718fe2b46760a005c53e41ff5ad610704e6?s=96&d=mm&r=g\",\"contentUrl\":\"https:\/\/secure.gravatar.com\/avatar\/dde2928154642a13d95f87ddf1ea9718fe2b46760a005c53e41ff5ad610704e6?s=96&d=mm&r=g\",\"caption\":\"Nexo Informativo\"},\"url\":\"https:\/\/www.nexoinformativo.mx\/index.php\/author\/edicion\/\"}]}<\/script>\n<!-- \/ Yoast SEO plugin. -->","yoast_head_json":{"title":"Quer\u00e9taro declara \"urgencia clim\u00e1tica\" Gobernador Kuri impulsa acciones contra el calentamiento global | Nexo Informativo Santiago de Quer\u00e9taro","description":"Quer\u00e9taro declara \"urgencia clim\u00e1tica\" Gobernador Kuri impulsa acciones contra el calentamiento global","robots":{"index":"index","follow":"follow","max-snippet":"max-snippet:-1","max-image-preview":"max-image-preview:large","max-video-preview":"max-video-preview:-1"},"canonical":"https:\/\/www.nexoinformativo.mx\/index.php\/2025\/05\/24\/queretaro-declara-urgencia-climatica-gobernador-kuri-impulsa-acciones-contra-el-calentamiento-global\/","og_locale":"es_MX","og_type":"article","og_title":"Quer\u00e9taro declara \"urgencia clim\u00e1tica\" Gobernador Kuri impulsa acciones contra el calentamiento global | Nexo Informativo Santiago de Quer\u00e9taro","og_description":"Quer\u00e9taro declara \"urgencia clim\u00e1tica\" Gobernador Kuri impulsa acciones contra el calentamiento global","og_url":"https:\/\/www.nexoinformativo.mx\/index.php\/2025\/05\/24\/queretaro-declara-urgencia-climatica-gobernador-kuri-impulsa-acciones-contra-el-calentamiento-global\/","og_site_name":"Nexo Informativo Santiago de Quer\u00e9taro","article_publisher":"https:\/\/www.facebook.com\/people\/Nexo-Informativo\/61564066885511\/","article_published_time":"2025-05-24T12:00:47+00:00","article_modified_time":"2025-05-24T15:04:10+00:00","og_image":[{"width":800,"height":533,"url":"https:\/\/www.nexoinformativo.mx\/wp-content\/uploads\/2025\/05\/PHOTO-2025-05-23-15-36-19-e1748098830969.jpg","type":"image\/jpeg"}],"author":"Nexo Informativo","twitter_card":"summary_large_image","twitter_misc":{"Escrito por":"Nexo Informativo","Tiempo de lectura":"2 minutos"},"schema":{"@context":"https:\/\/schema.org","@graph":[{"@type":"Article","@id":"https:\/\/www.nexoinformativo.mx\/index.php\/2025\/05\/24\/queretaro-declara-urgencia-climatica-gobernador-kuri-impulsa-acciones-contra-el-calentamiento-global\/#article","isPartOf":{"@id":"https:\/\/www.nexoinformativo.mx\/index.php\/2025\/05\/24\/queretaro-declara-urgencia-climatica-gobernador-kuri-impulsa-acciones-contra-el-calentamiento-global\/"},"author":{"name":"Nexo Informativo","@id":"https:\/\/www.nexoinformativo.mx\/#\/schema\/person\/7749d380ba08c8ca00d7bc76fd907b7d"},"headline":"Quer\u00e9taro declara &#8220;urgencia clim\u00e1tica&#8221; Gobernador Kuri impulsa acciones contra el calentamiento global","datePublished":"2025-05-24T12:00:47+00:00","dateModified":"2025-05-24T15:04:10+00:00","mainEntityOfPage":{"@id":"https:\/\/www.nexoinformativo.mx\/index.php\/2025\/05\/24\/queretaro-declara-urgencia-climatica-gobernador-kuri-impulsa-acciones-contra-el-calentamiento-global\/"},"wordCount":314,"commentCount":0,"publisher":{"@id":"https:\/\/www.nexoinformativo.mx\/#organization"},"image":{"@id":"https:\/\/www.nexoinformativo.mx\/index.php\/2025\/05\/24\/queretaro-declara-urgencia-climatica-gobernador-kuri-impulsa-acciones-contra-el-calentamiento-global\/#primaryimage"},"thumbnailUrl":"https:\/\/www.nexoinformativo.mx\/wp-content\/uploads\/2025\/05\/PHOTO-2025-05-23-15-36-19-e1748098830969.jpg","keywords":["CambioClim\u00e1ticoQro","KuriGobierno","MedioAmbienteQro","Quer\u00e9taroSustentable"],"articleSection":["Estado","\u00daltima Hora"],"inLanguage":"es","potentialAction":[{"@type":"CommentAction","name":"Comment","target":["https:\/\/www.nexoinformativo.mx\/index.php\/2025\/05\/24\/queretaro-declara-urgencia-climatica-gobernador-kuri-impulsa-acciones-contra-el-calentamiento-global\/#respond"]}]},{"@type":"WebPage","@id":"https:\/\/www.nexoinformativo.mx\/index.php\/2025\/05\/24\/queretaro-declara-urgencia-climatica-gobernador-kuri-impulsa-acciones-contra-el-calentamiento-global\/","url":"https:\/\/www.nexoinformativo.mx\/index.php\/2025\/05\/24\/queretaro-declara-urgencia-climatica-gobernador-kuri-impulsa-acciones-contra-el-calentamiento-global\/","name":"Quer\u00e9taro declara \"urgencia clim\u00e1tica\" Gobernador Kuri impulsa acciones contra el calentamiento global | Nexo Informativo Santiago de Quer\u00e9taro","isPartOf":{"@id":"https:\/\/www.nexoinformativo.mx\/#website"},"primaryImageOfPage":{"@id":"https:\/\/www.nexoinformativo.mx\/index.php\/2025\/05\/24\/queretaro-declara-urgencia-climatica-gobernador-kuri-impulsa-acciones-contra-el-calentamiento-global\/#primaryimage"},"image":{"@id":"https:\/\/www.nexoinformativo.mx\/index.php\/2025\/05\/24\/queretaro-declara-urgencia-climatica-gobernador-kuri-impulsa-acciones-contra-el-calentamiento-global\/#primaryimage"},"thumbnailUrl":"https:\/\/www.nexoinformativo.mx\/wp-content\/uploads\/2025\/05\/PHOTO-2025-05-23-15-36-19-e1748098830969.jpg","datePublished":"2025-05-24T12:00:47+00:00","dateModified":"2025-05-24T15:04:10+00:00","description":"Quer\u00e9taro declara \"urgencia clim\u00e1tica\" Gobernador Kuri impulsa acciones contra el calentamiento global","breadcrumb":{"@id":"https:\/\/www.nexoinformativo.mx\/index.php\/2025\/05\/24\/queretaro-declara-urgencia-climatica-gobernador-kuri-impulsa-acciones-contra-el-calentamiento-global\/#breadcrumb"},"inLanguage":"es","potentialAction":[{"@type":"ReadAction","target":["https:\/\/www.nexoinformativo.mx\/index.php\/2025\/05\/24\/queretaro-declara-urgencia-climatica-gobernador-kuri-impulsa-acciones-contra-el-calentamiento-global\/"]}]},{"@type":"ImageObject","inLanguage":"es","@id":"https:\/\/www.nexoinformativo.mx\/index.php\/2025\/05\/24\/queretaro-declara-urgencia-climatica-gobernador-kuri-impulsa-acciones-contra-el-calentamiento-global\/#primaryimage","url":"https:\/\/www.nexoinformativo.mx\/wp-content\/uploads\/2025\/05\/PHOTO-2025-05-23-15-36-19-e1748098830969.jpg","contentUrl":"https:\/\/www.nexoinformativo.mx\/wp-content\/uploads\/2025\/05\/PHOTO-2025-05-23-15-36-19-e1748098830969.jpg","width":800,"height":533},{"@type":"BreadcrumbList","@id":"https:\/\/www.nexoinformativo.mx\/index.php\/2025\/05\/24\/queretaro-declara-urgencia-climatica-gobernador-kuri-impulsa-acciones-contra-el-calentamiento-global\/#breadcrumb","itemListElement":[{"@type":"ListItem","position":1,"name":"Inicio","item":"https:\/\/www.nexoinformativo.mx\/"},{"@type":"ListItem","position":2,"name":"Quer\u00e9taro declara &#8220;urgencia clim\u00e1tica&#8221; Gobernador Kuri impulsa acciones contra el calentamiento global"}]},{"@type":"WebSite","@id":"https:\/\/www.nexoinformativo.mx\/#website","url":"https:\/\/www.nexoinformativo.mx\/","name":"Nexo Informativo Santiago de Quer\u00e9taro","description":"Explora NexoInformativo y convi\u00e9rtete en parte de una comunidad que valora el conocimiento y la verdad. Tu nexoinformativo es tu puente hacia una comprensi\u00f3n m\u00e1s profunda del mundo que te rodea.","publisher":{"@id":"https:\/\/www.nexoinformativo.mx\/#organization"},"potentialAction":[{"@type":"SearchAction","target":{"@type":"EntryPoint","urlTemplate":"https:\/\/www.nexoinformativo.mx\/?s={search_term_string}"},"query-input":{"@type":"PropertyValueSpecification","valueRequired":true,"valueName":"search_term_string"}}],"inLanguage":"es"},{"@type":"Organization","@id":"https:\/\/www.nexoinformativo.mx\/#organization","name":"Nexo Informativo Santiago de Quer\u00e9taro","url":"https:\/\/www.nexoinformativo.mx\/","logo":{"@type":"ImageObject","inLanguage":"es","@id":"https:\/\/www.nexoinformativo.mx\/#\/schema\/logo\/image\/","url":"https:\/\/www.nexoinformativo.mx\/wp-content\/uploads\/2024\/07\/nexoi-trasparente-2.png","contentUrl":"https:\/\/www.nexoinformativo.mx\/wp-content\/uploads\/2024\/07\/nexoi-trasparente-2.png","width":816,"height":339,"caption":"Nexo Informativo Santiago de Quer\u00e9taro"},"image":{"@id":"https:\/\/www.nexoinformativo.mx\/#\/schema\/logo\/image\/"},"sameAs":["https:\/\/www.facebook.com\/people\/Nexo-Informativo\/61564066885511\/"]},{"@type":"Person","@id":"https:\/\/www.nexoinformativo.mx\/#\/schema\/person\/7749d380ba08c8ca00d7bc76fd907b7d","name":"Nexo Informativo","image":{"@type":"ImageObject","inLanguage":"es","@id":"https:\/\/www.nexoinformativo.mx\/#\/schema\/person\/image\/","url":"https:\/\/secure.gravatar.com\/avatar\/dde2928154642a13d95f87ddf1ea9718fe2b46760a005c53e41ff5ad610704e6?s=96&d=mm&r=g","contentUrl":"https:\/\/secure.gravatar.com\/avatar\/dde2928154642a13d95f87ddf1ea9718fe2b46760a005c53e41ff5ad610704e6?s=96&d=mm&r=g","caption":"Nexo Informativo"},"url":"https:\/\/www.nexoinformativo.mx\/index.php\/author\/edicion\/"}]}},"_links":{"self":[{"href":"https:\/\/www.nexoinformativo.mx\/index.php\/wp-json\/wp\/v2\/posts\/15207","targetHints":{"allow":["GET"]}}],"collection":[{"href":"https:\/\/www.nexoinformativo.mx\/index.php\/wp-json\/wp\/v2\/posts"}],"about":[{"href":"https:\/\/www.nexoinformativo.mx\/index.php\/wp-json\/wp\/v2\/types\/post"}],"author":[{"embeddable":true,"href":"https:\/\/www.nexoinformativo.mx\/index.php\/wp-json\/wp\/v2\/users\/3"}],"replies":[{"embeddable":true,"href":"https:\/\/www.nexoinformativo.mx\/index.php\/wp-json\/wp\/v2\/comments?post=15207"}],"version-history":[{"count":3,"href":"https:\/\/www.nexoinformativo.mx\/index.php\/wp-json\/wp\/v2\/posts\/15207\/revisions"}],"predecessor-version":[{"id":15210,"href":"https:\/\/www.nexoinformativo.mx\/index.php\/wp-json\/wp\/v2\/posts\/15207\/revisions\/15210"}],"wp:featuredmedia":[{"embeddable":true,"href":"https:\/\/www.nexoinformativo.mx\/index.php\/wp-json\/wp\/v2\/media\/15208"}],"wp:attachment":[{"href":"https:\/\/www.nexoinformativo.mx\/index.php\/wp-json\/wp\/v2\/media?parent=15207"}],"wp:term":[{"taxonomy":"category","embeddable":true,"href":"https:\/\/www.nexoinformativo.mx\/index.php\/wp-json\/wp\/v2\/categories?post=15207"},{"taxonomy":"post_tag","embeddable":true,"href":"https:\/\/www.nexoinformativo.mx\/index.php\/wp-json\/wp\/v2\/tags?post=15207"}],"curies":[{"name":"wp","href":"https:\/\/api.w.org\/{rel}","templated":true}]}}