{"id":15212,"date":"2025-05-24T06:30:23","date_gmt":"2025-05-24T12:30:23","guid":{"rendered":"https:\/\/www.nexoinformativo.mx\/?p=15212"},"modified":"2025-05-24T09:07:40","modified_gmt":"2025-05-24T15:07:40","slug":"proteccion-civil-advierte-lluvias-intensas-y-posible-granizo-este-fin-de-semana","status":"publish","type":"post","link":"https:\/\/www.nexoinformativo.mx\/index.php\/2025\/05\/24\/proteccion-civil-advierte-lluvias-intensas-y-posible-granizo-este-fin-de-semana\/","title":{"rendered":"Protecci\u00f3n Civil advierte lluvias intensas y posible granizo este fin de semana"},"content":{"rendered":"<p style=\"text-align: justify;\" data-sourcepos=\"3:1-3:258\">\u00a1Toma precauciones! La Coordinaci\u00f3n Estatal de Protecci\u00f3n Civil de Quer\u00e9taro ha emitido una alerta por el pron\u00f3stico de lluvias intensas y posible ca\u00edda de granizo durante este fin de semana.<\/p>\n<p>&nbsp;<\/p>\n<p style=\"text-align: justify;\" data-sourcepos=\"5:1-5:351\">El titular de la dependencia, Javier Amaya, hizo un llamado a la ciudadan\u00eda a extremar precauciones, especialmente para el domingo, cuando se esperan las condiciones meteorol\u00f3gicas m\u00e1s severas. &#8220;Para el domingo es cuando tenemos el pron\u00f3stico m\u00e1s fuerte, entonces hay que manejar con cuidado. Si no tienen por qu\u00e9 salir, no salgan&#8221;, recomend\u00f3.<\/p>\n<p>&nbsp;<\/p>\n<p style=\"text-align: justify;\" data-sourcepos=\"7:1-7:403\">Amaya se\u00f1al\u00f3 que los encharcamientos que se han presentado en la zona metropolitana se deben, en gran parte, a la acumulaci\u00f3n de basura en las rejillas pluviales.<\/p>\n<p>&nbsp;<\/p>\n<p style=\"text-align: justify;\" data-sourcepos=\"7:1-7:403\">Por ello, exhort\u00f3 a la poblaci\u00f3n a no sacar la basura durante las lluvias, ya que esto obstruye el drenaje y provoca inundaciones. &#8220;Hemos detectado otra vez que se acumula basura en la rejilla y eso provoca encharcamientos&#8221;, indic\u00f3.<\/p>\n<p>&nbsp;<\/p>\n<p style=\"text-align: justify;\" data-sourcepos=\"9:1-9:180\">Finalmente, Protecci\u00f3n Civil pidi\u00f3 a la poblaci\u00f3n mantenerse informada a trav\u00e9s de los canales oficiales y reportar cualquier situaci\u00f3n de riesgo al n\u00famero de emergencia 9-1-1.<\/p>\n<p>&nbsp;<\/p>\n<p style=\"text-align: center;\" data-sourcepos=\"9:1-9:180\"><em><strong>\u00a1Informaci\u00f3n que transforma!<\/strong><\/em><\/p>\n","protected":false},"excerpt":{"rendered":"<p>\u00a1Toma precauciones! La Coordinaci\u00f3n Estatal de Protecci\u00f3n Civil de Quer\u00e9taro ha emitido una alerta por el pron\u00f3stico de lluvias intensas y posible ca\u00edda de granizo durante este fin de semana.<\/p>\n","protected":false},"author":3,"featured_media":15213,"comment_status":"open","ping_status":"open","sticky":false,"template":"","format":"standard","meta":{"footnotes":""},"categories":[42,58],"tags":[2791,4563,268,133],"class_list":["post-15212","post","type-post","status-publish","format-standard","has-post-thumbnail","hentry","category-estado","category-ultima-hora","tag-alertameteorologica","tag-lluviasqro","tag-proteccioncivilqro","tag-queretaro"],"yoast_head":"<!-- This site is optimized with the Yoast SEO plugin v25.0 - https:\/\/yoast.com\/wordpress\/plugins\/seo\/ -->\n<title>Protecci\u00f3n Civil advierte lluvias intensas y posible granizo este fin de semana | Nexo Informativo Santiago de Quer\u00e9taro<\/title>\n<meta name=\"description\" content=\"Protecci\u00f3n Civil advierte lluvias intensas y posible granizo este fin de semana\" \/>\n<meta name=\"robots\" content=\"index, follow, max-snippet:-1, max-image-preview:large, max-video-preview:-1\" \/>\n<link rel=\"canonical\" href=\"https:\/\/www.nexoinformativo.mx\/index.php\/2025\/05\/24\/proteccion-civil-advierte-lluvias-intensas-y-posible-granizo-este-fin-de-semana\/\" \/>\n<meta property=\"og:locale\" content=\"es_MX\" \/>\n<meta property=\"og:type\" content=\"article\" \/>\n<meta property=\"og:title\" content=\"Protecci\u00f3n Civil advierte lluvias intensas y posible granizo este fin de semana | Nexo Informativo Santiago de Quer\u00e9taro\" \/>\n<meta property=\"og:description\" content=\"Protecci\u00f3n Civil advierte lluvias intensas y posible granizo este fin de semana\" \/>\n<meta property=\"og:url\" content=\"https:\/\/www.nexoinformativo.mx\/index.php\/2025\/05\/24\/proteccion-civil-advierte-lluvias-intensas-y-posible-granizo-este-fin-de-semana\/\" \/>\n<meta property=\"og:site_name\" content=\"Nexo Informativo Santiago de Quer\u00e9taro\" \/>\n<meta property=\"article:publisher\" content=\"https:\/\/www.facebook.com\/people\/Nexo-Informativo\/61564066885511\/\" \/>\n<meta property=\"article:published_time\" content=\"2025-05-24T12:30:23+00:00\" \/>\n<meta property=\"article:modified_time\" content=\"2025-05-24T15:07:40+00:00\" \/>\n<meta property=\"og:image\" content=\"https:\/\/www.nexoinformativo.mx\/wp-content\/uploads\/2025\/05\/PHOTO-2025-05-23-15-37-42-e1748099193731.jpg\" \/>\n\t<meta property=\"og:image:width\" content=\"800\" \/>\n\t<meta property=\"og:image:height\" content=\"600\" \/>\n\t<meta property=\"og:image:type\" content=\"image\/jpeg\" \/>\n<meta name=\"author\" content=\"Nexo Informativo\" \/>\n<meta name=\"twitter:card\" content=\"summary_large_image\" \/>\n<meta name=\"twitter:label1\" content=\"Escrito por\" \/>\n\t<meta name=\"twitter:data1\" content=\"Nexo Informativo\" \/>\n\t<meta name=\"twitter:label2\" content=\"Tiempo de lectura\" \/>\n\t<meta name=\"twitter:data2\" content=\"2 minutos\" \/>\n<script type=\"application\/ld+json\" class=\"yoast-schema-graph\">{\"@context\":\"https:\/\/schema.org\",\"@graph\":[{\"@type\":\"Article\",\"@id\":\"https:\/\/www.nexoinformativo.mx\/index.php\/2025\/05\/24\/proteccion-civil-advierte-lluvias-intensas-y-posible-granizo-este-fin-de-semana\/#article\",\"isPartOf\":{\"@id\":\"https:\/\/www.nexoinformativo.mx\/index.php\/2025\/05\/24\/proteccion-civil-advierte-lluvias-intensas-y-posible-granizo-este-fin-de-semana\/\"},\"author\":{\"name\":\"Nexo Informativo\",\"@id\":\"https:\/\/www.nexoinformativo.mx\/#\/schema\/person\/7749d380ba08c8ca00d7bc76fd907b7d\"},\"headline\":\"Protecci\u00f3n Civil advierte lluvias intensas y posible granizo este fin de semana\",\"datePublished\":\"2025-05-24T12:30:23+00:00\",\"dateModified\":\"2025-05-24T15:07:40+00:00\",\"mainEntityOfPage\":{\"@id\":\"https:\/\/www.nexoinformativo.mx\/index.php\/2025\/05\/24\/proteccion-civil-advierte-lluvias-intensas-y-posible-granizo-este-fin-de-semana\/\"},\"wordCount\":216,\"commentCount\":0,\"publisher\":{\"@id\":\"https:\/\/www.nexoinformativo.mx\/#organization\"},\"image\":{\"@id\":\"https:\/\/www.nexoinformativo.mx\/index.php\/2025\/05\/24\/proteccion-civil-advierte-lluvias-intensas-y-posible-granizo-este-fin-de-semana\/#primaryimage\"},\"thumbnailUrl\":\"https:\/\/www.nexoinformativo.mx\/wp-content\/uploads\/2025\/05\/PHOTO-2025-05-23-15-37-42-e1748099193731.jpg\",\"keywords\":[\"AlertaMeteorol\u00f3gica\",\"LluviasQro\",\"ProteccionCivilQro\",\"Quer\u00e9taro\"],\"articleSection\":[\"Estado\",\"\u00daltima Hora\"],\"inLanguage\":\"es\",\"potentialAction\":[{\"@type\":\"CommentAction\",\"name\":\"Comment\",\"target\":[\"https:\/\/www.nexoinformativo.mx\/index.php\/2025\/05\/24\/proteccion-civil-advierte-lluvias-intensas-y-posible-granizo-este-fin-de-semana\/#respond\"]}]},{\"@type\":\"WebPage\",\"@id\":\"https:\/\/www.nexoinformativo.mx\/index.php\/2025\/05\/24\/proteccion-civil-advierte-lluvias-intensas-y-posible-granizo-este-fin-de-semana\/\",\"url\":\"https:\/\/www.nexoinformativo.mx\/index.php\/2025\/05\/24\/proteccion-civil-advierte-lluvias-intensas-y-posible-granizo-este-fin-de-semana\/\",\"name\":\"Protecci\u00f3n Civil advierte lluvias intensas y posible granizo este fin de semana | Nexo Informativo Santiago de Quer\u00e9taro\",\"isPartOf\":{\"@id\":\"https:\/\/www.nexoinformativo.mx\/#website\"},\"primaryImageOfPage\":{\"@id\":\"https:\/\/www.nexoinformativo.mx\/index.php\/2025\/05\/24\/proteccion-civil-advierte-lluvias-intensas-y-posible-granizo-este-fin-de-semana\/#primaryimage\"},\"image\":{\"@id\":\"https:\/\/www.nexoinformativo.mx\/index.php\/2025\/05\/24\/proteccion-civil-advierte-lluvias-intensas-y-posible-granizo-este-fin-de-semana\/#primaryimage\"},\"thumbnailUrl\":\"https:\/\/www.nexoinformativo.mx\/wp-content\/uploads\/2025\/05\/PHOTO-2025-05-23-15-37-42-e1748099193731.jpg\",\"datePublished\":\"2025-05-24T12:30:23+00:00\",\"dateModified\":\"2025-05-24T15:07:40+00:00\",\"description\":\"Protecci\u00f3n Civil advierte lluvias intensas y posible granizo este fin de semana\",\"breadcrumb\":{\"@id\":\"https:\/\/www.nexoinformativo.mx\/index.php\/2025\/05\/24\/proteccion-civil-advierte-lluvias-intensas-y-posible-granizo-este-fin-de-semana\/#breadcrumb\"},\"inLanguage\":\"es\",\"potentialAction\":[{\"@type\":\"ReadAction\",\"target\":[\"https:\/\/www.nexoinformativo.mx\/index.php\/2025\/05\/24\/proteccion-civil-advierte-lluvias-intensas-y-posible-granizo-este-fin-de-semana\/\"]}]},{\"@type\":\"ImageObject\",\"inLanguage\":\"es\",\"@id\":\"https:\/\/www.nexoinformativo.mx\/index.php\/2025\/05\/24\/proteccion-civil-advierte-lluvias-intensas-y-posible-granizo-este-fin-de-semana\/#primaryimage\",\"url\":\"https:\/\/www.nexoinformativo.mx\/wp-content\/uploads\/2025\/05\/PHOTO-2025-05-23-15-37-42-e1748099193731.jpg\",\"contentUrl\":\"https:\/\/www.nexoinformativo.mx\/wp-content\/uploads\/2025\/05\/PHOTO-2025-05-23-15-37-42-e1748099193731.jpg\",\"width\":800,\"height\":600},{\"@type\":\"BreadcrumbList\",\"@id\":\"https:\/\/www.nexoinformativo.mx\/index.php\/2025\/05\/24\/proteccion-civil-advierte-lluvias-intensas-y-posible-granizo-este-fin-de-semana\/#breadcrumb\",\"itemListElement\":[{\"@type\":\"ListItem\",\"position\":1,\"name\":\"Inicio\",\"item\":\"https:\/\/www.nexoinformativo.mx\/\"},{\"@type\":\"ListItem\",\"position\":2,\"name\":\"Protecci\u00f3n Civil advierte lluvias intensas y posible granizo este fin de semana\"}]},{\"@type\":\"WebSite\",\"@id\":\"https:\/\/www.nexoinformativo.mx\/#website\",\"url\":\"https:\/\/www.nexoinformativo.mx\/\",\"name\":\"Nexo Informativo Santiago de Quer\u00e9taro\",\"description\":\"Explora NexoInformativo y convi\u00e9rtete en parte de una comunidad que valora el conocimiento y la verdad. Tu nexoinformativo es tu puente hacia una comprensi\u00f3n m\u00e1s profunda del mundo que te rodea.\",\"publisher\":{\"@id\":\"https:\/\/www.nexoinformativo.mx\/#organization\"},\"potentialAction\":[{\"@type\":\"SearchAction\",\"target\":{\"@type\":\"EntryPoint\",\"urlTemplate\":\"https:\/\/www.nexoinformativo.mx\/?s={search_term_string}\"},\"query-input\":{\"@type\":\"PropertyValueSpecification\",\"valueRequired\":true,\"valueName\":\"search_term_string\"}}],\"inLanguage\":\"es\"},{\"@type\":\"Organization\",\"@id\":\"https:\/\/www.nexoinformativo.mx\/#organization\",\"name\":\"Nexo Informativo Santiago de Quer\u00e9taro\",\"url\":\"https:\/\/www.nexoinformativo.mx\/\",\"logo\":{\"@type\":\"ImageObject\",\"inLanguage\":\"es\",\"@id\":\"https:\/\/www.nexoinformativo.mx\/#\/schema\/logo\/image\/\",\"url\":\"https:\/\/www.nexoinformativo.mx\/wp-content\/uploads\/2024\/07\/nexoi-trasparente-2.png\",\"contentUrl\":\"https:\/\/www.nexoinformativo.mx\/wp-content\/uploads\/2024\/07\/nexoi-trasparente-2.png\",\"width\":816,\"height\":339,\"caption\":\"Nexo Informativo Santiago de Quer\u00e9taro\"},\"image\":{\"@id\":\"https:\/\/www.nexoinformativo.mx\/#\/schema\/logo\/image\/\"},\"sameAs\":[\"https:\/\/www.facebook.com\/people\/Nexo-Informativo\/61564066885511\/\"]},{\"@type\":\"Person\",\"@id\":\"https:\/\/www.nexoinformativo.mx\/#\/schema\/person\/7749d380ba08c8ca00d7bc76fd907b7d\",\"name\":\"Nexo Informativo\",\"image\":{\"@type\":\"ImageObject\",\"inLanguage\":\"es\",\"@id\":\"https:\/\/www.nexoinformativo.mx\/#\/schema\/person\/image\/\",\"url\":\"https:\/\/secure.gravatar.com\/avatar\/dde2928154642a13d95f87ddf1ea9718fe2b46760a005c53e41ff5ad610704e6?s=96&d=mm&r=g\",\"contentUrl\":\"https:\/\/secure.gravatar.com\/avatar\/dde2928154642a13d95f87ddf1ea9718fe2b46760a005c53e41ff5ad610704e6?s=96&d=mm&r=g\",\"caption\":\"Nexo Informativo\"},\"url\":\"https:\/\/www.nexoinformativo.mx\/index.php\/author\/edicion\/\"}]}<\/script>\n<!-- \/ Yoast SEO plugin. -->","yoast_head_json":{"title":"Protecci\u00f3n Civil advierte lluvias intensas y posible granizo este fin de semana | Nexo Informativo Santiago de Quer\u00e9taro","description":"Protecci\u00f3n Civil advierte lluvias intensas y posible granizo este fin de semana","robots":{"index":"index","follow":"follow","max-snippet":"max-snippet:-1","max-image-preview":"max-image-preview:large","max-video-preview":"max-video-preview:-1"},"canonical":"https:\/\/www.nexoinformativo.mx\/index.php\/2025\/05\/24\/proteccion-civil-advierte-lluvias-intensas-y-posible-granizo-este-fin-de-semana\/","og_locale":"es_MX","og_type":"article","og_title":"Protecci\u00f3n Civil advierte lluvias intensas y posible granizo este fin de semana | Nexo Informativo Santiago de Quer\u00e9taro","og_description":"Protecci\u00f3n Civil advierte lluvias intensas y posible granizo este fin de semana","og_url":"https:\/\/www.nexoinformativo.mx\/index.php\/2025\/05\/24\/proteccion-civil-advierte-lluvias-intensas-y-posible-granizo-este-fin-de-semana\/","og_site_name":"Nexo Informativo Santiago de Quer\u00e9taro","article_publisher":"https:\/\/www.facebook.com\/people\/Nexo-Informativo\/61564066885511\/","article_published_time":"2025-05-24T12:30:23+00:00","article_modified_time":"2025-05-24T15:07:40+00:00","og_image":[{"width":800,"height":600,"url":"https:\/\/www.nexoinformativo.mx\/wp-content\/uploads\/2025\/05\/PHOTO-2025-05-23-15-37-42-e1748099193731.jpg","type":"image\/jpeg"}],"author":"Nexo Informativo","twitter_card":"summary_large_image","twitter_misc":{"Escrito por":"Nexo Informativo","Tiempo de lectura":"2 minutos"},"schema":{"@context":"https:\/\/schema.org","@graph":[{"@type":"Article","@id":"https:\/\/www.nexoinformativo.mx\/index.php\/2025\/05\/24\/proteccion-civil-advierte-lluvias-intensas-y-posible-granizo-este-fin-de-semana\/#article","isPartOf":{"@id":"https:\/\/www.nexoinformativo.mx\/index.php\/2025\/05\/24\/proteccion-civil-advierte-lluvias-intensas-y-posible-granizo-este-fin-de-semana\/"},"author":{"name":"Nexo Informativo","@id":"https:\/\/www.nexoinformativo.mx\/#\/schema\/person\/7749d380ba08c8ca00d7bc76fd907b7d"},"headline":"Protecci\u00f3n Civil advierte lluvias intensas y posible granizo este fin de semana","datePublished":"2025-05-24T12:30:23+00:00","dateModified":"2025-05-24T15:07:40+00:00","mainEntityOfPage":{"@id":"https:\/\/www.nexoinformativo.mx\/index.php\/2025\/05\/24\/proteccion-civil-advierte-lluvias-intensas-y-posible-granizo-este-fin-de-semana\/"},"wordCount":216,"commentCount":0,"publisher":{"@id":"https:\/\/www.nexoinformativo.mx\/#organization"},"image":{"@id":"https:\/\/www.nexoinformativo.mx\/index.php\/2025\/05\/24\/proteccion-civil-advierte-lluvias-intensas-y-posible-granizo-este-fin-de-semana\/#primaryimage"},"thumbnailUrl":"https:\/\/www.nexoinformativo.mx\/wp-content\/uploads\/2025\/05\/PHOTO-2025-05-23-15-37-42-e1748099193731.jpg","keywords":["AlertaMeteorol\u00f3gica","LluviasQro","ProteccionCivilQro","Quer\u00e9taro"],"articleSection":["Estado","\u00daltima Hora"],"inLanguage":"es","potentialAction":[{"@type":"CommentAction","name":"Comment","target":["https:\/\/www.nexoinformativo.mx\/index.php\/2025\/05\/24\/proteccion-civil-advierte-lluvias-intensas-y-posible-granizo-este-fin-de-semana\/#respond"]}]},{"@type":"WebPage","@id":"https:\/\/www.nexoinformativo.mx\/index.php\/2025\/05\/24\/proteccion-civil-advierte-lluvias-intensas-y-posible-granizo-este-fin-de-semana\/","url":"https:\/\/www.nexoinformativo.mx\/index.php\/2025\/05\/24\/proteccion-civil-advierte-lluvias-intensas-y-posible-granizo-este-fin-de-semana\/","name":"Protecci\u00f3n Civil advierte lluvias intensas y posible granizo este fin de semana | Nexo Informativo Santiago de Quer\u00e9taro","isPartOf":{"@id":"https:\/\/www.nexoinformativo.mx\/#website"},"primaryImageOfPage":{"@id":"https:\/\/www.nexoinformativo.mx\/index.php\/2025\/05\/24\/proteccion-civil-advierte-lluvias-intensas-y-posible-granizo-este-fin-de-semana\/#primaryimage"},"image":{"@id":"https:\/\/www.nexoinformativo.mx\/index.php\/2025\/05\/24\/proteccion-civil-advierte-lluvias-intensas-y-posible-granizo-este-fin-de-semana\/#primaryimage"},"thumbnailUrl":"https:\/\/www.nexoinformativo.mx\/wp-content\/uploads\/2025\/05\/PHOTO-2025-05-23-15-37-42-e1748099193731.jpg","datePublished":"2025-05-24T12:30:23+00:00","dateModified":"2025-05-24T15:07:40+00:00","description":"Protecci\u00f3n Civil advierte lluvias intensas y posible granizo este fin de semana","breadcrumb":{"@id":"https:\/\/www.nexoinformativo.mx\/index.php\/2025\/05\/24\/proteccion-civil-advierte-lluvias-intensas-y-posible-granizo-este-fin-de-semana\/#breadcrumb"},"inLanguage":"es","potentialAction":[{"@type":"ReadAction","target":["https:\/\/www.nexoinformativo.mx\/index.php\/2025\/05\/24\/proteccion-civil-advierte-lluvias-intensas-y-posible-granizo-este-fin-de-semana\/"]}]},{"@type":"ImageObject","inLanguage":"es","@id":"https:\/\/www.nexoinformativo.mx\/index.php\/2025\/05\/24\/proteccion-civil-advierte-lluvias-intensas-y-posible-granizo-este-fin-de-semana\/#primaryimage","url":"https:\/\/www.nexoinformativo.mx\/wp-content\/uploads\/2025\/05\/PHOTO-2025-05-23-15-37-42-e1748099193731.jpg","contentUrl":"https:\/\/www.nexoinformativo.mx\/wp-content\/uploads\/2025\/05\/PHOTO-2025-05-23-15-37-42-e1748099193731.jpg","width":800,"height":600},{"@type":"BreadcrumbList","@id":"https:\/\/www.nexoinformativo.mx\/index.php\/2025\/05\/24\/proteccion-civil-advierte-lluvias-intensas-y-posible-granizo-este-fin-de-semana\/#breadcrumb","itemListElement":[{"@type":"ListItem","position":1,"name":"Inicio","item":"https:\/\/www.nexoinformativo.mx\/"},{"@type":"ListItem","position":2,"name":"Protecci\u00f3n Civil advierte lluvias intensas y posible granizo este fin de semana"}]},{"@type":"WebSite","@id":"https:\/\/www.nexoinformativo.mx\/#website","url":"https:\/\/www.nexoinformativo.mx\/","name":"Nexo Informativo Santiago de Quer\u00e9taro","description":"Explora NexoInformativo y convi\u00e9rtete en parte de una comunidad que valora el conocimiento y la verdad. Tu nexoinformativo es tu puente hacia una comprensi\u00f3n m\u00e1s profunda del mundo que te rodea.","publisher":{"@id":"https:\/\/www.nexoinformativo.mx\/#organization"},"potentialAction":[{"@type":"SearchAction","target":{"@type":"EntryPoint","urlTemplate":"https:\/\/www.nexoinformativo.mx\/?s={search_term_string}"},"query-input":{"@type":"PropertyValueSpecification","valueRequired":true,"valueName":"search_term_string"}}],"inLanguage":"es"},{"@type":"Organization","@id":"https:\/\/www.nexoinformativo.mx\/#organization","name":"Nexo Informativo Santiago de Quer\u00e9taro","url":"https:\/\/www.nexoinformativo.mx\/","logo":{"@type":"ImageObject","inLanguage":"es","@id":"https:\/\/www.nexoinformativo.mx\/#\/schema\/logo\/image\/","url":"https:\/\/www.nexoinformativo.mx\/wp-content\/uploads\/2024\/07\/nexoi-trasparente-2.png","contentUrl":"https:\/\/www.nexoinformativo.mx\/wp-content\/uploads\/2024\/07\/nexoi-trasparente-2.png","width":816,"height":339,"caption":"Nexo Informativo Santiago de Quer\u00e9taro"},"image":{"@id":"https:\/\/www.nexoinformativo.mx\/#\/schema\/logo\/image\/"},"sameAs":["https:\/\/www.facebook.com\/people\/Nexo-Informativo\/61564066885511\/"]},{"@type":"Person","@id":"https:\/\/www.nexoinformativo.mx\/#\/schema\/person\/7749d380ba08c8ca00d7bc76fd907b7d","name":"Nexo Informativo","image":{"@type":"ImageObject","inLanguage":"es","@id":"https:\/\/www.nexoinformativo.mx\/#\/schema\/person\/image\/","url":"https:\/\/secure.gravatar.com\/avatar\/dde2928154642a13d95f87ddf1ea9718fe2b46760a005c53e41ff5ad610704e6?s=96&d=mm&r=g","contentUrl":"https:\/\/secure.gravatar.com\/avatar\/dde2928154642a13d95f87ddf1ea9718fe2b46760a005c53e41ff5ad610704e6?s=96&d=mm&r=g","caption":"Nexo Informativo"},"url":"https:\/\/www.nexoinformativo.mx\/index.php\/author\/edicion\/"}]}},"_links":{"self":[{"href":"https:\/\/www.nexoinformativo.mx\/index.php\/wp-json\/wp\/v2\/posts\/15212","targetHints":{"allow":["GET"]}}],"collection":[{"href":"https:\/\/www.nexoinformativo.mx\/index.php\/wp-json\/wp\/v2\/posts"}],"about":[{"href":"https:\/\/www.nexoinformativo.mx\/index.php\/wp-json\/wp\/v2\/types\/post"}],"author":[{"embeddable":true,"href":"https:\/\/www.nexoinformativo.mx\/index.php\/wp-json\/wp\/v2\/users\/3"}],"replies":[{"embeddable":true,"href":"https:\/\/www.nexoinformativo.mx\/index.php\/wp-json\/wp\/v2\/comments?post=15212"}],"version-history":[{"count":4,"href":"https:\/\/www.nexoinformativo.mx\/index.php\/wp-json\/wp\/v2\/posts\/15212\/revisions"}],"predecessor-version":[{"id":15219,"href":"https:\/\/www.nexoinformativo.mx\/index.php\/wp-json\/wp\/v2\/posts\/15212\/revisions\/15219"}],"wp:featuredmedia":[{"embeddable":true,"href":"https:\/\/www.nexoinformativo.mx\/index.php\/wp-json\/wp\/v2\/media\/15213"}],"wp:attachment":[{"href":"https:\/\/www.nexoinformativo.mx\/index.php\/wp-json\/wp\/v2\/media?parent=15212"}],"wp:term":[{"taxonomy":"category","embeddable":true,"href":"https:\/\/www.nexoinformativo.mx\/index.php\/wp-json\/wp\/v2\/categories?post=15212"},{"taxonomy":"post_tag","embeddable":true,"href":"https:\/\/www.nexoinformativo.mx\/index.php\/wp-json\/wp\/v2\/tags?post=15212"}],"curies":[{"name":"wp","href":"https:\/\/api.w.org\/{rel}","templated":true}]}}