{"id":15220,"date":"2025-05-24T07:00:19","date_gmt":"2025-05-24T13:00:19","guid":{"rendered":"https:\/\/www.nexoinformativo.mx\/?p=15220"},"modified":"2025-05-24T09:22:48","modified_gmt":"2025-05-24T15:22:48","slug":"alerta-por-abasto-los-apagones-diarios-dejan-sin-agua-a-queretaro-y-corregidora-reporta-cea","status":"publish","type":"post","link":"https:\/\/www.nexoinformativo.mx\/index.php\/2025\/05\/24\/alerta-por-abasto-los-apagones-diarios-dejan-sin-agua-a-queretaro-y-corregidora-reporta-cea\/","title":{"rendered":"Alerta por abasto los apagones diarios dejan sin agua a Quer\u00e9taro y Corregidora reporta CEA"},"content":{"rendered":"<p style=\"text-align: justify;\" data-sourcepos=\"3:1-3:315\">La falta de luz est\u00e1 dejando sin agua a los queretanos, la Comisi\u00f3n Estatal del Agua (CEA) ha informado que la reciente problem\u00e1tica en el suministro de agua potable en diversas colonias de Quer\u00e9taro se debe a los constantes apagones que afectan el estado.<\/p>\n<p>&nbsp;<\/p>\n<p style=\"text-align: justify;\" data-sourcepos=\"5:1-5:214\">Luis Alberto Vega Ricoy, Vocal Ejecutivo de la CEA, explic\u00f3 que los cortes de energ\u00eda el\u00e9ctrica est\u00e1n impidiendo el funcionamiento de las bombas hidr\u00e1ulicas, lo que hace imposible llevar el agua a muchas zonas.<\/p>\n<\/p>\n<p>&nbsp;<\/p>\n<p style=\"text-align: justify;\" data-sourcepos=\"7:1-7:267\">&#8220;Nuestra principal problem\u00e1tica en esta temporada de estiaje no es la falta de agua. Afortunadamente, gracias a que las lluvias se adelantaron, contamos con suficiente recurso h\u00eddrico&#8221;, asegur\u00f3 Vega Ricoy, aclarando que el problema no es la escasez del vital l\u00edquido.<\/p>\n<p>&nbsp;<\/p>\n<p style=\"text-align: justify;\" data-sourcepos=\"9:1-9:290\">El funcionario detall\u00f3 que, desde hace tres semanas, se han registrado apagones diarios, principalmente en los municipios de Quer\u00e9taro y Corregidora. &#8220;Todos los d\u00edas se restablece el servicio, pero al d\u00eda siguiente se presentan nuevamente fallas en las mismas ubicaciones&#8221;, lament\u00f3.<\/p>\n<p>&nbsp;<\/p>\n<p style=\"text-align: justify;\" data-sourcepos=\"11:1-11:226\">La CEA pidi\u00f3 comprensi\u00f3n a la ciudadan\u00eda ante esta situaci\u00f3n y afirm\u00f3 que est\u00e1n en constante coordinaci\u00f3n con las autoridades competentes para buscar soluciones definitivas que garanticen el abasto de agua a todos los hogares.<\/p>\n<p>&nbsp;<\/p>\n<p style=\"text-align: center;\" data-sourcepos=\"11:1-11:226\"><em><strong>\u00a1Informaci\u00f3n que transforma!<\/strong><\/em><\/p>\n","protected":false},"excerpt":{"rendered":"<p>La falta de luz est\u00e1 dejando sin agua a los queretanos, la Comisi\u00f3n Estatal del Agua (CEA) ha informado que la reciente problem\u00e1tica en el suministro de agua potable en diversas colonias de Quer\u00e9taro se debe a los constantes apagones que afectan el estado.<\/p>\n","protected":false},"author":3,"featured_media":15221,"comment_status":"open","ping_status":"open","sticky":false,"template":"","format":"standard","meta":{"footnotes":""},"categories":[65,58],"tags":[785,4507,264,2889],"class_list":["post-15220","post","type-post","status-publish","format-standard","has-post-thumbnail","hentry","category-municipios","category-ultima-hora","tag-aguaqueretaro","tag-apagonesqro","tag-ceaqueretaro","tag-suministrodeagua"],"yoast_head":"<!-- This site is optimized with the Yoast SEO plugin v25.0 - https:\/\/yoast.com\/wordpress\/plugins\/seo\/ -->\n<title>Alerta por abasto los apagones diarios dejan sin agua a Quer\u00e9taro y Corregidora reporta CEA | Nexo Informativo Santiago de Quer\u00e9taro<\/title>\n<meta name=\"description\" content=\"Alerta por abasto los apagones diarios dejan sin agua a Quer\u00e9taro y Corregidora reporta CEA\" \/>\n<meta name=\"robots\" content=\"index, follow, max-snippet:-1, max-image-preview:large, max-video-preview:-1\" \/>\n<link rel=\"canonical\" href=\"https:\/\/www.nexoinformativo.mx\/index.php\/2025\/05\/24\/alerta-por-abasto-los-apagones-diarios-dejan-sin-agua-a-queretaro-y-corregidora-reporta-cea\/\" \/>\n<meta property=\"og:locale\" content=\"es_MX\" \/>\n<meta property=\"og:type\" content=\"article\" \/>\n<meta property=\"og:title\" content=\"Alerta por abasto los apagones diarios dejan sin agua a Quer\u00e9taro y Corregidora reporta CEA | Nexo Informativo Santiago de Quer\u00e9taro\" \/>\n<meta property=\"og:description\" content=\"Alerta por abasto los apagones diarios dejan sin agua a Quer\u00e9taro y Corregidora reporta CEA\" \/>\n<meta property=\"og:url\" content=\"https:\/\/www.nexoinformativo.mx\/index.php\/2025\/05\/24\/alerta-por-abasto-los-apagones-diarios-dejan-sin-agua-a-queretaro-y-corregidora-reporta-cea\/\" \/>\n<meta property=\"og:site_name\" content=\"Nexo Informativo Santiago de Quer\u00e9taro\" \/>\n<meta property=\"article:publisher\" content=\"https:\/\/www.facebook.com\/people\/Nexo-Informativo\/61564066885511\/\" \/>\n<meta property=\"article:published_time\" content=\"2025-05-24T13:00:19+00:00\" \/>\n<meta property=\"article:modified_time\" content=\"2025-05-24T15:22:48+00:00\" \/>\n<meta property=\"og:image\" content=\"https:\/\/www.nexoinformativo.mx\/wp-content\/uploads\/2025\/05\/PHOTO-2025-05-23-15-37-25-e1748099532212.jpg\" \/>\n\t<meta property=\"og:image:width\" content=\"800\" \/>\n\t<meta property=\"og:image:height\" content=\"885\" \/>\n\t<meta property=\"og:image:type\" content=\"image\/jpeg\" \/>\n<meta name=\"author\" content=\"Nexo Informativo\" \/>\n<meta name=\"twitter:card\" content=\"summary_large_image\" \/>\n<meta name=\"twitter:label1\" content=\"Escrito por\" \/>\n\t<meta name=\"twitter:data1\" content=\"Nexo Informativo\" \/>\n\t<meta name=\"twitter:label2\" content=\"Tiempo de lectura\" \/>\n\t<meta name=\"twitter:data2\" content=\"2 minutos\" \/>\n<script type=\"application\/ld+json\" class=\"yoast-schema-graph\">{\"@context\":\"https:\/\/schema.org\",\"@graph\":[{\"@type\":\"Article\",\"@id\":\"https:\/\/www.nexoinformativo.mx\/index.php\/2025\/05\/24\/alerta-por-abasto-los-apagones-diarios-dejan-sin-agua-a-queretaro-y-corregidora-reporta-cea\/#article\",\"isPartOf\":{\"@id\":\"https:\/\/www.nexoinformativo.mx\/index.php\/2025\/05\/24\/alerta-por-abasto-los-apagones-diarios-dejan-sin-agua-a-queretaro-y-corregidora-reporta-cea\/\"},\"author\":{\"name\":\"Nexo Informativo\",\"@id\":\"https:\/\/www.nexoinformativo.mx\/#\/schema\/person\/7749d380ba08c8ca00d7bc76fd907b7d\"},\"headline\":\"Alerta por abasto los apagones diarios dejan sin agua a Quer\u00e9taro y Corregidora reporta CEA\",\"datePublished\":\"2025-05-24T13:00:19+00:00\",\"dateModified\":\"2025-05-24T15:22:48+00:00\",\"mainEntityOfPage\":{\"@id\":\"https:\/\/www.nexoinformativo.mx\/index.php\/2025\/05\/24\/alerta-por-abasto-los-apagones-diarios-dejan-sin-agua-a-queretaro-y-corregidora-reporta-cea\/\"},\"wordCount\":238,\"commentCount\":0,\"publisher\":{\"@id\":\"https:\/\/www.nexoinformativo.mx\/#organization\"},\"image\":{\"@id\":\"https:\/\/www.nexoinformativo.mx\/index.php\/2025\/05\/24\/alerta-por-abasto-los-apagones-diarios-dejan-sin-agua-a-queretaro-y-corregidora-reporta-cea\/#primaryimage\"},\"thumbnailUrl\":\"https:\/\/www.nexoinformativo.mx\/wp-content\/uploads\/2025\/05\/PHOTO-2025-05-23-15-37-25-e1748099532212.jpg\",\"keywords\":[\"AguaQuer\u00e9taro\",\"ApagonesQro\",\"CEAQueretaro\",\"SuministroDeAgua\"],\"articleSection\":[\"Municipios\",\"\u00daltima Hora\"],\"inLanguage\":\"es\",\"potentialAction\":[{\"@type\":\"CommentAction\",\"name\":\"Comment\",\"target\":[\"https:\/\/www.nexoinformativo.mx\/index.php\/2025\/05\/24\/alerta-por-abasto-los-apagones-diarios-dejan-sin-agua-a-queretaro-y-corregidora-reporta-cea\/#respond\"]}]},{\"@type\":\"WebPage\",\"@id\":\"https:\/\/www.nexoinformativo.mx\/index.php\/2025\/05\/24\/alerta-por-abasto-los-apagones-diarios-dejan-sin-agua-a-queretaro-y-corregidora-reporta-cea\/\",\"url\":\"https:\/\/www.nexoinformativo.mx\/index.php\/2025\/05\/24\/alerta-por-abasto-los-apagones-diarios-dejan-sin-agua-a-queretaro-y-corregidora-reporta-cea\/\",\"name\":\"Alerta por abasto los apagones diarios dejan sin agua a Quer\u00e9taro y Corregidora reporta CEA | Nexo Informativo Santiago de Quer\u00e9taro\",\"isPartOf\":{\"@id\":\"https:\/\/www.nexoinformativo.mx\/#website\"},\"primaryImageOfPage\":{\"@id\":\"https:\/\/www.nexoinformativo.mx\/index.php\/2025\/05\/24\/alerta-por-abasto-los-apagones-diarios-dejan-sin-agua-a-queretaro-y-corregidora-reporta-cea\/#primaryimage\"},\"image\":{\"@id\":\"https:\/\/www.nexoinformativo.mx\/index.php\/2025\/05\/24\/alerta-por-abasto-los-apagones-diarios-dejan-sin-agua-a-queretaro-y-corregidora-reporta-cea\/#primaryimage\"},\"thumbnailUrl\":\"https:\/\/www.nexoinformativo.mx\/wp-content\/uploads\/2025\/05\/PHOTO-2025-05-23-15-37-25-e1748099532212.jpg\",\"datePublished\":\"2025-05-24T13:00:19+00:00\",\"dateModified\":\"2025-05-24T15:22:48+00:00\",\"description\":\"Alerta por abasto los apagones diarios dejan sin agua a Quer\u00e9taro y Corregidora reporta CEA\",\"breadcrumb\":{\"@id\":\"https:\/\/www.nexoinformativo.mx\/index.php\/2025\/05\/24\/alerta-por-abasto-los-apagones-diarios-dejan-sin-agua-a-queretaro-y-corregidora-reporta-cea\/#breadcrumb\"},\"inLanguage\":\"es\",\"potentialAction\":[{\"@type\":\"ReadAction\",\"target\":[\"https:\/\/www.nexoinformativo.mx\/index.php\/2025\/05\/24\/alerta-por-abasto-los-apagones-diarios-dejan-sin-agua-a-queretaro-y-corregidora-reporta-cea\/\"]}]},{\"@type\":\"ImageObject\",\"inLanguage\":\"es\",\"@id\":\"https:\/\/www.nexoinformativo.mx\/index.php\/2025\/05\/24\/alerta-por-abasto-los-apagones-diarios-dejan-sin-agua-a-queretaro-y-corregidora-reporta-cea\/#primaryimage\",\"url\":\"https:\/\/www.nexoinformativo.mx\/wp-content\/uploads\/2025\/05\/PHOTO-2025-05-23-15-37-25-e1748099532212.jpg\",\"contentUrl\":\"https:\/\/www.nexoinformativo.mx\/wp-content\/uploads\/2025\/05\/PHOTO-2025-05-23-15-37-25-e1748099532212.jpg\",\"width\":800,\"height\":885},{\"@type\":\"BreadcrumbList\",\"@id\":\"https:\/\/www.nexoinformativo.mx\/index.php\/2025\/05\/24\/alerta-por-abasto-los-apagones-diarios-dejan-sin-agua-a-queretaro-y-corregidora-reporta-cea\/#breadcrumb\",\"itemListElement\":[{\"@type\":\"ListItem\",\"position\":1,\"name\":\"Inicio\",\"item\":\"https:\/\/www.nexoinformativo.mx\/\"},{\"@type\":\"ListItem\",\"position\":2,\"name\":\"Alerta por abasto los apagones diarios dejan sin agua a Quer\u00e9taro y Corregidora reporta CEA\"}]},{\"@type\":\"WebSite\",\"@id\":\"https:\/\/www.nexoinformativo.mx\/#website\",\"url\":\"https:\/\/www.nexoinformativo.mx\/\",\"name\":\"Nexo Informativo Santiago de Quer\u00e9taro\",\"description\":\"Explora NexoInformativo y convi\u00e9rtete en parte de una comunidad que valora el conocimiento y la verdad. Tu nexoinformativo es tu puente hacia una comprensi\u00f3n m\u00e1s profunda del mundo que te rodea.\",\"publisher\":{\"@id\":\"https:\/\/www.nexoinformativo.mx\/#organization\"},\"potentialAction\":[{\"@type\":\"SearchAction\",\"target\":{\"@type\":\"EntryPoint\",\"urlTemplate\":\"https:\/\/www.nexoinformativo.mx\/?s={search_term_string}\"},\"query-input\":{\"@type\":\"PropertyValueSpecification\",\"valueRequired\":true,\"valueName\":\"search_term_string\"}}],\"inLanguage\":\"es\"},{\"@type\":\"Organization\",\"@id\":\"https:\/\/www.nexoinformativo.mx\/#organization\",\"name\":\"Nexo Informativo Santiago de Quer\u00e9taro\",\"url\":\"https:\/\/www.nexoinformativo.mx\/\",\"logo\":{\"@type\":\"ImageObject\",\"inLanguage\":\"es\",\"@id\":\"https:\/\/www.nexoinformativo.mx\/#\/schema\/logo\/image\/\",\"url\":\"https:\/\/www.nexoinformativo.mx\/wp-content\/uploads\/2024\/07\/nexoi-trasparente-2.png\",\"contentUrl\":\"https:\/\/www.nexoinformativo.mx\/wp-content\/uploads\/2024\/07\/nexoi-trasparente-2.png\",\"width\":816,\"height\":339,\"caption\":\"Nexo Informativo Santiago de Quer\u00e9taro\"},\"image\":{\"@id\":\"https:\/\/www.nexoinformativo.mx\/#\/schema\/logo\/image\/\"},\"sameAs\":[\"https:\/\/www.facebook.com\/people\/Nexo-Informativo\/61564066885511\/\"]},{\"@type\":\"Person\",\"@id\":\"https:\/\/www.nexoinformativo.mx\/#\/schema\/person\/7749d380ba08c8ca00d7bc76fd907b7d\",\"name\":\"Nexo Informativo\",\"image\":{\"@type\":\"ImageObject\",\"inLanguage\":\"es\",\"@id\":\"https:\/\/www.nexoinformativo.mx\/#\/schema\/person\/image\/\",\"url\":\"https:\/\/secure.gravatar.com\/avatar\/dde2928154642a13d95f87ddf1ea9718fe2b46760a005c53e41ff5ad610704e6?s=96&d=mm&r=g\",\"contentUrl\":\"https:\/\/secure.gravatar.com\/avatar\/dde2928154642a13d95f87ddf1ea9718fe2b46760a005c53e41ff5ad610704e6?s=96&d=mm&r=g\",\"caption\":\"Nexo Informativo\"},\"url\":\"https:\/\/www.nexoinformativo.mx\/index.php\/author\/edicion\/\"}]}<\/script>\n<!-- \/ Yoast SEO plugin. -->","yoast_head_json":{"title":"Alerta por abasto los apagones diarios dejan sin agua a Quer\u00e9taro y Corregidora reporta CEA | Nexo Informativo Santiago de Quer\u00e9taro","description":"Alerta por abasto los apagones diarios dejan sin agua a Quer\u00e9taro y Corregidora reporta CEA","robots":{"index":"index","follow":"follow","max-snippet":"max-snippet:-1","max-image-preview":"max-image-preview:large","max-video-preview":"max-video-preview:-1"},"canonical":"https:\/\/www.nexoinformativo.mx\/index.php\/2025\/05\/24\/alerta-por-abasto-los-apagones-diarios-dejan-sin-agua-a-queretaro-y-corregidora-reporta-cea\/","og_locale":"es_MX","og_type":"article","og_title":"Alerta por abasto los apagones diarios dejan sin agua a Quer\u00e9taro y Corregidora reporta CEA | Nexo Informativo Santiago de Quer\u00e9taro","og_description":"Alerta por abasto los apagones diarios dejan sin agua a Quer\u00e9taro y Corregidora reporta CEA","og_url":"https:\/\/www.nexoinformativo.mx\/index.php\/2025\/05\/24\/alerta-por-abasto-los-apagones-diarios-dejan-sin-agua-a-queretaro-y-corregidora-reporta-cea\/","og_site_name":"Nexo Informativo Santiago de Quer\u00e9taro","article_publisher":"https:\/\/www.facebook.com\/people\/Nexo-Informativo\/61564066885511\/","article_published_time":"2025-05-24T13:00:19+00:00","article_modified_time":"2025-05-24T15:22:48+00:00","og_image":[{"width":800,"height":885,"url":"https:\/\/www.nexoinformativo.mx\/wp-content\/uploads\/2025\/05\/PHOTO-2025-05-23-15-37-25-e1748099532212.jpg","type":"image\/jpeg"}],"author":"Nexo Informativo","twitter_card":"summary_large_image","twitter_misc":{"Escrito por":"Nexo Informativo","Tiempo de lectura":"2 minutos"},"schema":{"@context":"https:\/\/schema.org","@graph":[{"@type":"Article","@id":"https:\/\/www.nexoinformativo.mx\/index.php\/2025\/05\/24\/alerta-por-abasto-los-apagones-diarios-dejan-sin-agua-a-queretaro-y-corregidora-reporta-cea\/#article","isPartOf":{"@id":"https:\/\/www.nexoinformativo.mx\/index.php\/2025\/05\/24\/alerta-por-abasto-los-apagones-diarios-dejan-sin-agua-a-queretaro-y-corregidora-reporta-cea\/"},"author":{"name":"Nexo Informativo","@id":"https:\/\/www.nexoinformativo.mx\/#\/schema\/person\/7749d380ba08c8ca00d7bc76fd907b7d"},"headline":"Alerta por abasto los apagones diarios dejan sin agua a Quer\u00e9taro y Corregidora reporta CEA","datePublished":"2025-05-24T13:00:19+00:00","dateModified":"2025-05-24T15:22:48+00:00","mainEntityOfPage":{"@id":"https:\/\/www.nexoinformativo.mx\/index.php\/2025\/05\/24\/alerta-por-abasto-los-apagones-diarios-dejan-sin-agua-a-queretaro-y-corregidora-reporta-cea\/"},"wordCount":238,"commentCount":0,"publisher":{"@id":"https:\/\/www.nexoinformativo.mx\/#organization"},"image":{"@id":"https:\/\/www.nexoinformativo.mx\/index.php\/2025\/05\/24\/alerta-por-abasto-los-apagones-diarios-dejan-sin-agua-a-queretaro-y-corregidora-reporta-cea\/#primaryimage"},"thumbnailUrl":"https:\/\/www.nexoinformativo.mx\/wp-content\/uploads\/2025\/05\/PHOTO-2025-05-23-15-37-25-e1748099532212.jpg","keywords":["AguaQuer\u00e9taro","ApagonesQro","CEAQueretaro","SuministroDeAgua"],"articleSection":["Municipios","\u00daltima Hora"],"inLanguage":"es","potentialAction":[{"@type":"CommentAction","name":"Comment","target":["https:\/\/www.nexoinformativo.mx\/index.php\/2025\/05\/24\/alerta-por-abasto-los-apagones-diarios-dejan-sin-agua-a-queretaro-y-corregidora-reporta-cea\/#respond"]}]},{"@type":"WebPage","@id":"https:\/\/www.nexoinformativo.mx\/index.php\/2025\/05\/24\/alerta-por-abasto-los-apagones-diarios-dejan-sin-agua-a-queretaro-y-corregidora-reporta-cea\/","url":"https:\/\/www.nexoinformativo.mx\/index.php\/2025\/05\/24\/alerta-por-abasto-los-apagones-diarios-dejan-sin-agua-a-queretaro-y-corregidora-reporta-cea\/","name":"Alerta por abasto los apagones diarios dejan sin agua a Quer\u00e9taro y Corregidora reporta CEA | Nexo Informativo Santiago de Quer\u00e9taro","isPartOf":{"@id":"https:\/\/www.nexoinformativo.mx\/#website"},"primaryImageOfPage":{"@id":"https:\/\/www.nexoinformativo.mx\/index.php\/2025\/05\/24\/alerta-por-abasto-los-apagones-diarios-dejan-sin-agua-a-queretaro-y-corregidora-reporta-cea\/#primaryimage"},"image":{"@id":"https:\/\/www.nexoinformativo.mx\/index.php\/2025\/05\/24\/alerta-por-abasto-los-apagones-diarios-dejan-sin-agua-a-queretaro-y-corregidora-reporta-cea\/#primaryimage"},"thumbnailUrl":"https:\/\/www.nexoinformativo.mx\/wp-content\/uploads\/2025\/05\/PHOTO-2025-05-23-15-37-25-e1748099532212.jpg","datePublished":"2025-05-24T13:00:19+00:00","dateModified":"2025-05-24T15:22:48+00:00","description":"Alerta por abasto los apagones diarios dejan sin agua a Quer\u00e9taro y Corregidora reporta CEA","breadcrumb":{"@id":"https:\/\/www.nexoinformativo.mx\/index.php\/2025\/05\/24\/alerta-por-abasto-los-apagones-diarios-dejan-sin-agua-a-queretaro-y-corregidora-reporta-cea\/#breadcrumb"},"inLanguage":"es","potentialAction":[{"@type":"ReadAction","target":["https:\/\/www.nexoinformativo.mx\/index.php\/2025\/05\/24\/alerta-por-abasto-los-apagones-diarios-dejan-sin-agua-a-queretaro-y-corregidora-reporta-cea\/"]}]},{"@type":"ImageObject","inLanguage":"es","@id":"https:\/\/www.nexoinformativo.mx\/index.php\/2025\/05\/24\/alerta-por-abasto-los-apagones-diarios-dejan-sin-agua-a-queretaro-y-corregidora-reporta-cea\/#primaryimage","url":"https:\/\/www.nexoinformativo.mx\/wp-content\/uploads\/2025\/05\/PHOTO-2025-05-23-15-37-25-e1748099532212.jpg","contentUrl":"https:\/\/www.nexoinformativo.mx\/wp-content\/uploads\/2025\/05\/PHOTO-2025-05-23-15-37-25-e1748099532212.jpg","width":800,"height":885},{"@type":"BreadcrumbList","@id":"https:\/\/www.nexoinformativo.mx\/index.php\/2025\/05\/24\/alerta-por-abasto-los-apagones-diarios-dejan-sin-agua-a-queretaro-y-corregidora-reporta-cea\/#breadcrumb","itemListElement":[{"@type":"ListItem","position":1,"name":"Inicio","item":"https:\/\/www.nexoinformativo.mx\/"},{"@type":"ListItem","position":2,"name":"Alerta por abasto los apagones diarios dejan sin agua a Quer\u00e9taro y Corregidora reporta CEA"}]},{"@type":"WebSite","@id":"https:\/\/www.nexoinformativo.mx\/#website","url":"https:\/\/www.nexoinformativo.mx\/","name":"Nexo Informativo Santiago de Quer\u00e9taro","description":"Explora NexoInformativo y convi\u00e9rtete en parte de una comunidad que valora el conocimiento y la verdad. Tu nexoinformativo es tu puente hacia una comprensi\u00f3n m\u00e1s profunda del mundo que te rodea.","publisher":{"@id":"https:\/\/www.nexoinformativo.mx\/#organization"},"potentialAction":[{"@type":"SearchAction","target":{"@type":"EntryPoint","urlTemplate":"https:\/\/www.nexoinformativo.mx\/?s={search_term_string}"},"query-input":{"@type":"PropertyValueSpecification","valueRequired":true,"valueName":"search_term_string"}}],"inLanguage":"es"},{"@type":"Organization","@id":"https:\/\/www.nexoinformativo.mx\/#organization","name":"Nexo Informativo Santiago de Quer\u00e9taro","url":"https:\/\/www.nexoinformativo.mx\/","logo":{"@type":"ImageObject","inLanguage":"es","@id":"https:\/\/www.nexoinformativo.mx\/#\/schema\/logo\/image\/","url":"https:\/\/www.nexoinformativo.mx\/wp-content\/uploads\/2024\/07\/nexoi-trasparente-2.png","contentUrl":"https:\/\/www.nexoinformativo.mx\/wp-content\/uploads\/2024\/07\/nexoi-trasparente-2.png","width":816,"height":339,"caption":"Nexo Informativo Santiago de Quer\u00e9taro"},"image":{"@id":"https:\/\/www.nexoinformativo.mx\/#\/schema\/logo\/image\/"},"sameAs":["https:\/\/www.facebook.com\/people\/Nexo-Informativo\/61564066885511\/"]},{"@type":"Person","@id":"https:\/\/www.nexoinformativo.mx\/#\/schema\/person\/7749d380ba08c8ca00d7bc76fd907b7d","name":"Nexo Informativo","image":{"@type":"ImageObject","inLanguage":"es","@id":"https:\/\/www.nexoinformativo.mx\/#\/schema\/person\/image\/","url":"https:\/\/secure.gravatar.com\/avatar\/dde2928154642a13d95f87ddf1ea9718fe2b46760a005c53e41ff5ad610704e6?s=96&d=mm&r=g","contentUrl":"https:\/\/secure.gravatar.com\/avatar\/dde2928154642a13d95f87ddf1ea9718fe2b46760a005c53e41ff5ad610704e6?s=96&d=mm&r=g","caption":"Nexo Informativo"},"url":"https:\/\/www.nexoinformativo.mx\/index.php\/author\/edicion\/"}]}},"_links":{"self":[{"href":"https:\/\/www.nexoinformativo.mx\/index.php\/wp-json\/wp\/v2\/posts\/15220","targetHints":{"allow":["GET"]}}],"collection":[{"href":"https:\/\/www.nexoinformativo.mx\/index.php\/wp-json\/wp\/v2\/posts"}],"about":[{"href":"https:\/\/www.nexoinformativo.mx\/index.php\/wp-json\/wp\/v2\/types\/post"}],"author":[{"embeddable":true,"href":"https:\/\/www.nexoinformativo.mx\/index.php\/wp-json\/wp\/v2\/users\/3"}],"replies":[{"embeddable":true,"href":"https:\/\/www.nexoinformativo.mx\/index.php\/wp-json\/wp\/v2\/comments?post=15220"}],"version-history":[{"count":4,"href":"https:\/\/www.nexoinformativo.mx\/index.php\/wp-json\/wp\/v2\/posts\/15220\/revisions"}],"predecessor-version":[{"id":15223,"href":"https:\/\/www.nexoinformativo.mx\/index.php\/wp-json\/wp\/v2\/posts\/15220\/revisions\/15223"}],"wp:featuredmedia":[{"embeddable":true,"href":"https:\/\/www.nexoinformativo.mx\/index.php\/wp-json\/wp\/v2\/media\/15221"}],"wp:attachment":[{"href":"https:\/\/www.nexoinformativo.mx\/index.php\/wp-json\/wp\/v2\/media?parent=15220"}],"wp:term":[{"taxonomy":"category","embeddable":true,"href":"https:\/\/www.nexoinformativo.mx\/index.php\/wp-json\/wp\/v2\/categories?post=15220"},{"taxonomy":"post_tag","embeddable":true,"href":"https:\/\/www.nexoinformativo.mx\/index.php\/wp-json\/wp\/v2\/tags?post=15220"}],"curies":[{"name":"wp","href":"https:\/\/api.w.org\/{rel}","templated":true}]}}