{"id":15231,"date":"2025-05-24T09:00:55","date_gmt":"2025-05-24T15:00:55","guid":{"rendered":"https:\/\/www.nexoinformativo.mx\/?p=15231"},"modified":"2025-05-24T14:50:21","modified_gmt":"2025-05-24T20:50:21","slug":"sheinbaum-impulsa-mexico-canta-por-la-paz-concurso-binacional-suma-mas-de-10-mil-jovenes-antes-de-cerrar-registro","status":"publish","type":"post","link":"https:\/\/www.nexoinformativo.mx\/index.php\/2025\/05\/24\/sheinbaum-impulsa-mexico-canta-por-la-paz-concurso-binacional-suma-mas-de-10-mil-jovenes-antes-de-cerrar-registro\/","title":{"rendered":"Sheinbaum impulsa &#8220;M\u00e9xico canta por la paz&#8221; Concurso Binacional suma m\u00e1s de 10 mil j\u00f3venes antes de cerrar registro"},"content":{"rendered":"<p style=\"text-align: justify;\" data-sourcepos=\"3:1-3:460\">El concurso binacional &#8220;M\u00e9xico canta por la paz y contra las adicciones&#8221; est\u00e1 a punto de cerrar sus inscripciones.<\/p>\n<p>&nbsp;<\/p>\n<p style=\"text-align: justify;\" data-sourcepos=\"3:1-3:460\">Hasta el pr\u00f3ximo 30 de mayo de 2025, j\u00f3venes de entre 18 y 34 a\u00f1os de M\u00e9xico y Estados Unidos a\u00fan pueden registrarse a trav\u00e9s de la p\u00e1gina www.mexicocanta.gob.mx. Hasta la fecha, ya se han sumado 10 mil 415 participantes: 8 mil 17 de M\u00e9xico y 2 mil 398 de Estados Unidos.<\/p>\n<p>&nbsp;<\/p>\n<p style=\"text-align: justify;\" data-sourcepos=\"5:1-5:202\">El Gobierno de M\u00e9xico, a trav\u00e9s de la Secretar\u00eda de Cultura, impulsa este concurso que busca promover la m\u00fasica mexicana con narrativas que no hagan apolog\u00eda de la violencia ni al consumo de drogas.<\/p>\n<p>&nbsp;<\/p>\n<p style=\"text-align: justify;\" data-sourcepos=\"7:1-7:483\">La presidenta de M\u00e9xico, Claudia Sheinbaum, destac\u00f3 la gran participaci\u00f3n y reiter\u00f3 su llamado a que m\u00e1s j\u00f3venes se unan. &#8220;Es una acci\u00f3n colectiva, cultural, para promover la canci\u00f3n mexicana y al mismo tiempo para cambiar la narrativa de la apolog\u00eda de la violencia en la m\u00fasica.<\/p>\n<p>&nbsp;<\/p>\n<p style=\"text-align: justify;\" data-sourcepos=\"7:1-7:483\">Yo creo que va a tener mucho impacto&#8221;, coment\u00f3. Aunque no est\u00e1 de acuerdo con prohibir ning\u00fan g\u00e9nero musical, la mandataria recalc\u00f3 que el objetivo del concurso es &#8220;promover la paz y el amor&#8221;.<\/p>\n<p>&nbsp;<\/p>\n<p style=\"text-align: justify;\" data-sourcepos=\"7:1-7:483\">Una vez que cierren las inscripciones el 30 de mayo, la siguiente etapa ser\u00e1 la primera selecci\u00f3n, del 31 de mayo al 4 de julio, donde se elegir\u00e1n a 365 j\u00f3venes (10 por estado en M\u00e9xico y 15 por regi\u00f3n en EE. UU.) a trav\u00e9s de la plataforma.<\/p>\n<p>&nbsp;<\/p>\n<p style=\"text-align: justify;\" data-sourcepos=\"7:1-7:483\">Posteriormente, la selecci\u00f3n estatal ser\u00e1 del 5 de julio al 8 de agosto. A partir del 17 de agosto, las selecciones regionales ser\u00e1n presenciales y podr\u00e1n seguirse cada domingo a trav\u00e9s de los medios p\u00fablicos.<\/p>\n<p>&nbsp;<\/p>\n<p style=\"text-align: center;\" data-sourcepos=\"7:1-7:483\"><em><strong>\u00a1Informaci\u00f3n que transforma!<\/strong><\/em><\/p>\n<p data-sourcepos=\"7:1-7:483\">\n","protected":false},"excerpt":{"rendered":"<p>El concurso binacional &#8220;M\u00e9xico canta por la paz y contra las adicciones&#8221; est\u00e1 a punto de cerrar sus inscripciones.<\/p>\n","protected":false},"author":3,"featured_media":15232,"comment_status":"open","ping_status":"open","sticky":false,"template":"","format":"standard","meta":{"footnotes":""},"categories":[50,88,58],"tags":[4567,4032,4033,4566],"class_list":["post-15231","post","type-post","status-publish","format-standard","has-post-thumbnail","hentry","category-espectaculos","category-nacional","category-ultima-hora","tag-juventudconsciente","tag-mexicocanta","tag-musicaporlapaz","tag-pazsinadicciones"],"yoast_head":"<!-- This site is optimized with the Yoast SEO plugin v25.0 - https:\/\/yoast.com\/wordpress\/plugins\/seo\/ -->\n<title>Sheinbaum impulsa &quot;M\u00e9xico canta por la paz&quot; Concurso Binacional suma m\u00e1s de 10 mil j\u00f3venes antes de cerrar registro | Nexo Informativo Santiago de Quer\u00e9taro<\/title>\n<meta name=\"description\" content=\"Sheinbaum impulsa &quot;M\u00e9xico canta por la paz&quot; Concurso Binacional suma m\u00e1s de 10 mil j\u00f3venes antes de cerrar registro\" \/>\n<meta name=\"robots\" content=\"index, follow, max-snippet:-1, max-image-preview:large, max-video-preview:-1\" \/>\n<link rel=\"canonical\" href=\"https:\/\/www.nexoinformativo.mx\/index.php\/2025\/05\/24\/sheinbaum-impulsa-mexico-canta-por-la-paz-concurso-binacional-suma-mas-de-10-mil-jovenes-antes-de-cerrar-registro\/\" \/>\n<meta property=\"og:locale\" content=\"es_MX\" \/>\n<meta property=\"og:type\" content=\"article\" \/>\n<meta property=\"og:title\" content=\"Sheinbaum impulsa &quot;M\u00e9xico canta por la paz&quot; Concurso Binacional suma m\u00e1s de 10 mil j\u00f3venes antes de cerrar registro | Nexo Informativo Santiago de Quer\u00e9taro\" \/>\n<meta property=\"og:description\" content=\"Sheinbaum impulsa &quot;M\u00e9xico canta por la paz&quot; Concurso Binacional suma m\u00e1s de 10 mil j\u00f3venes antes de cerrar registro\" \/>\n<meta property=\"og:url\" content=\"https:\/\/www.nexoinformativo.mx\/index.php\/2025\/05\/24\/sheinbaum-impulsa-mexico-canta-por-la-paz-concurso-binacional-suma-mas-de-10-mil-jovenes-antes-de-cerrar-registro\/\" \/>\n<meta property=\"og:site_name\" content=\"Nexo Informativo Santiago de Quer\u00e9taro\" \/>\n<meta property=\"article:publisher\" content=\"https:\/\/www.facebook.com\/people\/Nexo-Informativo\/61564066885511\/\" \/>\n<meta property=\"article:published_time\" content=\"2025-05-24T15:00:55+00:00\" \/>\n<meta property=\"article:modified_time\" content=\"2025-05-24T20:50:21+00:00\" \/>\n<meta property=\"og:image\" content=\"https:\/\/www.nexoinformativo.mx\/wp-content\/uploads\/2025\/05\/IMG_3312.jpg\" \/>\n\t<meta property=\"og:image:width\" content=\"650\" \/>\n\t<meta property=\"og:image:height\" content=\"380\" \/>\n\t<meta property=\"og:image:type\" content=\"image\/jpeg\" \/>\n<meta name=\"author\" content=\"Nexo Informativo\" \/>\n<meta name=\"twitter:card\" content=\"summary_large_image\" \/>\n<meta name=\"twitter:label1\" content=\"Escrito por\" \/>\n\t<meta name=\"twitter:data1\" content=\"Nexo Informativo\" \/>\n\t<meta name=\"twitter:label2\" content=\"Tiempo de lectura\" \/>\n\t<meta name=\"twitter:data2\" content=\"2 minutos\" \/>\n<script type=\"application\/ld+json\" class=\"yoast-schema-graph\">{\"@context\":\"https:\/\/schema.org\",\"@graph\":[{\"@type\":\"Article\",\"@id\":\"https:\/\/www.nexoinformativo.mx\/index.php\/2025\/05\/24\/sheinbaum-impulsa-mexico-canta-por-la-paz-concurso-binacional-suma-mas-de-10-mil-jovenes-antes-de-cerrar-registro\/#article\",\"isPartOf\":{\"@id\":\"https:\/\/www.nexoinformativo.mx\/index.php\/2025\/05\/24\/sheinbaum-impulsa-mexico-canta-por-la-paz-concurso-binacional-suma-mas-de-10-mil-jovenes-antes-de-cerrar-registro\/\"},\"author\":{\"name\":\"Nexo Informativo\",\"@id\":\"https:\/\/www.nexoinformativo.mx\/#\/schema\/person\/7749d380ba08c8ca00d7bc76fd907b7d\"},\"headline\":\"Sheinbaum impulsa &#8220;M\u00e9xico canta por la paz&#8221; Concurso Binacional suma m\u00e1s de 10 mil j\u00f3venes antes de cerrar registro\",\"datePublished\":\"2025-05-24T15:00:55+00:00\",\"dateModified\":\"2025-05-24T20:50:21+00:00\",\"mainEntityOfPage\":{\"@id\":\"https:\/\/www.nexoinformativo.mx\/index.php\/2025\/05\/24\/sheinbaum-impulsa-mexico-canta-por-la-paz-concurso-binacional-suma-mas-de-10-mil-jovenes-antes-de-cerrar-registro\/\"},\"wordCount\":320,\"commentCount\":0,\"publisher\":{\"@id\":\"https:\/\/www.nexoinformativo.mx\/#organization\"},\"image\":{\"@id\":\"https:\/\/www.nexoinformativo.mx\/index.php\/2025\/05\/24\/sheinbaum-impulsa-mexico-canta-por-la-paz-concurso-binacional-suma-mas-de-10-mil-jovenes-antes-de-cerrar-registro\/#primaryimage\"},\"thumbnailUrl\":\"https:\/\/www.nexoinformativo.mx\/wp-content\/uploads\/2025\/05\/IMG_3312.jpg\",\"keywords\":[\"JuventudConsciente\",\"M\u00e9xicoCanta\",\"M\u00fasicaPorLaPaz\",\"PazSinAdicciones\"],\"articleSection\":[\"Espect\u00e1culos\",\"Nacional\",\"\u00daltima Hora\"],\"inLanguage\":\"es\",\"potentialAction\":[{\"@type\":\"CommentAction\",\"name\":\"Comment\",\"target\":[\"https:\/\/www.nexoinformativo.mx\/index.php\/2025\/05\/24\/sheinbaum-impulsa-mexico-canta-por-la-paz-concurso-binacional-suma-mas-de-10-mil-jovenes-antes-de-cerrar-registro\/#respond\"]}]},{\"@type\":\"WebPage\",\"@id\":\"https:\/\/www.nexoinformativo.mx\/index.php\/2025\/05\/24\/sheinbaum-impulsa-mexico-canta-por-la-paz-concurso-binacional-suma-mas-de-10-mil-jovenes-antes-de-cerrar-registro\/\",\"url\":\"https:\/\/www.nexoinformativo.mx\/index.php\/2025\/05\/24\/sheinbaum-impulsa-mexico-canta-por-la-paz-concurso-binacional-suma-mas-de-10-mil-jovenes-antes-de-cerrar-registro\/\",\"name\":\"Sheinbaum impulsa \\\"M\u00e9xico canta por la paz\\\" Concurso Binacional suma m\u00e1s de 10 mil j\u00f3venes antes de cerrar registro | Nexo Informativo Santiago de Quer\u00e9taro\",\"isPartOf\":{\"@id\":\"https:\/\/www.nexoinformativo.mx\/#website\"},\"primaryImageOfPage\":{\"@id\":\"https:\/\/www.nexoinformativo.mx\/index.php\/2025\/05\/24\/sheinbaum-impulsa-mexico-canta-por-la-paz-concurso-binacional-suma-mas-de-10-mil-jovenes-antes-de-cerrar-registro\/#primaryimage\"},\"image\":{\"@id\":\"https:\/\/www.nexoinformativo.mx\/index.php\/2025\/05\/24\/sheinbaum-impulsa-mexico-canta-por-la-paz-concurso-binacional-suma-mas-de-10-mil-jovenes-antes-de-cerrar-registro\/#primaryimage\"},\"thumbnailUrl\":\"https:\/\/www.nexoinformativo.mx\/wp-content\/uploads\/2025\/05\/IMG_3312.jpg\",\"datePublished\":\"2025-05-24T15:00:55+00:00\",\"dateModified\":\"2025-05-24T20:50:21+00:00\",\"description\":\"Sheinbaum impulsa \\\"M\u00e9xico canta por la paz\\\" Concurso Binacional suma m\u00e1s de 10 mil j\u00f3venes antes de cerrar registro\",\"breadcrumb\":{\"@id\":\"https:\/\/www.nexoinformativo.mx\/index.php\/2025\/05\/24\/sheinbaum-impulsa-mexico-canta-por-la-paz-concurso-binacional-suma-mas-de-10-mil-jovenes-antes-de-cerrar-registro\/#breadcrumb\"},\"inLanguage\":\"es\",\"potentialAction\":[{\"@type\":\"ReadAction\",\"target\":[\"https:\/\/www.nexoinformativo.mx\/index.php\/2025\/05\/24\/sheinbaum-impulsa-mexico-canta-por-la-paz-concurso-binacional-suma-mas-de-10-mil-jovenes-antes-de-cerrar-registro\/\"]}]},{\"@type\":\"ImageObject\",\"inLanguage\":\"es\",\"@id\":\"https:\/\/www.nexoinformativo.mx\/index.php\/2025\/05\/24\/sheinbaum-impulsa-mexico-canta-por-la-paz-concurso-binacional-suma-mas-de-10-mil-jovenes-antes-de-cerrar-registro\/#primaryimage\",\"url\":\"https:\/\/www.nexoinformativo.mx\/wp-content\/uploads\/2025\/05\/IMG_3312.jpg\",\"contentUrl\":\"https:\/\/www.nexoinformativo.mx\/wp-content\/uploads\/2025\/05\/IMG_3312.jpg\",\"width\":650,\"height\":380,\"caption\":\"Cuauht\u00e9moc, Ciudad de M\u00e9xico, M\u00e9xico, 23 de mayo de 2025. La doctora Claudia Sheinbaum Pardo, presidenta Constitucional de los Estados Unidos Mexicanos en conferencia de prensa matutina \u201cLas ma\u00f1aneras del pueblo\u201d, en el Sal\u00f3n Tesorer\u00eda de Palacio Nacional. La acompa\u00f1an Claudia Stella Curiel de Icaza, secretaria de Cultura; Pablo G\u00f3mez \u00c1lvarez, titular de la Unidad de Inteligencia Financiera (UIF) de la Secretar\u00eda de Hacienda y Cr\u00e9dito P\u00fablico (SHCP) y Bulmaro Ju\u00e1rez P\u00e9rez, divulgador de lenguas ind\u00edgenas, presentador de la secci\u00f3n \u201cSuave Patria\u201d. Foto: Presidencia\"},{\"@type\":\"BreadcrumbList\",\"@id\":\"https:\/\/www.nexoinformativo.mx\/index.php\/2025\/05\/24\/sheinbaum-impulsa-mexico-canta-por-la-paz-concurso-binacional-suma-mas-de-10-mil-jovenes-antes-de-cerrar-registro\/#breadcrumb\",\"itemListElement\":[{\"@type\":\"ListItem\",\"position\":1,\"name\":\"Inicio\",\"item\":\"https:\/\/www.nexoinformativo.mx\/\"},{\"@type\":\"ListItem\",\"position\":2,\"name\":\"Sheinbaum impulsa &#8220;M\u00e9xico canta por la paz&#8221; Concurso Binacional suma m\u00e1s de 10 mil j\u00f3venes antes de cerrar registro\"}]},{\"@type\":\"WebSite\",\"@id\":\"https:\/\/www.nexoinformativo.mx\/#website\",\"url\":\"https:\/\/www.nexoinformativo.mx\/\",\"name\":\"Nexo Informativo Santiago de Quer\u00e9taro\",\"description\":\"Explora NexoInformativo y convi\u00e9rtete en parte de una comunidad que valora el conocimiento y la verdad. Tu nexoinformativo es tu puente hacia una comprensi\u00f3n m\u00e1s profunda del mundo que te rodea.\",\"publisher\":{\"@id\":\"https:\/\/www.nexoinformativo.mx\/#organization\"},\"potentialAction\":[{\"@type\":\"SearchAction\",\"target\":{\"@type\":\"EntryPoint\",\"urlTemplate\":\"https:\/\/www.nexoinformativo.mx\/?s={search_term_string}\"},\"query-input\":{\"@type\":\"PropertyValueSpecification\",\"valueRequired\":true,\"valueName\":\"search_term_string\"}}],\"inLanguage\":\"es\"},{\"@type\":\"Organization\",\"@id\":\"https:\/\/www.nexoinformativo.mx\/#organization\",\"name\":\"Nexo Informativo Santiago de Quer\u00e9taro\",\"url\":\"https:\/\/www.nexoinformativo.mx\/\",\"logo\":{\"@type\":\"ImageObject\",\"inLanguage\":\"es\",\"@id\":\"https:\/\/www.nexoinformativo.mx\/#\/schema\/logo\/image\/\",\"url\":\"https:\/\/www.nexoinformativo.mx\/wp-content\/uploads\/2024\/07\/nexoi-trasparente-2.png\",\"contentUrl\":\"https:\/\/www.nexoinformativo.mx\/wp-content\/uploads\/2024\/07\/nexoi-trasparente-2.png\",\"width\":816,\"height\":339,\"caption\":\"Nexo Informativo Santiago de Quer\u00e9taro\"},\"image\":{\"@id\":\"https:\/\/www.nexoinformativo.mx\/#\/schema\/logo\/image\/\"},\"sameAs\":[\"https:\/\/www.facebook.com\/people\/Nexo-Informativo\/61564066885511\/\"]},{\"@type\":\"Person\",\"@id\":\"https:\/\/www.nexoinformativo.mx\/#\/schema\/person\/7749d380ba08c8ca00d7bc76fd907b7d\",\"name\":\"Nexo Informativo\",\"image\":{\"@type\":\"ImageObject\",\"inLanguage\":\"es\",\"@id\":\"https:\/\/www.nexoinformativo.mx\/#\/schema\/person\/image\/\",\"url\":\"https:\/\/secure.gravatar.com\/avatar\/dde2928154642a13d95f87ddf1ea9718fe2b46760a005c53e41ff5ad610704e6?s=96&d=mm&r=g\",\"contentUrl\":\"https:\/\/secure.gravatar.com\/avatar\/dde2928154642a13d95f87ddf1ea9718fe2b46760a005c53e41ff5ad610704e6?s=96&d=mm&r=g\",\"caption\":\"Nexo Informativo\"},\"url\":\"https:\/\/www.nexoinformativo.mx\/index.php\/author\/edicion\/\"}]}<\/script>\n<!-- \/ Yoast SEO plugin. -->","yoast_head_json":{"title":"Sheinbaum impulsa \"M\u00e9xico canta por la paz\" Concurso Binacional suma m\u00e1s de 10 mil j\u00f3venes antes de cerrar registro | Nexo Informativo Santiago de Quer\u00e9taro","description":"Sheinbaum impulsa \"M\u00e9xico canta por la paz\" Concurso Binacional suma m\u00e1s de 10 mil j\u00f3venes antes de cerrar registro","robots":{"index":"index","follow":"follow","max-snippet":"max-snippet:-1","max-image-preview":"max-image-preview:large","max-video-preview":"max-video-preview:-1"},"canonical":"https:\/\/www.nexoinformativo.mx\/index.php\/2025\/05\/24\/sheinbaum-impulsa-mexico-canta-por-la-paz-concurso-binacional-suma-mas-de-10-mil-jovenes-antes-de-cerrar-registro\/","og_locale":"es_MX","og_type":"article","og_title":"Sheinbaum impulsa \"M\u00e9xico canta por la paz\" Concurso Binacional suma m\u00e1s de 10 mil j\u00f3venes antes de cerrar registro | Nexo Informativo Santiago de Quer\u00e9taro","og_description":"Sheinbaum impulsa \"M\u00e9xico canta por la paz\" Concurso Binacional suma m\u00e1s de 10 mil j\u00f3venes antes de cerrar registro","og_url":"https:\/\/www.nexoinformativo.mx\/index.php\/2025\/05\/24\/sheinbaum-impulsa-mexico-canta-por-la-paz-concurso-binacional-suma-mas-de-10-mil-jovenes-antes-de-cerrar-registro\/","og_site_name":"Nexo Informativo Santiago de Quer\u00e9taro","article_publisher":"https:\/\/www.facebook.com\/people\/Nexo-Informativo\/61564066885511\/","article_published_time":"2025-05-24T15:00:55+00:00","article_modified_time":"2025-05-24T20:50:21+00:00","og_image":[{"width":650,"height":380,"url":"https:\/\/www.nexoinformativo.mx\/wp-content\/uploads\/2025\/05\/IMG_3312.jpg","type":"image\/jpeg"}],"author":"Nexo Informativo","twitter_card":"summary_large_image","twitter_misc":{"Escrito por":"Nexo Informativo","Tiempo de lectura":"2 minutos"},"schema":{"@context":"https:\/\/schema.org","@graph":[{"@type":"Article","@id":"https:\/\/www.nexoinformativo.mx\/index.php\/2025\/05\/24\/sheinbaum-impulsa-mexico-canta-por-la-paz-concurso-binacional-suma-mas-de-10-mil-jovenes-antes-de-cerrar-registro\/#article","isPartOf":{"@id":"https:\/\/www.nexoinformativo.mx\/index.php\/2025\/05\/24\/sheinbaum-impulsa-mexico-canta-por-la-paz-concurso-binacional-suma-mas-de-10-mil-jovenes-antes-de-cerrar-registro\/"},"author":{"name":"Nexo Informativo","@id":"https:\/\/www.nexoinformativo.mx\/#\/schema\/person\/7749d380ba08c8ca00d7bc76fd907b7d"},"headline":"Sheinbaum impulsa &#8220;M\u00e9xico canta por la paz&#8221; Concurso Binacional suma m\u00e1s de 10 mil j\u00f3venes antes de cerrar registro","datePublished":"2025-05-24T15:00:55+00:00","dateModified":"2025-05-24T20:50:21+00:00","mainEntityOfPage":{"@id":"https:\/\/www.nexoinformativo.mx\/index.php\/2025\/05\/24\/sheinbaum-impulsa-mexico-canta-por-la-paz-concurso-binacional-suma-mas-de-10-mil-jovenes-antes-de-cerrar-registro\/"},"wordCount":320,"commentCount":0,"publisher":{"@id":"https:\/\/www.nexoinformativo.mx\/#organization"},"image":{"@id":"https:\/\/www.nexoinformativo.mx\/index.php\/2025\/05\/24\/sheinbaum-impulsa-mexico-canta-por-la-paz-concurso-binacional-suma-mas-de-10-mil-jovenes-antes-de-cerrar-registro\/#primaryimage"},"thumbnailUrl":"https:\/\/www.nexoinformativo.mx\/wp-content\/uploads\/2025\/05\/IMG_3312.jpg","keywords":["JuventudConsciente","M\u00e9xicoCanta","M\u00fasicaPorLaPaz","PazSinAdicciones"],"articleSection":["Espect\u00e1culos","Nacional","\u00daltima Hora"],"inLanguage":"es","potentialAction":[{"@type":"CommentAction","name":"Comment","target":["https:\/\/www.nexoinformativo.mx\/index.php\/2025\/05\/24\/sheinbaum-impulsa-mexico-canta-por-la-paz-concurso-binacional-suma-mas-de-10-mil-jovenes-antes-de-cerrar-registro\/#respond"]}]},{"@type":"WebPage","@id":"https:\/\/www.nexoinformativo.mx\/index.php\/2025\/05\/24\/sheinbaum-impulsa-mexico-canta-por-la-paz-concurso-binacional-suma-mas-de-10-mil-jovenes-antes-de-cerrar-registro\/","url":"https:\/\/www.nexoinformativo.mx\/index.php\/2025\/05\/24\/sheinbaum-impulsa-mexico-canta-por-la-paz-concurso-binacional-suma-mas-de-10-mil-jovenes-antes-de-cerrar-registro\/","name":"Sheinbaum impulsa \"M\u00e9xico canta por la paz\" Concurso Binacional suma m\u00e1s de 10 mil j\u00f3venes antes de cerrar registro | Nexo Informativo Santiago de Quer\u00e9taro","isPartOf":{"@id":"https:\/\/www.nexoinformativo.mx\/#website"},"primaryImageOfPage":{"@id":"https:\/\/www.nexoinformativo.mx\/index.php\/2025\/05\/24\/sheinbaum-impulsa-mexico-canta-por-la-paz-concurso-binacional-suma-mas-de-10-mil-jovenes-antes-de-cerrar-registro\/#primaryimage"},"image":{"@id":"https:\/\/www.nexoinformativo.mx\/index.php\/2025\/05\/24\/sheinbaum-impulsa-mexico-canta-por-la-paz-concurso-binacional-suma-mas-de-10-mil-jovenes-antes-de-cerrar-registro\/#primaryimage"},"thumbnailUrl":"https:\/\/www.nexoinformativo.mx\/wp-content\/uploads\/2025\/05\/IMG_3312.jpg","datePublished":"2025-05-24T15:00:55+00:00","dateModified":"2025-05-24T20:50:21+00:00","description":"Sheinbaum impulsa \"M\u00e9xico canta por la paz\" Concurso Binacional suma m\u00e1s de 10 mil j\u00f3venes antes de cerrar registro","breadcrumb":{"@id":"https:\/\/www.nexoinformativo.mx\/index.php\/2025\/05\/24\/sheinbaum-impulsa-mexico-canta-por-la-paz-concurso-binacional-suma-mas-de-10-mil-jovenes-antes-de-cerrar-registro\/#breadcrumb"},"inLanguage":"es","potentialAction":[{"@type":"ReadAction","target":["https:\/\/www.nexoinformativo.mx\/index.php\/2025\/05\/24\/sheinbaum-impulsa-mexico-canta-por-la-paz-concurso-binacional-suma-mas-de-10-mil-jovenes-antes-de-cerrar-registro\/"]}]},{"@type":"ImageObject","inLanguage":"es","@id":"https:\/\/www.nexoinformativo.mx\/index.php\/2025\/05\/24\/sheinbaum-impulsa-mexico-canta-por-la-paz-concurso-binacional-suma-mas-de-10-mil-jovenes-antes-de-cerrar-registro\/#primaryimage","url":"https:\/\/www.nexoinformativo.mx\/wp-content\/uploads\/2025\/05\/IMG_3312.jpg","contentUrl":"https:\/\/www.nexoinformativo.mx\/wp-content\/uploads\/2025\/05\/IMG_3312.jpg","width":650,"height":380,"caption":"Cuauht\u00e9moc, Ciudad de M\u00e9xico, M\u00e9xico, 23 de mayo de 2025. La doctora Claudia Sheinbaum Pardo, presidenta Constitucional de los Estados Unidos Mexicanos en conferencia de prensa matutina \u201cLas ma\u00f1aneras del pueblo\u201d, en el Sal\u00f3n Tesorer\u00eda de Palacio Nacional. La acompa\u00f1an Claudia Stella Curiel de Icaza, secretaria de Cultura; Pablo G\u00f3mez \u00c1lvarez, titular de la Unidad de Inteligencia Financiera (UIF) de la Secretar\u00eda de Hacienda y Cr\u00e9dito P\u00fablico (SHCP) y Bulmaro Ju\u00e1rez P\u00e9rez, divulgador de lenguas ind\u00edgenas, presentador de la secci\u00f3n \u201cSuave Patria\u201d. Foto: Presidencia"},{"@type":"BreadcrumbList","@id":"https:\/\/www.nexoinformativo.mx\/index.php\/2025\/05\/24\/sheinbaum-impulsa-mexico-canta-por-la-paz-concurso-binacional-suma-mas-de-10-mil-jovenes-antes-de-cerrar-registro\/#breadcrumb","itemListElement":[{"@type":"ListItem","position":1,"name":"Inicio","item":"https:\/\/www.nexoinformativo.mx\/"},{"@type":"ListItem","position":2,"name":"Sheinbaum impulsa &#8220;M\u00e9xico canta por la paz&#8221; Concurso Binacional suma m\u00e1s de 10 mil j\u00f3venes antes de cerrar registro"}]},{"@type":"WebSite","@id":"https:\/\/www.nexoinformativo.mx\/#website","url":"https:\/\/www.nexoinformativo.mx\/","name":"Nexo Informativo Santiago de Quer\u00e9taro","description":"Explora NexoInformativo y convi\u00e9rtete en parte de una comunidad que valora el conocimiento y la verdad. Tu nexoinformativo es tu puente hacia una comprensi\u00f3n m\u00e1s profunda del mundo que te rodea.","publisher":{"@id":"https:\/\/www.nexoinformativo.mx\/#organization"},"potentialAction":[{"@type":"SearchAction","target":{"@type":"EntryPoint","urlTemplate":"https:\/\/www.nexoinformativo.mx\/?s={search_term_string}"},"query-input":{"@type":"PropertyValueSpecification","valueRequired":true,"valueName":"search_term_string"}}],"inLanguage":"es"},{"@type":"Organization","@id":"https:\/\/www.nexoinformativo.mx\/#organization","name":"Nexo Informativo Santiago de Quer\u00e9taro","url":"https:\/\/www.nexoinformativo.mx\/","logo":{"@type":"ImageObject","inLanguage":"es","@id":"https:\/\/www.nexoinformativo.mx\/#\/schema\/logo\/image\/","url":"https:\/\/www.nexoinformativo.mx\/wp-content\/uploads\/2024\/07\/nexoi-trasparente-2.png","contentUrl":"https:\/\/www.nexoinformativo.mx\/wp-content\/uploads\/2024\/07\/nexoi-trasparente-2.png","width":816,"height":339,"caption":"Nexo Informativo Santiago de Quer\u00e9taro"},"image":{"@id":"https:\/\/www.nexoinformativo.mx\/#\/schema\/logo\/image\/"},"sameAs":["https:\/\/www.facebook.com\/people\/Nexo-Informativo\/61564066885511\/"]},{"@type":"Person","@id":"https:\/\/www.nexoinformativo.mx\/#\/schema\/person\/7749d380ba08c8ca00d7bc76fd907b7d","name":"Nexo Informativo","image":{"@type":"ImageObject","inLanguage":"es","@id":"https:\/\/www.nexoinformativo.mx\/#\/schema\/person\/image\/","url":"https:\/\/secure.gravatar.com\/avatar\/dde2928154642a13d95f87ddf1ea9718fe2b46760a005c53e41ff5ad610704e6?s=96&d=mm&r=g","contentUrl":"https:\/\/secure.gravatar.com\/avatar\/dde2928154642a13d95f87ddf1ea9718fe2b46760a005c53e41ff5ad610704e6?s=96&d=mm&r=g","caption":"Nexo Informativo"},"url":"https:\/\/www.nexoinformativo.mx\/index.php\/author\/edicion\/"}]}},"_links":{"self":[{"href":"https:\/\/www.nexoinformativo.mx\/index.php\/wp-json\/wp\/v2\/posts\/15231","targetHints":{"allow":["GET"]}}],"collection":[{"href":"https:\/\/www.nexoinformativo.mx\/index.php\/wp-json\/wp\/v2\/posts"}],"about":[{"href":"https:\/\/www.nexoinformativo.mx\/index.php\/wp-json\/wp\/v2\/types\/post"}],"author":[{"embeddable":true,"href":"https:\/\/www.nexoinformativo.mx\/index.php\/wp-json\/wp\/v2\/users\/3"}],"replies":[{"embeddable":true,"href":"https:\/\/www.nexoinformativo.mx\/index.php\/wp-json\/wp\/v2\/comments?post=15231"}],"version-history":[{"count":4,"href":"https:\/\/www.nexoinformativo.mx\/index.php\/wp-json\/wp\/v2\/posts\/15231\/revisions"}],"predecessor-version":[{"id":15235,"href":"https:\/\/www.nexoinformativo.mx\/index.php\/wp-json\/wp\/v2\/posts\/15231\/revisions\/15235"}],"wp:featuredmedia":[{"embeddable":true,"href":"https:\/\/www.nexoinformativo.mx\/index.php\/wp-json\/wp\/v2\/media\/15232"}],"wp:attachment":[{"href":"https:\/\/www.nexoinformativo.mx\/index.php\/wp-json\/wp\/v2\/media?parent=15231"}],"wp:term":[{"taxonomy":"category","embeddable":true,"href":"https:\/\/www.nexoinformativo.mx\/index.php\/wp-json\/wp\/v2\/categories?post=15231"},{"taxonomy":"post_tag","embeddable":true,"href":"https:\/\/www.nexoinformativo.mx\/index.php\/wp-json\/wp\/v2\/tags?post=15231"}],"curies":[{"name":"wp","href":"https:\/\/api.w.org\/{rel}","templated":true}]}}