{"id":15237,"date":"2025-05-24T10:00:32","date_gmt":"2025-05-24T16:00:32","guid":{"rendered":"https:\/\/www.nexoinformativo.mx\/?p=15237"},"modified":"2025-05-24T14:54:57","modified_gmt":"2025-05-24T20:54:57","slug":"gran-oportunidad-feria-de-empleo-en-san-juan-del-rio-ofrece-mas-de-mil-vacantes","status":"publish","type":"post","link":"https:\/\/www.nexoinformativo.mx\/index.php\/2025\/05\/24\/gran-oportunidad-feria-de-empleo-en-san-juan-del-rio-ofrece-mas-de-mil-vacantes\/","title":{"rendered":"Gran oportunidad Feria de Empleo en San Juan del R\u00edo ofrece m\u00e1s de mil vacantes"},"content":{"rendered":"<p style=\"text-align: justify;\" data-sourcepos=\"3:1-3:315\">La Secretar\u00eda del Trabajo (ST) invita a toda la ciudadan\u00eda a la Feria de Empleo San Juan del R\u00edo 2025. El evento se llevar\u00e1 a cabo el pr\u00f3ximo martes 27 de mayo en la Unidad Deportiva Maqu\u00edo, en un horario de 9:00 a 14:00 horas.<\/p>\n<\/p>\n<p>&nbsp;<\/p>\n<p style=\"text-align: justify;\" data-sourcepos=\"5:1-5:433\">Para esta edici\u00f3n, la feria contar\u00e1 con la participaci\u00f3n de 34 empresas, una bolsa de trabajo y cuatro instituciones, sumando un total de 39 organismos reclutando en un solo lugar.<\/p>\n<\/p>\n<p>&nbsp;<\/p>\n<p style=\"text-align: justify;\" data-sourcepos=\"5:1-5:433\">Se ofrecer\u00e1n un impresionante total de mil 116 plazas vacantes, con sueldos que van desde los nueve mil hasta los 35 mil pesos. Hay oportunidades para diversos perfiles, desde quienes cuentan con estudios de primaria hasta licenciatura.<\/p>\n<\/p>\n<p>&nbsp;<\/p>\n<p style=\"text-align: justify;\" data-sourcepos=\"11:1-11:573\">Entre las empresas participantes se encuentran nombres reconocidos como Pl\u00e1sticos T\u00e9cnicos Mexicanos, Natural de Alimentos, LG Innotek, HIAALD, Dalegip M\u00e9xico e IMBERA, entre otras.<\/p>\n<\/p>\n<p>&nbsp;<\/p>\n<p style=\"text-align: justify;\" data-sourcepos=\"11:1-11:573\">Esta feria es una excelente oportunidad para quienes buscan empleo formal, ya que permite el contacto directo con reclutadores, agiliza los procesos de selecci\u00f3n y facilita el acceso a una amplia oferta laboral en un solo lugar.<\/p>\n<\/p>\n<p>&nbsp;<\/p>\n<p style=\"text-align: justify;\" data-sourcepos=\"11:1-11:573\">Adem\u00e1s, contribuye al fortalecimiento del desarrollo econ\u00f3mico local al vincular el talento de San Juan del R\u00edo con las necesidades del sector productivo.<\/p>\n<\/p>\n<p>&nbsp;<\/p>\n<p style=\"text-align: justify;\" data-sourcepos=\"13:1-13:373\">El acceso a este evento es gratuito y est\u00e1 dirigido a todas las personas que desean integrarse al mercado laboral. Para mayor informaci\u00f3n y registro previo, puedes acceder al sitio oficial: <a href=\"https:\/\/ferias.empleo.gob.mx\/\" target=\"_blank\" rel=\"noopener\">https:\/\/ferias.empleo.gob.mx<\/a> o comunicarte al tel\u00e9fono (427) 272 32 29, Ext. 1102.<\/p>\n<\/p>\n<p>&nbsp;<\/p>\n<p style=\"text-align: center;\" data-sourcepos=\"13:1-13:373\"><em><strong>\u00a1Informaci\u00f3n que transforma!<\/strong><\/em><\/p>\n","protected":false},"excerpt":{"rendered":"<p>La Secretar\u00eda del Trabajo (ST) invita a toda la ciudadan\u00eda a la Feria de Empleo San Juan del R\u00edo 2025. El evento se llevar\u00e1 a cabo el pr\u00f3ximo martes 27 de mayo en la Unidad Deportiva Maqu\u00edo, en un horario de 9:00 a 14:00 horas.<\/p>\n","protected":false},"author":3,"featured_media":15238,"comment_status":"open","ping_status":"open","sticky":false,"template":"","format":"standard","meta":{"footnotes":""},"categories":[65,58],"tags":[374,4568,382,4569],"class_list":["post-15237","post","type-post","status-publish","format-standard","has-post-thumbnail","hentry","category-municipios","category-ultima-hora","tag-empleoqueretaro","tag-feriadeempleosjr","tag-sanjuandelrio","tag-vacantesdisponibles"],"yoast_head":"<!-- This site is optimized with the Yoast SEO plugin v25.0 - https:\/\/yoast.com\/wordpress\/plugins\/seo\/ -->\n<title>Gran oportunidad Feria de Empleo en San Juan del R\u00edo ofrece m\u00e1s de mil vacantes | Nexo Informativo Santiago de Quer\u00e9taro<\/title>\n<meta name=\"description\" content=\"Gran oportunidad Feria de Empleo en San Juan del R\u00edo ofrece m\u00e1s de mil vacantes\" \/>\n<meta name=\"robots\" content=\"index, follow, max-snippet:-1, max-image-preview:large, max-video-preview:-1\" \/>\n<link rel=\"canonical\" href=\"https:\/\/www.nexoinformativo.mx\/index.php\/2025\/05\/24\/gran-oportunidad-feria-de-empleo-en-san-juan-del-rio-ofrece-mas-de-mil-vacantes\/\" \/>\n<meta property=\"og:locale\" content=\"es_MX\" \/>\n<meta property=\"og:type\" content=\"article\" \/>\n<meta property=\"og:title\" content=\"Gran oportunidad Feria de Empleo en San Juan del R\u00edo ofrece m\u00e1s de mil vacantes | Nexo Informativo Santiago de Quer\u00e9taro\" \/>\n<meta property=\"og:description\" content=\"Gran oportunidad Feria de Empleo en San Juan del R\u00edo ofrece m\u00e1s de mil vacantes\" \/>\n<meta property=\"og:url\" content=\"https:\/\/www.nexoinformativo.mx\/index.php\/2025\/05\/24\/gran-oportunidad-feria-de-empleo-en-san-juan-del-rio-ofrece-mas-de-mil-vacantes\/\" \/>\n<meta property=\"og:site_name\" content=\"Nexo Informativo Santiago de Quer\u00e9taro\" \/>\n<meta property=\"article:publisher\" content=\"https:\/\/www.facebook.com\/people\/Nexo-Informativo\/61564066885511\/\" \/>\n<meta property=\"article:published_time\" content=\"2025-05-24T16:00:32+00:00\" \/>\n<meta property=\"article:modified_time\" content=\"2025-05-24T20:54:57+00:00\" \/>\n<meta property=\"og:image\" content=\"https:\/\/www.nexoinformativo.mx\/wp-content\/uploads\/2025\/05\/PHOTO-2025-05-24-09-54-37-e1748120044440.jpg\" \/>\n\t<meta property=\"og:image:width\" content=\"800\" \/>\n\t<meta property=\"og:image:height\" content=\"808\" \/>\n\t<meta property=\"og:image:type\" content=\"image\/jpeg\" \/>\n<meta name=\"author\" content=\"Nexo Informativo\" \/>\n<meta name=\"twitter:card\" content=\"summary_large_image\" \/>\n<meta name=\"twitter:label1\" content=\"Escrito por\" \/>\n\t<meta name=\"twitter:data1\" content=\"Nexo Informativo\" \/>\n\t<meta name=\"twitter:label2\" content=\"Tiempo de lectura\" \/>\n\t<meta name=\"twitter:data2\" content=\"2 minutos\" \/>\n<script type=\"application\/ld+json\" class=\"yoast-schema-graph\">{\"@context\":\"https:\/\/schema.org\",\"@graph\":[{\"@type\":\"Article\",\"@id\":\"https:\/\/www.nexoinformativo.mx\/index.php\/2025\/05\/24\/gran-oportunidad-feria-de-empleo-en-san-juan-del-rio-ofrece-mas-de-mil-vacantes\/#article\",\"isPartOf\":{\"@id\":\"https:\/\/www.nexoinformativo.mx\/index.php\/2025\/05\/24\/gran-oportunidad-feria-de-empleo-en-san-juan-del-rio-ofrece-mas-de-mil-vacantes\/\"},\"author\":{\"name\":\"Nexo Informativo\",\"@id\":\"https:\/\/www.nexoinformativo.mx\/#\/schema\/person\/7749d380ba08c8ca00d7bc76fd907b7d\"},\"headline\":\"Gran oportunidad Feria de Empleo en San Juan del R\u00edo ofrece m\u00e1s de mil vacantes\",\"datePublished\":\"2025-05-24T16:00:32+00:00\",\"dateModified\":\"2025-05-24T20:54:57+00:00\",\"mainEntityOfPage\":{\"@id\":\"https:\/\/www.nexoinformativo.mx\/index.php\/2025\/05\/24\/gran-oportunidad-feria-de-empleo-en-san-juan-del-rio-ofrece-mas-de-mil-vacantes\/\"},\"wordCount\":274,\"commentCount\":0,\"publisher\":{\"@id\":\"https:\/\/www.nexoinformativo.mx\/#organization\"},\"image\":{\"@id\":\"https:\/\/www.nexoinformativo.mx\/index.php\/2025\/05\/24\/gran-oportunidad-feria-de-empleo-en-san-juan-del-rio-ofrece-mas-de-mil-vacantes\/#primaryimage\"},\"thumbnailUrl\":\"https:\/\/www.nexoinformativo.mx\/wp-content\/uploads\/2025\/05\/PHOTO-2025-05-24-09-54-37-e1748120044440.jpg\",\"keywords\":[\"EmpleoQuer\u00e9taro\",\"FeriaDeEmpleoSJR\",\"SanJuanDelR\u00edo\",\"VacantesDisponibles\"],\"articleSection\":[\"Municipios\",\"\u00daltima Hora\"],\"inLanguage\":\"es\",\"potentialAction\":[{\"@type\":\"CommentAction\",\"name\":\"Comment\",\"target\":[\"https:\/\/www.nexoinformativo.mx\/index.php\/2025\/05\/24\/gran-oportunidad-feria-de-empleo-en-san-juan-del-rio-ofrece-mas-de-mil-vacantes\/#respond\"]}]},{\"@type\":\"WebPage\",\"@id\":\"https:\/\/www.nexoinformativo.mx\/index.php\/2025\/05\/24\/gran-oportunidad-feria-de-empleo-en-san-juan-del-rio-ofrece-mas-de-mil-vacantes\/\",\"url\":\"https:\/\/www.nexoinformativo.mx\/index.php\/2025\/05\/24\/gran-oportunidad-feria-de-empleo-en-san-juan-del-rio-ofrece-mas-de-mil-vacantes\/\",\"name\":\"Gran oportunidad Feria de Empleo en San Juan del R\u00edo ofrece m\u00e1s de mil vacantes | Nexo Informativo Santiago de Quer\u00e9taro\",\"isPartOf\":{\"@id\":\"https:\/\/www.nexoinformativo.mx\/#website\"},\"primaryImageOfPage\":{\"@id\":\"https:\/\/www.nexoinformativo.mx\/index.php\/2025\/05\/24\/gran-oportunidad-feria-de-empleo-en-san-juan-del-rio-ofrece-mas-de-mil-vacantes\/#primaryimage\"},\"image\":{\"@id\":\"https:\/\/www.nexoinformativo.mx\/index.php\/2025\/05\/24\/gran-oportunidad-feria-de-empleo-en-san-juan-del-rio-ofrece-mas-de-mil-vacantes\/#primaryimage\"},\"thumbnailUrl\":\"https:\/\/www.nexoinformativo.mx\/wp-content\/uploads\/2025\/05\/PHOTO-2025-05-24-09-54-37-e1748120044440.jpg\",\"datePublished\":\"2025-05-24T16:00:32+00:00\",\"dateModified\":\"2025-05-24T20:54:57+00:00\",\"description\":\"Gran oportunidad Feria de Empleo en San Juan del R\u00edo ofrece m\u00e1s de mil vacantes\",\"breadcrumb\":{\"@id\":\"https:\/\/www.nexoinformativo.mx\/index.php\/2025\/05\/24\/gran-oportunidad-feria-de-empleo-en-san-juan-del-rio-ofrece-mas-de-mil-vacantes\/#breadcrumb\"},\"inLanguage\":\"es\",\"potentialAction\":[{\"@type\":\"ReadAction\",\"target\":[\"https:\/\/www.nexoinformativo.mx\/index.php\/2025\/05\/24\/gran-oportunidad-feria-de-empleo-en-san-juan-del-rio-ofrece-mas-de-mil-vacantes\/\"]}]},{\"@type\":\"ImageObject\",\"inLanguage\":\"es\",\"@id\":\"https:\/\/www.nexoinformativo.mx\/index.php\/2025\/05\/24\/gran-oportunidad-feria-de-empleo-en-san-juan-del-rio-ofrece-mas-de-mil-vacantes\/#primaryimage\",\"url\":\"https:\/\/www.nexoinformativo.mx\/wp-content\/uploads\/2025\/05\/PHOTO-2025-05-24-09-54-37-e1748120044440.jpg\",\"contentUrl\":\"https:\/\/www.nexoinformativo.mx\/wp-content\/uploads\/2025\/05\/PHOTO-2025-05-24-09-54-37-e1748120044440.jpg\",\"width\":800,\"height\":808},{\"@type\":\"BreadcrumbList\",\"@id\":\"https:\/\/www.nexoinformativo.mx\/index.php\/2025\/05\/24\/gran-oportunidad-feria-de-empleo-en-san-juan-del-rio-ofrece-mas-de-mil-vacantes\/#breadcrumb\",\"itemListElement\":[{\"@type\":\"ListItem\",\"position\":1,\"name\":\"Inicio\",\"item\":\"https:\/\/www.nexoinformativo.mx\/\"},{\"@type\":\"ListItem\",\"position\":2,\"name\":\"Gran oportunidad Feria de Empleo en San Juan del R\u00edo ofrece m\u00e1s de mil vacantes\"}]},{\"@type\":\"WebSite\",\"@id\":\"https:\/\/www.nexoinformativo.mx\/#website\",\"url\":\"https:\/\/www.nexoinformativo.mx\/\",\"name\":\"Nexo Informativo Santiago de Quer\u00e9taro\",\"description\":\"Explora NexoInformativo y convi\u00e9rtete en parte de una comunidad que valora el conocimiento y la verdad. Tu nexoinformativo es tu puente hacia una comprensi\u00f3n m\u00e1s profunda del mundo que te rodea.\",\"publisher\":{\"@id\":\"https:\/\/www.nexoinformativo.mx\/#organization\"},\"potentialAction\":[{\"@type\":\"SearchAction\",\"target\":{\"@type\":\"EntryPoint\",\"urlTemplate\":\"https:\/\/www.nexoinformativo.mx\/?s={search_term_string}\"},\"query-input\":{\"@type\":\"PropertyValueSpecification\",\"valueRequired\":true,\"valueName\":\"search_term_string\"}}],\"inLanguage\":\"es\"},{\"@type\":\"Organization\",\"@id\":\"https:\/\/www.nexoinformativo.mx\/#organization\",\"name\":\"Nexo Informativo Santiago de Quer\u00e9taro\",\"url\":\"https:\/\/www.nexoinformativo.mx\/\",\"logo\":{\"@type\":\"ImageObject\",\"inLanguage\":\"es\",\"@id\":\"https:\/\/www.nexoinformativo.mx\/#\/schema\/logo\/image\/\",\"url\":\"https:\/\/www.nexoinformativo.mx\/wp-content\/uploads\/2024\/07\/nexoi-trasparente-2.png\",\"contentUrl\":\"https:\/\/www.nexoinformativo.mx\/wp-content\/uploads\/2024\/07\/nexoi-trasparente-2.png\",\"width\":816,\"height\":339,\"caption\":\"Nexo Informativo Santiago de Quer\u00e9taro\"},\"image\":{\"@id\":\"https:\/\/www.nexoinformativo.mx\/#\/schema\/logo\/image\/\"},\"sameAs\":[\"https:\/\/www.facebook.com\/people\/Nexo-Informativo\/61564066885511\/\"]},{\"@type\":\"Person\",\"@id\":\"https:\/\/www.nexoinformativo.mx\/#\/schema\/person\/7749d380ba08c8ca00d7bc76fd907b7d\",\"name\":\"Nexo Informativo\",\"image\":{\"@type\":\"ImageObject\",\"inLanguage\":\"es\",\"@id\":\"https:\/\/www.nexoinformativo.mx\/#\/schema\/person\/image\/\",\"url\":\"https:\/\/secure.gravatar.com\/avatar\/dde2928154642a13d95f87ddf1ea9718fe2b46760a005c53e41ff5ad610704e6?s=96&d=mm&r=g\",\"contentUrl\":\"https:\/\/secure.gravatar.com\/avatar\/dde2928154642a13d95f87ddf1ea9718fe2b46760a005c53e41ff5ad610704e6?s=96&d=mm&r=g\",\"caption\":\"Nexo Informativo\"},\"url\":\"https:\/\/www.nexoinformativo.mx\/index.php\/author\/edicion\/\"}]}<\/script>\n<!-- \/ Yoast SEO plugin. -->","yoast_head_json":{"title":"Gran oportunidad Feria de Empleo en San Juan del R\u00edo ofrece m\u00e1s de mil vacantes | Nexo Informativo Santiago de Quer\u00e9taro","description":"Gran oportunidad Feria de Empleo en San Juan del R\u00edo ofrece m\u00e1s de mil vacantes","robots":{"index":"index","follow":"follow","max-snippet":"max-snippet:-1","max-image-preview":"max-image-preview:large","max-video-preview":"max-video-preview:-1"},"canonical":"https:\/\/www.nexoinformativo.mx\/index.php\/2025\/05\/24\/gran-oportunidad-feria-de-empleo-en-san-juan-del-rio-ofrece-mas-de-mil-vacantes\/","og_locale":"es_MX","og_type":"article","og_title":"Gran oportunidad Feria de Empleo en San Juan del R\u00edo ofrece m\u00e1s de mil vacantes | Nexo Informativo Santiago de Quer\u00e9taro","og_description":"Gran oportunidad Feria de Empleo en San Juan del R\u00edo ofrece m\u00e1s de mil vacantes","og_url":"https:\/\/www.nexoinformativo.mx\/index.php\/2025\/05\/24\/gran-oportunidad-feria-de-empleo-en-san-juan-del-rio-ofrece-mas-de-mil-vacantes\/","og_site_name":"Nexo Informativo Santiago de Quer\u00e9taro","article_publisher":"https:\/\/www.facebook.com\/people\/Nexo-Informativo\/61564066885511\/","article_published_time":"2025-05-24T16:00:32+00:00","article_modified_time":"2025-05-24T20:54:57+00:00","og_image":[{"width":800,"height":808,"url":"https:\/\/www.nexoinformativo.mx\/wp-content\/uploads\/2025\/05\/PHOTO-2025-05-24-09-54-37-e1748120044440.jpg","type":"image\/jpeg"}],"author":"Nexo Informativo","twitter_card":"summary_large_image","twitter_misc":{"Escrito por":"Nexo Informativo","Tiempo de lectura":"2 minutos"},"schema":{"@context":"https:\/\/schema.org","@graph":[{"@type":"Article","@id":"https:\/\/www.nexoinformativo.mx\/index.php\/2025\/05\/24\/gran-oportunidad-feria-de-empleo-en-san-juan-del-rio-ofrece-mas-de-mil-vacantes\/#article","isPartOf":{"@id":"https:\/\/www.nexoinformativo.mx\/index.php\/2025\/05\/24\/gran-oportunidad-feria-de-empleo-en-san-juan-del-rio-ofrece-mas-de-mil-vacantes\/"},"author":{"name":"Nexo Informativo","@id":"https:\/\/www.nexoinformativo.mx\/#\/schema\/person\/7749d380ba08c8ca00d7bc76fd907b7d"},"headline":"Gran oportunidad Feria de Empleo en San Juan del R\u00edo ofrece m\u00e1s de mil vacantes","datePublished":"2025-05-24T16:00:32+00:00","dateModified":"2025-05-24T20:54:57+00:00","mainEntityOfPage":{"@id":"https:\/\/www.nexoinformativo.mx\/index.php\/2025\/05\/24\/gran-oportunidad-feria-de-empleo-en-san-juan-del-rio-ofrece-mas-de-mil-vacantes\/"},"wordCount":274,"commentCount":0,"publisher":{"@id":"https:\/\/www.nexoinformativo.mx\/#organization"},"image":{"@id":"https:\/\/www.nexoinformativo.mx\/index.php\/2025\/05\/24\/gran-oportunidad-feria-de-empleo-en-san-juan-del-rio-ofrece-mas-de-mil-vacantes\/#primaryimage"},"thumbnailUrl":"https:\/\/www.nexoinformativo.mx\/wp-content\/uploads\/2025\/05\/PHOTO-2025-05-24-09-54-37-e1748120044440.jpg","keywords":["EmpleoQuer\u00e9taro","FeriaDeEmpleoSJR","SanJuanDelR\u00edo","VacantesDisponibles"],"articleSection":["Municipios","\u00daltima Hora"],"inLanguage":"es","potentialAction":[{"@type":"CommentAction","name":"Comment","target":["https:\/\/www.nexoinformativo.mx\/index.php\/2025\/05\/24\/gran-oportunidad-feria-de-empleo-en-san-juan-del-rio-ofrece-mas-de-mil-vacantes\/#respond"]}]},{"@type":"WebPage","@id":"https:\/\/www.nexoinformativo.mx\/index.php\/2025\/05\/24\/gran-oportunidad-feria-de-empleo-en-san-juan-del-rio-ofrece-mas-de-mil-vacantes\/","url":"https:\/\/www.nexoinformativo.mx\/index.php\/2025\/05\/24\/gran-oportunidad-feria-de-empleo-en-san-juan-del-rio-ofrece-mas-de-mil-vacantes\/","name":"Gran oportunidad Feria de Empleo en San Juan del R\u00edo ofrece m\u00e1s de mil vacantes | Nexo Informativo Santiago de Quer\u00e9taro","isPartOf":{"@id":"https:\/\/www.nexoinformativo.mx\/#website"},"primaryImageOfPage":{"@id":"https:\/\/www.nexoinformativo.mx\/index.php\/2025\/05\/24\/gran-oportunidad-feria-de-empleo-en-san-juan-del-rio-ofrece-mas-de-mil-vacantes\/#primaryimage"},"image":{"@id":"https:\/\/www.nexoinformativo.mx\/index.php\/2025\/05\/24\/gran-oportunidad-feria-de-empleo-en-san-juan-del-rio-ofrece-mas-de-mil-vacantes\/#primaryimage"},"thumbnailUrl":"https:\/\/www.nexoinformativo.mx\/wp-content\/uploads\/2025\/05\/PHOTO-2025-05-24-09-54-37-e1748120044440.jpg","datePublished":"2025-05-24T16:00:32+00:00","dateModified":"2025-05-24T20:54:57+00:00","description":"Gran oportunidad Feria de Empleo en San Juan del R\u00edo ofrece m\u00e1s de mil vacantes","breadcrumb":{"@id":"https:\/\/www.nexoinformativo.mx\/index.php\/2025\/05\/24\/gran-oportunidad-feria-de-empleo-en-san-juan-del-rio-ofrece-mas-de-mil-vacantes\/#breadcrumb"},"inLanguage":"es","potentialAction":[{"@type":"ReadAction","target":["https:\/\/www.nexoinformativo.mx\/index.php\/2025\/05\/24\/gran-oportunidad-feria-de-empleo-en-san-juan-del-rio-ofrece-mas-de-mil-vacantes\/"]}]},{"@type":"ImageObject","inLanguage":"es","@id":"https:\/\/www.nexoinformativo.mx\/index.php\/2025\/05\/24\/gran-oportunidad-feria-de-empleo-en-san-juan-del-rio-ofrece-mas-de-mil-vacantes\/#primaryimage","url":"https:\/\/www.nexoinformativo.mx\/wp-content\/uploads\/2025\/05\/PHOTO-2025-05-24-09-54-37-e1748120044440.jpg","contentUrl":"https:\/\/www.nexoinformativo.mx\/wp-content\/uploads\/2025\/05\/PHOTO-2025-05-24-09-54-37-e1748120044440.jpg","width":800,"height":808},{"@type":"BreadcrumbList","@id":"https:\/\/www.nexoinformativo.mx\/index.php\/2025\/05\/24\/gran-oportunidad-feria-de-empleo-en-san-juan-del-rio-ofrece-mas-de-mil-vacantes\/#breadcrumb","itemListElement":[{"@type":"ListItem","position":1,"name":"Inicio","item":"https:\/\/www.nexoinformativo.mx\/"},{"@type":"ListItem","position":2,"name":"Gran oportunidad Feria de Empleo en San Juan del R\u00edo ofrece m\u00e1s de mil vacantes"}]},{"@type":"WebSite","@id":"https:\/\/www.nexoinformativo.mx\/#website","url":"https:\/\/www.nexoinformativo.mx\/","name":"Nexo Informativo Santiago de Quer\u00e9taro","description":"Explora NexoInformativo y convi\u00e9rtete en parte de una comunidad que valora el conocimiento y la verdad. Tu nexoinformativo es tu puente hacia una comprensi\u00f3n m\u00e1s profunda del mundo que te rodea.","publisher":{"@id":"https:\/\/www.nexoinformativo.mx\/#organization"},"potentialAction":[{"@type":"SearchAction","target":{"@type":"EntryPoint","urlTemplate":"https:\/\/www.nexoinformativo.mx\/?s={search_term_string}"},"query-input":{"@type":"PropertyValueSpecification","valueRequired":true,"valueName":"search_term_string"}}],"inLanguage":"es"},{"@type":"Organization","@id":"https:\/\/www.nexoinformativo.mx\/#organization","name":"Nexo Informativo Santiago de Quer\u00e9taro","url":"https:\/\/www.nexoinformativo.mx\/","logo":{"@type":"ImageObject","inLanguage":"es","@id":"https:\/\/www.nexoinformativo.mx\/#\/schema\/logo\/image\/","url":"https:\/\/www.nexoinformativo.mx\/wp-content\/uploads\/2024\/07\/nexoi-trasparente-2.png","contentUrl":"https:\/\/www.nexoinformativo.mx\/wp-content\/uploads\/2024\/07\/nexoi-trasparente-2.png","width":816,"height":339,"caption":"Nexo Informativo Santiago de Quer\u00e9taro"},"image":{"@id":"https:\/\/www.nexoinformativo.mx\/#\/schema\/logo\/image\/"},"sameAs":["https:\/\/www.facebook.com\/people\/Nexo-Informativo\/61564066885511\/"]},{"@type":"Person","@id":"https:\/\/www.nexoinformativo.mx\/#\/schema\/person\/7749d380ba08c8ca00d7bc76fd907b7d","name":"Nexo Informativo","image":{"@type":"ImageObject","inLanguage":"es","@id":"https:\/\/www.nexoinformativo.mx\/#\/schema\/person\/image\/","url":"https:\/\/secure.gravatar.com\/avatar\/dde2928154642a13d95f87ddf1ea9718fe2b46760a005c53e41ff5ad610704e6?s=96&d=mm&r=g","contentUrl":"https:\/\/secure.gravatar.com\/avatar\/dde2928154642a13d95f87ddf1ea9718fe2b46760a005c53e41ff5ad610704e6?s=96&d=mm&r=g","caption":"Nexo Informativo"},"url":"https:\/\/www.nexoinformativo.mx\/index.php\/author\/edicion\/"}]}},"_links":{"self":[{"href":"https:\/\/www.nexoinformativo.mx\/index.php\/wp-json\/wp\/v2\/posts\/15237","targetHints":{"allow":["GET"]}}],"collection":[{"href":"https:\/\/www.nexoinformativo.mx\/index.php\/wp-json\/wp\/v2\/posts"}],"about":[{"href":"https:\/\/www.nexoinformativo.mx\/index.php\/wp-json\/wp\/v2\/types\/post"}],"author":[{"embeddable":true,"href":"https:\/\/www.nexoinformativo.mx\/index.php\/wp-json\/wp\/v2\/users\/3"}],"replies":[{"embeddable":true,"href":"https:\/\/www.nexoinformativo.mx\/index.php\/wp-json\/wp\/v2\/comments?post=15237"}],"version-history":[{"count":3,"href":"https:\/\/www.nexoinformativo.mx\/index.php\/wp-json\/wp\/v2\/posts\/15237\/revisions"}],"predecessor-version":[{"id":15241,"href":"https:\/\/www.nexoinformativo.mx\/index.php\/wp-json\/wp\/v2\/posts\/15237\/revisions\/15241"}],"wp:featuredmedia":[{"embeddable":true,"href":"https:\/\/www.nexoinformativo.mx\/index.php\/wp-json\/wp\/v2\/media\/15238"}],"wp:attachment":[{"href":"https:\/\/www.nexoinformativo.mx\/index.php\/wp-json\/wp\/v2\/media?parent=15237"}],"wp:term":[{"taxonomy":"category","embeddable":true,"href":"https:\/\/www.nexoinformativo.mx\/index.php\/wp-json\/wp\/v2\/categories?post=15237"},{"taxonomy":"post_tag","embeddable":true,"href":"https:\/\/www.nexoinformativo.mx\/index.php\/wp-json\/wp\/v2\/tags?post=15237"}],"curies":[{"name":"wp","href":"https:\/\/api.w.org\/{rel}","templated":true}]}}