{"id":15247,"date":"2025-05-24T12:00:01","date_gmt":"2025-05-24T18:00:01","guid":{"rendered":"https:\/\/www.nexoinformativo.mx\/?p=15247"},"modified":"2025-05-24T15:10:51","modified_gmt":"2025-05-24T21:10:51","slug":"alerta-por-dengue-en-queretaro-sesa-confirma-18-casos-y-llama-a-la-prevencion","status":"publish","type":"post","link":"https:\/\/www.nexoinformativo.mx\/index.php\/2025\/05\/24\/alerta-por-dengue-en-queretaro-sesa-confirma-18-casos-y-llama-a-la-prevencion\/","title":{"rendered":"Alerta por dengue en Quer\u00e9taro SESA confirma 18 casos y llama a la prevenci\u00f3n"},"content":{"rendered":"<p style=\"text-align: justify;\" data-sourcepos=\"3:1-3:384\">La Secretar\u00eda de Salud (SESA) de Quer\u00e9taro ha lanzado un llamado urgente a la poblaci\u00f3n para que extreme precauciones ante el incremento de casos de dengue en el pa\u00eds. Es crucial eliminar los criaderos de mosquitos, protegerse de las picaduras y buscar atenci\u00f3n m\u00e9dica a tiempo si se presentan s\u00edntomas.<\/p>\n<\/p>\n<p>&nbsp;<\/p>\n<p style=\"text-align: justify;\" data-sourcepos=\"5:1-5:451\">Hasta el 23 de mayo de 2025, Quer\u00e9taro ha registrado 18 casos positivos de dengue, afectando a diez mujeres y ocho hombres. Los casos se han detectado en los municipios de Cadereyta de Montes (1), El Marqu\u00e9s (2), Jalpan de Serra (5), Pe\u00f1amiller (2), Quer\u00e9taro (7) y Tequisquiapan (1).<\/p>\n<\/p>\n<p>&nbsp;<\/p>\n<p style=\"text-align: justify;\" data-sourcepos=\"5:1-5:451\">De estos, 12 son dengue no grave y cinco presentan signos de alarma. A nivel nacional, se reportan 3 mil 511 casos positivos y 18 defunciones por esta enfermedad.<\/p>\n<\/p>\n<p>&nbsp;<\/p>\n<p style=\"text-align: justify;\" data-sourcepos=\"11:1-11:255\">Entre el 1 de enero y el 30 de abril de 2025, se realizaron acciones de control en 29 localidades, recolectando 16.95 toneladas de cacharros.<\/p>\n<\/p>\n<p>&nbsp;<\/p>\n<p style=\"text-align: justify;\" data-sourcepos=\"13:1-13:373\">Adem\u00e1s, se llev\u00f3 a cabo control larvario, aplicando abate en 24 mil cuatro casas y 49 mil 232 dep\u00f3sitos, protegiendo a 61 mil 171 habitantes. Tambi\u00e9n se fumigaron mil 222 casas y se realiz\u00f3 fumigaci\u00f3n espacial en 180 hect\u00e1reas.<\/p>\n<\/p>\n<p>&nbsp;<\/p>\n<p style=\"text-align: justify;\" data-sourcepos=\"15:1-15:272\">Ante un posible caso de dengue, SESA activa un protocolo de seguimiento epidemiol\u00f3gico y b\u00fasqueda intencionada de casos. Las brigadas visitan casa por casa para eliminar criaderos y al agente transmisor.<\/p>\n<\/p>\n<p>&nbsp;<\/p>\n<p style=\"text-align: justify;\" data-sourcepos=\"15:1-15:272\">Las personas con mayor riesgo de dengue grave son menores de un a\u00f1o, mayores de 65, embarazadas y quienes padecen otras enfermedades no controladas. No existe tratamiento espec\u00edfico, por lo que el manejo es sintom\u00e1tico.<\/p>\n<\/p>\n<p>&nbsp;<\/p>\n<p style=\"text-align: center;\" data-sourcepos=\"15:1-15:272\"><em><strong>\u00a1Informaci\u00f3n que transforma!<\/strong><\/em><\/p>\n","protected":false},"excerpt":{"rendered":"<p>La Secretar\u00eda de Salud (SESA) de Quer\u00e9taro ha lanzado un llamado urgente a la poblaci\u00f3n para que extreme precauciones ante el incremento de casos de dengue en el pa\u00eds. Es crucial eliminar los criaderos de mosquitos, protegerse de las picaduras y buscar atenci\u00f3n m\u00e9dica a tiempo si se presentan s\u00edntomas.<\/p>\n","protected":false},"author":3,"featured_media":15248,"comment_status":"open","ping_status":"open","sticky":false,"template":"","format":"standard","meta":{"footnotes":""},"categories":[42,137,58],"tags":[318,4458,948,2104],"class_list":["post-15247","post","type-post","status-publish","format-standard","has-post-thumbnail","hentry","category-estado","category-sucesos","category-ultima-hora","tag-denguequeretaro","tag-mosquitocero","tag-prevenciondengue","tag-sesaqueretaro"],"yoast_head":"<!-- This site is optimized with the Yoast SEO plugin v25.0 - https:\/\/yoast.com\/wordpress\/plugins\/seo\/ -->\n<title>Alerta por dengue en Quer\u00e9taro SESA confirma 18 casos y llama a la prevenci\u00f3n | Nexo Informativo Santiago de Quer\u00e9taro<\/title>\n<meta name=\"description\" content=\"Alerta por dengue en Quer\u00e9taro SESA confirma 18 casos y llama a la prevenci\u00f3n\" \/>\n<meta name=\"robots\" content=\"index, follow, max-snippet:-1, max-image-preview:large, max-video-preview:-1\" \/>\n<link rel=\"canonical\" href=\"https:\/\/www.nexoinformativo.mx\/index.php\/2025\/05\/24\/alerta-por-dengue-en-queretaro-sesa-confirma-18-casos-y-llama-a-la-prevencion\/\" \/>\n<meta property=\"og:locale\" content=\"es_MX\" \/>\n<meta property=\"og:type\" content=\"article\" \/>\n<meta property=\"og:title\" content=\"Alerta por dengue en Quer\u00e9taro SESA confirma 18 casos y llama a la prevenci\u00f3n | Nexo Informativo Santiago de Quer\u00e9taro\" \/>\n<meta property=\"og:description\" content=\"Alerta por dengue en Quer\u00e9taro SESA confirma 18 casos y llama a la prevenci\u00f3n\" \/>\n<meta property=\"og:url\" content=\"https:\/\/www.nexoinformativo.mx\/index.php\/2025\/05\/24\/alerta-por-dengue-en-queretaro-sesa-confirma-18-casos-y-llama-a-la-prevencion\/\" \/>\n<meta property=\"og:site_name\" content=\"Nexo Informativo Santiago de Quer\u00e9taro\" \/>\n<meta property=\"article:publisher\" content=\"https:\/\/www.facebook.com\/people\/Nexo-Informativo\/61564066885511\/\" \/>\n<meta property=\"article:published_time\" content=\"2025-05-24T18:00:01+00:00\" \/>\n<meta property=\"article:modified_time\" content=\"2025-05-24T21:10:51+00:00\" \/>\n<meta property=\"og:image\" content=\"https:\/\/www.nexoinformativo.mx\/wp-content\/uploads\/2025\/05\/PHOTO-2025-05-24-15-05-29-e1748121002564.jpg\" \/>\n\t<meta property=\"og:image:width\" content=\"700\" \/>\n\t<meta property=\"og:image:height\" content=\"727\" \/>\n\t<meta property=\"og:image:type\" content=\"image\/jpeg\" \/>\n<meta name=\"author\" content=\"Nexo Informativo\" \/>\n<meta name=\"twitter:card\" content=\"summary_large_image\" \/>\n<meta name=\"twitter:label1\" content=\"Escrito por\" \/>\n\t<meta name=\"twitter:data1\" content=\"Nexo Informativo\" \/>\n\t<meta name=\"twitter:label2\" content=\"Tiempo de lectura\" \/>\n\t<meta name=\"twitter:data2\" content=\"2 minutos\" \/>\n<script type=\"application\/ld+json\" class=\"yoast-schema-graph\">{\"@context\":\"https:\/\/schema.org\",\"@graph\":[{\"@type\":\"Article\",\"@id\":\"https:\/\/www.nexoinformativo.mx\/index.php\/2025\/05\/24\/alerta-por-dengue-en-queretaro-sesa-confirma-18-casos-y-llama-a-la-prevencion\/#article\",\"isPartOf\":{\"@id\":\"https:\/\/www.nexoinformativo.mx\/index.php\/2025\/05\/24\/alerta-por-dengue-en-queretaro-sesa-confirma-18-casos-y-llama-a-la-prevencion\/\"},\"author\":{\"name\":\"Nexo Informativo\",\"@id\":\"https:\/\/www.nexoinformativo.mx\/#\/schema\/person\/7749d380ba08c8ca00d7bc76fd907b7d\"},\"headline\":\"Alerta por dengue en Quer\u00e9taro SESA confirma 18 casos y llama a la prevenci\u00f3n\",\"datePublished\":\"2025-05-24T18:00:01+00:00\",\"dateModified\":\"2025-05-24T21:10:51+00:00\",\"mainEntityOfPage\":{\"@id\":\"https:\/\/www.nexoinformativo.mx\/index.php\/2025\/05\/24\/alerta-por-dengue-en-queretaro-sesa-confirma-18-casos-y-llama-a-la-prevencion\/\"},\"wordCount\":279,\"commentCount\":0,\"publisher\":{\"@id\":\"https:\/\/www.nexoinformativo.mx\/#organization\"},\"image\":{\"@id\":\"https:\/\/www.nexoinformativo.mx\/index.php\/2025\/05\/24\/alerta-por-dengue-en-queretaro-sesa-confirma-18-casos-y-llama-a-la-prevencion\/#primaryimage\"},\"thumbnailUrl\":\"https:\/\/www.nexoinformativo.mx\/wp-content\/uploads\/2025\/05\/PHOTO-2025-05-24-15-05-29-e1748121002564.jpg\",\"keywords\":[\"DengueQuer\u00e9taro\",\"MosquitoCero\",\"Prevenci\u00f3nDengue\",\"SESAQuer\u00e9taro\"],\"articleSection\":[\"Estado\",\"Sucesos\",\"\u00daltima Hora\"],\"inLanguage\":\"es\",\"potentialAction\":[{\"@type\":\"CommentAction\",\"name\":\"Comment\",\"target\":[\"https:\/\/www.nexoinformativo.mx\/index.php\/2025\/05\/24\/alerta-por-dengue-en-queretaro-sesa-confirma-18-casos-y-llama-a-la-prevencion\/#respond\"]}]},{\"@type\":\"WebPage\",\"@id\":\"https:\/\/www.nexoinformativo.mx\/index.php\/2025\/05\/24\/alerta-por-dengue-en-queretaro-sesa-confirma-18-casos-y-llama-a-la-prevencion\/\",\"url\":\"https:\/\/www.nexoinformativo.mx\/index.php\/2025\/05\/24\/alerta-por-dengue-en-queretaro-sesa-confirma-18-casos-y-llama-a-la-prevencion\/\",\"name\":\"Alerta por dengue en Quer\u00e9taro SESA confirma 18 casos y llama a la prevenci\u00f3n | Nexo Informativo Santiago de Quer\u00e9taro\",\"isPartOf\":{\"@id\":\"https:\/\/www.nexoinformativo.mx\/#website\"},\"primaryImageOfPage\":{\"@id\":\"https:\/\/www.nexoinformativo.mx\/index.php\/2025\/05\/24\/alerta-por-dengue-en-queretaro-sesa-confirma-18-casos-y-llama-a-la-prevencion\/#primaryimage\"},\"image\":{\"@id\":\"https:\/\/www.nexoinformativo.mx\/index.php\/2025\/05\/24\/alerta-por-dengue-en-queretaro-sesa-confirma-18-casos-y-llama-a-la-prevencion\/#primaryimage\"},\"thumbnailUrl\":\"https:\/\/www.nexoinformativo.mx\/wp-content\/uploads\/2025\/05\/PHOTO-2025-05-24-15-05-29-e1748121002564.jpg\",\"datePublished\":\"2025-05-24T18:00:01+00:00\",\"dateModified\":\"2025-05-24T21:10:51+00:00\",\"description\":\"Alerta por dengue en Quer\u00e9taro SESA confirma 18 casos y llama a la prevenci\u00f3n\",\"breadcrumb\":{\"@id\":\"https:\/\/www.nexoinformativo.mx\/index.php\/2025\/05\/24\/alerta-por-dengue-en-queretaro-sesa-confirma-18-casos-y-llama-a-la-prevencion\/#breadcrumb\"},\"inLanguage\":\"es\",\"potentialAction\":[{\"@type\":\"ReadAction\",\"target\":[\"https:\/\/www.nexoinformativo.mx\/index.php\/2025\/05\/24\/alerta-por-dengue-en-queretaro-sesa-confirma-18-casos-y-llama-a-la-prevencion\/\"]}]},{\"@type\":\"ImageObject\",\"inLanguage\":\"es\",\"@id\":\"https:\/\/www.nexoinformativo.mx\/index.php\/2025\/05\/24\/alerta-por-dengue-en-queretaro-sesa-confirma-18-casos-y-llama-a-la-prevencion\/#primaryimage\",\"url\":\"https:\/\/www.nexoinformativo.mx\/wp-content\/uploads\/2025\/05\/PHOTO-2025-05-24-15-05-29-e1748121002564.jpg\",\"contentUrl\":\"https:\/\/www.nexoinformativo.mx\/wp-content\/uploads\/2025\/05\/PHOTO-2025-05-24-15-05-29-e1748121002564.jpg\",\"width\":700,\"height\":727},{\"@type\":\"BreadcrumbList\",\"@id\":\"https:\/\/www.nexoinformativo.mx\/index.php\/2025\/05\/24\/alerta-por-dengue-en-queretaro-sesa-confirma-18-casos-y-llama-a-la-prevencion\/#breadcrumb\",\"itemListElement\":[{\"@type\":\"ListItem\",\"position\":1,\"name\":\"Inicio\",\"item\":\"https:\/\/www.nexoinformativo.mx\/\"},{\"@type\":\"ListItem\",\"position\":2,\"name\":\"Alerta por dengue en Quer\u00e9taro SESA confirma 18 casos y llama a la prevenci\u00f3n\"}]},{\"@type\":\"WebSite\",\"@id\":\"https:\/\/www.nexoinformativo.mx\/#website\",\"url\":\"https:\/\/www.nexoinformativo.mx\/\",\"name\":\"Nexo Informativo Santiago de Quer\u00e9taro\",\"description\":\"Explora NexoInformativo y convi\u00e9rtete en parte de una comunidad que valora el conocimiento y la verdad. Tu nexoinformativo es tu puente hacia una comprensi\u00f3n m\u00e1s profunda del mundo que te rodea.\",\"publisher\":{\"@id\":\"https:\/\/www.nexoinformativo.mx\/#organization\"},\"potentialAction\":[{\"@type\":\"SearchAction\",\"target\":{\"@type\":\"EntryPoint\",\"urlTemplate\":\"https:\/\/www.nexoinformativo.mx\/?s={search_term_string}\"},\"query-input\":{\"@type\":\"PropertyValueSpecification\",\"valueRequired\":true,\"valueName\":\"search_term_string\"}}],\"inLanguage\":\"es\"},{\"@type\":\"Organization\",\"@id\":\"https:\/\/www.nexoinformativo.mx\/#organization\",\"name\":\"Nexo Informativo Santiago de Quer\u00e9taro\",\"url\":\"https:\/\/www.nexoinformativo.mx\/\",\"logo\":{\"@type\":\"ImageObject\",\"inLanguage\":\"es\",\"@id\":\"https:\/\/www.nexoinformativo.mx\/#\/schema\/logo\/image\/\",\"url\":\"https:\/\/www.nexoinformativo.mx\/wp-content\/uploads\/2024\/07\/nexoi-trasparente-2.png\",\"contentUrl\":\"https:\/\/www.nexoinformativo.mx\/wp-content\/uploads\/2024\/07\/nexoi-trasparente-2.png\",\"width\":816,\"height\":339,\"caption\":\"Nexo Informativo Santiago de Quer\u00e9taro\"},\"image\":{\"@id\":\"https:\/\/www.nexoinformativo.mx\/#\/schema\/logo\/image\/\"},\"sameAs\":[\"https:\/\/www.facebook.com\/people\/Nexo-Informativo\/61564066885511\/\"]},{\"@type\":\"Person\",\"@id\":\"https:\/\/www.nexoinformativo.mx\/#\/schema\/person\/7749d380ba08c8ca00d7bc76fd907b7d\",\"name\":\"Nexo Informativo\",\"image\":{\"@type\":\"ImageObject\",\"inLanguage\":\"es\",\"@id\":\"https:\/\/www.nexoinformativo.mx\/#\/schema\/person\/image\/\",\"url\":\"https:\/\/secure.gravatar.com\/avatar\/dde2928154642a13d95f87ddf1ea9718fe2b46760a005c53e41ff5ad610704e6?s=96&d=mm&r=g\",\"contentUrl\":\"https:\/\/secure.gravatar.com\/avatar\/dde2928154642a13d95f87ddf1ea9718fe2b46760a005c53e41ff5ad610704e6?s=96&d=mm&r=g\",\"caption\":\"Nexo Informativo\"},\"url\":\"https:\/\/www.nexoinformativo.mx\/index.php\/author\/edicion\/\"}]}<\/script>\n<!-- \/ Yoast SEO plugin. -->","yoast_head_json":{"title":"Alerta por dengue en Quer\u00e9taro SESA confirma 18 casos y llama a la prevenci\u00f3n | Nexo Informativo Santiago de Quer\u00e9taro","description":"Alerta por dengue en Quer\u00e9taro SESA confirma 18 casos y llama a la prevenci\u00f3n","robots":{"index":"index","follow":"follow","max-snippet":"max-snippet:-1","max-image-preview":"max-image-preview:large","max-video-preview":"max-video-preview:-1"},"canonical":"https:\/\/www.nexoinformativo.mx\/index.php\/2025\/05\/24\/alerta-por-dengue-en-queretaro-sesa-confirma-18-casos-y-llama-a-la-prevencion\/","og_locale":"es_MX","og_type":"article","og_title":"Alerta por dengue en Quer\u00e9taro SESA confirma 18 casos y llama a la prevenci\u00f3n | Nexo Informativo Santiago de Quer\u00e9taro","og_description":"Alerta por dengue en Quer\u00e9taro SESA confirma 18 casos y llama a la prevenci\u00f3n","og_url":"https:\/\/www.nexoinformativo.mx\/index.php\/2025\/05\/24\/alerta-por-dengue-en-queretaro-sesa-confirma-18-casos-y-llama-a-la-prevencion\/","og_site_name":"Nexo Informativo Santiago de Quer\u00e9taro","article_publisher":"https:\/\/www.facebook.com\/people\/Nexo-Informativo\/61564066885511\/","article_published_time":"2025-05-24T18:00:01+00:00","article_modified_time":"2025-05-24T21:10:51+00:00","og_image":[{"width":700,"height":727,"url":"https:\/\/www.nexoinformativo.mx\/wp-content\/uploads\/2025\/05\/PHOTO-2025-05-24-15-05-29-e1748121002564.jpg","type":"image\/jpeg"}],"author":"Nexo Informativo","twitter_card":"summary_large_image","twitter_misc":{"Escrito por":"Nexo Informativo","Tiempo de lectura":"2 minutos"},"schema":{"@context":"https:\/\/schema.org","@graph":[{"@type":"Article","@id":"https:\/\/www.nexoinformativo.mx\/index.php\/2025\/05\/24\/alerta-por-dengue-en-queretaro-sesa-confirma-18-casos-y-llama-a-la-prevencion\/#article","isPartOf":{"@id":"https:\/\/www.nexoinformativo.mx\/index.php\/2025\/05\/24\/alerta-por-dengue-en-queretaro-sesa-confirma-18-casos-y-llama-a-la-prevencion\/"},"author":{"name":"Nexo Informativo","@id":"https:\/\/www.nexoinformativo.mx\/#\/schema\/person\/7749d380ba08c8ca00d7bc76fd907b7d"},"headline":"Alerta por dengue en Quer\u00e9taro SESA confirma 18 casos y llama a la prevenci\u00f3n","datePublished":"2025-05-24T18:00:01+00:00","dateModified":"2025-05-24T21:10:51+00:00","mainEntityOfPage":{"@id":"https:\/\/www.nexoinformativo.mx\/index.php\/2025\/05\/24\/alerta-por-dengue-en-queretaro-sesa-confirma-18-casos-y-llama-a-la-prevencion\/"},"wordCount":279,"commentCount":0,"publisher":{"@id":"https:\/\/www.nexoinformativo.mx\/#organization"},"image":{"@id":"https:\/\/www.nexoinformativo.mx\/index.php\/2025\/05\/24\/alerta-por-dengue-en-queretaro-sesa-confirma-18-casos-y-llama-a-la-prevencion\/#primaryimage"},"thumbnailUrl":"https:\/\/www.nexoinformativo.mx\/wp-content\/uploads\/2025\/05\/PHOTO-2025-05-24-15-05-29-e1748121002564.jpg","keywords":["DengueQuer\u00e9taro","MosquitoCero","Prevenci\u00f3nDengue","SESAQuer\u00e9taro"],"articleSection":["Estado","Sucesos","\u00daltima Hora"],"inLanguage":"es","potentialAction":[{"@type":"CommentAction","name":"Comment","target":["https:\/\/www.nexoinformativo.mx\/index.php\/2025\/05\/24\/alerta-por-dengue-en-queretaro-sesa-confirma-18-casos-y-llama-a-la-prevencion\/#respond"]}]},{"@type":"WebPage","@id":"https:\/\/www.nexoinformativo.mx\/index.php\/2025\/05\/24\/alerta-por-dengue-en-queretaro-sesa-confirma-18-casos-y-llama-a-la-prevencion\/","url":"https:\/\/www.nexoinformativo.mx\/index.php\/2025\/05\/24\/alerta-por-dengue-en-queretaro-sesa-confirma-18-casos-y-llama-a-la-prevencion\/","name":"Alerta por dengue en Quer\u00e9taro SESA confirma 18 casos y llama a la prevenci\u00f3n | Nexo Informativo Santiago de Quer\u00e9taro","isPartOf":{"@id":"https:\/\/www.nexoinformativo.mx\/#website"},"primaryImageOfPage":{"@id":"https:\/\/www.nexoinformativo.mx\/index.php\/2025\/05\/24\/alerta-por-dengue-en-queretaro-sesa-confirma-18-casos-y-llama-a-la-prevencion\/#primaryimage"},"image":{"@id":"https:\/\/www.nexoinformativo.mx\/index.php\/2025\/05\/24\/alerta-por-dengue-en-queretaro-sesa-confirma-18-casos-y-llama-a-la-prevencion\/#primaryimage"},"thumbnailUrl":"https:\/\/www.nexoinformativo.mx\/wp-content\/uploads\/2025\/05\/PHOTO-2025-05-24-15-05-29-e1748121002564.jpg","datePublished":"2025-05-24T18:00:01+00:00","dateModified":"2025-05-24T21:10:51+00:00","description":"Alerta por dengue en Quer\u00e9taro SESA confirma 18 casos y llama a la prevenci\u00f3n","breadcrumb":{"@id":"https:\/\/www.nexoinformativo.mx\/index.php\/2025\/05\/24\/alerta-por-dengue-en-queretaro-sesa-confirma-18-casos-y-llama-a-la-prevencion\/#breadcrumb"},"inLanguage":"es","potentialAction":[{"@type":"ReadAction","target":["https:\/\/www.nexoinformativo.mx\/index.php\/2025\/05\/24\/alerta-por-dengue-en-queretaro-sesa-confirma-18-casos-y-llama-a-la-prevencion\/"]}]},{"@type":"ImageObject","inLanguage":"es","@id":"https:\/\/www.nexoinformativo.mx\/index.php\/2025\/05\/24\/alerta-por-dengue-en-queretaro-sesa-confirma-18-casos-y-llama-a-la-prevencion\/#primaryimage","url":"https:\/\/www.nexoinformativo.mx\/wp-content\/uploads\/2025\/05\/PHOTO-2025-05-24-15-05-29-e1748121002564.jpg","contentUrl":"https:\/\/www.nexoinformativo.mx\/wp-content\/uploads\/2025\/05\/PHOTO-2025-05-24-15-05-29-e1748121002564.jpg","width":700,"height":727},{"@type":"BreadcrumbList","@id":"https:\/\/www.nexoinformativo.mx\/index.php\/2025\/05\/24\/alerta-por-dengue-en-queretaro-sesa-confirma-18-casos-y-llama-a-la-prevencion\/#breadcrumb","itemListElement":[{"@type":"ListItem","position":1,"name":"Inicio","item":"https:\/\/www.nexoinformativo.mx\/"},{"@type":"ListItem","position":2,"name":"Alerta por dengue en Quer\u00e9taro SESA confirma 18 casos y llama a la prevenci\u00f3n"}]},{"@type":"WebSite","@id":"https:\/\/www.nexoinformativo.mx\/#website","url":"https:\/\/www.nexoinformativo.mx\/","name":"Nexo Informativo Santiago de Quer\u00e9taro","description":"Explora NexoInformativo y convi\u00e9rtete en parte de una comunidad que valora el conocimiento y la verdad. Tu nexoinformativo es tu puente hacia una comprensi\u00f3n m\u00e1s profunda del mundo que te rodea.","publisher":{"@id":"https:\/\/www.nexoinformativo.mx\/#organization"},"potentialAction":[{"@type":"SearchAction","target":{"@type":"EntryPoint","urlTemplate":"https:\/\/www.nexoinformativo.mx\/?s={search_term_string}"},"query-input":{"@type":"PropertyValueSpecification","valueRequired":true,"valueName":"search_term_string"}}],"inLanguage":"es"},{"@type":"Organization","@id":"https:\/\/www.nexoinformativo.mx\/#organization","name":"Nexo Informativo Santiago de Quer\u00e9taro","url":"https:\/\/www.nexoinformativo.mx\/","logo":{"@type":"ImageObject","inLanguage":"es","@id":"https:\/\/www.nexoinformativo.mx\/#\/schema\/logo\/image\/","url":"https:\/\/www.nexoinformativo.mx\/wp-content\/uploads\/2024\/07\/nexoi-trasparente-2.png","contentUrl":"https:\/\/www.nexoinformativo.mx\/wp-content\/uploads\/2024\/07\/nexoi-trasparente-2.png","width":816,"height":339,"caption":"Nexo Informativo Santiago de Quer\u00e9taro"},"image":{"@id":"https:\/\/www.nexoinformativo.mx\/#\/schema\/logo\/image\/"},"sameAs":["https:\/\/www.facebook.com\/people\/Nexo-Informativo\/61564066885511\/"]},{"@type":"Person","@id":"https:\/\/www.nexoinformativo.mx\/#\/schema\/person\/7749d380ba08c8ca00d7bc76fd907b7d","name":"Nexo Informativo","image":{"@type":"ImageObject","inLanguage":"es","@id":"https:\/\/www.nexoinformativo.mx\/#\/schema\/person\/image\/","url":"https:\/\/secure.gravatar.com\/avatar\/dde2928154642a13d95f87ddf1ea9718fe2b46760a005c53e41ff5ad610704e6?s=96&d=mm&r=g","contentUrl":"https:\/\/secure.gravatar.com\/avatar\/dde2928154642a13d95f87ddf1ea9718fe2b46760a005c53e41ff5ad610704e6?s=96&d=mm&r=g","caption":"Nexo Informativo"},"url":"https:\/\/www.nexoinformativo.mx\/index.php\/author\/edicion\/"}]}},"_links":{"self":[{"href":"https:\/\/www.nexoinformativo.mx\/index.php\/wp-json\/wp\/v2\/posts\/15247","targetHints":{"allow":["GET"]}}],"collection":[{"href":"https:\/\/www.nexoinformativo.mx\/index.php\/wp-json\/wp\/v2\/posts"}],"about":[{"href":"https:\/\/www.nexoinformativo.mx\/index.php\/wp-json\/wp\/v2\/types\/post"}],"author":[{"embeddable":true,"href":"https:\/\/www.nexoinformativo.mx\/index.php\/wp-json\/wp\/v2\/users\/3"}],"replies":[{"embeddable":true,"href":"https:\/\/www.nexoinformativo.mx\/index.php\/wp-json\/wp\/v2\/comments?post=15247"}],"version-history":[{"count":3,"href":"https:\/\/www.nexoinformativo.mx\/index.php\/wp-json\/wp\/v2\/posts\/15247\/revisions"}],"predecessor-version":[{"id":15251,"href":"https:\/\/www.nexoinformativo.mx\/index.php\/wp-json\/wp\/v2\/posts\/15247\/revisions\/15251"}],"wp:featuredmedia":[{"embeddable":true,"href":"https:\/\/www.nexoinformativo.mx\/index.php\/wp-json\/wp\/v2\/media\/15248"}],"wp:attachment":[{"href":"https:\/\/www.nexoinformativo.mx\/index.php\/wp-json\/wp\/v2\/media?parent=15247"}],"wp:term":[{"taxonomy":"category","embeddable":true,"href":"https:\/\/www.nexoinformativo.mx\/index.php\/wp-json\/wp\/v2\/categories?post=15247"},{"taxonomy":"post_tag","embeddable":true,"href":"https:\/\/www.nexoinformativo.mx\/index.php\/wp-json\/wp\/v2\/tags?post=15247"}],"curies":[{"name":"wp","href":"https:\/\/api.w.org\/{rel}","templated":true}]}}