{"id":15269,"date":"2025-05-26T09:00:34","date_gmt":"2025-05-26T15:00:34","guid":{"rendered":"https:\/\/www.nexoinformativo.mx\/?p=15269"},"modified":"2025-05-26T13:45:34","modified_gmt":"2025-05-26T19:45:34","slug":"exportar-sin-deforestar-mexico-refuerza-medidas-para-cumplir-con-nuevas-reglas-de-la-union-europea","status":"publish","type":"post","link":"https:\/\/www.nexoinformativo.mx\/index.php\/2025\/05\/26\/exportar-sin-deforestar-mexico-refuerza-medidas-para-cumplir-con-nuevas-reglas-de-la-union-europea\/","title":{"rendered":"Exportar sin deforestar M\u00e9xico refuerza medidas para cumplir con nuevas reglas de la Union Europea"},"content":{"rendered":"<p style=\"text-align: justify;\" data-sourcepos=\"3:1-3:504\">El Gobierno de M\u00e9xico ha sido clasificado por la Comisi\u00f3n Europea como pa\u00eds de \u201criesgo est\u00e1ndar\u201d en el marco del nuevo Reglamento sobre Productos Libres de Deforestaci\u00f3n (EUDR).<\/p>\n<p>&nbsp;<\/p>\n<p style=\"text-align: justify;\" data-sourcepos=\"3:1-3:504\">Esto significa que, si bien las exportaciones a la Uni\u00f3n Europea (UE) de productos como caf\u00e9, cacao, aceite de palma, caucho y madera no se detienen, s\u00ed deber\u00e1n cumplir con estrictos requisitos de trazabilidad a partir de 2025 y 2026.<\/p>\n<p>&nbsp;<\/p>\n<p style=\"text-align: justify;\" data-sourcepos=\"5:1-5:496\">Las secretar\u00edas de Agricultura y Desarrollo Rural, Econom\u00eda, Medio Ambiente y Recursos Naturales, y Relaciones Exteriores informaron que esta medida no pone en riesgo el comercio, pero exigir\u00e1 a los productores demostrar que sus productos no provienen de zonas deforestadas.<\/p>\n<p>&nbsp;<\/p>\n<p style=\"text-align: justify;\" data-sourcepos=\"5:1-5:496\">Por ello, ya se iniciaron consultas con productores y exportadores nacionales para brindar acompa\u00f1amiento t\u00e9cnico y asegurar que cumplan con las nuevas reglas, evitando cualquier interrupci\u00f3n en el comercio con la UE.<\/p>\n<p>&nbsp;<\/p>\n<p style=\"text-align: justify;\" data-sourcepos=\"11:1-11:279\">El reglamento europeo abarca siete productos b\u00e1sicos y sus derivados: ganado bovino, cacao, caf\u00e9, aceite de palma, caucho, soya y madera. Para pa\u00edses de &#8220;riesgo est\u00e1ndar&#8221; como M\u00e9xico, las autoridades europeas revisar\u00e1n una muestra aleatoria equivalente al 3% de los exportadores.<\/p>\n<p>&nbsp;<\/p>\n<p style=\"text-align: justify;\" data-sourcepos=\"13:1-13:511\">La Secretar\u00eda de Agricultura y Desarrollo Rural ha firmado convenios con las principales cadenas de valor para comprometerse a una producci\u00f3n 100 por ciento libre de deforestaci\u00f3n, sin afectar \u00c1reas Naturales Protegidas.<\/p>\n<p>&nbsp;<\/p>\n<p style=\"text-align: justify;\" data-sourcepos=\"15:1-15:187\">El reglamento entrar\u00e1 en vigor para los grandes operadores el 30 de diciembre de 2025, y para los peque\u00f1os operadores (micro, peque\u00f1as y medianas empresas) el 30 de junio de 2026.<\/p>\n<p>&nbsp;<\/p>\n<p style=\"text-align: justify;\" data-sourcepos=\"23:1-23:187\">El Gobierno de M\u00e9xico ha iniciado conversaciones con la Comisi\u00f3n Europea y su representaci\u00f3n en el pa\u00eds para exponer los avances alcanzados y generar consensos a trav\u00e9s de la cooperaci\u00f3n.<\/p>\n<p>&nbsp;<\/p>\n<p style=\"text-align: justify;\" data-sourcepos=\"25:1-25:449\">Las secretar\u00edas involucradas seguir\u00e1n trabajando de cerca con las cadenas de valor y exportadores para minimizar cualquier impacto, especialmente en peque\u00f1os y medianos productores.<\/p>\n<p>&nbsp;<\/p>\n<p style=\"text-align: center;\" data-sourcepos=\"25:1-25:449\"><em><strong>\u00a1Informaci\u00f3n que transforma!<\/strong><\/em><\/p>\n","protected":false},"excerpt":{"rendered":"<p>El Gobierno de M\u00e9xico ha sido clasificado por la Comisi\u00f3n Europea como pa\u00eds de \u201criesgo est\u00e1ndar\u201d en el marco del nuevo Reglamento sobre Productos Libres de Deforestaci\u00f3n (EUDR).<\/p>\n","protected":false},"author":3,"featured_media":15270,"comment_status":"open","ping_status":"open","sticky":false,"template":"","format":"standard","meta":{"footnotes":""},"categories":[5,88,58],"tags":[2713,4577,4576,4578],"class_list":["post-15269","post","type-post","status-publish","format-standard","has-post-thumbnail","hentry","category-economia","category-nacional","category-ultima-hora","tag-agriculturasustentable","tag-exportacionesmx","tag-mexicosindeforestacion","tag-ueymexico"],"yoast_head":"<!-- This site is optimized with the Yoast SEO plugin v25.0 - https:\/\/yoast.com\/wordpress\/plugins\/seo\/ -->\n<title>Exportar sin deforestar M\u00e9xico refuerza medidas para cumplir con nuevas reglas de la Union Europea | Nexo Informativo Santiago de Quer\u00e9taro<\/title>\n<meta name=\"description\" content=\"Exportar sin deforestar M\u00e9xico refuerza medidas para cumplir con nuevas reglas de la Union Europea\" \/>\n<meta name=\"robots\" content=\"index, follow, max-snippet:-1, max-image-preview:large, max-video-preview:-1\" \/>\n<link rel=\"canonical\" href=\"https:\/\/www.nexoinformativo.mx\/index.php\/2025\/05\/26\/exportar-sin-deforestar-mexico-refuerza-medidas-para-cumplir-con-nuevas-reglas-de-la-union-europea\/\" \/>\n<meta property=\"og:locale\" content=\"es_MX\" \/>\n<meta property=\"og:type\" content=\"article\" \/>\n<meta property=\"og:title\" content=\"Exportar sin deforestar M\u00e9xico refuerza medidas para cumplir con nuevas reglas de la Union Europea | Nexo Informativo Santiago de Quer\u00e9taro\" \/>\n<meta property=\"og:description\" content=\"Exportar sin deforestar M\u00e9xico refuerza medidas para cumplir con nuevas reglas de la Union Europea\" \/>\n<meta property=\"og:url\" content=\"https:\/\/www.nexoinformativo.mx\/index.php\/2025\/05\/26\/exportar-sin-deforestar-mexico-refuerza-medidas-para-cumplir-con-nuevas-reglas-de-la-union-europea\/\" \/>\n<meta property=\"og:site_name\" content=\"Nexo Informativo Santiago de Quer\u00e9taro\" \/>\n<meta property=\"article:publisher\" content=\"https:\/\/www.facebook.com\/people\/Nexo-Informativo\/61564066885511\/\" \/>\n<meta property=\"article:published_time\" content=\"2025-05-26T15:00:34+00:00\" \/>\n<meta property=\"article:modified_time\" content=\"2025-05-26T19:45:34+00:00\" \/>\n<meta property=\"og:image\" content=\"https:\/\/www.nexoinformativo.mx\/wp-content\/uploads\/2025\/05\/IMG_3364-e1748288637308.jpg\" \/>\n\t<meta property=\"og:image:width\" content=\"800\" \/>\n\t<meta property=\"og:image:height\" content=\"800\" \/>\n\t<meta property=\"og:image:type\" content=\"image\/jpeg\" \/>\n<meta name=\"author\" content=\"Nexo Informativo\" \/>\n<meta name=\"twitter:card\" content=\"summary_large_image\" \/>\n<meta name=\"twitter:label1\" content=\"Escrito por\" \/>\n\t<meta name=\"twitter:data1\" content=\"Nexo Informativo\" \/>\n\t<meta name=\"twitter:label2\" content=\"Tiempo de lectura\" \/>\n\t<meta name=\"twitter:data2\" content=\"2 minutos\" \/>\n<script type=\"application\/ld+json\" class=\"yoast-schema-graph\">{\"@context\":\"https:\/\/schema.org\",\"@graph\":[{\"@type\":\"Article\",\"@id\":\"https:\/\/www.nexoinformativo.mx\/index.php\/2025\/05\/26\/exportar-sin-deforestar-mexico-refuerza-medidas-para-cumplir-con-nuevas-reglas-de-la-union-europea\/#article\",\"isPartOf\":{\"@id\":\"https:\/\/www.nexoinformativo.mx\/index.php\/2025\/05\/26\/exportar-sin-deforestar-mexico-refuerza-medidas-para-cumplir-con-nuevas-reglas-de-la-union-europea\/\"},\"author\":{\"name\":\"Nexo Informativo\",\"@id\":\"https:\/\/www.nexoinformativo.mx\/#\/schema\/person\/7749d380ba08c8ca00d7bc76fd907b7d\"},\"headline\":\"Exportar sin deforestar M\u00e9xico refuerza medidas para cumplir con nuevas reglas de la Union Europea\",\"datePublished\":\"2025-05-26T15:00:34+00:00\",\"dateModified\":\"2025-05-26T19:45:34+00:00\",\"mainEntityOfPage\":{\"@id\":\"https:\/\/www.nexoinformativo.mx\/index.php\/2025\/05\/26\/exportar-sin-deforestar-mexico-refuerza-medidas-para-cumplir-con-nuevas-reglas-de-la-union-europea\/\"},\"wordCount\":350,\"commentCount\":0,\"publisher\":{\"@id\":\"https:\/\/www.nexoinformativo.mx\/#organization\"},\"image\":{\"@id\":\"https:\/\/www.nexoinformativo.mx\/index.php\/2025\/05\/26\/exportar-sin-deforestar-mexico-refuerza-medidas-para-cumplir-con-nuevas-reglas-de-la-union-europea\/#primaryimage\"},\"thumbnailUrl\":\"https:\/\/www.nexoinformativo.mx\/wp-content\/uploads\/2025\/05\/IMG_3364-e1748288637308.jpg\",\"keywords\":[\"AgriculturaSustentable\",\"ExportacionesMX\",\"M\u00e9xicoSinDeforestaci\u00f3n\",\"UEyM\u00e9xico\"],\"articleSection\":[\"Econom\u00eda\",\"Nacional\",\"\u00daltima Hora\"],\"inLanguage\":\"es\",\"potentialAction\":[{\"@type\":\"CommentAction\",\"name\":\"Comment\",\"target\":[\"https:\/\/www.nexoinformativo.mx\/index.php\/2025\/05\/26\/exportar-sin-deforestar-mexico-refuerza-medidas-para-cumplir-con-nuevas-reglas-de-la-union-europea\/#respond\"]}]},{\"@type\":\"WebPage\",\"@id\":\"https:\/\/www.nexoinformativo.mx\/index.php\/2025\/05\/26\/exportar-sin-deforestar-mexico-refuerza-medidas-para-cumplir-con-nuevas-reglas-de-la-union-europea\/\",\"url\":\"https:\/\/www.nexoinformativo.mx\/index.php\/2025\/05\/26\/exportar-sin-deforestar-mexico-refuerza-medidas-para-cumplir-con-nuevas-reglas-de-la-union-europea\/\",\"name\":\"Exportar sin deforestar M\u00e9xico refuerza medidas para cumplir con nuevas reglas de la Union Europea | Nexo Informativo Santiago de Quer\u00e9taro\",\"isPartOf\":{\"@id\":\"https:\/\/www.nexoinformativo.mx\/#website\"},\"primaryImageOfPage\":{\"@id\":\"https:\/\/www.nexoinformativo.mx\/index.php\/2025\/05\/26\/exportar-sin-deforestar-mexico-refuerza-medidas-para-cumplir-con-nuevas-reglas-de-la-union-europea\/#primaryimage\"},\"image\":{\"@id\":\"https:\/\/www.nexoinformativo.mx\/index.php\/2025\/05\/26\/exportar-sin-deforestar-mexico-refuerza-medidas-para-cumplir-con-nuevas-reglas-de-la-union-europea\/#primaryimage\"},\"thumbnailUrl\":\"https:\/\/www.nexoinformativo.mx\/wp-content\/uploads\/2025\/05\/IMG_3364-e1748288637308.jpg\",\"datePublished\":\"2025-05-26T15:00:34+00:00\",\"dateModified\":\"2025-05-26T19:45:34+00:00\",\"description\":\"Exportar sin deforestar M\u00e9xico refuerza medidas para cumplir con nuevas reglas de la Union Europea\",\"breadcrumb\":{\"@id\":\"https:\/\/www.nexoinformativo.mx\/index.php\/2025\/05\/26\/exportar-sin-deforestar-mexico-refuerza-medidas-para-cumplir-con-nuevas-reglas-de-la-union-europea\/#breadcrumb\"},\"inLanguage\":\"es\",\"potentialAction\":[{\"@type\":\"ReadAction\",\"target\":[\"https:\/\/www.nexoinformativo.mx\/index.php\/2025\/05\/26\/exportar-sin-deforestar-mexico-refuerza-medidas-para-cumplir-con-nuevas-reglas-de-la-union-europea\/\"]}]},{\"@type\":\"ImageObject\",\"inLanguage\":\"es\",\"@id\":\"https:\/\/www.nexoinformativo.mx\/index.php\/2025\/05\/26\/exportar-sin-deforestar-mexico-refuerza-medidas-para-cumplir-con-nuevas-reglas-de-la-union-europea\/#primaryimage\",\"url\":\"https:\/\/www.nexoinformativo.mx\/wp-content\/uploads\/2025\/05\/IMG_3364-e1748288637308.jpg\",\"contentUrl\":\"https:\/\/www.nexoinformativo.mx\/wp-content\/uploads\/2025\/05\/IMG_3364-e1748288637308.jpg\",\"width\":800,\"height\":800},{\"@type\":\"BreadcrumbList\",\"@id\":\"https:\/\/www.nexoinformativo.mx\/index.php\/2025\/05\/26\/exportar-sin-deforestar-mexico-refuerza-medidas-para-cumplir-con-nuevas-reglas-de-la-union-europea\/#breadcrumb\",\"itemListElement\":[{\"@type\":\"ListItem\",\"position\":1,\"name\":\"Inicio\",\"item\":\"https:\/\/www.nexoinformativo.mx\/\"},{\"@type\":\"ListItem\",\"position\":2,\"name\":\"Exportar sin deforestar M\u00e9xico refuerza medidas para cumplir con nuevas reglas de la Union Europea\"}]},{\"@type\":\"WebSite\",\"@id\":\"https:\/\/www.nexoinformativo.mx\/#website\",\"url\":\"https:\/\/www.nexoinformativo.mx\/\",\"name\":\"Nexo Informativo Santiago de Quer\u00e9taro\",\"description\":\"Explora NexoInformativo y convi\u00e9rtete en parte de una comunidad que valora el conocimiento y la verdad. Tu nexoinformativo es tu puente hacia una comprensi\u00f3n m\u00e1s profunda del mundo que te rodea.\",\"publisher\":{\"@id\":\"https:\/\/www.nexoinformativo.mx\/#organization\"},\"potentialAction\":[{\"@type\":\"SearchAction\",\"target\":{\"@type\":\"EntryPoint\",\"urlTemplate\":\"https:\/\/www.nexoinformativo.mx\/?s={search_term_string}\"},\"query-input\":{\"@type\":\"PropertyValueSpecification\",\"valueRequired\":true,\"valueName\":\"search_term_string\"}}],\"inLanguage\":\"es\"},{\"@type\":\"Organization\",\"@id\":\"https:\/\/www.nexoinformativo.mx\/#organization\",\"name\":\"Nexo Informativo Santiago de Quer\u00e9taro\",\"url\":\"https:\/\/www.nexoinformativo.mx\/\",\"logo\":{\"@type\":\"ImageObject\",\"inLanguage\":\"es\",\"@id\":\"https:\/\/www.nexoinformativo.mx\/#\/schema\/logo\/image\/\",\"url\":\"https:\/\/www.nexoinformativo.mx\/wp-content\/uploads\/2024\/07\/nexoi-trasparente-2.png\",\"contentUrl\":\"https:\/\/www.nexoinformativo.mx\/wp-content\/uploads\/2024\/07\/nexoi-trasparente-2.png\",\"width\":816,\"height\":339,\"caption\":\"Nexo Informativo Santiago de Quer\u00e9taro\"},\"image\":{\"@id\":\"https:\/\/www.nexoinformativo.mx\/#\/schema\/logo\/image\/\"},\"sameAs\":[\"https:\/\/www.facebook.com\/people\/Nexo-Informativo\/61564066885511\/\"]},{\"@type\":\"Person\",\"@id\":\"https:\/\/www.nexoinformativo.mx\/#\/schema\/person\/7749d380ba08c8ca00d7bc76fd907b7d\",\"name\":\"Nexo Informativo\",\"image\":{\"@type\":\"ImageObject\",\"inLanguage\":\"es\",\"@id\":\"https:\/\/www.nexoinformativo.mx\/#\/schema\/person\/image\/\",\"url\":\"https:\/\/secure.gravatar.com\/avatar\/dde2928154642a13d95f87ddf1ea9718fe2b46760a005c53e41ff5ad610704e6?s=96&d=mm&r=g\",\"contentUrl\":\"https:\/\/secure.gravatar.com\/avatar\/dde2928154642a13d95f87ddf1ea9718fe2b46760a005c53e41ff5ad610704e6?s=96&d=mm&r=g\",\"caption\":\"Nexo Informativo\"},\"url\":\"https:\/\/www.nexoinformativo.mx\/index.php\/author\/edicion\/\"}]}<\/script>\n<!-- \/ Yoast SEO plugin. -->","yoast_head_json":{"title":"Exportar sin deforestar M\u00e9xico refuerza medidas para cumplir con nuevas reglas de la Union Europea | Nexo Informativo Santiago de Quer\u00e9taro","description":"Exportar sin deforestar M\u00e9xico refuerza medidas para cumplir con nuevas reglas de la Union Europea","robots":{"index":"index","follow":"follow","max-snippet":"max-snippet:-1","max-image-preview":"max-image-preview:large","max-video-preview":"max-video-preview:-1"},"canonical":"https:\/\/www.nexoinformativo.mx\/index.php\/2025\/05\/26\/exportar-sin-deforestar-mexico-refuerza-medidas-para-cumplir-con-nuevas-reglas-de-la-union-europea\/","og_locale":"es_MX","og_type":"article","og_title":"Exportar sin deforestar M\u00e9xico refuerza medidas para cumplir con nuevas reglas de la Union Europea | Nexo Informativo Santiago de Quer\u00e9taro","og_description":"Exportar sin deforestar M\u00e9xico refuerza medidas para cumplir con nuevas reglas de la Union Europea","og_url":"https:\/\/www.nexoinformativo.mx\/index.php\/2025\/05\/26\/exportar-sin-deforestar-mexico-refuerza-medidas-para-cumplir-con-nuevas-reglas-de-la-union-europea\/","og_site_name":"Nexo Informativo Santiago de Quer\u00e9taro","article_publisher":"https:\/\/www.facebook.com\/people\/Nexo-Informativo\/61564066885511\/","article_published_time":"2025-05-26T15:00:34+00:00","article_modified_time":"2025-05-26T19:45:34+00:00","og_image":[{"width":800,"height":800,"url":"https:\/\/www.nexoinformativo.mx\/wp-content\/uploads\/2025\/05\/IMG_3364-e1748288637308.jpg","type":"image\/jpeg"}],"author":"Nexo Informativo","twitter_card":"summary_large_image","twitter_misc":{"Escrito por":"Nexo Informativo","Tiempo de lectura":"2 minutos"},"schema":{"@context":"https:\/\/schema.org","@graph":[{"@type":"Article","@id":"https:\/\/www.nexoinformativo.mx\/index.php\/2025\/05\/26\/exportar-sin-deforestar-mexico-refuerza-medidas-para-cumplir-con-nuevas-reglas-de-la-union-europea\/#article","isPartOf":{"@id":"https:\/\/www.nexoinformativo.mx\/index.php\/2025\/05\/26\/exportar-sin-deforestar-mexico-refuerza-medidas-para-cumplir-con-nuevas-reglas-de-la-union-europea\/"},"author":{"name":"Nexo Informativo","@id":"https:\/\/www.nexoinformativo.mx\/#\/schema\/person\/7749d380ba08c8ca00d7bc76fd907b7d"},"headline":"Exportar sin deforestar M\u00e9xico refuerza medidas para cumplir con nuevas reglas de la Union Europea","datePublished":"2025-05-26T15:00:34+00:00","dateModified":"2025-05-26T19:45:34+00:00","mainEntityOfPage":{"@id":"https:\/\/www.nexoinformativo.mx\/index.php\/2025\/05\/26\/exportar-sin-deforestar-mexico-refuerza-medidas-para-cumplir-con-nuevas-reglas-de-la-union-europea\/"},"wordCount":350,"commentCount":0,"publisher":{"@id":"https:\/\/www.nexoinformativo.mx\/#organization"},"image":{"@id":"https:\/\/www.nexoinformativo.mx\/index.php\/2025\/05\/26\/exportar-sin-deforestar-mexico-refuerza-medidas-para-cumplir-con-nuevas-reglas-de-la-union-europea\/#primaryimage"},"thumbnailUrl":"https:\/\/www.nexoinformativo.mx\/wp-content\/uploads\/2025\/05\/IMG_3364-e1748288637308.jpg","keywords":["AgriculturaSustentable","ExportacionesMX","M\u00e9xicoSinDeforestaci\u00f3n","UEyM\u00e9xico"],"articleSection":["Econom\u00eda","Nacional","\u00daltima Hora"],"inLanguage":"es","potentialAction":[{"@type":"CommentAction","name":"Comment","target":["https:\/\/www.nexoinformativo.mx\/index.php\/2025\/05\/26\/exportar-sin-deforestar-mexico-refuerza-medidas-para-cumplir-con-nuevas-reglas-de-la-union-europea\/#respond"]}]},{"@type":"WebPage","@id":"https:\/\/www.nexoinformativo.mx\/index.php\/2025\/05\/26\/exportar-sin-deforestar-mexico-refuerza-medidas-para-cumplir-con-nuevas-reglas-de-la-union-europea\/","url":"https:\/\/www.nexoinformativo.mx\/index.php\/2025\/05\/26\/exportar-sin-deforestar-mexico-refuerza-medidas-para-cumplir-con-nuevas-reglas-de-la-union-europea\/","name":"Exportar sin deforestar M\u00e9xico refuerza medidas para cumplir con nuevas reglas de la Union Europea | Nexo Informativo Santiago de Quer\u00e9taro","isPartOf":{"@id":"https:\/\/www.nexoinformativo.mx\/#website"},"primaryImageOfPage":{"@id":"https:\/\/www.nexoinformativo.mx\/index.php\/2025\/05\/26\/exportar-sin-deforestar-mexico-refuerza-medidas-para-cumplir-con-nuevas-reglas-de-la-union-europea\/#primaryimage"},"image":{"@id":"https:\/\/www.nexoinformativo.mx\/index.php\/2025\/05\/26\/exportar-sin-deforestar-mexico-refuerza-medidas-para-cumplir-con-nuevas-reglas-de-la-union-europea\/#primaryimage"},"thumbnailUrl":"https:\/\/www.nexoinformativo.mx\/wp-content\/uploads\/2025\/05\/IMG_3364-e1748288637308.jpg","datePublished":"2025-05-26T15:00:34+00:00","dateModified":"2025-05-26T19:45:34+00:00","description":"Exportar sin deforestar M\u00e9xico refuerza medidas para cumplir con nuevas reglas de la Union Europea","breadcrumb":{"@id":"https:\/\/www.nexoinformativo.mx\/index.php\/2025\/05\/26\/exportar-sin-deforestar-mexico-refuerza-medidas-para-cumplir-con-nuevas-reglas-de-la-union-europea\/#breadcrumb"},"inLanguage":"es","potentialAction":[{"@type":"ReadAction","target":["https:\/\/www.nexoinformativo.mx\/index.php\/2025\/05\/26\/exportar-sin-deforestar-mexico-refuerza-medidas-para-cumplir-con-nuevas-reglas-de-la-union-europea\/"]}]},{"@type":"ImageObject","inLanguage":"es","@id":"https:\/\/www.nexoinformativo.mx\/index.php\/2025\/05\/26\/exportar-sin-deforestar-mexico-refuerza-medidas-para-cumplir-con-nuevas-reglas-de-la-union-europea\/#primaryimage","url":"https:\/\/www.nexoinformativo.mx\/wp-content\/uploads\/2025\/05\/IMG_3364-e1748288637308.jpg","contentUrl":"https:\/\/www.nexoinformativo.mx\/wp-content\/uploads\/2025\/05\/IMG_3364-e1748288637308.jpg","width":800,"height":800},{"@type":"BreadcrumbList","@id":"https:\/\/www.nexoinformativo.mx\/index.php\/2025\/05\/26\/exportar-sin-deforestar-mexico-refuerza-medidas-para-cumplir-con-nuevas-reglas-de-la-union-europea\/#breadcrumb","itemListElement":[{"@type":"ListItem","position":1,"name":"Inicio","item":"https:\/\/www.nexoinformativo.mx\/"},{"@type":"ListItem","position":2,"name":"Exportar sin deforestar M\u00e9xico refuerza medidas para cumplir con nuevas reglas de la Union Europea"}]},{"@type":"WebSite","@id":"https:\/\/www.nexoinformativo.mx\/#website","url":"https:\/\/www.nexoinformativo.mx\/","name":"Nexo Informativo Santiago de Quer\u00e9taro","description":"Explora NexoInformativo y convi\u00e9rtete en parte de una comunidad que valora el conocimiento y la verdad. Tu nexoinformativo es tu puente hacia una comprensi\u00f3n m\u00e1s profunda del mundo que te rodea.","publisher":{"@id":"https:\/\/www.nexoinformativo.mx\/#organization"},"potentialAction":[{"@type":"SearchAction","target":{"@type":"EntryPoint","urlTemplate":"https:\/\/www.nexoinformativo.mx\/?s={search_term_string}"},"query-input":{"@type":"PropertyValueSpecification","valueRequired":true,"valueName":"search_term_string"}}],"inLanguage":"es"},{"@type":"Organization","@id":"https:\/\/www.nexoinformativo.mx\/#organization","name":"Nexo Informativo Santiago de Quer\u00e9taro","url":"https:\/\/www.nexoinformativo.mx\/","logo":{"@type":"ImageObject","inLanguage":"es","@id":"https:\/\/www.nexoinformativo.mx\/#\/schema\/logo\/image\/","url":"https:\/\/www.nexoinformativo.mx\/wp-content\/uploads\/2024\/07\/nexoi-trasparente-2.png","contentUrl":"https:\/\/www.nexoinformativo.mx\/wp-content\/uploads\/2024\/07\/nexoi-trasparente-2.png","width":816,"height":339,"caption":"Nexo Informativo Santiago de Quer\u00e9taro"},"image":{"@id":"https:\/\/www.nexoinformativo.mx\/#\/schema\/logo\/image\/"},"sameAs":["https:\/\/www.facebook.com\/people\/Nexo-Informativo\/61564066885511\/"]},{"@type":"Person","@id":"https:\/\/www.nexoinformativo.mx\/#\/schema\/person\/7749d380ba08c8ca00d7bc76fd907b7d","name":"Nexo Informativo","image":{"@type":"ImageObject","inLanguage":"es","@id":"https:\/\/www.nexoinformativo.mx\/#\/schema\/person\/image\/","url":"https:\/\/secure.gravatar.com\/avatar\/dde2928154642a13d95f87ddf1ea9718fe2b46760a005c53e41ff5ad610704e6?s=96&d=mm&r=g","contentUrl":"https:\/\/secure.gravatar.com\/avatar\/dde2928154642a13d95f87ddf1ea9718fe2b46760a005c53e41ff5ad610704e6?s=96&d=mm&r=g","caption":"Nexo Informativo"},"url":"https:\/\/www.nexoinformativo.mx\/index.php\/author\/edicion\/"}]}},"_links":{"self":[{"href":"https:\/\/www.nexoinformativo.mx\/index.php\/wp-json\/wp\/v2\/posts\/15269","targetHints":{"allow":["GET"]}}],"collection":[{"href":"https:\/\/www.nexoinformativo.mx\/index.php\/wp-json\/wp\/v2\/posts"}],"about":[{"href":"https:\/\/www.nexoinformativo.mx\/index.php\/wp-json\/wp\/v2\/types\/post"}],"author":[{"embeddable":true,"href":"https:\/\/www.nexoinformativo.mx\/index.php\/wp-json\/wp\/v2\/users\/3"}],"replies":[{"embeddable":true,"href":"https:\/\/www.nexoinformativo.mx\/index.php\/wp-json\/wp\/v2\/comments?post=15269"}],"version-history":[{"count":4,"href":"https:\/\/www.nexoinformativo.mx\/index.php\/wp-json\/wp\/v2\/posts\/15269\/revisions"}],"predecessor-version":[{"id":15274,"href":"https:\/\/www.nexoinformativo.mx\/index.php\/wp-json\/wp\/v2\/posts\/15269\/revisions\/15274"}],"wp:featuredmedia":[{"embeddable":true,"href":"https:\/\/www.nexoinformativo.mx\/index.php\/wp-json\/wp\/v2\/media\/15270"}],"wp:attachment":[{"href":"https:\/\/www.nexoinformativo.mx\/index.php\/wp-json\/wp\/v2\/media?parent=15269"}],"wp:term":[{"taxonomy":"category","embeddable":true,"href":"https:\/\/www.nexoinformativo.mx\/index.php\/wp-json\/wp\/v2\/categories?post=15269"},{"taxonomy":"post_tag","embeddable":true,"href":"https:\/\/www.nexoinformativo.mx\/index.php\/wp-json\/wp\/v2\/tags?post=15269"}],"curies":[{"name":"wp","href":"https:\/\/api.w.org\/{rel}","templated":true}]}}