{"id":1527,"date":"2024-09-03T17:00:17","date_gmt":"2024-09-03T23:00:17","guid":{"rendered":"https:\/\/www.nexoinformativo.mx\/?p=1527"},"modified":"2024-09-03T19:27:47","modified_gmt":"2024-09-04T01:27:47","slug":"ingenieros-civiles-de-queretaro-apuestan-por-el-desarrollo-urbano-sostenible","status":"publish","type":"post","link":"https:\/\/www.nexoinformativo.mx\/index.php\/2024\/09\/03\/ingenieros-civiles-de-queretaro-apuestan-por-el-desarrollo-urbano-sostenible\/","title":{"rendered":"Ingenieros Civiles de Quer\u00e9taro apuestan por el desarrollo urbano sostenible"},"content":{"rendered":"<p style=\"text-align: justify;\">El Colegio de Ingenieros Civiles de Quer\u00e9taro (CICQ) concluy\u00f3 con \u00e9xito el XVII Congreso Internacional de Ingenier\u00eda Civil, superando las expectativas con participaci\u00f3n de expertos y ponentes de reconocimiento internacional, el enfoque principal fue el desarrollo urbano sostenible y la infraestructura en M\u00e9xico.<\/p>\n<p>&nbsp;<\/p>\n<p style=\"text-align: justify;\">Rom\u00e1n Tzintzun Flores, presidente del CICQ, destac\u00f3 el compromiso del gremio de ingenieros civiles con el desarrollo urbano sostenible en Quer\u00e9taro y M\u00e9xico. <strong>&#8220;Reiteramos el compromiso de siempre aportar nuestra experiencia en la creaci\u00f3n de pol\u00edticas p\u00fablicas que fortalezcan la infraestructura de nuestro pa\u00eds&#8221;<\/strong>, afirm\u00f3 Tzintzun Flores. Adem\u00e1s, hizo un llamado a las autoridades para confiar en el gremio en la elaboraci\u00f3n de estrategias que promuevan un crecimiento ordenado y responsable en los pr\u00f3ximos a\u00f1os.<\/p>\n<p>&nbsp;<\/p>\n<p style=\"text-align: justify;\">Durante la Mesa de An\u00e1lisis del Congreso, se abordaron temas cr\u00edticos para el futuro del desarrollo urbano sostenible. Entre las principales conclusiones destacan:<\/p>\n<p>&nbsp;<\/p>\n<ol style=\"text-align: justify;\">\n<li><strong>Apoyo en la creaci\u00f3n de una Ley de Aguas Integral<\/strong>: El CICQ se comprometi\u00f3 a colaborar con las autoridades en la elaboraci\u00f3n de pol\u00edticas que garanticen una gesti\u00f3n adecuada y sostenible del agua en el estado y el pa\u00eds.<\/li>\n<li><strong>Obras p\u00fablicas con proyectos terminados<\/strong>: Los ingenieros civiles hicieron un exhorto a que la obra p\u00fablica se realice con proyectos completos y debidamente planificados para asegurar resultados de calidad y eficiencia.<\/li>\n<li><strong>Enfoque en la seguridad h\u00eddrica<\/strong>: Cada obra y proyecto deber\u00e1 contemplar medidas para proteger la seguridad h\u00eddrica, garantizando un uso adecuado y sostenible de los recursos acu\u00edferos.<\/li>\n<\/ol>\n<p>&nbsp;<\/p>\n<p style=\"text-align: justify;\">En total, se llevaron a cabo 20 conferencias durante el Congreso, con ponencias de gran relevancia. Entre ellas destacaron:<\/p>\n<p>&nbsp;<\/p>\n<ul style=\"text-align: justify;\">\n<li><strong>&#8220;El concepto de la disponibilidad del agua&#8221;<\/strong>: Presentada por Francisco Javier G\u00e1mez Gonz\u00e1lez del CICQ, quien abord\u00f3 la importancia de gestionar adecuadamente los recursos h\u00eddricos en el desarrollo urbano.<\/li>\n<li><strong>&#8220;La Sustentabilidad h\u00eddrica asociada a los riesgos en la gesti\u00f3n integral de puertos y zonas costeras&#8221;<\/strong>: Una conferencia impartida por Karina Griselda Oca\u00f1a y Mar\u00eda Dolores Serv\u00edn, quienes exploraron los desaf\u00edos y estrategias para una gesti\u00f3n eficiente del agua en estos entornos.<\/li>\n<\/ul>\n<p>&nbsp;<\/p>\n<p style=\"text-align: justify;\">Adem\u00e1s, el congreso cont\u00f3 con la participaci\u00f3n de ponentes internacionales como Christopher Lehmann de Austria, Ma Concepci\u00f3n Donoso de Estados Unidos, Luis Escalante de Panam\u00e1 y Roberto Stark Feldman.<\/p>\n<p>&nbsp;<\/p>\n<h3 style=\"text-align: justify;\"><\/h3>\n<p style=\"text-align: justify;\">Entre los asistentes se encontraban autoridades relevantes como Humberto Marendo de CONAGUA; el Vocal Ejecutivo de la Comisi\u00f3n Estatal de Aguas (CEA), Luis Alberto Vega Ricoy; y Salvador Fern\u00e1ndez Ayala de la Secretar\u00eda de Infraestructura, Comunicaciones y Transportes (SICT), quienes compartieron sus conocimientos y experiencias en temas clave de infraestructura.<\/p>\n<p>&nbsp;<\/p>\n<p style=\"text-align: justify;\">El evento tambi\u00e9n reuni\u00f3 a presidentes y representantes de los 62 colegios que forman parte de la Federaci\u00f3n Mexicana de Colegios de Ingenieros Civiles (FEMCIC), as\u00ed como a universitarios y l\u00edderes de la sociedad interesados en el desarrollo urbano sostenible.<\/p>\n<p>&nbsp;<\/p>\n<p style=\"text-align: justify;\">El Congreso Internacional de Ingenier\u00eda Civil reafirm\u00f3 el compromiso del CICQ y sus integrantes con el desarrollo sostenible, la planificaci\u00f3n ordenada de la infraestructura y la protecci\u00f3n de los recursos naturales. Este tipo de eventos no solo fortalecen al gremio de ingenieros civiles, sino que tambi\u00e9n contribuyen a la construcci\u00f3n de un M\u00e9xico m\u00e1s seguro y sostenible.<\/p>\n","protected":false},"excerpt":{"rendered":"<p>El Colegio de Ingenieros Civiles de Quer\u00e9taro (CICQ) concluy\u00f3 con \u00e9xito el XVII Congreso Internacional de Ingenier\u00eda Civil, superando las expectativas con participaci\u00f3n de expertos y ponentes de reconocimiento internacional, el enfoque principal fue el desarrollo urbano sostenible y la infraestructura en M\u00e9xico.<\/p>\n","protected":false},"author":3,"featured_media":1528,"comment_status":"open","ping_status":"open","sticky":false,"template":"","format":"standard","meta":{"footnotes":""},"categories":[5,42],"tags":[469,468,470,467,466],"class_list":["post-1527","post","type-post","status-publish","format-standard","has-post-thumbnail","hentry","category-economia","category-estado","tag-aguaydesarrollo","tag-desarrollourbano","tag-futurosostenible","tag-infraestructuraverde","tag-ingenieriasostenible"],"yoast_head":"<!-- This site is optimized with the Yoast SEO plugin v25.0 - https:\/\/yoast.com\/wordpress\/plugins\/seo\/ -->\n<title>Ingenieros Civiles de Quer\u00e9taro apuestan por el desarrollo urbano sostenible | Nexo Informativo Santiago de Quer\u00e9taro<\/title>\n<meta name=\"description\" content=\"Ingenieros Civiles de Quer\u00e9taro apuestan por el desarrollo urbano sostenible\" \/>\n<meta name=\"robots\" content=\"index, follow, max-snippet:-1, max-image-preview:large, max-video-preview:-1\" \/>\n<link rel=\"canonical\" href=\"https:\/\/www.nexoinformativo.mx\/index.php\/2024\/09\/03\/ingenieros-civiles-de-queretaro-apuestan-por-el-desarrollo-urbano-sostenible\/\" \/>\n<meta property=\"og:locale\" content=\"es_MX\" \/>\n<meta property=\"og:type\" content=\"article\" \/>\n<meta property=\"og:title\" content=\"Ingenieros Civiles de Quer\u00e9taro apuestan por el desarrollo urbano sostenible | Nexo Informativo Santiago de Quer\u00e9taro\" \/>\n<meta property=\"og:description\" content=\"Ingenieros Civiles de Quer\u00e9taro apuestan por el desarrollo urbano sostenible\" \/>\n<meta property=\"og:url\" content=\"https:\/\/www.nexoinformativo.mx\/index.php\/2024\/09\/03\/ingenieros-civiles-de-queretaro-apuestan-por-el-desarrollo-urbano-sostenible\/\" \/>\n<meta property=\"og:site_name\" content=\"Nexo Informativo Santiago de Quer\u00e9taro\" \/>\n<meta property=\"article:publisher\" content=\"https:\/\/www.facebook.com\/people\/Nexo-Informativo\/61564066885511\/\" \/>\n<meta property=\"article:published_time\" content=\"2024-09-03T23:00:17+00:00\" \/>\n<meta property=\"article:modified_time\" content=\"2024-09-04T01:27:47+00:00\" \/>\n<meta property=\"og:image\" content=\"https:\/\/www.nexoinformativo.mx\/wp-content\/uploads\/2024\/09\/PHOTO-2024-09-03-17-52-56.jpg\" \/>\n\t<meta property=\"og:image:width\" content=\"601\" \/>\n\t<meta property=\"og:image:height\" content=\"617\" \/>\n\t<meta property=\"og:image:type\" content=\"image\/jpeg\" \/>\n<meta name=\"author\" content=\"Nexo Informativo\" \/>\n<meta name=\"twitter:card\" content=\"summary_large_image\" \/>\n<meta name=\"twitter:label1\" content=\"Escrito por\" \/>\n\t<meta name=\"twitter:data1\" content=\"Nexo Informativo\" \/>\n\t<meta name=\"twitter:label2\" content=\"Tiempo de lectura\" \/>\n\t<meta name=\"twitter:data2\" content=\"3 minutos\" \/>\n<script type=\"application\/ld+json\" class=\"yoast-schema-graph\">{\"@context\":\"https:\/\/schema.org\",\"@graph\":[{\"@type\":\"Article\",\"@id\":\"https:\/\/www.nexoinformativo.mx\/index.php\/2024\/09\/03\/ingenieros-civiles-de-queretaro-apuestan-por-el-desarrollo-urbano-sostenible\/#article\",\"isPartOf\":{\"@id\":\"https:\/\/www.nexoinformativo.mx\/index.php\/2024\/09\/03\/ingenieros-civiles-de-queretaro-apuestan-por-el-desarrollo-urbano-sostenible\/\"},\"author\":{\"name\":\"Nexo Informativo\",\"@id\":\"https:\/\/www.nexoinformativo.mx\/#\/schema\/person\/7749d380ba08c8ca00d7bc76fd907b7d\"},\"headline\":\"Ingenieros Civiles de Quer\u00e9taro apuestan por el desarrollo urbano sostenible\",\"datePublished\":\"2024-09-03T23:00:17+00:00\",\"dateModified\":\"2024-09-04T01:27:47+00:00\",\"mainEntityOfPage\":{\"@id\":\"https:\/\/www.nexoinformativo.mx\/index.php\/2024\/09\/03\/ingenieros-civiles-de-queretaro-apuestan-por-el-desarrollo-urbano-sostenible\/\"},\"wordCount\":575,\"commentCount\":0,\"publisher\":{\"@id\":\"https:\/\/www.nexoinformativo.mx\/#organization\"},\"image\":{\"@id\":\"https:\/\/www.nexoinformativo.mx\/index.php\/2024\/09\/03\/ingenieros-civiles-de-queretaro-apuestan-por-el-desarrollo-urbano-sostenible\/#primaryimage\"},\"thumbnailUrl\":\"https:\/\/www.nexoinformativo.mx\/wp-content\/uploads\/2024\/09\/PHOTO-2024-09-03-17-52-56.jpg\",\"keywords\":[\"AguaYDesarrollo\",\"DesarrolloUrbano\",\"FuturoSostenible\",\"InfraestructuraVerde\",\"Ingenier\u00edaSostenible\"],\"articleSection\":[\"Econom\u00eda\",\"Estado\"],\"inLanguage\":\"es\",\"potentialAction\":[{\"@type\":\"CommentAction\",\"name\":\"Comment\",\"target\":[\"https:\/\/www.nexoinformativo.mx\/index.php\/2024\/09\/03\/ingenieros-civiles-de-queretaro-apuestan-por-el-desarrollo-urbano-sostenible\/#respond\"]}]},{\"@type\":\"WebPage\",\"@id\":\"https:\/\/www.nexoinformativo.mx\/index.php\/2024\/09\/03\/ingenieros-civiles-de-queretaro-apuestan-por-el-desarrollo-urbano-sostenible\/\",\"url\":\"https:\/\/www.nexoinformativo.mx\/index.php\/2024\/09\/03\/ingenieros-civiles-de-queretaro-apuestan-por-el-desarrollo-urbano-sostenible\/\",\"name\":\"Ingenieros Civiles de Quer\u00e9taro apuestan por el desarrollo urbano sostenible | Nexo Informativo Santiago de Quer\u00e9taro\",\"isPartOf\":{\"@id\":\"https:\/\/www.nexoinformativo.mx\/#website\"},\"primaryImageOfPage\":{\"@id\":\"https:\/\/www.nexoinformativo.mx\/index.php\/2024\/09\/03\/ingenieros-civiles-de-queretaro-apuestan-por-el-desarrollo-urbano-sostenible\/#primaryimage\"},\"image\":{\"@id\":\"https:\/\/www.nexoinformativo.mx\/index.php\/2024\/09\/03\/ingenieros-civiles-de-queretaro-apuestan-por-el-desarrollo-urbano-sostenible\/#primaryimage\"},\"thumbnailUrl\":\"https:\/\/www.nexoinformativo.mx\/wp-content\/uploads\/2024\/09\/PHOTO-2024-09-03-17-52-56.jpg\",\"datePublished\":\"2024-09-03T23:00:17+00:00\",\"dateModified\":\"2024-09-04T01:27:47+00:00\",\"description\":\"Ingenieros Civiles de Quer\u00e9taro apuestan por el desarrollo urbano sostenible\",\"breadcrumb\":{\"@id\":\"https:\/\/www.nexoinformativo.mx\/index.php\/2024\/09\/03\/ingenieros-civiles-de-queretaro-apuestan-por-el-desarrollo-urbano-sostenible\/#breadcrumb\"},\"inLanguage\":\"es\",\"potentialAction\":[{\"@type\":\"ReadAction\",\"target\":[\"https:\/\/www.nexoinformativo.mx\/index.php\/2024\/09\/03\/ingenieros-civiles-de-queretaro-apuestan-por-el-desarrollo-urbano-sostenible\/\"]}]},{\"@type\":\"ImageObject\",\"inLanguage\":\"es\",\"@id\":\"https:\/\/www.nexoinformativo.mx\/index.php\/2024\/09\/03\/ingenieros-civiles-de-queretaro-apuestan-por-el-desarrollo-urbano-sostenible\/#primaryimage\",\"url\":\"https:\/\/www.nexoinformativo.mx\/wp-content\/uploads\/2024\/09\/PHOTO-2024-09-03-17-52-56.jpg\",\"contentUrl\":\"https:\/\/www.nexoinformativo.mx\/wp-content\/uploads\/2024\/09\/PHOTO-2024-09-03-17-52-56.jpg\",\"width\":601,\"height\":617},{\"@type\":\"BreadcrumbList\",\"@id\":\"https:\/\/www.nexoinformativo.mx\/index.php\/2024\/09\/03\/ingenieros-civiles-de-queretaro-apuestan-por-el-desarrollo-urbano-sostenible\/#breadcrumb\",\"itemListElement\":[{\"@type\":\"ListItem\",\"position\":1,\"name\":\"Inicio\",\"item\":\"https:\/\/www.nexoinformativo.mx\/\"},{\"@type\":\"ListItem\",\"position\":2,\"name\":\"Ingenieros Civiles de Quer\u00e9taro apuestan por el desarrollo urbano sostenible\"}]},{\"@type\":\"WebSite\",\"@id\":\"https:\/\/www.nexoinformativo.mx\/#website\",\"url\":\"https:\/\/www.nexoinformativo.mx\/\",\"name\":\"Nexo Informativo Santiago de Quer\u00e9taro\",\"description\":\"Explora NexoInformativo y convi\u00e9rtete en parte de una comunidad que valora el conocimiento y la verdad. Tu nexoinformativo es tu puente hacia una comprensi\u00f3n m\u00e1s profunda del mundo que te rodea.\",\"publisher\":{\"@id\":\"https:\/\/www.nexoinformativo.mx\/#organization\"},\"potentialAction\":[{\"@type\":\"SearchAction\",\"target\":{\"@type\":\"EntryPoint\",\"urlTemplate\":\"https:\/\/www.nexoinformativo.mx\/?s={search_term_string}\"},\"query-input\":{\"@type\":\"PropertyValueSpecification\",\"valueRequired\":true,\"valueName\":\"search_term_string\"}}],\"inLanguage\":\"es\"},{\"@type\":\"Organization\",\"@id\":\"https:\/\/www.nexoinformativo.mx\/#organization\",\"name\":\"Nexo Informativo Santiago de Quer\u00e9taro\",\"url\":\"https:\/\/www.nexoinformativo.mx\/\",\"logo\":{\"@type\":\"ImageObject\",\"inLanguage\":\"es\",\"@id\":\"https:\/\/www.nexoinformativo.mx\/#\/schema\/logo\/image\/\",\"url\":\"https:\/\/www.nexoinformativo.mx\/wp-content\/uploads\/2024\/07\/nexoi-trasparente-2.png\",\"contentUrl\":\"https:\/\/www.nexoinformativo.mx\/wp-content\/uploads\/2024\/07\/nexoi-trasparente-2.png\",\"width\":816,\"height\":339,\"caption\":\"Nexo Informativo Santiago de Quer\u00e9taro\"},\"image\":{\"@id\":\"https:\/\/www.nexoinformativo.mx\/#\/schema\/logo\/image\/\"},\"sameAs\":[\"https:\/\/www.facebook.com\/people\/Nexo-Informativo\/61564066885511\/\"]},{\"@type\":\"Person\",\"@id\":\"https:\/\/www.nexoinformativo.mx\/#\/schema\/person\/7749d380ba08c8ca00d7bc76fd907b7d\",\"name\":\"Nexo Informativo\",\"image\":{\"@type\":\"ImageObject\",\"inLanguage\":\"es\",\"@id\":\"https:\/\/www.nexoinformativo.mx\/#\/schema\/person\/image\/\",\"url\":\"https:\/\/secure.gravatar.com\/avatar\/dde2928154642a13d95f87ddf1ea9718fe2b46760a005c53e41ff5ad610704e6?s=96&d=mm&r=g\",\"contentUrl\":\"https:\/\/secure.gravatar.com\/avatar\/dde2928154642a13d95f87ddf1ea9718fe2b46760a005c53e41ff5ad610704e6?s=96&d=mm&r=g\",\"caption\":\"Nexo Informativo\"},\"url\":\"https:\/\/www.nexoinformativo.mx\/index.php\/author\/edicion\/\"}]}<\/script>\n<!-- \/ Yoast SEO plugin. -->","yoast_head_json":{"title":"Ingenieros Civiles de Quer\u00e9taro apuestan por el desarrollo urbano sostenible | Nexo Informativo Santiago de Quer\u00e9taro","description":"Ingenieros Civiles de Quer\u00e9taro apuestan por el desarrollo urbano sostenible","robots":{"index":"index","follow":"follow","max-snippet":"max-snippet:-1","max-image-preview":"max-image-preview:large","max-video-preview":"max-video-preview:-1"},"canonical":"https:\/\/www.nexoinformativo.mx\/index.php\/2024\/09\/03\/ingenieros-civiles-de-queretaro-apuestan-por-el-desarrollo-urbano-sostenible\/","og_locale":"es_MX","og_type":"article","og_title":"Ingenieros Civiles de Quer\u00e9taro apuestan por el desarrollo urbano sostenible | Nexo Informativo Santiago de Quer\u00e9taro","og_description":"Ingenieros Civiles de Quer\u00e9taro apuestan por el desarrollo urbano sostenible","og_url":"https:\/\/www.nexoinformativo.mx\/index.php\/2024\/09\/03\/ingenieros-civiles-de-queretaro-apuestan-por-el-desarrollo-urbano-sostenible\/","og_site_name":"Nexo Informativo Santiago de Quer\u00e9taro","article_publisher":"https:\/\/www.facebook.com\/people\/Nexo-Informativo\/61564066885511\/","article_published_time":"2024-09-03T23:00:17+00:00","article_modified_time":"2024-09-04T01:27:47+00:00","og_image":[{"width":601,"height":617,"url":"https:\/\/www.nexoinformativo.mx\/wp-content\/uploads\/2024\/09\/PHOTO-2024-09-03-17-52-56.jpg","type":"image\/jpeg"}],"author":"Nexo Informativo","twitter_card":"summary_large_image","twitter_misc":{"Escrito por":"Nexo Informativo","Tiempo de lectura":"3 minutos"},"schema":{"@context":"https:\/\/schema.org","@graph":[{"@type":"Article","@id":"https:\/\/www.nexoinformativo.mx\/index.php\/2024\/09\/03\/ingenieros-civiles-de-queretaro-apuestan-por-el-desarrollo-urbano-sostenible\/#article","isPartOf":{"@id":"https:\/\/www.nexoinformativo.mx\/index.php\/2024\/09\/03\/ingenieros-civiles-de-queretaro-apuestan-por-el-desarrollo-urbano-sostenible\/"},"author":{"name":"Nexo Informativo","@id":"https:\/\/www.nexoinformativo.mx\/#\/schema\/person\/7749d380ba08c8ca00d7bc76fd907b7d"},"headline":"Ingenieros Civiles de Quer\u00e9taro apuestan por el desarrollo urbano sostenible","datePublished":"2024-09-03T23:00:17+00:00","dateModified":"2024-09-04T01:27:47+00:00","mainEntityOfPage":{"@id":"https:\/\/www.nexoinformativo.mx\/index.php\/2024\/09\/03\/ingenieros-civiles-de-queretaro-apuestan-por-el-desarrollo-urbano-sostenible\/"},"wordCount":575,"commentCount":0,"publisher":{"@id":"https:\/\/www.nexoinformativo.mx\/#organization"},"image":{"@id":"https:\/\/www.nexoinformativo.mx\/index.php\/2024\/09\/03\/ingenieros-civiles-de-queretaro-apuestan-por-el-desarrollo-urbano-sostenible\/#primaryimage"},"thumbnailUrl":"https:\/\/www.nexoinformativo.mx\/wp-content\/uploads\/2024\/09\/PHOTO-2024-09-03-17-52-56.jpg","keywords":["AguaYDesarrollo","DesarrolloUrbano","FuturoSostenible","InfraestructuraVerde","Ingenier\u00edaSostenible"],"articleSection":["Econom\u00eda","Estado"],"inLanguage":"es","potentialAction":[{"@type":"CommentAction","name":"Comment","target":["https:\/\/www.nexoinformativo.mx\/index.php\/2024\/09\/03\/ingenieros-civiles-de-queretaro-apuestan-por-el-desarrollo-urbano-sostenible\/#respond"]}]},{"@type":"WebPage","@id":"https:\/\/www.nexoinformativo.mx\/index.php\/2024\/09\/03\/ingenieros-civiles-de-queretaro-apuestan-por-el-desarrollo-urbano-sostenible\/","url":"https:\/\/www.nexoinformativo.mx\/index.php\/2024\/09\/03\/ingenieros-civiles-de-queretaro-apuestan-por-el-desarrollo-urbano-sostenible\/","name":"Ingenieros Civiles de Quer\u00e9taro apuestan por el desarrollo urbano sostenible | Nexo Informativo Santiago de Quer\u00e9taro","isPartOf":{"@id":"https:\/\/www.nexoinformativo.mx\/#website"},"primaryImageOfPage":{"@id":"https:\/\/www.nexoinformativo.mx\/index.php\/2024\/09\/03\/ingenieros-civiles-de-queretaro-apuestan-por-el-desarrollo-urbano-sostenible\/#primaryimage"},"image":{"@id":"https:\/\/www.nexoinformativo.mx\/index.php\/2024\/09\/03\/ingenieros-civiles-de-queretaro-apuestan-por-el-desarrollo-urbano-sostenible\/#primaryimage"},"thumbnailUrl":"https:\/\/www.nexoinformativo.mx\/wp-content\/uploads\/2024\/09\/PHOTO-2024-09-03-17-52-56.jpg","datePublished":"2024-09-03T23:00:17+00:00","dateModified":"2024-09-04T01:27:47+00:00","description":"Ingenieros Civiles de Quer\u00e9taro apuestan por el desarrollo urbano sostenible","breadcrumb":{"@id":"https:\/\/www.nexoinformativo.mx\/index.php\/2024\/09\/03\/ingenieros-civiles-de-queretaro-apuestan-por-el-desarrollo-urbano-sostenible\/#breadcrumb"},"inLanguage":"es","potentialAction":[{"@type":"ReadAction","target":["https:\/\/www.nexoinformativo.mx\/index.php\/2024\/09\/03\/ingenieros-civiles-de-queretaro-apuestan-por-el-desarrollo-urbano-sostenible\/"]}]},{"@type":"ImageObject","inLanguage":"es","@id":"https:\/\/www.nexoinformativo.mx\/index.php\/2024\/09\/03\/ingenieros-civiles-de-queretaro-apuestan-por-el-desarrollo-urbano-sostenible\/#primaryimage","url":"https:\/\/www.nexoinformativo.mx\/wp-content\/uploads\/2024\/09\/PHOTO-2024-09-03-17-52-56.jpg","contentUrl":"https:\/\/www.nexoinformativo.mx\/wp-content\/uploads\/2024\/09\/PHOTO-2024-09-03-17-52-56.jpg","width":601,"height":617},{"@type":"BreadcrumbList","@id":"https:\/\/www.nexoinformativo.mx\/index.php\/2024\/09\/03\/ingenieros-civiles-de-queretaro-apuestan-por-el-desarrollo-urbano-sostenible\/#breadcrumb","itemListElement":[{"@type":"ListItem","position":1,"name":"Inicio","item":"https:\/\/www.nexoinformativo.mx\/"},{"@type":"ListItem","position":2,"name":"Ingenieros Civiles de Quer\u00e9taro apuestan por el desarrollo urbano sostenible"}]},{"@type":"WebSite","@id":"https:\/\/www.nexoinformativo.mx\/#website","url":"https:\/\/www.nexoinformativo.mx\/","name":"Nexo Informativo Santiago de Quer\u00e9taro","description":"Explora NexoInformativo y convi\u00e9rtete en parte de una comunidad que valora el conocimiento y la verdad. Tu nexoinformativo es tu puente hacia una comprensi\u00f3n m\u00e1s profunda del mundo que te rodea.","publisher":{"@id":"https:\/\/www.nexoinformativo.mx\/#organization"},"potentialAction":[{"@type":"SearchAction","target":{"@type":"EntryPoint","urlTemplate":"https:\/\/www.nexoinformativo.mx\/?s={search_term_string}"},"query-input":{"@type":"PropertyValueSpecification","valueRequired":true,"valueName":"search_term_string"}}],"inLanguage":"es"},{"@type":"Organization","@id":"https:\/\/www.nexoinformativo.mx\/#organization","name":"Nexo Informativo Santiago de Quer\u00e9taro","url":"https:\/\/www.nexoinformativo.mx\/","logo":{"@type":"ImageObject","inLanguage":"es","@id":"https:\/\/www.nexoinformativo.mx\/#\/schema\/logo\/image\/","url":"https:\/\/www.nexoinformativo.mx\/wp-content\/uploads\/2024\/07\/nexoi-trasparente-2.png","contentUrl":"https:\/\/www.nexoinformativo.mx\/wp-content\/uploads\/2024\/07\/nexoi-trasparente-2.png","width":816,"height":339,"caption":"Nexo Informativo Santiago de Quer\u00e9taro"},"image":{"@id":"https:\/\/www.nexoinformativo.mx\/#\/schema\/logo\/image\/"},"sameAs":["https:\/\/www.facebook.com\/people\/Nexo-Informativo\/61564066885511\/"]},{"@type":"Person","@id":"https:\/\/www.nexoinformativo.mx\/#\/schema\/person\/7749d380ba08c8ca00d7bc76fd907b7d","name":"Nexo Informativo","image":{"@type":"ImageObject","inLanguage":"es","@id":"https:\/\/www.nexoinformativo.mx\/#\/schema\/person\/image\/","url":"https:\/\/secure.gravatar.com\/avatar\/dde2928154642a13d95f87ddf1ea9718fe2b46760a005c53e41ff5ad610704e6?s=96&d=mm&r=g","contentUrl":"https:\/\/secure.gravatar.com\/avatar\/dde2928154642a13d95f87ddf1ea9718fe2b46760a005c53e41ff5ad610704e6?s=96&d=mm&r=g","caption":"Nexo Informativo"},"url":"https:\/\/www.nexoinformativo.mx\/index.php\/author\/edicion\/"}]}},"_links":{"self":[{"href":"https:\/\/www.nexoinformativo.mx\/index.php\/wp-json\/wp\/v2\/posts\/1527","targetHints":{"allow":["GET"]}}],"collection":[{"href":"https:\/\/www.nexoinformativo.mx\/index.php\/wp-json\/wp\/v2\/posts"}],"about":[{"href":"https:\/\/www.nexoinformativo.mx\/index.php\/wp-json\/wp\/v2\/types\/post"}],"author":[{"embeddable":true,"href":"https:\/\/www.nexoinformativo.mx\/index.php\/wp-json\/wp\/v2\/users\/3"}],"replies":[{"embeddable":true,"href":"https:\/\/www.nexoinformativo.mx\/index.php\/wp-json\/wp\/v2\/comments?post=1527"}],"version-history":[{"count":5,"href":"https:\/\/www.nexoinformativo.mx\/index.php\/wp-json\/wp\/v2\/posts\/1527\/revisions"}],"predecessor-version":[{"id":1535,"href":"https:\/\/www.nexoinformativo.mx\/index.php\/wp-json\/wp\/v2\/posts\/1527\/revisions\/1535"}],"wp:featuredmedia":[{"embeddable":true,"href":"https:\/\/www.nexoinformativo.mx\/index.php\/wp-json\/wp\/v2\/media\/1528"}],"wp:attachment":[{"href":"https:\/\/www.nexoinformativo.mx\/index.php\/wp-json\/wp\/v2\/media?parent=1527"}],"wp:term":[{"taxonomy":"category","embeddable":true,"href":"https:\/\/www.nexoinformativo.mx\/index.php\/wp-json\/wp\/v2\/categories?post=1527"},{"taxonomy":"post_tag","embeddable":true,"href":"https:\/\/www.nexoinformativo.mx\/index.php\/wp-json\/wp\/v2\/tags?post=1527"}],"curies":[{"name":"wp","href":"https:\/\/api.w.org\/{rel}","templated":true}]}}