{"id":15280,"date":"2025-05-26T11:00:09","date_gmt":"2025-05-26T17:00:09","guid":{"rendered":"https:\/\/www.nexoinformativo.mx\/?p=15280"},"modified":"2025-05-26T13:55:12","modified_gmt":"2025-05-26T19:55:12","slug":"incendio-esta-madrugada-en-la-bocha-fiscalia-de-queretaro-inicia-investigacion-por-siniestro-en-restaurante","status":"publish","type":"post","link":"https:\/\/www.nexoinformativo.mx\/index.php\/2025\/05\/26\/incendio-esta-madrugada-en-la-bocha-fiscalia-de-queretaro-inicia-investigacion-por-siniestro-en-restaurante\/","title":{"rendered":"Incendio esta madrugada en &#8220;La Bocha&#8221; Fiscal\u00eda de Quer\u00e9taro inicia investigaci\u00f3n por siniestro en restaurante"},"content":{"rendered":"<p style=\"text-align: justify;\" data-sourcepos=\"3:1-3:306\">La Fiscal\u00eda General del Estado de Quer\u00e9taro (FGE) ha confirmado el inicio de una investigaci\u00f3n oficial tras el incendio que afect\u00f3 el restaurante La Bocha, ubicado en la avenida Bernardo Quintana, la madrugada de este lunes.<\/p>\n<p>&nbsp;<\/p>\n<p style=\"text-align: justify;\" data-sourcepos=\"5:1-5:342\">Seg\u00fan la vocer\u00eda de la instituci\u00f3n, la denuncia fue presentada por un particular y las indagatorias est\u00e1n comenzando. &#8220;Justo se est\u00e1 iniciando la denuncia; por lo que las indagatorias estar\u00edan comenzando&#8221;, se\u00f1alaron. Una vez que la formalizaci\u00f3n de la denuncia est\u00e9 completa, se determinar\u00e1n los siguientes pasos a seguir en el proceso legal.<\/p>\n<p>&nbsp;<\/p>\n<p style=\"text-align: justify;\" data-sourcepos=\"7:1-7:471\">El fuego se desat\u00f3 en las primeras horas del lunes, causando da\u00f1os considerables a las instalaciones del establecimiento. Equipos de emergencia, incluyendo Bomberos Quer\u00e9taro y personal de Protecci\u00f3n Civil del Municipio de Quer\u00e9taro, en coordinaci\u00f3n con elementos de la Polic\u00eda Estatal (POES) y la Secretar\u00eda de Seguridad P\u00fablica Municipal, actuaron r\u00e1pidamente para controlar y extinguir las llamas. Afortunadamente, no se reportaron personas lesionadas.<\/p>\n<p>&nbsp;<\/p>\n<p style=\"text-align: justify;\" data-sourcepos=\"13:1-13:337\">Durante las labores de control, se logr\u00f3 el rescate de dos perros\u00a0que se encontraban en el interior del restaurante, los cuales fueron puestos a salvo y bajo resguardo para su atenci\u00f3n. Las autoridades a\u00fan no han determinado las causas exactas del incendio, y se espera que la investigaci\u00f3n en curso arroje m\u00e1s luz sobre los hechos.<\/p>\n<p>&nbsp;<\/p>\n<p style=\"text-align: justify;\" data-sourcepos=\"15:1-15:439\">Este incidente ha generado inquietud entre la comunidad local y los empresarios de la zona, quienes han solicitado a las autoridades una investigaci\u00f3n pronta y transparente para esclarecer lo sucedido y asegurar la seguridad en el \u00e1rea.<\/p>\n<p>&nbsp;<\/p>\n<p style=\"text-align: justify;\" data-sourcepos=\"17:1-17:321\">Se prev\u00e9 que en los pr\u00f3ximos d\u00edas la Fiscal\u00eda proporcione m\u00e1s informaci\u00f3n sobre los avances de la investigaci\u00f3n.<\/p>\n<p>&nbsp;<\/p>\n<p style=\"text-align: justify;\" data-sourcepos=\"17:1-17:321\">Mientras tanto, se hace un llamado a la ciudadan\u00eda a mantenerse informada a trav\u00e9s de los canales oficiales y a evitar la difusi\u00f3n de rumores o informaci\u00f3n no verificada que pueda entorpecer el proceso legal.<\/p>\n<p>&nbsp;<\/p>\n<p style=\"text-align: center;\" data-sourcepos=\"17:1-17:321\"><em><strong>\u00a1Informaci\u00f3n que transforma!<\/strong><\/em><\/p>\n","protected":false},"excerpt":{"rendered":"<p>La Fiscal\u00eda General del Estado de Quer\u00e9taro (FGE) ha confirmado el inicio de una investigaci\u00f3n oficial tras el incendio que afect\u00f3 el restaurante La Bocha, ubicado en la avenida Bernardo Quintana, la madrugada de este lunes.<\/p>\n","protected":false},"author":3,"featured_media":15281,"comment_status":"open","ping_status":"open","sticky":false,"template":"","format":"standard","meta":{"footnotes":""},"categories":[65,137,58],"tags":[2822,4580,133,266],"class_list":["post-15280","post","type-post","status-publish","format-standard","has-post-thumbnail","hentry","category-municipios","category-sucesos","category-ultima-hora","tag-fiscaliaqro","tag-incendiolabocha","tag-queretaro","tag-seguridadqueretaro"],"yoast_head":"<!-- This site is optimized with the Yoast SEO plugin v25.0 - https:\/\/yoast.com\/wordpress\/plugins\/seo\/ -->\n<title>Incendio esta madrugada en &quot;La Bocha&quot; Fiscal\u00eda de Quer\u00e9taro inicia investigaci\u00f3n por siniestro en restaurante | Nexo Informativo Santiago de Quer\u00e9taro<\/title>\n<meta name=\"description\" content=\"Incendio esta madrugada en &quot;La Bocha&quot; Fiscal\u00eda de Quer\u00e9taro inicia investigaci\u00f3n por siniestro en restaurante\" \/>\n<meta name=\"robots\" content=\"index, follow, max-snippet:-1, max-image-preview:large, max-video-preview:-1\" \/>\n<link rel=\"canonical\" href=\"https:\/\/www.nexoinformativo.mx\/index.php\/2025\/05\/26\/incendio-esta-madrugada-en-la-bocha-fiscalia-de-queretaro-inicia-investigacion-por-siniestro-en-restaurante\/\" \/>\n<meta property=\"og:locale\" content=\"es_MX\" \/>\n<meta property=\"og:type\" content=\"article\" \/>\n<meta property=\"og:title\" content=\"Incendio esta madrugada en &quot;La Bocha&quot; Fiscal\u00eda de Quer\u00e9taro inicia investigaci\u00f3n por siniestro en restaurante | Nexo Informativo Santiago de Quer\u00e9taro\" \/>\n<meta property=\"og:description\" content=\"Incendio esta madrugada en &quot;La Bocha&quot; Fiscal\u00eda de Quer\u00e9taro inicia investigaci\u00f3n por siniestro en restaurante\" \/>\n<meta property=\"og:url\" content=\"https:\/\/www.nexoinformativo.mx\/index.php\/2025\/05\/26\/incendio-esta-madrugada-en-la-bocha-fiscalia-de-queretaro-inicia-investigacion-por-siniestro-en-restaurante\/\" \/>\n<meta property=\"og:site_name\" content=\"Nexo Informativo Santiago de Quer\u00e9taro\" \/>\n<meta property=\"article:publisher\" content=\"https:\/\/www.facebook.com\/people\/Nexo-Informativo\/61564066885511\/\" \/>\n<meta property=\"article:published_time\" content=\"2025-05-26T17:00:09+00:00\" \/>\n<meta property=\"article:modified_time\" content=\"2025-05-26T19:55:12+00:00\" \/>\n<meta property=\"og:image\" content=\"https:\/\/www.nexoinformativo.mx\/wp-content\/uploads\/2025\/05\/IMG_3359-e1748289243916.jpg\" \/>\n\t<meta property=\"og:image:width\" content=\"800\" \/>\n\t<meta property=\"og:image:height\" content=\"866\" \/>\n\t<meta property=\"og:image:type\" content=\"image\/jpeg\" \/>\n<meta name=\"author\" content=\"Nexo Informativo\" \/>\n<meta name=\"twitter:card\" content=\"summary_large_image\" \/>\n<meta name=\"twitter:label1\" content=\"Escrito por\" \/>\n\t<meta name=\"twitter:data1\" content=\"Nexo Informativo\" \/>\n\t<meta name=\"twitter:label2\" content=\"Tiempo de lectura\" \/>\n\t<meta name=\"twitter:data2\" content=\"2 minutos\" \/>\n<script type=\"application\/ld+json\" class=\"yoast-schema-graph\">{\"@context\":\"https:\/\/schema.org\",\"@graph\":[{\"@type\":\"Article\",\"@id\":\"https:\/\/www.nexoinformativo.mx\/index.php\/2025\/05\/26\/incendio-esta-madrugada-en-la-bocha-fiscalia-de-queretaro-inicia-investigacion-por-siniestro-en-restaurante\/#article\",\"isPartOf\":{\"@id\":\"https:\/\/www.nexoinformativo.mx\/index.php\/2025\/05\/26\/incendio-esta-madrugada-en-la-bocha-fiscalia-de-queretaro-inicia-investigacion-por-siniestro-en-restaurante\/\"},\"author\":{\"name\":\"Nexo Informativo\",\"@id\":\"https:\/\/www.nexoinformativo.mx\/#\/schema\/person\/7749d380ba08c8ca00d7bc76fd907b7d\"},\"headline\":\"Incendio esta madrugada en &#8220;La Bocha&#8221; Fiscal\u00eda de Quer\u00e9taro inicia investigaci\u00f3n por siniestro en restaurante\",\"datePublished\":\"2025-05-26T17:00:09+00:00\",\"dateModified\":\"2025-05-26T19:55:12+00:00\",\"mainEntityOfPage\":{\"@id\":\"https:\/\/www.nexoinformativo.mx\/index.php\/2025\/05\/26\/incendio-esta-madrugada-en-la-bocha-fiscalia-de-queretaro-inicia-investigacion-por-siniestro-en-restaurante\/\"},\"wordCount\":363,\"commentCount\":0,\"publisher\":{\"@id\":\"https:\/\/www.nexoinformativo.mx\/#organization\"},\"image\":{\"@id\":\"https:\/\/www.nexoinformativo.mx\/index.php\/2025\/05\/26\/incendio-esta-madrugada-en-la-bocha-fiscalia-de-queretaro-inicia-investigacion-por-siniestro-en-restaurante\/#primaryimage\"},\"thumbnailUrl\":\"https:\/\/www.nexoinformativo.mx\/wp-content\/uploads\/2025\/05\/IMG_3359-e1748289243916.jpg\",\"keywords\":[\"Fiscal\u00edaQro\",\"IncendioLaBocha\",\"Quer\u00e9taro\",\"SeguridadQueretaro\"],\"articleSection\":[\"Municipios\",\"Sucesos\",\"\u00daltima Hora\"],\"inLanguage\":\"es\",\"potentialAction\":[{\"@type\":\"CommentAction\",\"name\":\"Comment\",\"target\":[\"https:\/\/www.nexoinformativo.mx\/index.php\/2025\/05\/26\/incendio-esta-madrugada-en-la-bocha-fiscalia-de-queretaro-inicia-investigacion-por-siniestro-en-restaurante\/#respond\"]}]},{\"@type\":\"WebPage\",\"@id\":\"https:\/\/www.nexoinformativo.mx\/index.php\/2025\/05\/26\/incendio-esta-madrugada-en-la-bocha-fiscalia-de-queretaro-inicia-investigacion-por-siniestro-en-restaurante\/\",\"url\":\"https:\/\/www.nexoinformativo.mx\/index.php\/2025\/05\/26\/incendio-esta-madrugada-en-la-bocha-fiscalia-de-queretaro-inicia-investigacion-por-siniestro-en-restaurante\/\",\"name\":\"Incendio esta madrugada en \\\"La Bocha\\\" Fiscal\u00eda de Quer\u00e9taro inicia investigaci\u00f3n por siniestro en restaurante | Nexo Informativo Santiago de Quer\u00e9taro\",\"isPartOf\":{\"@id\":\"https:\/\/www.nexoinformativo.mx\/#website\"},\"primaryImageOfPage\":{\"@id\":\"https:\/\/www.nexoinformativo.mx\/index.php\/2025\/05\/26\/incendio-esta-madrugada-en-la-bocha-fiscalia-de-queretaro-inicia-investigacion-por-siniestro-en-restaurante\/#primaryimage\"},\"image\":{\"@id\":\"https:\/\/www.nexoinformativo.mx\/index.php\/2025\/05\/26\/incendio-esta-madrugada-en-la-bocha-fiscalia-de-queretaro-inicia-investigacion-por-siniestro-en-restaurante\/#primaryimage\"},\"thumbnailUrl\":\"https:\/\/www.nexoinformativo.mx\/wp-content\/uploads\/2025\/05\/IMG_3359-e1748289243916.jpg\",\"datePublished\":\"2025-05-26T17:00:09+00:00\",\"dateModified\":\"2025-05-26T19:55:12+00:00\",\"description\":\"Incendio esta madrugada en \\\"La Bocha\\\" Fiscal\u00eda de Quer\u00e9taro inicia investigaci\u00f3n por siniestro en restaurante\",\"breadcrumb\":{\"@id\":\"https:\/\/www.nexoinformativo.mx\/index.php\/2025\/05\/26\/incendio-esta-madrugada-en-la-bocha-fiscalia-de-queretaro-inicia-investigacion-por-siniestro-en-restaurante\/#breadcrumb\"},\"inLanguage\":\"es\",\"potentialAction\":[{\"@type\":\"ReadAction\",\"target\":[\"https:\/\/www.nexoinformativo.mx\/index.php\/2025\/05\/26\/incendio-esta-madrugada-en-la-bocha-fiscalia-de-queretaro-inicia-investigacion-por-siniestro-en-restaurante\/\"]}]},{\"@type\":\"ImageObject\",\"inLanguage\":\"es\",\"@id\":\"https:\/\/www.nexoinformativo.mx\/index.php\/2025\/05\/26\/incendio-esta-madrugada-en-la-bocha-fiscalia-de-queretaro-inicia-investigacion-por-siniestro-en-restaurante\/#primaryimage\",\"url\":\"https:\/\/www.nexoinformativo.mx\/wp-content\/uploads\/2025\/05\/IMG_3359-e1748289243916.jpg\",\"contentUrl\":\"https:\/\/www.nexoinformativo.mx\/wp-content\/uploads\/2025\/05\/IMG_3359-e1748289243916.jpg\",\"width\":800,\"height\":866,\"caption\":\"Screenshot\"},{\"@type\":\"BreadcrumbList\",\"@id\":\"https:\/\/www.nexoinformativo.mx\/index.php\/2025\/05\/26\/incendio-esta-madrugada-en-la-bocha-fiscalia-de-queretaro-inicia-investigacion-por-siniestro-en-restaurante\/#breadcrumb\",\"itemListElement\":[{\"@type\":\"ListItem\",\"position\":1,\"name\":\"Inicio\",\"item\":\"https:\/\/www.nexoinformativo.mx\/\"},{\"@type\":\"ListItem\",\"position\":2,\"name\":\"Incendio esta madrugada en &#8220;La Bocha&#8221; Fiscal\u00eda de Quer\u00e9taro inicia investigaci\u00f3n por siniestro en restaurante\"}]},{\"@type\":\"WebSite\",\"@id\":\"https:\/\/www.nexoinformativo.mx\/#website\",\"url\":\"https:\/\/www.nexoinformativo.mx\/\",\"name\":\"Nexo Informativo Santiago de Quer\u00e9taro\",\"description\":\"Explora NexoInformativo y convi\u00e9rtete en parte de una comunidad que valora el conocimiento y la verdad. Tu nexoinformativo es tu puente hacia una comprensi\u00f3n m\u00e1s profunda del mundo que te rodea.\",\"publisher\":{\"@id\":\"https:\/\/www.nexoinformativo.mx\/#organization\"},\"potentialAction\":[{\"@type\":\"SearchAction\",\"target\":{\"@type\":\"EntryPoint\",\"urlTemplate\":\"https:\/\/www.nexoinformativo.mx\/?s={search_term_string}\"},\"query-input\":{\"@type\":\"PropertyValueSpecification\",\"valueRequired\":true,\"valueName\":\"search_term_string\"}}],\"inLanguage\":\"es\"},{\"@type\":\"Organization\",\"@id\":\"https:\/\/www.nexoinformativo.mx\/#organization\",\"name\":\"Nexo Informativo Santiago de Quer\u00e9taro\",\"url\":\"https:\/\/www.nexoinformativo.mx\/\",\"logo\":{\"@type\":\"ImageObject\",\"inLanguage\":\"es\",\"@id\":\"https:\/\/www.nexoinformativo.mx\/#\/schema\/logo\/image\/\",\"url\":\"https:\/\/www.nexoinformativo.mx\/wp-content\/uploads\/2024\/07\/nexoi-trasparente-2.png\",\"contentUrl\":\"https:\/\/www.nexoinformativo.mx\/wp-content\/uploads\/2024\/07\/nexoi-trasparente-2.png\",\"width\":816,\"height\":339,\"caption\":\"Nexo Informativo Santiago de Quer\u00e9taro\"},\"image\":{\"@id\":\"https:\/\/www.nexoinformativo.mx\/#\/schema\/logo\/image\/\"},\"sameAs\":[\"https:\/\/www.facebook.com\/people\/Nexo-Informativo\/61564066885511\/\"]},{\"@type\":\"Person\",\"@id\":\"https:\/\/www.nexoinformativo.mx\/#\/schema\/person\/7749d380ba08c8ca00d7bc76fd907b7d\",\"name\":\"Nexo Informativo\",\"image\":{\"@type\":\"ImageObject\",\"inLanguage\":\"es\",\"@id\":\"https:\/\/www.nexoinformativo.mx\/#\/schema\/person\/image\/\",\"url\":\"https:\/\/secure.gravatar.com\/avatar\/dde2928154642a13d95f87ddf1ea9718fe2b46760a005c53e41ff5ad610704e6?s=96&d=mm&r=g\",\"contentUrl\":\"https:\/\/secure.gravatar.com\/avatar\/dde2928154642a13d95f87ddf1ea9718fe2b46760a005c53e41ff5ad610704e6?s=96&d=mm&r=g\",\"caption\":\"Nexo Informativo\"},\"url\":\"https:\/\/www.nexoinformativo.mx\/index.php\/author\/edicion\/\"}]}<\/script>\n<!-- \/ Yoast SEO plugin. -->","yoast_head_json":{"title":"Incendio esta madrugada en \"La Bocha\" Fiscal\u00eda de Quer\u00e9taro inicia investigaci\u00f3n por siniestro en restaurante | Nexo Informativo Santiago de Quer\u00e9taro","description":"Incendio esta madrugada en \"La Bocha\" Fiscal\u00eda de Quer\u00e9taro inicia investigaci\u00f3n por siniestro en restaurante","robots":{"index":"index","follow":"follow","max-snippet":"max-snippet:-1","max-image-preview":"max-image-preview:large","max-video-preview":"max-video-preview:-1"},"canonical":"https:\/\/www.nexoinformativo.mx\/index.php\/2025\/05\/26\/incendio-esta-madrugada-en-la-bocha-fiscalia-de-queretaro-inicia-investigacion-por-siniestro-en-restaurante\/","og_locale":"es_MX","og_type":"article","og_title":"Incendio esta madrugada en \"La Bocha\" Fiscal\u00eda de Quer\u00e9taro inicia investigaci\u00f3n por siniestro en restaurante | Nexo Informativo Santiago de Quer\u00e9taro","og_description":"Incendio esta madrugada en \"La Bocha\" Fiscal\u00eda de Quer\u00e9taro inicia investigaci\u00f3n por siniestro en restaurante","og_url":"https:\/\/www.nexoinformativo.mx\/index.php\/2025\/05\/26\/incendio-esta-madrugada-en-la-bocha-fiscalia-de-queretaro-inicia-investigacion-por-siniestro-en-restaurante\/","og_site_name":"Nexo Informativo Santiago de Quer\u00e9taro","article_publisher":"https:\/\/www.facebook.com\/people\/Nexo-Informativo\/61564066885511\/","article_published_time":"2025-05-26T17:00:09+00:00","article_modified_time":"2025-05-26T19:55:12+00:00","og_image":[{"width":800,"height":866,"url":"https:\/\/www.nexoinformativo.mx\/wp-content\/uploads\/2025\/05\/IMG_3359-e1748289243916.jpg","type":"image\/jpeg"}],"author":"Nexo Informativo","twitter_card":"summary_large_image","twitter_misc":{"Escrito por":"Nexo Informativo","Tiempo de lectura":"2 minutos"},"schema":{"@context":"https:\/\/schema.org","@graph":[{"@type":"Article","@id":"https:\/\/www.nexoinformativo.mx\/index.php\/2025\/05\/26\/incendio-esta-madrugada-en-la-bocha-fiscalia-de-queretaro-inicia-investigacion-por-siniestro-en-restaurante\/#article","isPartOf":{"@id":"https:\/\/www.nexoinformativo.mx\/index.php\/2025\/05\/26\/incendio-esta-madrugada-en-la-bocha-fiscalia-de-queretaro-inicia-investigacion-por-siniestro-en-restaurante\/"},"author":{"name":"Nexo Informativo","@id":"https:\/\/www.nexoinformativo.mx\/#\/schema\/person\/7749d380ba08c8ca00d7bc76fd907b7d"},"headline":"Incendio esta madrugada en &#8220;La Bocha&#8221; Fiscal\u00eda de Quer\u00e9taro inicia investigaci\u00f3n por siniestro en restaurante","datePublished":"2025-05-26T17:00:09+00:00","dateModified":"2025-05-26T19:55:12+00:00","mainEntityOfPage":{"@id":"https:\/\/www.nexoinformativo.mx\/index.php\/2025\/05\/26\/incendio-esta-madrugada-en-la-bocha-fiscalia-de-queretaro-inicia-investigacion-por-siniestro-en-restaurante\/"},"wordCount":363,"commentCount":0,"publisher":{"@id":"https:\/\/www.nexoinformativo.mx\/#organization"},"image":{"@id":"https:\/\/www.nexoinformativo.mx\/index.php\/2025\/05\/26\/incendio-esta-madrugada-en-la-bocha-fiscalia-de-queretaro-inicia-investigacion-por-siniestro-en-restaurante\/#primaryimage"},"thumbnailUrl":"https:\/\/www.nexoinformativo.mx\/wp-content\/uploads\/2025\/05\/IMG_3359-e1748289243916.jpg","keywords":["Fiscal\u00edaQro","IncendioLaBocha","Quer\u00e9taro","SeguridadQueretaro"],"articleSection":["Municipios","Sucesos","\u00daltima Hora"],"inLanguage":"es","potentialAction":[{"@type":"CommentAction","name":"Comment","target":["https:\/\/www.nexoinformativo.mx\/index.php\/2025\/05\/26\/incendio-esta-madrugada-en-la-bocha-fiscalia-de-queretaro-inicia-investigacion-por-siniestro-en-restaurante\/#respond"]}]},{"@type":"WebPage","@id":"https:\/\/www.nexoinformativo.mx\/index.php\/2025\/05\/26\/incendio-esta-madrugada-en-la-bocha-fiscalia-de-queretaro-inicia-investigacion-por-siniestro-en-restaurante\/","url":"https:\/\/www.nexoinformativo.mx\/index.php\/2025\/05\/26\/incendio-esta-madrugada-en-la-bocha-fiscalia-de-queretaro-inicia-investigacion-por-siniestro-en-restaurante\/","name":"Incendio esta madrugada en \"La Bocha\" Fiscal\u00eda de Quer\u00e9taro inicia investigaci\u00f3n por siniestro en restaurante | Nexo Informativo Santiago de Quer\u00e9taro","isPartOf":{"@id":"https:\/\/www.nexoinformativo.mx\/#website"},"primaryImageOfPage":{"@id":"https:\/\/www.nexoinformativo.mx\/index.php\/2025\/05\/26\/incendio-esta-madrugada-en-la-bocha-fiscalia-de-queretaro-inicia-investigacion-por-siniestro-en-restaurante\/#primaryimage"},"image":{"@id":"https:\/\/www.nexoinformativo.mx\/index.php\/2025\/05\/26\/incendio-esta-madrugada-en-la-bocha-fiscalia-de-queretaro-inicia-investigacion-por-siniestro-en-restaurante\/#primaryimage"},"thumbnailUrl":"https:\/\/www.nexoinformativo.mx\/wp-content\/uploads\/2025\/05\/IMG_3359-e1748289243916.jpg","datePublished":"2025-05-26T17:00:09+00:00","dateModified":"2025-05-26T19:55:12+00:00","description":"Incendio esta madrugada en \"La Bocha\" Fiscal\u00eda de Quer\u00e9taro inicia investigaci\u00f3n por siniestro en restaurante","breadcrumb":{"@id":"https:\/\/www.nexoinformativo.mx\/index.php\/2025\/05\/26\/incendio-esta-madrugada-en-la-bocha-fiscalia-de-queretaro-inicia-investigacion-por-siniestro-en-restaurante\/#breadcrumb"},"inLanguage":"es","potentialAction":[{"@type":"ReadAction","target":["https:\/\/www.nexoinformativo.mx\/index.php\/2025\/05\/26\/incendio-esta-madrugada-en-la-bocha-fiscalia-de-queretaro-inicia-investigacion-por-siniestro-en-restaurante\/"]}]},{"@type":"ImageObject","inLanguage":"es","@id":"https:\/\/www.nexoinformativo.mx\/index.php\/2025\/05\/26\/incendio-esta-madrugada-en-la-bocha-fiscalia-de-queretaro-inicia-investigacion-por-siniestro-en-restaurante\/#primaryimage","url":"https:\/\/www.nexoinformativo.mx\/wp-content\/uploads\/2025\/05\/IMG_3359-e1748289243916.jpg","contentUrl":"https:\/\/www.nexoinformativo.mx\/wp-content\/uploads\/2025\/05\/IMG_3359-e1748289243916.jpg","width":800,"height":866,"caption":"Screenshot"},{"@type":"BreadcrumbList","@id":"https:\/\/www.nexoinformativo.mx\/index.php\/2025\/05\/26\/incendio-esta-madrugada-en-la-bocha-fiscalia-de-queretaro-inicia-investigacion-por-siniestro-en-restaurante\/#breadcrumb","itemListElement":[{"@type":"ListItem","position":1,"name":"Inicio","item":"https:\/\/www.nexoinformativo.mx\/"},{"@type":"ListItem","position":2,"name":"Incendio esta madrugada en &#8220;La Bocha&#8221; Fiscal\u00eda de Quer\u00e9taro inicia investigaci\u00f3n por siniestro en restaurante"}]},{"@type":"WebSite","@id":"https:\/\/www.nexoinformativo.mx\/#website","url":"https:\/\/www.nexoinformativo.mx\/","name":"Nexo Informativo Santiago de Quer\u00e9taro","description":"Explora NexoInformativo y convi\u00e9rtete en parte de una comunidad que valora el conocimiento y la verdad. Tu nexoinformativo es tu puente hacia una comprensi\u00f3n m\u00e1s profunda del mundo que te rodea.","publisher":{"@id":"https:\/\/www.nexoinformativo.mx\/#organization"},"potentialAction":[{"@type":"SearchAction","target":{"@type":"EntryPoint","urlTemplate":"https:\/\/www.nexoinformativo.mx\/?s={search_term_string}"},"query-input":{"@type":"PropertyValueSpecification","valueRequired":true,"valueName":"search_term_string"}}],"inLanguage":"es"},{"@type":"Organization","@id":"https:\/\/www.nexoinformativo.mx\/#organization","name":"Nexo Informativo Santiago de Quer\u00e9taro","url":"https:\/\/www.nexoinformativo.mx\/","logo":{"@type":"ImageObject","inLanguage":"es","@id":"https:\/\/www.nexoinformativo.mx\/#\/schema\/logo\/image\/","url":"https:\/\/www.nexoinformativo.mx\/wp-content\/uploads\/2024\/07\/nexoi-trasparente-2.png","contentUrl":"https:\/\/www.nexoinformativo.mx\/wp-content\/uploads\/2024\/07\/nexoi-trasparente-2.png","width":816,"height":339,"caption":"Nexo Informativo Santiago de Quer\u00e9taro"},"image":{"@id":"https:\/\/www.nexoinformativo.mx\/#\/schema\/logo\/image\/"},"sameAs":["https:\/\/www.facebook.com\/people\/Nexo-Informativo\/61564066885511\/"]},{"@type":"Person","@id":"https:\/\/www.nexoinformativo.mx\/#\/schema\/person\/7749d380ba08c8ca00d7bc76fd907b7d","name":"Nexo Informativo","image":{"@type":"ImageObject","inLanguage":"es","@id":"https:\/\/www.nexoinformativo.mx\/#\/schema\/person\/image\/","url":"https:\/\/secure.gravatar.com\/avatar\/dde2928154642a13d95f87ddf1ea9718fe2b46760a005c53e41ff5ad610704e6?s=96&d=mm&r=g","contentUrl":"https:\/\/secure.gravatar.com\/avatar\/dde2928154642a13d95f87ddf1ea9718fe2b46760a005c53e41ff5ad610704e6?s=96&d=mm&r=g","caption":"Nexo Informativo"},"url":"https:\/\/www.nexoinformativo.mx\/index.php\/author\/edicion\/"}]}},"_links":{"self":[{"href":"https:\/\/www.nexoinformativo.mx\/index.php\/wp-json\/wp\/v2\/posts\/15280","targetHints":{"allow":["GET"]}}],"collection":[{"href":"https:\/\/www.nexoinformativo.mx\/index.php\/wp-json\/wp\/v2\/posts"}],"about":[{"href":"https:\/\/www.nexoinformativo.mx\/index.php\/wp-json\/wp\/v2\/types\/post"}],"author":[{"embeddable":true,"href":"https:\/\/www.nexoinformativo.mx\/index.php\/wp-json\/wp\/v2\/users\/3"}],"replies":[{"embeddable":true,"href":"https:\/\/www.nexoinformativo.mx\/index.php\/wp-json\/wp\/v2\/comments?post=15280"}],"version-history":[{"count":4,"href":"https:\/\/www.nexoinformativo.mx\/index.php\/wp-json\/wp\/v2\/posts\/15280\/revisions"}],"predecessor-version":[{"id":15284,"href":"https:\/\/www.nexoinformativo.mx\/index.php\/wp-json\/wp\/v2\/posts\/15280\/revisions\/15284"}],"wp:featuredmedia":[{"embeddable":true,"href":"https:\/\/www.nexoinformativo.mx\/index.php\/wp-json\/wp\/v2\/media\/15281"}],"wp:attachment":[{"href":"https:\/\/www.nexoinformativo.mx\/index.php\/wp-json\/wp\/v2\/media?parent=15280"}],"wp:term":[{"taxonomy":"category","embeddable":true,"href":"https:\/\/www.nexoinformativo.mx\/index.php\/wp-json\/wp\/v2\/categories?post=15280"},{"taxonomy":"post_tag","embeddable":true,"href":"https:\/\/www.nexoinformativo.mx\/index.php\/wp-json\/wp\/v2\/tags?post=15280"}],"curies":[{"name":"wp","href":"https:\/\/api.w.org\/{rel}","templated":true}]}}