{"id":15292,"date":"2025-05-26T14:00:13","date_gmt":"2025-05-26T20:00:13","guid":{"rendered":"https:\/\/www.nexoinformativo.mx\/?p=15292"},"modified":"2025-05-26T18:41:10","modified_gmt":"2025-05-27T00:41:10","slug":"mas-empleos-y-oportunidades-tajco-elige-queretaro-para-nueva-planta-de-autopartes-con-una-inversion-de-200mdp","status":"publish","type":"post","link":"https:\/\/www.nexoinformativo.mx\/index.php\/2025\/05\/26\/mas-empleos-y-oportunidades-tajco-elige-queretaro-para-nueva-planta-de-autopartes-con-una-inversion-de-200mdp\/","title":{"rendered":"M\u00e1s empleos y oportunidades TAJCO elige Quer\u00e9taro para  nueva planta de autopartes con una inversi\u00f3n de 200mdp"},"content":{"rendered":"<p style=\"text-align: justify;\" data-sourcepos=\"3:1-3:518\">El presidente municipal, Felifer Mac\u00edas, recibi\u00f3 de manos de Niels Ole Jeppesen, director de Operaciones de TAJCO M\u00e9xico, la carta compromiso de inversi\u00f3n por m\u00e1s de 200 millones de pesos de la empresa danesa TAJCO.<\/p>\n<p>&nbsp;<\/p>\n<p style=\"text-align: justify;\" data-sourcepos=\"3:1-3:518\">Esta inversi\u00f3n es un claro ejemplo del trabajo del municipio para atraer compa\u00f1\u00edas de clase mundial que generen m\u00e1s y mejores oportunidades para las familias y los j\u00f3venes.<\/p>\n<p>&nbsp;<\/p>\n<p style=\"text-align: justify;\" data-sourcepos=\"5:1-5:397\">Felifer Mac\u00edas destac\u00f3 que Quer\u00e9taro se consolida como un referente nacional en inversi\u00f3n, empleo, econom\u00eda, seguridad y calidad de vida. Con la llegada de empresas como TAJCO, la ciudad se afianza como el principal polo de desarrollo del estado.<\/p>\n<p>&nbsp;<\/p>\n<p style=\"text-align: justify;\" data-sourcepos=\"5:1-5:397\">Adem\u00e1s, subray\u00f3 que Quer\u00e9taro ocupa el segundo lugar en competitividad a nivel nacional, gracias a una visi\u00f3n de futuro clara y bien definida.<\/p>\n<p>&nbsp;<\/p>\n<p style=\"text-align: justify;\" data-sourcepos=\"11:1-11:418\">Alejandro Sterling S\u00e1nchez, secretario de Desarrollo Econ\u00f3mico, inform\u00f3 que, gracias al esfuerzo y visi\u00f3n del alcalde Felifer Mac\u00edas, Quer\u00e9taro registra un impresionante incremento del 217 por ciento en inversi\u00f3n, casi el triple en comparaci\u00f3n con el a\u00f1o anterior.<\/p>\n<p>&nbsp;<\/p>\n<p style=\"text-align: justify;\" data-sourcepos=\"11:1-11:418\">Este crecimiento confirma que el municipio genera las condiciones necesarias para que empresas de la talla de TAJCO elijan invertir en la ciudad.<\/p>\n<p>&nbsp;<\/p>\n<p style=\"text-align: justify;\" data-sourcepos=\"13:1-13:363\">TAJCO, una empresa danesa fundada en 1946 con presencia global en Estados Unidos, Dinamarca, Eslovaquia, China y Alemania, instalar\u00e1 su nueva planta en el Parque Industrial FINSA III. Se espera que las operaciones inicien en junio de 2026 y que se generen 275 empleos directos en la fabricaci\u00f3n de autopartes de alta calidad para el sector automotriz.<\/p>\n<p>&nbsp;<\/p>\n<p style=\"text-align: justify;\" data-sourcepos=\"15:1-15:451\">&#8220;El d\u00eda de hoy llega Tajco, un referente a nivel internacional, con una inversi\u00f3n de casi 200 millones de pesos y que tambi\u00e9n va a generar m\u00e1s de 270 empleos de la mejor calidad&#8221;, se\u00f1al\u00f3 Felifer Mac\u00edas.<\/p>\n<p>&nbsp;<\/p>\n<p style=\"text-align: center;\" data-sourcepos=\"15:1-15:451\"><em><strong>\u00a1Informaci\u00f3n que transforma!<\/strong><\/em><\/p>\n","protected":false},"excerpt":{"rendered":"<p>El presidente municipal, Felifer Mac\u00edas, recibi\u00f3 de manos de Niels Ole Jeppesen, director de Operaciones de TAJCO M\u00e9xico, la carta compromiso de inversi\u00f3n por m\u00e1s de 200 millones de pesos de la empresa danesa TAJCO.<\/p>\n","protected":false},"author":3,"featured_media":15293,"comment_status":"open","ping_status":"open","sticky":false,"template":"","format":"standard","meta":{"footnotes":""},"categories":[5,42,58],"tags":[374,1000,3761,4584],"class_list":["post-15292","post","type-post","status-publish","format-standard","has-post-thumbnail","hentry","category-economia","category-estado","category-ultima-hora","tag-empleoqueretaro","tag-felifermacias","tag-inversionqro","tag-tajcoenmexico"],"yoast_head":"<!-- This site is optimized with the Yoast SEO plugin v25.0 - https:\/\/yoast.com\/wordpress\/plugins\/seo\/ -->\n<title>M\u00e1s empleos y oportunidades TAJCO elige Quer\u00e9taro para nueva planta de autopartes con una inversi\u00f3n de 200mdp | Nexo Informativo Santiago de Quer\u00e9taro<\/title>\n<meta name=\"description\" content=\"M\u00e1s empleos y oportunidades TAJCO elige Quer\u00e9taro para nueva planta de autopartes con una inversi\u00f3n de 200mdp\" \/>\n<meta name=\"robots\" content=\"index, follow, max-snippet:-1, max-image-preview:large, max-video-preview:-1\" \/>\n<link rel=\"canonical\" href=\"https:\/\/www.nexoinformativo.mx\/index.php\/2025\/05\/26\/mas-empleos-y-oportunidades-tajco-elige-queretaro-para-nueva-planta-de-autopartes-con-una-inversion-de-200mdp\/\" \/>\n<meta property=\"og:locale\" content=\"es_MX\" \/>\n<meta property=\"og:type\" content=\"article\" \/>\n<meta property=\"og:title\" content=\"M\u00e1s empleos y oportunidades TAJCO elige Quer\u00e9taro para nueva planta de autopartes con una inversi\u00f3n de 200mdp | Nexo Informativo Santiago de Quer\u00e9taro\" \/>\n<meta property=\"og:description\" content=\"M\u00e1s empleos y oportunidades TAJCO elige Quer\u00e9taro para nueva planta de autopartes con una inversi\u00f3n de 200mdp\" \/>\n<meta property=\"og:url\" content=\"https:\/\/www.nexoinformativo.mx\/index.php\/2025\/05\/26\/mas-empleos-y-oportunidades-tajco-elige-queretaro-para-nueva-planta-de-autopartes-con-una-inversion-de-200mdp\/\" \/>\n<meta property=\"og:site_name\" content=\"Nexo Informativo Santiago de Quer\u00e9taro\" \/>\n<meta property=\"article:publisher\" content=\"https:\/\/www.facebook.com\/people\/Nexo-Informativo\/61564066885511\/\" \/>\n<meta property=\"article:published_time\" content=\"2025-05-26T20:00:13+00:00\" \/>\n<meta property=\"article:modified_time\" content=\"2025-05-27T00:41:10+00:00\" \/>\n<meta property=\"og:image\" content=\"https:\/\/www.nexoinformativo.mx\/wp-content\/uploads\/2025\/05\/PHOTO-2025-05-26-16-22-03-e1748306324308.jpg\" \/>\n\t<meta property=\"og:image:width\" content=\"800\" \/>\n\t<meta property=\"og:image:height\" content=\"533\" \/>\n\t<meta property=\"og:image:type\" content=\"image\/jpeg\" \/>\n<meta name=\"author\" content=\"Nexo Informativo\" \/>\n<meta name=\"twitter:card\" content=\"summary_large_image\" \/>\n<meta name=\"twitter:label1\" content=\"Escrito por\" \/>\n\t<meta name=\"twitter:data1\" content=\"Nexo Informativo\" \/>\n\t<meta name=\"twitter:label2\" content=\"Tiempo de lectura\" \/>\n\t<meta name=\"twitter:data2\" content=\"2 minutos\" \/>\n<script type=\"application\/ld+json\" class=\"yoast-schema-graph\">{\"@context\":\"https:\/\/schema.org\",\"@graph\":[{\"@type\":\"Article\",\"@id\":\"https:\/\/www.nexoinformativo.mx\/index.php\/2025\/05\/26\/mas-empleos-y-oportunidades-tajco-elige-queretaro-para-nueva-planta-de-autopartes-con-una-inversion-de-200mdp\/#article\",\"isPartOf\":{\"@id\":\"https:\/\/www.nexoinformativo.mx\/index.php\/2025\/05\/26\/mas-empleos-y-oportunidades-tajco-elige-queretaro-para-nueva-planta-de-autopartes-con-una-inversion-de-200mdp\/\"},\"author\":{\"name\":\"Nexo Informativo\",\"@id\":\"https:\/\/www.nexoinformativo.mx\/#\/schema\/person\/7749d380ba08c8ca00d7bc76fd907b7d\"},\"headline\":\"M\u00e1s empleos y oportunidades TAJCO elige Quer\u00e9taro para nueva planta de autopartes con una inversi\u00f3n de 200mdp\",\"datePublished\":\"2025-05-26T20:00:13+00:00\",\"dateModified\":\"2025-05-27T00:41:10+00:00\",\"mainEntityOfPage\":{\"@id\":\"https:\/\/www.nexoinformativo.mx\/index.php\/2025\/05\/26\/mas-empleos-y-oportunidades-tajco-elige-queretaro-para-nueva-planta-de-autopartes-con-una-inversion-de-200mdp\/\"},\"wordCount\":335,\"commentCount\":0,\"publisher\":{\"@id\":\"https:\/\/www.nexoinformativo.mx\/#organization\"},\"image\":{\"@id\":\"https:\/\/www.nexoinformativo.mx\/index.php\/2025\/05\/26\/mas-empleos-y-oportunidades-tajco-elige-queretaro-para-nueva-planta-de-autopartes-con-una-inversion-de-200mdp\/#primaryimage\"},\"thumbnailUrl\":\"https:\/\/www.nexoinformativo.mx\/wp-content\/uploads\/2025\/05\/PHOTO-2025-05-26-16-22-03-e1748306324308.jpg\",\"keywords\":[\"EmpleoQuer\u00e9taro\",\"FeliferMac\u00edas\",\"Inversi\u00f3nQro\",\"TAJCOenM\u00e9xico\"],\"articleSection\":[\"Econom\u00eda\",\"Estado\",\"\u00daltima Hora\"],\"inLanguage\":\"es\",\"potentialAction\":[{\"@type\":\"CommentAction\",\"name\":\"Comment\",\"target\":[\"https:\/\/www.nexoinformativo.mx\/index.php\/2025\/05\/26\/mas-empleos-y-oportunidades-tajco-elige-queretaro-para-nueva-planta-de-autopartes-con-una-inversion-de-200mdp\/#respond\"]}]},{\"@type\":\"WebPage\",\"@id\":\"https:\/\/www.nexoinformativo.mx\/index.php\/2025\/05\/26\/mas-empleos-y-oportunidades-tajco-elige-queretaro-para-nueva-planta-de-autopartes-con-una-inversion-de-200mdp\/\",\"url\":\"https:\/\/www.nexoinformativo.mx\/index.php\/2025\/05\/26\/mas-empleos-y-oportunidades-tajco-elige-queretaro-para-nueva-planta-de-autopartes-con-una-inversion-de-200mdp\/\",\"name\":\"M\u00e1s empleos y oportunidades TAJCO elige Quer\u00e9taro para nueva planta de autopartes con una inversi\u00f3n de 200mdp | Nexo Informativo Santiago de Quer\u00e9taro\",\"isPartOf\":{\"@id\":\"https:\/\/www.nexoinformativo.mx\/#website\"},\"primaryImageOfPage\":{\"@id\":\"https:\/\/www.nexoinformativo.mx\/index.php\/2025\/05\/26\/mas-empleos-y-oportunidades-tajco-elige-queretaro-para-nueva-planta-de-autopartes-con-una-inversion-de-200mdp\/#primaryimage\"},\"image\":{\"@id\":\"https:\/\/www.nexoinformativo.mx\/index.php\/2025\/05\/26\/mas-empleos-y-oportunidades-tajco-elige-queretaro-para-nueva-planta-de-autopartes-con-una-inversion-de-200mdp\/#primaryimage\"},\"thumbnailUrl\":\"https:\/\/www.nexoinformativo.mx\/wp-content\/uploads\/2025\/05\/PHOTO-2025-05-26-16-22-03-e1748306324308.jpg\",\"datePublished\":\"2025-05-26T20:00:13+00:00\",\"dateModified\":\"2025-05-27T00:41:10+00:00\",\"description\":\"M\u00e1s empleos y oportunidades TAJCO elige Quer\u00e9taro para nueva planta de autopartes con una inversi\u00f3n de 200mdp\",\"breadcrumb\":{\"@id\":\"https:\/\/www.nexoinformativo.mx\/index.php\/2025\/05\/26\/mas-empleos-y-oportunidades-tajco-elige-queretaro-para-nueva-planta-de-autopartes-con-una-inversion-de-200mdp\/#breadcrumb\"},\"inLanguage\":\"es\",\"potentialAction\":[{\"@type\":\"ReadAction\",\"target\":[\"https:\/\/www.nexoinformativo.mx\/index.php\/2025\/05\/26\/mas-empleos-y-oportunidades-tajco-elige-queretaro-para-nueva-planta-de-autopartes-con-una-inversion-de-200mdp\/\"]}]},{\"@type\":\"ImageObject\",\"inLanguage\":\"es\",\"@id\":\"https:\/\/www.nexoinformativo.mx\/index.php\/2025\/05\/26\/mas-empleos-y-oportunidades-tajco-elige-queretaro-para-nueva-planta-de-autopartes-con-una-inversion-de-200mdp\/#primaryimage\",\"url\":\"https:\/\/www.nexoinformativo.mx\/wp-content\/uploads\/2025\/05\/PHOTO-2025-05-26-16-22-03-e1748306324308.jpg\",\"contentUrl\":\"https:\/\/www.nexoinformativo.mx\/wp-content\/uploads\/2025\/05\/PHOTO-2025-05-26-16-22-03-e1748306324308.jpg\",\"width\":800,\"height\":533},{\"@type\":\"BreadcrumbList\",\"@id\":\"https:\/\/www.nexoinformativo.mx\/index.php\/2025\/05\/26\/mas-empleos-y-oportunidades-tajco-elige-queretaro-para-nueva-planta-de-autopartes-con-una-inversion-de-200mdp\/#breadcrumb\",\"itemListElement\":[{\"@type\":\"ListItem\",\"position\":1,\"name\":\"Inicio\",\"item\":\"https:\/\/www.nexoinformativo.mx\/\"},{\"@type\":\"ListItem\",\"position\":2,\"name\":\"M\u00e1s empleos y oportunidades TAJCO elige Quer\u00e9taro para nueva planta de autopartes con una inversi\u00f3n de 200mdp\"}]},{\"@type\":\"WebSite\",\"@id\":\"https:\/\/www.nexoinformativo.mx\/#website\",\"url\":\"https:\/\/www.nexoinformativo.mx\/\",\"name\":\"Nexo Informativo Santiago de Quer\u00e9taro\",\"description\":\"Explora NexoInformativo y convi\u00e9rtete en parte de una comunidad que valora el conocimiento y la verdad. Tu nexoinformativo es tu puente hacia una comprensi\u00f3n m\u00e1s profunda del mundo que te rodea.\",\"publisher\":{\"@id\":\"https:\/\/www.nexoinformativo.mx\/#organization\"},\"potentialAction\":[{\"@type\":\"SearchAction\",\"target\":{\"@type\":\"EntryPoint\",\"urlTemplate\":\"https:\/\/www.nexoinformativo.mx\/?s={search_term_string}\"},\"query-input\":{\"@type\":\"PropertyValueSpecification\",\"valueRequired\":true,\"valueName\":\"search_term_string\"}}],\"inLanguage\":\"es\"},{\"@type\":\"Organization\",\"@id\":\"https:\/\/www.nexoinformativo.mx\/#organization\",\"name\":\"Nexo Informativo Santiago de Quer\u00e9taro\",\"url\":\"https:\/\/www.nexoinformativo.mx\/\",\"logo\":{\"@type\":\"ImageObject\",\"inLanguage\":\"es\",\"@id\":\"https:\/\/www.nexoinformativo.mx\/#\/schema\/logo\/image\/\",\"url\":\"https:\/\/www.nexoinformativo.mx\/wp-content\/uploads\/2024\/07\/nexoi-trasparente-2.png\",\"contentUrl\":\"https:\/\/www.nexoinformativo.mx\/wp-content\/uploads\/2024\/07\/nexoi-trasparente-2.png\",\"width\":816,\"height\":339,\"caption\":\"Nexo Informativo Santiago de Quer\u00e9taro\"},\"image\":{\"@id\":\"https:\/\/www.nexoinformativo.mx\/#\/schema\/logo\/image\/\"},\"sameAs\":[\"https:\/\/www.facebook.com\/people\/Nexo-Informativo\/61564066885511\/\"]},{\"@type\":\"Person\",\"@id\":\"https:\/\/www.nexoinformativo.mx\/#\/schema\/person\/7749d380ba08c8ca00d7bc76fd907b7d\",\"name\":\"Nexo Informativo\",\"image\":{\"@type\":\"ImageObject\",\"inLanguage\":\"es\",\"@id\":\"https:\/\/www.nexoinformativo.mx\/#\/schema\/person\/image\/\",\"url\":\"https:\/\/secure.gravatar.com\/avatar\/dde2928154642a13d95f87ddf1ea9718fe2b46760a005c53e41ff5ad610704e6?s=96&d=mm&r=g\",\"contentUrl\":\"https:\/\/secure.gravatar.com\/avatar\/dde2928154642a13d95f87ddf1ea9718fe2b46760a005c53e41ff5ad610704e6?s=96&d=mm&r=g\",\"caption\":\"Nexo Informativo\"},\"url\":\"https:\/\/www.nexoinformativo.mx\/index.php\/author\/edicion\/\"}]}<\/script>\n<!-- \/ Yoast SEO plugin. -->","yoast_head_json":{"title":"M\u00e1s empleos y oportunidades TAJCO elige Quer\u00e9taro para nueva planta de autopartes con una inversi\u00f3n de 200mdp | Nexo Informativo Santiago de Quer\u00e9taro","description":"M\u00e1s empleos y oportunidades TAJCO elige Quer\u00e9taro para nueva planta de autopartes con una inversi\u00f3n de 200mdp","robots":{"index":"index","follow":"follow","max-snippet":"max-snippet:-1","max-image-preview":"max-image-preview:large","max-video-preview":"max-video-preview:-1"},"canonical":"https:\/\/www.nexoinformativo.mx\/index.php\/2025\/05\/26\/mas-empleos-y-oportunidades-tajco-elige-queretaro-para-nueva-planta-de-autopartes-con-una-inversion-de-200mdp\/","og_locale":"es_MX","og_type":"article","og_title":"M\u00e1s empleos y oportunidades TAJCO elige Quer\u00e9taro para nueva planta de autopartes con una inversi\u00f3n de 200mdp | Nexo Informativo Santiago de Quer\u00e9taro","og_description":"M\u00e1s empleos y oportunidades TAJCO elige Quer\u00e9taro para nueva planta de autopartes con una inversi\u00f3n de 200mdp","og_url":"https:\/\/www.nexoinformativo.mx\/index.php\/2025\/05\/26\/mas-empleos-y-oportunidades-tajco-elige-queretaro-para-nueva-planta-de-autopartes-con-una-inversion-de-200mdp\/","og_site_name":"Nexo Informativo Santiago de Quer\u00e9taro","article_publisher":"https:\/\/www.facebook.com\/people\/Nexo-Informativo\/61564066885511\/","article_published_time":"2025-05-26T20:00:13+00:00","article_modified_time":"2025-05-27T00:41:10+00:00","og_image":[{"width":800,"height":533,"url":"https:\/\/www.nexoinformativo.mx\/wp-content\/uploads\/2025\/05\/PHOTO-2025-05-26-16-22-03-e1748306324308.jpg","type":"image\/jpeg"}],"author":"Nexo Informativo","twitter_card":"summary_large_image","twitter_misc":{"Escrito por":"Nexo Informativo","Tiempo de lectura":"2 minutos"},"schema":{"@context":"https:\/\/schema.org","@graph":[{"@type":"Article","@id":"https:\/\/www.nexoinformativo.mx\/index.php\/2025\/05\/26\/mas-empleos-y-oportunidades-tajco-elige-queretaro-para-nueva-planta-de-autopartes-con-una-inversion-de-200mdp\/#article","isPartOf":{"@id":"https:\/\/www.nexoinformativo.mx\/index.php\/2025\/05\/26\/mas-empleos-y-oportunidades-tajco-elige-queretaro-para-nueva-planta-de-autopartes-con-una-inversion-de-200mdp\/"},"author":{"name":"Nexo Informativo","@id":"https:\/\/www.nexoinformativo.mx\/#\/schema\/person\/7749d380ba08c8ca00d7bc76fd907b7d"},"headline":"M\u00e1s empleos y oportunidades TAJCO elige Quer\u00e9taro para nueva planta de autopartes con una inversi\u00f3n de 200mdp","datePublished":"2025-05-26T20:00:13+00:00","dateModified":"2025-05-27T00:41:10+00:00","mainEntityOfPage":{"@id":"https:\/\/www.nexoinformativo.mx\/index.php\/2025\/05\/26\/mas-empleos-y-oportunidades-tajco-elige-queretaro-para-nueva-planta-de-autopartes-con-una-inversion-de-200mdp\/"},"wordCount":335,"commentCount":0,"publisher":{"@id":"https:\/\/www.nexoinformativo.mx\/#organization"},"image":{"@id":"https:\/\/www.nexoinformativo.mx\/index.php\/2025\/05\/26\/mas-empleos-y-oportunidades-tajco-elige-queretaro-para-nueva-planta-de-autopartes-con-una-inversion-de-200mdp\/#primaryimage"},"thumbnailUrl":"https:\/\/www.nexoinformativo.mx\/wp-content\/uploads\/2025\/05\/PHOTO-2025-05-26-16-22-03-e1748306324308.jpg","keywords":["EmpleoQuer\u00e9taro","FeliferMac\u00edas","Inversi\u00f3nQro","TAJCOenM\u00e9xico"],"articleSection":["Econom\u00eda","Estado","\u00daltima Hora"],"inLanguage":"es","potentialAction":[{"@type":"CommentAction","name":"Comment","target":["https:\/\/www.nexoinformativo.mx\/index.php\/2025\/05\/26\/mas-empleos-y-oportunidades-tajco-elige-queretaro-para-nueva-planta-de-autopartes-con-una-inversion-de-200mdp\/#respond"]}]},{"@type":"WebPage","@id":"https:\/\/www.nexoinformativo.mx\/index.php\/2025\/05\/26\/mas-empleos-y-oportunidades-tajco-elige-queretaro-para-nueva-planta-de-autopartes-con-una-inversion-de-200mdp\/","url":"https:\/\/www.nexoinformativo.mx\/index.php\/2025\/05\/26\/mas-empleos-y-oportunidades-tajco-elige-queretaro-para-nueva-planta-de-autopartes-con-una-inversion-de-200mdp\/","name":"M\u00e1s empleos y oportunidades TAJCO elige Quer\u00e9taro para nueva planta de autopartes con una inversi\u00f3n de 200mdp | Nexo Informativo Santiago de Quer\u00e9taro","isPartOf":{"@id":"https:\/\/www.nexoinformativo.mx\/#website"},"primaryImageOfPage":{"@id":"https:\/\/www.nexoinformativo.mx\/index.php\/2025\/05\/26\/mas-empleos-y-oportunidades-tajco-elige-queretaro-para-nueva-planta-de-autopartes-con-una-inversion-de-200mdp\/#primaryimage"},"image":{"@id":"https:\/\/www.nexoinformativo.mx\/index.php\/2025\/05\/26\/mas-empleos-y-oportunidades-tajco-elige-queretaro-para-nueva-planta-de-autopartes-con-una-inversion-de-200mdp\/#primaryimage"},"thumbnailUrl":"https:\/\/www.nexoinformativo.mx\/wp-content\/uploads\/2025\/05\/PHOTO-2025-05-26-16-22-03-e1748306324308.jpg","datePublished":"2025-05-26T20:00:13+00:00","dateModified":"2025-05-27T00:41:10+00:00","description":"M\u00e1s empleos y oportunidades TAJCO elige Quer\u00e9taro para nueva planta de autopartes con una inversi\u00f3n de 200mdp","breadcrumb":{"@id":"https:\/\/www.nexoinformativo.mx\/index.php\/2025\/05\/26\/mas-empleos-y-oportunidades-tajco-elige-queretaro-para-nueva-planta-de-autopartes-con-una-inversion-de-200mdp\/#breadcrumb"},"inLanguage":"es","potentialAction":[{"@type":"ReadAction","target":["https:\/\/www.nexoinformativo.mx\/index.php\/2025\/05\/26\/mas-empleos-y-oportunidades-tajco-elige-queretaro-para-nueva-planta-de-autopartes-con-una-inversion-de-200mdp\/"]}]},{"@type":"ImageObject","inLanguage":"es","@id":"https:\/\/www.nexoinformativo.mx\/index.php\/2025\/05\/26\/mas-empleos-y-oportunidades-tajco-elige-queretaro-para-nueva-planta-de-autopartes-con-una-inversion-de-200mdp\/#primaryimage","url":"https:\/\/www.nexoinformativo.mx\/wp-content\/uploads\/2025\/05\/PHOTO-2025-05-26-16-22-03-e1748306324308.jpg","contentUrl":"https:\/\/www.nexoinformativo.mx\/wp-content\/uploads\/2025\/05\/PHOTO-2025-05-26-16-22-03-e1748306324308.jpg","width":800,"height":533},{"@type":"BreadcrumbList","@id":"https:\/\/www.nexoinformativo.mx\/index.php\/2025\/05\/26\/mas-empleos-y-oportunidades-tajco-elige-queretaro-para-nueva-planta-de-autopartes-con-una-inversion-de-200mdp\/#breadcrumb","itemListElement":[{"@type":"ListItem","position":1,"name":"Inicio","item":"https:\/\/www.nexoinformativo.mx\/"},{"@type":"ListItem","position":2,"name":"M\u00e1s empleos y oportunidades TAJCO elige Quer\u00e9taro para nueva planta de autopartes con una inversi\u00f3n de 200mdp"}]},{"@type":"WebSite","@id":"https:\/\/www.nexoinformativo.mx\/#website","url":"https:\/\/www.nexoinformativo.mx\/","name":"Nexo Informativo Santiago de Quer\u00e9taro","description":"Explora NexoInformativo y convi\u00e9rtete en parte de una comunidad que valora el conocimiento y la verdad. Tu nexoinformativo es tu puente hacia una comprensi\u00f3n m\u00e1s profunda del mundo que te rodea.","publisher":{"@id":"https:\/\/www.nexoinformativo.mx\/#organization"},"potentialAction":[{"@type":"SearchAction","target":{"@type":"EntryPoint","urlTemplate":"https:\/\/www.nexoinformativo.mx\/?s={search_term_string}"},"query-input":{"@type":"PropertyValueSpecification","valueRequired":true,"valueName":"search_term_string"}}],"inLanguage":"es"},{"@type":"Organization","@id":"https:\/\/www.nexoinformativo.mx\/#organization","name":"Nexo Informativo Santiago de Quer\u00e9taro","url":"https:\/\/www.nexoinformativo.mx\/","logo":{"@type":"ImageObject","inLanguage":"es","@id":"https:\/\/www.nexoinformativo.mx\/#\/schema\/logo\/image\/","url":"https:\/\/www.nexoinformativo.mx\/wp-content\/uploads\/2024\/07\/nexoi-trasparente-2.png","contentUrl":"https:\/\/www.nexoinformativo.mx\/wp-content\/uploads\/2024\/07\/nexoi-trasparente-2.png","width":816,"height":339,"caption":"Nexo Informativo Santiago de Quer\u00e9taro"},"image":{"@id":"https:\/\/www.nexoinformativo.mx\/#\/schema\/logo\/image\/"},"sameAs":["https:\/\/www.facebook.com\/people\/Nexo-Informativo\/61564066885511\/"]},{"@type":"Person","@id":"https:\/\/www.nexoinformativo.mx\/#\/schema\/person\/7749d380ba08c8ca00d7bc76fd907b7d","name":"Nexo Informativo","image":{"@type":"ImageObject","inLanguage":"es","@id":"https:\/\/www.nexoinformativo.mx\/#\/schema\/person\/image\/","url":"https:\/\/secure.gravatar.com\/avatar\/dde2928154642a13d95f87ddf1ea9718fe2b46760a005c53e41ff5ad610704e6?s=96&d=mm&r=g","contentUrl":"https:\/\/secure.gravatar.com\/avatar\/dde2928154642a13d95f87ddf1ea9718fe2b46760a005c53e41ff5ad610704e6?s=96&d=mm&r=g","caption":"Nexo Informativo"},"url":"https:\/\/www.nexoinformativo.mx\/index.php\/author\/edicion\/"}]}},"_links":{"self":[{"href":"https:\/\/www.nexoinformativo.mx\/index.php\/wp-json\/wp\/v2\/posts\/15292","targetHints":{"allow":["GET"]}}],"collection":[{"href":"https:\/\/www.nexoinformativo.mx\/index.php\/wp-json\/wp\/v2\/posts"}],"about":[{"href":"https:\/\/www.nexoinformativo.mx\/index.php\/wp-json\/wp\/v2\/types\/post"}],"author":[{"embeddable":true,"href":"https:\/\/www.nexoinformativo.mx\/index.php\/wp-json\/wp\/v2\/users\/3"}],"replies":[{"embeddable":true,"href":"https:\/\/www.nexoinformativo.mx\/index.php\/wp-json\/wp\/v2\/comments?post=15292"}],"version-history":[{"count":4,"href":"https:\/\/www.nexoinformativo.mx\/index.php\/wp-json\/wp\/v2\/posts\/15292\/revisions"}],"predecessor-version":[{"id":15299,"href":"https:\/\/www.nexoinformativo.mx\/index.php\/wp-json\/wp\/v2\/posts\/15292\/revisions\/15299"}],"wp:featuredmedia":[{"embeddable":true,"href":"https:\/\/www.nexoinformativo.mx\/index.php\/wp-json\/wp\/v2\/media\/15293"}],"wp:attachment":[{"href":"https:\/\/www.nexoinformativo.mx\/index.php\/wp-json\/wp\/v2\/media?parent=15292"}],"wp:term":[{"taxonomy":"category","embeddable":true,"href":"https:\/\/www.nexoinformativo.mx\/index.php\/wp-json\/wp\/v2\/categories?post=15292"},{"taxonomy":"post_tag","embeddable":true,"href":"https:\/\/www.nexoinformativo.mx\/index.php\/wp-json\/wp\/v2\/tags?post=15292"}],"curies":[{"name":"wp","href":"https:\/\/api.w.org\/{rel}","templated":true}]}}