{"id":15300,"date":"2025-05-26T15:00:25","date_gmt":"2025-05-26T21:00:25","guid":{"rendered":"https:\/\/www.nexoinformativo.mx\/?p=15300"},"modified":"2025-05-26T18:52:22","modified_gmt":"2025-05-27T00:52:22","slug":"queretaro-actua-por-el-agua-unam-creara-inventario-hidrico-para-enfrentar-la-crisis","status":"publish","type":"post","link":"https:\/\/www.nexoinformativo.mx\/index.php\/2025\/05\/26\/queretaro-actua-por-el-agua-unam-creara-inventario-hidrico-para-enfrentar-la-crisis\/","title":{"rendered":"Quer\u00e9taro act\u00faa por el agua UNAM crear\u00e1 inventario h\u00eddrico para enfrentar la crisis"},"content":{"rendered":"<p style=\"text-align: justify;\" data-sourcepos=\"3:1-3:445\">En los pr\u00f3ximos meses, el estado contar\u00e1 con un programa h\u00eddrico integral, respaldado por un estudio t\u00e9cnico de la Universidad Nacional Aut\u00f3noma de M\u00e9xico (UNAM). Este inventario permitir\u00e1 conocer con precisi\u00f3n las reservas de agua y ser\u00e1 fundamental para tomar decisiones responsables ante el escenario cr\u00edtico de escasez y sequ\u00eda.<\/p>\n<\/p>\n<p>&nbsp;<\/p>\n<p style=\"text-align: justify;\" data-sourcepos=\"5:1-5:331\">Katia Res\u00e9ndiz Jaime, presidenta del Consejo Consultivo del Agua del Estado de Quer\u00e9taro, destac\u00f3 la importancia de este estudio. &#8220;El primer paso es tener un inventario claro del agua que tenemos en Quer\u00e9taro. Este estudio ya lo est\u00e1 realizando la UNAM, tanto desde el campus nacional como desde su sede en Quer\u00e9taro&#8221;, explic\u00f3.<\/p>\n<\/p>\n<p>&nbsp;<\/p>\n<p style=\"text-align: justify;\" data-sourcepos=\"7:1-7:234\">El objetivo de este programa h\u00eddrico es ofrecer una hoja de ruta cient\u00edfica y estrat\u00e9gica para planear el crecimiento del estado de forma ordenada y sostenible, siempre considerando la disponibilidad real de los recursos h\u00eddricos.<\/p>\n<\/p>\n<p>&nbsp;<\/p>\n<p style=\"text-align: justify;\" data-sourcepos=\"9:1-9:458\">La presidenta del Consejo Consultivo cuestion\u00f3 el r\u00e1pido crecimiento urbano de los \u00faltimos a\u00f1os, se\u00f1alando que en solo 15 a\u00f1os, la mancha urbana ha aumentado 20 veces sin una planificaci\u00f3n basada en la disponibilidad de agua. Por ello, enfatiz\u00f3 que es vital incorporar criterios de dise\u00f1o urbano sensible al agua y saneamiento como pilares del desarrollo. &#8220;El agua debe ser la base sobre la cual planifiquemos el crecimiento, no al rev\u00e9s&#8221;, afirm\u00f3.<\/p>\n<\/p>\n<p>&nbsp;<\/p>\n<p style=\"text-align: justify;\" data-sourcepos=\"17:1-17:169\">Se espera que el programa h\u00eddrico y su inventario est\u00e9n listos en aproximadamente cuatro meses, aunque en las pr\u00f3ximas semanas se podr\u00edan compartir avances preliminares.<\/p>\n<\/p>\n<p>&nbsp;<\/p>\n<p style=\"text-align: justify;\" data-sourcepos=\"19:1-19:340\">En el marco del Foro del Agua, celebrado este lunes en Huimilpan, Beatriz Hern\u00e1ndez, presidenta de COPARMEX Quer\u00e9taro, reafirm\u00f3 el compromiso del empresariado con la sostenibilidad h\u00eddrica. Subray\u00f3 la urgencia de unir esfuerzos entre sociedad civil, empresas y gobiernos para construir soluciones duraderas frente a la crisis.<\/p>\n<\/p>\n<p>&nbsp;<\/p>\n<p style=\"text-align: justify;\" data-sourcepos=\"21:1-21:368\">Rojas reconoci\u00f3 la labor del Consejo Consultivo del Agua por integrar una visi\u00f3n plural y t\u00e9cnica que impulsa la participaci\u00f3n de actores comprometidos. &#8220;Desde COPARMEX Quer\u00e9taro reiteramos nuestro compromiso con una agenda responsable que vincule al sector productivo con soluciones reales y sostenibles, alineadas al contexto h\u00eddrico que vivimos&#8221;, expres\u00f3.<\/p>\n<\/p>\n<p>&nbsp;<\/p>\n<p style=\"text-align: justify;\" data-sourcepos=\"21:1-21:368\">El evento, que cont\u00f3 con la anfitrion\u00eda del presidente municipal de Huimilpan, Jairo Iv\u00e1n Morales Mart\u00ednez, reafirma la importancia de construir puentes de corresponsabilidad entre gobierno, sector productivo y ciudadan\u00eda para enfrentar los retos h\u00eddricos con visi\u00f3n de largo plazo y compromiso compartido.<\/p>\n<\/p>\n<p>&nbsp;<\/p>\n<p style=\"text-align: center;\" data-sourcepos=\"21:1-21:368\"><em><strong>\u00a1Informaci\u00f3n que transforma!<\/strong><\/em><\/p>\n","protected":false},"excerpt":{"rendered":"<p>En los pr\u00f3ximos meses, el estado contar\u00e1 con un programa h\u00eddrico integral, respaldado por un estudio t\u00e9cnico de la Universidad Nacional Aut\u00f3noma de M\u00e9xico (UNAM). Este inventario permitir\u00e1 conocer con precisi\u00f3n las reservas de agua y ser\u00e1 fundamental para tomar decisiones responsables ante el escenario cr\u00edtico de escasez y sequ\u00eda.<\/p>\n","protected":false},"author":3,"featured_media":15301,"comment_status":"open","ping_status":"open","sticky":false,"template":"","format":"standard","meta":{"footnotes":""},"categories":[42,58],"tags":[785,4585,3555,4586],"class_list":["post-15300","post","type-post","status-publish","format-standard","has-post-thumbnail","hentry","category-estado","category-ultima-hora","tag-aguaqueretaro","tag-crisishidrica","tag-sustentabilidadqro","tag-unamporelagua"],"yoast_head":"<!-- This site is optimized with the Yoast SEO plugin v25.0 - https:\/\/yoast.com\/wordpress\/plugins\/seo\/ -->\n<title>Quer\u00e9taro act\u00faa por el agua UNAM crear\u00e1 inventario h\u00eddrico para enfrentar la crisis | Nexo Informativo Santiago de Quer\u00e9taro<\/title>\n<meta name=\"description\" content=\"Quer\u00e9taro act\u00faa por el agua UNAM crear\u00e1 inventario h\u00eddrico para enfrentar la crisis\" \/>\n<meta name=\"robots\" content=\"index, follow, max-snippet:-1, max-image-preview:large, max-video-preview:-1\" \/>\n<link rel=\"canonical\" href=\"https:\/\/www.nexoinformativo.mx\/index.php\/2025\/05\/26\/queretaro-actua-por-el-agua-unam-creara-inventario-hidrico-para-enfrentar-la-crisis\/\" \/>\n<meta property=\"og:locale\" content=\"es_MX\" \/>\n<meta property=\"og:type\" content=\"article\" \/>\n<meta property=\"og:title\" content=\"Quer\u00e9taro act\u00faa por el agua UNAM crear\u00e1 inventario h\u00eddrico para enfrentar la crisis | Nexo Informativo Santiago de Quer\u00e9taro\" \/>\n<meta property=\"og:description\" content=\"Quer\u00e9taro act\u00faa por el agua UNAM crear\u00e1 inventario h\u00eddrico para enfrentar la crisis\" \/>\n<meta property=\"og:url\" content=\"https:\/\/www.nexoinformativo.mx\/index.php\/2025\/05\/26\/queretaro-actua-por-el-agua-unam-creara-inventario-hidrico-para-enfrentar-la-crisis\/\" \/>\n<meta property=\"og:site_name\" content=\"Nexo Informativo Santiago de Quer\u00e9taro\" \/>\n<meta property=\"article:publisher\" content=\"https:\/\/www.facebook.com\/people\/Nexo-Informativo\/61564066885511\/\" \/>\n<meta property=\"article:published_time\" content=\"2025-05-26T21:00:25+00:00\" \/>\n<meta property=\"article:modified_time\" content=\"2025-05-27T00:52:22+00:00\" \/>\n<meta property=\"og:image\" content=\"https:\/\/www.nexoinformativo.mx\/wp-content\/uploads\/2025\/05\/PHOTO-2025-05-26-16-42-49-scaled-e1748307098497.jpg\" \/>\n\t<meta property=\"og:image:width\" content=\"800\" \/>\n\t<meta property=\"og:image:height\" content=\"533\" \/>\n\t<meta property=\"og:image:type\" content=\"image\/jpeg\" \/>\n<meta name=\"author\" content=\"Nexo Informativo\" \/>\n<meta name=\"twitter:card\" content=\"summary_large_image\" \/>\n<meta name=\"twitter:label1\" content=\"Escrito por\" \/>\n\t<meta name=\"twitter:data1\" content=\"Nexo Informativo\" \/>\n\t<meta name=\"twitter:label2\" content=\"Tiempo de lectura\" \/>\n\t<meta name=\"twitter:data2\" content=\"2 minutos\" \/>\n<script type=\"application\/ld+json\" class=\"yoast-schema-graph\">{\"@context\":\"https:\/\/schema.org\",\"@graph\":[{\"@type\":\"Article\",\"@id\":\"https:\/\/www.nexoinformativo.mx\/index.php\/2025\/05\/26\/queretaro-actua-por-el-agua-unam-creara-inventario-hidrico-para-enfrentar-la-crisis\/#article\",\"isPartOf\":{\"@id\":\"https:\/\/www.nexoinformativo.mx\/index.php\/2025\/05\/26\/queretaro-actua-por-el-agua-unam-creara-inventario-hidrico-para-enfrentar-la-crisis\/\"},\"author\":{\"name\":\"Nexo Informativo\",\"@id\":\"https:\/\/www.nexoinformativo.mx\/#\/schema\/person\/7749d380ba08c8ca00d7bc76fd907b7d\"},\"headline\":\"Quer\u00e9taro act\u00faa por el agua UNAM crear\u00e1 inventario h\u00eddrico para enfrentar la crisis\",\"datePublished\":\"2025-05-26T21:00:25+00:00\",\"dateModified\":\"2025-05-27T00:52:22+00:00\",\"mainEntityOfPage\":{\"@id\":\"https:\/\/www.nexoinformativo.mx\/index.php\/2025\/05\/26\/queretaro-actua-por-el-agua-unam-creara-inventario-hidrico-para-enfrentar-la-crisis\/\"},\"wordCount\":442,\"commentCount\":0,\"publisher\":{\"@id\":\"https:\/\/www.nexoinformativo.mx\/#organization\"},\"image\":{\"@id\":\"https:\/\/www.nexoinformativo.mx\/index.php\/2025\/05\/26\/queretaro-actua-por-el-agua-unam-creara-inventario-hidrico-para-enfrentar-la-crisis\/#primaryimage\"},\"thumbnailUrl\":\"https:\/\/www.nexoinformativo.mx\/wp-content\/uploads\/2025\/05\/PHOTO-2025-05-26-16-42-49-scaled-e1748307098497.jpg\",\"keywords\":[\"AguaQuer\u00e9taro\",\"CrisisH\u00eddrica\",\"SustentabilidadQro\",\"UNAMPorElAgua\"],\"articleSection\":[\"Estado\",\"\u00daltima Hora\"],\"inLanguage\":\"es\",\"potentialAction\":[{\"@type\":\"CommentAction\",\"name\":\"Comment\",\"target\":[\"https:\/\/www.nexoinformativo.mx\/index.php\/2025\/05\/26\/queretaro-actua-por-el-agua-unam-creara-inventario-hidrico-para-enfrentar-la-crisis\/#respond\"]}]},{\"@type\":\"WebPage\",\"@id\":\"https:\/\/www.nexoinformativo.mx\/index.php\/2025\/05\/26\/queretaro-actua-por-el-agua-unam-creara-inventario-hidrico-para-enfrentar-la-crisis\/\",\"url\":\"https:\/\/www.nexoinformativo.mx\/index.php\/2025\/05\/26\/queretaro-actua-por-el-agua-unam-creara-inventario-hidrico-para-enfrentar-la-crisis\/\",\"name\":\"Quer\u00e9taro act\u00faa por el agua UNAM crear\u00e1 inventario h\u00eddrico para enfrentar la crisis | Nexo Informativo Santiago de Quer\u00e9taro\",\"isPartOf\":{\"@id\":\"https:\/\/www.nexoinformativo.mx\/#website\"},\"primaryImageOfPage\":{\"@id\":\"https:\/\/www.nexoinformativo.mx\/index.php\/2025\/05\/26\/queretaro-actua-por-el-agua-unam-creara-inventario-hidrico-para-enfrentar-la-crisis\/#primaryimage\"},\"image\":{\"@id\":\"https:\/\/www.nexoinformativo.mx\/index.php\/2025\/05\/26\/queretaro-actua-por-el-agua-unam-creara-inventario-hidrico-para-enfrentar-la-crisis\/#primaryimage\"},\"thumbnailUrl\":\"https:\/\/www.nexoinformativo.mx\/wp-content\/uploads\/2025\/05\/PHOTO-2025-05-26-16-42-49-scaled-e1748307098497.jpg\",\"datePublished\":\"2025-05-26T21:00:25+00:00\",\"dateModified\":\"2025-05-27T00:52:22+00:00\",\"description\":\"Quer\u00e9taro act\u00faa por el agua UNAM crear\u00e1 inventario h\u00eddrico para enfrentar la crisis\",\"breadcrumb\":{\"@id\":\"https:\/\/www.nexoinformativo.mx\/index.php\/2025\/05\/26\/queretaro-actua-por-el-agua-unam-creara-inventario-hidrico-para-enfrentar-la-crisis\/#breadcrumb\"},\"inLanguage\":\"es\",\"potentialAction\":[{\"@type\":\"ReadAction\",\"target\":[\"https:\/\/www.nexoinformativo.mx\/index.php\/2025\/05\/26\/queretaro-actua-por-el-agua-unam-creara-inventario-hidrico-para-enfrentar-la-crisis\/\"]}]},{\"@type\":\"ImageObject\",\"inLanguage\":\"es\",\"@id\":\"https:\/\/www.nexoinformativo.mx\/index.php\/2025\/05\/26\/queretaro-actua-por-el-agua-unam-creara-inventario-hidrico-para-enfrentar-la-crisis\/#primaryimage\",\"url\":\"https:\/\/www.nexoinformativo.mx\/wp-content\/uploads\/2025\/05\/PHOTO-2025-05-26-16-42-49-scaled-e1748307098497.jpg\",\"contentUrl\":\"https:\/\/www.nexoinformativo.mx\/wp-content\/uploads\/2025\/05\/PHOTO-2025-05-26-16-42-49-scaled-e1748307098497.jpg\",\"width\":800,\"height\":533},{\"@type\":\"BreadcrumbList\",\"@id\":\"https:\/\/www.nexoinformativo.mx\/index.php\/2025\/05\/26\/queretaro-actua-por-el-agua-unam-creara-inventario-hidrico-para-enfrentar-la-crisis\/#breadcrumb\",\"itemListElement\":[{\"@type\":\"ListItem\",\"position\":1,\"name\":\"Inicio\",\"item\":\"https:\/\/www.nexoinformativo.mx\/\"},{\"@type\":\"ListItem\",\"position\":2,\"name\":\"Quer\u00e9taro act\u00faa por el agua UNAM crear\u00e1 inventario h\u00eddrico para enfrentar la crisis\"}]},{\"@type\":\"WebSite\",\"@id\":\"https:\/\/www.nexoinformativo.mx\/#website\",\"url\":\"https:\/\/www.nexoinformativo.mx\/\",\"name\":\"Nexo Informativo Santiago de Quer\u00e9taro\",\"description\":\"Explora NexoInformativo y convi\u00e9rtete en parte de una comunidad que valora el conocimiento y la verdad. Tu nexoinformativo es tu puente hacia una comprensi\u00f3n m\u00e1s profunda del mundo que te rodea.\",\"publisher\":{\"@id\":\"https:\/\/www.nexoinformativo.mx\/#organization\"},\"potentialAction\":[{\"@type\":\"SearchAction\",\"target\":{\"@type\":\"EntryPoint\",\"urlTemplate\":\"https:\/\/www.nexoinformativo.mx\/?s={search_term_string}\"},\"query-input\":{\"@type\":\"PropertyValueSpecification\",\"valueRequired\":true,\"valueName\":\"search_term_string\"}}],\"inLanguage\":\"es\"},{\"@type\":\"Organization\",\"@id\":\"https:\/\/www.nexoinformativo.mx\/#organization\",\"name\":\"Nexo Informativo Santiago de Quer\u00e9taro\",\"url\":\"https:\/\/www.nexoinformativo.mx\/\",\"logo\":{\"@type\":\"ImageObject\",\"inLanguage\":\"es\",\"@id\":\"https:\/\/www.nexoinformativo.mx\/#\/schema\/logo\/image\/\",\"url\":\"https:\/\/www.nexoinformativo.mx\/wp-content\/uploads\/2024\/07\/nexoi-trasparente-2.png\",\"contentUrl\":\"https:\/\/www.nexoinformativo.mx\/wp-content\/uploads\/2024\/07\/nexoi-trasparente-2.png\",\"width\":816,\"height\":339,\"caption\":\"Nexo Informativo Santiago de Quer\u00e9taro\"},\"image\":{\"@id\":\"https:\/\/www.nexoinformativo.mx\/#\/schema\/logo\/image\/\"},\"sameAs\":[\"https:\/\/www.facebook.com\/people\/Nexo-Informativo\/61564066885511\/\"]},{\"@type\":\"Person\",\"@id\":\"https:\/\/www.nexoinformativo.mx\/#\/schema\/person\/7749d380ba08c8ca00d7bc76fd907b7d\",\"name\":\"Nexo Informativo\",\"image\":{\"@type\":\"ImageObject\",\"inLanguage\":\"es\",\"@id\":\"https:\/\/www.nexoinformativo.mx\/#\/schema\/person\/image\/\",\"url\":\"https:\/\/secure.gravatar.com\/avatar\/dde2928154642a13d95f87ddf1ea9718fe2b46760a005c53e41ff5ad610704e6?s=96&d=mm&r=g\",\"contentUrl\":\"https:\/\/secure.gravatar.com\/avatar\/dde2928154642a13d95f87ddf1ea9718fe2b46760a005c53e41ff5ad610704e6?s=96&d=mm&r=g\",\"caption\":\"Nexo Informativo\"},\"url\":\"https:\/\/www.nexoinformativo.mx\/index.php\/author\/edicion\/\"}]}<\/script>\n<!-- \/ Yoast SEO plugin. -->","yoast_head_json":{"title":"Quer\u00e9taro act\u00faa por el agua UNAM crear\u00e1 inventario h\u00eddrico para enfrentar la crisis | Nexo Informativo Santiago de Quer\u00e9taro","description":"Quer\u00e9taro act\u00faa por el agua UNAM crear\u00e1 inventario h\u00eddrico para enfrentar la crisis","robots":{"index":"index","follow":"follow","max-snippet":"max-snippet:-1","max-image-preview":"max-image-preview:large","max-video-preview":"max-video-preview:-1"},"canonical":"https:\/\/www.nexoinformativo.mx\/index.php\/2025\/05\/26\/queretaro-actua-por-el-agua-unam-creara-inventario-hidrico-para-enfrentar-la-crisis\/","og_locale":"es_MX","og_type":"article","og_title":"Quer\u00e9taro act\u00faa por el agua UNAM crear\u00e1 inventario h\u00eddrico para enfrentar la crisis | Nexo Informativo Santiago de Quer\u00e9taro","og_description":"Quer\u00e9taro act\u00faa por el agua UNAM crear\u00e1 inventario h\u00eddrico para enfrentar la crisis","og_url":"https:\/\/www.nexoinformativo.mx\/index.php\/2025\/05\/26\/queretaro-actua-por-el-agua-unam-creara-inventario-hidrico-para-enfrentar-la-crisis\/","og_site_name":"Nexo Informativo Santiago de Quer\u00e9taro","article_publisher":"https:\/\/www.facebook.com\/people\/Nexo-Informativo\/61564066885511\/","article_published_time":"2025-05-26T21:00:25+00:00","article_modified_time":"2025-05-27T00:52:22+00:00","og_image":[{"width":800,"height":533,"url":"https:\/\/www.nexoinformativo.mx\/wp-content\/uploads\/2025\/05\/PHOTO-2025-05-26-16-42-49-scaled-e1748307098497.jpg","type":"image\/jpeg"}],"author":"Nexo Informativo","twitter_card":"summary_large_image","twitter_misc":{"Escrito por":"Nexo Informativo","Tiempo de lectura":"2 minutos"},"schema":{"@context":"https:\/\/schema.org","@graph":[{"@type":"Article","@id":"https:\/\/www.nexoinformativo.mx\/index.php\/2025\/05\/26\/queretaro-actua-por-el-agua-unam-creara-inventario-hidrico-para-enfrentar-la-crisis\/#article","isPartOf":{"@id":"https:\/\/www.nexoinformativo.mx\/index.php\/2025\/05\/26\/queretaro-actua-por-el-agua-unam-creara-inventario-hidrico-para-enfrentar-la-crisis\/"},"author":{"name":"Nexo Informativo","@id":"https:\/\/www.nexoinformativo.mx\/#\/schema\/person\/7749d380ba08c8ca00d7bc76fd907b7d"},"headline":"Quer\u00e9taro act\u00faa por el agua UNAM crear\u00e1 inventario h\u00eddrico para enfrentar la crisis","datePublished":"2025-05-26T21:00:25+00:00","dateModified":"2025-05-27T00:52:22+00:00","mainEntityOfPage":{"@id":"https:\/\/www.nexoinformativo.mx\/index.php\/2025\/05\/26\/queretaro-actua-por-el-agua-unam-creara-inventario-hidrico-para-enfrentar-la-crisis\/"},"wordCount":442,"commentCount":0,"publisher":{"@id":"https:\/\/www.nexoinformativo.mx\/#organization"},"image":{"@id":"https:\/\/www.nexoinformativo.mx\/index.php\/2025\/05\/26\/queretaro-actua-por-el-agua-unam-creara-inventario-hidrico-para-enfrentar-la-crisis\/#primaryimage"},"thumbnailUrl":"https:\/\/www.nexoinformativo.mx\/wp-content\/uploads\/2025\/05\/PHOTO-2025-05-26-16-42-49-scaled-e1748307098497.jpg","keywords":["AguaQuer\u00e9taro","CrisisH\u00eddrica","SustentabilidadQro","UNAMPorElAgua"],"articleSection":["Estado","\u00daltima Hora"],"inLanguage":"es","potentialAction":[{"@type":"CommentAction","name":"Comment","target":["https:\/\/www.nexoinformativo.mx\/index.php\/2025\/05\/26\/queretaro-actua-por-el-agua-unam-creara-inventario-hidrico-para-enfrentar-la-crisis\/#respond"]}]},{"@type":"WebPage","@id":"https:\/\/www.nexoinformativo.mx\/index.php\/2025\/05\/26\/queretaro-actua-por-el-agua-unam-creara-inventario-hidrico-para-enfrentar-la-crisis\/","url":"https:\/\/www.nexoinformativo.mx\/index.php\/2025\/05\/26\/queretaro-actua-por-el-agua-unam-creara-inventario-hidrico-para-enfrentar-la-crisis\/","name":"Quer\u00e9taro act\u00faa por el agua UNAM crear\u00e1 inventario h\u00eddrico para enfrentar la crisis | Nexo Informativo Santiago de Quer\u00e9taro","isPartOf":{"@id":"https:\/\/www.nexoinformativo.mx\/#website"},"primaryImageOfPage":{"@id":"https:\/\/www.nexoinformativo.mx\/index.php\/2025\/05\/26\/queretaro-actua-por-el-agua-unam-creara-inventario-hidrico-para-enfrentar-la-crisis\/#primaryimage"},"image":{"@id":"https:\/\/www.nexoinformativo.mx\/index.php\/2025\/05\/26\/queretaro-actua-por-el-agua-unam-creara-inventario-hidrico-para-enfrentar-la-crisis\/#primaryimage"},"thumbnailUrl":"https:\/\/www.nexoinformativo.mx\/wp-content\/uploads\/2025\/05\/PHOTO-2025-05-26-16-42-49-scaled-e1748307098497.jpg","datePublished":"2025-05-26T21:00:25+00:00","dateModified":"2025-05-27T00:52:22+00:00","description":"Quer\u00e9taro act\u00faa por el agua UNAM crear\u00e1 inventario h\u00eddrico para enfrentar la crisis","breadcrumb":{"@id":"https:\/\/www.nexoinformativo.mx\/index.php\/2025\/05\/26\/queretaro-actua-por-el-agua-unam-creara-inventario-hidrico-para-enfrentar-la-crisis\/#breadcrumb"},"inLanguage":"es","potentialAction":[{"@type":"ReadAction","target":["https:\/\/www.nexoinformativo.mx\/index.php\/2025\/05\/26\/queretaro-actua-por-el-agua-unam-creara-inventario-hidrico-para-enfrentar-la-crisis\/"]}]},{"@type":"ImageObject","inLanguage":"es","@id":"https:\/\/www.nexoinformativo.mx\/index.php\/2025\/05\/26\/queretaro-actua-por-el-agua-unam-creara-inventario-hidrico-para-enfrentar-la-crisis\/#primaryimage","url":"https:\/\/www.nexoinformativo.mx\/wp-content\/uploads\/2025\/05\/PHOTO-2025-05-26-16-42-49-scaled-e1748307098497.jpg","contentUrl":"https:\/\/www.nexoinformativo.mx\/wp-content\/uploads\/2025\/05\/PHOTO-2025-05-26-16-42-49-scaled-e1748307098497.jpg","width":800,"height":533},{"@type":"BreadcrumbList","@id":"https:\/\/www.nexoinformativo.mx\/index.php\/2025\/05\/26\/queretaro-actua-por-el-agua-unam-creara-inventario-hidrico-para-enfrentar-la-crisis\/#breadcrumb","itemListElement":[{"@type":"ListItem","position":1,"name":"Inicio","item":"https:\/\/www.nexoinformativo.mx\/"},{"@type":"ListItem","position":2,"name":"Quer\u00e9taro act\u00faa por el agua UNAM crear\u00e1 inventario h\u00eddrico para enfrentar la crisis"}]},{"@type":"WebSite","@id":"https:\/\/www.nexoinformativo.mx\/#website","url":"https:\/\/www.nexoinformativo.mx\/","name":"Nexo Informativo Santiago de Quer\u00e9taro","description":"Explora NexoInformativo y convi\u00e9rtete en parte de una comunidad que valora el conocimiento y la verdad. Tu nexoinformativo es tu puente hacia una comprensi\u00f3n m\u00e1s profunda del mundo que te rodea.","publisher":{"@id":"https:\/\/www.nexoinformativo.mx\/#organization"},"potentialAction":[{"@type":"SearchAction","target":{"@type":"EntryPoint","urlTemplate":"https:\/\/www.nexoinformativo.mx\/?s={search_term_string}"},"query-input":{"@type":"PropertyValueSpecification","valueRequired":true,"valueName":"search_term_string"}}],"inLanguage":"es"},{"@type":"Organization","@id":"https:\/\/www.nexoinformativo.mx\/#organization","name":"Nexo Informativo Santiago de Quer\u00e9taro","url":"https:\/\/www.nexoinformativo.mx\/","logo":{"@type":"ImageObject","inLanguage":"es","@id":"https:\/\/www.nexoinformativo.mx\/#\/schema\/logo\/image\/","url":"https:\/\/www.nexoinformativo.mx\/wp-content\/uploads\/2024\/07\/nexoi-trasparente-2.png","contentUrl":"https:\/\/www.nexoinformativo.mx\/wp-content\/uploads\/2024\/07\/nexoi-trasparente-2.png","width":816,"height":339,"caption":"Nexo Informativo Santiago de Quer\u00e9taro"},"image":{"@id":"https:\/\/www.nexoinformativo.mx\/#\/schema\/logo\/image\/"},"sameAs":["https:\/\/www.facebook.com\/people\/Nexo-Informativo\/61564066885511\/"]},{"@type":"Person","@id":"https:\/\/www.nexoinformativo.mx\/#\/schema\/person\/7749d380ba08c8ca00d7bc76fd907b7d","name":"Nexo Informativo","image":{"@type":"ImageObject","inLanguage":"es","@id":"https:\/\/www.nexoinformativo.mx\/#\/schema\/person\/image\/","url":"https:\/\/secure.gravatar.com\/avatar\/dde2928154642a13d95f87ddf1ea9718fe2b46760a005c53e41ff5ad610704e6?s=96&d=mm&r=g","contentUrl":"https:\/\/secure.gravatar.com\/avatar\/dde2928154642a13d95f87ddf1ea9718fe2b46760a005c53e41ff5ad610704e6?s=96&d=mm&r=g","caption":"Nexo Informativo"},"url":"https:\/\/www.nexoinformativo.mx\/index.php\/author\/edicion\/"}]}},"_links":{"self":[{"href":"https:\/\/www.nexoinformativo.mx\/index.php\/wp-json\/wp\/v2\/posts\/15300","targetHints":{"allow":["GET"]}}],"collection":[{"href":"https:\/\/www.nexoinformativo.mx\/index.php\/wp-json\/wp\/v2\/posts"}],"about":[{"href":"https:\/\/www.nexoinformativo.mx\/index.php\/wp-json\/wp\/v2\/types\/post"}],"author":[{"embeddable":true,"href":"https:\/\/www.nexoinformativo.mx\/index.php\/wp-json\/wp\/v2\/users\/3"}],"replies":[{"embeddable":true,"href":"https:\/\/www.nexoinformativo.mx\/index.php\/wp-json\/wp\/v2\/comments?post=15300"}],"version-history":[{"count":3,"href":"https:\/\/www.nexoinformativo.mx\/index.php\/wp-json\/wp\/v2\/posts\/15300\/revisions"}],"predecessor-version":[{"id":15304,"href":"https:\/\/www.nexoinformativo.mx\/index.php\/wp-json\/wp\/v2\/posts\/15300\/revisions\/15304"}],"wp:featuredmedia":[{"embeddable":true,"href":"https:\/\/www.nexoinformativo.mx\/index.php\/wp-json\/wp\/v2\/media\/15301"}],"wp:attachment":[{"href":"https:\/\/www.nexoinformativo.mx\/index.php\/wp-json\/wp\/v2\/media?parent=15300"}],"wp:term":[{"taxonomy":"category","embeddable":true,"href":"https:\/\/www.nexoinformativo.mx\/index.php\/wp-json\/wp\/v2\/categories?post=15300"},{"taxonomy":"post_tag","embeddable":true,"href":"https:\/\/www.nexoinformativo.mx\/index.php\/wp-json\/wp\/v2\/tags?post=15300"}],"curies":[{"name":"wp","href":"https:\/\/api.w.org\/{rel}","templated":true}]}}