{"id":15305,"date":"2025-05-27T07:00:31","date_gmt":"2025-05-27T13:00:31","guid":{"rendered":"https:\/\/www.nexoinformativo.mx\/?p=15305"},"modified":"2025-05-27T12:54:13","modified_gmt":"2025-05-27T18:54:13","slug":"sheinbaum-fondo-de-pensiones-regresa-regimen-solidario-para-maestros-y-trabajadores","status":"publish","type":"post","link":"https:\/\/www.nexoinformativo.mx\/index.php\/2025\/05\/27\/sheinbaum-fondo-de-pensiones-regresa-regimen-solidario-para-maestros-y-trabajadores\/","title":{"rendered":"Sheinbaum fondo de pensiones regresa r\u00e9gimen solidario para maestros y trabajadores"},"content":{"rendered":"<p style=\"text-align: justify;\" data-sourcepos=\"3:1-3:545\">La presidenta de M\u00e9xico, Claudia Sheinbaum, ha resaltado que el Fondo de Pensiones para el Bienestarestablece un r\u00e9gimen solidario que asegura pensiones justas y completas para maestras, maestros y todos los trabajadores del Estado.<\/p>\n<p>&nbsp;<\/p>\n<p style=\"text-align: justify;\" data-sourcepos=\"3:1-3:545\">Este importante esfuerzo del Gobierno de M\u00e9xico, impulsado por la austeridad republicana, permite que los recursos que antes se perd\u00edan en la corrupci\u00f3n, hoy se destinen directamente a la jubilaci\u00f3n de los docentes.<\/p>\n<p>&nbsp;<\/p>\n<p style=\"text-align: justify;\" data-sourcepos=\"7:1-7:188\">Un ejemplo claro de este beneficio es que un trabajador que actualmente gana 16 mil pesos se jubilar\u00e1 con el 100 por ciento de su salario, gracias a un complemento solidario del fondo.<\/p>\n<p>&nbsp;<\/p>\n<p style=\"text-align: justify;\" data-sourcepos=\"13:1-13:640\">La presidenta Sheinbaum tambi\u00e9n coment\u00f3 que la edad de jubilaci\u00f3n se ha congelado en 58 a\u00f1os para hombres con 30 a\u00f1os de servicio y 56 a\u00f1os para mujeres con 28 a\u00f1os de servicio.<\/p>\n<p>&nbsp;<\/p>\n<p style=\"text-align: justify;\" data-sourcepos=\"13:1-13:640\">Subray\u00f3 que el Gobierno de M\u00e9xico no est\u00e1 de acuerdo con la reforma de 2007 a la Ley del ISSSTE, implementada por el expresidente<\/p>\n<p>&nbsp;<\/p>\n<p style=\"text-align: justify;\" data-sourcepos=\"15:1-15:227\">Destac\u00f3 adem\u00e1s el incremento salarial del 9 por ciento retroactivo al 1 de enero y un 1 por ciento adicional a partir de septiembre de este a\u00f1o para los docentes, lo que representa una inversi\u00f3n de 37 mil millones de pesos.<\/p>\n<p>&nbsp;<\/p>\n<p style=\"text-align: justify;\" data-sourcepos=\"23:1-23:416\">El secretario de Educaci\u00f3n P\u00fablica, Mario Delgado, explic\u00f3 que antes de la reforma de 2007, las pensiones se basaban en el salario base de cotizaci\u00f3n, permitiendo a un trabajador que ganaba 16 mil pesos jubilarse con 10 mil 560 pesos (66% de su salario).<\/p>\n<p>&nbsp;<\/p>\n<p style=\"text-align: justify;\" data-sourcepos=\"23:1-23:416\">Delgado que la presidenta Claudia Sheinbaum ha otorgado el incremento salarial m\u00e1s importante en los \u00faltimos 40 a\u00f1os para los docentes, llevando su sueldo a 18 mil 965 pesos, una cifra muy superior a la de administraciones anteriores.<\/p>\n<p>&nbsp;<\/p>\n<p style=\"text-align: justify;\" data-sourcepos=\"29:1-29:233\">En la conferencia estuvieron presentes el director general del ISSSTE, Mart\u00ed Batres Guadarrama, y el titular de la Unidad de Seguros, Pensiones y Seguridad Social de la Secretar\u00eda de Hacienda y Cr\u00e9dito P\u00fablico, H\u00e9ctor Santana Su\u00e1rez.<\/p>\n<p>&nbsp;<\/p>\n<p style=\"text-align: center;\" data-sourcepos=\"29:1-29:233\"><strong><em>\u00a1Informaci\u00f3n que transforma!<\/em><\/strong><\/p>\n<p data-sourcepos=\"29:1-29:233\">\n","protected":false},"excerpt":{"rendered":"<p>La presidenta de M\u00e9xico, Claudia Sheinbaum, ha resaltado que el Fondo de Pensiones para el Bienestarestablece un r\u00e9gimen solidario que asegura pensiones justas y completas para maestras, maestros y todos los trabajadores del Estado.<\/p>\n","protected":false},"author":3,"featured_media":15306,"comment_status":"open","ping_status":"open","sticky":false,"template":"","format":"standard","meta":{"footnotes":""},"categories":[88,58],"tags":[2782,4588,4587,3658],"class_list":["post-15305","post","type-post","status-publish","format-standard","has-post-thumbnail","hentry","category-nacional","category-ultima-hora","tag-4t","tag-austeridadrepublicana","tag-maestrosconderechos","tag-pensionesbienestar"],"yoast_head":"<!-- This site is optimized with the Yoast SEO plugin v25.0 - https:\/\/yoast.com\/wordpress\/plugins\/seo\/ -->\n<title>Sheinbaum fondo de pensiones regresa r\u00e9gimen solidario para maestros y trabajadores | Nexo Informativo Santiago de Quer\u00e9taro<\/title>\n<meta name=\"description\" content=\"Sheinbaum fondo de pensiones regresa r\u00e9gimen solidario para maestros y trabajadores\" \/>\n<meta name=\"robots\" content=\"index, follow, max-snippet:-1, max-image-preview:large, max-video-preview:-1\" \/>\n<link rel=\"canonical\" href=\"https:\/\/www.nexoinformativo.mx\/index.php\/2025\/05\/27\/sheinbaum-fondo-de-pensiones-regresa-regimen-solidario-para-maestros-y-trabajadores\/\" \/>\n<meta property=\"og:locale\" content=\"es_MX\" \/>\n<meta property=\"og:type\" content=\"article\" \/>\n<meta property=\"og:title\" content=\"Sheinbaum fondo de pensiones regresa r\u00e9gimen solidario para maestros y trabajadores | Nexo Informativo Santiago de Quer\u00e9taro\" \/>\n<meta property=\"og:description\" content=\"Sheinbaum fondo de pensiones regresa r\u00e9gimen solidario para maestros y trabajadores\" \/>\n<meta property=\"og:url\" content=\"https:\/\/www.nexoinformativo.mx\/index.php\/2025\/05\/27\/sheinbaum-fondo-de-pensiones-regresa-regimen-solidario-para-maestros-y-trabajadores\/\" \/>\n<meta property=\"og:site_name\" content=\"Nexo Informativo Santiago de Quer\u00e9taro\" \/>\n<meta property=\"article:publisher\" content=\"https:\/\/www.facebook.com\/people\/Nexo-Informativo\/61564066885511\/\" \/>\n<meta property=\"article:published_time\" content=\"2025-05-27T13:00:31+00:00\" \/>\n<meta property=\"article:modified_time\" content=\"2025-05-27T18:54:13+00:00\" \/>\n<meta property=\"og:image\" content=\"https:\/\/www.nexoinformativo.mx\/wp-content\/uploads\/2025\/05\/IMG_3404.jpg\" \/>\n\t<meta property=\"og:image:width\" content=\"650\" \/>\n\t<meta property=\"og:image:height\" content=\"380\" \/>\n\t<meta property=\"og:image:type\" content=\"image\/jpeg\" \/>\n<meta name=\"author\" content=\"Nexo Informativo\" \/>\n<meta name=\"twitter:card\" content=\"summary_large_image\" \/>\n<meta name=\"twitter:label1\" content=\"Escrito por\" \/>\n\t<meta name=\"twitter:data1\" content=\"Nexo Informativo\" \/>\n\t<meta name=\"twitter:label2\" content=\"Tiempo de lectura\" \/>\n\t<meta name=\"twitter:data2\" content=\"2 minutos\" \/>\n<script type=\"application\/ld+json\" class=\"yoast-schema-graph\">{\"@context\":\"https:\/\/schema.org\",\"@graph\":[{\"@type\":\"Article\",\"@id\":\"https:\/\/www.nexoinformativo.mx\/index.php\/2025\/05\/27\/sheinbaum-fondo-de-pensiones-regresa-regimen-solidario-para-maestros-y-trabajadores\/#article\",\"isPartOf\":{\"@id\":\"https:\/\/www.nexoinformativo.mx\/index.php\/2025\/05\/27\/sheinbaum-fondo-de-pensiones-regresa-regimen-solidario-para-maestros-y-trabajadores\/\"},\"author\":{\"name\":\"Nexo Informativo\",\"@id\":\"https:\/\/www.nexoinformativo.mx\/#\/schema\/person\/7749d380ba08c8ca00d7bc76fd907b7d\"},\"headline\":\"Sheinbaum fondo de pensiones regresa r\u00e9gimen solidario para maestros y trabajadores\",\"datePublished\":\"2025-05-27T13:00:31+00:00\",\"dateModified\":\"2025-05-27T18:54:13+00:00\",\"mainEntityOfPage\":{\"@id\":\"https:\/\/www.nexoinformativo.mx\/index.php\/2025\/05\/27\/sheinbaum-fondo-de-pensiones-regresa-regimen-solidario-para-maestros-y-trabajadores\/\"},\"wordCount\":348,\"commentCount\":0,\"publisher\":{\"@id\":\"https:\/\/www.nexoinformativo.mx\/#organization\"},\"image\":{\"@id\":\"https:\/\/www.nexoinformativo.mx\/index.php\/2025\/05\/27\/sheinbaum-fondo-de-pensiones-regresa-regimen-solidario-para-maestros-y-trabajadores\/#primaryimage\"},\"thumbnailUrl\":\"https:\/\/www.nexoinformativo.mx\/wp-content\/uploads\/2025\/05\/IMG_3404.jpg\",\"keywords\":[\"4T\",\"AusteridadRepublicana\",\"MaestrosConDerechos\",\"PensionesBienestar\"],\"articleSection\":[\"Nacional\",\"\u00daltima Hora\"],\"inLanguage\":\"es\",\"potentialAction\":[{\"@type\":\"CommentAction\",\"name\":\"Comment\",\"target\":[\"https:\/\/www.nexoinformativo.mx\/index.php\/2025\/05\/27\/sheinbaum-fondo-de-pensiones-regresa-regimen-solidario-para-maestros-y-trabajadores\/#respond\"]}]},{\"@type\":\"WebPage\",\"@id\":\"https:\/\/www.nexoinformativo.mx\/index.php\/2025\/05\/27\/sheinbaum-fondo-de-pensiones-regresa-regimen-solidario-para-maestros-y-trabajadores\/\",\"url\":\"https:\/\/www.nexoinformativo.mx\/index.php\/2025\/05\/27\/sheinbaum-fondo-de-pensiones-regresa-regimen-solidario-para-maestros-y-trabajadores\/\",\"name\":\"Sheinbaum fondo de pensiones regresa r\u00e9gimen solidario para maestros y trabajadores | Nexo Informativo Santiago de Quer\u00e9taro\",\"isPartOf\":{\"@id\":\"https:\/\/www.nexoinformativo.mx\/#website\"},\"primaryImageOfPage\":{\"@id\":\"https:\/\/www.nexoinformativo.mx\/index.php\/2025\/05\/27\/sheinbaum-fondo-de-pensiones-regresa-regimen-solidario-para-maestros-y-trabajadores\/#primaryimage\"},\"image\":{\"@id\":\"https:\/\/www.nexoinformativo.mx\/index.php\/2025\/05\/27\/sheinbaum-fondo-de-pensiones-regresa-regimen-solidario-para-maestros-y-trabajadores\/#primaryimage\"},\"thumbnailUrl\":\"https:\/\/www.nexoinformativo.mx\/wp-content\/uploads\/2025\/05\/IMG_3404.jpg\",\"datePublished\":\"2025-05-27T13:00:31+00:00\",\"dateModified\":\"2025-05-27T18:54:13+00:00\",\"description\":\"Sheinbaum fondo de pensiones regresa r\u00e9gimen solidario para maestros y trabajadores\",\"breadcrumb\":{\"@id\":\"https:\/\/www.nexoinformativo.mx\/index.php\/2025\/05\/27\/sheinbaum-fondo-de-pensiones-regresa-regimen-solidario-para-maestros-y-trabajadores\/#breadcrumb\"},\"inLanguage\":\"es\",\"potentialAction\":[{\"@type\":\"ReadAction\",\"target\":[\"https:\/\/www.nexoinformativo.mx\/index.php\/2025\/05\/27\/sheinbaum-fondo-de-pensiones-regresa-regimen-solidario-para-maestros-y-trabajadores\/\"]}]},{\"@type\":\"ImageObject\",\"inLanguage\":\"es\",\"@id\":\"https:\/\/www.nexoinformativo.mx\/index.php\/2025\/05\/27\/sheinbaum-fondo-de-pensiones-regresa-regimen-solidario-para-maestros-y-trabajadores\/#primaryimage\",\"url\":\"https:\/\/www.nexoinformativo.mx\/wp-content\/uploads\/2025\/05\/IMG_3404.jpg\",\"contentUrl\":\"https:\/\/www.nexoinformativo.mx\/wp-content\/uploads\/2025\/05\/IMG_3404.jpg\",\"width\":650,\"height\":380,\"caption\":\"Cuauht\u00e9moc, Ciudad de M\u00e9xico. 26 de mayo 2025. La presidenta constitucional de los Estados Unidos Mexicanos, la Doctora Claudia Sheinbaum Pardo en conferencia de prensa matutina en el sal\u00f3n de la Tesorer\u00eda de Palacio Nacional. Acompa\u00f1an a la presidenta: Mario Delgado Carrillo, secretario de Educaci\u00f3n P\u00fablica; Mart\u00ed Batres Guadarrama, director general del Instituto de Seguridad y Servicios Sociales de los Trabajadores del Estado (ISSSTE); H\u00e9ctor Santana Su\u00e1rez, Jefe de la Unidad de Seguros, Pensiones y Seguridad Social; Iv\u00e1n Escalante, Procurador Federal del Consumidor (Profeco); Diana Aurora Correa, subdirectora de Dise\u00f1o Digital y Medios Sociales en la Unidad de Memoria Hist\u00f3rica; Foto: Sa\u00fal L\u00f3pez Escorcia\/Presidencia\"},{\"@type\":\"BreadcrumbList\",\"@id\":\"https:\/\/www.nexoinformativo.mx\/index.php\/2025\/05\/27\/sheinbaum-fondo-de-pensiones-regresa-regimen-solidario-para-maestros-y-trabajadores\/#breadcrumb\",\"itemListElement\":[{\"@type\":\"ListItem\",\"position\":1,\"name\":\"Inicio\",\"item\":\"https:\/\/www.nexoinformativo.mx\/\"},{\"@type\":\"ListItem\",\"position\":2,\"name\":\"Sheinbaum fondo de pensiones regresa r\u00e9gimen solidario para maestros y trabajadores\"}]},{\"@type\":\"WebSite\",\"@id\":\"https:\/\/www.nexoinformativo.mx\/#website\",\"url\":\"https:\/\/www.nexoinformativo.mx\/\",\"name\":\"Nexo Informativo Santiago de Quer\u00e9taro\",\"description\":\"Explora NexoInformativo y convi\u00e9rtete en parte de una comunidad que valora el conocimiento y la verdad. Tu nexoinformativo es tu puente hacia una comprensi\u00f3n m\u00e1s profunda del mundo que te rodea.\",\"publisher\":{\"@id\":\"https:\/\/www.nexoinformativo.mx\/#organization\"},\"potentialAction\":[{\"@type\":\"SearchAction\",\"target\":{\"@type\":\"EntryPoint\",\"urlTemplate\":\"https:\/\/www.nexoinformativo.mx\/?s={search_term_string}\"},\"query-input\":{\"@type\":\"PropertyValueSpecification\",\"valueRequired\":true,\"valueName\":\"search_term_string\"}}],\"inLanguage\":\"es\"},{\"@type\":\"Organization\",\"@id\":\"https:\/\/www.nexoinformativo.mx\/#organization\",\"name\":\"Nexo Informativo Santiago de Quer\u00e9taro\",\"url\":\"https:\/\/www.nexoinformativo.mx\/\",\"logo\":{\"@type\":\"ImageObject\",\"inLanguage\":\"es\",\"@id\":\"https:\/\/www.nexoinformativo.mx\/#\/schema\/logo\/image\/\",\"url\":\"https:\/\/www.nexoinformativo.mx\/wp-content\/uploads\/2024\/07\/nexoi-trasparente-2.png\",\"contentUrl\":\"https:\/\/www.nexoinformativo.mx\/wp-content\/uploads\/2024\/07\/nexoi-trasparente-2.png\",\"width\":816,\"height\":339,\"caption\":\"Nexo Informativo Santiago de Quer\u00e9taro\"},\"image\":{\"@id\":\"https:\/\/www.nexoinformativo.mx\/#\/schema\/logo\/image\/\"},\"sameAs\":[\"https:\/\/www.facebook.com\/people\/Nexo-Informativo\/61564066885511\/\"]},{\"@type\":\"Person\",\"@id\":\"https:\/\/www.nexoinformativo.mx\/#\/schema\/person\/7749d380ba08c8ca00d7bc76fd907b7d\",\"name\":\"Nexo Informativo\",\"image\":{\"@type\":\"ImageObject\",\"inLanguage\":\"es\",\"@id\":\"https:\/\/www.nexoinformativo.mx\/#\/schema\/person\/image\/\",\"url\":\"https:\/\/secure.gravatar.com\/avatar\/dde2928154642a13d95f87ddf1ea9718fe2b46760a005c53e41ff5ad610704e6?s=96&d=mm&r=g\",\"contentUrl\":\"https:\/\/secure.gravatar.com\/avatar\/dde2928154642a13d95f87ddf1ea9718fe2b46760a005c53e41ff5ad610704e6?s=96&d=mm&r=g\",\"caption\":\"Nexo Informativo\"},\"url\":\"https:\/\/www.nexoinformativo.mx\/index.php\/author\/edicion\/\"}]}<\/script>\n<!-- \/ Yoast SEO plugin. -->","yoast_head_json":{"title":"Sheinbaum fondo de pensiones regresa r\u00e9gimen solidario para maestros y trabajadores | Nexo Informativo Santiago de Quer\u00e9taro","description":"Sheinbaum fondo de pensiones regresa r\u00e9gimen solidario para maestros y trabajadores","robots":{"index":"index","follow":"follow","max-snippet":"max-snippet:-1","max-image-preview":"max-image-preview:large","max-video-preview":"max-video-preview:-1"},"canonical":"https:\/\/www.nexoinformativo.mx\/index.php\/2025\/05\/27\/sheinbaum-fondo-de-pensiones-regresa-regimen-solidario-para-maestros-y-trabajadores\/","og_locale":"es_MX","og_type":"article","og_title":"Sheinbaum fondo de pensiones regresa r\u00e9gimen solidario para maestros y trabajadores | Nexo Informativo Santiago de Quer\u00e9taro","og_description":"Sheinbaum fondo de pensiones regresa r\u00e9gimen solidario para maestros y trabajadores","og_url":"https:\/\/www.nexoinformativo.mx\/index.php\/2025\/05\/27\/sheinbaum-fondo-de-pensiones-regresa-regimen-solidario-para-maestros-y-trabajadores\/","og_site_name":"Nexo Informativo Santiago de Quer\u00e9taro","article_publisher":"https:\/\/www.facebook.com\/people\/Nexo-Informativo\/61564066885511\/","article_published_time":"2025-05-27T13:00:31+00:00","article_modified_time":"2025-05-27T18:54:13+00:00","og_image":[{"width":650,"height":380,"url":"https:\/\/www.nexoinformativo.mx\/wp-content\/uploads\/2025\/05\/IMG_3404.jpg","type":"image\/jpeg"}],"author":"Nexo Informativo","twitter_card":"summary_large_image","twitter_misc":{"Escrito por":"Nexo Informativo","Tiempo de lectura":"2 minutos"},"schema":{"@context":"https:\/\/schema.org","@graph":[{"@type":"Article","@id":"https:\/\/www.nexoinformativo.mx\/index.php\/2025\/05\/27\/sheinbaum-fondo-de-pensiones-regresa-regimen-solidario-para-maestros-y-trabajadores\/#article","isPartOf":{"@id":"https:\/\/www.nexoinformativo.mx\/index.php\/2025\/05\/27\/sheinbaum-fondo-de-pensiones-regresa-regimen-solidario-para-maestros-y-trabajadores\/"},"author":{"name":"Nexo Informativo","@id":"https:\/\/www.nexoinformativo.mx\/#\/schema\/person\/7749d380ba08c8ca00d7bc76fd907b7d"},"headline":"Sheinbaum fondo de pensiones regresa r\u00e9gimen solidario para maestros y trabajadores","datePublished":"2025-05-27T13:00:31+00:00","dateModified":"2025-05-27T18:54:13+00:00","mainEntityOfPage":{"@id":"https:\/\/www.nexoinformativo.mx\/index.php\/2025\/05\/27\/sheinbaum-fondo-de-pensiones-regresa-regimen-solidario-para-maestros-y-trabajadores\/"},"wordCount":348,"commentCount":0,"publisher":{"@id":"https:\/\/www.nexoinformativo.mx\/#organization"},"image":{"@id":"https:\/\/www.nexoinformativo.mx\/index.php\/2025\/05\/27\/sheinbaum-fondo-de-pensiones-regresa-regimen-solidario-para-maestros-y-trabajadores\/#primaryimage"},"thumbnailUrl":"https:\/\/www.nexoinformativo.mx\/wp-content\/uploads\/2025\/05\/IMG_3404.jpg","keywords":["4T","AusteridadRepublicana","MaestrosConDerechos","PensionesBienestar"],"articleSection":["Nacional","\u00daltima Hora"],"inLanguage":"es","potentialAction":[{"@type":"CommentAction","name":"Comment","target":["https:\/\/www.nexoinformativo.mx\/index.php\/2025\/05\/27\/sheinbaum-fondo-de-pensiones-regresa-regimen-solidario-para-maestros-y-trabajadores\/#respond"]}]},{"@type":"WebPage","@id":"https:\/\/www.nexoinformativo.mx\/index.php\/2025\/05\/27\/sheinbaum-fondo-de-pensiones-regresa-regimen-solidario-para-maestros-y-trabajadores\/","url":"https:\/\/www.nexoinformativo.mx\/index.php\/2025\/05\/27\/sheinbaum-fondo-de-pensiones-regresa-regimen-solidario-para-maestros-y-trabajadores\/","name":"Sheinbaum fondo de pensiones regresa r\u00e9gimen solidario para maestros y trabajadores | Nexo Informativo Santiago de Quer\u00e9taro","isPartOf":{"@id":"https:\/\/www.nexoinformativo.mx\/#website"},"primaryImageOfPage":{"@id":"https:\/\/www.nexoinformativo.mx\/index.php\/2025\/05\/27\/sheinbaum-fondo-de-pensiones-regresa-regimen-solidario-para-maestros-y-trabajadores\/#primaryimage"},"image":{"@id":"https:\/\/www.nexoinformativo.mx\/index.php\/2025\/05\/27\/sheinbaum-fondo-de-pensiones-regresa-regimen-solidario-para-maestros-y-trabajadores\/#primaryimage"},"thumbnailUrl":"https:\/\/www.nexoinformativo.mx\/wp-content\/uploads\/2025\/05\/IMG_3404.jpg","datePublished":"2025-05-27T13:00:31+00:00","dateModified":"2025-05-27T18:54:13+00:00","description":"Sheinbaum fondo de pensiones regresa r\u00e9gimen solidario para maestros y trabajadores","breadcrumb":{"@id":"https:\/\/www.nexoinformativo.mx\/index.php\/2025\/05\/27\/sheinbaum-fondo-de-pensiones-regresa-regimen-solidario-para-maestros-y-trabajadores\/#breadcrumb"},"inLanguage":"es","potentialAction":[{"@type":"ReadAction","target":["https:\/\/www.nexoinformativo.mx\/index.php\/2025\/05\/27\/sheinbaum-fondo-de-pensiones-regresa-regimen-solidario-para-maestros-y-trabajadores\/"]}]},{"@type":"ImageObject","inLanguage":"es","@id":"https:\/\/www.nexoinformativo.mx\/index.php\/2025\/05\/27\/sheinbaum-fondo-de-pensiones-regresa-regimen-solidario-para-maestros-y-trabajadores\/#primaryimage","url":"https:\/\/www.nexoinformativo.mx\/wp-content\/uploads\/2025\/05\/IMG_3404.jpg","contentUrl":"https:\/\/www.nexoinformativo.mx\/wp-content\/uploads\/2025\/05\/IMG_3404.jpg","width":650,"height":380,"caption":"Cuauht\u00e9moc, Ciudad de M\u00e9xico. 26 de mayo 2025. La presidenta constitucional de los Estados Unidos Mexicanos, la Doctora Claudia Sheinbaum Pardo en conferencia de prensa matutina en el sal\u00f3n de la Tesorer\u00eda de Palacio Nacional. Acompa\u00f1an a la presidenta: Mario Delgado Carrillo, secretario de Educaci\u00f3n P\u00fablica; Mart\u00ed Batres Guadarrama, director general del Instituto de Seguridad y Servicios Sociales de los Trabajadores del Estado (ISSSTE); H\u00e9ctor Santana Su\u00e1rez, Jefe de la Unidad de Seguros, Pensiones y Seguridad Social; Iv\u00e1n Escalante, Procurador Federal del Consumidor (Profeco); Diana Aurora Correa, subdirectora de Dise\u00f1o Digital y Medios Sociales en la Unidad de Memoria Hist\u00f3rica; Foto: Sa\u00fal L\u00f3pez Escorcia\/Presidencia"},{"@type":"BreadcrumbList","@id":"https:\/\/www.nexoinformativo.mx\/index.php\/2025\/05\/27\/sheinbaum-fondo-de-pensiones-regresa-regimen-solidario-para-maestros-y-trabajadores\/#breadcrumb","itemListElement":[{"@type":"ListItem","position":1,"name":"Inicio","item":"https:\/\/www.nexoinformativo.mx\/"},{"@type":"ListItem","position":2,"name":"Sheinbaum fondo de pensiones regresa r\u00e9gimen solidario para maestros y trabajadores"}]},{"@type":"WebSite","@id":"https:\/\/www.nexoinformativo.mx\/#website","url":"https:\/\/www.nexoinformativo.mx\/","name":"Nexo Informativo Santiago de Quer\u00e9taro","description":"Explora NexoInformativo y convi\u00e9rtete en parte de una comunidad que valora el conocimiento y la verdad. Tu nexoinformativo es tu puente hacia una comprensi\u00f3n m\u00e1s profunda del mundo que te rodea.","publisher":{"@id":"https:\/\/www.nexoinformativo.mx\/#organization"},"potentialAction":[{"@type":"SearchAction","target":{"@type":"EntryPoint","urlTemplate":"https:\/\/www.nexoinformativo.mx\/?s={search_term_string}"},"query-input":{"@type":"PropertyValueSpecification","valueRequired":true,"valueName":"search_term_string"}}],"inLanguage":"es"},{"@type":"Organization","@id":"https:\/\/www.nexoinformativo.mx\/#organization","name":"Nexo Informativo Santiago de Quer\u00e9taro","url":"https:\/\/www.nexoinformativo.mx\/","logo":{"@type":"ImageObject","inLanguage":"es","@id":"https:\/\/www.nexoinformativo.mx\/#\/schema\/logo\/image\/","url":"https:\/\/www.nexoinformativo.mx\/wp-content\/uploads\/2024\/07\/nexoi-trasparente-2.png","contentUrl":"https:\/\/www.nexoinformativo.mx\/wp-content\/uploads\/2024\/07\/nexoi-trasparente-2.png","width":816,"height":339,"caption":"Nexo Informativo Santiago de Quer\u00e9taro"},"image":{"@id":"https:\/\/www.nexoinformativo.mx\/#\/schema\/logo\/image\/"},"sameAs":["https:\/\/www.facebook.com\/people\/Nexo-Informativo\/61564066885511\/"]},{"@type":"Person","@id":"https:\/\/www.nexoinformativo.mx\/#\/schema\/person\/7749d380ba08c8ca00d7bc76fd907b7d","name":"Nexo Informativo","image":{"@type":"ImageObject","inLanguage":"es","@id":"https:\/\/www.nexoinformativo.mx\/#\/schema\/person\/image\/","url":"https:\/\/secure.gravatar.com\/avatar\/dde2928154642a13d95f87ddf1ea9718fe2b46760a005c53e41ff5ad610704e6?s=96&d=mm&r=g","contentUrl":"https:\/\/secure.gravatar.com\/avatar\/dde2928154642a13d95f87ddf1ea9718fe2b46760a005c53e41ff5ad610704e6?s=96&d=mm&r=g","caption":"Nexo Informativo"},"url":"https:\/\/www.nexoinformativo.mx\/index.php\/author\/edicion\/"}]}},"_links":{"self":[{"href":"https:\/\/www.nexoinformativo.mx\/index.php\/wp-json\/wp\/v2\/posts\/15305","targetHints":{"allow":["GET"]}}],"collection":[{"href":"https:\/\/www.nexoinformativo.mx\/index.php\/wp-json\/wp\/v2\/posts"}],"about":[{"href":"https:\/\/www.nexoinformativo.mx\/index.php\/wp-json\/wp\/v2\/types\/post"}],"author":[{"embeddable":true,"href":"https:\/\/www.nexoinformativo.mx\/index.php\/wp-json\/wp\/v2\/users\/3"}],"replies":[{"embeddable":true,"href":"https:\/\/www.nexoinformativo.mx\/index.php\/wp-json\/wp\/v2\/comments?post=15305"}],"version-history":[{"count":4,"href":"https:\/\/www.nexoinformativo.mx\/index.php\/wp-json\/wp\/v2\/posts\/15305\/revisions"}],"predecessor-version":[{"id":15310,"href":"https:\/\/www.nexoinformativo.mx\/index.php\/wp-json\/wp\/v2\/posts\/15305\/revisions\/15310"}],"wp:featuredmedia":[{"embeddable":true,"href":"https:\/\/www.nexoinformativo.mx\/index.php\/wp-json\/wp\/v2\/media\/15306"}],"wp:attachment":[{"href":"https:\/\/www.nexoinformativo.mx\/index.php\/wp-json\/wp\/v2\/media?parent=15305"}],"wp:term":[{"taxonomy":"category","embeddable":true,"href":"https:\/\/www.nexoinformativo.mx\/index.php\/wp-json\/wp\/v2\/categories?post=15305"},{"taxonomy":"post_tag","embeddable":true,"href":"https:\/\/www.nexoinformativo.mx\/index.php\/wp-json\/wp\/v2\/tags?post=15305"}],"curies":[{"name":"wp","href":"https:\/\/api.w.org\/{rel}","templated":true}]}}