{"id":15318,"date":"2025-05-27T09:00:26","date_gmt":"2025-05-27T15:00:26","guid":{"rendered":"https:\/\/www.nexoinformativo.mx\/?p=15318"},"modified":"2025-05-27T13:09:31","modified_gmt":"2025-05-27T19:09:31","slug":"sedesoq-capacita-a-cientos-de-promotores-para-fortalecer-la-cultura-de-paz-en-queretaro","status":"publish","type":"post","link":"https:\/\/www.nexoinformativo.mx\/index.php\/2025\/05\/27\/sedesoq-capacita-a-cientos-de-promotores-para-fortalecer-la-cultura-de-paz-en-queretaro\/","title":{"rendered":"SEDESOQ capacita a cientos de promotores para fortalecer la cultura de paz en Quer\u00e9taro"},"content":{"rendered":"<p style=\"text-align: justify;\" data-sourcepos=\"3:1-3:483\">La Secretar\u00eda de Desarrollo Social de Quer\u00e9taro (SEDESOQ) ha capacitado a 230 l\u00edderes sociales en la capital del estado, fortaleciendo la cultura de paz bajo la estrategia &#8220;Contigo Estamos Mejor&#8221;.<\/p>\n<p>&nbsp;<\/p>\n<p style=\"text-align: justify;\" data-sourcepos=\"3:1-3:483\">Luis Nava, titular de la dependencia, hizo un llamado a estos promotores a impulsar la cohesi\u00f3n social, abordar las problem\u00e1ticas comunitarias y promover una vida digna para todos.<\/p>\n<p>&nbsp;<\/p>\n<p style=\"text-align: justify;\" data-sourcepos=\"5:1-5:316\">&#8220;Gracias por la oportunidad que nos brindan con su participaci\u00f3n de hacer equipo y de entrarle a este reto tan grande que es construir un Quer\u00e9taro de paz. Estoy seguro que con ustedes s\u00ed lo vamos a poder lograr, vamos a poder avanzar en que haya mejor di\u00e1logo, mejor comunicaci\u00f3n y mejor convivencia&#8221;, expres\u00f3 Nava.<\/p>\n<p>&nbsp;<\/p>\n<p style=\"text-align: justify;\" data-sourcepos=\"11:1-11:330\">En total, m\u00e1s de mil promotores han sido capacitados en 17 municipios de Quer\u00e9taro, adquiriendo herramientas esenciales para la resoluci\u00f3n pac\u00edfica de conflictos en el \u00e1mbito personal, familiar y social. Estos conocimientos podr\u00e1n ser transmitidos a sus familias y vecinos, creando un efecto multiplicador en la comunidad.<\/p>\n<p>&nbsp;<\/p>\n<p style=\"text-align: justify;\" data-sourcepos=\"13:1-13:298\">Adem\u00e1s de la capacitaci\u00f3n, estos l\u00edderes acompa\u00f1ar\u00e1n de manera permanente a las familias, ayud\u00e1ndoles a construir una nueva perspectiva de vida que les permita forjar mejores relaciones sociales y fortalecer sus comunidades. El objetivo es claro: mejorar la calidad de vida de todos los queretanos.<\/p>\n<p>&nbsp;<\/p>\n<p style=\"text-align: center;\" data-sourcepos=\"13:1-13:298\"><em><strong>\u00a1Informaci\u00f3n que transforma!<\/strong><\/em><\/p>\n","protected":false},"excerpt":{"rendered":"<p>La Secretar\u00eda de Desarrollo Social de Quer\u00e9taro (SEDESOQ) ha capacitado a 230 l\u00edderes sociales en la capital del estado, fortaleciendo la cultura de paz bajo la estrategia &#8220;Contigo Estamos Mejor&#8221;.<\/p>\n","protected":false},"author":3,"featured_media":15319,"comment_status":"open","ping_status":"open","sticky":false,"template":"","format":"standard","meta":{"footnotes":""},"categories":[42,58],"tags":[4593,4594,4404,2131],"class_list":["post-15318","post","type-post","status-publish","format-standard","has-post-thumbnail","hentry","category-estado","category-ultima-hora","tag-culturadepazqro","tag-liderescomunitarios","tag-queretarocontigo","tag-sedesoq"],"yoast_head":"<!-- This site is optimized with the Yoast SEO plugin v25.0 - https:\/\/yoast.com\/wordpress\/plugins\/seo\/ -->\n<title>SEDESOQ capacita a cientos de promotores para fortalecer la cultura de paz en Quer\u00e9taro | Nexo Informativo Santiago de Quer\u00e9taro<\/title>\n<meta name=\"description\" content=\"SEDESOQ capacita a cientos de promotores para fortalecer la cultura de paz en Quer\u00e9taro\" \/>\n<meta name=\"robots\" content=\"index, follow, max-snippet:-1, max-image-preview:large, max-video-preview:-1\" \/>\n<link rel=\"canonical\" href=\"https:\/\/www.nexoinformativo.mx\/index.php\/2025\/05\/27\/sedesoq-capacita-a-cientos-de-promotores-para-fortalecer-la-cultura-de-paz-en-queretaro\/\" \/>\n<meta property=\"og:locale\" content=\"es_MX\" \/>\n<meta property=\"og:type\" content=\"article\" \/>\n<meta property=\"og:title\" content=\"SEDESOQ capacita a cientos de promotores para fortalecer la cultura de paz en Quer\u00e9taro | Nexo Informativo Santiago de Quer\u00e9taro\" \/>\n<meta property=\"og:description\" content=\"SEDESOQ capacita a cientos de promotores para fortalecer la cultura de paz en Quer\u00e9taro\" \/>\n<meta property=\"og:url\" content=\"https:\/\/www.nexoinformativo.mx\/index.php\/2025\/05\/27\/sedesoq-capacita-a-cientos-de-promotores-para-fortalecer-la-cultura-de-paz-en-queretaro\/\" \/>\n<meta property=\"og:site_name\" content=\"Nexo Informativo Santiago de Quer\u00e9taro\" \/>\n<meta property=\"article:publisher\" content=\"https:\/\/www.facebook.com\/people\/Nexo-Informativo\/61564066885511\/\" \/>\n<meta property=\"article:published_time\" content=\"2025-05-27T15:00:26+00:00\" \/>\n<meta property=\"article:modified_time\" content=\"2025-05-27T19:09:31+00:00\" \/>\n<meta property=\"og:image\" content=\"https:\/\/www.nexoinformativo.mx\/wp-content\/uploads\/2025\/05\/PHOTO-2025-05-27-12-33-23-e1748372868710.jpg\" \/>\n\t<meta property=\"og:image:width\" content=\"800\" \/>\n\t<meta property=\"og:image:height\" content=\"533\" \/>\n\t<meta property=\"og:image:type\" content=\"image\/jpeg\" \/>\n<meta name=\"author\" content=\"Nexo Informativo\" \/>\n<meta name=\"twitter:card\" content=\"summary_large_image\" \/>\n<meta name=\"twitter:label1\" content=\"Escrito por\" \/>\n\t<meta name=\"twitter:data1\" content=\"Nexo Informativo\" \/>\n\t<meta name=\"twitter:label2\" content=\"Tiempo de lectura\" \/>\n\t<meta name=\"twitter:data2\" content=\"2 minutos\" \/>\n<script type=\"application\/ld+json\" class=\"yoast-schema-graph\">{\"@context\":\"https:\/\/schema.org\",\"@graph\":[{\"@type\":\"Article\",\"@id\":\"https:\/\/www.nexoinformativo.mx\/index.php\/2025\/05\/27\/sedesoq-capacita-a-cientos-de-promotores-para-fortalecer-la-cultura-de-paz-en-queretaro\/#article\",\"isPartOf\":{\"@id\":\"https:\/\/www.nexoinformativo.mx\/index.php\/2025\/05\/27\/sedesoq-capacita-a-cientos-de-promotores-para-fortalecer-la-cultura-de-paz-en-queretaro\/\"},\"author\":{\"name\":\"Nexo Informativo\",\"@id\":\"https:\/\/www.nexoinformativo.mx\/#\/schema\/person\/7749d380ba08c8ca00d7bc76fd907b7d\"},\"headline\":\"SEDESOQ capacita a cientos de promotores para fortalecer la cultura de paz en Quer\u00e9taro\",\"datePublished\":\"2025-05-27T15:00:26+00:00\",\"dateModified\":\"2025-05-27T19:09:31+00:00\",\"mainEntityOfPage\":{\"@id\":\"https:\/\/www.nexoinformativo.mx\/index.php\/2025\/05\/27\/sedesoq-capacita-a-cientos-de-promotores-para-fortalecer-la-cultura-de-paz-en-queretaro\/\"},\"wordCount\":247,\"commentCount\":0,\"publisher\":{\"@id\":\"https:\/\/www.nexoinformativo.mx\/#organization\"},\"image\":{\"@id\":\"https:\/\/www.nexoinformativo.mx\/index.php\/2025\/05\/27\/sedesoq-capacita-a-cientos-de-promotores-para-fortalecer-la-cultura-de-paz-en-queretaro\/#primaryimage\"},\"thumbnailUrl\":\"https:\/\/www.nexoinformativo.mx\/wp-content\/uploads\/2025\/05\/PHOTO-2025-05-27-12-33-23-e1748372868710.jpg\",\"keywords\":[\"CulturaDePazQro\",\"L\u00edderesComunitarios\",\"Quer\u00e9taroContigo\",\"SEDESOQ\"],\"articleSection\":[\"Estado\",\"\u00daltima Hora\"],\"inLanguage\":\"es\",\"potentialAction\":[{\"@type\":\"CommentAction\",\"name\":\"Comment\",\"target\":[\"https:\/\/www.nexoinformativo.mx\/index.php\/2025\/05\/27\/sedesoq-capacita-a-cientos-de-promotores-para-fortalecer-la-cultura-de-paz-en-queretaro\/#respond\"]}]},{\"@type\":\"WebPage\",\"@id\":\"https:\/\/www.nexoinformativo.mx\/index.php\/2025\/05\/27\/sedesoq-capacita-a-cientos-de-promotores-para-fortalecer-la-cultura-de-paz-en-queretaro\/\",\"url\":\"https:\/\/www.nexoinformativo.mx\/index.php\/2025\/05\/27\/sedesoq-capacita-a-cientos-de-promotores-para-fortalecer-la-cultura-de-paz-en-queretaro\/\",\"name\":\"SEDESOQ capacita a cientos de promotores para fortalecer la cultura de paz en Quer\u00e9taro | Nexo Informativo Santiago de Quer\u00e9taro\",\"isPartOf\":{\"@id\":\"https:\/\/www.nexoinformativo.mx\/#website\"},\"primaryImageOfPage\":{\"@id\":\"https:\/\/www.nexoinformativo.mx\/index.php\/2025\/05\/27\/sedesoq-capacita-a-cientos-de-promotores-para-fortalecer-la-cultura-de-paz-en-queretaro\/#primaryimage\"},\"image\":{\"@id\":\"https:\/\/www.nexoinformativo.mx\/index.php\/2025\/05\/27\/sedesoq-capacita-a-cientos-de-promotores-para-fortalecer-la-cultura-de-paz-en-queretaro\/#primaryimage\"},\"thumbnailUrl\":\"https:\/\/www.nexoinformativo.mx\/wp-content\/uploads\/2025\/05\/PHOTO-2025-05-27-12-33-23-e1748372868710.jpg\",\"datePublished\":\"2025-05-27T15:00:26+00:00\",\"dateModified\":\"2025-05-27T19:09:31+00:00\",\"description\":\"SEDESOQ capacita a cientos de promotores para fortalecer la cultura de paz en Quer\u00e9taro\",\"breadcrumb\":{\"@id\":\"https:\/\/www.nexoinformativo.mx\/index.php\/2025\/05\/27\/sedesoq-capacita-a-cientos-de-promotores-para-fortalecer-la-cultura-de-paz-en-queretaro\/#breadcrumb\"},\"inLanguage\":\"es\",\"potentialAction\":[{\"@type\":\"ReadAction\",\"target\":[\"https:\/\/www.nexoinformativo.mx\/index.php\/2025\/05\/27\/sedesoq-capacita-a-cientos-de-promotores-para-fortalecer-la-cultura-de-paz-en-queretaro\/\"]}]},{\"@type\":\"ImageObject\",\"inLanguage\":\"es\",\"@id\":\"https:\/\/www.nexoinformativo.mx\/index.php\/2025\/05\/27\/sedesoq-capacita-a-cientos-de-promotores-para-fortalecer-la-cultura-de-paz-en-queretaro\/#primaryimage\",\"url\":\"https:\/\/www.nexoinformativo.mx\/wp-content\/uploads\/2025\/05\/PHOTO-2025-05-27-12-33-23-e1748372868710.jpg\",\"contentUrl\":\"https:\/\/www.nexoinformativo.mx\/wp-content\/uploads\/2025\/05\/PHOTO-2025-05-27-12-33-23-e1748372868710.jpg\",\"width\":800,\"height\":533},{\"@type\":\"BreadcrumbList\",\"@id\":\"https:\/\/www.nexoinformativo.mx\/index.php\/2025\/05\/27\/sedesoq-capacita-a-cientos-de-promotores-para-fortalecer-la-cultura-de-paz-en-queretaro\/#breadcrumb\",\"itemListElement\":[{\"@type\":\"ListItem\",\"position\":1,\"name\":\"Inicio\",\"item\":\"https:\/\/www.nexoinformativo.mx\/\"},{\"@type\":\"ListItem\",\"position\":2,\"name\":\"SEDESOQ capacita a cientos de promotores para fortalecer la cultura de paz en Quer\u00e9taro\"}]},{\"@type\":\"WebSite\",\"@id\":\"https:\/\/www.nexoinformativo.mx\/#website\",\"url\":\"https:\/\/www.nexoinformativo.mx\/\",\"name\":\"Nexo Informativo Santiago de Quer\u00e9taro\",\"description\":\"Explora NexoInformativo y convi\u00e9rtete en parte de una comunidad que valora el conocimiento y la verdad. Tu nexoinformativo es tu puente hacia una comprensi\u00f3n m\u00e1s profunda del mundo que te rodea.\",\"publisher\":{\"@id\":\"https:\/\/www.nexoinformativo.mx\/#organization\"},\"potentialAction\":[{\"@type\":\"SearchAction\",\"target\":{\"@type\":\"EntryPoint\",\"urlTemplate\":\"https:\/\/www.nexoinformativo.mx\/?s={search_term_string}\"},\"query-input\":{\"@type\":\"PropertyValueSpecification\",\"valueRequired\":true,\"valueName\":\"search_term_string\"}}],\"inLanguage\":\"es\"},{\"@type\":\"Organization\",\"@id\":\"https:\/\/www.nexoinformativo.mx\/#organization\",\"name\":\"Nexo Informativo Santiago de Quer\u00e9taro\",\"url\":\"https:\/\/www.nexoinformativo.mx\/\",\"logo\":{\"@type\":\"ImageObject\",\"inLanguage\":\"es\",\"@id\":\"https:\/\/www.nexoinformativo.mx\/#\/schema\/logo\/image\/\",\"url\":\"https:\/\/www.nexoinformativo.mx\/wp-content\/uploads\/2024\/07\/nexoi-trasparente-2.png\",\"contentUrl\":\"https:\/\/www.nexoinformativo.mx\/wp-content\/uploads\/2024\/07\/nexoi-trasparente-2.png\",\"width\":816,\"height\":339,\"caption\":\"Nexo Informativo Santiago de Quer\u00e9taro\"},\"image\":{\"@id\":\"https:\/\/www.nexoinformativo.mx\/#\/schema\/logo\/image\/\"},\"sameAs\":[\"https:\/\/www.facebook.com\/people\/Nexo-Informativo\/61564066885511\/\"]},{\"@type\":\"Person\",\"@id\":\"https:\/\/www.nexoinformativo.mx\/#\/schema\/person\/7749d380ba08c8ca00d7bc76fd907b7d\",\"name\":\"Nexo Informativo\",\"image\":{\"@type\":\"ImageObject\",\"inLanguage\":\"es\",\"@id\":\"https:\/\/www.nexoinformativo.mx\/#\/schema\/person\/image\/\",\"url\":\"https:\/\/secure.gravatar.com\/avatar\/dde2928154642a13d95f87ddf1ea9718fe2b46760a005c53e41ff5ad610704e6?s=96&d=mm&r=g\",\"contentUrl\":\"https:\/\/secure.gravatar.com\/avatar\/dde2928154642a13d95f87ddf1ea9718fe2b46760a005c53e41ff5ad610704e6?s=96&d=mm&r=g\",\"caption\":\"Nexo Informativo\"},\"url\":\"https:\/\/www.nexoinformativo.mx\/index.php\/author\/edicion\/\"}]}<\/script>\n<!-- \/ Yoast SEO plugin. -->","yoast_head_json":{"title":"SEDESOQ capacita a cientos de promotores para fortalecer la cultura de paz en Quer\u00e9taro | Nexo Informativo Santiago de Quer\u00e9taro","description":"SEDESOQ capacita a cientos de promotores para fortalecer la cultura de paz en Quer\u00e9taro","robots":{"index":"index","follow":"follow","max-snippet":"max-snippet:-1","max-image-preview":"max-image-preview:large","max-video-preview":"max-video-preview:-1"},"canonical":"https:\/\/www.nexoinformativo.mx\/index.php\/2025\/05\/27\/sedesoq-capacita-a-cientos-de-promotores-para-fortalecer-la-cultura-de-paz-en-queretaro\/","og_locale":"es_MX","og_type":"article","og_title":"SEDESOQ capacita a cientos de promotores para fortalecer la cultura de paz en Quer\u00e9taro | Nexo Informativo Santiago de Quer\u00e9taro","og_description":"SEDESOQ capacita a cientos de promotores para fortalecer la cultura de paz en Quer\u00e9taro","og_url":"https:\/\/www.nexoinformativo.mx\/index.php\/2025\/05\/27\/sedesoq-capacita-a-cientos-de-promotores-para-fortalecer-la-cultura-de-paz-en-queretaro\/","og_site_name":"Nexo Informativo Santiago de Quer\u00e9taro","article_publisher":"https:\/\/www.facebook.com\/people\/Nexo-Informativo\/61564066885511\/","article_published_time":"2025-05-27T15:00:26+00:00","article_modified_time":"2025-05-27T19:09:31+00:00","og_image":[{"width":800,"height":533,"url":"https:\/\/www.nexoinformativo.mx\/wp-content\/uploads\/2025\/05\/PHOTO-2025-05-27-12-33-23-e1748372868710.jpg","type":"image\/jpeg"}],"author":"Nexo Informativo","twitter_card":"summary_large_image","twitter_misc":{"Escrito por":"Nexo Informativo","Tiempo de lectura":"2 minutos"},"schema":{"@context":"https:\/\/schema.org","@graph":[{"@type":"Article","@id":"https:\/\/www.nexoinformativo.mx\/index.php\/2025\/05\/27\/sedesoq-capacita-a-cientos-de-promotores-para-fortalecer-la-cultura-de-paz-en-queretaro\/#article","isPartOf":{"@id":"https:\/\/www.nexoinformativo.mx\/index.php\/2025\/05\/27\/sedesoq-capacita-a-cientos-de-promotores-para-fortalecer-la-cultura-de-paz-en-queretaro\/"},"author":{"name":"Nexo Informativo","@id":"https:\/\/www.nexoinformativo.mx\/#\/schema\/person\/7749d380ba08c8ca00d7bc76fd907b7d"},"headline":"SEDESOQ capacita a cientos de promotores para fortalecer la cultura de paz en Quer\u00e9taro","datePublished":"2025-05-27T15:00:26+00:00","dateModified":"2025-05-27T19:09:31+00:00","mainEntityOfPage":{"@id":"https:\/\/www.nexoinformativo.mx\/index.php\/2025\/05\/27\/sedesoq-capacita-a-cientos-de-promotores-para-fortalecer-la-cultura-de-paz-en-queretaro\/"},"wordCount":247,"commentCount":0,"publisher":{"@id":"https:\/\/www.nexoinformativo.mx\/#organization"},"image":{"@id":"https:\/\/www.nexoinformativo.mx\/index.php\/2025\/05\/27\/sedesoq-capacita-a-cientos-de-promotores-para-fortalecer-la-cultura-de-paz-en-queretaro\/#primaryimage"},"thumbnailUrl":"https:\/\/www.nexoinformativo.mx\/wp-content\/uploads\/2025\/05\/PHOTO-2025-05-27-12-33-23-e1748372868710.jpg","keywords":["CulturaDePazQro","L\u00edderesComunitarios","Quer\u00e9taroContigo","SEDESOQ"],"articleSection":["Estado","\u00daltima Hora"],"inLanguage":"es","potentialAction":[{"@type":"CommentAction","name":"Comment","target":["https:\/\/www.nexoinformativo.mx\/index.php\/2025\/05\/27\/sedesoq-capacita-a-cientos-de-promotores-para-fortalecer-la-cultura-de-paz-en-queretaro\/#respond"]}]},{"@type":"WebPage","@id":"https:\/\/www.nexoinformativo.mx\/index.php\/2025\/05\/27\/sedesoq-capacita-a-cientos-de-promotores-para-fortalecer-la-cultura-de-paz-en-queretaro\/","url":"https:\/\/www.nexoinformativo.mx\/index.php\/2025\/05\/27\/sedesoq-capacita-a-cientos-de-promotores-para-fortalecer-la-cultura-de-paz-en-queretaro\/","name":"SEDESOQ capacita a cientos de promotores para fortalecer la cultura de paz en Quer\u00e9taro | Nexo Informativo Santiago de Quer\u00e9taro","isPartOf":{"@id":"https:\/\/www.nexoinformativo.mx\/#website"},"primaryImageOfPage":{"@id":"https:\/\/www.nexoinformativo.mx\/index.php\/2025\/05\/27\/sedesoq-capacita-a-cientos-de-promotores-para-fortalecer-la-cultura-de-paz-en-queretaro\/#primaryimage"},"image":{"@id":"https:\/\/www.nexoinformativo.mx\/index.php\/2025\/05\/27\/sedesoq-capacita-a-cientos-de-promotores-para-fortalecer-la-cultura-de-paz-en-queretaro\/#primaryimage"},"thumbnailUrl":"https:\/\/www.nexoinformativo.mx\/wp-content\/uploads\/2025\/05\/PHOTO-2025-05-27-12-33-23-e1748372868710.jpg","datePublished":"2025-05-27T15:00:26+00:00","dateModified":"2025-05-27T19:09:31+00:00","description":"SEDESOQ capacita a cientos de promotores para fortalecer la cultura de paz en Quer\u00e9taro","breadcrumb":{"@id":"https:\/\/www.nexoinformativo.mx\/index.php\/2025\/05\/27\/sedesoq-capacita-a-cientos-de-promotores-para-fortalecer-la-cultura-de-paz-en-queretaro\/#breadcrumb"},"inLanguage":"es","potentialAction":[{"@type":"ReadAction","target":["https:\/\/www.nexoinformativo.mx\/index.php\/2025\/05\/27\/sedesoq-capacita-a-cientos-de-promotores-para-fortalecer-la-cultura-de-paz-en-queretaro\/"]}]},{"@type":"ImageObject","inLanguage":"es","@id":"https:\/\/www.nexoinformativo.mx\/index.php\/2025\/05\/27\/sedesoq-capacita-a-cientos-de-promotores-para-fortalecer-la-cultura-de-paz-en-queretaro\/#primaryimage","url":"https:\/\/www.nexoinformativo.mx\/wp-content\/uploads\/2025\/05\/PHOTO-2025-05-27-12-33-23-e1748372868710.jpg","contentUrl":"https:\/\/www.nexoinformativo.mx\/wp-content\/uploads\/2025\/05\/PHOTO-2025-05-27-12-33-23-e1748372868710.jpg","width":800,"height":533},{"@type":"BreadcrumbList","@id":"https:\/\/www.nexoinformativo.mx\/index.php\/2025\/05\/27\/sedesoq-capacita-a-cientos-de-promotores-para-fortalecer-la-cultura-de-paz-en-queretaro\/#breadcrumb","itemListElement":[{"@type":"ListItem","position":1,"name":"Inicio","item":"https:\/\/www.nexoinformativo.mx\/"},{"@type":"ListItem","position":2,"name":"SEDESOQ capacita a cientos de promotores para fortalecer la cultura de paz en Quer\u00e9taro"}]},{"@type":"WebSite","@id":"https:\/\/www.nexoinformativo.mx\/#website","url":"https:\/\/www.nexoinformativo.mx\/","name":"Nexo Informativo Santiago de Quer\u00e9taro","description":"Explora NexoInformativo y convi\u00e9rtete en parte de una comunidad que valora el conocimiento y la verdad. Tu nexoinformativo es tu puente hacia una comprensi\u00f3n m\u00e1s profunda del mundo que te rodea.","publisher":{"@id":"https:\/\/www.nexoinformativo.mx\/#organization"},"potentialAction":[{"@type":"SearchAction","target":{"@type":"EntryPoint","urlTemplate":"https:\/\/www.nexoinformativo.mx\/?s={search_term_string}"},"query-input":{"@type":"PropertyValueSpecification","valueRequired":true,"valueName":"search_term_string"}}],"inLanguage":"es"},{"@type":"Organization","@id":"https:\/\/www.nexoinformativo.mx\/#organization","name":"Nexo Informativo Santiago de Quer\u00e9taro","url":"https:\/\/www.nexoinformativo.mx\/","logo":{"@type":"ImageObject","inLanguage":"es","@id":"https:\/\/www.nexoinformativo.mx\/#\/schema\/logo\/image\/","url":"https:\/\/www.nexoinformativo.mx\/wp-content\/uploads\/2024\/07\/nexoi-trasparente-2.png","contentUrl":"https:\/\/www.nexoinformativo.mx\/wp-content\/uploads\/2024\/07\/nexoi-trasparente-2.png","width":816,"height":339,"caption":"Nexo Informativo Santiago de Quer\u00e9taro"},"image":{"@id":"https:\/\/www.nexoinformativo.mx\/#\/schema\/logo\/image\/"},"sameAs":["https:\/\/www.facebook.com\/people\/Nexo-Informativo\/61564066885511\/"]},{"@type":"Person","@id":"https:\/\/www.nexoinformativo.mx\/#\/schema\/person\/7749d380ba08c8ca00d7bc76fd907b7d","name":"Nexo Informativo","image":{"@type":"ImageObject","inLanguage":"es","@id":"https:\/\/www.nexoinformativo.mx\/#\/schema\/person\/image\/","url":"https:\/\/secure.gravatar.com\/avatar\/dde2928154642a13d95f87ddf1ea9718fe2b46760a005c53e41ff5ad610704e6?s=96&d=mm&r=g","contentUrl":"https:\/\/secure.gravatar.com\/avatar\/dde2928154642a13d95f87ddf1ea9718fe2b46760a005c53e41ff5ad610704e6?s=96&d=mm&r=g","caption":"Nexo Informativo"},"url":"https:\/\/www.nexoinformativo.mx\/index.php\/author\/edicion\/"}]}},"_links":{"self":[{"href":"https:\/\/www.nexoinformativo.mx\/index.php\/wp-json\/wp\/v2\/posts\/15318","targetHints":{"allow":["GET"]}}],"collection":[{"href":"https:\/\/www.nexoinformativo.mx\/index.php\/wp-json\/wp\/v2\/posts"}],"about":[{"href":"https:\/\/www.nexoinformativo.mx\/index.php\/wp-json\/wp\/v2\/types\/post"}],"author":[{"embeddable":true,"href":"https:\/\/www.nexoinformativo.mx\/index.php\/wp-json\/wp\/v2\/users\/3"}],"replies":[{"embeddable":true,"href":"https:\/\/www.nexoinformativo.mx\/index.php\/wp-json\/wp\/v2\/comments?post=15318"}],"version-history":[{"count":4,"href":"https:\/\/www.nexoinformativo.mx\/index.php\/wp-json\/wp\/v2\/posts\/15318\/revisions"}],"predecessor-version":[{"id":15323,"href":"https:\/\/www.nexoinformativo.mx\/index.php\/wp-json\/wp\/v2\/posts\/15318\/revisions\/15323"}],"wp:featuredmedia":[{"embeddable":true,"href":"https:\/\/www.nexoinformativo.mx\/index.php\/wp-json\/wp\/v2\/media\/15319"}],"wp:attachment":[{"href":"https:\/\/www.nexoinformativo.mx\/index.php\/wp-json\/wp\/v2\/media?parent=15318"}],"wp:term":[{"taxonomy":"category","embeddable":true,"href":"https:\/\/www.nexoinformativo.mx\/index.php\/wp-json\/wp\/v2\/categories?post=15318"},{"taxonomy":"post_tag","embeddable":true,"href":"https:\/\/www.nexoinformativo.mx\/index.php\/wp-json\/wp\/v2\/tags?post=15318"}],"curies":[{"name":"wp","href":"https:\/\/api.w.org\/{rel}","templated":true}]}}